{"id":39839,"date":"2021-05-20T13:17:08","date_gmt":"2021-05-20T17:17:08","guid":{"rendered":"https:\/\/dev.explora.cl\/rios\/?p=39839"},"modified":"2024-10-27T04:57:46","modified_gmt":"2024-10-27T07:57:46","slug":"pipe2021","status":"publish","type":"post","link":"https:\/\/dev.explora.cl\/rios\/pipe2021\/","title":{"rendered":"Programa de Indagaci\u00f3n para Primeras Edades 2021"},"content":{"rendered":"<p>[vc_row][vc_column width=&#8221;2\/3&#8243;][vc_column_text]Te invitamos a ser parte del Programa de Indagaci\u00f3n para Primeras Edades, una iniciativa dirigida a educadoras\/es de p\u00e1rvulos, t\u00e9cnicos en educaci\u00f3n parvularia, ni\u00f1as y ni\u00f1os de 3 a 6 a\u00f1os de edad. Los objetivos de PIPE son fortalecer las competencias cient\u00edficas de los equipos pedag\u00f3gicos de Educaci\u00f3n Parvularia y desarrollar en ni\u00f1os y ni\u00f1as las competencias necesarias para que conozcan y comprendan el mundo que los rodea.<\/p>\n<p>El programa se basa en un Modelo de Competencias, que busca desarrollar y entregar a ni\u00f1os y ni\u00f1as habilidades, conocimientos y actitudes cient\u00edficas.<\/p>\n<p style=\"text-align: center\"><strong>Cierre de Postulaciones:<\/strong> lunes 14 de junio de 2021.<\/p>\n<p>\u00a1Apoya el aprendizaje temprano y ahorra en grande con 20minutos Descuentos! Encuentra en el sitio l\u00edder de Espa\u00f1a los mejores descuentos y c\u00f3digos promocionales actualizados para productos y servicios educativos. Desde materiales did\u00e1cticos hasta herramientas de aprendizaje, <a href=\"https:\/\/www.20minutos.es\/codigo-descuento\/\">aqu\u00ed<\/a> tienes todo lo necesario para el desarrollo de los m\u00e1s peque\u00f1os. Haz clic aqu\u00ed y descubre c\u00f3mo ahorrar mientras inviertes en su educaci\u00f3n. \u00a1Cada cup\u00f3n es verificado para ofrecerte el m\u00e1ximo valor![\/vc_column_text][vc_row_inner][vc_column_inner][vc_btn title=&#8221;Descargar Bases&#8221; style=&#8221;custom&#8221; custom_background=&#8221;#dd8d16&#8243; custom_text=&#8221;#ffffff&#8221; align=&#8221;center&#8221; i_icon_fontawesome=&#8221;fa fa-file-pdf-o&#8221; css_animation=&#8221;top-to-bottom&#8221; link=&#8221;url:https%3A%2F%2Fdev.explora.cl%2Frios%2Fwp-content%2Fuploads%2Fsites%2F16%2F2021%2F05%2FPIPE_Bases-2021.pdf|||&#8221; button_block=&#8221;true&#8221; add_icon=&#8221;true&#8221;][vc_btn title=&#8221;Descargar Carta&#8221; color=&#8221;orange&#8221; size=&#8221;sm&#8221; align=&#8221;center&#8221; link=&#8221;url:https%3A%2F%2Fdev.explora.cl%2Frios%2Fwp-content%2Fuploads%2Fsites%2F16%2F2021%2F05%2FPIPE_Carta-Compromiso-2021.doc|||&#8221;][\/vc_column_inner][\/vc_row_inner][\/vc_column][vc_column width=&#8221;1\/3&#8243;][vc_cta h2=&#8221;Sistema de Postulaci\u00f3n&#8221; add_button=&#8221;bottom&#8221; btn_title=&#8221;POSTULAR&#8221; btn_style=&#8221;custom&#8221; btn_custom_background=&#8221;#dd8706&#8243; btn_custom_text=&#8221;#ffffff&#8221; btn_custom_onclick=&#8221;true&#8221; btn_link=&#8221;url:https%3A%2F%2Fform.jotform.com%2F211385841776060|||&#8221;]Antes de entrar al sistema recuerde revisar las bases del programa, tener todos los datos requeridos y los documentos solicitados.[\/vc_cta][\/vc_column][\/vc_row][vc_row][vc_column][vc_column_text css=&#8221;.vc_custom_1621529599216{margin-top: 10px !important;margin-right: 10px !important;margin-bottom: 10px !important;margin-left: 10px !important;padding-top: 10px !important;padding-right: 10px !important;padding-bottom: 1px !important;padding-left: 10px !important;background-color: #dd6113 !important;border-radius: 5px !important;}&#8221;]<\/p>\n<p style=\"text-align: center\"><span style=\"color: #ffffff\"><strong>\u00bfConsultas o dudas? Escriba a <a style=\"color: #ffffff\" href=\"mailto:preescolarexplorarios@uach.cl\">preescolarexplorarios@uach.cl<\/a><\/strong><\/span><\/p>\n<p>[\/vc_column_text][vc_video link=&#8221;https:\/\/www.youtube.com\/watch?v=3DwNbwqVSVE&#8221; align=&#8221;center&#8221;][vc_empty_space][vc_custom_heading text=&#8221;Preguntas Frecuentes&#8221;][\/vc_column][\/vc_row][vc_row][vc_column width=&#8221;1\/3&#8243;][vc_column_text]<strong>\u00bfSolo aceptan postulaciones de la Regi\u00f3n de Los R\u00edos?<\/strong><\/p>\n<p>SI, solo establecimientos ubicados en la Regi\u00f3n de Los R\u00edos pueden postular. Si pertenece a otra regi\u00f3n revise el sitio Explora correspondiente en el men\u00fa superior.[\/vc_column_text][\/vc_column][vc_column width=&#8221;1\/3&#8243;][vc_column_text]<strong>\u00bfSolo pueden postular educadoras\/es de p\u00e1rvulos?<\/strong><\/p>\n<p>Pueden postular educadores\/as y\/o t\u00e9cnicos\/as de p\u00e1rvulos seleccionados\/as por el equipo directivo y\/o t\u00e9cnico que est\u00e9n interesados y motivados.[\/vc_column_text][\/vc_column][vc_column width=&#8221;1\/3&#8243;][vc_column_text]<strong>\u00bfDebo pagar?<\/strong><\/p>\n<p>NO. La actividad, al igual que todas las iniciativas del Proyecto Explora Los R\u00edos son gratuitas.[\/vc_column_text][\/vc_column][\/vc_row][vc_row][vc_column width=&#8221;1\/3&#8243;][vc_column_text]<strong>\u00bfQu\u00e9 establecimientos pueden postular?<\/strong><\/p>\n<p>ESTABLECIMIENTOS MUNICIPALES, PARTICULARES SUBVENCIONADOS y JARDINES INFANTILES de dependencias JUNJI, INTEGRA o VTF, que impartan <u>Educaci\u00f3n Parvularia<\/u> y que cuentan con: el reconocimiento directo del Ministerio de Educaci\u00f3n (MINEDUC), el empadronamiento de la Junta de Jardines Infantiles (JUNJI) o se encuentren inscritos en los registros de la Fundaci\u00f3n INTEGRA del pa\u00eds.[\/vc_column_text][\/vc_column][vc_column width=&#8221;1\/3&#8243;][vc_column_text]<strong>\u00bfQu\u00e9 documentos debo subir al sistema?<\/strong><\/p>\n<p><strong>Adjuntar carta de compromiso <\/strong>formal de la direcci\u00f3n del establecimiento para la implementaci\u00f3n de la iniciativa, firmada por el director\/a del establecimiento educacional y el educador\/a o t\u00e9cnico\/a postulante. Y <strong>copia del t\u00edtulo profesional<\/strong> y\/o t\u00e9cnico del educador\/a o t\u00e9cnico\/a de p\u00e1rvulos.[\/vc_column_text][\/vc_column][vc_column width=&#8221;1\/3&#8243;][vc_column_text]<strong>\u00bfC\u00f3mo se eval\u00faan las postulaciones?<\/strong><\/p>\n<p>Existen 3 criterios de evaluaci\u00f3n: dependencia del establecimiento educacional (30%), \u00e1rea geogr\u00e1fica del establecimiento educacional (20%) e \u00cdndice de vulnerabilidad (50%). Para m\u00e1s detalles de puntajes revisa las Bases de Postulaci\u00f3n (p\u00e1gina 6).[\/vc_column_text][\/vc_column][\/vc_row][vc_row][vc_column width=&#8221;1\/3&#8243;][vc_column_text]<strong>\u00bfQu\u00e9 documentos necesito?<\/strong><\/p>\n<p>En el Sistema de Postulaci\u00f3n se solicitaran los archivos Carta de Compromiso, que puede descargarse en esta p\u00e1gina y debe rellenarse con los datos requeridos y el Certificado de T\u00edtulo del\/la postulante.[\/vc_column_text][\/vc_column][vc_column width=&#8221;1\/3&#8243;][\/vc_column][vc_column width=&#8221;1\/3&#8243;][\/vc_column][\/vc_row]<\/p>\n","protected":false},"excerpt":{"rendered":"<p>Te invitamos a ser parte del Programa de Indagaci\u00f3n para Primeras Edades, una iniciativa dirigida a educadoras\/es de p\u00e1rvulos, t\u00e9cnicos en educaci\u00f3n parvularia, ni\u00f1as y ni\u00f1os de 3 a 6 a\u00f1os de edad.<\/p>\n","protected":false},"author":31,"featured_media":39841,"comment_status":"open","ping_status":"open","sticky":false,"template":"","format":"standard","meta":{"_acf_changed":false,"_exactmetrics_skip_tracking":false,"_exactmetrics_sitenote_active":false,"_exactmetrics_sitenote_note":"","_exactmetrics_sitenote_category":0,"footnotes":"","_links_to":"","_links_to_target":""},"categories":[151,116],"tags":[235,277,243,303],"class_list":["post-39839","post","type-post","status-publish","format-standard","has-post-thumbnail","hentry","category-banner","category-para-comunidad-escolar","tag-capacitacion","tag-educacion-inicial","tag-postulaciones","tag-preescolar"],"acf":[],"yoast_head":"<!-- This site is optimized with the Yoast SEO plugin v26.7 - https:\/\/yoast.com\/wordpress\/plugins\/seo\/ -->\n<title>Programa de Indagaci\u00f3n para Primeras Edades 2021 - Los R\u00edos<\/title>\n<meta name=\"robots\" content=\"index, follow, max-snippet:-1, max-image-preview:large, max-video-preview:-1\" \/>\n<link rel=\"canonical\" href=\"https:\/\/dev.explora.cl\/rios\/pipe2021\/\" class=\"yoast-seo-meta-tag\" \/>\n<meta property=\"og:locale\" content=\"es_ES\" class=\"yoast-seo-meta-tag\" \/>\n<meta property=\"og:type\" content=\"article\" class=\"yoast-seo-meta-tag\" \/>\n<meta property=\"og:title\" content=\"Programa de Indagaci\u00f3n para Primeras Edades 2021 - Los R\u00edos\" class=\"yoast-seo-meta-tag\" \/>\n<meta property=\"og:description\" content=\"Te invitamos a ser parte del Programa de Indagaci\u00f3n para Primeras Edades, una iniciativa dirigida a educadoras\/es de p\u00e1rvulos, t\u00e9cnicos en educaci\u00f3n parvularia, ni\u00f1as y ni\u00f1os de 3 a 6 a\u00f1os de edad.\" class=\"yoast-seo-meta-tag\" \/>\n<meta property=\"og:url\" content=\"https:\/\/dev.explora.cl\/rios\/pipe2021\/\" class=\"yoast-seo-meta-tag\" \/>\n<meta property=\"og:site_name\" content=\"Los R\u00edos\" class=\"yoast-seo-meta-tag\" \/>\n<meta property=\"article:published_time\" content=\"2021-05-20T17:17:08+00:00\" class=\"yoast-seo-meta-tag\" \/>\n<meta property=\"article:modified_time\" content=\"2024-10-27T07:57:46+00:00\" class=\"yoast-seo-meta-tag\" \/>\n<meta property=\"og:image\" content=\"https:\/\/dev.explora.cl\/rios\/wp-content\/uploads\/sites\/16\/2021\/05\/Copia-de-pipe-twitter.png\" class=\"yoast-seo-meta-tag\" \/>\n\t<meta property=\"og:image:width\" content=\"725\" class=\"yoast-seo-meta-tag\" \/>\n\t<meta property=\"og:image:height\" content=\"357\" class=\"yoast-seo-meta-tag\" \/>\n\t<meta property=\"og:image:type\" content=\"image\/png\" class=\"yoast-seo-meta-tag\" \/>\n<meta name=\"author\" content=\"smancilla\" class=\"yoast-seo-meta-tag\" \/>\n<meta name=\"twitter:card\" content=\"summary_large_image\" class=\"yoast-seo-meta-tag\" \/>\n<meta name=\"twitter:label1\" content=\"Escrito por\" class=\"yoast-seo-meta-tag\" \/>\n\t<meta name=\"twitter:data1\" content=\"smancilla\" class=\"yoast-seo-meta-tag\" \/>\n\t<meta name=\"twitter:label2\" content=\"Tiempo estimado de lectura\" class=\"yoast-seo-meta-tag\" \/>\n\t<meta name=\"twitter:data2\" content=\"4 minutos\" class=\"yoast-seo-meta-tag\" \/>\n<script type=\"application\/ld+json\" class=\"yoast-schema-graph\">{\"@context\":\"https:\/\/schema.org\",\"@graph\":[{\"@type\":\"Article\",\"@id\":\"https:\/\/dev.explora.cl\/rios\/pipe2021\/#article\",\"isPartOf\":{\"@id\":\"https:\/\/dev.explora.cl\/rios\/pipe2021\/\"},\"author\":{\"name\":\"smancilla\",\"@id\":\"https:\/\/dev.explora.cl\/rios\/#\/schema\/person\/279896208736d277e75690dde6cc1ea9\"},\"headline\":\"Programa de Indagaci\u00f3n para Primeras Edades 2021\",\"datePublished\":\"2021-05-20T17:17:08+00:00\",\"dateModified\":\"2024-10-27T07:57:46+00:00\",\"mainEntityOfPage\":{\"@id\":\"https:\/\/dev.explora.cl\/rios\/pipe2021\/\"},\"wordCount\":837,\"commentCount\":0,\"image\":{\"@id\":\"https:\/\/dev.explora.cl\/rios\/pipe2021\/#primaryimage\"},\"thumbnailUrl\":\"https:\/\/dev.explora.cl\/rios\/wp-content\/uploads\/sites\/16\/2021\/05\/Copia-de-pipe-twitter.png\",\"keywords\":[\"capacitaci\u00f3n\",\"educaci\u00f3n inicial\",\"Postulaciones\",\"preescolar\"],\"articleSection\":[\"Banner\",\"Para Comunidad Escolar\"],\"inLanguage\":\"es-CL\",\"potentialAction\":[{\"@type\":\"CommentAction\",\"name\":\"Comment\",\"target\":[\"https:\/\/dev.explora.cl\/rios\/pipe2021\/#respond\"]}]},{\"@type\":\"WebPage\",\"@id\":\"https:\/\/dev.explora.cl\/rios\/pipe2021\/\",\"url\":\"https:\/\/dev.explora.cl\/rios\/pipe2021\/\",\"name\":\"Programa de Indagaci\u00f3n para Primeras Edades 2021 - Los R\u00edos\",\"isPartOf\":{\"@id\":\"https:\/\/dev.explora.cl\/rios\/#website\"},\"primaryImageOfPage\":{\"@id\":\"https:\/\/dev.explora.cl\/rios\/pipe2021\/#primaryimage\"},\"image\":{\"@id\":\"https:\/\/dev.explora.cl\/rios\/pipe2021\/#primaryimage\"},\"thumbnailUrl\":\"https:\/\/dev.explora.cl\/rios\/wp-content\/uploads\/sites\/16\/2021\/05\/Copia-de-pipe-twitter.png\",\"datePublished\":\"2021-05-20T17:17:08+00:00\",\"dateModified\":\"2024-10-27T07:57:46+00:00\",\"author\":{\"@id\":\"https:\/\/dev.explora.cl\/rios\/#\/schema\/person\/279896208736d277e75690dde6cc1ea9\"},\"breadcrumb\":{\"@id\":\"https:\/\/dev.explora.cl\/rios\/pipe2021\/#breadcrumb\"},\"inLanguage\":\"es-CL\",\"potentialAction\":[{\"@type\":\"ReadAction\",\"target\":[\"https:\/\/dev.explora.cl\/rios\/pipe2021\/\"]}]},{\"@type\":\"ImageObject\",\"inLanguage\":\"es-CL\",\"@id\":\"https:\/\/dev.explora.cl\/rios\/pipe2021\/#primaryimage\",\"url\":\"https:\/\/dev.explora.cl\/rios\/wp-content\/uploads\/sites\/16\/2021\/05\/Copia-de-pipe-twitter.png\",\"contentUrl\":\"https:\/\/dev.explora.cl\/rios\/wp-content\/uploads\/sites\/16\/2021\/05\/Copia-de-pipe-twitter.png\",\"width\":725,\"height\":357},{\"@type\":\"BreadcrumbList\",\"@id\":\"https:\/\/dev.explora.cl\/rios\/pipe2021\/#breadcrumb\",\"itemListElement\":[{\"@type\":\"ListItem\",\"position\":1,\"name\":\"Portada\",\"item\":\"https:\/\/dev.explora.cl\/rios\/\"},{\"@type\":\"ListItem\",\"position\":2,\"name\":\"Programa de Indagaci\u00f3n para Primeras Edades 2021\"}]},{\"@type\":\"WebSite\",\"@id\":\"https:\/\/dev.explora.cl\/rios\/#website\",\"url\":\"https:\/\/dev.explora.cl\/rios\/\",\"name\":\"Los R\u00edos\",\"description\":\"Otro sitio m\u00e1s de dev.explora.cl\",\"potentialAction\":[{\"@type\":\"SearchAction\",\"target\":{\"@type\":\"EntryPoint\",\"urlTemplate\":\"https:\/\/dev.explora.cl\/rios\/?s={search_term_string}\"},\"query-input\":{\"@type\":\"PropertyValueSpecification\",\"valueRequired\":true,\"valueName\":\"search_term_string\"}}],\"inLanguage\":\"es-CL\"},{\"@type\":\"Person\",\"@id\":\"https:\/\/dev.explora.cl\/rios\/#\/schema\/person\/279896208736d277e75690dde6cc1ea9\",\"name\":\"smancilla\",\"image\":{\"@type\":\"ImageObject\",\"inLanguage\":\"es-CL\",\"@id\":\"https:\/\/dev.explora.cl\/rios\/#\/schema\/person\/image\/\",\"url\":\"https:\/\/secure.gravatar.com\/avatar\/a1c7f8b1dd453e8facadec2bf18354190c777b5556feaaadfa0f6a129ab9b015?s=96&d=mm&r=g\",\"contentUrl\":\"https:\/\/secure.gravatar.com\/avatar\/a1c7f8b1dd453e8facadec2bf18354190c777b5556feaaadfa0f6a129ab9b015?s=96&d=mm&r=g\",\"caption\":\"smancilla\"},\"url\":\"https:\/\/dev.explora.cl\/rios\/author\/smancilla\/\"}]}<\/script>\n<!-- \/ Yoast SEO plugin. -->","yoast_head_json":{"title":"Programa de Indagaci\u00f3n para Primeras Edades 2021 - Los R\u00edos","robots":{"index":"index","follow":"follow","max-snippet":"max-snippet:-1","max-image-preview":"max-image-preview:large","max-video-preview":"max-video-preview:-1"},"canonical":"https:\/\/dev.explora.cl\/rios\/pipe2021\/","og_locale":"es_ES","og_type":"article","og_title":"Programa de Indagaci\u00f3n para Primeras Edades 2021 - Los R\u00edos","og_description":"Te invitamos a ser parte del Programa de Indagaci\u00f3n para Primeras Edades, una iniciativa dirigida a educadoras\/es de p\u00e1rvulos, t\u00e9cnicos en educaci\u00f3n parvularia, ni\u00f1as y ni\u00f1os de 3 a 6 a\u00f1os de edad.","og_url":"https:\/\/dev.explora.cl\/rios\/pipe2021\/","og_site_name":"Los R\u00edos","article_published_time":"2021-05-20T17:17:08+00:00","article_modified_time":"2024-10-27T07:57:46+00:00","og_image":[{"width":725,"height":357,"url":"https:\/\/dev.explora.cl\/rios\/wp-content\/uploads\/sites\/16\/2021\/05\/Copia-de-pipe-twitter.png","type":"image\/png"}],"author":"smancilla","twitter_card":"summary_large_image","twitter_misc":{"Escrito por":"smancilla","Tiempo estimado de lectura":"4 minutos"},"schema":{"@context":"https:\/\/schema.org","@graph":[{"@type":"Article","@id":"https:\/\/dev.explora.cl\/rios\/pipe2021\/#article","isPartOf":{"@id":"https:\/\/dev.explora.cl\/rios\/pipe2021\/"},"author":{"name":"smancilla","@id":"https:\/\/dev.explora.cl\/rios\/#\/schema\/person\/279896208736d277e75690dde6cc1ea9"},"headline":"Programa de Indagaci\u00f3n para Primeras Edades 2021","datePublished":"2021-05-20T17:17:08+00:00","dateModified":"2024-10-27T07:57:46+00:00","mainEntityOfPage":{"@id":"https:\/\/dev.explora.cl\/rios\/pipe2021\/"},"wordCount":837,"commentCount":0,"image":{"@id":"https:\/\/dev.explora.cl\/rios\/pipe2021\/#primaryimage"},"thumbnailUrl":"https:\/\/dev.explora.cl\/rios\/wp-content\/uploads\/sites\/16\/2021\/05\/Copia-de-pipe-twitter.png","keywords":["capacitaci\u00f3n","educaci\u00f3n inicial","Postulaciones","preescolar"],"articleSection":["Banner","Para Comunidad Escolar"],"inLanguage":"es-CL","potentialAction":[{"@type":"CommentAction","name":"Comment","target":["https:\/\/dev.explora.cl\/rios\/pipe2021\/#respond"]}]},{"@type":"WebPage","@id":"https:\/\/dev.explora.cl\/rios\/pipe2021\/","url":"https:\/\/dev.explora.cl\/rios\/pipe2021\/","name":"Programa de Indagaci\u00f3n para Primeras Edades 2021 - Los R\u00edos","isPartOf":{"@id":"https:\/\/dev.explora.cl\/rios\/#website"},"primaryImageOfPage":{"@id":"https:\/\/dev.explora.cl\/rios\/pipe2021\/#primaryimage"},"image":{"@id":"https:\/\/dev.explora.cl\/rios\/pipe2021\/#primaryimage"},"thumbnailUrl":"https:\/\/dev.explora.cl\/rios\/wp-content\/uploads\/sites\/16\/2021\/05\/Copia-de-pipe-twitter.png","datePublished":"2021-05-20T17:17:08+00:00","dateModified":"2024-10-27T07:57:46+00:00","author":{"@id":"https:\/\/dev.explora.cl\/rios\/#\/schema\/person\/279896208736d277e75690dde6cc1ea9"},"breadcrumb":{"@id":"https:\/\/dev.explora.cl\/rios\/pipe2021\/#breadcrumb"},"inLanguage":"es-CL","potentialAction":[{"@type":"ReadAction","target":["https:\/\/dev.explora.cl\/rios\/pipe2021\/"]}]},{"@type":"ImageObject","inLanguage":"es-CL","@id":"https:\/\/dev.explora.cl\/rios\/pipe2021\/#primaryimage","url":"https:\/\/dev.explora.cl\/rios\/wp-content\/uploads\/sites\/16\/2021\/05\/Copia-de-pipe-twitter.png","contentUrl":"https:\/\/dev.explora.cl\/rios\/wp-content\/uploads\/sites\/16\/2021\/05\/Copia-de-pipe-twitter.png","width":725,"height":357},{"@type":"BreadcrumbList","@id":"https:\/\/dev.explora.cl\/rios\/pipe2021\/#breadcrumb","itemListElement":[{"@type":"ListItem","position":1,"name":"Portada","item":"https:\/\/dev.explora.cl\/rios\/"},{"@type":"ListItem","position":2,"name":"Programa de Indagaci\u00f3n para Primeras Edades 2021"}]},{"@type":"WebSite","@id":"https:\/\/dev.explora.cl\/rios\/#website","url":"https:\/\/dev.explora.cl\/rios\/","name":"Los R\u00edos","description":"Otro sitio m\u00e1s de dev.explora.cl","potentialAction":[{"@type":"SearchAction","target":{"@type":"EntryPoint","urlTemplate":"https:\/\/dev.explora.cl\/rios\/?s={search_term_string}"},"query-input":{"@type":"PropertyValueSpecification","valueRequired":true,"valueName":"search_term_string"}}],"inLanguage":"es-CL"},{"@type":"Person","@id":"https:\/\/dev.explora.cl\/rios\/#\/schema\/person\/279896208736d277e75690dde6cc1ea9","name":"smancilla","image":{"@type":"ImageObject","inLanguage":"es-CL","@id":"https:\/\/dev.explora.cl\/rios\/#\/schema\/person\/image\/","url":"https:\/\/secure.gravatar.com\/avatar\/a1c7f8b1dd453e8facadec2bf18354190c777b5556feaaadfa0f6a129ab9b015?s=96&d=mm&r=g","contentUrl":"https:\/\/secure.gravatar.com\/avatar\/a1c7f8b1dd453e8facadec2bf18354190c777b5556feaaadfa0f6a129ab9b015?s=96&d=mm&r=g","caption":"smancilla"},"url":"https:\/\/dev.explora.cl\/rios\/author\/smancilla\/"}]}},"_links":{"self":[{"href":"https:\/\/dev.explora.cl\/rios\/wp-json\/wp\/v2\/posts\/39839","targetHints":{"allow":["GET"]}}],"collection":[{"href":"https:\/\/dev.explora.cl\/rios\/wp-json\/wp\/v2\/posts"}],"about":[{"href":"https:\/\/dev.explora.cl\/rios\/wp-json\/wp\/v2\/types\/post"}],"author":[{"embeddable":true,"href":"https:\/\/dev.explora.cl\/rios\/wp-json\/wp\/v2\/users\/31"}],"replies":[{"embeddable":true,"href":"https:\/\/dev.explora.cl\/rios\/wp-json\/wp\/v2\/comments?post=39839"}],"version-history":[{"count":19,"href":"https:\/\/dev.explora.cl\/rios\/wp-json\/wp\/v2\/posts\/39839\/revisions"}],"predecessor-version":[{"id":43492,"href":"https:\/\/dev.explora.cl\/rios\/wp-json\/wp\/v2\/posts\/39839\/revisions\/43492"}],"wp:featuredmedia":[{"embeddable":true,"href":"https:\/\/dev.explora.cl\/rios\/wp-json\/wp\/v2\/media\/39841"}],"wp:attachment":[{"href":"https:\/\/dev.explora.cl\/rios\/wp-json\/wp\/v2\/media?parent=39839"}],"wp:term":[{"taxonomy":"category","embeddable":true,"href":"https:\/\/dev.explora.cl\/rios\/wp-json\/wp\/v2\/categories?post=39839"},{"taxonomy":"post_tag","embeddable":true,"href":"https:\/\/dev.explora.cl\/rios\/wp-json\/wp\/v2\/tags?post=39839"}],"curies":[{"name":"wp","href":"https:\/\/api.w.org\/{rel}","templated":true}]}}