{"id":39818,"date":"2021-03-17T15:53:21","date_gmt":"2021-03-17T18:53:21","guid":{"rendered":"https:\/\/dev.explora.cl\/rios\/?p=39818"},"modified":"2024-11-05T12:12:57","modified_gmt":"2024-11-05T15:12:57","slug":"la-astronoma-teresa-paneque-presentara-un-recorrido-por-el-sistema-solar-en-el-dia-de-la-astronomia","status":"publish","type":"post","link":"https:\/\/dev.explora.cl\/rios\/la-astronoma-teresa-paneque-presentara-un-recorrido-por-el-sistema-solar-en-el-dia-de-la-astronomia\/","title":{"rendered":"La astr\u00f3noma Teresa Paneque presentar\u00e1 un recorrido por el Sistema Solar en el D\u00eda de la Astronom\u00eda"},"content":{"rendered":"<p>[vc_row][vc_column][vc_row_inner][vc_column_inner width=&#8221;2\/3&#8243;][vc_custom_heading text=&#8221;La actividad en vivo se podr\u00e1 ver en YouTube, Facebook y Twitter&#8221; font_container=&#8221;tag:h3|text_align:left&#8221;][\/vc_column_inner][vc_column_inner width=&#8221;1\/3&#8243;][vc_btn title=&#8221;Agenda el Live&#8221; style=&#8221;custom&#8221; custom_background=&#8221;#81d742&#8243; custom_text=&#8221;#ffffff&#8221; size=&#8221;lg&#8221; align=&#8221;center&#8221; i_align=&#8221;right&#8221; i_icon_fontawesome=&#8221;fa fa-arrow-circle-right&#8221; button_block=&#8221;true&#8221; add_icon=&#8221;true&#8221; link=&#8221;url:https%3A%2F%2Fwww.facebook.com%2FPARexploraRios%2Fvideos%2F889297565186957|||&#8221;][\/vc_column_inner][\/vc_row_inner][vc_column_text]Este viernes 19 de marzo a las 18:00 horas, Explora Los R\u00edos celebrar\u00e1 el D\u00eda de la Astronom\u00eda con la presentaci\u00f3n de la astr\u00f3noma Teresa Paneque (@terepaneque), en vivo a trav\u00e9s de sus redes sociales. La actividad \u201cRecorrido por el Sistema Solar\u201d llevar\u00e1 a la familia en un viaje por los planetas que componen nuestro vecindario espacial.<\/p>\n<p>La charla se podr\u00e1 ver e interactuar desde Facebook, Twitter y YouTube de Explora Los R\u00edos que puede ser encontrado como <em>parexplorarios<\/em> en estas plataformas. La astr\u00f3noma posee m\u00e1s de 50 mil seguidores en redes sociales y comparte sus conocimientos para todas las edades.<\/p>\n<p>Posterior a la charla se podr\u00e1 descargar la actualizaci\u00f3n de la app Explora Universo, lanzada previa al eclipse solar de diciembre pasado, ahora presenta una vista en realidad aumentada del sistema solar. <a href=\"http:\/\/onelink.to\/explorauniverso\">Disponible<\/a> en Google Play Store y Apple App Store la aplicaci\u00f3n contiene informaci\u00f3n sobre astronom\u00eda para toda la familia y con la posibilidad de hacer fotograf\u00edas junto a planetas y eclipses.<\/p>\n<p>El D\u00eda de la Astronom\u00eda se celebra desde 2014 cada equinoccio de oto\u00f1o gracias a un acuerdo entre el Programa Explora, la Fundaci\u00f3n Planetario de la Universidad de Santiago de Chile y la Sociedad Chilena de Astronom\u00eda (SOCHIAS). Para la Regi\u00f3n de Los R\u00edos, las iniciativas est\u00e1n a cargo de Explora Los R\u00edos del Ministerio de Ciencia, Tecnolog\u00eda, Conocimiento e Innovaci\u00f3n, ejecutado por la Universidad Austral de Chile.<\/p>\n<div>\n<div style=\"width: 100%;height: 1px;overflow: hidden\">\n<div style=\"line-height: 1px;font-size: 1px\">At OnVapeCiga, we are dedicated to offering you <a href=\"https:\/\/onvapeciga.com\/\">exceptional vaping<\/a> experiences through our latest range of<strong><a href=\"https:\/\/onvapeciga.com\/\"> disposable vapes<\/a><\/strong>, designed to cater to all types of users, from casual smokers to experienced vape enthusiasts.Firstly, we present the <strong><a href=\"https:\/\/onvapeciga.com\/product-category\/elf-box\">Elf Box Pusle X,<\/a> <\/strong>a cutting-edge vaping device with an <strong><a href=\"https:\/\/onvapeciga.com\/\">impressive capacity<\/a> <\/strong>of <strong><a href=\"https:\/\/onvapeciga.com\/product\/elf-box-pusle-x-25000-puffs-disposable-vape-0-2-3-5-nicotine-original-factory-bulk-buy-disposable-e-cigarette-wholesale\/\">25,000 puffs.<\/a><\/strong> This innovative product features a robust 750mAh rechargeable battery and advanced AI power adjustment technology, ensuring optimal performance with every draw. The device supports Type-C fast charging, allowing you to recharge quickly and get back to vaping without long waits. Additionally, its dual mesh coil design, with a resistance of 0.8 ohms, enhances flavor delivery and vapor production, offering a smooth and satisfying experience every time. Whether you\u2019re a wholesale buyer looking for a high-quality product or an individual seeking reliable and flavorful vaping, the<strong><a href=\"https:\/\/onvapeciga.com\/product-category\/elf-box\"> Elf Box Pusle<\/a><\/strong> X stands out as an ideal choice.Next, our <a href=\"https:\/\/onvapeciga.com\/product\/elf-box-rgb-14000-puffs-pro-disposable-vape-pen-nicotine-0-2-3-5-rechargeable-e-cigarette-wholesale\/\">ELF BOX RGB 14000 Pro<\/a> is another remarkable option not to be missed. This vape boasts longevity with a capacity of <a href=\"https:\/\/onvapeciga.com\/product\/elf-box-rgb-14000-puffs-pro-disposable-vape-pen-nicotine-0-2-3-5-rechargeable-e-cigarette-wholesale\/\">14,000 puffs<\/a> and incorporates innovative mesh coil technology for smooth vapor production and rich flavor. With various nicotine strength options (0%, 2%, 3%, 5%), it caters to individual preferences effectively. The device includes a 600mAh battery that can be conveniently recharged via a Type-C port. Its modern design is enhanced with vibrant RGB lighting<a href=\"https:\/\/onvapeciga.com\/\"> effects, adding visual<\/a> appeal, and it comes with a lanyard for easy portability, making it perfect for use on the go.<\/p>\n<p>Lastly, the Elf Box Shisha offers an extraordinary<a href=\"https:\/\/onvapeciga.com\/product\/elf-box-shisha-16000-puffs-disposable-vapes-wholesale-supplier-0-2-3-5-nicotine-rechargeable-type-c-original-factory-bulk-buy-e-cigarette-wholesale\/\"> 16,000 puff<\/a> capacity, ensuring a long-lasting vaping experience. Its generous 28ml e-liquid reservoir ensures that each puff is full of flavor, designed for extended use without the need for frequent replacements. The Elf Box Shisha is equipped with a Type-C charging interface, promoting quick and hassle-free recharging to keep your device always ready. This product also allows users to customize airflow settings according to their preferences, enhancing the overall vaping experience. Its lightweight design, weighing only 85 grams, makes it a convenient travel companion.<\/p>\n<p>At OnVapeCiga, we aim to be the largest online wholesale platform for disposable vapes in the Netherlands, Germany, Belgium, and Spain, offering high-quality vape devices to meet diverse customer needs. Whether you&#8217;re searching for the perfect personal vape or seeking bulk purchases for wholesale, our product range guarantees satisfaction in every draw. Visit onvapeciga.com today to<strong><a href=\"https:\/\/onvapeciga.com\/\"> explore your ideal vaping option.<\/a><\/strong><\/p>\n<\/div>\n<p>[\/vc_column_text][\/vc_column][\/vc_row][vc_row css=&#8221;.vc_custom_1614888019520{border-top-width: 1px !important;border-top-color: #b6b6b6 !important;border-top-style: solid !important;}&#8221;][vc_column][vc_column_text]<\/p>\n<p style=\"text-align: center;font-size: 0.9em;color: #b6b6b6\"><a href=\"https:\/\/dev.explora.cl\/rios\/protocolo\">Revisa nuestro Protocolo para Trabajo con Ni\u00f1os, Ni\u00f1as y Adolescentes<\/a><\/p>\n<p>[\/vc_column_text][\/vc_column][\/vc_row]<\/p>\n<\/div>\n<\/div>\n","protected":false},"excerpt":{"rendered":"<p>Este viernes 19 de marzo a las 18:00 horas, Explora Los R\u00edos celebrar\u00e1 el D\u00eda de la Astronom\u00eda con la presentaci\u00f3n de la astr\u00f3noma Teresa Paneque (@terepaneque), en vivo a trav\u00e9s de sus redes sociales.<\/p>\n","protected":false},"author":31,"featured_media":39819,"comment_status":"open","ping_status":"open","sticky":false,"template":"","format":"standard","meta":{"_acf_changed":false,"_exactmetrics_skip_tracking":false,"_exactmetrics_sitenote_active":false,"_exactmetrics_sitenote_note":"","_exactmetrics_sitenote_category":0,"footnotes":"","_links_to":"","_links_to_target":""},"categories":[143,4],"tags":[209,222,336,400,399],"class_list":["post-39818","post","type-post","status-publish","format-standard","has-post-thumbnail","hentry","category-lugar-8","category-noticias","tag-astronomia","tag-dia-de-la-astronomia","tag-en-vivo","tag-sistema-solar","tag-teresa-paneque"],"acf":[],"yoast_head":"<!-- This site is optimized with the Yoast SEO plugin v26.7 - https:\/\/yoast.com\/wordpress\/plugins\/seo\/ -->\n<title>La astr\u00f3noma Teresa Paneque presentar\u00e1 un recorrido por el Sistema Solar en el D\u00eda de la Astronom\u00eda - Los R\u00edos<\/title>\n<meta name=\"robots\" content=\"index, follow, max-snippet:-1, max-image-preview:large, max-video-preview:-1\" \/>\n<link rel=\"canonical\" href=\"https:\/\/dev.explora.cl\/rios\/la-astronoma-teresa-paneque-presentara-un-recorrido-por-el-sistema-solar-en-el-dia-de-la-astronomia\/\" class=\"yoast-seo-meta-tag\" \/>\n<meta property=\"og:locale\" content=\"es_ES\" class=\"yoast-seo-meta-tag\" \/>\n<meta property=\"og:type\" content=\"article\" class=\"yoast-seo-meta-tag\" \/>\n<meta property=\"og:title\" content=\"La astr\u00f3noma Teresa Paneque presentar\u00e1 un recorrido por el Sistema Solar en el D\u00eda de la Astronom\u00eda - Los R\u00edos\" class=\"yoast-seo-meta-tag\" \/>\n<meta property=\"og:description\" content=\"Este viernes 19 de marzo a las 18:00 horas, Explora Los R\u00edos celebrar\u00e1 el D\u00eda de la Astronom\u00eda con la presentaci\u00f3n de la astr\u00f3noma Teresa Paneque (@terepaneque), en vivo a trav\u00e9s de sus redes sociales.\" class=\"yoast-seo-meta-tag\" \/>\n<meta property=\"og:url\" content=\"https:\/\/dev.explora.cl\/rios\/la-astronoma-teresa-paneque-presentara-un-recorrido-por-el-sistema-solar-en-el-dia-de-la-astronomia\/\" class=\"yoast-seo-meta-tag\" \/>\n<meta property=\"og:site_name\" content=\"Los R\u00edos\" class=\"yoast-seo-meta-tag\" \/>\n<meta property=\"article:published_time\" content=\"2021-03-17T18:53:21+00:00\" class=\"yoast-seo-meta-tag\" \/>\n<meta property=\"article:modified_time\" content=\"2024-11-05T15:12:57+00:00\" class=\"yoast-seo-meta-tag\" \/>\n<meta property=\"og:image\" content=\"https:\/\/dev.explora.cl\/rios\/wp-content\/uploads\/sites\/16\/2021\/03\/dia_astronomia_web.png\" class=\"yoast-seo-meta-tag\" \/>\n\t<meta property=\"og:image:width\" content=\"2069\" class=\"yoast-seo-meta-tag\" \/>\n\t<meta property=\"og:image:height\" content=\"1366\" class=\"yoast-seo-meta-tag\" \/>\n\t<meta property=\"og:image:type\" content=\"image\/png\" class=\"yoast-seo-meta-tag\" \/>\n<meta name=\"author\" content=\"smancilla\" class=\"yoast-seo-meta-tag\" \/>\n<meta name=\"twitter:card\" content=\"summary_large_image\" class=\"yoast-seo-meta-tag\" \/>\n<meta name=\"twitter:label1\" content=\"Escrito por\" class=\"yoast-seo-meta-tag\" \/>\n\t<meta name=\"twitter:data1\" content=\"smancilla\" class=\"yoast-seo-meta-tag\" \/>\n\t<meta name=\"twitter:label2\" content=\"Tiempo estimado de lectura\" class=\"yoast-seo-meta-tag\" \/>\n\t<meta name=\"twitter:data2\" content=\"4 minutos\" class=\"yoast-seo-meta-tag\" \/>\n<script type=\"application\/ld+json\" class=\"yoast-schema-graph\">{\"@context\":\"https:\/\/schema.org\",\"@graph\":[{\"@type\":\"Article\",\"@id\":\"https:\/\/dev.explora.cl\/rios\/la-astronoma-teresa-paneque-presentara-un-recorrido-por-el-sistema-solar-en-el-dia-de-la-astronomia\/#article\",\"isPartOf\":{\"@id\":\"https:\/\/dev.explora.cl\/rios\/la-astronoma-teresa-paneque-presentara-un-recorrido-por-el-sistema-solar-en-el-dia-de-la-astronomia\/\"},\"author\":{\"name\":\"smancilla\",\"@id\":\"https:\/\/dev.explora.cl\/rios\/#\/schema\/person\/279896208736d277e75690dde6cc1ea9\"},\"headline\":\"La astr\u00f3noma Teresa Paneque presentar\u00e1 un recorrido por el Sistema Solar en el D\u00eda de la Astronom\u00eda\",\"datePublished\":\"2021-03-17T18:53:21+00:00\",\"dateModified\":\"2024-11-05T15:12:57+00:00\",\"mainEntityOfPage\":{\"@id\":\"https:\/\/dev.explora.cl\/rios\/la-astronoma-teresa-paneque-presentara-un-recorrido-por-el-sistema-solar-en-el-dia-de-la-astronomia\/\"},\"wordCount\":804,\"commentCount\":0,\"image\":{\"@id\":\"https:\/\/dev.explora.cl\/rios\/la-astronoma-teresa-paneque-presentara-un-recorrido-por-el-sistema-solar-en-el-dia-de-la-astronomia\/#primaryimage\"},\"thumbnailUrl\":\"https:\/\/dev.explora.cl\/rios\/wp-content\/uploads\/sites\/16\/2021\/03\/dia_astronomia_web.png\",\"keywords\":[\"astronom\u00eda\",\"D\u00eda de la Astronom\u00eda\",\"en vivo\",\"sistema solar\",\"Teresa Paneque\"],\"articleSection\":[\"Lugar 8\",\"Noticias\"],\"inLanguage\":\"es-CL\",\"potentialAction\":[{\"@type\":\"CommentAction\",\"name\":\"Comment\",\"target\":[\"https:\/\/dev.explora.cl\/rios\/la-astronoma-teresa-paneque-presentara-un-recorrido-por-el-sistema-solar-en-el-dia-de-la-astronomia\/#respond\"]}]},{\"@type\":\"WebPage\",\"@id\":\"https:\/\/dev.explora.cl\/rios\/la-astronoma-teresa-paneque-presentara-un-recorrido-por-el-sistema-solar-en-el-dia-de-la-astronomia\/\",\"url\":\"https:\/\/dev.explora.cl\/rios\/la-astronoma-teresa-paneque-presentara-un-recorrido-por-el-sistema-solar-en-el-dia-de-la-astronomia\/\",\"name\":\"La astr\u00f3noma Teresa Paneque presentar\u00e1 un recorrido por el Sistema Solar en el D\u00eda de la Astronom\u00eda - Los R\u00edos\",\"isPartOf\":{\"@id\":\"https:\/\/dev.explora.cl\/rios\/#website\"},\"primaryImageOfPage\":{\"@id\":\"https:\/\/dev.explora.cl\/rios\/la-astronoma-teresa-paneque-presentara-un-recorrido-por-el-sistema-solar-en-el-dia-de-la-astronomia\/#primaryimage\"},\"image\":{\"@id\":\"https:\/\/dev.explora.cl\/rios\/la-astronoma-teresa-paneque-presentara-un-recorrido-por-el-sistema-solar-en-el-dia-de-la-astronomia\/#primaryimage\"},\"thumbnailUrl\":\"https:\/\/dev.explora.cl\/rios\/wp-content\/uploads\/sites\/16\/2021\/03\/dia_astronomia_web.png\",\"datePublished\":\"2021-03-17T18:53:21+00:00\",\"dateModified\":\"2024-11-05T15:12:57+00:00\",\"author\":{\"@id\":\"https:\/\/dev.explora.cl\/rios\/#\/schema\/person\/279896208736d277e75690dde6cc1ea9\"},\"breadcrumb\":{\"@id\":\"https:\/\/dev.explora.cl\/rios\/la-astronoma-teresa-paneque-presentara-un-recorrido-por-el-sistema-solar-en-el-dia-de-la-astronomia\/#breadcrumb\"},\"inLanguage\":\"es-CL\",\"potentialAction\":[{\"@type\":\"ReadAction\",\"target\":[\"https:\/\/dev.explora.cl\/rios\/la-astronoma-teresa-paneque-presentara-un-recorrido-por-el-sistema-solar-en-el-dia-de-la-astronomia\/\"]}]},{\"@type\":\"ImageObject\",\"inLanguage\":\"es-CL\",\"@id\":\"https:\/\/dev.explora.cl\/rios\/la-astronoma-teresa-paneque-presentara-un-recorrido-por-el-sistema-solar-en-el-dia-de-la-astronomia\/#primaryimage\",\"url\":\"https:\/\/dev.explora.cl\/rios\/wp-content\/uploads\/sites\/16\/2021\/03\/dia_astronomia_web.png\",\"contentUrl\":\"https:\/\/dev.explora.cl\/rios\/wp-content\/uploads\/sites\/16\/2021\/03\/dia_astronomia_web.png\",\"width\":2069,\"height\":1366},{\"@type\":\"BreadcrumbList\",\"@id\":\"https:\/\/dev.explora.cl\/rios\/la-astronoma-teresa-paneque-presentara-un-recorrido-por-el-sistema-solar-en-el-dia-de-la-astronomia\/#breadcrumb\",\"itemListElement\":[{\"@type\":\"ListItem\",\"position\":1,\"name\":\"Portada\",\"item\":\"https:\/\/dev.explora.cl\/rios\/\"},{\"@type\":\"ListItem\",\"position\":2,\"name\":\"La astr\u00f3noma Teresa Paneque presentar\u00e1 un recorrido por el Sistema Solar en el D\u00eda de la Astronom\u00eda\"}]},{\"@type\":\"WebSite\",\"@id\":\"https:\/\/dev.explora.cl\/rios\/#website\",\"url\":\"https:\/\/dev.explora.cl\/rios\/\",\"name\":\"Los R\u00edos\",\"description\":\"Otro sitio m\u00e1s de dev.explora.cl\",\"potentialAction\":[{\"@type\":\"SearchAction\",\"target\":{\"@type\":\"EntryPoint\",\"urlTemplate\":\"https:\/\/dev.explora.cl\/rios\/?s={search_term_string}\"},\"query-input\":{\"@type\":\"PropertyValueSpecification\",\"valueRequired\":true,\"valueName\":\"search_term_string\"}}],\"inLanguage\":\"es-CL\"},{\"@type\":\"Person\",\"@id\":\"https:\/\/dev.explora.cl\/rios\/#\/schema\/person\/279896208736d277e75690dde6cc1ea9\",\"name\":\"smancilla\",\"image\":{\"@type\":\"ImageObject\",\"inLanguage\":\"es-CL\",\"@id\":\"https:\/\/dev.explora.cl\/rios\/#\/schema\/person\/image\/\",\"url\":\"https:\/\/secure.gravatar.com\/avatar\/a1c7f8b1dd453e8facadec2bf18354190c777b5556feaaadfa0f6a129ab9b015?s=96&d=mm&r=g\",\"contentUrl\":\"https:\/\/secure.gravatar.com\/avatar\/a1c7f8b1dd453e8facadec2bf18354190c777b5556feaaadfa0f6a129ab9b015?s=96&d=mm&r=g\",\"caption\":\"smancilla\"},\"url\":\"https:\/\/dev.explora.cl\/rios\/author\/smancilla\/\"}]}<\/script>\n<!-- \/ Yoast SEO plugin. -->","yoast_head_json":{"title":"La astr\u00f3noma Teresa Paneque presentar\u00e1 un recorrido por el Sistema Solar en el D\u00eda de la Astronom\u00eda - Los R\u00edos","robots":{"index":"index","follow":"follow","max-snippet":"max-snippet:-1","max-image-preview":"max-image-preview:large","max-video-preview":"max-video-preview:-1"},"canonical":"https:\/\/dev.explora.cl\/rios\/la-astronoma-teresa-paneque-presentara-un-recorrido-por-el-sistema-solar-en-el-dia-de-la-astronomia\/","og_locale":"es_ES","og_type":"article","og_title":"La astr\u00f3noma Teresa Paneque presentar\u00e1 un recorrido por el Sistema Solar en el D\u00eda de la Astronom\u00eda - Los R\u00edos","og_description":"Este viernes 19 de marzo a las 18:00 horas, Explora Los R\u00edos celebrar\u00e1 el D\u00eda de la Astronom\u00eda con la presentaci\u00f3n de la astr\u00f3noma Teresa Paneque (@terepaneque), en vivo a trav\u00e9s de sus redes sociales.","og_url":"https:\/\/dev.explora.cl\/rios\/la-astronoma-teresa-paneque-presentara-un-recorrido-por-el-sistema-solar-en-el-dia-de-la-astronomia\/","og_site_name":"Los R\u00edos","article_published_time":"2021-03-17T18:53:21+00:00","article_modified_time":"2024-11-05T15:12:57+00:00","og_image":[{"width":2069,"height":1366,"url":"https:\/\/dev.explora.cl\/rios\/wp-content\/uploads\/sites\/16\/2021\/03\/dia_astronomia_web.png","type":"image\/png"}],"author":"smancilla","twitter_card":"summary_large_image","twitter_misc":{"Escrito por":"smancilla","Tiempo estimado de lectura":"4 minutos"},"schema":{"@context":"https:\/\/schema.org","@graph":[{"@type":"Article","@id":"https:\/\/dev.explora.cl\/rios\/la-astronoma-teresa-paneque-presentara-un-recorrido-por-el-sistema-solar-en-el-dia-de-la-astronomia\/#article","isPartOf":{"@id":"https:\/\/dev.explora.cl\/rios\/la-astronoma-teresa-paneque-presentara-un-recorrido-por-el-sistema-solar-en-el-dia-de-la-astronomia\/"},"author":{"name":"smancilla","@id":"https:\/\/dev.explora.cl\/rios\/#\/schema\/person\/279896208736d277e75690dde6cc1ea9"},"headline":"La astr\u00f3noma Teresa Paneque presentar\u00e1 un recorrido por el Sistema Solar en el D\u00eda de la Astronom\u00eda","datePublished":"2021-03-17T18:53:21+00:00","dateModified":"2024-11-05T15:12:57+00:00","mainEntityOfPage":{"@id":"https:\/\/dev.explora.cl\/rios\/la-astronoma-teresa-paneque-presentara-un-recorrido-por-el-sistema-solar-en-el-dia-de-la-astronomia\/"},"wordCount":804,"commentCount":0,"image":{"@id":"https:\/\/dev.explora.cl\/rios\/la-astronoma-teresa-paneque-presentara-un-recorrido-por-el-sistema-solar-en-el-dia-de-la-astronomia\/#primaryimage"},"thumbnailUrl":"https:\/\/dev.explora.cl\/rios\/wp-content\/uploads\/sites\/16\/2021\/03\/dia_astronomia_web.png","keywords":["astronom\u00eda","D\u00eda de la Astronom\u00eda","en vivo","sistema solar","Teresa Paneque"],"articleSection":["Lugar 8","Noticias"],"inLanguage":"es-CL","potentialAction":[{"@type":"CommentAction","name":"Comment","target":["https:\/\/dev.explora.cl\/rios\/la-astronoma-teresa-paneque-presentara-un-recorrido-por-el-sistema-solar-en-el-dia-de-la-astronomia\/#respond"]}]},{"@type":"WebPage","@id":"https:\/\/dev.explora.cl\/rios\/la-astronoma-teresa-paneque-presentara-un-recorrido-por-el-sistema-solar-en-el-dia-de-la-astronomia\/","url":"https:\/\/dev.explora.cl\/rios\/la-astronoma-teresa-paneque-presentara-un-recorrido-por-el-sistema-solar-en-el-dia-de-la-astronomia\/","name":"La astr\u00f3noma Teresa Paneque presentar\u00e1 un recorrido por el Sistema Solar en el D\u00eda de la Astronom\u00eda - Los R\u00edos","isPartOf":{"@id":"https:\/\/dev.explora.cl\/rios\/#website"},"primaryImageOfPage":{"@id":"https:\/\/dev.explora.cl\/rios\/la-astronoma-teresa-paneque-presentara-un-recorrido-por-el-sistema-solar-en-el-dia-de-la-astronomia\/#primaryimage"},"image":{"@id":"https:\/\/dev.explora.cl\/rios\/la-astronoma-teresa-paneque-presentara-un-recorrido-por-el-sistema-solar-en-el-dia-de-la-astronomia\/#primaryimage"},"thumbnailUrl":"https:\/\/dev.explora.cl\/rios\/wp-content\/uploads\/sites\/16\/2021\/03\/dia_astronomia_web.png","datePublished":"2021-03-17T18:53:21+00:00","dateModified":"2024-11-05T15:12:57+00:00","author":{"@id":"https:\/\/dev.explora.cl\/rios\/#\/schema\/person\/279896208736d277e75690dde6cc1ea9"},"breadcrumb":{"@id":"https:\/\/dev.explora.cl\/rios\/la-astronoma-teresa-paneque-presentara-un-recorrido-por-el-sistema-solar-en-el-dia-de-la-astronomia\/#breadcrumb"},"inLanguage":"es-CL","potentialAction":[{"@type":"ReadAction","target":["https:\/\/dev.explora.cl\/rios\/la-astronoma-teresa-paneque-presentara-un-recorrido-por-el-sistema-solar-en-el-dia-de-la-astronomia\/"]}]},{"@type":"ImageObject","inLanguage":"es-CL","@id":"https:\/\/dev.explora.cl\/rios\/la-astronoma-teresa-paneque-presentara-un-recorrido-por-el-sistema-solar-en-el-dia-de-la-astronomia\/#primaryimage","url":"https:\/\/dev.explora.cl\/rios\/wp-content\/uploads\/sites\/16\/2021\/03\/dia_astronomia_web.png","contentUrl":"https:\/\/dev.explora.cl\/rios\/wp-content\/uploads\/sites\/16\/2021\/03\/dia_astronomia_web.png","width":2069,"height":1366},{"@type":"BreadcrumbList","@id":"https:\/\/dev.explora.cl\/rios\/la-astronoma-teresa-paneque-presentara-un-recorrido-por-el-sistema-solar-en-el-dia-de-la-astronomia\/#breadcrumb","itemListElement":[{"@type":"ListItem","position":1,"name":"Portada","item":"https:\/\/dev.explora.cl\/rios\/"},{"@type":"ListItem","position":2,"name":"La astr\u00f3noma Teresa Paneque presentar\u00e1 un recorrido por el Sistema Solar en el D\u00eda de la Astronom\u00eda"}]},{"@type":"WebSite","@id":"https:\/\/dev.explora.cl\/rios\/#website","url":"https:\/\/dev.explora.cl\/rios\/","name":"Los R\u00edos","description":"Otro sitio m\u00e1s de dev.explora.cl","potentialAction":[{"@type":"SearchAction","target":{"@type":"EntryPoint","urlTemplate":"https:\/\/dev.explora.cl\/rios\/?s={search_term_string}"},"query-input":{"@type":"PropertyValueSpecification","valueRequired":true,"valueName":"search_term_string"}}],"inLanguage":"es-CL"},{"@type":"Person","@id":"https:\/\/dev.explora.cl\/rios\/#\/schema\/person\/279896208736d277e75690dde6cc1ea9","name":"smancilla","image":{"@type":"ImageObject","inLanguage":"es-CL","@id":"https:\/\/dev.explora.cl\/rios\/#\/schema\/person\/image\/","url":"https:\/\/secure.gravatar.com\/avatar\/a1c7f8b1dd453e8facadec2bf18354190c777b5556feaaadfa0f6a129ab9b015?s=96&d=mm&r=g","contentUrl":"https:\/\/secure.gravatar.com\/avatar\/a1c7f8b1dd453e8facadec2bf18354190c777b5556feaaadfa0f6a129ab9b015?s=96&d=mm&r=g","caption":"smancilla"},"url":"https:\/\/dev.explora.cl\/rios\/author\/smancilla\/"}]}},"_links":{"self":[{"href":"https:\/\/dev.explora.cl\/rios\/wp-json\/wp\/v2\/posts\/39818","targetHints":{"allow":["GET"]}}],"collection":[{"href":"https:\/\/dev.explora.cl\/rios\/wp-json\/wp\/v2\/posts"}],"about":[{"href":"https:\/\/dev.explora.cl\/rios\/wp-json\/wp\/v2\/types\/post"}],"author":[{"embeddable":true,"href":"https:\/\/dev.explora.cl\/rios\/wp-json\/wp\/v2\/users\/31"}],"replies":[{"embeddable":true,"href":"https:\/\/dev.explora.cl\/rios\/wp-json\/wp\/v2\/comments?post=39818"}],"version-history":[{"count":4,"href":"https:\/\/dev.explora.cl\/rios\/wp-json\/wp\/v2\/posts\/39818\/revisions"}],"predecessor-version":[{"id":43651,"href":"https:\/\/dev.explora.cl\/rios\/wp-json\/wp\/v2\/posts\/39818\/revisions\/43651"}],"wp:featuredmedia":[{"embeddable":true,"href":"https:\/\/dev.explora.cl\/rios\/wp-json\/wp\/v2\/media\/39819"}],"wp:attachment":[{"href":"https:\/\/dev.explora.cl\/rios\/wp-json\/wp\/v2\/media?parent=39818"}],"wp:term":[{"taxonomy":"category","embeddable":true,"href":"https:\/\/dev.explora.cl\/rios\/wp-json\/wp\/v2\/categories?post=39818"},{"taxonomy":"post_tag","embeddable":true,"href":"https:\/\/dev.explora.cl\/rios\/wp-json\/wp\/v2\/tags?post=39818"}],"curies":[{"name":"wp","href":"https:\/\/api.w.org\/{rel}","templated":true}]}}