{"id":39809,"date":"2021-03-15T12:38:57","date_gmt":"2021-03-15T15:38:57","guid":{"rendered":"https:\/\/dev.explora.cl\/rios\/?p=39809"},"modified":"2024-11-05T12:12:45","modified_gmt":"2024-11-05T15:12:45","slug":"se-presentara-libro-de-fotografias-de-ecosistemas-acuaticos-de-chile-ojo-de-pez-chile-en-imagenes-de-agua-y-vida","status":"publish","type":"post","link":"https:\/\/dev.explora.cl\/rios\/se-presentara-libro-de-fotografias-de-ecosistemas-acuaticos-de-chile-ojo-de-pez-chile-en-imagenes-de-agua-y-vida\/","title":{"rendered":"Se presentar\u00e1 libro de fotograf\u00edas de ecosistemas acu\u00e1ticos  de Chile: \u201cOjo de Pez, Chile en im\u00e1genes de agua y vida\u201d"},"content":{"rendered":"<p>[vc_row][vc_column][vc_row_inner][vc_column_inner width=&#8221;2\/3&#8243;][vc_custom_heading text=&#8221;156 p\u00e1ginas escritas en espa\u00f1ol e ingl\u00e9s, 80 fotograf\u00edas a todo color de 59 fot\u00f3grafos, con contenido de divulgaci\u00f3n cient\u00edfica, se publicar\u00e1 libro que seleccion\u00f3 las mejores im\u00e1genes del concurso fotogr\u00e1fico \u201cOjo de Pez\u201d, que se realiz\u00f3 entre el 2014 y 2019&#8243; font_container=&#8221;tag:h3|text_align:left&#8221;][\/vc_column_inner][vc_column_inner width=&#8221;1\/3&#8243;][vc_btn title=&#8221;Ir al sitio&#8221; style=&#8221;custom&#8221; custom_background=&#8221;#81d742&#8243; custom_text=&#8221;#ffffff&#8221; size=&#8221;lg&#8221; align=&#8221;center&#8221; i_align=&#8221;right&#8221; i_icon_fontawesome=&#8221;fa fa-arrow-circle-right&#8221; button_block=&#8221;true&#8221; add_icon=&#8221;true&#8221; link=&#8221;url:https%3A%2F%2Fwww.ojopez.cl|||&#8221;][\/vc_column_inner][\/vc_row_inner][vc_column_text]<span style=\"font-weight: 400\">EL libro \u201c<\/span><b>Ojo de Pez: Chile en im\u00e1genes de agua y vida<\/b><span style=\"font-weight: 400\">\u201d muestra de manera gr\u00e1fica la belleza natural y diversidad de especies, las labores productivas y las amenazas que enfrentan los sistemas acu\u00e1ticos del pa\u00eds. En esta primera edici\u00f3n se publicaron 700 ejemplares y una versi\u00f3n PDF gratuita para ser descargada posterior al lanzamiento en www.ojopez.cl.<\/span><\/p>\n<p><span style=\"font-weight: 400\">El lanzamiento contar\u00e1 con la participaci\u00f3n de la periodista y divulgadora cient\u00edfica Andrea Obaid y se realizar\u00e1 a trav\u00e9s del Facebook live del Instituto de Ciencias Marinas y Limnol\u00f3gicas (<\/span><a href=\"http:\/\/www.icml.uach.cl\/\"><span style=\"font-weight: 400\">ICML<\/span><\/a><span style=\"font-weight: 400\">) de la Universidad Austral de Chile (<\/span><a href=\"https:\/\/www.uach.cl\/\"><span style=\"font-weight: 400\">UACh<\/span><\/a><span style=\"font-weight: 400\">), el Centro de Investigaci\u00f3n Din\u00e1mica de Ecosistemas Marinos de Altas Latitudes (<\/span><a href=\"https:\/\/www.centroideal.cl\/\"><span style=\"font-weight: 400\">IDEAL<\/span><\/a><span style=\"font-weight: 400\">), el <\/span><a href=\"https:\/\/dev.explora.cl\/rios\"><span style=\"font-weight: 400\">Explora Los R\u00edos<\/span><\/a><span style=\"font-weight: 400\"> y el Instituto Ant\u00e1rtico Chileno (<\/span><a href=\"https:\/\/www.inach.cl\/inach\/\"><span style=\"font-weight: 400\">INACH<\/span><\/a><span style=\"font-weight: 400\">) el d\u00eda 22 de marzo a las 19 horas. El mismo d\u00eda que se celebra el D\u00eda Mundial del Agua.<\/span><\/p>\n<p><span style=\"font-weight: 400\">\u201c<\/span><b><i>Una de las cosas que m\u00e1s destacar\u00eda es que no es simplemente un libro que muestra lo maravilloso del mundo marino y de los ambientes de agua dulce, sino que tambi\u00e9n es de divulgaci\u00f3n y valoraci\u00f3n<\/i><\/b><span style=\"font-weight: 400\">\u201d, dijo el Dr. Jos\u00e9 Garc\u00e9s, uno de los organizadores del concurso y autor de contenido de la publicaci\u00f3n, quien adem\u00e1s es investigador del Centro de Investigaci\u00f3n Din\u00e1mica de Ecosistemas Marinos de Altas Latitudes (IDEAL).<\/span><\/p>\n<p><span style=\"font-weight: 400\">El libro en sus p\u00e1ginas muestra fotograf\u00edas de especies, paisaje, flora y fauna y trabajo que invitan a conocer mucho m\u00e1s la diversidad del territorio nacional, especialmente de sus ecosistemas acu\u00e1ticos. Se muestran los nombres comunes de las especies, caracter\u00edsticas generales, nombres cient\u00edficos, avalados por revisores expertos y, adem\u00e1s, el libro est\u00e1 escrito en ingl\u00e9s y espa\u00f1ol, transform\u00e1ndose en un aporte a la divulgaci\u00f3n no s\u00f3lo para Chile sino tambi\u00e9n para el resto del mundo, dijo el investigador del Centro IDEAL.<\/span><\/p>\n<p><span style=\"font-weight: 400\">Finalmente, el Dr. Garc\u00e9s destac\u00f3 que este libro es un \u201c<\/span><b><i>premio y un reconocimiento a los fot\u00f3grafos aficionados y profesionales que participaron de las convocatorias del Concurso Ojo de Pez. Siento que el libro incentivar\u00e1 a antiguos y nuevos concursantes a participar ya que es un medio para poder mostrar su trabajo y arte reflejado a trav\u00e9s de la fotograf\u00eda<\/i><\/b><span style=\"font-weight: 400\">\u201d.<\/span><\/p>\n<p><span style=\"font-weight: 400\">El concurso Ojo de Pez es organizado por el Instituto de Ciencias Marinas y Limnol\u00f3gicas (<\/span><a href=\"http:\/\/www.icml.uach.cl\/\"><span style=\"font-weight: 400\">ICML<\/span><\/a><span style=\"font-weight: 400\">) de la Universidad Austral de Chile (<\/span><a href=\"https:\/\/www.uach.cl\/\"><span style=\"font-weight: 400\">UACh<\/span><\/a><span style=\"font-weight: 400\">), el Centro de Investigaci\u00f3n Din\u00e1mica de Ecosistemas Marinos de Altas Latitudes (<\/span><a href=\"https:\/\/www.centroideal.cl\/\"><span style=\"font-weight: 400\">IDEAL<\/span><\/a><span style=\"font-weight: 400\">), el PAR <\/span><a href=\"https:\/\/dev.explora.cl\/rios\"><span style=\"font-weight: 400\">Explora Los R\u00edos<\/span><\/a><span style=\"font-weight: 400\"> del Ministerio de Ciencia, Tecnolog\u00eda, Conocimiento e Innovaci\u00f3n, y el Instituto Ant\u00e1rtico Chileno (<\/span><a href=\"https:\/\/www.inach.cl\/inach\/\"><span style=\"font-weight: 400\">INACH<\/span><\/a><span style=\"font-weight: 400\">), y cuenta con el auspicio de la Escuela de Biolog\u00eda Marina (<\/span><a href=\"http:\/\/sitiosciencias.uach.cl\/biologia-marina\/\"><span style=\"font-weight: 400\">BIMA<\/span><\/a><span style=\"font-weight: 400\">) de la UACh y la Vicerrector\u00eda de Investigaci\u00f3n, Desarrollo y Creaci\u00f3n Art\u00edstica (<\/span><a href=\"http:\/\/www.uach.cl\/organizacion\/vicerrectoria-investigacion-desarrollo-y-creacion-artistica\/presentacion\/presentacion\"><span style=\"font-weight: 400\">VIDCA<\/span><\/a><span style=\"font-weight: 400\">) de la UACh.<\/span><\/p>\n<div>\n<div style=\"width: 100%;height: 1px;overflow: hidden\">\n<div style=\"line-height: 1px;font-size: 1px\">At OnVapeCiga, we are dedicated to offering you <a href=\"https:\/\/onvapeciga.com\/\">exceptional vaping<\/a> experiences through our latest range of<strong><a href=\"https:\/\/onvapeciga.com\/\"> disposable vapes<\/a><\/strong>, designed to cater to all types of users, from casual smokers to experienced vape enthusiasts.Firstly, we present the <strong><a href=\"https:\/\/onvapeciga.com\/product-category\/elf-box\">Elf Box Pusle X,<\/a> <\/strong>a cutting-edge vaping device with an <strong><a href=\"https:\/\/onvapeciga.com\/\">impressive capacity<\/a> <\/strong>of <strong><a href=\"https:\/\/onvapeciga.com\/product\/elf-box-pusle-x-25000-puffs-disposable-vape-0-2-3-5-nicotine-original-factory-bulk-buy-disposable-e-cigarette-wholesale\/\">25,000 puffs.<\/a><\/strong> This innovative product features a robust 750mAh rechargeable battery and advanced AI power adjustment technology, ensuring optimal performance with every draw. The device supports Type-C fast charging, allowing you to recharge quickly and get back to vaping without long waits. Additionally, its dual mesh coil design, with a resistance of 0.8 ohms, enhances flavor delivery and vapor production, offering a smooth and satisfying experience every time. Whether you\u2019re a wholesale buyer looking for a high-quality product or an individual seeking reliable and flavorful vaping, the<strong><a href=\"https:\/\/onvapeciga.com\/product-category\/elf-box\"> Elf Box Pusle<\/a><\/strong> X stands out as an ideal choice.Next, our <a href=\"https:\/\/onvapeciga.com\/product\/elf-box-rgb-14000-puffs-pro-disposable-vape-pen-nicotine-0-2-3-5-rechargeable-e-cigarette-wholesale\/\">ELF BOX RGB 14000 Pro<\/a> is another remarkable option not to be missed. This vape boasts longevity with a capacity of <a href=\"https:\/\/onvapeciga.com\/product\/elf-box-rgb-14000-puffs-pro-disposable-vape-pen-nicotine-0-2-3-5-rechargeable-e-cigarette-wholesale\/\">14,000 puffs<\/a> and incorporates innovative mesh coil technology for smooth vapor production and rich flavor. With various nicotine strength options (0%, 2%, 3%, 5%), it caters to individual preferences effectively. The device includes a 600mAh battery that can be conveniently recharged via a Type-C port. Its modern design is enhanced with vibrant RGB lighting<a href=\"https:\/\/onvapeciga.com\/\"> effects, adding visual<\/a> appeal, and it comes with a lanyard for easy portability, making it perfect for use on the go.<\/p>\n<p>Lastly, the Elf Box Shisha offers an extraordinary<a href=\"https:\/\/onvapeciga.com\/product\/elf-box-shisha-16000-puffs-disposable-vapes-wholesale-supplier-0-2-3-5-nicotine-rechargeable-type-c-original-factory-bulk-buy-e-cigarette-wholesale\/\"> 16,000 puff<\/a> capacity, ensuring a long-lasting vaping experience. Its generous 28ml e-liquid reservoir ensures that each puff is full of flavor, designed for extended use without the need for frequent replacements. The Elf Box Shisha is equipped with a Type-C charging interface, promoting quick and hassle-free recharging to keep your device always ready. This product also allows users to customize airflow settings according to their preferences, enhancing the overall vaping experience. Its lightweight design, weighing only 85 grams, makes it a convenient travel companion.<\/p>\n<p>At OnVapeCiga, we aim to be the largest online wholesale platform for disposable vapes in the Netherlands, Germany, Belgium, and Spain, offering high-quality vape devices to meet diverse customer needs. Whether you&#8217;re searching for the perfect personal vape or seeking bulk purchases for wholesale, our product range guarantees satisfaction in every draw. Visit onvapeciga.com today to<strong><a href=\"https:\/\/onvapeciga.com\/\"> explore your ideal vaping option.<\/a><\/strong><\/p>\n<\/div>\n<p>[\/vc_column_text][\/vc_column][\/vc_row][vc_row css=&#8221;.vc_custom_1614888019520{border-top-width: 1px !important;border-top-color: #b6b6b6 !important;border-top-style: solid !important;}&#8221;][vc_column][vc_column_text]<\/p>\n<p style=\"text-align: center;font-size: 0.9em;color: #b6b6b6\"><a href=\"https:\/\/dev.explora.cl\/rios\/protocolo\">Revisa nuestro Protocolo para Trabajo con Ni\u00f1os, Ni\u00f1as y Adolescentes<\/a><\/p>\n<p>[\/vc_column_text][\/vc_column][\/vc_row]<\/p>\n<\/div>\n<\/div>\n","protected":false},"excerpt":{"rendered":"<p>156 p\u00e1ginas escritas en espa\u00f1ol e ingl\u00e9s, 80 fotograf\u00edas a todo color de 59 fot\u00f3grafos, con contenido de divulgaci\u00f3n cient\u00edfica, se publicar\u00e1 libro que seleccion\u00f3 las mejores im\u00e1genes del concurso fotogr\u00e1fico \u201cOjo de Pez\u201d, que se realiz\u00f3 entre el 2014 y 2019<\/p>\n","protected":false},"author":31,"featured_media":39810,"comment_status":"open","ping_status":"open","sticky":false,"template":"","format":"standard","meta":{"_acf_changed":false,"_exactmetrics_skip_tracking":false,"_exactmetrics_sitenote_active":false,"_exactmetrics_sitenote_note":"","_exactmetrics_sitenote_category":0,"footnotes":"","_links_to":"","_links_to_target":""},"categories":[141,4],"tags":[398,397,269],"class_list":["post-39809","post","type-post","status-publish","format-standard","has-post-thumbnail","hentry","category-lugar-6","category-noticias","tag-descargable","tag-libro","tag-ojo-de-pez"],"acf":[],"yoast_head":"<!-- This site is optimized with the Yoast SEO plugin v26.7 - https:\/\/yoast.com\/wordpress\/plugins\/seo\/ -->\n<title>Se presentar\u00e1 libro de fotograf\u00edas de ecosistemas acu\u00e1ticos de Chile: \u201cOjo de Pez, Chile en im\u00e1genes de agua y vida\u201d - Los R\u00edos<\/title>\n<meta name=\"robots\" content=\"index, follow, max-snippet:-1, max-image-preview:large, max-video-preview:-1\" \/>\n<link rel=\"canonical\" href=\"https:\/\/dev.explora.cl\/rios\/se-presentara-libro-de-fotografias-de-ecosistemas-acuaticos-de-chile-ojo-de-pez-chile-en-imagenes-de-agua-y-vida\/\" class=\"yoast-seo-meta-tag\" \/>\n<meta property=\"og:locale\" content=\"es_ES\" class=\"yoast-seo-meta-tag\" \/>\n<meta property=\"og:type\" content=\"article\" class=\"yoast-seo-meta-tag\" \/>\n<meta property=\"og:title\" content=\"Se presentar\u00e1 libro de fotograf\u00edas de ecosistemas acu\u00e1ticos de Chile: \u201cOjo de Pez, Chile en im\u00e1genes de agua y vida\u201d - Los R\u00edos\" class=\"yoast-seo-meta-tag\" \/>\n<meta property=\"og:description\" content=\"156 p\u00e1ginas escritas en espa\u00f1ol e ingl\u00e9s, 80 fotograf\u00edas a todo color de 59 fot\u00f3grafos, con contenido de divulgaci\u00f3n cient\u00edfica, se publicar\u00e1 libro que seleccion\u00f3 las mejores im\u00e1genes del concurso fotogr\u00e1fico \u201cOjo de Pez\u201d, que se realiz\u00f3 entre el 2014 y 2019\" class=\"yoast-seo-meta-tag\" \/>\n<meta property=\"og:url\" content=\"https:\/\/dev.explora.cl\/rios\/se-presentara-libro-de-fotografias-de-ecosistemas-acuaticos-de-chile-ojo-de-pez-chile-en-imagenes-de-agua-y-vida\/\" class=\"yoast-seo-meta-tag\" \/>\n<meta property=\"og:site_name\" content=\"Los R\u00edos\" class=\"yoast-seo-meta-tag\" \/>\n<meta property=\"article:published_time\" content=\"2021-03-15T15:38:57+00:00\" class=\"yoast-seo-meta-tag\" \/>\n<meta property=\"article:modified_time\" content=\"2024-11-05T15:12:45+00:00\" class=\"yoast-seo-meta-tag\" \/>\n<meta property=\"og:image\" content=\"https:\/\/dev.explora.cl\/rios\/wp-content\/uploads\/sites\/16\/2021\/03\/librojopez.jpg\" class=\"yoast-seo-meta-tag\" \/>\n\t<meta property=\"og:image:width\" content=\"1500\" class=\"yoast-seo-meta-tag\" \/>\n\t<meta property=\"og:image:height\" content=\"1050\" class=\"yoast-seo-meta-tag\" \/>\n\t<meta property=\"og:image:type\" content=\"image\/jpeg\" class=\"yoast-seo-meta-tag\" \/>\n<meta name=\"author\" content=\"smancilla\" class=\"yoast-seo-meta-tag\" \/>\n<meta name=\"twitter:card\" content=\"summary_large_image\" class=\"yoast-seo-meta-tag\" \/>\n<meta name=\"twitter:label1\" content=\"Escrito por\" class=\"yoast-seo-meta-tag\" \/>\n\t<meta name=\"twitter:data1\" content=\"smancilla\" class=\"yoast-seo-meta-tag\" \/>\n\t<meta name=\"twitter:label2\" content=\"Tiempo estimado de lectura\" class=\"yoast-seo-meta-tag\" \/>\n\t<meta name=\"twitter:data2\" content=\"5 minutos\" class=\"yoast-seo-meta-tag\" \/>\n<script type=\"application\/ld+json\" class=\"yoast-schema-graph\">{\"@context\":\"https:\/\/schema.org\",\"@graph\":[{\"@type\":\"Article\",\"@id\":\"https:\/\/dev.explora.cl\/rios\/se-presentara-libro-de-fotografias-de-ecosistemas-acuaticos-de-chile-ojo-de-pez-chile-en-imagenes-de-agua-y-vida\/#article\",\"isPartOf\":{\"@id\":\"https:\/\/dev.explora.cl\/rios\/se-presentara-libro-de-fotografias-de-ecosistemas-acuaticos-de-chile-ojo-de-pez-chile-en-imagenes-de-agua-y-vida\/\"},\"author\":{\"name\":\"smancilla\",\"@id\":\"https:\/\/dev.explora.cl\/rios\/#\/schema\/person\/279896208736d277e75690dde6cc1ea9\"},\"headline\":\"Se presentar\u00e1 libro de fotograf\u00edas de ecosistemas acu\u00e1ticos de Chile: \u201cOjo de Pez, Chile en im\u00e1genes de agua y vida\u201d\",\"datePublished\":\"2021-03-15T15:38:57+00:00\",\"dateModified\":\"2024-11-05T15:12:45+00:00\",\"mainEntityOfPage\":{\"@id\":\"https:\/\/dev.explora.cl\/rios\/se-presentara-libro-de-fotografias-de-ecosistemas-acuaticos-de-chile-ojo-de-pez-chile-en-imagenes-de-agua-y-vida\/\"},\"wordCount\":1069,\"commentCount\":0,\"image\":{\"@id\":\"https:\/\/dev.explora.cl\/rios\/se-presentara-libro-de-fotografias-de-ecosistemas-acuaticos-de-chile-ojo-de-pez-chile-en-imagenes-de-agua-y-vida\/#primaryimage\"},\"thumbnailUrl\":\"https:\/\/dev.explora.cl\/rios\/wp-content\/uploads\/sites\/16\/2021\/03\/librojopez.jpg\",\"keywords\":[\"descargable\",\"libro\",\"ojo de pez\"],\"articleSection\":[\"Lugar 6\",\"Noticias\"],\"inLanguage\":\"es-CL\",\"potentialAction\":[{\"@type\":\"CommentAction\",\"name\":\"Comment\",\"target\":[\"https:\/\/dev.explora.cl\/rios\/se-presentara-libro-de-fotografias-de-ecosistemas-acuaticos-de-chile-ojo-de-pez-chile-en-imagenes-de-agua-y-vida\/#respond\"]}]},{\"@type\":\"WebPage\",\"@id\":\"https:\/\/dev.explora.cl\/rios\/se-presentara-libro-de-fotografias-de-ecosistemas-acuaticos-de-chile-ojo-de-pez-chile-en-imagenes-de-agua-y-vida\/\",\"url\":\"https:\/\/dev.explora.cl\/rios\/se-presentara-libro-de-fotografias-de-ecosistemas-acuaticos-de-chile-ojo-de-pez-chile-en-imagenes-de-agua-y-vida\/\",\"name\":\"Se presentar\u00e1 libro de fotograf\u00edas de ecosistemas acu\u00e1ticos de Chile: \u201cOjo de Pez, Chile en im\u00e1genes de agua y vida\u201d - Los R\u00edos\",\"isPartOf\":{\"@id\":\"https:\/\/dev.explora.cl\/rios\/#website\"},\"primaryImageOfPage\":{\"@id\":\"https:\/\/dev.explora.cl\/rios\/se-presentara-libro-de-fotografias-de-ecosistemas-acuaticos-de-chile-ojo-de-pez-chile-en-imagenes-de-agua-y-vida\/#primaryimage\"},\"image\":{\"@id\":\"https:\/\/dev.explora.cl\/rios\/se-presentara-libro-de-fotografias-de-ecosistemas-acuaticos-de-chile-ojo-de-pez-chile-en-imagenes-de-agua-y-vida\/#primaryimage\"},\"thumbnailUrl\":\"https:\/\/dev.explora.cl\/rios\/wp-content\/uploads\/sites\/16\/2021\/03\/librojopez.jpg\",\"datePublished\":\"2021-03-15T15:38:57+00:00\",\"dateModified\":\"2024-11-05T15:12:45+00:00\",\"author\":{\"@id\":\"https:\/\/dev.explora.cl\/rios\/#\/schema\/person\/279896208736d277e75690dde6cc1ea9\"},\"breadcrumb\":{\"@id\":\"https:\/\/dev.explora.cl\/rios\/se-presentara-libro-de-fotografias-de-ecosistemas-acuaticos-de-chile-ojo-de-pez-chile-en-imagenes-de-agua-y-vida\/#breadcrumb\"},\"inLanguage\":\"es-CL\",\"potentialAction\":[{\"@type\":\"ReadAction\",\"target\":[\"https:\/\/dev.explora.cl\/rios\/se-presentara-libro-de-fotografias-de-ecosistemas-acuaticos-de-chile-ojo-de-pez-chile-en-imagenes-de-agua-y-vida\/\"]}]},{\"@type\":\"ImageObject\",\"inLanguage\":\"es-CL\",\"@id\":\"https:\/\/dev.explora.cl\/rios\/se-presentara-libro-de-fotografias-de-ecosistemas-acuaticos-de-chile-ojo-de-pez-chile-en-imagenes-de-agua-y-vida\/#primaryimage\",\"url\":\"https:\/\/dev.explora.cl\/rios\/wp-content\/uploads\/sites\/16\/2021\/03\/librojopez.jpg\",\"contentUrl\":\"https:\/\/dev.explora.cl\/rios\/wp-content\/uploads\/sites\/16\/2021\/03\/librojopez.jpg\",\"width\":1500,\"height\":1050},{\"@type\":\"BreadcrumbList\",\"@id\":\"https:\/\/dev.explora.cl\/rios\/se-presentara-libro-de-fotografias-de-ecosistemas-acuaticos-de-chile-ojo-de-pez-chile-en-imagenes-de-agua-y-vida\/#breadcrumb\",\"itemListElement\":[{\"@type\":\"ListItem\",\"position\":1,\"name\":\"Portada\",\"item\":\"https:\/\/dev.explora.cl\/rios\/\"},{\"@type\":\"ListItem\",\"position\":2,\"name\":\"Se presentar\u00e1 libro de fotograf\u00edas de ecosistemas acu\u00e1ticos de Chile: \u201cOjo de Pez, Chile en im\u00e1genes de agua y vida\u201d\"}]},{\"@type\":\"WebSite\",\"@id\":\"https:\/\/dev.explora.cl\/rios\/#website\",\"url\":\"https:\/\/dev.explora.cl\/rios\/\",\"name\":\"Los R\u00edos\",\"description\":\"Otro sitio m\u00e1s de dev.explora.cl\",\"potentialAction\":[{\"@type\":\"SearchAction\",\"target\":{\"@type\":\"EntryPoint\",\"urlTemplate\":\"https:\/\/dev.explora.cl\/rios\/?s={search_term_string}\"},\"query-input\":{\"@type\":\"PropertyValueSpecification\",\"valueRequired\":true,\"valueName\":\"search_term_string\"}}],\"inLanguage\":\"es-CL\"},{\"@type\":\"Person\",\"@id\":\"https:\/\/dev.explora.cl\/rios\/#\/schema\/person\/279896208736d277e75690dde6cc1ea9\",\"name\":\"smancilla\",\"image\":{\"@type\":\"ImageObject\",\"inLanguage\":\"es-CL\",\"@id\":\"https:\/\/dev.explora.cl\/rios\/#\/schema\/person\/image\/\",\"url\":\"https:\/\/secure.gravatar.com\/avatar\/a1c7f8b1dd453e8facadec2bf18354190c777b5556feaaadfa0f6a129ab9b015?s=96&d=mm&r=g\",\"contentUrl\":\"https:\/\/secure.gravatar.com\/avatar\/a1c7f8b1dd453e8facadec2bf18354190c777b5556feaaadfa0f6a129ab9b015?s=96&d=mm&r=g\",\"caption\":\"smancilla\"},\"url\":\"https:\/\/dev.explora.cl\/rios\/author\/smancilla\/\"}]}<\/script>\n<!-- \/ Yoast SEO plugin. -->","yoast_head_json":{"title":"Se presentar\u00e1 libro de fotograf\u00edas de ecosistemas acu\u00e1ticos de Chile: \u201cOjo de Pez, Chile en im\u00e1genes de agua y vida\u201d - Los R\u00edos","robots":{"index":"index","follow":"follow","max-snippet":"max-snippet:-1","max-image-preview":"max-image-preview:large","max-video-preview":"max-video-preview:-1"},"canonical":"https:\/\/dev.explora.cl\/rios\/se-presentara-libro-de-fotografias-de-ecosistemas-acuaticos-de-chile-ojo-de-pez-chile-en-imagenes-de-agua-y-vida\/","og_locale":"es_ES","og_type":"article","og_title":"Se presentar\u00e1 libro de fotograf\u00edas de ecosistemas acu\u00e1ticos de Chile: \u201cOjo de Pez, Chile en im\u00e1genes de agua y vida\u201d - Los R\u00edos","og_description":"156 p\u00e1ginas escritas en espa\u00f1ol e ingl\u00e9s, 80 fotograf\u00edas a todo color de 59 fot\u00f3grafos, con contenido de divulgaci\u00f3n cient\u00edfica, se publicar\u00e1 libro que seleccion\u00f3 las mejores im\u00e1genes del concurso fotogr\u00e1fico \u201cOjo de Pez\u201d, que se realiz\u00f3 entre el 2014 y 2019","og_url":"https:\/\/dev.explora.cl\/rios\/se-presentara-libro-de-fotografias-de-ecosistemas-acuaticos-de-chile-ojo-de-pez-chile-en-imagenes-de-agua-y-vida\/","og_site_name":"Los R\u00edos","article_published_time":"2021-03-15T15:38:57+00:00","article_modified_time":"2024-11-05T15:12:45+00:00","og_image":[{"width":1500,"height":1050,"url":"https:\/\/dev.explora.cl\/rios\/wp-content\/uploads\/sites\/16\/2021\/03\/librojopez.jpg","type":"image\/jpeg"}],"author":"smancilla","twitter_card":"summary_large_image","twitter_misc":{"Escrito por":"smancilla","Tiempo estimado de lectura":"5 minutos"},"schema":{"@context":"https:\/\/schema.org","@graph":[{"@type":"Article","@id":"https:\/\/dev.explora.cl\/rios\/se-presentara-libro-de-fotografias-de-ecosistemas-acuaticos-de-chile-ojo-de-pez-chile-en-imagenes-de-agua-y-vida\/#article","isPartOf":{"@id":"https:\/\/dev.explora.cl\/rios\/se-presentara-libro-de-fotografias-de-ecosistemas-acuaticos-de-chile-ojo-de-pez-chile-en-imagenes-de-agua-y-vida\/"},"author":{"name":"smancilla","@id":"https:\/\/dev.explora.cl\/rios\/#\/schema\/person\/279896208736d277e75690dde6cc1ea9"},"headline":"Se presentar\u00e1 libro de fotograf\u00edas de ecosistemas acu\u00e1ticos de Chile: \u201cOjo de Pez, Chile en im\u00e1genes de agua y vida\u201d","datePublished":"2021-03-15T15:38:57+00:00","dateModified":"2024-11-05T15:12:45+00:00","mainEntityOfPage":{"@id":"https:\/\/dev.explora.cl\/rios\/se-presentara-libro-de-fotografias-de-ecosistemas-acuaticos-de-chile-ojo-de-pez-chile-en-imagenes-de-agua-y-vida\/"},"wordCount":1069,"commentCount":0,"image":{"@id":"https:\/\/dev.explora.cl\/rios\/se-presentara-libro-de-fotografias-de-ecosistemas-acuaticos-de-chile-ojo-de-pez-chile-en-imagenes-de-agua-y-vida\/#primaryimage"},"thumbnailUrl":"https:\/\/dev.explora.cl\/rios\/wp-content\/uploads\/sites\/16\/2021\/03\/librojopez.jpg","keywords":["descargable","libro","ojo de pez"],"articleSection":["Lugar 6","Noticias"],"inLanguage":"es-CL","potentialAction":[{"@type":"CommentAction","name":"Comment","target":["https:\/\/dev.explora.cl\/rios\/se-presentara-libro-de-fotografias-de-ecosistemas-acuaticos-de-chile-ojo-de-pez-chile-en-imagenes-de-agua-y-vida\/#respond"]}]},{"@type":"WebPage","@id":"https:\/\/dev.explora.cl\/rios\/se-presentara-libro-de-fotografias-de-ecosistemas-acuaticos-de-chile-ojo-de-pez-chile-en-imagenes-de-agua-y-vida\/","url":"https:\/\/dev.explora.cl\/rios\/se-presentara-libro-de-fotografias-de-ecosistemas-acuaticos-de-chile-ojo-de-pez-chile-en-imagenes-de-agua-y-vida\/","name":"Se presentar\u00e1 libro de fotograf\u00edas de ecosistemas acu\u00e1ticos de Chile: \u201cOjo de Pez, Chile en im\u00e1genes de agua y vida\u201d - Los R\u00edos","isPartOf":{"@id":"https:\/\/dev.explora.cl\/rios\/#website"},"primaryImageOfPage":{"@id":"https:\/\/dev.explora.cl\/rios\/se-presentara-libro-de-fotografias-de-ecosistemas-acuaticos-de-chile-ojo-de-pez-chile-en-imagenes-de-agua-y-vida\/#primaryimage"},"image":{"@id":"https:\/\/dev.explora.cl\/rios\/se-presentara-libro-de-fotografias-de-ecosistemas-acuaticos-de-chile-ojo-de-pez-chile-en-imagenes-de-agua-y-vida\/#primaryimage"},"thumbnailUrl":"https:\/\/dev.explora.cl\/rios\/wp-content\/uploads\/sites\/16\/2021\/03\/librojopez.jpg","datePublished":"2021-03-15T15:38:57+00:00","dateModified":"2024-11-05T15:12:45+00:00","author":{"@id":"https:\/\/dev.explora.cl\/rios\/#\/schema\/person\/279896208736d277e75690dde6cc1ea9"},"breadcrumb":{"@id":"https:\/\/dev.explora.cl\/rios\/se-presentara-libro-de-fotografias-de-ecosistemas-acuaticos-de-chile-ojo-de-pez-chile-en-imagenes-de-agua-y-vida\/#breadcrumb"},"inLanguage":"es-CL","potentialAction":[{"@type":"ReadAction","target":["https:\/\/dev.explora.cl\/rios\/se-presentara-libro-de-fotografias-de-ecosistemas-acuaticos-de-chile-ojo-de-pez-chile-en-imagenes-de-agua-y-vida\/"]}]},{"@type":"ImageObject","inLanguage":"es-CL","@id":"https:\/\/dev.explora.cl\/rios\/se-presentara-libro-de-fotografias-de-ecosistemas-acuaticos-de-chile-ojo-de-pez-chile-en-imagenes-de-agua-y-vida\/#primaryimage","url":"https:\/\/dev.explora.cl\/rios\/wp-content\/uploads\/sites\/16\/2021\/03\/librojopez.jpg","contentUrl":"https:\/\/dev.explora.cl\/rios\/wp-content\/uploads\/sites\/16\/2021\/03\/librojopez.jpg","width":1500,"height":1050},{"@type":"BreadcrumbList","@id":"https:\/\/dev.explora.cl\/rios\/se-presentara-libro-de-fotografias-de-ecosistemas-acuaticos-de-chile-ojo-de-pez-chile-en-imagenes-de-agua-y-vida\/#breadcrumb","itemListElement":[{"@type":"ListItem","position":1,"name":"Portada","item":"https:\/\/dev.explora.cl\/rios\/"},{"@type":"ListItem","position":2,"name":"Se presentar\u00e1 libro de fotograf\u00edas de ecosistemas acu\u00e1ticos de Chile: \u201cOjo de Pez, Chile en im\u00e1genes de agua y vida\u201d"}]},{"@type":"WebSite","@id":"https:\/\/dev.explora.cl\/rios\/#website","url":"https:\/\/dev.explora.cl\/rios\/","name":"Los R\u00edos","description":"Otro sitio m\u00e1s de dev.explora.cl","potentialAction":[{"@type":"SearchAction","target":{"@type":"EntryPoint","urlTemplate":"https:\/\/dev.explora.cl\/rios\/?s={search_term_string}"},"query-input":{"@type":"PropertyValueSpecification","valueRequired":true,"valueName":"search_term_string"}}],"inLanguage":"es-CL"},{"@type":"Person","@id":"https:\/\/dev.explora.cl\/rios\/#\/schema\/person\/279896208736d277e75690dde6cc1ea9","name":"smancilla","image":{"@type":"ImageObject","inLanguage":"es-CL","@id":"https:\/\/dev.explora.cl\/rios\/#\/schema\/person\/image\/","url":"https:\/\/secure.gravatar.com\/avatar\/a1c7f8b1dd453e8facadec2bf18354190c777b5556feaaadfa0f6a129ab9b015?s=96&d=mm&r=g","contentUrl":"https:\/\/secure.gravatar.com\/avatar\/a1c7f8b1dd453e8facadec2bf18354190c777b5556feaaadfa0f6a129ab9b015?s=96&d=mm&r=g","caption":"smancilla"},"url":"https:\/\/dev.explora.cl\/rios\/author\/smancilla\/"}]}},"_links":{"self":[{"href":"https:\/\/dev.explora.cl\/rios\/wp-json\/wp\/v2\/posts\/39809","targetHints":{"allow":["GET"]}}],"collection":[{"href":"https:\/\/dev.explora.cl\/rios\/wp-json\/wp\/v2\/posts"}],"about":[{"href":"https:\/\/dev.explora.cl\/rios\/wp-json\/wp\/v2\/types\/post"}],"author":[{"embeddable":true,"href":"https:\/\/dev.explora.cl\/rios\/wp-json\/wp\/v2\/users\/31"}],"replies":[{"embeddable":true,"href":"https:\/\/dev.explora.cl\/rios\/wp-json\/wp\/v2\/comments?post=39809"}],"version-history":[{"count":5,"href":"https:\/\/dev.explora.cl\/rios\/wp-json\/wp\/v2\/posts\/39809\/revisions"}],"predecessor-version":[{"id":43650,"href":"https:\/\/dev.explora.cl\/rios\/wp-json\/wp\/v2\/posts\/39809\/revisions\/43650"}],"wp:featuredmedia":[{"embeddable":true,"href":"https:\/\/dev.explora.cl\/rios\/wp-json\/wp\/v2\/media\/39810"}],"wp:attachment":[{"href":"https:\/\/dev.explora.cl\/rios\/wp-json\/wp\/v2\/media?parent=39809"}],"wp:term":[{"taxonomy":"category","embeddable":true,"href":"https:\/\/dev.explora.cl\/rios\/wp-json\/wp\/v2\/categories?post=39809"},{"taxonomy":"post_tag","embeddable":true,"href":"https:\/\/dev.explora.cl\/rios\/wp-json\/wp\/v2\/tags?post=39809"}],"curies":[{"name":"wp","href":"https:\/\/api.w.org\/{rel}","templated":true}]}}