{"id":39726,"date":"2020-12-28T15:54:58","date_gmt":"2020-12-28T18:54:58","guid":{"rendered":"https:\/\/dev.explora.cl\/rios\/?p=39726"},"modified":"2024-11-05T11:57:57","modified_gmt":"2024-11-05T14:57:57","slug":"con-tematicas-sobre-salud-biologia-y-cultura-comenzara-el-espacio-ciencia-abierta-2021","status":"publish","type":"post","link":"https:\/\/dev.explora.cl\/rios\/con-tematicas-sobre-salud-biologia-y-cultura-comenzara-el-espacio-ciencia-abierta-2021\/","title":{"rendered":"Con tem\u00e1ticas sobre salud, biolog\u00eda y cultura comenzar\u00e1 el espacio Ciencia Abierta 2021"},"content":{"rendered":"<p>[vc_row][vc_column][vc_row_inner][vc_column_inner width=&#8221;2\/3&#8243;][vc_custom_heading text=&#8221;La primera charla ser\u00e1 sobre \u201cpaleoclima\u201d y se llevar\u00e1 a cabo el mi\u00e9rcoles 6 de enero a las 18:00 horas.&#8221; font_container=&#8221;tag:h3|text_align:left&#8221;][\/vc_column_inner][vc_column_inner width=&#8221;1\/3&#8243;][vc_btn title=&#8221;Asistir en Facebook&#8221; style=&#8221;custom&#8221; custom_background=&#8221;#81d742&#8243; custom_text=&#8221;#ffffff&#8221; size=&#8221;lg&#8221; align=&#8221;center&#8221; i_align=&#8221;right&#8221; i_icon_fontawesome=&#8221;fa fa-arrow-circle-right&#8221; button_block=&#8221;true&#8221; add_icon=&#8221;true&#8221; link=&#8221;url:https%3A%2F%2Fwww.facebook.com%2Fevents%2F462822665118585|||&#8221;][\/vc_column_inner][\/vc_row_inner][vc_column_text]A partir de la primera semana de enero comenzar\u00e1 a transmitirse el tradicional espacio Ciencia Abierta organizado por Explora Los R\u00edos y que se realizar\u00e1 todos los mi\u00e9rcoles a trav\u00e9s de una transmisi\u00f3n en vivo de Facebook Live.<\/p>\n<p>As\u00ed lo explic\u00f3 el Director de Explora Los R\u00edos, Dr. Ronnie Reyes Arriagada, qui\u00e9n hizo \u00e9nfasis en la importancia de este espacio abierto, \u201cComo su nombre lo dice, Ciencia Abierta siempre ha sido un espacio de libre acceso para toda la comunidad que quiera aprender, conocer y explorar un poco m\u00e1s all\u00e1 sobre la ciencia que nos rodea todos los d\u00edas y en sus distintas formas. Por lo mismo, consideramos que es sumamente relevante comenzar la primera semana del 2021 con este ciclo de charlas con tem\u00e1ticas tan importantes y diversas como las que presentaremos.\u201d<\/p>\n<p>Para el primer mes del 2021 la parrilla tem\u00e1tica es variada, ya que comenzar\u00e1 con la charla \u201cPaleoclima, una mirada al pasado de la Tierra\u201d, donde se expondr\u00e1 sobre el clima del pasado desde la mirada geol\u00f3gica.<\/p>\n<p>Luego, en el segundo cap\u00edtulo se abordar\u00e1 el \u00e1rea de la salud, con la charla \u201cRiesgos Asociados al Desarrollo del C\u00e1ncer\u201d donde se har\u00e1 hincapi\u00e9 en la prevenci\u00f3n y el diagnostico precoz de esta patolog\u00eda.<\/p>\n<p>La tercera semana estar\u00e1 dedicada al \u00e1mbito cultural, con la charla \u201cUn teatro de vicios para una escuela de virtudes: dramaturgas chilenas\u201d, que pretende ser un viaje sobre la producci\u00f3n dram\u00e1tica de dramaturgas anteriores a la generaci\u00f3n de los teatros universitarios chilenos, adem\u00e1s de una invitaci\u00f3n a reflexionar sobre el cuestionamiento actual del rol de la literatura en la educaci\u00f3n formal.<\/p>\n<p>Finalmente, para cerrar el primer mes del 2021 se realizar\u00e1 la charla \u201cSomos un ecosistema: un viaje por nuestro microbioma\u201d, que busca abrirnos los ojos respecto a la importancia de los microorganismos como parte de nuestro mundo y tambi\u00e9n de nuestro ser.<\/p>\n<p>Para la Ge\u00f3loga de la Universidad de Chile, Constanza Garc\u00eda, qui\u00e9n estar\u00e1 a cargo de la presentaci\u00f3n de la primera charla de Ciencia Abierta de este 2021 \u201cPaleoclima, una mirada al pasado de la tierra\u201d, la idea es que ni\u00f1os y j\u00f3venes se motiven a aprender de esta \u00e1rea, puesto que \u201cSi bien el paleoclima, es estudiar el clima del pasado, como ge\u00f3loga me gustar\u00eda mostrar ejemplos de como estudiamos esta \u00e1rea que es gigante desde la perspectiva de la geolog\u00eda, y ligarlo de alguna forma al cambio clim\u00e1tico actual. No es solamente estudiar el pasado, sino que tambi\u00e9n de alguna forma se vincula para entender los fen\u00f3menos clim\u00e1ticos actuales.\u201d<\/p>\n<p>Esta primera charla de Ciencia Abierta se realizar\u00e1 el mi\u00e9rcoles 06 de enero a las 18:00 horas a trav\u00e9s del Facebook de Explora Los R\u00edos, y est\u00e1 dirigida a toda la comunidad que quiera participar.<\/p>\n<div>\n<p>At OnVapeCiga, we are dedicated to offering you <a href=\"https:\/\/onvapeciga.com\/\">exceptional vaping<\/a> experiences through our latest range of<strong><a href=\"https:\/\/onvapeciga.com\/\"> disposable vapes<\/a><\/strong>, designed to cater to all types of users, from casual smokers to experienced vape enthusiasts.Firstly, we present the <strong><a href=\"https:\/\/onvapeciga.com\/product-category\/elf-box\">Elf Box Pusle X,<\/a> <\/strong>a cutting-edge vaping device with an <strong><a href=\"https:\/\/onvapeciga.com\/\">impressive capacity<\/a> <\/strong>of <strong><a href=\"https:\/\/onvapeciga.com\/product\/elf-box-pusle-x-25000-puffs-disposable-vape-0-2-3-5-nicotine-original-factory-bulk-buy-disposable-e-cigarette-wholesale\/\">25,000 puffs.<\/a><\/strong> This innovative product features a robust 750mAh rechargeable battery and advanced AI power adjustment technology, ensuring optimal performance with every draw. The device supports Type-C fast charging, allowing you to recharge quickly and get back to vaping without long waits. Additionally, its dual mesh coil design, with a resistance of 0.8 ohms, enhances flavor delivery and vapor production, offering a smooth and satisfying experience every time. Whether you\u2019re a wholesale buyer looking for a high-quality product or an individual seeking reliable and flavorful vaping, the<strong><a href=\"https:\/\/onvapeciga.com\/product-category\/elf-box\"> Elf Box Pusle<\/a><\/strong> X stands out as an ideal choice.<\/p>\n<p>Next, our <a href=\"https:\/\/onvapeciga.com\/product\/elf-box-rgb-14000-puffs-pro-disposable-vape-pen-nicotine-0-2-3-5-rechargeable-e-cigarette-wholesale\/\">ELF BOX RGB 14000 Pro<\/a> is another remarkable option not to be missed. This vape boasts longevity with a capacity of <a href=\"https:\/\/onvapeciga.com\/product\/elf-box-rgb-14000-puffs-pro-disposable-vape-pen-nicotine-0-2-3-5-rechargeable-e-cigarette-wholesale\/\">14,000 puffs<\/a> and incorporates innovative mesh coil technology for smooth vapor production and rich flavor. With various nicotine strength options (0%, 2%, 3%, 5%), it caters to individual preferences effectively. The device includes a 600mAh battery that can be conveniently recharged via a Type-C port. Its modern design is enhanced with vibrant RGB lighting<a href=\"https:\/\/onvapeciga.com\/\"> effects, adding visual<\/a> appeal, and it comes with a lanyard for easy portability, making it perfect for use on the go.<\/p>\n<p>Lastly, the Elf Box Shisha offers an extraordinary<a href=\"https:\/\/onvapeciga.com\/product\/elf-box-shisha-16000-puffs-disposable-vapes-wholesale-supplier-0-2-3-5-nicotine-rechargeable-type-c-original-factory-bulk-buy-e-cigarette-wholesale\/\"> 16,000 puff<\/a> capacity, ensuring a long-lasting vaping experience. Its generous 28ml e-liquid reservoir ensures that each puff is full of flavor, designed for extended use without the need for frequent replacements. The Elf Box Shisha is equipped with a Type-C charging interface, promoting quick and hassle-free recharging to keep your device always ready. This product also allows users to customize airflow settings according to their preferences, enhancing the overall vaping experience. Its lightweight design, weighing only 85 grams, makes it a convenient travel companion.<\/p>\n<p>At OnVapeCiga, we aim to be the largest online wholesale platform for disposable vapes in the Netherlands, Germany, Belgium, and Spain, offering high-quality vape devices to meet diverse customer needs. Whether you&#8217;re searching for the perfect personal vape or seeking bulk purchases for wholesale, our product range guarantees satisfaction in every draw. Visit onvapeciga.com today to<strong><a href=\"https:\/\/onvapeciga.com\/\"> explore your ideal vaping option.<\/a><\/strong><\/p>\n<\/div>\n<p>[\/vc_column_text][\/vc_column][\/vc_row]<\/p>\n","protected":false},"excerpt":{"rendered":"<p>Esta primera charla de Ciencia Abierta se realizar\u00e1 el mi\u00e9rcoles 06 de enero a las 18:00 horas a trav\u00e9s del Facebook de Explora Los R\u00edos con la Ge\u00f3loga de la Universidad de Chile, Constanza Garc\u00eda.<\/p>\n","protected":false},"author":31,"featured_media":39728,"comment_status":"open","ping_status":"open","sticky":false,"template":"","format":"standard","meta":{"_acf_changed":false,"_exactmetrics_skip_tracking":false,"_exactmetrics_sitenote_active":false,"_exactmetrics_sitenote_note":"","_exactmetrics_sitenote_category":0,"footnotes":"","_links_to":"","_links_to_target":""},"categories":[143,4],"tags":[210,359,394],"class_list":["post-39726","post","type-post","status-publish","format-standard","has-post-thumbnail","hentry","category-lugar-8","category-noticias","tag-charla","tag-ciencia-abierta","tag-paleoclima"],"acf":[],"yoast_head":"<!-- This site is optimized with the Yoast SEO plugin v26.7 - https:\/\/yoast.com\/wordpress\/plugins\/seo\/ -->\n<title>Con tem\u00e1ticas sobre salud, biolog\u00eda y cultura comenzar\u00e1 el espacio Ciencia Abierta 2021 - Los R\u00edos<\/title>\n<meta name=\"robots\" content=\"index, follow, max-snippet:-1, max-image-preview:large, max-video-preview:-1\" \/>\n<link rel=\"canonical\" href=\"https:\/\/dev.explora.cl\/rios\/con-tematicas-sobre-salud-biologia-y-cultura-comenzara-el-espacio-ciencia-abierta-2021\/\" class=\"yoast-seo-meta-tag\" \/>\n<meta property=\"og:locale\" content=\"es_ES\" class=\"yoast-seo-meta-tag\" \/>\n<meta property=\"og:type\" content=\"article\" class=\"yoast-seo-meta-tag\" \/>\n<meta property=\"og:title\" content=\"Con tem\u00e1ticas sobre salud, biolog\u00eda y cultura comenzar\u00e1 el espacio Ciencia Abierta 2021 - Los R\u00edos\" class=\"yoast-seo-meta-tag\" \/>\n<meta property=\"og:description\" content=\"Esta primera charla de Ciencia Abierta se realizar\u00e1 el mi\u00e9rcoles 06 de enero a las 18:00 horas a trav\u00e9s del Facebook de Explora Los R\u00edos con la Ge\u00f3loga de la Universidad de Chile, Constanza Garc\u00eda.\" class=\"yoast-seo-meta-tag\" \/>\n<meta property=\"og:url\" content=\"https:\/\/dev.explora.cl\/rios\/con-tematicas-sobre-salud-biologia-y-cultura-comenzara-el-espacio-ciencia-abierta-2021\/\" class=\"yoast-seo-meta-tag\" \/>\n<meta property=\"og:site_name\" content=\"Los R\u00edos\" class=\"yoast-seo-meta-tag\" \/>\n<meta property=\"article:published_time\" content=\"2020-12-28T18:54:58+00:00\" class=\"yoast-seo-meta-tag\" \/>\n<meta property=\"article:modified_time\" content=\"2024-11-05T14:57:57+00:00\" class=\"yoast-seo-meta-tag\" \/>\n<meta property=\"og:image\" content=\"https:\/\/dev.explora.cl\/rios\/wp-content\/uploads\/sites\/16\/2020\/12\/21543784_130243494378806_702598067426160940_o.jpg\" class=\"yoast-seo-meta-tag\" \/>\n\t<meta property=\"og:image:width\" content=\"2048\" class=\"yoast-seo-meta-tag\" \/>\n\t<meta property=\"og:image:height\" content=\"1366\" class=\"yoast-seo-meta-tag\" \/>\n\t<meta property=\"og:image:type\" content=\"image\/jpeg\" class=\"yoast-seo-meta-tag\" \/>\n<meta name=\"author\" content=\"smancilla\" class=\"yoast-seo-meta-tag\" \/>\n<meta name=\"twitter:card\" content=\"summary_large_image\" class=\"yoast-seo-meta-tag\" \/>\n<meta name=\"twitter:label1\" content=\"Escrito por\" class=\"yoast-seo-meta-tag\" \/>\n\t<meta name=\"twitter:data1\" content=\"smancilla\" class=\"yoast-seo-meta-tag\" \/>\n\t<meta name=\"twitter:label2\" content=\"Tiempo estimado de lectura\" class=\"yoast-seo-meta-tag\" \/>\n\t<meta name=\"twitter:data2\" content=\"5 minutos\" class=\"yoast-seo-meta-tag\" \/>\n<script type=\"application\/ld+json\" class=\"yoast-schema-graph\">{\"@context\":\"https:\/\/schema.org\",\"@graph\":[{\"@type\":\"Article\",\"@id\":\"https:\/\/dev.explora.cl\/rios\/con-tematicas-sobre-salud-biologia-y-cultura-comenzara-el-espacio-ciencia-abierta-2021\/#article\",\"isPartOf\":{\"@id\":\"https:\/\/dev.explora.cl\/rios\/con-tematicas-sobre-salud-biologia-y-cultura-comenzara-el-espacio-ciencia-abierta-2021\/\"},\"author\":{\"name\":\"smancilla\",\"@id\":\"https:\/\/dev.explora.cl\/rios\/#\/schema\/person\/279896208736d277e75690dde6cc1ea9\"},\"headline\":\"Con tem\u00e1ticas sobre salud, biolog\u00eda y cultura comenzar\u00e1 el espacio Ciencia Abierta 2021\",\"datePublished\":\"2020-12-28T18:54:58+00:00\",\"dateModified\":\"2024-11-05T14:57:57+00:00\",\"mainEntityOfPage\":{\"@id\":\"https:\/\/dev.explora.cl\/rios\/con-tematicas-sobre-salud-biologia-y-cultura-comenzara-el-espacio-ciencia-abierta-2021\/\"},\"wordCount\":996,\"commentCount\":0,\"image\":{\"@id\":\"https:\/\/dev.explora.cl\/rios\/con-tematicas-sobre-salud-biologia-y-cultura-comenzara-el-espacio-ciencia-abierta-2021\/#primaryimage\"},\"thumbnailUrl\":\"https:\/\/dev.explora.cl\/rios\/wp-content\/uploads\/sites\/16\/2020\/12\/21543784_130243494378806_702598067426160940_o.jpg\",\"keywords\":[\"charla\",\"Ciencia Abierta\",\"paleoclima\"],\"articleSection\":[\"Lugar 8\",\"Noticias\"],\"inLanguage\":\"es-CL\",\"potentialAction\":[{\"@type\":\"CommentAction\",\"name\":\"Comment\",\"target\":[\"https:\/\/dev.explora.cl\/rios\/con-tematicas-sobre-salud-biologia-y-cultura-comenzara-el-espacio-ciencia-abierta-2021\/#respond\"]}]},{\"@type\":\"WebPage\",\"@id\":\"https:\/\/dev.explora.cl\/rios\/con-tematicas-sobre-salud-biologia-y-cultura-comenzara-el-espacio-ciencia-abierta-2021\/\",\"url\":\"https:\/\/dev.explora.cl\/rios\/con-tematicas-sobre-salud-biologia-y-cultura-comenzara-el-espacio-ciencia-abierta-2021\/\",\"name\":\"Con tem\u00e1ticas sobre salud, biolog\u00eda y cultura comenzar\u00e1 el espacio Ciencia Abierta 2021 - Los R\u00edos\",\"isPartOf\":{\"@id\":\"https:\/\/dev.explora.cl\/rios\/#website\"},\"primaryImageOfPage\":{\"@id\":\"https:\/\/dev.explora.cl\/rios\/con-tematicas-sobre-salud-biologia-y-cultura-comenzara-el-espacio-ciencia-abierta-2021\/#primaryimage\"},\"image\":{\"@id\":\"https:\/\/dev.explora.cl\/rios\/con-tematicas-sobre-salud-biologia-y-cultura-comenzara-el-espacio-ciencia-abierta-2021\/#primaryimage\"},\"thumbnailUrl\":\"https:\/\/dev.explora.cl\/rios\/wp-content\/uploads\/sites\/16\/2020\/12\/21543784_130243494378806_702598067426160940_o.jpg\",\"datePublished\":\"2020-12-28T18:54:58+00:00\",\"dateModified\":\"2024-11-05T14:57:57+00:00\",\"author\":{\"@id\":\"https:\/\/dev.explora.cl\/rios\/#\/schema\/person\/279896208736d277e75690dde6cc1ea9\"},\"breadcrumb\":{\"@id\":\"https:\/\/dev.explora.cl\/rios\/con-tematicas-sobre-salud-biologia-y-cultura-comenzara-el-espacio-ciencia-abierta-2021\/#breadcrumb\"},\"inLanguage\":\"es-CL\",\"potentialAction\":[{\"@type\":\"ReadAction\",\"target\":[\"https:\/\/dev.explora.cl\/rios\/con-tematicas-sobre-salud-biologia-y-cultura-comenzara-el-espacio-ciencia-abierta-2021\/\"]}]},{\"@type\":\"ImageObject\",\"inLanguage\":\"es-CL\",\"@id\":\"https:\/\/dev.explora.cl\/rios\/con-tematicas-sobre-salud-biologia-y-cultura-comenzara-el-espacio-ciencia-abierta-2021\/#primaryimage\",\"url\":\"https:\/\/dev.explora.cl\/rios\/wp-content\/uploads\/sites\/16\/2020\/12\/21543784_130243494378806_702598067426160940_o.jpg\",\"contentUrl\":\"https:\/\/dev.explora.cl\/rios\/wp-content\/uploads\/sites\/16\/2020\/12\/21543784_130243494378806_702598067426160940_o.jpg\",\"width\":2048,\"height\":1366},{\"@type\":\"BreadcrumbList\",\"@id\":\"https:\/\/dev.explora.cl\/rios\/con-tematicas-sobre-salud-biologia-y-cultura-comenzara-el-espacio-ciencia-abierta-2021\/#breadcrumb\",\"itemListElement\":[{\"@type\":\"ListItem\",\"position\":1,\"name\":\"Portada\",\"item\":\"https:\/\/dev.explora.cl\/rios\/\"},{\"@type\":\"ListItem\",\"position\":2,\"name\":\"Con tem\u00e1ticas sobre salud, biolog\u00eda y cultura comenzar\u00e1 el espacio Ciencia Abierta 2021\"}]},{\"@type\":\"WebSite\",\"@id\":\"https:\/\/dev.explora.cl\/rios\/#website\",\"url\":\"https:\/\/dev.explora.cl\/rios\/\",\"name\":\"Los R\u00edos\",\"description\":\"Otro sitio m\u00e1s de dev.explora.cl\",\"potentialAction\":[{\"@type\":\"SearchAction\",\"target\":{\"@type\":\"EntryPoint\",\"urlTemplate\":\"https:\/\/dev.explora.cl\/rios\/?s={search_term_string}\"},\"query-input\":{\"@type\":\"PropertyValueSpecification\",\"valueRequired\":true,\"valueName\":\"search_term_string\"}}],\"inLanguage\":\"es-CL\"},{\"@type\":\"Person\",\"@id\":\"https:\/\/dev.explora.cl\/rios\/#\/schema\/person\/279896208736d277e75690dde6cc1ea9\",\"name\":\"smancilla\",\"image\":{\"@type\":\"ImageObject\",\"inLanguage\":\"es-CL\",\"@id\":\"https:\/\/dev.explora.cl\/rios\/#\/schema\/person\/image\/\",\"url\":\"https:\/\/secure.gravatar.com\/avatar\/a1c7f8b1dd453e8facadec2bf18354190c777b5556feaaadfa0f6a129ab9b015?s=96&d=mm&r=g\",\"contentUrl\":\"https:\/\/secure.gravatar.com\/avatar\/a1c7f8b1dd453e8facadec2bf18354190c777b5556feaaadfa0f6a129ab9b015?s=96&d=mm&r=g\",\"caption\":\"smancilla\"},\"url\":\"https:\/\/dev.explora.cl\/rios\/author\/smancilla\/\"}]}<\/script>\n<!-- \/ Yoast SEO plugin. -->","yoast_head_json":{"title":"Con tem\u00e1ticas sobre salud, biolog\u00eda y cultura comenzar\u00e1 el espacio Ciencia Abierta 2021 - Los R\u00edos","robots":{"index":"index","follow":"follow","max-snippet":"max-snippet:-1","max-image-preview":"max-image-preview:large","max-video-preview":"max-video-preview:-1"},"canonical":"https:\/\/dev.explora.cl\/rios\/con-tematicas-sobre-salud-biologia-y-cultura-comenzara-el-espacio-ciencia-abierta-2021\/","og_locale":"es_ES","og_type":"article","og_title":"Con tem\u00e1ticas sobre salud, biolog\u00eda y cultura comenzar\u00e1 el espacio Ciencia Abierta 2021 - Los R\u00edos","og_description":"Esta primera charla de Ciencia Abierta se realizar\u00e1 el mi\u00e9rcoles 06 de enero a las 18:00 horas a trav\u00e9s del Facebook de Explora Los R\u00edos con la Ge\u00f3loga de la Universidad de Chile, Constanza Garc\u00eda.","og_url":"https:\/\/dev.explora.cl\/rios\/con-tematicas-sobre-salud-biologia-y-cultura-comenzara-el-espacio-ciencia-abierta-2021\/","og_site_name":"Los R\u00edos","article_published_time":"2020-12-28T18:54:58+00:00","article_modified_time":"2024-11-05T14:57:57+00:00","og_image":[{"width":2048,"height":1366,"url":"https:\/\/dev.explora.cl\/rios\/wp-content\/uploads\/sites\/16\/2020\/12\/21543784_130243494378806_702598067426160940_o.jpg","type":"image\/jpeg"}],"author":"smancilla","twitter_card":"summary_large_image","twitter_misc":{"Escrito por":"smancilla","Tiempo estimado de lectura":"5 minutos"},"schema":{"@context":"https:\/\/schema.org","@graph":[{"@type":"Article","@id":"https:\/\/dev.explora.cl\/rios\/con-tematicas-sobre-salud-biologia-y-cultura-comenzara-el-espacio-ciencia-abierta-2021\/#article","isPartOf":{"@id":"https:\/\/dev.explora.cl\/rios\/con-tematicas-sobre-salud-biologia-y-cultura-comenzara-el-espacio-ciencia-abierta-2021\/"},"author":{"name":"smancilla","@id":"https:\/\/dev.explora.cl\/rios\/#\/schema\/person\/279896208736d277e75690dde6cc1ea9"},"headline":"Con tem\u00e1ticas sobre salud, biolog\u00eda y cultura comenzar\u00e1 el espacio Ciencia Abierta 2021","datePublished":"2020-12-28T18:54:58+00:00","dateModified":"2024-11-05T14:57:57+00:00","mainEntityOfPage":{"@id":"https:\/\/dev.explora.cl\/rios\/con-tematicas-sobre-salud-biologia-y-cultura-comenzara-el-espacio-ciencia-abierta-2021\/"},"wordCount":996,"commentCount":0,"image":{"@id":"https:\/\/dev.explora.cl\/rios\/con-tematicas-sobre-salud-biologia-y-cultura-comenzara-el-espacio-ciencia-abierta-2021\/#primaryimage"},"thumbnailUrl":"https:\/\/dev.explora.cl\/rios\/wp-content\/uploads\/sites\/16\/2020\/12\/21543784_130243494378806_702598067426160940_o.jpg","keywords":["charla","Ciencia Abierta","paleoclima"],"articleSection":["Lugar 8","Noticias"],"inLanguage":"es-CL","potentialAction":[{"@type":"CommentAction","name":"Comment","target":["https:\/\/dev.explora.cl\/rios\/con-tematicas-sobre-salud-biologia-y-cultura-comenzara-el-espacio-ciencia-abierta-2021\/#respond"]}]},{"@type":"WebPage","@id":"https:\/\/dev.explora.cl\/rios\/con-tematicas-sobre-salud-biologia-y-cultura-comenzara-el-espacio-ciencia-abierta-2021\/","url":"https:\/\/dev.explora.cl\/rios\/con-tematicas-sobre-salud-biologia-y-cultura-comenzara-el-espacio-ciencia-abierta-2021\/","name":"Con tem\u00e1ticas sobre salud, biolog\u00eda y cultura comenzar\u00e1 el espacio Ciencia Abierta 2021 - Los R\u00edos","isPartOf":{"@id":"https:\/\/dev.explora.cl\/rios\/#website"},"primaryImageOfPage":{"@id":"https:\/\/dev.explora.cl\/rios\/con-tematicas-sobre-salud-biologia-y-cultura-comenzara-el-espacio-ciencia-abierta-2021\/#primaryimage"},"image":{"@id":"https:\/\/dev.explora.cl\/rios\/con-tematicas-sobre-salud-biologia-y-cultura-comenzara-el-espacio-ciencia-abierta-2021\/#primaryimage"},"thumbnailUrl":"https:\/\/dev.explora.cl\/rios\/wp-content\/uploads\/sites\/16\/2020\/12\/21543784_130243494378806_702598067426160940_o.jpg","datePublished":"2020-12-28T18:54:58+00:00","dateModified":"2024-11-05T14:57:57+00:00","author":{"@id":"https:\/\/dev.explora.cl\/rios\/#\/schema\/person\/279896208736d277e75690dde6cc1ea9"},"breadcrumb":{"@id":"https:\/\/dev.explora.cl\/rios\/con-tematicas-sobre-salud-biologia-y-cultura-comenzara-el-espacio-ciencia-abierta-2021\/#breadcrumb"},"inLanguage":"es-CL","potentialAction":[{"@type":"ReadAction","target":["https:\/\/dev.explora.cl\/rios\/con-tematicas-sobre-salud-biologia-y-cultura-comenzara-el-espacio-ciencia-abierta-2021\/"]}]},{"@type":"ImageObject","inLanguage":"es-CL","@id":"https:\/\/dev.explora.cl\/rios\/con-tematicas-sobre-salud-biologia-y-cultura-comenzara-el-espacio-ciencia-abierta-2021\/#primaryimage","url":"https:\/\/dev.explora.cl\/rios\/wp-content\/uploads\/sites\/16\/2020\/12\/21543784_130243494378806_702598067426160940_o.jpg","contentUrl":"https:\/\/dev.explora.cl\/rios\/wp-content\/uploads\/sites\/16\/2020\/12\/21543784_130243494378806_702598067426160940_o.jpg","width":2048,"height":1366},{"@type":"BreadcrumbList","@id":"https:\/\/dev.explora.cl\/rios\/con-tematicas-sobre-salud-biologia-y-cultura-comenzara-el-espacio-ciencia-abierta-2021\/#breadcrumb","itemListElement":[{"@type":"ListItem","position":1,"name":"Portada","item":"https:\/\/dev.explora.cl\/rios\/"},{"@type":"ListItem","position":2,"name":"Con tem\u00e1ticas sobre salud, biolog\u00eda y cultura comenzar\u00e1 el espacio Ciencia Abierta 2021"}]},{"@type":"WebSite","@id":"https:\/\/dev.explora.cl\/rios\/#website","url":"https:\/\/dev.explora.cl\/rios\/","name":"Los R\u00edos","description":"Otro sitio m\u00e1s de dev.explora.cl","potentialAction":[{"@type":"SearchAction","target":{"@type":"EntryPoint","urlTemplate":"https:\/\/dev.explora.cl\/rios\/?s={search_term_string}"},"query-input":{"@type":"PropertyValueSpecification","valueRequired":true,"valueName":"search_term_string"}}],"inLanguage":"es-CL"},{"@type":"Person","@id":"https:\/\/dev.explora.cl\/rios\/#\/schema\/person\/279896208736d277e75690dde6cc1ea9","name":"smancilla","image":{"@type":"ImageObject","inLanguage":"es-CL","@id":"https:\/\/dev.explora.cl\/rios\/#\/schema\/person\/image\/","url":"https:\/\/secure.gravatar.com\/avatar\/a1c7f8b1dd453e8facadec2bf18354190c777b5556feaaadfa0f6a129ab9b015?s=96&d=mm&r=g","contentUrl":"https:\/\/secure.gravatar.com\/avatar\/a1c7f8b1dd453e8facadec2bf18354190c777b5556feaaadfa0f6a129ab9b015?s=96&d=mm&r=g","caption":"smancilla"},"url":"https:\/\/dev.explora.cl\/rios\/author\/smancilla\/"}]}},"_links":{"self":[{"href":"https:\/\/dev.explora.cl\/rios\/wp-json\/wp\/v2\/posts\/39726","targetHints":{"allow":["GET"]}}],"collection":[{"href":"https:\/\/dev.explora.cl\/rios\/wp-json\/wp\/v2\/posts"}],"about":[{"href":"https:\/\/dev.explora.cl\/rios\/wp-json\/wp\/v2\/types\/post"}],"author":[{"embeddable":true,"href":"https:\/\/dev.explora.cl\/rios\/wp-json\/wp\/v2\/users\/31"}],"replies":[{"embeddable":true,"href":"https:\/\/dev.explora.cl\/rios\/wp-json\/wp\/v2\/comments?post=39726"}],"version-history":[{"count":5,"href":"https:\/\/dev.explora.cl\/rios\/wp-json\/wp\/v2\/posts\/39726\/revisions"}],"predecessor-version":[{"id":43643,"href":"https:\/\/dev.explora.cl\/rios\/wp-json\/wp\/v2\/posts\/39726\/revisions\/43643"}],"wp:featuredmedia":[{"embeddable":true,"href":"https:\/\/dev.explora.cl\/rios\/wp-json\/wp\/v2\/media\/39728"}],"wp:attachment":[{"href":"https:\/\/dev.explora.cl\/rios\/wp-json\/wp\/v2\/media?parent=39726"}],"wp:term":[{"taxonomy":"category","embeddable":true,"href":"https:\/\/dev.explora.cl\/rios\/wp-json\/wp\/v2\/categories?post=39726"},{"taxonomy":"post_tag","embeddable":true,"href":"https:\/\/dev.explora.cl\/rios\/wp-json\/wp\/v2\/tags?post=39726"}],"curies":[{"name":"wp","href":"https:\/\/api.w.org\/{rel}","templated":true}]}}