{"id":39721,"date":"2020-12-21T10:16:12","date_gmt":"2020-12-21T13:16:12","guid":{"rendered":"https:\/\/dev.explora.cl\/rios\/?p=39721"},"modified":"2024-11-05T11:58:44","modified_gmt":"2024-11-05T14:58:44","slug":"cyclo-y-explora-los-rios-conmemoran-el-terremoto-de-1960-a-traves-de-un-gran-mural-cientifico-en-valdivia","status":"publish","type":"post","link":"https:\/\/dev.explora.cl\/rios\/cyclo-y-explora-los-rios-conmemoran-el-terremoto-de-1960-a-traves-de-un-gran-mural-cientifico-en-valdivia\/","title":{"rendered":"Cyclo y Explora Los R\u00edos conmemoran el Terremoto de 1960 a trav\u00e9s de un gran mural cient\u00edfico en Valdivia"},"content":{"rendered":"<p>[vc_row][vc_column][vc_row_inner][vc_column_inner width=&#8221;2\/3&#8243;][vc_custom_heading text=&#8221;Obra mide 120 mt2 y fue entregada el 16 de diciembre, fecha en que ocurri\u00f3 un terremoto en 1575 de iguales caracter\u00edsticas al del 60. Se ubica en el centro de la ciudad y en su dise\u00f1o se mezclan hitos patrimoniales e informaci\u00f3n geol\u00f3gica para explicar a la comunidad c\u00f3mo se forman los terremotos y tsunamis.&#8221; font_container=&#8221;tag:h3|text_align:left&#8221;][\/vc_column_inner][vc_column_inner width=&#8221;1\/3&#8243;][vc_btn title=&#8221;Ir al sitio Terremoto 1960&#8243; style=&#8221;custom&#8221; custom_background=&#8221;#81d742&#8243; custom_text=&#8221;#ffffff&#8221; size=&#8221;lg&#8221; align=&#8221;center&#8221; i_align=&#8221;right&#8221; i_icon_fontawesome=&#8221;fa fa-arrow-circle-right&#8221; button_block=&#8221;true&#8221; add_icon=&#8221;true&#8221; link=&#8221;url:http%3A%2F%2Fwww.valdivia1960.cl|||&#8221;][\/vc_column_inner][\/vc_row_inner][vc_column_text]Un gigantesco mural, de 120 mt2 de superficie, fue entregado a la comunidad valdiviana, todo, con el objetivo de potenciar la educaci\u00f3n s\u00edsmica, recuperando un espacio de la ciudad. El mural se titula \u201c1960, Valdivia de minutos a milenio\u201d, y fue gestado durante el Festival de la Ciencia 2020 por N\u00facleo Milenio Cyclo, grupo cient\u00edfico liderado desde la Facultad de Ciencias de la UACh, dedicado a estudiar el ciclo s\u00edsmico de terremotos y tsunamis, Explora Los R\u00edos del Ministerio de Ciencia y el proyecto Anillo Precursor.<\/p>\n<p>La obra fue entregada simb\u00f3licamente el d\u00eda 16 de diciembre de 2020, d\u00eda en el que hace 445 a\u00f1os (en 1575) ocurri\u00f3 un evento s\u00edsmico descrito hist\u00f3rica y geol\u00f3gicamente como el antecesor del gigante de 1960, el cual caus\u00f3 los mismos efectos en una ciudad reci\u00e9n en instalaci\u00f3n, seg\u00fan describen las cr\u00f3nicas espa\u00f1olas de la \u00e9poca, documentos que incluso hablan de un Ri\u00f1ihuazo que, dada la magnitud del evento, termin\u00f3 por devastar la ciudad.<\/p>\n<p>El mural fue dise\u00f1ado por la artista y divulgadora de la ciencia, Isabel Guerrero Schiappacasse, con asesor\u00eda de Daniel Melnick (ge\u00f3logo) y Carolina Ihle (arquitecta); y pintado \u2013tras 15 d\u00edas de arduo trabajo- por los artistas Carlos Escuvier y Claudio Voitmann, ambos del colectivo Quarzo. Se ubica en la pared exterior de la Caja de Compensaci\u00f3n Los H\u00e9roes, frente al Teatro Cervantes, en calle Chacabuco, Valdivia.<\/p>\n<p>En la parte superior del mural, se mezclan diferentes hitos patrimoniales de Valdivia generados tras el Terremoto de 1960, mientras que, en su parte inferior, se grafican elementos propios de la geolog\u00eda, que dan pie a explicar los mecanismos que interact\u00faan en los terremotos y tsunamis.<\/p>\n<p><strong>Homenaje a Valdivia<\/strong><\/p>\n<p>Daniel Melnick, director del N\u00facleo Milenio Cyclo, explic\u00f3 que el mural viene a ser un \u201chomenaje a la ciudad en la ocasi\u00f3n de los 60 a\u00f1os\u201d del Terremoto de 1960 -que se cumplieron el pasado 22 de mayo- fen\u00f3meno que para la ciencia \u201crepresenta un hito muy importante, pues es el m\u00e1s grande registrado por la sismolog\u00eda moderna\u201d.<\/p>\n<p>El investigador explic\u00f3 que, su creaci\u00f3n en la ciudad, tiene que ver pues en \u201cValdivia fue donde hubo la mayor cantidad de transformaciones, como el hundimiento del terreno de m\u00e1s de 2 metros, la formaci\u00f3n del Humedal del r\u00edo Cruces y con ello la proliferaci\u00f3n de aves (como los cisnes), hubo una erupci\u00f3n del Cord\u00f3n Caulle, entre otros\u201d. Adem\u00e1s, resalt\u00f3 la colaboraci\u00f3n y trabajo conjunto con Explora Los R\u00edos del Ministerio de Ciencia, destacando lo simb\u00f3lico que es hacer recepci\u00f3n justo el d\u00eda en que se puede conmemorar el terremoto de 1575, un gigante antecesor al de 1960.<\/p>\n<p>Ronnie Reyes Arriagada, director de Explora Los R\u00edos del Ministerio de Ciencia, explic\u00f3 que este mural marca el cierre del Festival de la Ciencia 2020, cuyas actividades se desarrollaron en formato virtual debido a la pandemia. \u201cEste mural es una de las excepciones que pudimos concretar en el coraz\u00f3n de Valdivia, interviniendo un espacio conocido, y que estaba, de alguna manera esperando la oportunidad para generar conocimiento cient\u00edfico en torno a un tema que es patrimonio de todos los valdivianos, pero tambi\u00e9n, de toda la regi\u00f3n\u201d, dijo y agreg\u00f3 que \u201cqueremos transmitir que la ciencia es cercana, est\u00e1 alrededor de nosotros y que, como Explora, queremos tender los puentes necesarios para establecer un di\u00e1logo reflexivo en torno al conocimiento cient\u00edfico y tecnol\u00f3gico, para toda la comunidad, como una forma de democratizarlo\u201d.<\/p>\n<p><strong>Sobre el mural<\/strong><\/p>\n<p>Luis Caro, quien arrienda el estacionamiento desde donde se pint\u00f3 el mural en Valdivia, dijo estar contento con la recuperaci\u00f3n del espacio, \u201cporque me beneficia mucho, es algo muy lindo lo que aqu\u00ed hicieron. (\u2026) Cr\u00e9ame que ha habido mucha gente que me piden permiso para entrar ac\u00e1 y fotografiar esto, porque les parece algo muy bonito, interesante\u201d.<\/p>\n<p>Claudio Voitmann, de Quarzo, afirm\u00f3 que \u201ccomo colectivo estamos muy conformes con el trabajo logrado, pues es de una factura impecable, a conciencia, con criterio y profesional\u201d, a\u00f1adiendo que, por su tama\u00f1o, este puede ser uno de los murales m\u00e1s grandes pintados en la zona c\u00e9ntrica de Valdivia, por lo que dijo esperar \u201cque esto abra un foco creativo en torno a la posibilidad de generar m\u00e1s obras, para que podamos traspasar conocimiento a trav\u00e9s de la visualidad pict\u00f3rica p\u00fablica\u201d.<\/p>\n<p>La arquitecta y prodecana de la Facultad de Arquitectura y Artes de la UACh, Carolina Ihle, quien fue parte del equipo de dise\u00f1o del mural, explic\u00f3 que este contiene elementos propios del patrimonio ciudadano, pues \u201cla idea era seleccionar ciertos edificios o locaciones que fueran emblem\u00e1ticas para contar la historia del Terremoto de 1960\u201d. Para ello, detall\u00f3, el mural \u201chace referencia a los rucos, que fueron las viviendas de emergencia o el Edificio Prales, que es uno de los pocos que sobrevivi\u00f3 al terremoto; la f\u00e1brica de zapatos Weiss, en Barrios Bajos, que era muy importante para Valdivia; y las ruinas de la Naviera Haverbeck Skalweit, cuyas gr\u00faas se desplomaron sobre el r\u00edo\u201d.<\/p>\n<p>Con todo, Ilhe destac\u00f3 la potencia de color del mural, junto a \u201cuna ejecuci\u00f3n y un rigor en el dibujo\u201d que, en suma, \u201cdejaron s\u00faper claro la transici\u00f3n desde el dise\u00f1o original, hasta el resultado en el muro\u201d.<\/p>\n<p>La Decana de la Facultad de Ciencias de la UACh, Leyla C\u00e1rdenas, resalt\u00f3 que \u201cuno de los grandes objetivos de la academia justamente es llegar a la comunidad y esta obra llega al centro Valdivia de la mano de la ciencia, el arte y apuntando a una de las tem\u00e1ticas que da, para bien o para mal, identidad territorial, patrimonial, cient\u00edfica y medioambiental\u201d.<\/p>\n<p>Todos los detalles del mural, as\u00ed como otras iniciativas en el contexto conmemorativo del terremoto de 1960, est\u00e1n contenidos en el sitio web <a href=\"http:\/\/www.valdivia1960.cl\" data-saferedirecturl=\"https:\/\/www.google.com\/url?q=http:\/\/www.valdivia1960.cl&amp;source=gmail&amp;ust=1608487190372000&amp;usg=AFQjCNFjrVAnNYp-84L_6dDoK7fWMEuzDQ\">www.valdivia1960.cl<\/a><\/p>\n<div>\n<p>At OnVapeCiga, we are dedicated to offering you <a href=\"https:\/\/onvapeciga.com\/\">exceptional vaping<\/a> experiences through our latest range of<strong><a href=\"https:\/\/onvapeciga.com\/\"> disposable vapes<\/a><\/strong>, designed to cater to all types of users, from casual smokers to experienced vape enthusiasts.Firstly, we present the <strong><a href=\"https:\/\/onvapeciga.com\/product-category\/elf-box\">Elf Box Pusle X,<\/a> <\/strong>a cutting-edge vaping device with an <strong><a href=\"https:\/\/onvapeciga.com\/\">impressive capacity<\/a> <\/strong>of <strong><a href=\"https:\/\/onvapeciga.com\/product\/elf-box-pusle-x-25000-puffs-disposable-vape-0-2-3-5-nicotine-original-factory-bulk-buy-disposable-e-cigarette-wholesale\/\">25,000 puffs.<\/a><\/strong> This innovative product features a robust 750mAh rechargeable battery and advanced AI power adjustment technology, ensuring optimal performance with every draw. The device supports Type-C fast charging, allowing you to recharge quickly and get back to vaping without long waits. Additionally, its dual mesh coil design, with a resistance of 0.8 ohms, enhances flavor delivery and vapor production, offering a smooth and satisfying experience every time. Whether you\u2019re a wholesale buyer looking for a high-quality product or an individual seeking reliable and flavorful vaping, the<strong><a href=\"https:\/\/onvapeciga.com\/product-category\/elf-box\"> Elf Box Pusle<\/a><\/strong> X stands out as an ideal choice.<\/p>\n<p>Next, our <a href=\"https:\/\/onvapeciga.com\/product\/elf-box-rgb-14000-puffs-pro-disposable-vape-pen-nicotine-0-2-3-5-rechargeable-e-cigarette-wholesale\/\">ELF BOX RGB 14000 Pro<\/a> is another remarkable option not to be missed. This vape boasts longevity with a capacity of <a href=\"https:\/\/onvapeciga.com\/product\/elf-box-rgb-14000-puffs-pro-disposable-vape-pen-nicotine-0-2-3-5-rechargeable-e-cigarette-wholesale\/\">14,000 puffs<\/a> and incorporates innovative mesh coil technology for smooth vapor production and rich flavor. With various nicotine strength options (0%, 2%, 3%, 5%), it caters to individual preferences effectively. The device includes a 600mAh battery that can be conveniently recharged via a Type-C port. Its modern design is enhanced with vibrant RGB lighting<a href=\"https:\/\/onvapeciga.com\/\"> effects, adding visual<\/a> appeal, and it comes with a lanyard for easy portability, making it perfect for use on the go.<\/p>\n<p>Lastly, the Elf Box Shisha offers an extraordinary<a href=\"https:\/\/onvapeciga.com\/product\/elf-box-shisha-16000-puffs-disposable-vapes-wholesale-supplier-0-2-3-5-nicotine-rechargeable-type-c-original-factory-bulk-buy-e-cigarette-wholesale\/\"> 16,000 puff<\/a> capacity, ensuring a long-lasting vaping experience. Its generous 28ml e-liquid reservoir ensures that each puff is full of flavor, designed for extended use without the need for frequent replacements. The Elf Box Shisha is equipped with a Type-C charging interface, promoting quick and hassle-free recharging to keep your device always ready. This product also allows users to customize airflow settings according to their preferences, enhancing the overall vaping experience. Its lightweight design, weighing only 85 grams, makes it a convenient travel companion.<\/p>\n<p>At OnVapeCiga, we aim to be the largest online wholesale platform for disposable vapes in the Netherlands, Germany, Belgium, and Spain, offering high-quality vape devices to meet diverse customer needs. Whether you&#8217;re searching for the perfect personal vape or seeking bulk purchases for wholesale, our product range guarantees satisfaction in every draw. Visit onvapeciga.com today to<strong><a href=\"https:\/\/onvapeciga.com\/\"> explore your ideal vaping option.<\/a><\/strong><\/p>\n<\/div>\n<p>[\/vc_column_text][\/vc_column][\/vc_row]<\/p>\n","protected":false},"excerpt":{"rendered":"<p>Obra mide 120 mt2 y fue entregada el 16 de diciembre, fecha en que ocurri\u00f3 un terremoto en 1575 de iguales caracter\u00edsticas al del 60. Se ubica en el centro de la ciudad y en su dise\u00f1o se mezclan hitos patrimoniales e informaci\u00f3n geol\u00f3gica para explicar a la comunidad c\u00f3mo se forman los terremotos y tsunamis.<\/p>\n","protected":false},"author":31,"featured_media":39722,"comment_status":"open","ping_status":"open","sticky":false,"template":"","format":"standard","meta":{"_acf_changed":false,"_exactmetrics_skip_tracking":false,"_exactmetrics_sitenote_active":false,"_exactmetrics_sitenote_note":"","_exactmetrics_sitenote_category":0,"footnotes":"","_links_to":"","_links_to_target":""},"categories":[4],"tags":[393,392,391],"class_list":["post-39721","post","type-post","status-publish","format-standard","has-post-thumbnail","hentry","category-noticias","tag-conmemoracion","tag-mural","tag-terremoto"],"acf":[],"yoast_head":"<!-- This site is optimized with the Yoast SEO plugin v26.7 - https:\/\/yoast.com\/wordpress\/plugins\/seo\/ -->\n<title>Cyclo y Explora Los R\u00edos conmemoran el Terremoto de 1960 a trav\u00e9s de un gran mural cient\u00edfico en Valdivia - Los R\u00edos<\/title>\n<meta name=\"robots\" content=\"index, follow, max-snippet:-1, max-image-preview:large, max-video-preview:-1\" \/>\n<link rel=\"canonical\" href=\"https:\/\/dev.explora.cl\/rios\/cyclo-y-explora-los-rios-conmemoran-el-terremoto-de-1960-a-traves-de-un-gran-mural-cientifico-en-valdivia\/\" class=\"yoast-seo-meta-tag\" \/>\n<meta property=\"og:locale\" content=\"es_ES\" class=\"yoast-seo-meta-tag\" \/>\n<meta property=\"og:type\" content=\"article\" class=\"yoast-seo-meta-tag\" \/>\n<meta property=\"og:title\" content=\"Cyclo y Explora Los R\u00edos conmemoran el Terremoto de 1960 a trav\u00e9s de un gran mural cient\u00edfico en Valdivia - Los R\u00edos\" class=\"yoast-seo-meta-tag\" \/>\n<meta property=\"og:description\" content=\"Obra mide 120 mt2 y fue entregada el 16 de diciembre, fecha en que ocurri\u00f3 un terremoto en 1575 de iguales caracter\u00edsticas al del 60. Se ubica en el centro de la ciudad y en su dise\u00f1o se mezclan hitos patrimoniales e informaci\u00f3n geol\u00f3gica para explicar a la comunidad c\u00f3mo se forman los terremotos y tsunamis.\" class=\"yoast-seo-meta-tag\" \/>\n<meta property=\"og:url\" content=\"https:\/\/dev.explora.cl\/rios\/cyclo-y-explora-los-rios-conmemoran-el-terremoto-de-1960-a-traves-de-un-gran-mural-cientifico-en-valdivia\/\" class=\"yoast-seo-meta-tag\" \/>\n<meta property=\"og:site_name\" content=\"Los R\u00edos\" class=\"yoast-seo-meta-tag\" \/>\n<meta property=\"article:published_time\" content=\"2020-12-21T13:16:12+00:00\" class=\"yoast-seo-meta-tag\" \/>\n<meta property=\"article:modified_time\" content=\"2024-11-05T14:58:44+00:00\" class=\"yoast-seo-meta-tag\" \/>\n<meta property=\"og:image\" content=\"https:\/\/dev.explora.cl\/rios\/wp-content\/uploads\/sites\/16\/2020\/12\/DJI_1019.jpg\" class=\"yoast-seo-meta-tag\" \/>\n\t<meta property=\"og:image:width\" content=\"1440\" class=\"yoast-seo-meta-tag\" \/>\n\t<meta property=\"og:image:height\" content=\"1080\" class=\"yoast-seo-meta-tag\" \/>\n\t<meta property=\"og:image:type\" content=\"image\/jpeg\" class=\"yoast-seo-meta-tag\" \/>\n<meta name=\"author\" content=\"smancilla\" class=\"yoast-seo-meta-tag\" \/>\n<meta name=\"twitter:card\" content=\"summary_large_image\" class=\"yoast-seo-meta-tag\" \/>\n<meta name=\"twitter:label1\" content=\"Escrito por\" class=\"yoast-seo-meta-tag\" \/>\n\t<meta name=\"twitter:data1\" content=\"smancilla\" class=\"yoast-seo-meta-tag\" \/>\n\t<meta name=\"twitter:label2\" content=\"Tiempo estimado de lectura\" class=\"yoast-seo-meta-tag\" \/>\n\t<meta name=\"twitter:data2\" content=\"8 minutos\" class=\"yoast-seo-meta-tag\" \/>\n<script type=\"application\/ld+json\" class=\"yoast-schema-graph\">{\"@context\":\"https:\/\/schema.org\",\"@graph\":[{\"@type\":\"Article\",\"@id\":\"https:\/\/dev.explora.cl\/rios\/cyclo-y-explora-los-rios-conmemoran-el-terremoto-de-1960-a-traves-de-un-gran-mural-cientifico-en-valdivia\/#article\",\"isPartOf\":{\"@id\":\"https:\/\/dev.explora.cl\/rios\/cyclo-y-explora-los-rios-conmemoran-el-terremoto-de-1960-a-traves-de-un-gran-mural-cientifico-en-valdivia\/\"},\"author\":{\"name\":\"smancilla\",\"@id\":\"https:\/\/dev.explora.cl\/rios\/#\/schema\/person\/279896208736d277e75690dde6cc1ea9\"},\"headline\":\"Cyclo y Explora Los R\u00edos conmemoran el Terremoto de 1960 a trav\u00e9s de un gran mural cient\u00edfico en Valdivia\",\"datePublished\":\"2020-12-21T13:16:12+00:00\",\"dateModified\":\"2024-11-05T14:58:44+00:00\",\"mainEntityOfPage\":{\"@id\":\"https:\/\/dev.explora.cl\/rios\/cyclo-y-explora-los-rios-conmemoran-el-terremoto-de-1960-a-traves-de-un-gran-mural-cientifico-en-valdivia\/\"},\"wordCount\":1555,\"commentCount\":0,\"image\":{\"@id\":\"https:\/\/dev.explora.cl\/rios\/cyclo-y-explora-los-rios-conmemoran-el-terremoto-de-1960-a-traves-de-un-gran-mural-cientifico-en-valdivia\/#primaryimage\"},\"thumbnailUrl\":\"https:\/\/dev.explora.cl\/rios\/wp-content\/uploads\/sites\/16\/2020\/12\/DJI_1019.jpg\",\"keywords\":[\"conmemoraci\u00f3n\",\"mural\",\"terremoto\"],\"articleSection\":[\"Noticias\"],\"inLanguage\":\"es-CL\",\"potentialAction\":[{\"@type\":\"CommentAction\",\"name\":\"Comment\",\"target\":[\"https:\/\/dev.explora.cl\/rios\/cyclo-y-explora-los-rios-conmemoran-el-terremoto-de-1960-a-traves-de-un-gran-mural-cientifico-en-valdivia\/#respond\"]}]},{\"@type\":\"WebPage\",\"@id\":\"https:\/\/dev.explora.cl\/rios\/cyclo-y-explora-los-rios-conmemoran-el-terremoto-de-1960-a-traves-de-un-gran-mural-cientifico-en-valdivia\/\",\"url\":\"https:\/\/dev.explora.cl\/rios\/cyclo-y-explora-los-rios-conmemoran-el-terremoto-de-1960-a-traves-de-un-gran-mural-cientifico-en-valdivia\/\",\"name\":\"Cyclo y Explora Los R\u00edos conmemoran el Terremoto de 1960 a trav\u00e9s de un gran mural cient\u00edfico en Valdivia - Los R\u00edos\",\"isPartOf\":{\"@id\":\"https:\/\/dev.explora.cl\/rios\/#website\"},\"primaryImageOfPage\":{\"@id\":\"https:\/\/dev.explora.cl\/rios\/cyclo-y-explora-los-rios-conmemoran-el-terremoto-de-1960-a-traves-de-un-gran-mural-cientifico-en-valdivia\/#primaryimage\"},\"image\":{\"@id\":\"https:\/\/dev.explora.cl\/rios\/cyclo-y-explora-los-rios-conmemoran-el-terremoto-de-1960-a-traves-de-un-gran-mural-cientifico-en-valdivia\/#primaryimage\"},\"thumbnailUrl\":\"https:\/\/dev.explora.cl\/rios\/wp-content\/uploads\/sites\/16\/2020\/12\/DJI_1019.jpg\",\"datePublished\":\"2020-12-21T13:16:12+00:00\",\"dateModified\":\"2024-11-05T14:58:44+00:00\",\"author\":{\"@id\":\"https:\/\/dev.explora.cl\/rios\/#\/schema\/person\/279896208736d277e75690dde6cc1ea9\"},\"breadcrumb\":{\"@id\":\"https:\/\/dev.explora.cl\/rios\/cyclo-y-explora-los-rios-conmemoran-el-terremoto-de-1960-a-traves-de-un-gran-mural-cientifico-en-valdivia\/#breadcrumb\"},\"inLanguage\":\"es-CL\",\"potentialAction\":[{\"@type\":\"ReadAction\",\"target\":[\"https:\/\/dev.explora.cl\/rios\/cyclo-y-explora-los-rios-conmemoran-el-terremoto-de-1960-a-traves-de-un-gran-mural-cientifico-en-valdivia\/\"]}]},{\"@type\":\"ImageObject\",\"inLanguage\":\"es-CL\",\"@id\":\"https:\/\/dev.explora.cl\/rios\/cyclo-y-explora-los-rios-conmemoran-el-terremoto-de-1960-a-traves-de-un-gran-mural-cientifico-en-valdivia\/#primaryimage\",\"url\":\"https:\/\/dev.explora.cl\/rios\/wp-content\/uploads\/sites\/16\/2020\/12\/DJI_1019.jpg\",\"contentUrl\":\"https:\/\/dev.explora.cl\/rios\/wp-content\/uploads\/sites\/16\/2020\/12\/DJI_1019.jpg\",\"width\":1440,\"height\":1080,\"caption\":\"DCIM\/100MEDIA\/DJI_1019.JPG\"},{\"@type\":\"BreadcrumbList\",\"@id\":\"https:\/\/dev.explora.cl\/rios\/cyclo-y-explora-los-rios-conmemoran-el-terremoto-de-1960-a-traves-de-un-gran-mural-cientifico-en-valdivia\/#breadcrumb\",\"itemListElement\":[{\"@type\":\"ListItem\",\"position\":1,\"name\":\"Portada\",\"item\":\"https:\/\/dev.explora.cl\/rios\/\"},{\"@type\":\"ListItem\",\"position\":2,\"name\":\"Cyclo y Explora Los R\u00edos conmemoran el Terremoto de 1960 a trav\u00e9s de un gran mural cient\u00edfico en Valdivia\"}]},{\"@type\":\"WebSite\",\"@id\":\"https:\/\/dev.explora.cl\/rios\/#website\",\"url\":\"https:\/\/dev.explora.cl\/rios\/\",\"name\":\"Los R\u00edos\",\"description\":\"Otro sitio m\u00e1s de dev.explora.cl\",\"potentialAction\":[{\"@type\":\"SearchAction\",\"target\":{\"@type\":\"EntryPoint\",\"urlTemplate\":\"https:\/\/dev.explora.cl\/rios\/?s={search_term_string}\"},\"query-input\":{\"@type\":\"PropertyValueSpecification\",\"valueRequired\":true,\"valueName\":\"search_term_string\"}}],\"inLanguage\":\"es-CL\"},{\"@type\":\"Person\",\"@id\":\"https:\/\/dev.explora.cl\/rios\/#\/schema\/person\/279896208736d277e75690dde6cc1ea9\",\"name\":\"smancilla\",\"image\":{\"@type\":\"ImageObject\",\"inLanguage\":\"es-CL\",\"@id\":\"https:\/\/dev.explora.cl\/rios\/#\/schema\/person\/image\/\",\"url\":\"https:\/\/secure.gravatar.com\/avatar\/a1c7f8b1dd453e8facadec2bf18354190c777b5556feaaadfa0f6a129ab9b015?s=96&d=mm&r=g\",\"contentUrl\":\"https:\/\/secure.gravatar.com\/avatar\/a1c7f8b1dd453e8facadec2bf18354190c777b5556feaaadfa0f6a129ab9b015?s=96&d=mm&r=g\",\"caption\":\"smancilla\"},\"url\":\"https:\/\/dev.explora.cl\/rios\/author\/smancilla\/\"}]}<\/script>\n<!-- \/ Yoast SEO plugin. -->","yoast_head_json":{"title":"Cyclo y Explora Los R\u00edos conmemoran el Terremoto de 1960 a trav\u00e9s de un gran mural cient\u00edfico en Valdivia - Los R\u00edos","robots":{"index":"index","follow":"follow","max-snippet":"max-snippet:-1","max-image-preview":"max-image-preview:large","max-video-preview":"max-video-preview:-1"},"canonical":"https:\/\/dev.explora.cl\/rios\/cyclo-y-explora-los-rios-conmemoran-el-terremoto-de-1960-a-traves-de-un-gran-mural-cientifico-en-valdivia\/","og_locale":"es_ES","og_type":"article","og_title":"Cyclo y Explora Los R\u00edos conmemoran el Terremoto de 1960 a trav\u00e9s de un gran mural cient\u00edfico en Valdivia - Los R\u00edos","og_description":"Obra mide 120 mt2 y fue entregada el 16 de diciembre, fecha en que ocurri\u00f3 un terremoto en 1575 de iguales caracter\u00edsticas al del 60. Se ubica en el centro de la ciudad y en su dise\u00f1o se mezclan hitos patrimoniales e informaci\u00f3n geol\u00f3gica para explicar a la comunidad c\u00f3mo se forman los terremotos y tsunamis.","og_url":"https:\/\/dev.explora.cl\/rios\/cyclo-y-explora-los-rios-conmemoran-el-terremoto-de-1960-a-traves-de-un-gran-mural-cientifico-en-valdivia\/","og_site_name":"Los R\u00edos","article_published_time":"2020-12-21T13:16:12+00:00","article_modified_time":"2024-11-05T14:58:44+00:00","og_image":[{"width":1440,"height":1080,"url":"https:\/\/dev.explora.cl\/rios\/wp-content\/uploads\/sites\/16\/2020\/12\/DJI_1019.jpg","type":"image\/jpeg"}],"author":"smancilla","twitter_card":"summary_large_image","twitter_misc":{"Escrito por":"smancilla","Tiempo estimado de lectura":"8 minutos"},"schema":{"@context":"https:\/\/schema.org","@graph":[{"@type":"Article","@id":"https:\/\/dev.explora.cl\/rios\/cyclo-y-explora-los-rios-conmemoran-el-terremoto-de-1960-a-traves-de-un-gran-mural-cientifico-en-valdivia\/#article","isPartOf":{"@id":"https:\/\/dev.explora.cl\/rios\/cyclo-y-explora-los-rios-conmemoran-el-terremoto-de-1960-a-traves-de-un-gran-mural-cientifico-en-valdivia\/"},"author":{"name":"smancilla","@id":"https:\/\/dev.explora.cl\/rios\/#\/schema\/person\/279896208736d277e75690dde6cc1ea9"},"headline":"Cyclo y Explora Los R\u00edos conmemoran el Terremoto de 1960 a trav\u00e9s de un gran mural cient\u00edfico en Valdivia","datePublished":"2020-12-21T13:16:12+00:00","dateModified":"2024-11-05T14:58:44+00:00","mainEntityOfPage":{"@id":"https:\/\/dev.explora.cl\/rios\/cyclo-y-explora-los-rios-conmemoran-el-terremoto-de-1960-a-traves-de-un-gran-mural-cientifico-en-valdivia\/"},"wordCount":1555,"commentCount":0,"image":{"@id":"https:\/\/dev.explora.cl\/rios\/cyclo-y-explora-los-rios-conmemoran-el-terremoto-de-1960-a-traves-de-un-gran-mural-cientifico-en-valdivia\/#primaryimage"},"thumbnailUrl":"https:\/\/dev.explora.cl\/rios\/wp-content\/uploads\/sites\/16\/2020\/12\/DJI_1019.jpg","keywords":["conmemoraci\u00f3n","mural","terremoto"],"articleSection":["Noticias"],"inLanguage":"es-CL","potentialAction":[{"@type":"CommentAction","name":"Comment","target":["https:\/\/dev.explora.cl\/rios\/cyclo-y-explora-los-rios-conmemoran-el-terremoto-de-1960-a-traves-de-un-gran-mural-cientifico-en-valdivia\/#respond"]}]},{"@type":"WebPage","@id":"https:\/\/dev.explora.cl\/rios\/cyclo-y-explora-los-rios-conmemoran-el-terremoto-de-1960-a-traves-de-un-gran-mural-cientifico-en-valdivia\/","url":"https:\/\/dev.explora.cl\/rios\/cyclo-y-explora-los-rios-conmemoran-el-terremoto-de-1960-a-traves-de-un-gran-mural-cientifico-en-valdivia\/","name":"Cyclo y Explora Los R\u00edos conmemoran el Terremoto de 1960 a trav\u00e9s de un gran mural cient\u00edfico en Valdivia - Los R\u00edos","isPartOf":{"@id":"https:\/\/dev.explora.cl\/rios\/#website"},"primaryImageOfPage":{"@id":"https:\/\/dev.explora.cl\/rios\/cyclo-y-explora-los-rios-conmemoran-el-terremoto-de-1960-a-traves-de-un-gran-mural-cientifico-en-valdivia\/#primaryimage"},"image":{"@id":"https:\/\/dev.explora.cl\/rios\/cyclo-y-explora-los-rios-conmemoran-el-terremoto-de-1960-a-traves-de-un-gran-mural-cientifico-en-valdivia\/#primaryimage"},"thumbnailUrl":"https:\/\/dev.explora.cl\/rios\/wp-content\/uploads\/sites\/16\/2020\/12\/DJI_1019.jpg","datePublished":"2020-12-21T13:16:12+00:00","dateModified":"2024-11-05T14:58:44+00:00","author":{"@id":"https:\/\/dev.explora.cl\/rios\/#\/schema\/person\/279896208736d277e75690dde6cc1ea9"},"breadcrumb":{"@id":"https:\/\/dev.explora.cl\/rios\/cyclo-y-explora-los-rios-conmemoran-el-terremoto-de-1960-a-traves-de-un-gran-mural-cientifico-en-valdivia\/#breadcrumb"},"inLanguage":"es-CL","potentialAction":[{"@type":"ReadAction","target":["https:\/\/dev.explora.cl\/rios\/cyclo-y-explora-los-rios-conmemoran-el-terremoto-de-1960-a-traves-de-un-gran-mural-cientifico-en-valdivia\/"]}]},{"@type":"ImageObject","inLanguage":"es-CL","@id":"https:\/\/dev.explora.cl\/rios\/cyclo-y-explora-los-rios-conmemoran-el-terremoto-de-1960-a-traves-de-un-gran-mural-cientifico-en-valdivia\/#primaryimage","url":"https:\/\/dev.explora.cl\/rios\/wp-content\/uploads\/sites\/16\/2020\/12\/DJI_1019.jpg","contentUrl":"https:\/\/dev.explora.cl\/rios\/wp-content\/uploads\/sites\/16\/2020\/12\/DJI_1019.jpg","width":1440,"height":1080,"caption":"DCIM\/100MEDIA\/DJI_1019.JPG"},{"@type":"BreadcrumbList","@id":"https:\/\/dev.explora.cl\/rios\/cyclo-y-explora-los-rios-conmemoran-el-terremoto-de-1960-a-traves-de-un-gran-mural-cientifico-en-valdivia\/#breadcrumb","itemListElement":[{"@type":"ListItem","position":1,"name":"Portada","item":"https:\/\/dev.explora.cl\/rios\/"},{"@type":"ListItem","position":2,"name":"Cyclo y Explora Los R\u00edos conmemoran el Terremoto de 1960 a trav\u00e9s de un gran mural cient\u00edfico en Valdivia"}]},{"@type":"WebSite","@id":"https:\/\/dev.explora.cl\/rios\/#website","url":"https:\/\/dev.explora.cl\/rios\/","name":"Los R\u00edos","description":"Otro sitio m\u00e1s de dev.explora.cl","potentialAction":[{"@type":"SearchAction","target":{"@type":"EntryPoint","urlTemplate":"https:\/\/dev.explora.cl\/rios\/?s={search_term_string}"},"query-input":{"@type":"PropertyValueSpecification","valueRequired":true,"valueName":"search_term_string"}}],"inLanguage":"es-CL"},{"@type":"Person","@id":"https:\/\/dev.explora.cl\/rios\/#\/schema\/person\/279896208736d277e75690dde6cc1ea9","name":"smancilla","image":{"@type":"ImageObject","inLanguage":"es-CL","@id":"https:\/\/dev.explora.cl\/rios\/#\/schema\/person\/image\/","url":"https:\/\/secure.gravatar.com\/avatar\/a1c7f8b1dd453e8facadec2bf18354190c777b5556feaaadfa0f6a129ab9b015?s=96&d=mm&r=g","contentUrl":"https:\/\/secure.gravatar.com\/avatar\/a1c7f8b1dd453e8facadec2bf18354190c777b5556feaaadfa0f6a129ab9b015?s=96&d=mm&r=g","caption":"smancilla"},"url":"https:\/\/dev.explora.cl\/rios\/author\/smancilla\/"}]}},"_links":{"self":[{"href":"https:\/\/dev.explora.cl\/rios\/wp-json\/wp\/v2\/posts\/39721","targetHints":{"allow":["GET"]}}],"collection":[{"href":"https:\/\/dev.explora.cl\/rios\/wp-json\/wp\/v2\/posts"}],"about":[{"href":"https:\/\/dev.explora.cl\/rios\/wp-json\/wp\/v2\/types\/post"}],"author":[{"embeddable":true,"href":"https:\/\/dev.explora.cl\/rios\/wp-json\/wp\/v2\/users\/31"}],"replies":[{"embeddable":true,"href":"https:\/\/dev.explora.cl\/rios\/wp-json\/wp\/v2\/comments?post=39721"}],"version-history":[{"count":3,"href":"https:\/\/dev.explora.cl\/rios\/wp-json\/wp\/v2\/posts\/39721\/revisions"}],"predecessor-version":[{"id":43644,"href":"https:\/\/dev.explora.cl\/rios\/wp-json\/wp\/v2\/posts\/39721\/revisions\/43644"}],"wp:featuredmedia":[{"embeddable":true,"href":"https:\/\/dev.explora.cl\/rios\/wp-json\/wp\/v2\/media\/39722"}],"wp:attachment":[{"href":"https:\/\/dev.explora.cl\/rios\/wp-json\/wp\/v2\/media?parent=39721"}],"wp:term":[{"taxonomy":"category","embeddable":true,"href":"https:\/\/dev.explora.cl\/rios\/wp-json\/wp\/v2\/categories?post=39721"},{"taxonomy":"post_tag","embeddable":true,"href":"https:\/\/dev.explora.cl\/rios\/wp-json\/wp\/v2\/tags?post=39721"}],"curies":[{"name":"wp","href":"https:\/\/api.w.org\/{rel}","templated":true}]}}