{"id":39628,"date":"2020-11-09T12:35:52","date_gmt":"2020-11-09T15:35:52","guid":{"rendered":"https:\/\/dev.explora.cl\/rios\/?p=39628"},"modified":"2021-03-04T16:56:09","modified_gmt":"2021-03-04T19:56:09","slug":"festival-de-la-ciencia-invitan-a-participar-de-variada-parrilla-de-talleres-para-toda-la-familia","status":"publish","type":"post","link":"https:\/\/dev.explora.cl\/rios\/festival-de-la-ciencia-invitan-a-participar-de-variada-parrilla-de-talleres-para-toda-la-familia\/","title":{"rendered":"Festival de la Ciencia: Invitan a participar de variada parrilla de talleres para toda la familia"},"content":{"rendered":"<p>[vc_row][vc_column][vc_row_inner][vc_column_inner width=&#8221;2\/3&#8243;][vc_custom_heading text=&#8221;La iniciativa se llevar\u00e1 a cabo del 11 al 15 de noviembre y es organizada por el PAR Explora Los R\u00edos.&#8221; font_container=&#8221;tag:h3|text_align:left&#8221;][\/vc_column_inner][vc_column_inner width=&#8221;1\/3&#8243;][vc_btn title=&#8221;Elige tu taller aqu\u00ed&#8221; style=&#8221;custom&#8221; custom_background=&#8221;#81d742&#8243; custom_text=&#8221;#ffffff&#8221; size=&#8221;lg&#8221; align=&#8221;center&#8221; i_align=&#8221;right&#8221; i_icon_fontawesome=&#8221;fa fa-arrow-circle-right&#8221; button_block=&#8221;true&#8221; add_icon=&#8221;true&#8221; link=&#8221;url:https%3A%2F%2Fdev.explora.cl%2Frios%2Ftalleres-feci-2020%2F|||&#8221;][\/vc_column_inner][\/vc_row_inner][vc_column_text]A trav\u00e9s de diferentes actividades de innovaci\u00f3n, tecnolog\u00eda y cultura es que el Festival de La Ciencia busca ser una oportunidad para que toda la familia pueda vivir y disfrutar de la ciencia sin moverse de su casa.<\/p>\n<p>Desde ni\u00f1os hasta adultos mayores podr\u00e1n participar de la variada oferta program\u00e1tica del certamen, que incluye especiales de radio; visitas virtuales a parque y museos; y talleres para grandes y peque\u00f1os.<\/p>\n<p>Todas las actividades son gratuitas y ser\u00e1n transmitidas por el sitio web y las redes sociales del PAR Explora Los R\u00edos.<\/p>\n<p><strong>Talleres<\/strong><\/p>\n<p>Quienes deseen participar de los talleres deben inscribirse en el sitio web <a href=\"https:\/\/dev.explora.cl\/rios\">dev.explora.cl\/rios<\/a> y podr\u00e1n acceder a las actividades que tendr\u00e1n duraci\u00f3n de una hora, donde podr\u00e1n aprender desde los m\u00e1s peque\u00f1os hasta los m\u00e1s grandes.<\/p>\n<p>Para los primeros existen talleres donde se les ense\u00f1ar\u00e1 a dise\u00f1ar antifaces de aves, aprender\u00e1n las fases y movimientos de la luna y tambi\u00e9n crear\u00e1n r\u00e9plicas de huellas de dinosaurios.<\/p>\n<p>Mientras que para los j\u00f3venes existen talleres donde conocer\u00e1n sobre las se\u00f1ales espaciales y podr\u00e1n decodificarlas mediante sus tel\u00e9fonos celulares, asimismo aprender\u00e1n a cultivar su propio huerto desde la cosmovisi\u00f3n mapuche y conocer\u00e1n la ciencia que hay detr\u00e1s de la preparaci\u00f3n de un insumo tan b\u00e1sico como el pan.<\/p>\n<p>Los talleres se realizar\u00e1n los d\u00edas 11, 12 y 13 de octubre, a las 10:00 horas para ni\u00f1os y ni\u00f1as y a partir de las 16:00 horas para los m\u00e1s grandes.[\/vc_column_text][\/vc_column][\/vc_row][vc_row][vc_column][vc_row_inner][vc_column_inner width=&#8221;2\/3&#8243;][vc_custom_heading text=&#8221;Un nuevo Taller de Indagaci\u00f3n en Ciencias Sociales se desarrollar\u00e1 el pr\u00f3ximo 9 y 10 de mayo en el Espacio-Arte de Lanco. Las postulaciones cierran el 6 de mayo.&#8221; font_container=&#8221;tag:h3|text_align:left&#8221;][\/vc_column_inner][vc_column_inner width=&#8221;1\/3&#8243;][vc_btn title=&#8221;POSTULA AL TALLER&#8221; style=&#8221;custom&#8221; custom_background=&#8221;#81d742&#8243; custom_text=&#8221;#ffffff&#8221; size=&#8221;lg&#8221; align=&#8221;center&#8221; i_align=&#8221;right&#8221; i_icon_fontawesome=&#8221;fa fa-arrow-circle-right&#8221; button_block=&#8221;true&#8221; add_icon=&#8221;true&#8221;][\/vc_column_inner][\/vc_row_inner][vc_column_text]A trav\u00e9s de diferentes actividades de innovaci\u00f3n, tecnolog\u00eda y cultura es que el Festival de La Ciencia busca ser una oportunidad para que toda la familia pueda vivir y disfrutar de la ciencia sin moverse de su casa.<\/p>\n<p>Desde ni\u00f1os hasta adultos mayores podr\u00e1n participar de la variada oferta program\u00e1tica del certamen, que incluye especiales de radio; visitas virtuales a parque y museos; y talleres para grandes y peque\u00f1os.<\/p>\n<p>Todas las actividades son gratuitas y ser\u00e1n transmitidas por el sitio web y las redes sociales del PAR Explora Los R\u00edos.<\/p>\n<p><strong>Talleres<\/strong><\/p>\n<p>Quienes deseen participar de los talleres deben inscribirse en el sitio web <a href=\"https:\/\/dev.explora.cl\/rios\">dev.explora.cl\/rios<\/a> y podr\u00e1n acceder a las actividades que tendr\u00e1n duraci\u00f3n de una hora, donde podr\u00e1n aprender desde los m\u00e1s peque\u00f1os hasta los m\u00e1s grandes.<\/p>\n<p>Para los primeros existen talleres donde se les ense\u00f1ar\u00e1 a dise\u00f1ar antifaces de aves, aprender\u00e1n las fases y movimientos de la luna y tambi\u00e9n crear\u00e1n r\u00e9plicas de huellas de dinosaurios.<\/p>\n<p>Mientras que para los j\u00f3venes existen talleres donde conocer\u00e1n sobre las se\u00f1ales espaciales y podr\u00e1n decodificarlas mediante sus tel\u00e9fonos celulares, asimismo aprender\u00e1n a cultivar su propio huerto desde la cosmovisi\u00f3n mapuche y conocer\u00e1n la ciencia que hay detr\u00e1s de la preparaci\u00f3n de un insumo tan b\u00e1sico como el pan.<\/p>\n<p>Los talleres se realizar\u00e1n los d\u00edas 11, 12 y 13 de octubre, a las 10:00 horas para ni\u00f1os y ni\u00f1as y a partir de las 16:00 horas para los m\u00e1s grandes.[\/vc_column_text][\/vc_column][\/vc_row][vc_row][vc_column][vc_single_image image=&#8221;39631&#8243; img_size=&#8221;full&#8221;][\/vc_column][\/vc_row][vc_row][vc_column][vc_column_text]<\/p>\n<p style=\"text-align: center;font-size: 0.9em;color: #b6b6b6\"><a href=\"https:\/\/dev.explora.cl\/rios\/protocolo\">Revisa nuestro Protocolo para Trabajo con Ni\u00f1os, Ni\u00f1as y Adolescentes<\/a><\/p>\n<p>[\/vc_column_text][\/vc_column][\/vc_row]<\/p>\n","protected":false},"excerpt":{"rendered":"<p>La iniciativa se llevar\u00e1 a cabo del 11 al 15 de noviembre y es organizada por el PAR Explora Los R\u00edos.<\/p>\n","protected":false},"author":31,"featured_media":39630,"comment_status":"open","ping_status":"open","sticky":false,"template":"","format":"standard","meta":{"_acf_changed":false,"_exactmetrics_skip_tracking":false,"_exactmetrics_sitenote_active":false,"_exactmetrics_sitenote_note":"","_exactmetrics_sitenote_category":0,"footnotes":"","_links_to":"","_links_to_target":""},"categories":[4],"tags":[380,374,381,212],"class_list":["post-39628","post","type-post","status-publish","format-standard","has-post-thumbnail","hentry","category-noticias","tag-feci","tag-festival-de-la-ciencia","tag-infantil","tag-talleres"],"acf":[],"yoast_head":"<!-- This site is optimized with the Yoast SEO plugin v26.7 - https:\/\/yoast.com\/wordpress\/plugins\/seo\/ -->\n<title>Festival de la Ciencia: Invitan a participar de variada parrilla de talleres para toda la familia - Los R\u00edos<\/title>\n<meta name=\"robots\" content=\"index, follow, max-snippet:-1, max-image-preview:large, max-video-preview:-1\" \/>\n<link rel=\"canonical\" href=\"https:\/\/dev.explora.cl\/rios\/festival-de-la-ciencia-invitan-a-participar-de-variada-parrilla-de-talleres-para-toda-la-familia\/\" class=\"yoast-seo-meta-tag\" \/>\n<meta property=\"og:locale\" content=\"es_ES\" class=\"yoast-seo-meta-tag\" \/>\n<meta property=\"og:type\" content=\"article\" class=\"yoast-seo-meta-tag\" \/>\n<meta property=\"og:title\" content=\"Festival de la Ciencia: Invitan a participar de variada parrilla de talleres para toda la familia - Los R\u00edos\" class=\"yoast-seo-meta-tag\" \/>\n<meta property=\"og:description\" content=\"La iniciativa se llevar\u00e1 a cabo del 11 al 15 de noviembre y es organizada por el PAR Explora Los R\u00edos.\" class=\"yoast-seo-meta-tag\" \/>\n<meta property=\"og:url\" content=\"https:\/\/dev.explora.cl\/rios\/festival-de-la-ciencia-invitan-a-participar-de-variada-parrilla-de-talleres-para-toda-la-familia\/\" class=\"yoast-seo-meta-tag\" \/>\n<meta property=\"og:site_name\" content=\"Los R\u00edos\" class=\"yoast-seo-meta-tag\" \/>\n<meta property=\"article:published_time\" content=\"2020-11-09T15:35:52+00:00\" class=\"yoast-seo-meta-tag\" \/>\n<meta property=\"article:modified_time\" content=\"2021-03-04T19:56:09+00:00\" class=\"yoast-seo-meta-tag\" \/>\n<meta property=\"og:image\" content=\"https:\/\/dev.explora.cl\/rios\/wp-content\/uploads\/sites\/16\/2020\/11\/DSC03023.jpg\" class=\"yoast-seo-meta-tag\" \/>\n\t<meta property=\"og:image:width\" content=\"1620\" class=\"yoast-seo-meta-tag\" \/>\n\t<meta property=\"og:image:height\" content=\"1080\" class=\"yoast-seo-meta-tag\" \/>\n\t<meta property=\"og:image:type\" content=\"image\/jpeg\" class=\"yoast-seo-meta-tag\" \/>\n<meta name=\"author\" content=\"smancilla\" class=\"yoast-seo-meta-tag\" \/>\n<meta name=\"twitter:card\" content=\"summary_large_image\" class=\"yoast-seo-meta-tag\" \/>\n<meta name=\"twitter:label1\" content=\"Escrito por\" class=\"yoast-seo-meta-tag\" \/>\n\t<meta name=\"twitter:data1\" content=\"smancilla\" class=\"yoast-seo-meta-tag\" \/>\n\t<meta name=\"twitter:label2\" content=\"Tiempo estimado de lectura\" class=\"yoast-seo-meta-tag\" \/>\n\t<meta name=\"twitter:data2\" content=\"4 minutos\" class=\"yoast-seo-meta-tag\" \/>\n<script type=\"application\/ld+json\" class=\"yoast-schema-graph\">{\"@context\":\"https:\/\/schema.org\",\"@graph\":[{\"@type\":\"Article\",\"@id\":\"https:\/\/dev.explora.cl\/rios\/festival-de-la-ciencia-invitan-a-participar-de-variada-parrilla-de-talleres-para-toda-la-familia\/#article\",\"isPartOf\":{\"@id\":\"https:\/\/dev.explora.cl\/rios\/festival-de-la-ciencia-invitan-a-participar-de-variada-parrilla-de-talleres-para-toda-la-familia\/\"},\"author\":{\"name\":\"smancilla\",\"@id\":\"https:\/\/dev.explora.cl\/rios\/#\/schema\/person\/279896208736d277e75690dde6cc1ea9\"},\"headline\":\"Festival de la Ciencia: Invitan a participar de variada parrilla de talleres para toda la familia\",\"datePublished\":\"2020-11-09T15:35:52+00:00\",\"dateModified\":\"2021-03-04T19:56:09+00:00\",\"mainEntityOfPage\":{\"@id\":\"https:\/\/dev.explora.cl\/rios\/festival-de-la-ciencia-invitan-a-participar-de-variada-parrilla-de-talleres-para-toda-la-familia\/\"},\"wordCount\":817,\"commentCount\":0,\"image\":{\"@id\":\"https:\/\/dev.explora.cl\/rios\/festival-de-la-ciencia-invitan-a-participar-de-variada-parrilla-de-talleres-para-toda-la-familia\/#primaryimage\"},\"thumbnailUrl\":\"https:\/\/dev.explora.cl\/rios\/wp-content\/uploads\/sites\/16\/2020\/11\/DSC03023.jpg\",\"keywords\":[\"FECI\",\"Festival de la Ciencia\",\"infantil\",\"talleres\"],\"articleSection\":[\"Noticias\"],\"inLanguage\":\"es-CL\",\"potentialAction\":[{\"@type\":\"CommentAction\",\"name\":\"Comment\",\"target\":[\"https:\/\/dev.explora.cl\/rios\/festival-de-la-ciencia-invitan-a-participar-de-variada-parrilla-de-talleres-para-toda-la-familia\/#respond\"]}]},{\"@type\":\"WebPage\",\"@id\":\"https:\/\/dev.explora.cl\/rios\/festival-de-la-ciencia-invitan-a-participar-de-variada-parrilla-de-talleres-para-toda-la-familia\/\",\"url\":\"https:\/\/dev.explora.cl\/rios\/festival-de-la-ciencia-invitan-a-participar-de-variada-parrilla-de-talleres-para-toda-la-familia\/\",\"name\":\"Festival de la Ciencia: Invitan a participar de variada parrilla de talleres para toda la familia - Los R\u00edos\",\"isPartOf\":{\"@id\":\"https:\/\/dev.explora.cl\/rios\/#website\"},\"primaryImageOfPage\":{\"@id\":\"https:\/\/dev.explora.cl\/rios\/festival-de-la-ciencia-invitan-a-participar-de-variada-parrilla-de-talleres-para-toda-la-familia\/#primaryimage\"},\"image\":{\"@id\":\"https:\/\/dev.explora.cl\/rios\/festival-de-la-ciencia-invitan-a-participar-de-variada-parrilla-de-talleres-para-toda-la-familia\/#primaryimage\"},\"thumbnailUrl\":\"https:\/\/dev.explora.cl\/rios\/wp-content\/uploads\/sites\/16\/2020\/11\/DSC03023.jpg\",\"datePublished\":\"2020-11-09T15:35:52+00:00\",\"dateModified\":\"2021-03-04T19:56:09+00:00\",\"author\":{\"@id\":\"https:\/\/dev.explora.cl\/rios\/#\/schema\/person\/279896208736d277e75690dde6cc1ea9\"},\"breadcrumb\":{\"@id\":\"https:\/\/dev.explora.cl\/rios\/festival-de-la-ciencia-invitan-a-participar-de-variada-parrilla-de-talleres-para-toda-la-familia\/#breadcrumb\"},\"inLanguage\":\"es-CL\",\"potentialAction\":[{\"@type\":\"ReadAction\",\"target\":[\"https:\/\/dev.explora.cl\/rios\/festival-de-la-ciencia-invitan-a-participar-de-variada-parrilla-de-talleres-para-toda-la-familia\/\"]}]},{\"@type\":\"ImageObject\",\"inLanguage\":\"es-CL\",\"@id\":\"https:\/\/dev.explora.cl\/rios\/festival-de-la-ciencia-invitan-a-participar-de-variada-parrilla-de-talleres-para-toda-la-familia\/#primaryimage\",\"url\":\"https:\/\/dev.explora.cl\/rios\/wp-content\/uploads\/sites\/16\/2020\/11\/DSC03023.jpg\",\"contentUrl\":\"https:\/\/dev.explora.cl\/rios\/wp-content\/uploads\/sites\/16\/2020\/11\/DSC03023.jpg\",\"width\":1620,\"height\":1080},{\"@type\":\"BreadcrumbList\",\"@id\":\"https:\/\/dev.explora.cl\/rios\/festival-de-la-ciencia-invitan-a-participar-de-variada-parrilla-de-talleres-para-toda-la-familia\/#breadcrumb\",\"itemListElement\":[{\"@type\":\"ListItem\",\"position\":1,\"name\":\"Portada\",\"item\":\"https:\/\/dev.explora.cl\/rios\/\"},{\"@type\":\"ListItem\",\"position\":2,\"name\":\"Festival de la Ciencia: Invitan a participar de variada parrilla de talleres para toda la familia\"}]},{\"@type\":\"WebSite\",\"@id\":\"https:\/\/dev.explora.cl\/rios\/#website\",\"url\":\"https:\/\/dev.explora.cl\/rios\/\",\"name\":\"Los R\u00edos\",\"description\":\"Otro sitio m\u00e1s de dev.explora.cl\",\"potentialAction\":[{\"@type\":\"SearchAction\",\"target\":{\"@type\":\"EntryPoint\",\"urlTemplate\":\"https:\/\/dev.explora.cl\/rios\/?s={search_term_string}\"},\"query-input\":{\"@type\":\"PropertyValueSpecification\",\"valueRequired\":true,\"valueName\":\"search_term_string\"}}],\"inLanguage\":\"es-CL\"},{\"@type\":\"Person\",\"@id\":\"https:\/\/dev.explora.cl\/rios\/#\/schema\/person\/279896208736d277e75690dde6cc1ea9\",\"name\":\"smancilla\",\"image\":{\"@type\":\"ImageObject\",\"inLanguage\":\"es-CL\",\"@id\":\"https:\/\/dev.explora.cl\/rios\/#\/schema\/person\/image\/\",\"url\":\"https:\/\/secure.gravatar.com\/avatar\/a1c7f8b1dd453e8facadec2bf18354190c777b5556feaaadfa0f6a129ab9b015?s=96&d=mm&r=g\",\"contentUrl\":\"https:\/\/secure.gravatar.com\/avatar\/a1c7f8b1dd453e8facadec2bf18354190c777b5556feaaadfa0f6a129ab9b015?s=96&d=mm&r=g\",\"caption\":\"smancilla\"},\"url\":\"https:\/\/dev.explora.cl\/rios\/author\/smancilla\/\"}]}<\/script>\n<!-- \/ Yoast SEO plugin. -->","yoast_head_json":{"title":"Festival de la Ciencia: Invitan a participar de variada parrilla de talleres para toda la familia - Los R\u00edos","robots":{"index":"index","follow":"follow","max-snippet":"max-snippet:-1","max-image-preview":"max-image-preview:large","max-video-preview":"max-video-preview:-1"},"canonical":"https:\/\/dev.explora.cl\/rios\/festival-de-la-ciencia-invitan-a-participar-de-variada-parrilla-de-talleres-para-toda-la-familia\/","og_locale":"es_ES","og_type":"article","og_title":"Festival de la Ciencia: Invitan a participar de variada parrilla de talleres para toda la familia - Los R\u00edos","og_description":"La iniciativa se llevar\u00e1 a cabo del 11 al 15 de noviembre y es organizada por el PAR Explora Los R\u00edos.","og_url":"https:\/\/dev.explora.cl\/rios\/festival-de-la-ciencia-invitan-a-participar-de-variada-parrilla-de-talleres-para-toda-la-familia\/","og_site_name":"Los R\u00edos","article_published_time":"2020-11-09T15:35:52+00:00","article_modified_time":"2021-03-04T19:56:09+00:00","og_image":[{"width":1620,"height":1080,"url":"https:\/\/dev.explora.cl\/rios\/wp-content\/uploads\/sites\/16\/2020\/11\/DSC03023.jpg","type":"image\/jpeg"}],"author":"smancilla","twitter_card":"summary_large_image","twitter_misc":{"Escrito por":"smancilla","Tiempo estimado de lectura":"4 minutos"},"schema":{"@context":"https:\/\/schema.org","@graph":[{"@type":"Article","@id":"https:\/\/dev.explora.cl\/rios\/festival-de-la-ciencia-invitan-a-participar-de-variada-parrilla-de-talleres-para-toda-la-familia\/#article","isPartOf":{"@id":"https:\/\/dev.explora.cl\/rios\/festival-de-la-ciencia-invitan-a-participar-de-variada-parrilla-de-talleres-para-toda-la-familia\/"},"author":{"name":"smancilla","@id":"https:\/\/dev.explora.cl\/rios\/#\/schema\/person\/279896208736d277e75690dde6cc1ea9"},"headline":"Festival de la Ciencia: Invitan a participar de variada parrilla de talleres para toda la familia","datePublished":"2020-11-09T15:35:52+00:00","dateModified":"2021-03-04T19:56:09+00:00","mainEntityOfPage":{"@id":"https:\/\/dev.explora.cl\/rios\/festival-de-la-ciencia-invitan-a-participar-de-variada-parrilla-de-talleres-para-toda-la-familia\/"},"wordCount":817,"commentCount":0,"image":{"@id":"https:\/\/dev.explora.cl\/rios\/festival-de-la-ciencia-invitan-a-participar-de-variada-parrilla-de-talleres-para-toda-la-familia\/#primaryimage"},"thumbnailUrl":"https:\/\/dev.explora.cl\/rios\/wp-content\/uploads\/sites\/16\/2020\/11\/DSC03023.jpg","keywords":["FECI","Festival de la Ciencia","infantil","talleres"],"articleSection":["Noticias"],"inLanguage":"es-CL","potentialAction":[{"@type":"CommentAction","name":"Comment","target":["https:\/\/dev.explora.cl\/rios\/festival-de-la-ciencia-invitan-a-participar-de-variada-parrilla-de-talleres-para-toda-la-familia\/#respond"]}]},{"@type":"WebPage","@id":"https:\/\/dev.explora.cl\/rios\/festival-de-la-ciencia-invitan-a-participar-de-variada-parrilla-de-talleres-para-toda-la-familia\/","url":"https:\/\/dev.explora.cl\/rios\/festival-de-la-ciencia-invitan-a-participar-de-variada-parrilla-de-talleres-para-toda-la-familia\/","name":"Festival de la Ciencia: Invitan a participar de variada parrilla de talleres para toda la familia - Los R\u00edos","isPartOf":{"@id":"https:\/\/dev.explora.cl\/rios\/#website"},"primaryImageOfPage":{"@id":"https:\/\/dev.explora.cl\/rios\/festival-de-la-ciencia-invitan-a-participar-de-variada-parrilla-de-talleres-para-toda-la-familia\/#primaryimage"},"image":{"@id":"https:\/\/dev.explora.cl\/rios\/festival-de-la-ciencia-invitan-a-participar-de-variada-parrilla-de-talleres-para-toda-la-familia\/#primaryimage"},"thumbnailUrl":"https:\/\/dev.explora.cl\/rios\/wp-content\/uploads\/sites\/16\/2020\/11\/DSC03023.jpg","datePublished":"2020-11-09T15:35:52+00:00","dateModified":"2021-03-04T19:56:09+00:00","author":{"@id":"https:\/\/dev.explora.cl\/rios\/#\/schema\/person\/279896208736d277e75690dde6cc1ea9"},"breadcrumb":{"@id":"https:\/\/dev.explora.cl\/rios\/festival-de-la-ciencia-invitan-a-participar-de-variada-parrilla-de-talleres-para-toda-la-familia\/#breadcrumb"},"inLanguage":"es-CL","potentialAction":[{"@type":"ReadAction","target":["https:\/\/dev.explora.cl\/rios\/festival-de-la-ciencia-invitan-a-participar-de-variada-parrilla-de-talleres-para-toda-la-familia\/"]}]},{"@type":"ImageObject","inLanguage":"es-CL","@id":"https:\/\/dev.explora.cl\/rios\/festival-de-la-ciencia-invitan-a-participar-de-variada-parrilla-de-talleres-para-toda-la-familia\/#primaryimage","url":"https:\/\/dev.explora.cl\/rios\/wp-content\/uploads\/sites\/16\/2020\/11\/DSC03023.jpg","contentUrl":"https:\/\/dev.explora.cl\/rios\/wp-content\/uploads\/sites\/16\/2020\/11\/DSC03023.jpg","width":1620,"height":1080},{"@type":"BreadcrumbList","@id":"https:\/\/dev.explora.cl\/rios\/festival-de-la-ciencia-invitan-a-participar-de-variada-parrilla-de-talleres-para-toda-la-familia\/#breadcrumb","itemListElement":[{"@type":"ListItem","position":1,"name":"Portada","item":"https:\/\/dev.explora.cl\/rios\/"},{"@type":"ListItem","position":2,"name":"Festival de la Ciencia: Invitan a participar de variada parrilla de talleres para toda la familia"}]},{"@type":"WebSite","@id":"https:\/\/dev.explora.cl\/rios\/#website","url":"https:\/\/dev.explora.cl\/rios\/","name":"Los R\u00edos","description":"Otro sitio m\u00e1s de dev.explora.cl","potentialAction":[{"@type":"SearchAction","target":{"@type":"EntryPoint","urlTemplate":"https:\/\/dev.explora.cl\/rios\/?s={search_term_string}"},"query-input":{"@type":"PropertyValueSpecification","valueRequired":true,"valueName":"search_term_string"}}],"inLanguage":"es-CL"},{"@type":"Person","@id":"https:\/\/dev.explora.cl\/rios\/#\/schema\/person\/279896208736d277e75690dde6cc1ea9","name":"smancilla","image":{"@type":"ImageObject","inLanguage":"es-CL","@id":"https:\/\/dev.explora.cl\/rios\/#\/schema\/person\/image\/","url":"https:\/\/secure.gravatar.com\/avatar\/a1c7f8b1dd453e8facadec2bf18354190c777b5556feaaadfa0f6a129ab9b015?s=96&d=mm&r=g","contentUrl":"https:\/\/secure.gravatar.com\/avatar\/a1c7f8b1dd453e8facadec2bf18354190c777b5556feaaadfa0f6a129ab9b015?s=96&d=mm&r=g","caption":"smancilla"},"url":"https:\/\/dev.explora.cl\/rios\/author\/smancilla\/"}]}},"_links":{"self":[{"href":"https:\/\/dev.explora.cl\/rios\/wp-json\/wp\/v2\/posts\/39628","targetHints":{"allow":["GET"]}}],"collection":[{"href":"https:\/\/dev.explora.cl\/rios\/wp-json\/wp\/v2\/posts"}],"about":[{"href":"https:\/\/dev.explora.cl\/rios\/wp-json\/wp\/v2\/types\/post"}],"author":[{"embeddable":true,"href":"https:\/\/dev.explora.cl\/rios\/wp-json\/wp\/v2\/users\/31"}],"replies":[{"embeddable":true,"href":"https:\/\/dev.explora.cl\/rios\/wp-json\/wp\/v2\/comments?post=39628"}],"version-history":[{"count":4,"href":"https:\/\/dev.explora.cl\/rios\/wp-json\/wp\/v2\/posts\/39628\/revisions"}],"predecessor-version":[{"id":39796,"href":"https:\/\/dev.explora.cl\/rios\/wp-json\/wp\/v2\/posts\/39628\/revisions\/39796"}],"wp:featuredmedia":[{"embeddable":true,"href":"https:\/\/dev.explora.cl\/rios\/wp-json\/wp\/v2\/media\/39630"}],"wp:attachment":[{"href":"https:\/\/dev.explora.cl\/rios\/wp-json\/wp\/v2\/media?parent=39628"}],"wp:term":[{"taxonomy":"category","embeddable":true,"href":"https:\/\/dev.explora.cl\/rios\/wp-json\/wp\/v2\/categories?post=39628"},{"taxonomy":"post_tag","embeddable":true,"href":"https:\/\/dev.explora.cl\/rios\/wp-json\/wp\/v2\/tags?post=39628"}],"curies":[{"name":"wp","href":"https:\/\/api.w.org\/{rel}","templated":true}]}}