{"id":39586,"date":"2020-11-03T20:35:49","date_gmt":"2020-11-03T23:35:49","guid":{"rendered":"https:\/\/dev.explora.cl\/rios\/?p=39586"},"modified":"2020-11-14T00:18:18","modified_gmt":"2020-11-14T03:18:18","slug":"talleres-feci-2020","status":"publish","type":"post","link":"https:\/\/dev.explora.cl\/rios\/talleres-feci-2020\/","title":{"rendered":"Talleres FECI 2020"},"content":{"rendered":"<p>[vc_row el_id=&#8221;ir&#8221;][vc_column][vc_custom_heading text=&#8221;\u00a1Elige tu taller gratuito e inscr\u00edbete en Hora Creativa!&#8221; font_container=&#8221;tag:h2|font_size:46|text_align:center|color:%238224e3|line_height:1.5%20em&#8221; google_fonts=&#8221;font_family:Open%20Sans%3A300%2C300italic%2Cregular%2Citalic%2C600%2C600italic%2C700%2C700italic%2C800%2C800italic|font_style:800%20bold%20regular%3A800%3Anormal&#8221; css=&#8221;.vc_custom_1604693217518{margin-top: 20px !important;margin-bottom: 50px !important;}&#8221;][vc_custom_heading text=&#8221;Para ni\u00f1os y ni\u00f1as peque\u00f1os&#8221; font_container=&#8221;tag:h2|font_size:2em|text_align:center&#8221; google_fonts=&#8221;font_family:Open%20Sans%3A300%2C300italic%2Cregular%2Citalic%2C600%2C600italic%2C700%2C700italic%2C800%2C800italic|font_style:400%20regular%3A400%3Anormal&#8221; css=&#8221;.vc_custom_1604693640654{margin-bottom: 25px !important;}&#8221;][\/vc_column][\/vc_row][vc_row][vc_column width=&#8221;1\/3&#8243;][vc_cta h2=&#8221;Antifaces Avifauna Nativa &#8211; 5 a 12 a\u00f1os&#8221; h4=&#8221;11 de noviembre, 10:00 hrs&#8221; style=&#8221;3d&#8221; color=&#8221;turquoise&#8221; add_button=&#8221;bottom&#8221; btn_title=&#8221;Cerrado&#8221; btn_style=&#8221;custom&#8221; btn_custom_background=&#8221;#dd3333&#8243; btn_custom_text=&#8221;#ffffff&#8221; btn_size=&#8221;lg&#8221; btn_align=&#8221;center&#8221; btn_i_icon_fontawesome=&#8221;fa fa-ban&#8221; btn_link=&#8221;url:%23|||&#8221; btn_button_block=&#8221;true&#8221; btn_add_icon=&#8221;true&#8221; btn_custom_onclick=&#8221;true&#8221;]Taller en el cual se confeccionar\u00e1n antifaces de aves de la zona sur de Chile utilizando formatos predise\u00f1ados, para ello necesitaremos materiales como cartulina, tijeras, g\u00e9neros, silicona fr\u00eda, mostacillas, etc.[\/vc_cta][\/vc_column][vc_column width=&#8221;1\/3&#8243;][vc_cta h2=&#8221;Galleluna &#8211; 5 a 10 a\u00f1os&#8221; h4=&#8221;12 de noviembre, 10:00 hrs&#8221; style=&#8221;3d&#8221; color=&#8221;turquoise&#8221; add_button=&#8221;bottom&#8221; btn_title=&#8221;Cerrado&#8221; btn_style=&#8221;custom&#8221; btn_custom_background=&#8221;#dd3333&#8243; btn_custom_text=&#8221;#ffffff&#8221; btn_size=&#8221;lg&#8221; btn_align=&#8221;center&#8221; btn_i_icon_fontawesome=&#8221;fa fa-ban&#8221; btn_link=&#8221;url:%23|||&#8221; btn_button_block=&#8221;true&#8221; btn_add_icon=&#8221;true&#8221; btn_custom_onclick=&#8221;true&#8221;]Se realizar\u00e1 un taller en el cual se desarrollan contenidos sobre la Luna, sus caracter\u00edsticas, sus movimientos de rotaci\u00f3n y traslaci\u00f3n, Fases Lunares y efectos de marea.<br \/>\nDirigido por: Jennifer Anguita Agu\u0308ero, Licenciada en Astronom\u00eda.[\/vc_cta][\/vc_column][vc_column width=&#8221;1\/3&#8243;][vc_cta h2=&#8221;Tras las Huellas de Los Dinosaurios &#8211; 6 a 15 a\u00f1os&#8221; h4=&#8221;13 de noviembre, 10:00 hrs&#8221; style=&#8221;3d&#8221; color=&#8221;turquoise&#8221; add_button=&#8221;bottom&#8221; btn_title=&#8221;Cerrado&#8221; btn_style=&#8221;custom&#8221; btn_custom_background=&#8221;#dd3333&#8243; btn_custom_text=&#8221;#ffffff&#8221; btn_size=&#8221;lg&#8221; btn_align=&#8221;center&#8221; btn_i_icon_fontawesome=&#8221;fa fa-ban&#8221; btn_link=&#8221;url:%23|||&#8221; btn_button_block=&#8221;true&#8221; btn_add_icon=&#8221;true&#8221; btn_custom_onclick=&#8221;true&#8221;]Se crear\u00e1 una r\u00e9plica de huella de dinosaurio con materiales caseros, junto con el p\u00fablico en sus casas.<br \/>\nPor: Sociedad Chilena de Paleoarte y Divulgaci\u00f3n (SOCHPAD)[\/vc_cta][\/vc_column][\/vc_row][vc_row][vc_column][vc_custom_heading text=&#8221;Para los m\u00e1s grandes&#8221; font_container=&#8221;tag:h2|font_size:2em|text_align:center&#8221; google_fonts=&#8221;font_family:Open%20Sans%3A300%2C300italic%2Cregular%2Citalic%2C600%2C600italic%2C700%2C700italic%2C800%2C800italic|font_style:400%20regular%3A400%3Anormal&#8221; css=&#8221;.vc_custom_1604693655489{margin-top: 25px !important;margin-bottom: 25px !important;}&#8221;][\/vc_column][\/vc_row][vc_row][vc_column width=&#8221;1\/3&#8243;][vc_cta h2=&#8221;Se\u00f1ales del espacio &#8211; Mayores de 12 a\u00f1os&#8221; h4=&#8221;11 de noviembre, 16:00 hrs&#8221; style=&#8221;3d&#8221; color=&#8221;turquoise&#8221; add_button=&#8221;bottom&#8221; btn_title=&#8221;Cerrado&#8221; btn_style=&#8221;custom&#8221; btn_custom_background=&#8221;#dd3333&#8243; btn_custom_text=&#8221;#ffffff&#8221; btn_size=&#8221;lg&#8221; btn_align=&#8221;center&#8221; btn_i_icon_fontawesome=&#8221;fa fa-ban&#8221; btn_link=&#8221;url:%23|||&#8221; btn_button_block=&#8221;true&#8221; btn_add_icon=&#8221;true&#8221; btn_custom_onclick=&#8221;true&#8221;]Taller interactivo donde realizaremos actividades relacionadas con se\u00f1ales poco conocidas que nos env\u00edan desde el espacio los astronautas y cosmonautas que se encuentran en la Estaci\u00f3n Espacial Internacional (ISS). El espectador ser\u00e1 capaz de interactuar respondiendo preguntas, trivias y decodificando se\u00f1ales que nos han enviado desde el espacio, en su tel\u00e9fono celular, lo que asegurar\u00e1 el aprendizaje y entretenci\u00f3n de los participantes.<br \/>\nPor: Centro de Estudios Cient\u00edficos CECs[\/vc_cta][\/vc_column][vc_column width=&#8221;1\/3&#8243;][vc_cta h2=&#8221;Huertos y Cosmovisi\u00f3n Mapuche &#8211; Mayores de 12 a\u00f1os&#8221; h4=&#8221;12 de noviembre, 16:00 hrs&#8221; style=&#8221;3d&#8221; color=&#8221;turquoise&#8221; add_button=&#8221;bottom&#8221; btn_title=&#8221;Cerrado&#8221; btn_style=&#8221;custom&#8221; btn_custom_background=&#8221;#dd3333&#8243; btn_custom_text=&#8221;#ffffff&#8221; btn_size=&#8221;lg&#8221; btn_align=&#8221;center&#8221; btn_i_icon_fontawesome=&#8221;fa fa-ban&#8221; btn_link=&#8221;url:%23|||&#8221; btn_button_block=&#8221;true&#8221; btn_add_icon=&#8221;true&#8221; btn_custom_onclick=&#8221;true&#8221;]Taller realizado en un huerto mapuche de la zona costera de Curi\u00f1anco. Se mostrar\u00e1 preparaci\u00f3n del suelo, influencia de ciclos lunares, especies a cultivar en huertos peque\u00f1os, desde la cosmovisi\u00f3n mapuche, relevando conceptos como k\u00fcme mongen, reciprocidad, cuidado de la naturaleza.<br \/>\nPor: Junta Nacional de Jardines Infantiles JUNJI[\/vc_cta][\/vc_column][vc_column width=&#8221;1\/3&#8243;][vc_cta h2=&#8221;Redescubriendo la Fermentaci\u00f3n &#8211; Mayores de 12 a\u00f1os&#8221; h4=&#8221;13 de noviembre, 16:00 hrs&#8221; style=&#8221;3d&#8221; color=&#8221;turquoise&#8221; add_button=&#8221;bottom&#8221; btn_title=&#8221;Inscr\u00edbete&#8221; btn_style=&#8221;custom&#8221; btn_custom_background=&#8221;#81d742&#8243; btn_custom_text=&#8221;#ffffff&#8221; btn_size=&#8221;lg&#8221; btn_align=&#8221;center&#8221; btn_i_icon_fontawesome=&#8221;fa fa-pencil-square-o&#8221; btn_link=&#8221;url:https%3A%2F%2Fus02web.zoom.us%2Fmeeting%2Fregister%2FtZIlcuCppzkjE93TlV1eYJwfSi5QFkJxJlkt|||&#8221; btn_button_block=&#8221;true&#8221; btn_add_icon=&#8221;true&#8221; btn_custom_onclick=&#8221;true&#8221;]Este taller se realizar\u00e1 en harinas Collico, en un ambiente industrial, para mostrar c\u00f3mo las levaduras del pan, funcionan a grandes escalas y c\u00f3mo se puede hacer ciencia desde la empresa hasta en la casa.<br \/>\nPor: Centro de Estudios Cient\u00edficos CECs[\/vc_cta][\/vc_column][\/vc_row]<\/p>\n","protected":false},"excerpt":{"rendered":"<p>\u00a1Inscripciones disponibles! y cupos limitados&#8230;<\/p>\n","protected":false},"author":31,"featured_media":39596,"comment_status":"open","ping_status":"open","sticky":false,"template":"","format":"standard","meta":{"_acf_changed":false,"_exactmetrics_skip_tracking":false,"_exactmetrics_sitenote_active":false,"_exactmetrics_sitenote_note":"","_exactmetrics_sitenote_category":0,"footnotes":"","_links_to":"","_links_to_target":""},"categories":[151],"tags":[374,296,212],"class_list":["post-39586","post","type-post","status-publish","format-standard","has-post-thumbnail","hentry","category-banner","tag-festival-de-la-ciencia","tag-interactivo","tag-talleres"],"acf":[],"yoast_head":"<!-- This site is optimized with the Yoast SEO plugin v26.7 - https:\/\/yoast.com\/wordpress\/plugins\/seo\/ -->\n<title>Talleres FECI 2020 - Los R\u00edos<\/title>\n<meta name=\"robots\" content=\"index, follow, max-snippet:-1, max-image-preview:large, max-video-preview:-1\" \/>\n<link rel=\"canonical\" href=\"https:\/\/dev.explora.cl\/rios\/talleres-feci-2020\/\" class=\"yoast-seo-meta-tag\" \/>\n<meta property=\"og:locale\" content=\"es_ES\" class=\"yoast-seo-meta-tag\" \/>\n<meta property=\"og:type\" content=\"article\" class=\"yoast-seo-meta-tag\" \/>\n<meta property=\"og:title\" content=\"Talleres FECI 2020 - Los R\u00edos\" class=\"yoast-seo-meta-tag\" \/>\n<meta property=\"og:description\" content=\"\u00a1Inscripciones disponibles! y cupos limitados...\" class=\"yoast-seo-meta-tag\" \/>\n<meta property=\"og:url\" content=\"https:\/\/dev.explora.cl\/rios\/talleres-feci-2020\/\" class=\"yoast-seo-meta-tag\" \/>\n<meta property=\"og:site_name\" content=\"Los R\u00edos\" class=\"yoast-seo-meta-tag\" \/>\n<meta property=\"article:published_time\" content=\"2020-11-03T23:35:49+00:00\" class=\"yoast-seo-meta-tag\" \/>\n<meta property=\"article:modified_time\" content=\"2020-11-14T03:18:18+00:00\" class=\"yoast-seo-meta-tag\" \/>\n<meta property=\"og:image\" content=\"https:\/\/dev.explora.cl\/rios\/wp-content\/uploads\/sites\/16\/2020\/11\/talleresArtboard-1.png\" class=\"yoast-seo-meta-tag\" \/>\n\t<meta property=\"og:image:width\" content=\"751\" class=\"yoast-seo-meta-tag\" \/>\n\t<meta property=\"og:image:height\" content=\"420\" class=\"yoast-seo-meta-tag\" \/>\n\t<meta property=\"og:image:type\" content=\"image\/png\" class=\"yoast-seo-meta-tag\" \/>\n<meta name=\"author\" content=\"smancilla\" class=\"yoast-seo-meta-tag\" \/>\n<meta name=\"twitter:card\" content=\"summary_large_image\" class=\"yoast-seo-meta-tag\" \/>\n<meta name=\"twitter:label1\" content=\"Escrito por\" class=\"yoast-seo-meta-tag\" \/>\n\t<meta name=\"twitter:data1\" content=\"smancilla\" class=\"yoast-seo-meta-tag\" \/>\n\t<meta name=\"twitter:label2\" content=\"Tiempo estimado de lectura\" class=\"yoast-seo-meta-tag\" \/>\n\t<meta name=\"twitter:data2\" content=\"5 minutos\" class=\"yoast-seo-meta-tag\" \/>\n<script type=\"application\/ld+json\" class=\"yoast-schema-graph\">{\"@context\":\"https:\/\/schema.org\",\"@graph\":[{\"@type\":\"Article\",\"@id\":\"https:\/\/dev.explora.cl\/rios\/talleres-feci-2020\/#article\",\"isPartOf\":{\"@id\":\"https:\/\/dev.explora.cl\/rios\/talleres-feci-2020\/\"},\"author\":{\"name\":\"smancilla\",\"@id\":\"https:\/\/dev.explora.cl\/rios\/#\/schema\/person\/279896208736d277e75690dde6cc1ea9\"},\"headline\":\"Talleres FECI 2020\",\"datePublished\":\"2020-11-03T23:35:49+00:00\",\"dateModified\":\"2020-11-14T03:18:18+00:00\",\"mainEntityOfPage\":{\"@id\":\"https:\/\/dev.explora.cl\/rios\/talleres-feci-2020\/\"},\"wordCount\":909,\"commentCount\":0,\"image\":{\"@id\":\"https:\/\/dev.explora.cl\/rios\/talleres-feci-2020\/#primaryimage\"},\"thumbnailUrl\":\"https:\/\/dev.explora.cl\/rios\/wp-content\/uploads\/sites\/16\/2020\/11\/talleresArtboard-1.png\",\"keywords\":[\"Festival de la Ciencia\",\"interactivo\",\"talleres\"],\"articleSection\":[\"Banner\"],\"inLanguage\":\"es-CL\",\"potentialAction\":[{\"@type\":\"CommentAction\",\"name\":\"Comment\",\"target\":[\"https:\/\/dev.explora.cl\/rios\/talleres-feci-2020\/#respond\"]}]},{\"@type\":\"WebPage\",\"@id\":\"https:\/\/dev.explora.cl\/rios\/talleres-feci-2020\/\",\"url\":\"https:\/\/dev.explora.cl\/rios\/talleres-feci-2020\/\",\"name\":\"Talleres FECI 2020 - Los R\u00edos\",\"isPartOf\":{\"@id\":\"https:\/\/dev.explora.cl\/rios\/#website\"},\"primaryImageOfPage\":{\"@id\":\"https:\/\/dev.explora.cl\/rios\/talleres-feci-2020\/#primaryimage\"},\"image\":{\"@id\":\"https:\/\/dev.explora.cl\/rios\/talleres-feci-2020\/#primaryimage\"},\"thumbnailUrl\":\"https:\/\/dev.explora.cl\/rios\/wp-content\/uploads\/sites\/16\/2020\/11\/talleresArtboard-1.png\",\"datePublished\":\"2020-11-03T23:35:49+00:00\",\"dateModified\":\"2020-11-14T03:18:18+00:00\",\"author\":{\"@id\":\"https:\/\/dev.explora.cl\/rios\/#\/schema\/person\/279896208736d277e75690dde6cc1ea9\"},\"breadcrumb\":{\"@id\":\"https:\/\/dev.explora.cl\/rios\/talleres-feci-2020\/#breadcrumb\"},\"inLanguage\":\"es-CL\",\"potentialAction\":[{\"@type\":\"ReadAction\",\"target\":[\"https:\/\/dev.explora.cl\/rios\/talleres-feci-2020\/\"]}]},{\"@type\":\"ImageObject\",\"inLanguage\":\"es-CL\",\"@id\":\"https:\/\/dev.explora.cl\/rios\/talleres-feci-2020\/#primaryimage\",\"url\":\"https:\/\/dev.explora.cl\/rios\/wp-content\/uploads\/sites\/16\/2020\/11\/talleresArtboard-1.png\",\"contentUrl\":\"https:\/\/dev.explora.cl\/rios\/wp-content\/uploads\/sites\/16\/2020\/11\/talleresArtboard-1.png\",\"width\":751,\"height\":420},{\"@type\":\"BreadcrumbList\",\"@id\":\"https:\/\/dev.explora.cl\/rios\/talleres-feci-2020\/#breadcrumb\",\"itemListElement\":[{\"@type\":\"ListItem\",\"position\":1,\"name\":\"Portada\",\"item\":\"https:\/\/dev.explora.cl\/rios\/\"},{\"@type\":\"ListItem\",\"position\":2,\"name\":\"Talleres FECI 2020\"}]},{\"@type\":\"WebSite\",\"@id\":\"https:\/\/dev.explora.cl\/rios\/#website\",\"url\":\"https:\/\/dev.explora.cl\/rios\/\",\"name\":\"Los R\u00edos\",\"description\":\"Otro sitio m\u00e1s de dev.explora.cl\",\"potentialAction\":[{\"@type\":\"SearchAction\",\"target\":{\"@type\":\"EntryPoint\",\"urlTemplate\":\"https:\/\/dev.explora.cl\/rios\/?s={search_term_string}\"},\"query-input\":{\"@type\":\"PropertyValueSpecification\",\"valueRequired\":true,\"valueName\":\"search_term_string\"}}],\"inLanguage\":\"es-CL\"},{\"@type\":\"Person\",\"@id\":\"https:\/\/dev.explora.cl\/rios\/#\/schema\/person\/279896208736d277e75690dde6cc1ea9\",\"name\":\"smancilla\",\"image\":{\"@type\":\"ImageObject\",\"inLanguage\":\"es-CL\",\"@id\":\"https:\/\/dev.explora.cl\/rios\/#\/schema\/person\/image\/\",\"url\":\"https:\/\/secure.gravatar.com\/avatar\/a1c7f8b1dd453e8facadec2bf18354190c777b5556feaaadfa0f6a129ab9b015?s=96&d=mm&r=g\",\"contentUrl\":\"https:\/\/secure.gravatar.com\/avatar\/a1c7f8b1dd453e8facadec2bf18354190c777b5556feaaadfa0f6a129ab9b015?s=96&d=mm&r=g\",\"caption\":\"smancilla\"},\"url\":\"https:\/\/dev.explora.cl\/rios\/author\/smancilla\/\"}]}<\/script>\n<!-- \/ Yoast SEO plugin. -->","yoast_head_json":{"title":"Talleres FECI 2020 - Los R\u00edos","robots":{"index":"index","follow":"follow","max-snippet":"max-snippet:-1","max-image-preview":"max-image-preview:large","max-video-preview":"max-video-preview:-1"},"canonical":"https:\/\/dev.explora.cl\/rios\/talleres-feci-2020\/","og_locale":"es_ES","og_type":"article","og_title":"Talleres FECI 2020 - Los R\u00edos","og_description":"\u00a1Inscripciones disponibles! y cupos limitados...","og_url":"https:\/\/dev.explora.cl\/rios\/talleres-feci-2020\/","og_site_name":"Los R\u00edos","article_published_time":"2020-11-03T23:35:49+00:00","article_modified_time":"2020-11-14T03:18:18+00:00","og_image":[{"width":751,"height":420,"url":"https:\/\/dev.explora.cl\/rios\/wp-content\/uploads\/sites\/16\/2020\/11\/talleresArtboard-1.png","type":"image\/png"}],"author":"smancilla","twitter_card":"summary_large_image","twitter_misc":{"Escrito por":"smancilla","Tiempo estimado de lectura":"5 minutos"},"schema":{"@context":"https:\/\/schema.org","@graph":[{"@type":"Article","@id":"https:\/\/dev.explora.cl\/rios\/talleres-feci-2020\/#article","isPartOf":{"@id":"https:\/\/dev.explora.cl\/rios\/talleres-feci-2020\/"},"author":{"name":"smancilla","@id":"https:\/\/dev.explora.cl\/rios\/#\/schema\/person\/279896208736d277e75690dde6cc1ea9"},"headline":"Talleres FECI 2020","datePublished":"2020-11-03T23:35:49+00:00","dateModified":"2020-11-14T03:18:18+00:00","mainEntityOfPage":{"@id":"https:\/\/dev.explora.cl\/rios\/talleres-feci-2020\/"},"wordCount":909,"commentCount":0,"image":{"@id":"https:\/\/dev.explora.cl\/rios\/talleres-feci-2020\/#primaryimage"},"thumbnailUrl":"https:\/\/dev.explora.cl\/rios\/wp-content\/uploads\/sites\/16\/2020\/11\/talleresArtboard-1.png","keywords":["Festival de la Ciencia","interactivo","talleres"],"articleSection":["Banner"],"inLanguage":"es-CL","potentialAction":[{"@type":"CommentAction","name":"Comment","target":["https:\/\/dev.explora.cl\/rios\/talleres-feci-2020\/#respond"]}]},{"@type":"WebPage","@id":"https:\/\/dev.explora.cl\/rios\/talleres-feci-2020\/","url":"https:\/\/dev.explora.cl\/rios\/talleres-feci-2020\/","name":"Talleres FECI 2020 - Los R\u00edos","isPartOf":{"@id":"https:\/\/dev.explora.cl\/rios\/#website"},"primaryImageOfPage":{"@id":"https:\/\/dev.explora.cl\/rios\/talleres-feci-2020\/#primaryimage"},"image":{"@id":"https:\/\/dev.explora.cl\/rios\/talleres-feci-2020\/#primaryimage"},"thumbnailUrl":"https:\/\/dev.explora.cl\/rios\/wp-content\/uploads\/sites\/16\/2020\/11\/talleresArtboard-1.png","datePublished":"2020-11-03T23:35:49+00:00","dateModified":"2020-11-14T03:18:18+00:00","author":{"@id":"https:\/\/dev.explora.cl\/rios\/#\/schema\/person\/279896208736d277e75690dde6cc1ea9"},"breadcrumb":{"@id":"https:\/\/dev.explora.cl\/rios\/talleres-feci-2020\/#breadcrumb"},"inLanguage":"es-CL","potentialAction":[{"@type":"ReadAction","target":["https:\/\/dev.explora.cl\/rios\/talleres-feci-2020\/"]}]},{"@type":"ImageObject","inLanguage":"es-CL","@id":"https:\/\/dev.explora.cl\/rios\/talleres-feci-2020\/#primaryimage","url":"https:\/\/dev.explora.cl\/rios\/wp-content\/uploads\/sites\/16\/2020\/11\/talleresArtboard-1.png","contentUrl":"https:\/\/dev.explora.cl\/rios\/wp-content\/uploads\/sites\/16\/2020\/11\/talleresArtboard-1.png","width":751,"height":420},{"@type":"BreadcrumbList","@id":"https:\/\/dev.explora.cl\/rios\/talleres-feci-2020\/#breadcrumb","itemListElement":[{"@type":"ListItem","position":1,"name":"Portada","item":"https:\/\/dev.explora.cl\/rios\/"},{"@type":"ListItem","position":2,"name":"Talleres FECI 2020"}]},{"@type":"WebSite","@id":"https:\/\/dev.explora.cl\/rios\/#website","url":"https:\/\/dev.explora.cl\/rios\/","name":"Los R\u00edos","description":"Otro sitio m\u00e1s de dev.explora.cl","potentialAction":[{"@type":"SearchAction","target":{"@type":"EntryPoint","urlTemplate":"https:\/\/dev.explora.cl\/rios\/?s={search_term_string}"},"query-input":{"@type":"PropertyValueSpecification","valueRequired":true,"valueName":"search_term_string"}}],"inLanguage":"es-CL"},{"@type":"Person","@id":"https:\/\/dev.explora.cl\/rios\/#\/schema\/person\/279896208736d277e75690dde6cc1ea9","name":"smancilla","image":{"@type":"ImageObject","inLanguage":"es-CL","@id":"https:\/\/dev.explora.cl\/rios\/#\/schema\/person\/image\/","url":"https:\/\/secure.gravatar.com\/avatar\/a1c7f8b1dd453e8facadec2bf18354190c777b5556feaaadfa0f6a129ab9b015?s=96&d=mm&r=g","contentUrl":"https:\/\/secure.gravatar.com\/avatar\/a1c7f8b1dd453e8facadec2bf18354190c777b5556feaaadfa0f6a129ab9b015?s=96&d=mm&r=g","caption":"smancilla"},"url":"https:\/\/dev.explora.cl\/rios\/author\/smancilla\/"}]}},"_links":{"self":[{"href":"https:\/\/dev.explora.cl\/rios\/wp-json\/wp\/v2\/posts\/39586","targetHints":{"allow":["GET"]}}],"collection":[{"href":"https:\/\/dev.explora.cl\/rios\/wp-json\/wp\/v2\/posts"}],"about":[{"href":"https:\/\/dev.explora.cl\/rios\/wp-json\/wp\/v2\/types\/post"}],"author":[{"embeddable":true,"href":"https:\/\/dev.explora.cl\/rios\/wp-json\/wp\/v2\/users\/31"}],"replies":[{"embeddable":true,"href":"https:\/\/dev.explora.cl\/rios\/wp-json\/wp\/v2\/comments?post=39586"}],"version-history":[{"count":23,"href":"https:\/\/dev.explora.cl\/rios\/wp-json\/wp\/v2\/posts\/39586\/revisions"}],"predecessor-version":[{"id":39651,"href":"https:\/\/dev.explora.cl\/rios\/wp-json\/wp\/v2\/posts\/39586\/revisions\/39651"}],"wp:featuredmedia":[{"embeddable":true,"href":"https:\/\/dev.explora.cl\/rios\/wp-json\/wp\/v2\/media\/39596"}],"wp:attachment":[{"href":"https:\/\/dev.explora.cl\/rios\/wp-json\/wp\/v2\/media?parent=39586"}],"wp:term":[{"taxonomy":"category","embeddable":true,"href":"https:\/\/dev.explora.cl\/rios\/wp-json\/wp\/v2\/categories?post=39586"},{"taxonomy":"post_tag","embeddable":true,"href":"https:\/\/dev.explora.cl\/rios\/wp-json\/wp\/v2\/tags?post=39586"}],"curies":[{"name":"wp","href":"https:\/\/api.w.org\/{rel}","templated":true}]}}