{"id":39581,"date":"2020-10-27T15:16:01","date_gmt":"2020-10-27T18:16:01","guid":{"rendered":"https:\/\/dev.explora.cl\/rios\/?p=39581"},"modified":"2021-03-04T17:00:56","modified_gmt":"2021-03-04T20:00:56","slug":"proximo-30-de-octubre-se-realizara-la-ceremonia-de-premiacion-del-concurso-fotografico-ojo-de-pez-2020","status":"publish","type":"post","link":"https:\/\/dev.explora.cl\/rios\/proximo-30-de-octubre-se-realizara-la-ceremonia-de-premiacion-del-concurso-fotografico-ojo-de-pez-2020\/","title":{"rendered":"Pr\u00f3ximo 30 de octubre se realizar\u00e1 la ceremonia de premiaci\u00f3n del concurso fotogr\u00e1fico Ojo de Pez 2020"},"content":{"rendered":"<p>[vc_row][vc_column][vc_row_inner][vc_column_inner width=&#8221;2\/3&#8243;][vc_custom_heading text=&#8221;La ceremonia se realizar\u00e1 en l\u00ednea a las 17 horas y comenzar\u00e1 con la presentaci\u00f3n del destacado fot\u00f3grafo submarino Eduardo Sorensen &#8221; font_container=&#8221;tag:h3|text_align:left&#8221;][\/vc_column_inner][vc_column_inner width=&#8221;1\/3&#8243;][vc_btn title=&#8221;Mira las fotos finalistas&#8221; style=&#8221;custom&#8221; custom_background=&#8221;#81d742&#8243; custom_text=&#8221;#ffffff&#8221; size=&#8221;lg&#8221; align=&#8221;center&#8221; i_align=&#8221;right&#8221; i_icon_fontawesome=&#8221;fa fa-arrow-circle-right&#8221; button_block=&#8221;true&#8221; add_icon=&#8221;true&#8221; link=&#8221;url:https%3A%2F%2Fwww.facebook.com%2Fmedia%2Fset%2F%3Fvanity%3DPARexploraRios%26set%3Da.3574704832560326|||&#8221;][\/vc_column_inner][\/vc_row_inner][vc_column_text]El certamen fotogr\u00e1fico<strong> Ojo de Pez<\/strong> este a\u00f1o organiz\u00f3 su s\u00e9ptima convocatoria y recibi\u00f3 fotograf\u00edas de 207 participantes, quienes en conjunto enviaron 528 capturas, de distintos paisajes, especies y trabajos relacionados con los ecosistemas acu\u00e1ticos del pa\u00eds<\/p>\n<p>El pr\u00f3ximo viernes 30 de octubre se dar\u00e1n a conocer los ganadores de las categor\u00edas de paisaje; trabajo y conservaci\u00f3n acu\u00e1tica; flora y fauna acu\u00e1tica; ambientes ant\u00e1rticos y subant\u00e1rticos; y los premiados por Regi\u00f3n de Los R\u00edos y por elecci\u00f3n del p\u00fablico en una actividad online de transmisi\u00f3n en l\u00ednea a trav\u00e9s de las p\u00e1ginas de Facebook de las instituciones organizadoras. Incluyendo la premiaci\u00f3n de la fotograf\u00eda ganadora del certamen, premio que consiste en una expedici\u00f3n a Ant\u00e1rtica.<\/p>\n<p>El concurso Ojo de Pez es un certamen fotogr\u00e1fico que brinda el espacio de participaci\u00f3n desde los 10 a\u00f1os en adelante. Uno de los organizadores es el Dr. Jos\u00e9 Garc\u00e9s, quien adem\u00e1s es investigador del Centro de Investigaci\u00f3n Din\u00e1mica de Ecosistemas Marinos de Altas Latitudes (IDEAL), dijo que, \u201c<strong><em>pensamos en un inicio que con la situaci\u00f3n sanitaria del momento no tendr\u00edamos una alta convocatoria, pero no fue as\u00ed, super\u00f3 incluso a la del a\u00f1o pasado. Esto nos anima mucho m\u00e1s como organizadores y, adem\u00e1s, a pensar en nuevas estrategias para incentivar a los amantes de los cuerpos acu\u00e1ticos y de la fotograf\u00eda<\/em><\/strong>. Este a\u00f1o por la pandemia se decidi\u00f3 realizar la ceremonia de premiaci\u00f3n v\u00eda online, en la que tambi\u00e9n se presentar\u00e1 el trabajo de uno de los jurados, el fot\u00f3grafo Eduardo Sorensen.<\/p>\n<p>\u201c<strong><em>Lo m\u00e1s importante es la difusi\u00f3n del mar chileno, ya sea bajo del agua o la superficie. Revelar el tema marino ha sido muy relevante. Destaco la conexi\u00f3n de las personas con im\u00e1genes bonitas de los ecosistemas acu\u00e1ticos<\/em><\/strong>\u201d dijo Eduardo Sorensen, quien es un experimentado y experto fot\u00f3grafo submarino, y estar\u00e1 a cargo el 30 de octubre a las 17 horas de iniciar la ceremonia dando a conocer las dificultades y los encantos de la fotograf\u00eda bajo el agua y ser\u00e1 el responsable de revelar los primeros ganadores, \u201c<strong><em>hay que destacar que el nivel fotogr\u00e1fico ha subido mucho, cada a\u00f1o es m\u00e1s dif\u00edcil escoger un ganador. Se presentan fotos muy buenas, eso es una muy buena se\u00f1al, hay mucha gente tomando fotograf\u00edas<\/em><\/strong>\u201d.<\/p>\n<p>Adem\u00e1s de Sorensen, los encargados de seleccionar a los ganadores por categor\u00eda fueron Andrea Obaid, periodista cient\u00edfica y presentadora radial de Tu Nuevo ADN; N\u00e9lida Pohl, doctora en biolog\u00eda y presidenta de ACHIPEC; Felipe Trueba, camar\u00f3grafo y fot\u00f3grafo agencia EPA; y Sashenka Guti\u00e9rrez, fotoperiodista mexicana de agencia EFE.<\/p>\n<p>Cabe recordar que el concurso es organizado por el Instituto de Ciencias Marinas y Limnol\u00f3gicas (<a href=\"http:\/\/www.icml.uach.cl\/\">ICML<\/a>) de la Universidad Austral de Chile (<a href=\"https:\/\/www.uach.cl\/\">UACh<\/a>), el Centro de Investigaci\u00f3n Din\u00e1mica de Ecosistemas Marinos de Altas Latitudes (<a href=\"https:\/\/www.centroideal.cl\/\">IDEAL<\/a>), <a href=\"https:\/\/dev.explora.cl\/rios\">Explora Los R\u00edos<\/a> del Ministerio de Ciencia, Tecnolog\u00eda, Conocimiento e Innovaci\u00f3n, y el Instituto Ant\u00e1rtico Chileno (<a href=\"https:\/\/www.inach.cl\/inach\/\">INACH<\/a>) con la colaboraci\u00f3n del <a href=\"http:\/\/www.museosaustral.cl\/index.php\/museos\/museo-r-a-philippi-de-la-exploracion\">Museo de Exploraci\u00f3n R. A. Philippi<\/a> de la UACh. El concurso cuenta con el auspicio de la Escuela de Biolog\u00eda Marina (<a href=\"http:\/\/sitiosciencias.uach.cl\/biologia-marina\/\">BIMA<\/a>) de la UACh y la Vicerrector\u00eda de Investigaci\u00f3n, Desarrollo y Creaci\u00f3n Art\u00edstica (<a href=\"http:\/\/www.uach.cl\/organizacion\/vicerrectoria-investigacion-desarrollo-y-creacion-artistica\/presentacion\/presentacion\">VIDCA<\/a>) de la UACh.[\/vc_column_text][\/vc_column][\/vc_row][vc_row css=&#8221;.vc_custom_1614888019520{border-top-width: 1px !important;border-top-color: #b6b6b6 !important;border-top-style: solid !important;}&#8221;][vc_column][vc_column_text]<\/p>\n<p style=\"text-align: center;font-size: 0.9em;color: #b6b6b6\"><a href=\"https:\/\/dev.explora.cl\/rios\/protocolo\">Revisa nuestro Protocolo para Trabajo con Ni\u00f1os, Ni\u00f1as y Adolescentes<\/a><\/p>\n<p>[\/vc_column_text][\/vc_column][\/vc_row]<\/p>\n","protected":false},"excerpt":{"rendered":"<p>La ceremonia se realizar\u00e1 en l\u00ednea a las 17 horas y comenzar\u00e1 con la presentaci\u00f3n del destacado fot\u00f3grafo submarino Eduardo Sorensen.<\/p>\n","protected":false},"author":31,"featured_media":39582,"comment_status":"open","ping_status":"open","sticky":false,"template":"","format":"standard","meta":{"_acf_changed":false,"_exactmetrics_skip_tracking":false,"_exactmetrics_sitenote_active":false,"_exactmetrics_sitenote_note":"","_exactmetrics_sitenote_category":0,"footnotes":"","_links_to":"","_links_to_target":""},"categories":[4],"tags":[210,104,370,182,373],"class_list":["post-39581","post","type-post","status-publish","format-standard","has-post-thumbnail","hentry","category-noticias","tag-charla","tag-concurso","tag-ecosistemas-acuaticos","tag-fotografia","tag-submarina"],"acf":[],"yoast_head":"<!-- This site is optimized with the Yoast SEO plugin v26.7 - https:\/\/yoast.com\/wordpress\/plugins\/seo\/ -->\n<title>Pr\u00f3ximo 30 de octubre se realizar\u00e1 la ceremonia de premiaci\u00f3n del concurso fotogr\u00e1fico Ojo de Pez 2020 - Los R\u00edos<\/title>\n<meta name=\"robots\" content=\"index, follow, max-snippet:-1, max-image-preview:large, max-video-preview:-1\" \/>\n<link rel=\"canonical\" href=\"https:\/\/dev.explora.cl\/rios\/proximo-30-de-octubre-se-realizara-la-ceremonia-de-premiacion-del-concurso-fotografico-ojo-de-pez-2020\/\" class=\"yoast-seo-meta-tag\" \/>\n<meta property=\"og:locale\" content=\"es_ES\" class=\"yoast-seo-meta-tag\" \/>\n<meta property=\"og:type\" content=\"article\" class=\"yoast-seo-meta-tag\" \/>\n<meta property=\"og:title\" content=\"Pr\u00f3ximo 30 de octubre se realizar\u00e1 la ceremonia de premiaci\u00f3n del concurso fotogr\u00e1fico Ojo de Pez 2020 - Los R\u00edos\" class=\"yoast-seo-meta-tag\" \/>\n<meta property=\"og:description\" content=\"La ceremonia se realizar\u00e1 en l\u00ednea a las 17 horas y comenzar\u00e1 con la presentaci\u00f3n del destacado fot\u00f3grafo submarino Eduardo Sorensen.\" class=\"yoast-seo-meta-tag\" \/>\n<meta property=\"og:url\" content=\"https:\/\/dev.explora.cl\/rios\/proximo-30-de-octubre-se-realizara-la-ceremonia-de-premiacion-del-concurso-fotografico-ojo-de-pez-2020\/\" class=\"yoast-seo-meta-tag\" \/>\n<meta property=\"og:site_name\" content=\"Los R\u00edos\" class=\"yoast-seo-meta-tag\" \/>\n<meta property=\"article:published_time\" content=\"2020-10-27T18:16:01+00:00\" class=\"yoast-seo-meta-tag\" \/>\n<meta property=\"article:modified_time\" content=\"2021-03-04T20:00:56+00:00\" class=\"yoast-seo-meta-tag\" \/>\n<meta property=\"og:image\" content=\"https:\/\/dev.explora.cl\/rios\/wp-content\/uploads\/sites\/16\/2020\/10\/collageojopez2.png\" class=\"yoast-seo-meta-tag\" \/>\n\t<meta property=\"og:image:width\" content=\"985\" class=\"yoast-seo-meta-tag\" \/>\n\t<meta property=\"og:image:height\" content=\"528\" class=\"yoast-seo-meta-tag\" \/>\n\t<meta property=\"og:image:type\" content=\"image\/png\" class=\"yoast-seo-meta-tag\" \/>\n<meta name=\"author\" content=\"smancilla\" class=\"yoast-seo-meta-tag\" \/>\n<meta name=\"twitter:card\" content=\"summary_large_image\" class=\"yoast-seo-meta-tag\" \/>\n<meta name=\"twitter:label1\" content=\"Escrito por\" class=\"yoast-seo-meta-tag\" \/>\n\t<meta name=\"twitter:data1\" content=\"smancilla\" class=\"yoast-seo-meta-tag\" \/>\n\t<meta name=\"twitter:label2\" content=\"Tiempo estimado de lectura\" class=\"yoast-seo-meta-tag\" \/>\n\t<meta name=\"twitter:data2\" content=\"4 minutos\" class=\"yoast-seo-meta-tag\" \/>\n<script type=\"application\/ld+json\" class=\"yoast-schema-graph\">{\"@context\":\"https:\/\/schema.org\",\"@graph\":[{\"@type\":\"Article\",\"@id\":\"https:\/\/dev.explora.cl\/rios\/proximo-30-de-octubre-se-realizara-la-ceremonia-de-premiacion-del-concurso-fotografico-ojo-de-pez-2020\/#article\",\"isPartOf\":{\"@id\":\"https:\/\/dev.explora.cl\/rios\/proximo-30-de-octubre-se-realizara-la-ceremonia-de-premiacion-del-concurso-fotografico-ojo-de-pez-2020\/\"},\"author\":{\"name\":\"smancilla\",\"@id\":\"https:\/\/dev.explora.cl\/rios\/#\/schema\/person\/279896208736d277e75690dde6cc1ea9\"},\"headline\":\"Pr\u00f3ximo 30 de octubre se realizar\u00e1 la ceremonia de premiaci\u00f3n del concurso fotogr\u00e1fico Ojo de Pez 2020\",\"datePublished\":\"2020-10-27T18:16:01+00:00\",\"dateModified\":\"2021-03-04T20:00:56+00:00\",\"mainEntityOfPage\":{\"@id\":\"https:\/\/dev.explora.cl\/rios\/proximo-30-de-octubre-se-realizara-la-ceremonia-de-premiacion-del-concurso-fotografico-ojo-de-pez-2020\/\"},\"wordCount\":760,\"commentCount\":0,\"image\":{\"@id\":\"https:\/\/dev.explora.cl\/rios\/proximo-30-de-octubre-se-realizara-la-ceremonia-de-premiacion-del-concurso-fotografico-ojo-de-pez-2020\/#primaryimage\"},\"thumbnailUrl\":\"https:\/\/dev.explora.cl\/rios\/wp-content\/uploads\/sites\/16\/2020\/10\/collageojopez2.png\",\"keywords\":[\"charla\",\"concurso\",\"ecosistemas acu\u00e1ticos\",\"fotograf\u00eda\",\"submarina\"],\"articleSection\":[\"Noticias\"],\"inLanguage\":\"es-CL\",\"potentialAction\":[{\"@type\":\"CommentAction\",\"name\":\"Comment\",\"target\":[\"https:\/\/dev.explora.cl\/rios\/proximo-30-de-octubre-se-realizara-la-ceremonia-de-premiacion-del-concurso-fotografico-ojo-de-pez-2020\/#respond\"]}]},{\"@type\":\"WebPage\",\"@id\":\"https:\/\/dev.explora.cl\/rios\/proximo-30-de-octubre-se-realizara-la-ceremonia-de-premiacion-del-concurso-fotografico-ojo-de-pez-2020\/\",\"url\":\"https:\/\/dev.explora.cl\/rios\/proximo-30-de-octubre-se-realizara-la-ceremonia-de-premiacion-del-concurso-fotografico-ojo-de-pez-2020\/\",\"name\":\"Pr\u00f3ximo 30 de octubre se realizar\u00e1 la ceremonia de premiaci\u00f3n del concurso fotogr\u00e1fico Ojo de Pez 2020 - Los R\u00edos\",\"isPartOf\":{\"@id\":\"https:\/\/dev.explora.cl\/rios\/#website\"},\"primaryImageOfPage\":{\"@id\":\"https:\/\/dev.explora.cl\/rios\/proximo-30-de-octubre-se-realizara-la-ceremonia-de-premiacion-del-concurso-fotografico-ojo-de-pez-2020\/#primaryimage\"},\"image\":{\"@id\":\"https:\/\/dev.explora.cl\/rios\/proximo-30-de-octubre-se-realizara-la-ceremonia-de-premiacion-del-concurso-fotografico-ojo-de-pez-2020\/#primaryimage\"},\"thumbnailUrl\":\"https:\/\/dev.explora.cl\/rios\/wp-content\/uploads\/sites\/16\/2020\/10\/collageojopez2.png\",\"datePublished\":\"2020-10-27T18:16:01+00:00\",\"dateModified\":\"2021-03-04T20:00:56+00:00\",\"author\":{\"@id\":\"https:\/\/dev.explora.cl\/rios\/#\/schema\/person\/279896208736d277e75690dde6cc1ea9\"},\"breadcrumb\":{\"@id\":\"https:\/\/dev.explora.cl\/rios\/proximo-30-de-octubre-se-realizara-la-ceremonia-de-premiacion-del-concurso-fotografico-ojo-de-pez-2020\/#breadcrumb\"},\"inLanguage\":\"es-CL\",\"potentialAction\":[{\"@type\":\"ReadAction\",\"target\":[\"https:\/\/dev.explora.cl\/rios\/proximo-30-de-octubre-se-realizara-la-ceremonia-de-premiacion-del-concurso-fotografico-ojo-de-pez-2020\/\"]}]},{\"@type\":\"ImageObject\",\"inLanguage\":\"es-CL\",\"@id\":\"https:\/\/dev.explora.cl\/rios\/proximo-30-de-octubre-se-realizara-la-ceremonia-de-premiacion-del-concurso-fotografico-ojo-de-pez-2020\/#primaryimage\",\"url\":\"https:\/\/dev.explora.cl\/rios\/wp-content\/uploads\/sites\/16\/2020\/10\/collageojopez2.png\",\"contentUrl\":\"https:\/\/dev.explora.cl\/rios\/wp-content\/uploads\/sites\/16\/2020\/10\/collageojopez2.png\",\"width\":985,\"height\":528},{\"@type\":\"BreadcrumbList\",\"@id\":\"https:\/\/dev.explora.cl\/rios\/proximo-30-de-octubre-se-realizara-la-ceremonia-de-premiacion-del-concurso-fotografico-ojo-de-pez-2020\/#breadcrumb\",\"itemListElement\":[{\"@type\":\"ListItem\",\"position\":1,\"name\":\"Portada\",\"item\":\"https:\/\/dev.explora.cl\/rios\/\"},{\"@type\":\"ListItem\",\"position\":2,\"name\":\"Pr\u00f3ximo 30 de octubre se realizar\u00e1 la ceremonia de premiaci\u00f3n del concurso fotogr\u00e1fico Ojo de Pez 2020\"}]},{\"@type\":\"WebSite\",\"@id\":\"https:\/\/dev.explora.cl\/rios\/#website\",\"url\":\"https:\/\/dev.explora.cl\/rios\/\",\"name\":\"Los R\u00edos\",\"description\":\"Otro sitio m\u00e1s de dev.explora.cl\",\"potentialAction\":[{\"@type\":\"SearchAction\",\"target\":{\"@type\":\"EntryPoint\",\"urlTemplate\":\"https:\/\/dev.explora.cl\/rios\/?s={search_term_string}\"},\"query-input\":{\"@type\":\"PropertyValueSpecification\",\"valueRequired\":true,\"valueName\":\"search_term_string\"}}],\"inLanguage\":\"es-CL\"},{\"@type\":\"Person\",\"@id\":\"https:\/\/dev.explora.cl\/rios\/#\/schema\/person\/279896208736d277e75690dde6cc1ea9\",\"name\":\"smancilla\",\"image\":{\"@type\":\"ImageObject\",\"inLanguage\":\"es-CL\",\"@id\":\"https:\/\/dev.explora.cl\/rios\/#\/schema\/person\/image\/\",\"url\":\"https:\/\/secure.gravatar.com\/avatar\/a1c7f8b1dd453e8facadec2bf18354190c777b5556feaaadfa0f6a129ab9b015?s=96&d=mm&r=g\",\"contentUrl\":\"https:\/\/secure.gravatar.com\/avatar\/a1c7f8b1dd453e8facadec2bf18354190c777b5556feaaadfa0f6a129ab9b015?s=96&d=mm&r=g\",\"caption\":\"smancilla\"},\"url\":\"https:\/\/dev.explora.cl\/rios\/author\/smancilla\/\"}]}<\/script>\n<!-- \/ Yoast SEO plugin. -->","yoast_head_json":{"title":"Pr\u00f3ximo 30 de octubre se realizar\u00e1 la ceremonia de premiaci\u00f3n del concurso fotogr\u00e1fico Ojo de Pez 2020 - Los R\u00edos","robots":{"index":"index","follow":"follow","max-snippet":"max-snippet:-1","max-image-preview":"max-image-preview:large","max-video-preview":"max-video-preview:-1"},"canonical":"https:\/\/dev.explora.cl\/rios\/proximo-30-de-octubre-se-realizara-la-ceremonia-de-premiacion-del-concurso-fotografico-ojo-de-pez-2020\/","og_locale":"es_ES","og_type":"article","og_title":"Pr\u00f3ximo 30 de octubre se realizar\u00e1 la ceremonia de premiaci\u00f3n del concurso fotogr\u00e1fico Ojo de Pez 2020 - Los R\u00edos","og_description":"La ceremonia se realizar\u00e1 en l\u00ednea a las 17 horas y comenzar\u00e1 con la presentaci\u00f3n del destacado fot\u00f3grafo submarino Eduardo Sorensen.","og_url":"https:\/\/dev.explora.cl\/rios\/proximo-30-de-octubre-se-realizara-la-ceremonia-de-premiacion-del-concurso-fotografico-ojo-de-pez-2020\/","og_site_name":"Los R\u00edos","article_published_time":"2020-10-27T18:16:01+00:00","article_modified_time":"2021-03-04T20:00:56+00:00","og_image":[{"width":985,"height":528,"url":"https:\/\/dev.explora.cl\/rios\/wp-content\/uploads\/sites\/16\/2020\/10\/collageojopez2.png","type":"image\/png"}],"author":"smancilla","twitter_card":"summary_large_image","twitter_misc":{"Escrito por":"smancilla","Tiempo estimado de lectura":"4 minutos"},"schema":{"@context":"https:\/\/schema.org","@graph":[{"@type":"Article","@id":"https:\/\/dev.explora.cl\/rios\/proximo-30-de-octubre-se-realizara-la-ceremonia-de-premiacion-del-concurso-fotografico-ojo-de-pez-2020\/#article","isPartOf":{"@id":"https:\/\/dev.explora.cl\/rios\/proximo-30-de-octubre-se-realizara-la-ceremonia-de-premiacion-del-concurso-fotografico-ojo-de-pez-2020\/"},"author":{"name":"smancilla","@id":"https:\/\/dev.explora.cl\/rios\/#\/schema\/person\/279896208736d277e75690dde6cc1ea9"},"headline":"Pr\u00f3ximo 30 de octubre se realizar\u00e1 la ceremonia de premiaci\u00f3n del concurso fotogr\u00e1fico Ojo de Pez 2020","datePublished":"2020-10-27T18:16:01+00:00","dateModified":"2021-03-04T20:00:56+00:00","mainEntityOfPage":{"@id":"https:\/\/dev.explora.cl\/rios\/proximo-30-de-octubre-se-realizara-la-ceremonia-de-premiacion-del-concurso-fotografico-ojo-de-pez-2020\/"},"wordCount":760,"commentCount":0,"image":{"@id":"https:\/\/dev.explora.cl\/rios\/proximo-30-de-octubre-se-realizara-la-ceremonia-de-premiacion-del-concurso-fotografico-ojo-de-pez-2020\/#primaryimage"},"thumbnailUrl":"https:\/\/dev.explora.cl\/rios\/wp-content\/uploads\/sites\/16\/2020\/10\/collageojopez2.png","keywords":["charla","concurso","ecosistemas acu\u00e1ticos","fotograf\u00eda","submarina"],"articleSection":["Noticias"],"inLanguage":"es-CL","potentialAction":[{"@type":"CommentAction","name":"Comment","target":["https:\/\/dev.explora.cl\/rios\/proximo-30-de-octubre-se-realizara-la-ceremonia-de-premiacion-del-concurso-fotografico-ojo-de-pez-2020\/#respond"]}]},{"@type":"WebPage","@id":"https:\/\/dev.explora.cl\/rios\/proximo-30-de-octubre-se-realizara-la-ceremonia-de-premiacion-del-concurso-fotografico-ojo-de-pez-2020\/","url":"https:\/\/dev.explora.cl\/rios\/proximo-30-de-octubre-se-realizara-la-ceremonia-de-premiacion-del-concurso-fotografico-ojo-de-pez-2020\/","name":"Pr\u00f3ximo 30 de octubre se realizar\u00e1 la ceremonia de premiaci\u00f3n del concurso fotogr\u00e1fico Ojo de Pez 2020 - Los R\u00edos","isPartOf":{"@id":"https:\/\/dev.explora.cl\/rios\/#website"},"primaryImageOfPage":{"@id":"https:\/\/dev.explora.cl\/rios\/proximo-30-de-octubre-se-realizara-la-ceremonia-de-premiacion-del-concurso-fotografico-ojo-de-pez-2020\/#primaryimage"},"image":{"@id":"https:\/\/dev.explora.cl\/rios\/proximo-30-de-octubre-se-realizara-la-ceremonia-de-premiacion-del-concurso-fotografico-ojo-de-pez-2020\/#primaryimage"},"thumbnailUrl":"https:\/\/dev.explora.cl\/rios\/wp-content\/uploads\/sites\/16\/2020\/10\/collageojopez2.png","datePublished":"2020-10-27T18:16:01+00:00","dateModified":"2021-03-04T20:00:56+00:00","author":{"@id":"https:\/\/dev.explora.cl\/rios\/#\/schema\/person\/279896208736d277e75690dde6cc1ea9"},"breadcrumb":{"@id":"https:\/\/dev.explora.cl\/rios\/proximo-30-de-octubre-se-realizara-la-ceremonia-de-premiacion-del-concurso-fotografico-ojo-de-pez-2020\/#breadcrumb"},"inLanguage":"es-CL","potentialAction":[{"@type":"ReadAction","target":["https:\/\/dev.explora.cl\/rios\/proximo-30-de-octubre-se-realizara-la-ceremonia-de-premiacion-del-concurso-fotografico-ojo-de-pez-2020\/"]}]},{"@type":"ImageObject","inLanguage":"es-CL","@id":"https:\/\/dev.explora.cl\/rios\/proximo-30-de-octubre-se-realizara-la-ceremonia-de-premiacion-del-concurso-fotografico-ojo-de-pez-2020\/#primaryimage","url":"https:\/\/dev.explora.cl\/rios\/wp-content\/uploads\/sites\/16\/2020\/10\/collageojopez2.png","contentUrl":"https:\/\/dev.explora.cl\/rios\/wp-content\/uploads\/sites\/16\/2020\/10\/collageojopez2.png","width":985,"height":528},{"@type":"BreadcrumbList","@id":"https:\/\/dev.explora.cl\/rios\/proximo-30-de-octubre-se-realizara-la-ceremonia-de-premiacion-del-concurso-fotografico-ojo-de-pez-2020\/#breadcrumb","itemListElement":[{"@type":"ListItem","position":1,"name":"Portada","item":"https:\/\/dev.explora.cl\/rios\/"},{"@type":"ListItem","position":2,"name":"Pr\u00f3ximo 30 de octubre se realizar\u00e1 la ceremonia de premiaci\u00f3n del concurso fotogr\u00e1fico Ojo de Pez 2020"}]},{"@type":"WebSite","@id":"https:\/\/dev.explora.cl\/rios\/#website","url":"https:\/\/dev.explora.cl\/rios\/","name":"Los R\u00edos","description":"Otro sitio m\u00e1s de dev.explora.cl","potentialAction":[{"@type":"SearchAction","target":{"@type":"EntryPoint","urlTemplate":"https:\/\/dev.explora.cl\/rios\/?s={search_term_string}"},"query-input":{"@type":"PropertyValueSpecification","valueRequired":true,"valueName":"search_term_string"}}],"inLanguage":"es-CL"},{"@type":"Person","@id":"https:\/\/dev.explora.cl\/rios\/#\/schema\/person\/279896208736d277e75690dde6cc1ea9","name":"smancilla","image":{"@type":"ImageObject","inLanguage":"es-CL","@id":"https:\/\/dev.explora.cl\/rios\/#\/schema\/person\/image\/","url":"https:\/\/secure.gravatar.com\/avatar\/a1c7f8b1dd453e8facadec2bf18354190c777b5556feaaadfa0f6a129ab9b015?s=96&d=mm&r=g","contentUrl":"https:\/\/secure.gravatar.com\/avatar\/a1c7f8b1dd453e8facadec2bf18354190c777b5556feaaadfa0f6a129ab9b015?s=96&d=mm&r=g","caption":"smancilla"},"url":"https:\/\/dev.explora.cl\/rios\/author\/smancilla\/"}]}},"_links":{"self":[{"href":"https:\/\/dev.explora.cl\/rios\/wp-json\/wp\/v2\/posts\/39581","targetHints":{"allow":["GET"]}}],"collection":[{"href":"https:\/\/dev.explora.cl\/rios\/wp-json\/wp\/v2\/posts"}],"about":[{"href":"https:\/\/dev.explora.cl\/rios\/wp-json\/wp\/v2\/types\/post"}],"author":[{"embeddable":true,"href":"https:\/\/dev.explora.cl\/rios\/wp-json\/wp\/v2\/users\/31"}],"replies":[{"embeddable":true,"href":"https:\/\/dev.explora.cl\/rios\/wp-json\/wp\/v2\/comments?post=39581"}],"version-history":[{"count":4,"href":"https:\/\/dev.explora.cl\/rios\/wp-json\/wp\/v2\/posts\/39581\/revisions"}],"predecessor-version":[{"id":39798,"href":"https:\/\/dev.explora.cl\/rios\/wp-json\/wp\/v2\/posts\/39581\/revisions\/39798"}],"wp:featuredmedia":[{"embeddable":true,"href":"https:\/\/dev.explora.cl\/rios\/wp-json\/wp\/v2\/media\/39582"}],"wp:attachment":[{"href":"https:\/\/dev.explora.cl\/rios\/wp-json\/wp\/v2\/media?parent=39581"}],"wp:term":[{"taxonomy":"category","embeddable":true,"href":"https:\/\/dev.explora.cl\/rios\/wp-json\/wp\/v2\/categories?post=39581"},{"taxonomy":"post_tag","embeddable":true,"href":"https:\/\/dev.explora.cl\/rios\/wp-json\/wp\/v2\/tags?post=39581"}],"curies":[{"name":"wp","href":"https:\/\/api.w.org\/{rel}","templated":true}]}}