{"id":39555,"date":"2020-10-07T15:29:16","date_gmt":"2020-10-07T18:29:16","guid":{"rendered":"https:\/\/dev.explora.cl\/rios\/?p=39555"},"modified":"2020-11-03T11:12:00","modified_gmt":"2020-11-03T14:12:00","slug":"seleccionados-concurso-micrometrajes-explora-el-cine-en-tu-casa-de-par-explora-los-rios-y-cpcv","status":"publish","type":"post","link":"https:\/\/dev.explora.cl\/rios\/seleccionados-concurso-micrometrajes-explora-el-cine-en-tu-casa-de-par-explora-los-rios-y-cpcv\/","title":{"rendered":"Seleccionados Concurso Micrometrajes Explora el Cine en tu Casa de PAR Explora Los R\u00edos y CPCV"},"content":{"rendered":"<p>Seis fueron las producciones escogidos para participar en la final de la cuarta versi\u00f3n del Concurso de Micrometrajes Explora el Cine en tu Casa,\u00a0organizado por\u00a0PAR Explora Los R\u00edos\u00a0y el <a href=\"http:\/\/www.cpcv.cl\/\">Centro de Promoci\u00f3n Cinematogr\u00e1fica de Valdivia<\/a>.<\/p>\n<p>Las obras escogidas en esta ocasi\u00f3n fueron\u00a0<strong><em>Cultivando Futuro<\/em><\/strong>\u00a0\u00a0(Panguipulli) de Matilda B\u00e1ez;\u00a0<strong><em>Un D\u00eda M\u00e1s<\/em><\/strong>(Mariquina) de Mario Cereceda;\u00a0<strong><em>La Luna<\/em><\/strong>\u00a0(Valdivia) de Diego Pino Soto y Diego Pino P\u00e9rez;\u00a0<strong><em>Confusi\u00f3n<\/em><\/strong>\u00a0(Mariquina) de Edis\u00f3n Gonz\u00e1lez;\u00a0<strong><em>Del Exterior al Encierro\u00a0<\/em><\/strong>(Valdivia) de Catari D\u00edaz; y\u00a0<strong><em>Eco-ciencia Con Ciencia\u00a0<\/em><\/strong>(Valdivia) Josefina Paz Arriagada.<\/p>\n<p><strong>Estas producciones se podr\u00e1n ver de forma gratuita durante todo el Festival\u00a0<a href=\"https:\/\/ficvaldivia.nunchee.tv\/tag\/Explora%20el%20Cine\" target=\"_blank\" rel=\"noopener noreferrer\">aqu\u00ed.<\/a><\/strong><\/p>\n<p>El concurso, que tiene por objetivo incentivar la curiosidad y trabajo en equipo de ni\u00f1os, ni\u00f1as y adolescentes, a trav\u00e9s del uso de contenidos cient\u00edficos y herramientas audiovisuales, cont\u00f3 con la postulaci\u00f3n de m\u00e1s de 25 pel\u00edculas para competir en una categor\u00eda \u00fanica.<\/p>\n<p>Los requisitos para participar de este certamen fueron presentar una obra audiovisual original, con una duraci\u00f3n m\u00e1xima de 60 segundos y realizada bajo cualquier plataforma de grabaci\u00f3n digital.\u00a0El contenido del micrometraje deb\u00eda exponer claramente la mirada cient\u00edfica del autor respecto al mundo, el entorno, la sociedad, la cultura que le rodea;\u00a0y los realizadores deb\u00edan estar en el segmento de edad que comprende de los 10 a 19 a\u00f1os.<\/p>\n<p>\u201cEn esta versi\u00f3n quisimos darle libertad a cada participante, eligiendo su propio tema de inter\u00e9s sobre ciencia y tecnolog\u00eda. Posteriormente, el escenario coincidi\u00f3 con la situaci\u00f3n sanitaria que tenemos hoy, el que tambi\u00e9n sirvi\u00f3 a los creadores como fuente de inspiraci\u00f3n. Y eso es justamente lo que queremos empujar; transformar los temas de ciencia que nos afectan utilizando un lenguaje audiovisual y generar una reflexi\u00f3n necesaria y contingente que trascienda a la obra\u201d, explic\u00f3 el Director de Explora Regi\u00f3n de Los R\u00edos, Ronnie Reyes.<\/p>\n<p>El jurado que escoger\u00e1 al vencedor de este a\u00f1o estar\u00e1 compuesto por el equipo del Centro de Promoci\u00f3n Cinematogr\u00e1fica, el equipo de\u00a0PAR Explora Los R\u00edos, adem\u00e1s de la participaci\u00f3n especial\u00a0<strong>Cristi\u00e1n Campos, director de Neurona Group<\/strong>, productora audiovisual especializada en contenidos de ciencia, salud, tecnolog\u00eda y medioambiente, que particip\u00f3 en el desarrollo del programa Tecnociencia de Canal 13.<\/p>\n<p>El ganador del concurso, que ser\u00e1 anunciado durante la ceremonia de premiaci\u00f3n de la presente edici\u00f3n de FICValdivia el pr\u00f3ximo mi\u00e9rcoles 14 de octubre y recibir\u00e1 una c\u00e1mara fotogr\u00e1fica y capacitaci\u00f3n audiovisual de parte de la organizaci\u00f3n.<\/p>\n<p>Este concurso se realiza entre el\u00a0<strong>Proyecto Asociativo Regional PAR Explora de Los R\u00edos<\/strong>\u00a0del Ministerio\u00a0 de Ciencia, Tecnolog\u00eda, Conocimiento e Innovaci\u00f3n, ejecutado por la Direcci\u00f3n de Vinculaci\u00f3n con el Medio de la Universidad Austral de Chile y el\u00a0<strong>Centro Cultural de Promoci\u00f3n Cinematogr\u00e1fica de Valdivia<\/strong>, casa productora del [27] Festival Internacional de Cine de Valdivia.<\/p>\n<p><strong><em>Ficha t\u00e9cnica de Los Micrometrajes seleccionados<\/em><\/strong><\/p>\n<p><strong><img loading=\"lazy\" decoding=\"async\" class=\"aligncenter wp-image-39556 size-full\" src=\"https:\/\/dev.explora.cl\/rios\/wp-content\/uploads\/sites\/16\/2020\/10\/Cultivando-futuro_ficvaldivia-1024x554.jpg\" alt=\"\" width=\"1024\" height=\"554\" srcset=\"https:\/\/dev.explora.cl\/rios\/wp-content\/uploads\/sites\/16\/2020\/10\/Cultivando-futuro_ficvaldivia-1024x554.jpg 1024w, https:\/\/dev.explora.cl\/rios\/wp-content\/uploads\/sites\/16\/2020\/10\/Cultivando-futuro_ficvaldivia-1024x554-300x162.jpg 300w, https:\/\/dev.explora.cl\/rios\/wp-content\/uploads\/sites\/16\/2020\/10\/Cultivando-futuro_ficvaldivia-1024x554-768x416.jpg 768w\" sizes=\"auto, (max-width: 1024px) 100vw, 1024px\" \/>T\u00edtulo:\u00a0<\/strong><strong>Cultivando futuro<\/strong><\/p>\n<p>A\u00f1o\/Ciudad\/ Duraci\u00f3n\/ Formato : 2020 \/ Panguipulli \/ 1 min \/ Digital<\/p>\n<p>Idioma: espa\u00f1ol<\/p>\n<p>Directora: Matilda B\u00e1ez Villagra<\/p>\n<p>Cr\u00e9ditos: Alexander B\u00e1ez, guionista, camar\u00f3grafo, sonidista<\/p>\n<p>Profesora Asesora: Yamina Villagra<\/p>\n<p>Sinopsis: Esta es la historia de una ni\u00f1a que al ver a su madre cocinar, recuerda una clase de ciencias sobre las plantas y su etapas de desarrollo. Ve la posibilidad de poder aplicar lo aprendido en su casa y comienza su propia siembra de tomates.<\/p>\n<p><strong><img loading=\"lazy\" decoding=\"async\" class=\"aligncenter wp-image-39557 size-full\" src=\"https:\/\/dev.explora.cl\/rios\/wp-content\/uploads\/sites\/16\/2020\/10\/un-di\u0301a-mas-ficvaldivia-1024x483.jpg\" alt=\"\" width=\"1024\" height=\"483\" srcset=\"https:\/\/dev.explora.cl\/rios\/wp-content\/uploads\/sites\/16\/2020\/10\/un-di\u0301a-mas-ficvaldivia-1024x483.jpg 1024w, https:\/\/dev.explora.cl\/rios\/wp-content\/uploads\/sites\/16\/2020\/10\/un-di\u0301a-mas-ficvaldivia-1024x483-300x142.jpg 300w, https:\/\/dev.explora.cl\/rios\/wp-content\/uploads\/sites\/16\/2020\/10\/un-di\u0301a-mas-ficvaldivia-1024x483-768x362.jpg 768w\" sizes=\"auto, (max-width: 1024px) 100vw, 1024px\" \/>T\u00edtulo:\u00a0<\/strong><strong>Un d\u00eda m\u00e1s<\/strong><\/p>\n<p>A\u00f1o\/Ciudad\/ Duraci\u00f3n\/ Formato : 2020 \/ Mariquina \/ 1 min \/ Digital<\/p>\n<p>Idioma: espa\u00f1ol<\/p>\n<p>Director: Mario Cereceda Manquepill\u00e1n<\/p>\n<p>Cr\u00e9ditos: Gui\u00f3n: Mario Cereceda; Protagonista: Mario Cereceda; Extra: Rosa Nahuelp\u00e1n; C\u00e1mara: Mario Cereceda \u2013 Mauricio Villanueva; Voz en off: Mario Cereceda; Montaje: Mario Cereceda; Arreglos de montaje y sonido: Diego Pino P\u00e9rez.<\/p>\n<p>Profesor asesor: Mauricio Villanueva<\/p>\n<p>Sinopsis: Un joven afectado por la cuarentena decide salir a comprar, mientras que en el camino observa la ciudad y tiene pensamientos constantemente, que no aquietan su incertidumbre y ansiedad.<\/p>\n<p><strong><img loading=\"lazy\" decoding=\"async\" class=\"aligncenter wp-image-39558 size-full\" src=\"https:\/\/dev.explora.cl\/rios\/wp-content\/uploads\/sites\/16\/2020\/10\/la-luna-ficvaldivia-1024x534.jpg\" alt=\"\" width=\"1024\" height=\"534\" srcset=\"https:\/\/dev.explora.cl\/rios\/wp-content\/uploads\/sites\/16\/2020\/10\/la-luna-ficvaldivia-1024x534.jpg 1024w, https:\/\/dev.explora.cl\/rios\/wp-content\/uploads\/sites\/16\/2020\/10\/la-luna-ficvaldivia-1024x534-300x156.jpg 300w, https:\/\/dev.explora.cl\/rios\/wp-content\/uploads\/sites\/16\/2020\/10\/la-luna-ficvaldivia-1024x534-768x401.jpg 768w\" sizes=\"auto, (max-width: 1024px) 100vw, 1024px\" \/>T\u00edtulo: <\/strong><strong>La luna<\/strong><\/p>\n<p>A\u00f1o\/Ciudad\/ Duraci\u00f3n\/ Formato : 2020 \/ Valdivia \/ 1 min \/ Digital<\/p>\n<p>Idioma: espa\u00f1ol<\/p>\n<p>Director: Diego Pino Soto y Diego Pino P\u00e9rez<\/p>\n<p>Cr\u00e9ditos: Asistente direcci\u00f3n: Diego Pino Soto<\/p>\n<p>Guionista: Yasna Soto Mart\u00ednez y Diego Pino P\u00e9rez<\/p>\n<p>Sonido: Diego Pino P\u00e9rez<\/p>\n<p>M\u00fasica: Sebasti\u00e1n Pino P\u00e9rez<\/p>\n<p>Edici\u00f3n y montaje: Diego Pino P\u00e9rez<\/p>\n<p>Sinopsis: Diego es un ni\u00f1o que no para de hacerse preguntas. Su gran curiosidad y hambre por el conocimiento lo llevan siempre a vivir en su propio mundo, un mundo donde su imaginaci\u00f3n lo hace explorar miles de respuestas.<\/p>\n<p><strong><img loading=\"lazy\" decoding=\"async\" class=\"aligncenter size-large wp-image-39559\" src=\"https:\/\/dev.explora.cl\/rios\/wp-content\/uploads\/sites\/16\/2020\/10\/Confusion-1024x477-1024x477.jpg\" alt=\"\" width=\"1024\" height=\"477\" srcset=\"https:\/\/dev.explora.cl\/rios\/wp-content\/uploads\/sites\/16\/2020\/10\/Confusion-1024x477.jpg 1024w, https:\/\/dev.explora.cl\/rios\/wp-content\/uploads\/sites\/16\/2020\/10\/Confusion-1024x477-300x140.jpg 300w, https:\/\/dev.explora.cl\/rios\/wp-content\/uploads\/sites\/16\/2020\/10\/Confusion-1024x477-768x358.jpg 768w\" sizes=\"auto, (max-width: 1024px) 100vw, 1024px\" \/>T\u00edtulo:\u00a0<\/strong><strong>Confusi\u00f3n<\/strong><\/p>\n<p>A\u00f1o\/Ciudad\/ Duraci\u00f3n\/ Formato : 2020 \/ Mariquina \/ 1 min \/ Digital<\/p>\n<p>Idioma: espa\u00f1ol<\/p>\n<p>Director: Edson Francisco Gonz\u00e1lez Molina<\/p>\n<p>Cr\u00e9ditos: Camar\u00f3grafa : Mar\u00eda Seguel<\/p>\n<p>Sinopsis: Describe las preguntas que se planteaba Galileo Galilei cuando observaba el universo, adem\u00e1s analiza las estrellas que giraban alrededor de J\u00fapiter, concluyendo que eran planetas y los nombra planetas medicianos.<\/p>\n<p><strong><img loading=\"lazy\" decoding=\"async\" class=\"aligncenter size-full wp-image-39560\" src=\"https:\/\/dev.explora.cl\/rios\/wp-content\/uploads\/sites\/16\/2020\/10\/Del-exterior-al-encierro2-ficvaldivia-1024x510.jpg\" alt=\"\" width=\"1024\" height=\"510\" srcset=\"https:\/\/dev.explora.cl\/rios\/wp-content\/uploads\/sites\/16\/2020\/10\/Del-exterior-al-encierro2-ficvaldivia-1024x510.jpg 1024w, https:\/\/dev.explora.cl\/rios\/wp-content\/uploads\/sites\/16\/2020\/10\/Del-exterior-al-encierro2-ficvaldivia-1024x510-300x149.jpg 300w, https:\/\/dev.explora.cl\/rios\/wp-content\/uploads\/sites\/16\/2020\/10\/Del-exterior-al-encierro2-ficvaldivia-1024x510-768x383.jpg 768w\" sizes=\"auto, (max-width: 1024px) 100vw, 1024px\" \/>T\u00edtulo: <\/strong><strong>Del exterior al encierro<\/strong><\/p>\n<p>A\u00f1o\/Ciudad\/ Duraci\u00f3n\/ Formato : 2020 \/ Valdivia \/ 1 min \/ Digital<\/p>\n<p>Idioma: espa\u00f1ol<\/p>\n<p>Directora: Catari Ang\u00e9lica D\u00edaz C\u00e1rcamo<\/p>\n<p>Cr\u00e9ditos: Camar\u00f3grafa Catari Ang\u00e9lica D\u00edaz C\u00e1rcamo; Guionista-Camar\u00f3grafo: Martin Nicol\u00e1s Cuevas Rosales; Sonidista: Catari Ang\u00e9lica D\u00edaz<\/p>\n<p>Profesor Asesor: Carlos Mauricio Valderas Aguayo, Jessica Maribel Mart\u00ednez Ruiz, Violeta Anais Reyes Guti\u00e9rrez<\/p>\n<p>Sinopsis: Es una mirada de a\u00f1oranza y melancol\u00eda, sobre los dif\u00edciles momentos que viven nuestros dos protagonistas en el encierro de su hogar, por causa de la pandemia<\/p>\n<p><strong><img loading=\"lazy\" decoding=\"async\" class=\"aligncenter size-full wp-image-39561\" src=\"https:\/\/dev.explora.cl\/rios\/wp-content\/uploads\/sites\/16\/2020\/10\/Eco-ciencia2-ficvaldivia-1024x536.jpg\" alt=\"\" width=\"1024\" height=\"536\" srcset=\"https:\/\/dev.explora.cl\/rios\/wp-content\/uploads\/sites\/16\/2020\/10\/Eco-ciencia2-ficvaldivia-1024x536.jpg 1024w, https:\/\/dev.explora.cl\/rios\/wp-content\/uploads\/sites\/16\/2020\/10\/Eco-ciencia2-ficvaldivia-1024x536-300x157.jpg 300w, https:\/\/dev.explora.cl\/rios\/wp-content\/uploads\/sites\/16\/2020\/10\/Eco-ciencia2-ficvaldivia-1024x536-768x402.jpg 768w\" sizes=\"auto, (max-width: 1024px) 100vw, 1024px\" \/>T\u00edtulo:\u00a0<\/strong><strong>Eco-ciencia con conciencia<\/strong><\/p>\n<p>A\u00f1o\/Ciudad\/ Duraci\u00f3n\/ Formato : 2020 \/ Valdivia \/ 1 min \/ Digital<\/p>\n<p>Idioma: espa\u00f1ol<\/p>\n<p>Directora: Josefina Paz Arriagada D\u00edaz<\/p>\n<p>Cr\u00e9ditos: Asistente de edici\u00f3n y de gui\u00f3n: Profesora Francisca San Mart\u00edn Heise<\/p>\n<p>Profesor Asesor: Francisca San Mart\u00edn Heise<\/p>\n<p>Sinopsis: Josefina conduce el canal \u201cEco-ciencia con conciencia\u201d realizando experimentos para ense\u00f1ar ciencia. En este cap\u00edtulo nos muestra que pasa cuando mezclamos elementos t\u00f3xicos para el planeta (como billones de seres humanos). Resultado: un desastre\u2026pero hay un ingrediente final que no esper\u00e1bamos\u2026<\/p>\n<p><strong>Nota:<\/strong> CPCV<\/p>\n","protected":false},"excerpt":{"rendered":"<p>Seis fueron las producciones escogidos para participar en la final de la cuarta versi\u00f3n del Concurso de Micrometrajes Explora el Cine en tu Casa,\u00a0organizado por\u00a0PAR Explora Los R\u00edos\u00a0y el Centro de Promoci\u00f3n Cinematogr\u00e1fica de Valdivia.<\/p>\n","protected":false},"author":31,"featured_media":39562,"comment_status":"open","ping_status":"open","sticky":false,"template":"","format":"standard","meta":{"_acf_changed":false,"_exactmetrics_skip_tracking":false,"_exactmetrics_sitenote_active":false,"_exactmetrics_sitenote_note":"","_exactmetrics_sitenote_category":0,"footnotes":"","_links_to":"","_links_to_target":""},"categories":[141,4],"tags":[238,173,104,175,208],"class_list":["post-39555","post","type-post","status-publish","format-standard","has-post-thumbnail","hentry","category-lugar-6","category-noticias","tag-audiovisual","tag-cine","tag-concurso","tag-ficvaldivia","tag-resultados"],"acf":[],"yoast_head":"<!-- This site is optimized with the Yoast SEO plugin v26.7 - https:\/\/yoast.com\/wordpress\/plugins\/seo\/ -->\n<title>Seleccionados Concurso Micrometrajes Explora el Cine en tu Casa de PAR Explora Los R\u00edos y CPCV - Los R\u00edos<\/title>\n<meta name=\"robots\" content=\"index, follow, max-snippet:-1, max-image-preview:large, max-video-preview:-1\" \/>\n<link rel=\"canonical\" href=\"https:\/\/dev.explora.cl\/rios\/seleccionados-concurso-micrometrajes-explora-el-cine-en-tu-casa-de-par-explora-los-rios-y-cpcv\/\" class=\"yoast-seo-meta-tag\" \/>\n<meta property=\"og:locale\" content=\"es_ES\" class=\"yoast-seo-meta-tag\" \/>\n<meta property=\"og:type\" content=\"article\" class=\"yoast-seo-meta-tag\" \/>\n<meta property=\"og:title\" content=\"Seleccionados Concurso Micrometrajes Explora el Cine en tu Casa de PAR Explora Los R\u00edos y CPCV - Los R\u00edos\" class=\"yoast-seo-meta-tag\" \/>\n<meta property=\"og:description\" content=\"Seis fueron las producciones escogidos para participar en la final de la cuarta versi\u00f3n del Concurso de Micrometrajes Explora el Cine en tu Casa,\u00a0organizado por\u00a0PAR Explora Los R\u00edos\u00a0y el Centro de Promoci\u00f3n Cinematogr\u00e1fica de Valdivia.\" class=\"yoast-seo-meta-tag\" \/>\n<meta property=\"og:url\" content=\"https:\/\/dev.explora.cl\/rios\/seleccionados-concurso-micrometrajes-explora-el-cine-en-tu-casa-de-par-explora-los-rios-y-cpcv\/\" class=\"yoast-seo-meta-tag\" \/>\n<meta property=\"og:site_name\" content=\"Los R\u00edos\" class=\"yoast-seo-meta-tag\" \/>\n<meta property=\"article:published_time\" content=\"2020-10-07T18:29:16+00:00\" class=\"yoast-seo-meta-tag\" \/>\n<meta property=\"article:modified_time\" content=\"2020-11-03T14:12:00+00:00\" class=\"yoast-seo-meta-tag\" \/>\n<meta property=\"og:image\" content=\"https:\/\/dev.explora.cl\/rios\/wp-content\/uploads\/sites\/16\/2020\/10\/solicitud-graficas-secciones_1920X1080-EXPLORA-EL-CINE-.jpg\" class=\"yoast-seo-meta-tag\" \/>\n\t<meta property=\"og:image:width\" content=\"1921\" class=\"yoast-seo-meta-tag\" \/>\n\t<meta property=\"og:image:height\" content=\"1081\" class=\"yoast-seo-meta-tag\" \/>\n\t<meta property=\"og:image:type\" content=\"image\/jpeg\" class=\"yoast-seo-meta-tag\" \/>\n<meta name=\"author\" content=\"smancilla\" class=\"yoast-seo-meta-tag\" \/>\n<meta name=\"twitter:card\" content=\"summary_large_image\" class=\"yoast-seo-meta-tag\" \/>\n<meta name=\"twitter:label1\" content=\"Escrito por\" class=\"yoast-seo-meta-tag\" \/>\n\t<meta name=\"twitter:data1\" content=\"smancilla\" class=\"yoast-seo-meta-tag\" \/>\n\t<meta name=\"twitter:label2\" content=\"Tiempo estimado de lectura\" class=\"yoast-seo-meta-tag\" \/>\n\t<meta name=\"twitter:data2\" content=\"5 minutos\" class=\"yoast-seo-meta-tag\" \/>\n<script type=\"application\/ld+json\" class=\"yoast-schema-graph\">{\"@context\":\"https:\/\/schema.org\",\"@graph\":[{\"@type\":\"Article\",\"@id\":\"https:\/\/dev.explora.cl\/rios\/seleccionados-concurso-micrometrajes-explora-el-cine-en-tu-casa-de-par-explora-los-rios-y-cpcv\/#article\",\"isPartOf\":{\"@id\":\"https:\/\/dev.explora.cl\/rios\/seleccionados-concurso-micrometrajes-explora-el-cine-en-tu-casa-de-par-explora-los-rios-y-cpcv\/\"},\"author\":{\"name\":\"smancilla\",\"@id\":\"https:\/\/dev.explora.cl\/rios\/#\/schema\/person\/279896208736d277e75690dde6cc1ea9\"},\"headline\":\"Seleccionados Concurso Micrometrajes Explora el Cine en tu Casa de PAR Explora Los R\u00edos y CPCV\",\"datePublished\":\"2020-10-07T18:29:16+00:00\",\"dateModified\":\"2020-11-03T14:12:00+00:00\",\"mainEntityOfPage\":{\"@id\":\"https:\/\/dev.explora.cl\/rios\/seleccionados-concurso-micrometrajes-explora-el-cine-en-tu-casa-de-par-explora-los-rios-y-cpcv\/\"},\"wordCount\":1063,\"commentCount\":0,\"image\":{\"@id\":\"https:\/\/dev.explora.cl\/rios\/seleccionados-concurso-micrometrajes-explora-el-cine-en-tu-casa-de-par-explora-los-rios-y-cpcv\/#primaryimage\"},\"thumbnailUrl\":\"https:\/\/dev.explora.cl\/rios\/wp-content\/uploads\/sites\/16\/2020\/10\/solicitud-graficas-secciones_1920X1080-EXPLORA-EL-CINE-.jpg\",\"keywords\":[\"Audiovisual\",\"cine\",\"concurso\",\"ficvaldivia\",\"resultados\"],\"articleSection\":[\"Lugar 6\",\"Noticias\"],\"inLanguage\":\"es-CL\",\"potentialAction\":[{\"@type\":\"CommentAction\",\"name\":\"Comment\",\"target\":[\"https:\/\/dev.explora.cl\/rios\/seleccionados-concurso-micrometrajes-explora-el-cine-en-tu-casa-de-par-explora-los-rios-y-cpcv\/#respond\"]}]},{\"@type\":\"WebPage\",\"@id\":\"https:\/\/dev.explora.cl\/rios\/seleccionados-concurso-micrometrajes-explora-el-cine-en-tu-casa-de-par-explora-los-rios-y-cpcv\/\",\"url\":\"https:\/\/dev.explora.cl\/rios\/seleccionados-concurso-micrometrajes-explora-el-cine-en-tu-casa-de-par-explora-los-rios-y-cpcv\/\",\"name\":\"Seleccionados Concurso Micrometrajes Explora el Cine en tu Casa de PAR Explora Los R\u00edos y CPCV - Los R\u00edos\",\"isPartOf\":{\"@id\":\"https:\/\/dev.explora.cl\/rios\/#website\"},\"primaryImageOfPage\":{\"@id\":\"https:\/\/dev.explora.cl\/rios\/seleccionados-concurso-micrometrajes-explora-el-cine-en-tu-casa-de-par-explora-los-rios-y-cpcv\/#primaryimage\"},\"image\":{\"@id\":\"https:\/\/dev.explora.cl\/rios\/seleccionados-concurso-micrometrajes-explora-el-cine-en-tu-casa-de-par-explora-los-rios-y-cpcv\/#primaryimage\"},\"thumbnailUrl\":\"https:\/\/dev.explora.cl\/rios\/wp-content\/uploads\/sites\/16\/2020\/10\/solicitud-graficas-secciones_1920X1080-EXPLORA-EL-CINE-.jpg\",\"datePublished\":\"2020-10-07T18:29:16+00:00\",\"dateModified\":\"2020-11-03T14:12:00+00:00\",\"author\":{\"@id\":\"https:\/\/dev.explora.cl\/rios\/#\/schema\/person\/279896208736d277e75690dde6cc1ea9\"},\"breadcrumb\":{\"@id\":\"https:\/\/dev.explora.cl\/rios\/seleccionados-concurso-micrometrajes-explora-el-cine-en-tu-casa-de-par-explora-los-rios-y-cpcv\/#breadcrumb\"},\"inLanguage\":\"es-CL\",\"potentialAction\":[{\"@type\":\"ReadAction\",\"target\":[\"https:\/\/dev.explora.cl\/rios\/seleccionados-concurso-micrometrajes-explora-el-cine-en-tu-casa-de-par-explora-los-rios-y-cpcv\/\"]}]},{\"@type\":\"ImageObject\",\"inLanguage\":\"es-CL\",\"@id\":\"https:\/\/dev.explora.cl\/rios\/seleccionados-concurso-micrometrajes-explora-el-cine-en-tu-casa-de-par-explora-los-rios-y-cpcv\/#primaryimage\",\"url\":\"https:\/\/dev.explora.cl\/rios\/wp-content\/uploads\/sites\/16\/2020\/10\/solicitud-graficas-secciones_1920X1080-EXPLORA-EL-CINE-.jpg\",\"contentUrl\":\"https:\/\/dev.explora.cl\/rios\/wp-content\/uploads\/sites\/16\/2020\/10\/solicitud-graficas-secciones_1920X1080-EXPLORA-EL-CINE-.jpg\",\"width\":1921,\"height\":1081},{\"@type\":\"BreadcrumbList\",\"@id\":\"https:\/\/dev.explora.cl\/rios\/seleccionados-concurso-micrometrajes-explora-el-cine-en-tu-casa-de-par-explora-los-rios-y-cpcv\/#breadcrumb\",\"itemListElement\":[{\"@type\":\"ListItem\",\"position\":1,\"name\":\"Portada\",\"item\":\"https:\/\/dev.explora.cl\/rios\/\"},{\"@type\":\"ListItem\",\"position\":2,\"name\":\"Seleccionados Concurso Micrometrajes Explora el Cine en tu Casa de PAR Explora Los R\u00edos y CPCV\"}]},{\"@type\":\"WebSite\",\"@id\":\"https:\/\/dev.explora.cl\/rios\/#website\",\"url\":\"https:\/\/dev.explora.cl\/rios\/\",\"name\":\"Los R\u00edos\",\"description\":\"Otro sitio m\u00e1s de dev.explora.cl\",\"potentialAction\":[{\"@type\":\"SearchAction\",\"target\":{\"@type\":\"EntryPoint\",\"urlTemplate\":\"https:\/\/dev.explora.cl\/rios\/?s={search_term_string}\"},\"query-input\":{\"@type\":\"PropertyValueSpecification\",\"valueRequired\":true,\"valueName\":\"search_term_string\"}}],\"inLanguage\":\"es-CL\"},{\"@type\":\"Person\",\"@id\":\"https:\/\/dev.explora.cl\/rios\/#\/schema\/person\/279896208736d277e75690dde6cc1ea9\",\"name\":\"smancilla\",\"image\":{\"@type\":\"ImageObject\",\"inLanguage\":\"es-CL\",\"@id\":\"https:\/\/dev.explora.cl\/rios\/#\/schema\/person\/image\/\",\"url\":\"https:\/\/secure.gravatar.com\/avatar\/a1c7f8b1dd453e8facadec2bf18354190c777b5556feaaadfa0f6a129ab9b015?s=96&d=mm&r=g\",\"contentUrl\":\"https:\/\/secure.gravatar.com\/avatar\/a1c7f8b1dd453e8facadec2bf18354190c777b5556feaaadfa0f6a129ab9b015?s=96&d=mm&r=g\",\"caption\":\"smancilla\"},\"url\":\"https:\/\/dev.explora.cl\/rios\/author\/smancilla\/\"}]}<\/script>\n<!-- \/ Yoast SEO plugin. -->","yoast_head_json":{"title":"Seleccionados Concurso Micrometrajes Explora el Cine en tu Casa de PAR Explora Los R\u00edos y CPCV - Los R\u00edos","robots":{"index":"index","follow":"follow","max-snippet":"max-snippet:-1","max-image-preview":"max-image-preview:large","max-video-preview":"max-video-preview:-1"},"canonical":"https:\/\/dev.explora.cl\/rios\/seleccionados-concurso-micrometrajes-explora-el-cine-en-tu-casa-de-par-explora-los-rios-y-cpcv\/","og_locale":"es_ES","og_type":"article","og_title":"Seleccionados Concurso Micrometrajes Explora el Cine en tu Casa de PAR Explora Los R\u00edos y CPCV - Los R\u00edos","og_description":"Seis fueron las producciones escogidos para participar en la final de la cuarta versi\u00f3n del Concurso de Micrometrajes Explora el Cine en tu Casa,\u00a0organizado por\u00a0PAR Explora Los R\u00edos\u00a0y el Centro de Promoci\u00f3n Cinematogr\u00e1fica de Valdivia.","og_url":"https:\/\/dev.explora.cl\/rios\/seleccionados-concurso-micrometrajes-explora-el-cine-en-tu-casa-de-par-explora-los-rios-y-cpcv\/","og_site_name":"Los R\u00edos","article_published_time":"2020-10-07T18:29:16+00:00","article_modified_time":"2020-11-03T14:12:00+00:00","og_image":[{"width":1921,"height":1081,"url":"https:\/\/dev.explora.cl\/rios\/wp-content\/uploads\/sites\/16\/2020\/10\/solicitud-graficas-secciones_1920X1080-EXPLORA-EL-CINE-.jpg","type":"image\/jpeg"}],"author":"smancilla","twitter_card":"summary_large_image","twitter_misc":{"Escrito por":"smancilla","Tiempo estimado de lectura":"5 minutos"},"schema":{"@context":"https:\/\/schema.org","@graph":[{"@type":"Article","@id":"https:\/\/dev.explora.cl\/rios\/seleccionados-concurso-micrometrajes-explora-el-cine-en-tu-casa-de-par-explora-los-rios-y-cpcv\/#article","isPartOf":{"@id":"https:\/\/dev.explora.cl\/rios\/seleccionados-concurso-micrometrajes-explora-el-cine-en-tu-casa-de-par-explora-los-rios-y-cpcv\/"},"author":{"name":"smancilla","@id":"https:\/\/dev.explora.cl\/rios\/#\/schema\/person\/279896208736d277e75690dde6cc1ea9"},"headline":"Seleccionados Concurso Micrometrajes Explora el Cine en tu Casa de PAR Explora Los R\u00edos y CPCV","datePublished":"2020-10-07T18:29:16+00:00","dateModified":"2020-11-03T14:12:00+00:00","mainEntityOfPage":{"@id":"https:\/\/dev.explora.cl\/rios\/seleccionados-concurso-micrometrajes-explora-el-cine-en-tu-casa-de-par-explora-los-rios-y-cpcv\/"},"wordCount":1063,"commentCount":0,"image":{"@id":"https:\/\/dev.explora.cl\/rios\/seleccionados-concurso-micrometrajes-explora-el-cine-en-tu-casa-de-par-explora-los-rios-y-cpcv\/#primaryimage"},"thumbnailUrl":"https:\/\/dev.explora.cl\/rios\/wp-content\/uploads\/sites\/16\/2020\/10\/solicitud-graficas-secciones_1920X1080-EXPLORA-EL-CINE-.jpg","keywords":["Audiovisual","cine","concurso","ficvaldivia","resultados"],"articleSection":["Lugar 6","Noticias"],"inLanguage":"es-CL","potentialAction":[{"@type":"CommentAction","name":"Comment","target":["https:\/\/dev.explora.cl\/rios\/seleccionados-concurso-micrometrajes-explora-el-cine-en-tu-casa-de-par-explora-los-rios-y-cpcv\/#respond"]}]},{"@type":"WebPage","@id":"https:\/\/dev.explora.cl\/rios\/seleccionados-concurso-micrometrajes-explora-el-cine-en-tu-casa-de-par-explora-los-rios-y-cpcv\/","url":"https:\/\/dev.explora.cl\/rios\/seleccionados-concurso-micrometrajes-explora-el-cine-en-tu-casa-de-par-explora-los-rios-y-cpcv\/","name":"Seleccionados Concurso Micrometrajes Explora el Cine en tu Casa de PAR Explora Los R\u00edos y CPCV - Los R\u00edos","isPartOf":{"@id":"https:\/\/dev.explora.cl\/rios\/#website"},"primaryImageOfPage":{"@id":"https:\/\/dev.explora.cl\/rios\/seleccionados-concurso-micrometrajes-explora-el-cine-en-tu-casa-de-par-explora-los-rios-y-cpcv\/#primaryimage"},"image":{"@id":"https:\/\/dev.explora.cl\/rios\/seleccionados-concurso-micrometrajes-explora-el-cine-en-tu-casa-de-par-explora-los-rios-y-cpcv\/#primaryimage"},"thumbnailUrl":"https:\/\/dev.explora.cl\/rios\/wp-content\/uploads\/sites\/16\/2020\/10\/solicitud-graficas-secciones_1920X1080-EXPLORA-EL-CINE-.jpg","datePublished":"2020-10-07T18:29:16+00:00","dateModified":"2020-11-03T14:12:00+00:00","author":{"@id":"https:\/\/dev.explora.cl\/rios\/#\/schema\/person\/279896208736d277e75690dde6cc1ea9"},"breadcrumb":{"@id":"https:\/\/dev.explora.cl\/rios\/seleccionados-concurso-micrometrajes-explora-el-cine-en-tu-casa-de-par-explora-los-rios-y-cpcv\/#breadcrumb"},"inLanguage":"es-CL","potentialAction":[{"@type":"ReadAction","target":["https:\/\/dev.explora.cl\/rios\/seleccionados-concurso-micrometrajes-explora-el-cine-en-tu-casa-de-par-explora-los-rios-y-cpcv\/"]}]},{"@type":"ImageObject","inLanguage":"es-CL","@id":"https:\/\/dev.explora.cl\/rios\/seleccionados-concurso-micrometrajes-explora-el-cine-en-tu-casa-de-par-explora-los-rios-y-cpcv\/#primaryimage","url":"https:\/\/dev.explora.cl\/rios\/wp-content\/uploads\/sites\/16\/2020\/10\/solicitud-graficas-secciones_1920X1080-EXPLORA-EL-CINE-.jpg","contentUrl":"https:\/\/dev.explora.cl\/rios\/wp-content\/uploads\/sites\/16\/2020\/10\/solicitud-graficas-secciones_1920X1080-EXPLORA-EL-CINE-.jpg","width":1921,"height":1081},{"@type":"BreadcrumbList","@id":"https:\/\/dev.explora.cl\/rios\/seleccionados-concurso-micrometrajes-explora-el-cine-en-tu-casa-de-par-explora-los-rios-y-cpcv\/#breadcrumb","itemListElement":[{"@type":"ListItem","position":1,"name":"Portada","item":"https:\/\/dev.explora.cl\/rios\/"},{"@type":"ListItem","position":2,"name":"Seleccionados Concurso Micrometrajes Explora el Cine en tu Casa de PAR Explora Los R\u00edos y CPCV"}]},{"@type":"WebSite","@id":"https:\/\/dev.explora.cl\/rios\/#website","url":"https:\/\/dev.explora.cl\/rios\/","name":"Los R\u00edos","description":"Otro sitio m\u00e1s de dev.explora.cl","potentialAction":[{"@type":"SearchAction","target":{"@type":"EntryPoint","urlTemplate":"https:\/\/dev.explora.cl\/rios\/?s={search_term_string}"},"query-input":{"@type":"PropertyValueSpecification","valueRequired":true,"valueName":"search_term_string"}}],"inLanguage":"es-CL"},{"@type":"Person","@id":"https:\/\/dev.explora.cl\/rios\/#\/schema\/person\/279896208736d277e75690dde6cc1ea9","name":"smancilla","image":{"@type":"ImageObject","inLanguage":"es-CL","@id":"https:\/\/dev.explora.cl\/rios\/#\/schema\/person\/image\/","url":"https:\/\/secure.gravatar.com\/avatar\/a1c7f8b1dd453e8facadec2bf18354190c777b5556feaaadfa0f6a129ab9b015?s=96&d=mm&r=g","contentUrl":"https:\/\/secure.gravatar.com\/avatar\/a1c7f8b1dd453e8facadec2bf18354190c777b5556feaaadfa0f6a129ab9b015?s=96&d=mm&r=g","caption":"smancilla"},"url":"https:\/\/dev.explora.cl\/rios\/author\/smancilla\/"}]}},"_links":{"self":[{"href":"https:\/\/dev.explora.cl\/rios\/wp-json\/wp\/v2\/posts\/39555","targetHints":{"allow":["GET"]}}],"collection":[{"href":"https:\/\/dev.explora.cl\/rios\/wp-json\/wp\/v2\/posts"}],"about":[{"href":"https:\/\/dev.explora.cl\/rios\/wp-json\/wp\/v2\/types\/post"}],"author":[{"embeddable":true,"href":"https:\/\/dev.explora.cl\/rios\/wp-json\/wp\/v2\/users\/31"}],"replies":[{"embeddable":true,"href":"https:\/\/dev.explora.cl\/rios\/wp-json\/wp\/v2\/comments?post=39555"}],"version-history":[{"count":2,"href":"https:\/\/dev.explora.cl\/rios\/wp-json\/wp\/v2\/posts\/39555\/revisions"}],"predecessor-version":[{"id":39802,"href":"https:\/\/dev.explora.cl\/rios\/wp-json\/wp\/v2\/posts\/39555\/revisions\/39802"}],"wp:featuredmedia":[{"embeddable":true,"href":"https:\/\/dev.explora.cl\/rios\/wp-json\/wp\/v2\/media\/39562"}],"wp:attachment":[{"href":"https:\/\/dev.explora.cl\/rios\/wp-json\/wp\/v2\/media?parent=39555"}],"wp:term":[{"taxonomy":"category","embeddable":true,"href":"https:\/\/dev.explora.cl\/rios\/wp-json\/wp\/v2\/categories?post=39555"},{"taxonomy":"post_tag","embeddable":true,"href":"https:\/\/dev.explora.cl\/rios\/wp-json\/wp\/v2\/tags?post=39555"}],"curies":[{"name":"wp","href":"https:\/\/api.w.org\/{rel}","templated":true}]}}