{"id":39544,"date":"2020-09-17T12:52:24","date_gmt":"2020-09-17T15:52:24","guid":{"rendered":"https:\/\/dev.explora.cl\/rios\/?p=39544"},"modified":"2020-10-27T15:26:31","modified_gmt":"2020-10-27T18:26:31","slug":"invitan-a-ser-parte-del-jurado-del-publico-en-concurso-ojo-de-pez-2020","status":"publish","type":"post","link":"https:\/\/dev.explora.cl\/rios\/invitan-a-ser-parte-del-jurado-del-publico-en-concurso-ojo-de-pez-2020\/","title":{"rendered":"Invitan a ser parte del jurado del p\u00fablico en concurso Ojo de Pez 2020"},"content":{"rendered":"<p>[vc_row][vc_column][vc_row_inner][vc_column_inner width=&#8221;2\/3&#8243;][vc_custom_heading text=&#8221;Ya es posible votar por las mejores fotograf\u00edas del concurso Ojo de Pez entre las finalistas que ya fueron evaluadas por el jurado. Las 3 im\u00e1genes m\u00e1s votadas obtendr\u00e1n el Premio del P\u00fablico y ser\u00e1n destacadas entre las ganadoras de la versi\u00f3n 2020 del certamen.&#8221; font_container=&#8221;tag:h3|text_align:left&#8221;][\/vc_column_inner][vc_column_inner width=&#8221;1\/3&#8243;][vc_btn title=&#8221;Vota Aqu\u00ed&#8221; style=&#8221;custom&#8221; custom_background=&#8221;#81d742&#8243; custom_text=&#8221;#ffffff&#8221; size=&#8221;lg&#8221; align=&#8221;center&#8221; i_align=&#8221;right&#8221; i_icon_fontawesome=&#8221;fa fa-arrow-circle-right&#8221; button_block=&#8221;true&#8221; add_icon=&#8221;true&#8221;][\/vc_column_inner][\/vc_row_inner][vc_column_text]Hasta el 21 de octubre y a trav\u00e9s de las p\u00e1ginas de Facebook de las instituciones organizadoras se podr\u00e1 dar \u201cLike\u201d y\/o compartir a las im\u00e1genes m\u00e1s destacadas de los ecosistemas acu\u00e1ticos de Chile, gracias al Concurso Fotogr\u00e1fico Ojo de Pez. La iniciativa busca destacar la importancia de estos ambientes para ciudadan\u00eda a trav\u00e9s de la belleza de los paisajes, su flora, fauna y los efectos que tienen las actividades humanas en ellas.<\/p>\n<p>A pesar de los efectos de la pandemia y no poder salir a fotografiar como en a\u00f1os anteriores, las postulaciones superaron a las del a\u00f1o anterior con 207 participantes y 528 fotograf\u00edas en concurso.<\/p>\n<p>Luego de un exhaustivo control de calidad y votaci\u00f3n del jurado nacional, las fotograf\u00edas finalistas podr\u00e1n ser vistas por un mes a trav\u00e9s de las redes sociales del <a href=\"https:\/\/www.facebook.com\/icml.uach\">Instituto de Ciencias Marinas y Limnol\u00f3gicas (ICML)<\/a> de la Universidad Austral de Chile (UACh), <a href=\"https:\/\/www.facebook.com\/parexplorarios\">Explora Regi\u00f3n Los R\u00edos<\/a> del Ministerio de Ciencia ejecutado por la UACh, <a href=\"https:\/\/www.facebook.com\/Centro.Investigacion.IDEAL\">Centro Investigaci\u00f3n Din\u00e1mica de Ecosistemas Marinos de Altas Latitudes<\/a> (IDEAL) e <a href=\"https:\/\/www.facebook.com\/inach.gob\">Instituto Ant\u00e1rtico Chileno<\/a> (INACH).<\/p>\n<p>El jurado est\u00e1 compuesto por Andrea Obaid, periodista cient\u00edfica y presentadora radial de Tu Nuevo ADN; N\u00e9lida Pohl, doctora en biolog\u00eda y presidenta de Achipec; Eduardo Sorensen, fot\u00f3grafo submarino profesional; Felipe Trueba, camar\u00f3grafo y fot\u00f3grafo agencia EPA; y Sashenka Guti\u00e9rrez, fotoperiodista mexicana de agencia EFE.<\/p>\n<p>Cabe destacar que el concurso tiene como premio principal una excursi\u00f3n a Ant\u00e1rtica y la ceremonia de premiaci\u00f3n se realizar\u00e1 en l\u00ednea el 28 de octubre. Ojo de Pez 2020 cuenta con la colaboraci\u00f3n del Museo de Exploraci\u00f3n R. A. Philippi de la UACh y el auspicio de la Escuela de Biolog\u00eda Marina de la UACh y la Vicerrector\u00eda de Investigaci\u00f3n, Desarrollo y Creaci\u00f3n Art\u00edstica de la UACh.[\/vc_column_text][\/vc_column][\/vc_row]<\/p>\n","protected":false},"excerpt":{"rendered":"<p>Ya es posible votar por las mejores fotograf\u00edas del concurso Ojo de Pez entre las finalistas que ya fueron evaluadas por el jurado. Las 3 im\u00e1genes m\u00e1s votadas obtendr\u00e1n el Premio del P\u00fablico y ser\u00e1n destacadas entre las ganadoras de la versi\u00f3n 2020 del certamen.<\/p>\n","protected":false},"author":31,"featured_media":39545,"comment_status":"open","ping_status":"open","sticky":false,"template":"","format":"standard","meta":{"_acf_changed":false,"_exactmetrics_skip_tracking":false,"_exactmetrics_sitenote_active":false,"_exactmetrics_sitenote_note":"","_exactmetrics_sitenote_category":0,"footnotes":"","_links_to":"","_links_to_target":""},"categories":[4],"tags":[104,370,356,269,305],"class_list":["post-39544","post","type-post","status-publish","format-standard","has-post-thumbnail","hentry","category-noticias","tag-concurso","tag-ecosistemas-acuaticos","tag-fotografias","tag-ojo-de-pez","tag-votacion"],"acf":[],"yoast_head":"<!-- This site is optimized with the Yoast SEO plugin v26.7 - https:\/\/yoast.com\/wordpress\/plugins\/seo\/ -->\n<title>Invitan a ser parte del jurado del p\u00fablico en concurso Ojo de Pez 2020 - Los R\u00edos<\/title>\n<meta name=\"robots\" content=\"index, follow, max-snippet:-1, max-image-preview:large, max-video-preview:-1\" \/>\n<link rel=\"canonical\" href=\"https:\/\/dev.explora.cl\/rios\/invitan-a-ser-parte-del-jurado-del-publico-en-concurso-ojo-de-pez-2020\/\" class=\"yoast-seo-meta-tag\" \/>\n<meta property=\"og:locale\" content=\"es_ES\" class=\"yoast-seo-meta-tag\" \/>\n<meta property=\"og:type\" content=\"article\" class=\"yoast-seo-meta-tag\" \/>\n<meta property=\"og:title\" content=\"Invitan a ser parte del jurado del p\u00fablico en concurso Ojo de Pez 2020 - Los R\u00edos\" class=\"yoast-seo-meta-tag\" \/>\n<meta property=\"og:description\" content=\"Ya es posible votar por las mejores fotograf\u00edas del concurso Ojo de Pez entre las finalistas que ya fueron evaluadas por el jurado. Las 3 im\u00e1genes m\u00e1s votadas obtendr\u00e1n el Premio del P\u00fablico y ser\u00e1n destacadas entre las ganadoras de la versi\u00f3n 2020 del certamen.\" class=\"yoast-seo-meta-tag\" \/>\n<meta property=\"og:url\" content=\"https:\/\/dev.explora.cl\/rios\/invitan-a-ser-parte-del-jurado-del-publico-en-concurso-ojo-de-pez-2020\/\" class=\"yoast-seo-meta-tag\" \/>\n<meta property=\"og:site_name\" content=\"Los R\u00edos\" class=\"yoast-seo-meta-tag\" \/>\n<meta property=\"article:published_time\" content=\"2020-09-17T15:52:24+00:00\" class=\"yoast-seo-meta-tag\" \/>\n<meta property=\"article:modified_time\" content=\"2020-10-27T18:26:31+00:00\" class=\"yoast-seo-meta-tag\" \/>\n<meta property=\"og:image\" content=\"https:\/\/dev.explora.cl\/rios\/wp-content\/uploads\/sites\/16\/2020\/09\/collage-Grande.jpg\" class=\"yoast-seo-meta-tag\" \/>\n\t<meta property=\"og:image:width\" content=\"1620\" class=\"yoast-seo-meta-tag\" \/>\n\t<meta property=\"og:image:height\" content=\"1080\" class=\"yoast-seo-meta-tag\" \/>\n\t<meta property=\"og:image:type\" content=\"image\/jpeg\" class=\"yoast-seo-meta-tag\" \/>\n<meta name=\"author\" content=\"smancilla\" class=\"yoast-seo-meta-tag\" \/>\n<meta name=\"twitter:card\" content=\"summary_large_image\" class=\"yoast-seo-meta-tag\" \/>\n<meta name=\"twitter:label1\" content=\"Escrito por\" class=\"yoast-seo-meta-tag\" \/>\n\t<meta name=\"twitter:data1\" content=\"smancilla\" class=\"yoast-seo-meta-tag\" \/>\n\t<meta name=\"twitter:label2\" content=\"Tiempo estimado de lectura\" class=\"yoast-seo-meta-tag\" \/>\n\t<meta name=\"twitter:data2\" content=\"2 minutos\" class=\"yoast-seo-meta-tag\" \/>\n<script type=\"application\/ld+json\" class=\"yoast-schema-graph\">{\"@context\":\"https:\/\/schema.org\",\"@graph\":[{\"@type\":\"Article\",\"@id\":\"https:\/\/dev.explora.cl\/rios\/invitan-a-ser-parte-del-jurado-del-publico-en-concurso-ojo-de-pez-2020\/#article\",\"isPartOf\":{\"@id\":\"https:\/\/dev.explora.cl\/rios\/invitan-a-ser-parte-del-jurado-del-publico-en-concurso-ojo-de-pez-2020\/\"},\"author\":{\"name\":\"smancilla\",\"@id\":\"https:\/\/dev.explora.cl\/rios\/#\/schema\/person\/279896208736d277e75690dde6cc1ea9\"},\"headline\":\"Invitan a ser parte del jurado del p\u00fablico en concurso Ojo de Pez 2020\",\"datePublished\":\"2020-09-17T15:52:24+00:00\",\"dateModified\":\"2020-10-27T18:26:31+00:00\",\"mainEntityOfPage\":{\"@id\":\"https:\/\/dev.explora.cl\/rios\/invitan-a-ser-parte-del-jurado-del-publico-en-concurso-ojo-de-pez-2020\/\"},\"wordCount\":464,\"commentCount\":0,\"image\":{\"@id\":\"https:\/\/dev.explora.cl\/rios\/invitan-a-ser-parte-del-jurado-del-publico-en-concurso-ojo-de-pez-2020\/#primaryimage\"},\"thumbnailUrl\":\"https:\/\/dev.explora.cl\/rios\/wp-content\/uploads\/sites\/16\/2020\/09\/collage-Grande.jpg\",\"keywords\":[\"concurso\",\"ecosistemas acu\u00e1ticos\",\"fotograf\u00edas\",\"ojo de pez\",\"votaci\u00f3n\"],\"articleSection\":[\"Noticias\"],\"inLanguage\":\"es-CL\",\"potentialAction\":[{\"@type\":\"CommentAction\",\"name\":\"Comment\",\"target\":[\"https:\/\/dev.explora.cl\/rios\/invitan-a-ser-parte-del-jurado-del-publico-en-concurso-ojo-de-pez-2020\/#respond\"]}]},{\"@type\":\"WebPage\",\"@id\":\"https:\/\/dev.explora.cl\/rios\/invitan-a-ser-parte-del-jurado-del-publico-en-concurso-ojo-de-pez-2020\/\",\"url\":\"https:\/\/dev.explora.cl\/rios\/invitan-a-ser-parte-del-jurado-del-publico-en-concurso-ojo-de-pez-2020\/\",\"name\":\"Invitan a ser parte del jurado del p\u00fablico en concurso Ojo de Pez 2020 - Los R\u00edos\",\"isPartOf\":{\"@id\":\"https:\/\/dev.explora.cl\/rios\/#website\"},\"primaryImageOfPage\":{\"@id\":\"https:\/\/dev.explora.cl\/rios\/invitan-a-ser-parte-del-jurado-del-publico-en-concurso-ojo-de-pez-2020\/#primaryimage\"},\"image\":{\"@id\":\"https:\/\/dev.explora.cl\/rios\/invitan-a-ser-parte-del-jurado-del-publico-en-concurso-ojo-de-pez-2020\/#primaryimage\"},\"thumbnailUrl\":\"https:\/\/dev.explora.cl\/rios\/wp-content\/uploads\/sites\/16\/2020\/09\/collage-Grande.jpg\",\"datePublished\":\"2020-09-17T15:52:24+00:00\",\"dateModified\":\"2020-10-27T18:26:31+00:00\",\"author\":{\"@id\":\"https:\/\/dev.explora.cl\/rios\/#\/schema\/person\/279896208736d277e75690dde6cc1ea9\"},\"breadcrumb\":{\"@id\":\"https:\/\/dev.explora.cl\/rios\/invitan-a-ser-parte-del-jurado-del-publico-en-concurso-ojo-de-pez-2020\/#breadcrumb\"},\"inLanguage\":\"es-CL\",\"potentialAction\":[{\"@type\":\"ReadAction\",\"target\":[\"https:\/\/dev.explora.cl\/rios\/invitan-a-ser-parte-del-jurado-del-publico-en-concurso-ojo-de-pez-2020\/\"]}]},{\"@type\":\"ImageObject\",\"inLanguage\":\"es-CL\",\"@id\":\"https:\/\/dev.explora.cl\/rios\/invitan-a-ser-parte-del-jurado-del-publico-en-concurso-ojo-de-pez-2020\/#primaryimage\",\"url\":\"https:\/\/dev.explora.cl\/rios\/wp-content\/uploads\/sites\/16\/2020\/09\/collage-Grande.jpg\",\"contentUrl\":\"https:\/\/dev.explora.cl\/rios\/wp-content\/uploads\/sites\/16\/2020\/09\/collage-Grande.jpg\",\"width\":1620,\"height\":1080},{\"@type\":\"BreadcrumbList\",\"@id\":\"https:\/\/dev.explora.cl\/rios\/invitan-a-ser-parte-del-jurado-del-publico-en-concurso-ojo-de-pez-2020\/#breadcrumb\",\"itemListElement\":[{\"@type\":\"ListItem\",\"position\":1,\"name\":\"Portada\",\"item\":\"https:\/\/dev.explora.cl\/rios\/\"},{\"@type\":\"ListItem\",\"position\":2,\"name\":\"Invitan a ser parte del jurado del p\u00fablico en concurso Ojo de Pez 2020\"}]},{\"@type\":\"WebSite\",\"@id\":\"https:\/\/dev.explora.cl\/rios\/#website\",\"url\":\"https:\/\/dev.explora.cl\/rios\/\",\"name\":\"Los R\u00edos\",\"description\":\"Otro sitio m\u00e1s de dev.explora.cl\",\"potentialAction\":[{\"@type\":\"SearchAction\",\"target\":{\"@type\":\"EntryPoint\",\"urlTemplate\":\"https:\/\/dev.explora.cl\/rios\/?s={search_term_string}\"},\"query-input\":{\"@type\":\"PropertyValueSpecification\",\"valueRequired\":true,\"valueName\":\"search_term_string\"}}],\"inLanguage\":\"es-CL\"},{\"@type\":\"Person\",\"@id\":\"https:\/\/dev.explora.cl\/rios\/#\/schema\/person\/279896208736d277e75690dde6cc1ea9\",\"name\":\"smancilla\",\"image\":{\"@type\":\"ImageObject\",\"inLanguage\":\"es-CL\",\"@id\":\"https:\/\/dev.explora.cl\/rios\/#\/schema\/person\/image\/\",\"url\":\"https:\/\/secure.gravatar.com\/avatar\/a1c7f8b1dd453e8facadec2bf18354190c777b5556feaaadfa0f6a129ab9b015?s=96&d=mm&r=g\",\"contentUrl\":\"https:\/\/secure.gravatar.com\/avatar\/a1c7f8b1dd453e8facadec2bf18354190c777b5556feaaadfa0f6a129ab9b015?s=96&d=mm&r=g\",\"caption\":\"smancilla\"},\"url\":\"https:\/\/dev.explora.cl\/rios\/author\/smancilla\/\"}]}<\/script>\n<!-- \/ Yoast SEO plugin. -->","yoast_head_json":{"title":"Invitan a ser parte del jurado del p\u00fablico en concurso Ojo de Pez 2020 - Los R\u00edos","robots":{"index":"index","follow":"follow","max-snippet":"max-snippet:-1","max-image-preview":"max-image-preview:large","max-video-preview":"max-video-preview:-1"},"canonical":"https:\/\/dev.explora.cl\/rios\/invitan-a-ser-parte-del-jurado-del-publico-en-concurso-ojo-de-pez-2020\/","og_locale":"es_ES","og_type":"article","og_title":"Invitan a ser parte del jurado del p\u00fablico en concurso Ojo de Pez 2020 - Los R\u00edos","og_description":"Ya es posible votar por las mejores fotograf\u00edas del concurso Ojo de Pez entre las finalistas que ya fueron evaluadas por el jurado. Las 3 im\u00e1genes m\u00e1s votadas obtendr\u00e1n el Premio del P\u00fablico y ser\u00e1n destacadas entre las ganadoras de la versi\u00f3n 2020 del certamen.","og_url":"https:\/\/dev.explora.cl\/rios\/invitan-a-ser-parte-del-jurado-del-publico-en-concurso-ojo-de-pez-2020\/","og_site_name":"Los R\u00edos","article_published_time":"2020-09-17T15:52:24+00:00","article_modified_time":"2020-10-27T18:26:31+00:00","og_image":[{"width":1620,"height":1080,"url":"https:\/\/dev.explora.cl\/rios\/wp-content\/uploads\/sites\/16\/2020\/09\/collage-Grande.jpg","type":"image\/jpeg"}],"author":"smancilla","twitter_card":"summary_large_image","twitter_misc":{"Escrito por":"smancilla","Tiempo estimado de lectura":"2 minutos"},"schema":{"@context":"https:\/\/schema.org","@graph":[{"@type":"Article","@id":"https:\/\/dev.explora.cl\/rios\/invitan-a-ser-parte-del-jurado-del-publico-en-concurso-ojo-de-pez-2020\/#article","isPartOf":{"@id":"https:\/\/dev.explora.cl\/rios\/invitan-a-ser-parte-del-jurado-del-publico-en-concurso-ojo-de-pez-2020\/"},"author":{"name":"smancilla","@id":"https:\/\/dev.explora.cl\/rios\/#\/schema\/person\/279896208736d277e75690dde6cc1ea9"},"headline":"Invitan a ser parte del jurado del p\u00fablico en concurso Ojo de Pez 2020","datePublished":"2020-09-17T15:52:24+00:00","dateModified":"2020-10-27T18:26:31+00:00","mainEntityOfPage":{"@id":"https:\/\/dev.explora.cl\/rios\/invitan-a-ser-parte-del-jurado-del-publico-en-concurso-ojo-de-pez-2020\/"},"wordCount":464,"commentCount":0,"image":{"@id":"https:\/\/dev.explora.cl\/rios\/invitan-a-ser-parte-del-jurado-del-publico-en-concurso-ojo-de-pez-2020\/#primaryimage"},"thumbnailUrl":"https:\/\/dev.explora.cl\/rios\/wp-content\/uploads\/sites\/16\/2020\/09\/collage-Grande.jpg","keywords":["concurso","ecosistemas acu\u00e1ticos","fotograf\u00edas","ojo de pez","votaci\u00f3n"],"articleSection":["Noticias"],"inLanguage":"es-CL","potentialAction":[{"@type":"CommentAction","name":"Comment","target":["https:\/\/dev.explora.cl\/rios\/invitan-a-ser-parte-del-jurado-del-publico-en-concurso-ojo-de-pez-2020\/#respond"]}]},{"@type":"WebPage","@id":"https:\/\/dev.explora.cl\/rios\/invitan-a-ser-parte-del-jurado-del-publico-en-concurso-ojo-de-pez-2020\/","url":"https:\/\/dev.explora.cl\/rios\/invitan-a-ser-parte-del-jurado-del-publico-en-concurso-ojo-de-pez-2020\/","name":"Invitan a ser parte del jurado del p\u00fablico en concurso Ojo de Pez 2020 - Los R\u00edos","isPartOf":{"@id":"https:\/\/dev.explora.cl\/rios\/#website"},"primaryImageOfPage":{"@id":"https:\/\/dev.explora.cl\/rios\/invitan-a-ser-parte-del-jurado-del-publico-en-concurso-ojo-de-pez-2020\/#primaryimage"},"image":{"@id":"https:\/\/dev.explora.cl\/rios\/invitan-a-ser-parte-del-jurado-del-publico-en-concurso-ojo-de-pez-2020\/#primaryimage"},"thumbnailUrl":"https:\/\/dev.explora.cl\/rios\/wp-content\/uploads\/sites\/16\/2020\/09\/collage-Grande.jpg","datePublished":"2020-09-17T15:52:24+00:00","dateModified":"2020-10-27T18:26:31+00:00","author":{"@id":"https:\/\/dev.explora.cl\/rios\/#\/schema\/person\/279896208736d277e75690dde6cc1ea9"},"breadcrumb":{"@id":"https:\/\/dev.explora.cl\/rios\/invitan-a-ser-parte-del-jurado-del-publico-en-concurso-ojo-de-pez-2020\/#breadcrumb"},"inLanguage":"es-CL","potentialAction":[{"@type":"ReadAction","target":["https:\/\/dev.explora.cl\/rios\/invitan-a-ser-parte-del-jurado-del-publico-en-concurso-ojo-de-pez-2020\/"]}]},{"@type":"ImageObject","inLanguage":"es-CL","@id":"https:\/\/dev.explora.cl\/rios\/invitan-a-ser-parte-del-jurado-del-publico-en-concurso-ojo-de-pez-2020\/#primaryimage","url":"https:\/\/dev.explora.cl\/rios\/wp-content\/uploads\/sites\/16\/2020\/09\/collage-Grande.jpg","contentUrl":"https:\/\/dev.explora.cl\/rios\/wp-content\/uploads\/sites\/16\/2020\/09\/collage-Grande.jpg","width":1620,"height":1080},{"@type":"BreadcrumbList","@id":"https:\/\/dev.explora.cl\/rios\/invitan-a-ser-parte-del-jurado-del-publico-en-concurso-ojo-de-pez-2020\/#breadcrumb","itemListElement":[{"@type":"ListItem","position":1,"name":"Portada","item":"https:\/\/dev.explora.cl\/rios\/"},{"@type":"ListItem","position":2,"name":"Invitan a ser parte del jurado del p\u00fablico en concurso Ojo de Pez 2020"}]},{"@type":"WebSite","@id":"https:\/\/dev.explora.cl\/rios\/#website","url":"https:\/\/dev.explora.cl\/rios\/","name":"Los R\u00edos","description":"Otro sitio m\u00e1s de dev.explora.cl","potentialAction":[{"@type":"SearchAction","target":{"@type":"EntryPoint","urlTemplate":"https:\/\/dev.explora.cl\/rios\/?s={search_term_string}"},"query-input":{"@type":"PropertyValueSpecification","valueRequired":true,"valueName":"search_term_string"}}],"inLanguage":"es-CL"},{"@type":"Person","@id":"https:\/\/dev.explora.cl\/rios\/#\/schema\/person\/279896208736d277e75690dde6cc1ea9","name":"smancilla","image":{"@type":"ImageObject","inLanguage":"es-CL","@id":"https:\/\/dev.explora.cl\/rios\/#\/schema\/person\/image\/","url":"https:\/\/secure.gravatar.com\/avatar\/a1c7f8b1dd453e8facadec2bf18354190c777b5556feaaadfa0f6a129ab9b015?s=96&d=mm&r=g","contentUrl":"https:\/\/secure.gravatar.com\/avatar\/a1c7f8b1dd453e8facadec2bf18354190c777b5556feaaadfa0f6a129ab9b015?s=96&d=mm&r=g","caption":"smancilla"},"url":"https:\/\/dev.explora.cl\/rios\/author\/smancilla\/"}]}},"_links":{"self":[{"href":"https:\/\/dev.explora.cl\/rios\/wp-json\/wp\/v2\/posts\/39544","targetHints":{"allow":["GET"]}}],"collection":[{"href":"https:\/\/dev.explora.cl\/rios\/wp-json\/wp\/v2\/posts"}],"about":[{"href":"https:\/\/dev.explora.cl\/rios\/wp-json\/wp\/v2\/types\/post"}],"author":[{"embeddable":true,"href":"https:\/\/dev.explora.cl\/rios\/wp-json\/wp\/v2\/users\/31"}],"replies":[{"embeddable":true,"href":"https:\/\/dev.explora.cl\/rios\/wp-json\/wp\/v2\/comments?post=39544"}],"version-history":[{"count":2,"href":"https:\/\/dev.explora.cl\/rios\/wp-json\/wp\/v2\/posts\/39544\/revisions"}],"predecessor-version":[{"id":39547,"href":"https:\/\/dev.explora.cl\/rios\/wp-json\/wp\/v2\/posts\/39544\/revisions\/39547"}],"wp:featuredmedia":[{"embeddable":true,"href":"https:\/\/dev.explora.cl\/rios\/wp-json\/wp\/v2\/media\/39545"}],"wp:attachment":[{"href":"https:\/\/dev.explora.cl\/rios\/wp-json\/wp\/v2\/media?parent=39544"}],"wp:term":[{"taxonomy":"category","embeddable":true,"href":"https:\/\/dev.explora.cl\/rios\/wp-json\/wp\/v2\/categories?post=39544"},{"taxonomy":"post_tag","embeddable":true,"href":"https:\/\/dev.explora.cl\/rios\/wp-json\/wp\/v2\/tags?post=39544"}],"curies":[{"name":"wp","href":"https:\/\/api.w.org\/{rel}","templated":true}]}}