{"id":39490,"date":"2020-08-21T12:01:24","date_gmt":"2020-08-21T16:01:24","guid":{"rendered":"https:\/\/dev.explora.cl\/rios\/?p=39490"},"modified":"2020-11-03T11:12:32","modified_gmt":"2020-11-03T14:12:32","slug":"pipe-nuevo-programa-de-ciencias-para-parvulos-en-los-rios","status":"publish","type":"post","link":"https:\/\/dev.explora.cl\/rios\/pipe-nuevo-programa-de-ciencias-para-parvulos-en-los-rios\/","title":{"rendered":"PIPE: Nuevo programa de ciencias para p\u00e1rvulos en Los R\u00edos"},"content":{"rendered":"<p>[vc_row][vc_column][vc_row_inner][vc_column_inner width=&#8221;1\/2&#8243;][vc_custom_heading text=&#8221;Durante dos meses, profesionales de la educaci\u00f3n inicial se capacitaron en experiencias cient\u00edficas junto a Explora Los R\u00edos.&#8221; font_container=&#8221;tag:h3|text_align:left&#8221;][\/vc_column_inner][vc_column_inner width=&#8221;1\/2&#8243;][vc_single_image image=&#8221;39492&#8243; img_size=&#8221;medium&#8221;][\/vc_column_inner][\/vc_row_inner][vc_column_text]Con la idea de llevar la ciencia a los juegos y descubrimientos de los p\u00e1rvulos de la regi\u00f3n, 36 profesionales de la educaci\u00f3n inicial se capacitaron en el nuevo Programa de Indagaci\u00f3n en Primeras Edades (PIPE) de Explora Regi\u00f3n de Los R\u00edos del Ministerio de Ciencias. Con siete sesiones en l\u00ednea, los encuentros presentaron las nuevas herramientas pedag\u00f3gicas para ense\u00f1ar ciencias en \u00e1reas de plantas y animales a los m\u00e1s peque\u00f1os.<\/p>\n<p>\u201cPIPE\u201d es una invitaci\u00f3n para ni\u00f1os y ni\u00f1as a descubrir su entorno a trav\u00e9s de la indagaci\u00f3n cient\u00edfica, en experiencias de aprendizaje orientadas a despertar la curiosidad. Durante el desarrollo de los talleres se ofrecer\u00e1 un espacio para que p\u00e1rvulos desarrollen, desde el comienzo de su vida escolar, habilidades, conocimientos y actitudes cient\u00edficas.<\/p>\n<p>Junto con desarrollar las capacitaciones, cada establecimiento recibir\u00e1 un kit PIPE que contempla todos los materiales para ejecutar las actividades que incluye el programa. Todo de manera gratuita.<\/p>\n<p>\u201cQueremos fomentar la curiosidad innata que poseen los ni\u00f1os y ni\u00f1as en estas edades, con experiencias que hablan de animales y plantas que encuentran presentes en todo Chile, pero que en nuestra regi\u00f3n se pueden observar tanto en los jardines de los hogares, como tambi\u00e9n en las plazas, parques o en el campo, ya que muchos de los participantes son de zonas rurales\u201d se\u00f1al\u00f3 la Coordinadora de PIPE para la Regi\u00f3n de Los R\u00edos, Carolina Ch\u00e1vez.<\/p>\n<p>\u201cEste programa fomenta el pensamiento cient\u00edfico, comunicaci\u00f3n, generaci\u00f3n de nuevas preguntas, las cuales pueden generarse desde las experiencias previas o la vida cotidiana\u201d a\u00f1adi\u00f3 Carolina Ch\u00e1vez, quien recalca que ni\u00f1os y ni\u00f1as ya son cient\u00edficos desde muy peque\u00f1os gracias a sus habilidades innatas para la investigaci\u00f3n y su curiosidad.<\/p>\n<p>Las capacitaciones, inicialmente pensadas en formatos presenciales para 2019, se desarrollaron por v\u00eda remota. Mar\u00eda Eliana Miranda, educadora de la Escuela Leonardo Da Vinci de Valdivia, tuvo sus dudas con las circunstancias actuales. \u201cIngres\u00e9\u00a0con incertidumbre de c\u00f3mo\u00a0\u00edbamos aplicar PIPE en este tiempo de pandemia, pero a medida que se fueron realizando las jornadas de capacitaci\u00f3n las dudas fueron\u00a0pasando\u201d indic\u00f3.<\/p>\n<p>\u201cLas educadoras y t\u00e9cnicos, fueron muy comprometidas con las sesiones que desarrollamos, porque no solo asistieron a nuestras reuniones por Zoom, sino que tambi\u00e9n segu\u00edan preparando clases y apoyando a los padres y tutores con sus peque\u00f1os\u201d agreg\u00f3 la coordinadora de la iniciativa, que se vio muy agradecida con la participaci\u00f3n de las profesionales.<\/p>\n<p>El programa contempla experiencias para conocer la fotos\u00edntesis, cadenas tr\u00f3ficas, animales y h\u00e1bitat e incluso sobre contaminaci\u00f3n y cuidado del medio ambiente, entre muchas otras muy relacionadas al entorno de ni\u00f1os y ni\u00f1as.<\/p>\n<p>Para Yaritza Romero, educadora del Jard\u00edn Infantil y Sala Cuna Estrellitas Felices de Melefqu\u00e9n en Panguipulli, las experiencias son muy interesantes \u201cy estoy segura que para los ni\u00f1os causar\u00e1 a\u00fan m\u00e1s impacto ya que a ellos les encanta experimentar y explorar todo lo que los rodea\u201d. Por su parte la directora del Jard\u00edn Infantil Semillitas de Canelo de Folleco en La Uni\u00f3n, Sandra Oyarz\u00fan, se\u00f1al\u00f3 \u201ces importante dar la posibilidad de poder adaptar la actividad a desarrollar de acuerdo a la realidad de cada unidad educativa, la pertinencia, siempre y cuando no se pierda el sentido o lo que se quiera aprender\u201d.<\/p>\n<p>En los pr\u00f3ximos meses, las experiencias cient\u00edficas ser\u00e1n adaptadas a esta nueva realidad y ejecutadas con ni\u00f1os y ni\u00f1as de la regi\u00f3n. Junto a ello se desarrollar\u00e1 un acompa\u00f1amiento a la puesta en marcha de los talleres y del apoyo de apoderados.<\/p>\n<p>[\/vc_column_text][\/vc_column][\/vc_row]<\/p>\n","protected":false},"excerpt":{"rendered":"<p>Durante dos meses, profesionales de la educaci\u00f3n inicial se capacitaron en experiencias cient\u00edficas junto a Explora Los R\u00edos.<\/p>\n","protected":false},"author":31,"featured_media":39491,"comment_status":"open","ping_status":"open","sticky":false,"template":"","format":"standard","meta":{"_acf_changed":false,"_exactmetrics_skip_tracking":false,"_exactmetrics_sitenote_active":false,"_exactmetrics_sitenote_note":"","_exactmetrics_sitenote_category":0,"footnotes":"","_links_to":"","_links_to_target":""},"categories":[143,4],"tags":[235,105,277,367,281,288],"class_list":["post-39490","post","type-post","status-publish","format-standard","has-post-thumbnail","hentry","category-lugar-8","category-noticias","tag-capacitacion","tag-educacion","tag-educacion-inicial","tag-indagacion","tag-parvulos","tag-pipe"],"acf":[],"yoast_head":"<!-- This site is optimized with the Yoast SEO plugin v26.7 - https:\/\/yoast.com\/wordpress\/plugins\/seo\/ -->\n<title>PIPE: Nuevo programa de ciencias para p\u00e1rvulos en Los R\u00edos - Los R\u00edos<\/title>\n<meta name=\"robots\" content=\"index, follow, max-snippet:-1, max-image-preview:large, max-video-preview:-1\" \/>\n<link rel=\"canonical\" href=\"https:\/\/dev.explora.cl\/rios\/pipe-nuevo-programa-de-ciencias-para-parvulos-en-los-rios\/\" class=\"yoast-seo-meta-tag\" \/>\n<meta property=\"og:locale\" content=\"es_ES\" class=\"yoast-seo-meta-tag\" \/>\n<meta property=\"og:type\" content=\"article\" class=\"yoast-seo-meta-tag\" \/>\n<meta property=\"og:title\" content=\"PIPE: Nuevo programa de ciencias para p\u00e1rvulos en Los R\u00edos - Los R\u00edos\" class=\"yoast-seo-meta-tag\" \/>\n<meta property=\"og:description\" content=\"Durante dos meses, profesionales de la educaci\u00f3n inicial se capacitaron en experiencias cient\u00edficas junto a Explora Los R\u00edos.\" class=\"yoast-seo-meta-tag\" \/>\n<meta property=\"og:url\" content=\"https:\/\/dev.explora.cl\/rios\/pipe-nuevo-programa-de-ciencias-para-parvulos-en-los-rios\/\" class=\"yoast-seo-meta-tag\" \/>\n<meta property=\"og:site_name\" content=\"Los R\u00edos\" class=\"yoast-seo-meta-tag\" \/>\n<meta property=\"article:published_time\" content=\"2020-08-21T16:01:24+00:00\" class=\"yoast-seo-meta-tag\" \/>\n<meta property=\"article:modified_time\" content=\"2020-11-03T14:12:32+00:00\" class=\"yoast-seo-meta-tag\" \/>\n<meta property=\"og:image\" content=\"https:\/\/dev.explora.cl\/rios\/wp-content\/uploads\/sites\/16\/2020\/08\/pantallazo-zoom-Grande-1024x585.png\" class=\"yoast-seo-meta-tag\" \/>\n\t<meta property=\"og:image:width\" content=\"1024\" class=\"yoast-seo-meta-tag\" \/>\n\t<meta property=\"og:image:height\" content=\"585\" class=\"yoast-seo-meta-tag\" \/>\n\t<meta property=\"og:image:type\" content=\"image\/png\" class=\"yoast-seo-meta-tag\" \/>\n<meta name=\"author\" content=\"smancilla\" class=\"yoast-seo-meta-tag\" \/>\n<meta name=\"twitter:card\" content=\"summary_large_image\" class=\"yoast-seo-meta-tag\" \/>\n<meta name=\"twitter:label1\" content=\"Escrito por\" class=\"yoast-seo-meta-tag\" \/>\n\t<meta name=\"twitter:data1\" content=\"smancilla\" class=\"yoast-seo-meta-tag\" \/>\n\t<meta name=\"twitter:label2\" content=\"Tiempo estimado de lectura\" class=\"yoast-seo-meta-tag\" \/>\n\t<meta name=\"twitter:data2\" content=\"4 minutos\" class=\"yoast-seo-meta-tag\" \/>\n<script type=\"application\/ld+json\" class=\"yoast-schema-graph\">{\"@context\":\"https:\/\/schema.org\",\"@graph\":[{\"@type\":\"Article\",\"@id\":\"https:\/\/dev.explora.cl\/rios\/pipe-nuevo-programa-de-ciencias-para-parvulos-en-los-rios\/#article\",\"isPartOf\":{\"@id\":\"https:\/\/dev.explora.cl\/rios\/pipe-nuevo-programa-de-ciencias-para-parvulos-en-los-rios\/\"},\"author\":{\"name\":\"smancilla\",\"@id\":\"https:\/\/dev.explora.cl\/rios\/#\/schema\/person\/279896208736d277e75690dde6cc1ea9\"},\"headline\":\"PIPE: Nuevo programa de ciencias para p\u00e1rvulos en Los R\u00edos\",\"datePublished\":\"2020-08-21T16:01:24+00:00\",\"dateModified\":\"2020-11-03T14:12:32+00:00\",\"mainEntityOfPage\":{\"@id\":\"https:\/\/dev.explora.cl\/rios\/pipe-nuevo-programa-de-ciencias-para-parvulos-en-los-rios\/\"},\"wordCount\":721,\"commentCount\":0,\"image\":{\"@id\":\"https:\/\/dev.explora.cl\/rios\/pipe-nuevo-programa-de-ciencias-para-parvulos-en-los-rios\/#primaryimage\"},\"thumbnailUrl\":\"https:\/\/dev.explora.cl\/rios\/wp-content\/uploads\/sites\/16\/2020\/08\/pantallazo-zoom-Grande.png\",\"keywords\":[\"capacitaci\u00f3n\",\"educaci\u00f3n\",\"educaci\u00f3n inicial\",\"indagaci\u00f3n\",\"p\u00e1rvulos\",\"pipe\"],\"articleSection\":[\"Lugar 8\",\"Noticias\"],\"inLanguage\":\"es-CL\",\"potentialAction\":[{\"@type\":\"CommentAction\",\"name\":\"Comment\",\"target\":[\"https:\/\/dev.explora.cl\/rios\/pipe-nuevo-programa-de-ciencias-para-parvulos-en-los-rios\/#respond\"]}]},{\"@type\":\"WebPage\",\"@id\":\"https:\/\/dev.explora.cl\/rios\/pipe-nuevo-programa-de-ciencias-para-parvulos-en-los-rios\/\",\"url\":\"https:\/\/dev.explora.cl\/rios\/pipe-nuevo-programa-de-ciencias-para-parvulos-en-los-rios\/\",\"name\":\"PIPE: Nuevo programa de ciencias para p\u00e1rvulos en Los R\u00edos - Los R\u00edos\",\"isPartOf\":{\"@id\":\"https:\/\/dev.explora.cl\/rios\/#website\"},\"primaryImageOfPage\":{\"@id\":\"https:\/\/dev.explora.cl\/rios\/pipe-nuevo-programa-de-ciencias-para-parvulos-en-los-rios\/#primaryimage\"},\"image\":{\"@id\":\"https:\/\/dev.explora.cl\/rios\/pipe-nuevo-programa-de-ciencias-para-parvulos-en-los-rios\/#primaryimage\"},\"thumbnailUrl\":\"https:\/\/dev.explora.cl\/rios\/wp-content\/uploads\/sites\/16\/2020\/08\/pantallazo-zoom-Grande.png\",\"datePublished\":\"2020-08-21T16:01:24+00:00\",\"dateModified\":\"2020-11-03T14:12:32+00:00\",\"author\":{\"@id\":\"https:\/\/dev.explora.cl\/rios\/#\/schema\/person\/279896208736d277e75690dde6cc1ea9\"},\"breadcrumb\":{\"@id\":\"https:\/\/dev.explora.cl\/rios\/pipe-nuevo-programa-de-ciencias-para-parvulos-en-los-rios\/#breadcrumb\"},\"inLanguage\":\"es-CL\",\"potentialAction\":[{\"@type\":\"ReadAction\",\"target\":[\"https:\/\/dev.explora.cl\/rios\/pipe-nuevo-programa-de-ciencias-para-parvulos-en-los-rios\/\"]}]},{\"@type\":\"ImageObject\",\"inLanguage\":\"es-CL\",\"@id\":\"https:\/\/dev.explora.cl\/rios\/pipe-nuevo-programa-de-ciencias-para-parvulos-en-los-rios\/#primaryimage\",\"url\":\"https:\/\/dev.explora.cl\/rios\/wp-content\/uploads\/sites\/16\/2020\/08\/pantallazo-zoom-Grande.png\",\"contentUrl\":\"https:\/\/dev.explora.cl\/rios\/wp-content\/uploads\/sites\/16\/2020\/08\/pantallazo-zoom-Grande.png\",\"width\":1891,\"height\":1080},{\"@type\":\"BreadcrumbList\",\"@id\":\"https:\/\/dev.explora.cl\/rios\/pipe-nuevo-programa-de-ciencias-para-parvulos-en-los-rios\/#breadcrumb\",\"itemListElement\":[{\"@type\":\"ListItem\",\"position\":1,\"name\":\"Portada\",\"item\":\"https:\/\/dev.explora.cl\/rios\/\"},{\"@type\":\"ListItem\",\"position\":2,\"name\":\"PIPE: Nuevo programa de ciencias para p\u00e1rvulos en Los R\u00edos\"}]},{\"@type\":\"WebSite\",\"@id\":\"https:\/\/dev.explora.cl\/rios\/#website\",\"url\":\"https:\/\/dev.explora.cl\/rios\/\",\"name\":\"Los R\u00edos\",\"description\":\"Otro sitio m\u00e1s de dev.explora.cl\",\"potentialAction\":[{\"@type\":\"SearchAction\",\"target\":{\"@type\":\"EntryPoint\",\"urlTemplate\":\"https:\/\/dev.explora.cl\/rios\/?s={search_term_string}\"},\"query-input\":{\"@type\":\"PropertyValueSpecification\",\"valueRequired\":true,\"valueName\":\"search_term_string\"}}],\"inLanguage\":\"es-CL\"},{\"@type\":\"Person\",\"@id\":\"https:\/\/dev.explora.cl\/rios\/#\/schema\/person\/279896208736d277e75690dde6cc1ea9\",\"name\":\"smancilla\",\"image\":{\"@type\":\"ImageObject\",\"inLanguage\":\"es-CL\",\"@id\":\"https:\/\/dev.explora.cl\/rios\/#\/schema\/person\/image\/\",\"url\":\"https:\/\/secure.gravatar.com\/avatar\/a1c7f8b1dd453e8facadec2bf18354190c777b5556feaaadfa0f6a129ab9b015?s=96&d=mm&r=g\",\"contentUrl\":\"https:\/\/secure.gravatar.com\/avatar\/a1c7f8b1dd453e8facadec2bf18354190c777b5556feaaadfa0f6a129ab9b015?s=96&d=mm&r=g\",\"caption\":\"smancilla\"},\"url\":\"https:\/\/dev.explora.cl\/rios\/author\/smancilla\/\"}]}<\/script>\n<!-- \/ Yoast SEO plugin. -->","yoast_head_json":{"title":"PIPE: Nuevo programa de ciencias para p\u00e1rvulos en Los R\u00edos - Los R\u00edos","robots":{"index":"index","follow":"follow","max-snippet":"max-snippet:-1","max-image-preview":"max-image-preview:large","max-video-preview":"max-video-preview:-1"},"canonical":"https:\/\/dev.explora.cl\/rios\/pipe-nuevo-programa-de-ciencias-para-parvulos-en-los-rios\/","og_locale":"es_ES","og_type":"article","og_title":"PIPE: Nuevo programa de ciencias para p\u00e1rvulos en Los R\u00edos - Los R\u00edos","og_description":"Durante dos meses, profesionales de la educaci\u00f3n inicial se capacitaron en experiencias cient\u00edficas junto a Explora Los R\u00edos.","og_url":"https:\/\/dev.explora.cl\/rios\/pipe-nuevo-programa-de-ciencias-para-parvulos-en-los-rios\/","og_site_name":"Los R\u00edos","article_published_time":"2020-08-21T16:01:24+00:00","article_modified_time":"2020-11-03T14:12:32+00:00","og_image":[{"width":1024,"height":585,"url":"https:\/\/dev.explora.cl\/rios\/wp-content\/uploads\/sites\/16\/2020\/08\/pantallazo-zoom-Grande-1024x585.png","type":"image\/png"}],"author":"smancilla","twitter_card":"summary_large_image","twitter_misc":{"Escrito por":"smancilla","Tiempo estimado de lectura":"4 minutos"},"schema":{"@context":"https:\/\/schema.org","@graph":[{"@type":"Article","@id":"https:\/\/dev.explora.cl\/rios\/pipe-nuevo-programa-de-ciencias-para-parvulos-en-los-rios\/#article","isPartOf":{"@id":"https:\/\/dev.explora.cl\/rios\/pipe-nuevo-programa-de-ciencias-para-parvulos-en-los-rios\/"},"author":{"name":"smancilla","@id":"https:\/\/dev.explora.cl\/rios\/#\/schema\/person\/279896208736d277e75690dde6cc1ea9"},"headline":"PIPE: Nuevo programa de ciencias para p\u00e1rvulos en Los R\u00edos","datePublished":"2020-08-21T16:01:24+00:00","dateModified":"2020-11-03T14:12:32+00:00","mainEntityOfPage":{"@id":"https:\/\/dev.explora.cl\/rios\/pipe-nuevo-programa-de-ciencias-para-parvulos-en-los-rios\/"},"wordCount":721,"commentCount":0,"image":{"@id":"https:\/\/dev.explora.cl\/rios\/pipe-nuevo-programa-de-ciencias-para-parvulos-en-los-rios\/#primaryimage"},"thumbnailUrl":"https:\/\/dev.explora.cl\/rios\/wp-content\/uploads\/sites\/16\/2020\/08\/pantallazo-zoom-Grande.png","keywords":["capacitaci\u00f3n","educaci\u00f3n","educaci\u00f3n inicial","indagaci\u00f3n","p\u00e1rvulos","pipe"],"articleSection":["Lugar 8","Noticias"],"inLanguage":"es-CL","potentialAction":[{"@type":"CommentAction","name":"Comment","target":["https:\/\/dev.explora.cl\/rios\/pipe-nuevo-programa-de-ciencias-para-parvulos-en-los-rios\/#respond"]}]},{"@type":"WebPage","@id":"https:\/\/dev.explora.cl\/rios\/pipe-nuevo-programa-de-ciencias-para-parvulos-en-los-rios\/","url":"https:\/\/dev.explora.cl\/rios\/pipe-nuevo-programa-de-ciencias-para-parvulos-en-los-rios\/","name":"PIPE: Nuevo programa de ciencias para p\u00e1rvulos en Los R\u00edos - Los R\u00edos","isPartOf":{"@id":"https:\/\/dev.explora.cl\/rios\/#website"},"primaryImageOfPage":{"@id":"https:\/\/dev.explora.cl\/rios\/pipe-nuevo-programa-de-ciencias-para-parvulos-en-los-rios\/#primaryimage"},"image":{"@id":"https:\/\/dev.explora.cl\/rios\/pipe-nuevo-programa-de-ciencias-para-parvulos-en-los-rios\/#primaryimage"},"thumbnailUrl":"https:\/\/dev.explora.cl\/rios\/wp-content\/uploads\/sites\/16\/2020\/08\/pantallazo-zoom-Grande.png","datePublished":"2020-08-21T16:01:24+00:00","dateModified":"2020-11-03T14:12:32+00:00","author":{"@id":"https:\/\/dev.explora.cl\/rios\/#\/schema\/person\/279896208736d277e75690dde6cc1ea9"},"breadcrumb":{"@id":"https:\/\/dev.explora.cl\/rios\/pipe-nuevo-programa-de-ciencias-para-parvulos-en-los-rios\/#breadcrumb"},"inLanguage":"es-CL","potentialAction":[{"@type":"ReadAction","target":["https:\/\/dev.explora.cl\/rios\/pipe-nuevo-programa-de-ciencias-para-parvulos-en-los-rios\/"]}]},{"@type":"ImageObject","inLanguage":"es-CL","@id":"https:\/\/dev.explora.cl\/rios\/pipe-nuevo-programa-de-ciencias-para-parvulos-en-los-rios\/#primaryimage","url":"https:\/\/dev.explora.cl\/rios\/wp-content\/uploads\/sites\/16\/2020\/08\/pantallazo-zoom-Grande.png","contentUrl":"https:\/\/dev.explora.cl\/rios\/wp-content\/uploads\/sites\/16\/2020\/08\/pantallazo-zoom-Grande.png","width":1891,"height":1080},{"@type":"BreadcrumbList","@id":"https:\/\/dev.explora.cl\/rios\/pipe-nuevo-programa-de-ciencias-para-parvulos-en-los-rios\/#breadcrumb","itemListElement":[{"@type":"ListItem","position":1,"name":"Portada","item":"https:\/\/dev.explora.cl\/rios\/"},{"@type":"ListItem","position":2,"name":"PIPE: Nuevo programa de ciencias para p\u00e1rvulos en Los R\u00edos"}]},{"@type":"WebSite","@id":"https:\/\/dev.explora.cl\/rios\/#website","url":"https:\/\/dev.explora.cl\/rios\/","name":"Los R\u00edos","description":"Otro sitio m\u00e1s de dev.explora.cl","potentialAction":[{"@type":"SearchAction","target":{"@type":"EntryPoint","urlTemplate":"https:\/\/dev.explora.cl\/rios\/?s={search_term_string}"},"query-input":{"@type":"PropertyValueSpecification","valueRequired":true,"valueName":"search_term_string"}}],"inLanguage":"es-CL"},{"@type":"Person","@id":"https:\/\/dev.explora.cl\/rios\/#\/schema\/person\/279896208736d277e75690dde6cc1ea9","name":"smancilla","image":{"@type":"ImageObject","inLanguage":"es-CL","@id":"https:\/\/dev.explora.cl\/rios\/#\/schema\/person\/image\/","url":"https:\/\/secure.gravatar.com\/avatar\/a1c7f8b1dd453e8facadec2bf18354190c777b5556feaaadfa0f6a129ab9b015?s=96&d=mm&r=g","contentUrl":"https:\/\/secure.gravatar.com\/avatar\/a1c7f8b1dd453e8facadec2bf18354190c777b5556feaaadfa0f6a129ab9b015?s=96&d=mm&r=g","caption":"smancilla"},"url":"https:\/\/dev.explora.cl\/rios\/author\/smancilla\/"}]}},"_links":{"self":[{"href":"https:\/\/dev.explora.cl\/rios\/wp-json\/wp\/v2\/posts\/39490","targetHints":{"allow":["GET"]}}],"collection":[{"href":"https:\/\/dev.explora.cl\/rios\/wp-json\/wp\/v2\/posts"}],"about":[{"href":"https:\/\/dev.explora.cl\/rios\/wp-json\/wp\/v2\/types\/post"}],"author":[{"embeddable":true,"href":"https:\/\/dev.explora.cl\/rios\/wp-json\/wp\/v2\/users\/31"}],"replies":[{"embeddable":true,"href":"https:\/\/dev.explora.cl\/rios\/wp-json\/wp\/v2\/comments?post=39490"}],"version-history":[{"count":2,"href":"https:\/\/dev.explora.cl\/rios\/wp-json\/wp\/v2\/posts\/39490\/revisions"}],"predecessor-version":[{"id":39494,"href":"https:\/\/dev.explora.cl\/rios\/wp-json\/wp\/v2\/posts\/39490\/revisions\/39494"}],"wp:featuredmedia":[{"embeddable":true,"href":"https:\/\/dev.explora.cl\/rios\/wp-json\/wp\/v2\/media\/39491"}],"wp:attachment":[{"href":"https:\/\/dev.explora.cl\/rios\/wp-json\/wp\/v2\/media?parent=39490"}],"wp:term":[{"taxonomy":"category","embeddable":true,"href":"https:\/\/dev.explora.cl\/rios\/wp-json\/wp\/v2\/categories?post=39490"},{"taxonomy":"post_tag","embeddable":true,"href":"https:\/\/dev.explora.cl\/rios\/wp-json\/wp\/v2\/tags?post=39490"}],"curies":[{"name":"wp","href":"https:\/\/api.w.org\/{rel}","templated":true}]}}