{"id":39438,"date":"2020-08-12T13:18:58","date_gmt":"2020-08-12T17:18:58","guid":{"rendered":"https:\/\/dev.explora.cl\/rios\/?p=39438"},"modified":"2020-08-21T12:03:02","modified_gmt":"2020-08-21T16:03:02","slug":"ministerio-de-ciencia-celebra-25-anos-del-programa-explora-con-seminario-de-investigacion-escolar","status":"publish","type":"post","link":"https:\/\/dev.explora.cl\/rios\/ministerio-de-ciencia-celebra-25-anos-del-programa-explora-con-seminario-de-investigacion-escolar\/","title":{"rendered":"Ministerio de Ciencia celebra 25 a\u00f1os del programa Explora con seminario de investigaci\u00f3n escolar"},"content":{"rendered":"<p>[vc_row][vc_column][vc_row_inner][vc_column_inner width=&#8221;2\/3&#8243;][vc_custom_heading text=&#8221;Para promover la investigaci\u00f3n e innovaci\u00f3n escolar, el 13 y 14 de agosto se realizar\u00e1 un seminario virtual para docentes y una revista que destaca los mejores proyectos cient\u00edficos liderados por estudiantes en Chile.&#8221; font_container=&#8221;tag:h3|text_align:left&#8221;][\/vc_column_inner][vc_column_inner width=&#8221;1\/3&#8243;][vc_btn title=&#8221;INSCRIPCIONES&#8221; style=&#8221;custom&#8221; custom_background=&#8221;#81d742&#8243; custom_text=&#8221;#ffffff&#8221; size=&#8221;lg&#8221; align=&#8221;center&#8221; i_align=&#8221;right&#8221; i_icon_fontawesome=&#8221;fa fa-arrow-circle-right&#8221; button_block=&#8221;true&#8221; add_icon=&#8221;true&#8221; link=&#8221;url:https%3A%2F%2Fapp.livestorm.co%2Frla-8%2Fseminario-aprendizajes-compartidos%3Fs%3D21181fa0-98e4-4047-b7c8-340aafd06925|||&#8221;][\/vc_column_inner][\/vc_row_inner][vc_column_text]Con el mensaje \u201c25 a\u00f1os de curiosidad\u201d el Ministerio de Ciencia, Tecnolog\u00eda, Conocimiento e Innovaci\u00f3n, inici\u00f3 hoy la celebraci\u00f3n del aniversario de Explora, programa que busca vincular a los investigadores e investigadoras con las comunidades educativas para acercar la ciencia y el conocimiento a ni\u00f1os, ni\u00f1as y adolescentes en todo Chile.<\/p>\n<p>Explora -creado al alero de CONICYT en 1995-\u00a0 pas\u00f3 este a\u00f1o a formar parte de la Divisi\u00f3n de Ciencia y Sociedad del Ministerio de Ciencia que ha puesto \u00e9nfasis en el fortalecimiento de la investigaci\u00f3n e innovaci\u00f3n escolar como eje central del programa y sus iniciativas, fomentando proyectos de investigaci\u00f3n donde los estudiantes lideran el dise\u00f1o de preguntas con orientaci\u00f3n de sus profesores y asesor\u00eda de cient\u00edficos y cient\u00edficas.<\/p>\n<p>\u201cExplora se trata de despertar curiosidad y asombro en ni\u00f1os, ni\u00f1as y adolescentes, de descubrir c\u00f3mo la ciencia es parte de nuestras vidas y c\u00f3mo nos permite comprender mejor el mundo. El aniversario de esta pol\u00edtica p\u00fablica pionera nos permite proyectarla hacia el futuro como parte clave del desarrollo de talentos, vinculando a la comunidad de investigaci\u00f3n a trav\u00e9s de los 600 asesores cient\u00edficos que trabajan con m\u00e1s de 7 mil estudiantes que hacen investigaci\u00f3n escolar y 800 clubes y academias a lo largo de Chile\u201d, destac\u00f3 el ministro Andr\u00e9s Couve.<\/p>\n<p>Con motivo de este aniversario, el jueves 13 agosto (de 17 a 19 horas) y el viernes 14 (de 9 a 11 horas) se desarrollar\u00e1 el seminario online \u201cAprendizajes Compartidos\u201d, orientado a la educaci\u00f3n en ciencias con foco en Investigaci\u00f3n e Innovaci\u00f3n Escolar, donde participar\u00e1n destacados expositores como Ana Mar\u00eda Londo\u00f1o y David V\u00e1squez Muriel de la Universidad de los Ni\u00f1os EAFIT, y Sandra Cortessi, Fellow en el Centro Berkman Klein para Internet y Sociedad de la Universidad de Harvard y directora de Juventud y Medios de Comunicaci\u00f3n.<\/p>\n<p>\u201cQuiero felicitar y saludar a Explora por estos 25 a\u00f1os que llevan asombrando a ni\u00f1os y ni\u00f1as de nuestro pa\u00eds, ayudando a que generen curiosidad y asombro del mundo que nos rodea. 25 a\u00f1os acompa\u00f1ando a profesores y profesoras a sembrar y cultivar en estos ni\u00f1os la capacidad de experimentaci\u00f3n y de cuestionarse; y tambi\u00e9n 25 a\u00f1os apoyando a cient\u00edficos, cient\u00edficas e investigadoras, y distintos tipos de creadores a inventar nuevas forma de llevar la ciencia a toda nuestra sociedad, a lo largo de todo Chile&#8221;, agreg\u00f3 la subsecretaria de Ciencia, Carolina Torrealba.<\/p>\n<p>La informaci\u00f3n de todas las actividades desarrolladas por los 18 Proyectos Asociativos Regionales (PAR) Explora y la inscripci\u00f3n para el seminario online para profesores est\u00e1 disponible en <a href=\"https:\/\/dev.explora.cl\">dev.explora.cl<\/a> junto a reportajes de los mejores trabajos de investigaci\u00f3n escolar en el marco de los 25 a\u00f1os del programa.[\/vc_column_text][\/vc_column][\/vc_row]<\/p>\n","protected":false},"excerpt":{"rendered":"<p>Para promover la investigaci\u00f3n e innovaci\u00f3n escolar, el 13 y 14 de agosto se realizar\u00e1 un seminario virtual para docentes y una revista que destaca los mejores proyectos cient\u00edficos liderados por estudiantes en Chile.<\/p>\n","protected":false},"author":31,"featured_media":39440,"comment_status":"open","ping_status":"open","sticky":false,"template":"","format":"standard","meta":{"_acf_changed":false,"_exactmetrics_skip_tracking":false,"_exactmetrics_sitenote_active":false,"_exactmetrics_sitenote_note":"","_exactmetrics_sitenote_category":0,"footnotes":"","_links_to":"","_links_to_target":""},"categories":[143,4],"tags":[365,231,364],"class_list":["post-39438","post","type-post","status-publish","format-standard","has-post-thumbnail","hentry","category-lugar-8","category-noticias","tag-aniversario","tag-docentes","tag-seminario"],"acf":[],"yoast_head":"<!-- This site is optimized with the Yoast SEO plugin v26.7 - https:\/\/yoast.com\/wordpress\/plugins\/seo\/ -->\n<title>Ministerio de Ciencia celebra 25 a\u00f1os del programa Explora con seminario de investigaci\u00f3n escolar - Los R\u00edos<\/title>\n<meta name=\"robots\" content=\"index, follow, max-snippet:-1, max-image-preview:large, max-video-preview:-1\" \/>\n<link rel=\"canonical\" href=\"https:\/\/dev.explora.cl\/rios\/ministerio-de-ciencia-celebra-25-anos-del-programa-explora-con-seminario-de-investigacion-escolar\/\" class=\"yoast-seo-meta-tag\" \/>\n<meta property=\"og:locale\" content=\"es_ES\" class=\"yoast-seo-meta-tag\" \/>\n<meta property=\"og:type\" content=\"article\" class=\"yoast-seo-meta-tag\" \/>\n<meta property=\"og:title\" content=\"Ministerio de Ciencia celebra 25 a\u00f1os del programa Explora con seminario de investigaci\u00f3n escolar - Los R\u00edos\" class=\"yoast-seo-meta-tag\" \/>\n<meta property=\"og:description\" content=\"Para promover la investigaci\u00f3n e innovaci\u00f3n escolar, el 13 y 14 de agosto se realizar\u00e1 un seminario virtual para docentes y una revista que destaca los mejores proyectos cient\u00edficos liderados por estudiantes en Chile.\" class=\"yoast-seo-meta-tag\" \/>\n<meta property=\"og:url\" content=\"https:\/\/dev.explora.cl\/rios\/ministerio-de-ciencia-celebra-25-anos-del-programa-explora-con-seminario-de-investigacion-escolar\/\" class=\"yoast-seo-meta-tag\" \/>\n<meta property=\"og:site_name\" content=\"Los R\u00edos\" class=\"yoast-seo-meta-tag\" \/>\n<meta property=\"article:published_time\" content=\"2020-08-12T17:18:58+00:00\" class=\"yoast-seo-meta-tag\" \/>\n<meta property=\"article:modified_time\" content=\"2020-08-21T16:03:02+00:00\" class=\"yoast-seo-meta-tag\" \/>\n<meta property=\"og:image\" content=\"https:\/\/dev.explora.cl\/rios\/wp-content\/uploads\/sites\/16\/2020\/08\/Ciencia_Sociedad_3-Grande.jpg\" class=\"yoast-seo-meta-tag\" \/>\n\t<meta property=\"og:image:width\" content=\"1620\" class=\"yoast-seo-meta-tag\" \/>\n\t<meta property=\"og:image:height\" content=\"1080\" class=\"yoast-seo-meta-tag\" \/>\n\t<meta property=\"og:image:type\" content=\"image\/jpeg\" class=\"yoast-seo-meta-tag\" \/>\n<meta name=\"author\" content=\"smancilla\" class=\"yoast-seo-meta-tag\" \/>\n<meta name=\"twitter:card\" content=\"summary_large_image\" class=\"yoast-seo-meta-tag\" \/>\n<meta name=\"twitter:label1\" content=\"Escrito por\" class=\"yoast-seo-meta-tag\" \/>\n\t<meta name=\"twitter:data1\" content=\"smancilla\" class=\"yoast-seo-meta-tag\" \/>\n\t<meta name=\"twitter:label2\" content=\"Tiempo estimado de lectura\" class=\"yoast-seo-meta-tag\" \/>\n\t<meta name=\"twitter:data2\" content=\"3 minutos\" class=\"yoast-seo-meta-tag\" \/>\n<script type=\"application\/ld+json\" class=\"yoast-schema-graph\">{\"@context\":\"https:\/\/schema.org\",\"@graph\":[{\"@type\":\"Article\",\"@id\":\"https:\/\/dev.explora.cl\/rios\/ministerio-de-ciencia-celebra-25-anos-del-programa-explora-con-seminario-de-investigacion-escolar\/#article\",\"isPartOf\":{\"@id\":\"https:\/\/dev.explora.cl\/rios\/ministerio-de-ciencia-celebra-25-anos-del-programa-explora-con-seminario-de-investigacion-escolar\/\"},\"author\":{\"name\":\"smancilla\",\"@id\":\"https:\/\/dev.explora.cl\/rios\/#\/schema\/person\/279896208736d277e75690dde6cc1ea9\"},\"headline\":\"Ministerio de Ciencia celebra 25 a\u00f1os del programa Explora con seminario de investigaci\u00f3n escolar\",\"datePublished\":\"2020-08-12T17:18:58+00:00\",\"dateModified\":\"2020-08-21T16:03:02+00:00\",\"mainEntityOfPage\":{\"@id\":\"https:\/\/dev.explora.cl\/rios\/ministerio-de-ciencia-celebra-25-anos-del-programa-explora-con-seminario-de-investigacion-escolar\/\"},\"wordCount\":624,\"commentCount\":0,\"image\":{\"@id\":\"https:\/\/dev.explora.cl\/rios\/ministerio-de-ciencia-celebra-25-anos-del-programa-explora-con-seminario-de-investigacion-escolar\/#primaryimage\"},\"thumbnailUrl\":\"https:\/\/dev.explora.cl\/rios\/wp-content\/uploads\/sites\/16\/2020\/08\/Ciencia_Sociedad_3-Grande.jpg\",\"keywords\":[\"ANIVERSARIO\",\"docentes\",\"SEMINARIO\"],\"articleSection\":[\"Lugar 8\",\"Noticias\"],\"inLanguage\":\"es-CL\",\"potentialAction\":[{\"@type\":\"CommentAction\",\"name\":\"Comment\",\"target\":[\"https:\/\/dev.explora.cl\/rios\/ministerio-de-ciencia-celebra-25-anos-del-programa-explora-con-seminario-de-investigacion-escolar\/#respond\"]}]},{\"@type\":\"WebPage\",\"@id\":\"https:\/\/dev.explora.cl\/rios\/ministerio-de-ciencia-celebra-25-anos-del-programa-explora-con-seminario-de-investigacion-escolar\/\",\"url\":\"https:\/\/dev.explora.cl\/rios\/ministerio-de-ciencia-celebra-25-anos-del-programa-explora-con-seminario-de-investigacion-escolar\/\",\"name\":\"Ministerio de Ciencia celebra 25 a\u00f1os del programa Explora con seminario de investigaci\u00f3n escolar - Los R\u00edos\",\"isPartOf\":{\"@id\":\"https:\/\/dev.explora.cl\/rios\/#website\"},\"primaryImageOfPage\":{\"@id\":\"https:\/\/dev.explora.cl\/rios\/ministerio-de-ciencia-celebra-25-anos-del-programa-explora-con-seminario-de-investigacion-escolar\/#primaryimage\"},\"image\":{\"@id\":\"https:\/\/dev.explora.cl\/rios\/ministerio-de-ciencia-celebra-25-anos-del-programa-explora-con-seminario-de-investigacion-escolar\/#primaryimage\"},\"thumbnailUrl\":\"https:\/\/dev.explora.cl\/rios\/wp-content\/uploads\/sites\/16\/2020\/08\/Ciencia_Sociedad_3-Grande.jpg\",\"datePublished\":\"2020-08-12T17:18:58+00:00\",\"dateModified\":\"2020-08-21T16:03:02+00:00\",\"author\":{\"@id\":\"https:\/\/dev.explora.cl\/rios\/#\/schema\/person\/279896208736d277e75690dde6cc1ea9\"},\"breadcrumb\":{\"@id\":\"https:\/\/dev.explora.cl\/rios\/ministerio-de-ciencia-celebra-25-anos-del-programa-explora-con-seminario-de-investigacion-escolar\/#breadcrumb\"},\"inLanguage\":\"es-CL\",\"potentialAction\":[{\"@type\":\"ReadAction\",\"target\":[\"https:\/\/dev.explora.cl\/rios\/ministerio-de-ciencia-celebra-25-anos-del-programa-explora-con-seminario-de-investigacion-escolar\/\"]}]},{\"@type\":\"ImageObject\",\"inLanguage\":\"es-CL\",\"@id\":\"https:\/\/dev.explora.cl\/rios\/ministerio-de-ciencia-celebra-25-anos-del-programa-explora-con-seminario-de-investigacion-escolar\/#primaryimage\",\"url\":\"https:\/\/dev.explora.cl\/rios\/wp-content\/uploads\/sites\/16\/2020\/08\/Ciencia_Sociedad_3-Grande.jpg\",\"contentUrl\":\"https:\/\/dev.explora.cl\/rios\/wp-content\/uploads\/sites\/16\/2020\/08\/Ciencia_Sociedad_3-Grande.jpg\",\"width\":1620,\"height\":1080},{\"@type\":\"BreadcrumbList\",\"@id\":\"https:\/\/dev.explora.cl\/rios\/ministerio-de-ciencia-celebra-25-anos-del-programa-explora-con-seminario-de-investigacion-escolar\/#breadcrumb\",\"itemListElement\":[{\"@type\":\"ListItem\",\"position\":1,\"name\":\"Portada\",\"item\":\"https:\/\/dev.explora.cl\/rios\/\"},{\"@type\":\"ListItem\",\"position\":2,\"name\":\"Ministerio de Ciencia celebra 25 a\u00f1os del programa Explora con seminario de investigaci\u00f3n escolar\"}]},{\"@type\":\"WebSite\",\"@id\":\"https:\/\/dev.explora.cl\/rios\/#website\",\"url\":\"https:\/\/dev.explora.cl\/rios\/\",\"name\":\"Los R\u00edos\",\"description\":\"Otro sitio m\u00e1s de dev.explora.cl\",\"potentialAction\":[{\"@type\":\"SearchAction\",\"target\":{\"@type\":\"EntryPoint\",\"urlTemplate\":\"https:\/\/dev.explora.cl\/rios\/?s={search_term_string}\"},\"query-input\":{\"@type\":\"PropertyValueSpecification\",\"valueRequired\":true,\"valueName\":\"search_term_string\"}}],\"inLanguage\":\"es-CL\"},{\"@type\":\"Person\",\"@id\":\"https:\/\/dev.explora.cl\/rios\/#\/schema\/person\/279896208736d277e75690dde6cc1ea9\",\"name\":\"smancilla\",\"image\":{\"@type\":\"ImageObject\",\"inLanguage\":\"es-CL\",\"@id\":\"https:\/\/dev.explora.cl\/rios\/#\/schema\/person\/image\/\",\"url\":\"https:\/\/secure.gravatar.com\/avatar\/a1c7f8b1dd453e8facadec2bf18354190c777b5556feaaadfa0f6a129ab9b015?s=96&d=mm&r=g\",\"contentUrl\":\"https:\/\/secure.gravatar.com\/avatar\/a1c7f8b1dd453e8facadec2bf18354190c777b5556feaaadfa0f6a129ab9b015?s=96&d=mm&r=g\",\"caption\":\"smancilla\"},\"url\":\"https:\/\/dev.explora.cl\/rios\/author\/smancilla\/\"}]}<\/script>\n<!-- \/ Yoast SEO plugin. -->","yoast_head_json":{"title":"Ministerio de Ciencia celebra 25 a\u00f1os del programa Explora con seminario de investigaci\u00f3n escolar - Los R\u00edos","robots":{"index":"index","follow":"follow","max-snippet":"max-snippet:-1","max-image-preview":"max-image-preview:large","max-video-preview":"max-video-preview:-1"},"canonical":"https:\/\/dev.explora.cl\/rios\/ministerio-de-ciencia-celebra-25-anos-del-programa-explora-con-seminario-de-investigacion-escolar\/","og_locale":"es_ES","og_type":"article","og_title":"Ministerio de Ciencia celebra 25 a\u00f1os del programa Explora con seminario de investigaci\u00f3n escolar - Los R\u00edos","og_description":"Para promover la investigaci\u00f3n e innovaci\u00f3n escolar, el 13 y 14 de agosto se realizar\u00e1 un seminario virtual para docentes y una revista que destaca los mejores proyectos cient\u00edficos liderados por estudiantes en Chile.","og_url":"https:\/\/dev.explora.cl\/rios\/ministerio-de-ciencia-celebra-25-anos-del-programa-explora-con-seminario-de-investigacion-escolar\/","og_site_name":"Los R\u00edos","article_published_time":"2020-08-12T17:18:58+00:00","article_modified_time":"2020-08-21T16:03:02+00:00","og_image":[{"width":1620,"height":1080,"url":"https:\/\/dev.explora.cl\/rios\/wp-content\/uploads\/sites\/16\/2020\/08\/Ciencia_Sociedad_3-Grande.jpg","type":"image\/jpeg"}],"author":"smancilla","twitter_card":"summary_large_image","twitter_misc":{"Escrito por":"smancilla","Tiempo estimado de lectura":"3 minutos"},"schema":{"@context":"https:\/\/schema.org","@graph":[{"@type":"Article","@id":"https:\/\/dev.explora.cl\/rios\/ministerio-de-ciencia-celebra-25-anos-del-programa-explora-con-seminario-de-investigacion-escolar\/#article","isPartOf":{"@id":"https:\/\/dev.explora.cl\/rios\/ministerio-de-ciencia-celebra-25-anos-del-programa-explora-con-seminario-de-investigacion-escolar\/"},"author":{"name":"smancilla","@id":"https:\/\/dev.explora.cl\/rios\/#\/schema\/person\/279896208736d277e75690dde6cc1ea9"},"headline":"Ministerio de Ciencia celebra 25 a\u00f1os del programa Explora con seminario de investigaci\u00f3n escolar","datePublished":"2020-08-12T17:18:58+00:00","dateModified":"2020-08-21T16:03:02+00:00","mainEntityOfPage":{"@id":"https:\/\/dev.explora.cl\/rios\/ministerio-de-ciencia-celebra-25-anos-del-programa-explora-con-seminario-de-investigacion-escolar\/"},"wordCount":624,"commentCount":0,"image":{"@id":"https:\/\/dev.explora.cl\/rios\/ministerio-de-ciencia-celebra-25-anos-del-programa-explora-con-seminario-de-investigacion-escolar\/#primaryimage"},"thumbnailUrl":"https:\/\/dev.explora.cl\/rios\/wp-content\/uploads\/sites\/16\/2020\/08\/Ciencia_Sociedad_3-Grande.jpg","keywords":["ANIVERSARIO","docentes","SEMINARIO"],"articleSection":["Lugar 8","Noticias"],"inLanguage":"es-CL","potentialAction":[{"@type":"CommentAction","name":"Comment","target":["https:\/\/dev.explora.cl\/rios\/ministerio-de-ciencia-celebra-25-anos-del-programa-explora-con-seminario-de-investigacion-escolar\/#respond"]}]},{"@type":"WebPage","@id":"https:\/\/dev.explora.cl\/rios\/ministerio-de-ciencia-celebra-25-anos-del-programa-explora-con-seminario-de-investigacion-escolar\/","url":"https:\/\/dev.explora.cl\/rios\/ministerio-de-ciencia-celebra-25-anos-del-programa-explora-con-seminario-de-investigacion-escolar\/","name":"Ministerio de Ciencia celebra 25 a\u00f1os del programa Explora con seminario de investigaci\u00f3n escolar - Los R\u00edos","isPartOf":{"@id":"https:\/\/dev.explora.cl\/rios\/#website"},"primaryImageOfPage":{"@id":"https:\/\/dev.explora.cl\/rios\/ministerio-de-ciencia-celebra-25-anos-del-programa-explora-con-seminario-de-investigacion-escolar\/#primaryimage"},"image":{"@id":"https:\/\/dev.explora.cl\/rios\/ministerio-de-ciencia-celebra-25-anos-del-programa-explora-con-seminario-de-investigacion-escolar\/#primaryimage"},"thumbnailUrl":"https:\/\/dev.explora.cl\/rios\/wp-content\/uploads\/sites\/16\/2020\/08\/Ciencia_Sociedad_3-Grande.jpg","datePublished":"2020-08-12T17:18:58+00:00","dateModified":"2020-08-21T16:03:02+00:00","author":{"@id":"https:\/\/dev.explora.cl\/rios\/#\/schema\/person\/279896208736d277e75690dde6cc1ea9"},"breadcrumb":{"@id":"https:\/\/dev.explora.cl\/rios\/ministerio-de-ciencia-celebra-25-anos-del-programa-explora-con-seminario-de-investigacion-escolar\/#breadcrumb"},"inLanguage":"es-CL","potentialAction":[{"@type":"ReadAction","target":["https:\/\/dev.explora.cl\/rios\/ministerio-de-ciencia-celebra-25-anos-del-programa-explora-con-seminario-de-investigacion-escolar\/"]}]},{"@type":"ImageObject","inLanguage":"es-CL","@id":"https:\/\/dev.explora.cl\/rios\/ministerio-de-ciencia-celebra-25-anos-del-programa-explora-con-seminario-de-investigacion-escolar\/#primaryimage","url":"https:\/\/dev.explora.cl\/rios\/wp-content\/uploads\/sites\/16\/2020\/08\/Ciencia_Sociedad_3-Grande.jpg","contentUrl":"https:\/\/dev.explora.cl\/rios\/wp-content\/uploads\/sites\/16\/2020\/08\/Ciencia_Sociedad_3-Grande.jpg","width":1620,"height":1080},{"@type":"BreadcrumbList","@id":"https:\/\/dev.explora.cl\/rios\/ministerio-de-ciencia-celebra-25-anos-del-programa-explora-con-seminario-de-investigacion-escolar\/#breadcrumb","itemListElement":[{"@type":"ListItem","position":1,"name":"Portada","item":"https:\/\/dev.explora.cl\/rios\/"},{"@type":"ListItem","position":2,"name":"Ministerio de Ciencia celebra 25 a\u00f1os del programa Explora con seminario de investigaci\u00f3n escolar"}]},{"@type":"WebSite","@id":"https:\/\/dev.explora.cl\/rios\/#website","url":"https:\/\/dev.explora.cl\/rios\/","name":"Los R\u00edos","description":"Otro sitio m\u00e1s de dev.explora.cl","potentialAction":[{"@type":"SearchAction","target":{"@type":"EntryPoint","urlTemplate":"https:\/\/dev.explora.cl\/rios\/?s={search_term_string}"},"query-input":{"@type":"PropertyValueSpecification","valueRequired":true,"valueName":"search_term_string"}}],"inLanguage":"es-CL"},{"@type":"Person","@id":"https:\/\/dev.explora.cl\/rios\/#\/schema\/person\/279896208736d277e75690dde6cc1ea9","name":"smancilla","image":{"@type":"ImageObject","inLanguage":"es-CL","@id":"https:\/\/dev.explora.cl\/rios\/#\/schema\/person\/image\/","url":"https:\/\/secure.gravatar.com\/avatar\/a1c7f8b1dd453e8facadec2bf18354190c777b5556feaaadfa0f6a129ab9b015?s=96&d=mm&r=g","contentUrl":"https:\/\/secure.gravatar.com\/avatar\/a1c7f8b1dd453e8facadec2bf18354190c777b5556feaaadfa0f6a129ab9b015?s=96&d=mm&r=g","caption":"smancilla"},"url":"https:\/\/dev.explora.cl\/rios\/author\/smancilla\/"}]}},"_links":{"self":[{"href":"https:\/\/dev.explora.cl\/rios\/wp-json\/wp\/v2\/posts\/39438","targetHints":{"allow":["GET"]}}],"collection":[{"href":"https:\/\/dev.explora.cl\/rios\/wp-json\/wp\/v2\/posts"}],"about":[{"href":"https:\/\/dev.explora.cl\/rios\/wp-json\/wp\/v2\/types\/post"}],"author":[{"embeddable":true,"href":"https:\/\/dev.explora.cl\/rios\/wp-json\/wp\/v2\/users\/31"}],"replies":[{"embeddable":true,"href":"https:\/\/dev.explora.cl\/rios\/wp-json\/wp\/v2\/comments?post=39438"}],"version-history":[{"count":1,"href":"https:\/\/dev.explora.cl\/rios\/wp-json\/wp\/v2\/posts\/39438\/revisions"}],"predecessor-version":[{"id":39442,"href":"https:\/\/dev.explora.cl\/rios\/wp-json\/wp\/v2\/posts\/39438\/revisions\/39442"}],"wp:featuredmedia":[{"embeddable":true,"href":"https:\/\/dev.explora.cl\/rios\/wp-json\/wp\/v2\/media\/39440"}],"wp:attachment":[{"href":"https:\/\/dev.explora.cl\/rios\/wp-json\/wp\/v2\/media?parent=39438"}],"wp:term":[{"taxonomy":"category","embeddable":true,"href":"https:\/\/dev.explora.cl\/rios\/wp-json\/wp\/v2\/categories?post=39438"},{"taxonomy":"post_tag","embeddable":true,"href":"https:\/\/dev.explora.cl\/rios\/wp-json\/wp\/v2\/tags?post=39438"}],"curies":[{"name":"wp","href":"https:\/\/api.w.org\/{rel}","templated":true}]}}