{"id":39416,"date":"2020-08-04T15:26:26","date_gmt":"2020-08-04T19:26:26","guid":{"rendered":"https:\/\/dev.explora.cl\/rios\/?p=39416"},"modified":"2020-09-17T12:55:25","modified_gmt":"2020-09-17T15:55:25","slug":"explora-los-rios-inicia-ciclo-anual-de-charlas-en-ciencia-abierta","status":"publish","type":"post","link":"https:\/\/dev.explora.cl\/rios\/explora-los-rios-inicia-ciclo-anual-de-charlas-en-ciencia-abierta\/","title":{"rendered":"Explora Los R\u00edos inicia ciclo anual de charlas en Ciencia Abierta"},"content":{"rendered":"<p>[vc_row][vc_column][vc_row_inner][vc_column_inner width=&#8221;2\/3&#8243;][vc_custom_heading text=&#8221;Cada mi\u00e9rcoles a las 18:00 horas por su p\u00e1gina de Facebook se emitir\u00e1 una conferencia en vivo con variados temas de ciencia y tecnolog\u00eda.&#8221; font_container=&#8221;tag:h3|text_align:left&#8221;][\/vc_column_inner][vc_column_inner width=&#8221;1\/3&#8243;][vc_btn title=&#8221;Ir a Facebook&#8221; style=&#8221;custom&#8221; custom_background=&#8221;#3f69cc&#8221; custom_text=&#8221;#ffffff&#8221; size=&#8221;lg&#8221; align=&#8221;center&#8221; i_align=&#8221;right&#8221; i_icon_fontawesome=&#8221;fa fa-arrow-circle-right&#8221; button_block=&#8221;true&#8221; add_icon=&#8221;true&#8221; link=&#8221;url:http%3A%2F%2Fwww.facebook.com%2Fparexplorarios|||&#8221;][\/vc_column_inner][\/vc_row_inner][vc_column_text]La Prorrectora (s) de la Universidad Austral de Chile, Dra. Maite Castro, ser\u00e1 la encargada de iniciar el ciclo anual Ciencia Abierta presenta 1000 Charlas. Una iniciativa impulsada por el Ministerio de Ciencia, Tecnolog\u00eda, Conocimiento e Innovaci\u00f3n a trav\u00e9s de los proyectos Explora de cada regi\u00f3n. La charla inicial ser\u00e1 el mi\u00e9rcoles 5 de agosto a las 18:00 horas en la p\u00e1gina de Facebook del Proyecto Explora Regi\u00f3n de Los R\u00edos (<a href=\"http:\/\/www.facebook.com\/parexplorarios\">www.facebook.com\/parexplorarios<\/a>).<\/p>\n<p>Ciencia Abierta tiene por objetivo comunicar tem\u00e1ticas de ciencia, tecnolog\u00eda e innovaci\u00f3n a un p\u00fablico familiar y adulto, con interacci\u00f3n en cada sesi\u00f3n a trav\u00e9s de comentarios y preguntas. En este caso, dirigida especialmente a familias y p\u00fablico adulto de la regi\u00f3n.<\/p>\n<p>Siempre cada mi\u00e9rcoles, las sesiones tendr\u00e1n temas que van desde el eclipse solar que se ver\u00e1 en el norte de nuestra regi\u00f3n, COVID-19 hasta mitos sobre Star Wars.<\/p>\n<p>El pr\u00f3ximo mi\u00e9rcoles 12 de agosto, tambi\u00e9n a las 18 horas, la charla &#8220;Eclipse 2020, bajo la sombra de la luna&#8221; por el Dr. Miguel Riquelme, director Fundaci\u00f3n Cultura Cient\u00edfica, invitar\u00e1 a ver el cielo y conocer m\u00e1s sobre este fen\u00f3meno que volver\u00e1 a maravillarnos en diciembre.<\/p>\n<p>La charla &#8220;De la Academia al Diagnostico en pandemia: \u00bfC\u00f3mo funciona un laboratorio Covid-19 al interior de una Universidad?&#8221; se desarrollar\u00e1 el mi\u00e9rcoles 19 de agosto. Estar\u00e1 a cargo de la Dra. Andrea Silva, investigadora de la Unidad de Innovaci\u00f3n en Biotecnolog\u00eda de la Facultad de Ciencias, Universidad Austral de Chile.<\/p>\n<p>El mes lo cerrar\u00e1 la charla &#8220;Mitos y verdades de Star Wars&#8221; del Dr. Pedro Escarate, acad\u00e9mico del Instituto de Electricidad y Electr\u00f3nica, Facultad Ciencias de la Ingenier\u00eda, Universidad Austral de Chile. Todas las charlas ser\u00e1n a las 18:00 horas en vivo por la p\u00e1gina de Facebook del Proyecto Explora Regi\u00f3n de Los R\u00edos.[\/vc_column_text][\/vc_column][\/vc_row]<\/p>\n","protected":false},"excerpt":{"rendered":"<p>Cada mi\u00e9rcoles a las 18:00 horas por su p\u00e1gina de Facebook se emitir\u00e1 una conferencia en vivo con variados temas de ciencia y tecnolog\u00eda.<\/p>\n","protected":false},"author":31,"featured_media":39421,"comment_status":"open","ping_status":"open","sticky":false,"template":"","format":"standard","meta":{"_acf_changed":false,"_exactmetrics_skip_tracking":false,"_exactmetrics_sitenote_active":false,"_exactmetrics_sitenote_note":"","_exactmetrics_sitenote_category":0,"footnotes":"","_links_to":"","_links_to_target":""},"categories":[143,4],"tags":[209,210,359,363,362,360,361],"class_list":["post-39416","post","type-post","status-publish","format-standard","has-post-thumbnail","hentry","category-lugar-8","category-noticias","tag-astronomia","tag-charla","tag-ciencia-abierta","tag-coronavirus","tag-covid-19","tag-facebook","tag-genero"],"acf":[],"yoast_head":"<!-- This site is optimized with the Yoast SEO plugin v26.7 - https:\/\/yoast.com\/wordpress\/plugins\/seo\/ -->\n<title>Explora Los R\u00edos inicia ciclo anual de charlas en Ciencia Abierta - Los R\u00edos<\/title>\n<meta name=\"robots\" content=\"index, follow, max-snippet:-1, max-image-preview:large, max-video-preview:-1\" \/>\n<link rel=\"canonical\" href=\"https:\/\/dev.explora.cl\/rios\/explora-los-rios-inicia-ciclo-anual-de-charlas-en-ciencia-abierta\/\" class=\"yoast-seo-meta-tag\" \/>\n<meta property=\"og:locale\" content=\"es_ES\" class=\"yoast-seo-meta-tag\" \/>\n<meta property=\"og:type\" content=\"article\" class=\"yoast-seo-meta-tag\" \/>\n<meta property=\"og:title\" content=\"Explora Los R\u00edos inicia ciclo anual de charlas en Ciencia Abierta - Los R\u00edos\" class=\"yoast-seo-meta-tag\" \/>\n<meta property=\"og:description\" content=\"Cada mi\u00e9rcoles a las 18:00 horas por su p\u00e1gina de Facebook se emitir\u00e1 una conferencia en vivo con variados temas de ciencia y tecnolog\u00eda.\" class=\"yoast-seo-meta-tag\" \/>\n<meta property=\"og:url\" content=\"https:\/\/dev.explora.cl\/rios\/explora-los-rios-inicia-ciclo-anual-de-charlas-en-ciencia-abierta\/\" class=\"yoast-seo-meta-tag\" \/>\n<meta property=\"og:site_name\" content=\"Los R\u00edos\" class=\"yoast-seo-meta-tag\" \/>\n<meta property=\"article:published_time\" content=\"2020-08-04T19:26:26+00:00\" class=\"yoast-seo-meta-tag\" \/>\n<meta property=\"article:modified_time\" content=\"2020-09-17T15:55:25+00:00\" class=\"yoast-seo-meta-tag\" \/>\n<meta property=\"og:image\" content=\"https:\/\/dev.explora.cl\/rios\/wp-content\/uploads\/sites\/16\/2020\/08\/2Mesa-de-trabajo-1.png\" class=\"yoast-seo-meta-tag\" \/>\n\t<meta property=\"og:image:width\" content=\"558\" class=\"yoast-seo-meta-tag\" \/>\n\t<meta property=\"og:image:height\" content=\"482\" class=\"yoast-seo-meta-tag\" \/>\n\t<meta property=\"og:image:type\" content=\"image\/png\" class=\"yoast-seo-meta-tag\" \/>\n<meta name=\"author\" content=\"smancilla\" class=\"yoast-seo-meta-tag\" \/>\n<meta name=\"twitter:card\" content=\"summary_large_image\" class=\"yoast-seo-meta-tag\" \/>\n<meta name=\"twitter:label1\" content=\"Escrito por\" class=\"yoast-seo-meta-tag\" \/>\n\t<meta name=\"twitter:data1\" content=\"smancilla\" class=\"yoast-seo-meta-tag\" \/>\n\t<meta name=\"twitter:label2\" content=\"Tiempo estimado de lectura\" class=\"yoast-seo-meta-tag\" \/>\n\t<meta name=\"twitter:data2\" content=\"2 minutos\" class=\"yoast-seo-meta-tag\" \/>\n<script type=\"application\/ld+json\" class=\"yoast-schema-graph\">{\"@context\":\"https:\/\/schema.org\",\"@graph\":[{\"@type\":\"Article\",\"@id\":\"https:\/\/dev.explora.cl\/rios\/explora-los-rios-inicia-ciclo-anual-de-charlas-en-ciencia-abierta\/#article\",\"isPartOf\":{\"@id\":\"https:\/\/dev.explora.cl\/rios\/explora-los-rios-inicia-ciclo-anual-de-charlas-en-ciencia-abierta\/\"},\"author\":{\"name\":\"smancilla\",\"@id\":\"https:\/\/dev.explora.cl\/rios\/#\/schema\/person\/279896208736d277e75690dde6cc1ea9\"},\"headline\":\"Explora Los R\u00edos inicia ciclo anual de charlas en Ciencia Abierta\",\"datePublished\":\"2020-08-04T19:26:26+00:00\",\"dateModified\":\"2020-09-17T15:55:25+00:00\",\"mainEntityOfPage\":{\"@id\":\"https:\/\/dev.explora.cl\/rios\/explora-los-rios-inicia-ciclo-anual-de-charlas-en-ciencia-abierta\/\"},\"wordCount\":452,\"commentCount\":0,\"image\":{\"@id\":\"https:\/\/dev.explora.cl\/rios\/explora-los-rios-inicia-ciclo-anual-de-charlas-en-ciencia-abierta\/#primaryimage\"},\"thumbnailUrl\":\"https:\/\/dev.explora.cl\/rios\/wp-content\/uploads\/sites\/16\/2020\/08\/2Mesa-de-trabajo-1.png\",\"keywords\":[\"astronom\u00eda\",\"charla\",\"Ciencia Abierta\",\"coronavirus\",\"covid-19\",\"Facebook\",\"g\u00e9nero\"],\"articleSection\":[\"Lugar 8\",\"Noticias\"],\"inLanguage\":\"es-CL\",\"potentialAction\":[{\"@type\":\"CommentAction\",\"name\":\"Comment\",\"target\":[\"https:\/\/dev.explora.cl\/rios\/explora-los-rios-inicia-ciclo-anual-de-charlas-en-ciencia-abierta\/#respond\"]}]},{\"@type\":\"WebPage\",\"@id\":\"https:\/\/dev.explora.cl\/rios\/explora-los-rios-inicia-ciclo-anual-de-charlas-en-ciencia-abierta\/\",\"url\":\"https:\/\/dev.explora.cl\/rios\/explora-los-rios-inicia-ciclo-anual-de-charlas-en-ciencia-abierta\/\",\"name\":\"Explora Los R\u00edos inicia ciclo anual de charlas en Ciencia Abierta - Los R\u00edos\",\"isPartOf\":{\"@id\":\"https:\/\/dev.explora.cl\/rios\/#website\"},\"primaryImageOfPage\":{\"@id\":\"https:\/\/dev.explora.cl\/rios\/explora-los-rios-inicia-ciclo-anual-de-charlas-en-ciencia-abierta\/#primaryimage\"},\"image\":{\"@id\":\"https:\/\/dev.explora.cl\/rios\/explora-los-rios-inicia-ciclo-anual-de-charlas-en-ciencia-abierta\/#primaryimage\"},\"thumbnailUrl\":\"https:\/\/dev.explora.cl\/rios\/wp-content\/uploads\/sites\/16\/2020\/08\/2Mesa-de-trabajo-1.png\",\"datePublished\":\"2020-08-04T19:26:26+00:00\",\"dateModified\":\"2020-09-17T15:55:25+00:00\",\"author\":{\"@id\":\"https:\/\/dev.explora.cl\/rios\/#\/schema\/person\/279896208736d277e75690dde6cc1ea9\"},\"breadcrumb\":{\"@id\":\"https:\/\/dev.explora.cl\/rios\/explora-los-rios-inicia-ciclo-anual-de-charlas-en-ciencia-abierta\/#breadcrumb\"},\"inLanguage\":\"es-CL\",\"potentialAction\":[{\"@type\":\"ReadAction\",\"target\":[\"https:\/\/dev.explora.cl\/rios\/explora-los-rios-inicia-ciclo-anual-de-charlas-en-ciencia-abierta\/\"]}]},{\"@type\":\"ImageObject\",\"inLanguage\":\"es-CL\",\"@id\":\"https:\/\/dev.explora.cl\/rios\/explora-los-rios-inicia-ciclo-anual-de-charlas-en-ciencia-abierta\/#primaryimage\",\"url\":\"https:\/\/dev.explora.cl\/rios\/wp-content\/uploads\/sites\/16\/2020\/08\/2Mesa-de-trabajo-1.png\",\"contentUrl\":\"https:\/\/dev.explora.cl\/rios\/wp-content\/uploads\/sites\/16\/2020\/08\/2Mesa-de-trabajo-1.png\",\"width\":558,\"height\":482},{\"@type\":\"BreadcrumbList\",\"@id\":\"https:\/\/dev.explora.cl\/rios\/explora-los-rios-inicia-ciclo-anual-de-charlas-en-ciencia-abierta\/#breadcrumb\",\"itemListElement\":[{\"@type\":\"ListItem\",\"position\":1,\"name\":\"Portada\",\"item\":\"https:\/\/dev.explora.cl\/rios\/\"},{\"@type\":\"ListItem\",\"position\":2,\"name\":\"Explora Los R\u00edos inicia ciclo anual de charlas en Ciencia Abierta\"}]},{\"@type\":\"WebSite\",\"@id\":\"https:\/\/dev.explora.cl\/rios\/#website\",\"url\":\"https:\/\/dev.explora.cl\/rios\/\",\"name\":\"Los R\u00edos\",\"description\":\"Otro sitio m\u00e1s de dev.explora.cl\",\"potentialAction\":[{\"@type\":\"SearchAction\",\"target\":{\"@type\":\"EntryPoint\",\"urlTemplate\":\"https:\/\/dev.explora.cl\/rios\/?s={search_term_string}\"},\"query-input\":{\"@type\":\"PropertyValueSpecification\",\"valueRequired\":true,\"valueName\":\"search_term_string\"}}],\"inLanguage\":\"es-CL\"},{\"@type\":\"Person\",\"@id\":\"https:\/\/dev.explora.cl\/rios\/#\/schema\/person\/279896208736d277e75690dde6cc1ea9\",\"name\":\"smancilla\",\"image\":{\"@type\":\"ImageObject\",\"inLanguage\":\"es-CL\",\"@id\":\"https:\/\/dev.explora.cl\/rios\/#\/schema\/person\/image\/\",\"url\":\"https:\/\/secure.gravatar.com\/avatar\/a1c7f8b1dd453e8facadec2bf18354190c777b5556feaaadfa0f6a129ab9b015?s=96&d=mm&r=g\",\"contentUrl\":\"https:\/\/secure.gravatar.com\/avatar\/a1c7f8b1dd453e8facadec2bf18354190c777b5556feaaadfa0f6a129ab9b015?s=96&d=mm&r=g\",\"caption\":\"smancilla\"},\"url\":\"https:\/\/dev.explora.cl\/rios\/author\/smancilla\/\"}]}<\/script>\n<!-- \/ Yoast SEO plugin. -->","yoast_head_json":{"title":"Explora Los R\u00edos inicia ciclo anual de charlas en Ciencia Abierta - Los R\u00edos","robots":{"index":"index","follow":"follow","max-snippet":"max-snippet:-1","max-image-preview":"max-image-preview:large","max-video-preview":"max-video-preview:-1"},"canonical":"https:\/\/dev.explora.cl\/rios\/explora-los-rios-inicia-ciclo-anual-de-charlas-en-ciencia-abierta\/","og_locale":"es_ES","og_type":"article","og_title":"Explora Los R\u00edos inicia ciclo anual de charlas en Ciencia Abierta - Los R\u00edos","og_description":"Cada mi\u00e9rcoles a las 18:00 horas por su p\u00e1gina de Facebook se emitir\u00e1 una conferencia en vivo con variados temas de ciencia y tecnolog\u00eda.","og_url":"https:\/\/dev.explora.cl\/rios\/explora-los-rios-inicia-ciclo-anual-de-charlas-en-ciencia-abierta\/","og_site_name":"Los R\u00edos","article_published_time":"2020-08-04T19:26:26+00:00","article_modified_time":"2020-09-17T15:55:25+00:00","og_image":[{"width":558,"height":482,"url":"https:\/\/dev.explora.cl\/rios\/wp-content\/uploads\/sites\/16\/2020\/08\/2Mesa-de-trabajo-1.png","type":"image\/png"}],"author":"smancilla","twitter_card":"summary_large_image","twitter_misc":{"Escrito por":"smancilla","Tiempo estimado de lectura":"2 minutos"},"schema":{"@context":"https:\/\/schema.org","@graph":[{"@type":"Article","@id":"https:\/\/dev.explora.cl\/rios\/explora-los-rios-inicia-ciclo-anual-de-charlas-en-ciencia-abierta\/#article","isPartOf":{"@id":"https:\/\/dev.explora.cl\/rios\/explora-los-rios-inicia-ciclo-anual-de-charlas-en-ciencia-abierta\/"},"author":{"name":"smancilla","@id":"https:\/\/dev.explora.cl\/rios\/#\/schema\/person\/279896208736d277e75690dde6cc1ea9"},"headline":"Explora Los R\u00edos inicia ciclo anual de charlas en Ciencia Abierta","datePublished":"2020-08-04T19:26:26+00:00","dateModified":"2020-09-17T15:55:25+00:00","mainEntityOfPage":{"@id":"https:\/\/dev.explora.cl\/rios\/explora-los-rios-inicia-ciclo-anual-de-charlas-en-ciencia-abierta\/"},"wordCount":452,"commentCount":0,"image":{"@id":"https:\/\/dev.explora.cl\/rios\/explora-los-rios-inicia-ciclo-anual-de-charlas-en-ciencia-abierta\/#primaryimage"},"thumbnailUrl":"https:\/\/dev.explora.cl\/rios\/wp-content\/uploads\/sites\/16\/2020\/08\/2Mesa-de-trabajo-1.png","keywords":["astronom\u00eda","charla","Ciencia Abierta","coronavirus","covid-19","Facebook","g\u00e9nero"],"articleSection":["Lugar 8","Noticias"],"inLanguage":"es-CL","potentialAction":[{"@type":"CommentAction","name":"Comment","target":["https:\/\/dev.explora.cl\/rios\/explora-los-rios-inicia-ciclo-anual-de-charlas-en-ciencia-abierta\/#respond"]}]},{"@type":"WebPage","@id":"https:\/\/dev.explora.cl\/rios\/explora-los-rios-inicia-ciclo-anual-de-charlas-en-ciencia-abierta\/","url":"https:\/\/dev.explora.cl\/rios\/explora-los-rios-inicia-ciclo-anual-de-charlas-en-ciencia-abierta\/","name":"Explora Los R\u00edos inicia ciclo anual de charlas en Ciencia Abierta - Los R\u00edos","isPartOf":{"@id":"https:\/\/dev.explora.cl\/rios\/#website"},"primaryImageOfPage":{"@id":"https:\/\/dev.explora.cl\/rios\/explora-los-rios-inicia-ciclo-anual-de-charlas-en-ciencia-abierta\/#primaryimage"},"image":{"@id":"https:\/\/dev.explora.cl\/rios\/explora-los-rios-inicia-ciclo-anual-de-charlas-en-ciencia-abierta\/#primaryimage"},"thumbnailUrl":"https:\/\/dev.explora.cl\/rios\/wp-content\/uploads\/sites\/16\/2020\/08\/2Mesa-de-trabajo-1.png","datePublished":"2020-08-04T19:26:26+00:00","dateModified":"2020-09-17T15:55:25+00:00","author":{"@id":"https:\/\/dev.explora.cl\/rios\/#\/schema\/person\/279896208736d277e75690dde6cc1ea9"},"breadcrumb":{"@id":"https:\/\/dev.explora.cl\/rios\/explora-los-rios-inicia-ciclo-anual-de-charlas-en-ciencia-abierta\/#breadcrumb"},"inLanguage":"es-CL","potentialAction":[{"@type":"ReadAction","target":["https:\/\/dev.explora.cl\/rios\/explora-los-rios-inicia-ciclo-anual-de-charlas-en-ciencia-abierta\/"]}]},{"@type":"ImageObject","inLanguage":"es-CL","@id":"https:\/\/dev.explora.cl\/rios\/explora-los-rios-inicia-ciclo-anual-de-charlas-en-ciencia-abierta\/#primaryimage","url":"https:\/\/dev.explora.cl\/rios\/wp-content\/uploads\/sites\/16\/2020\/08\/2Mesa-de-trabajo-1.png","contentUrl":"https:\/\/dev.explora.cl\/rios\/wp-content\/uploads\/sites\/16\/2020\/08\/2Mesa-de-trabajo-1.png","width":558,"height":482},{"@type":"BreadcrumbList","@id":"https:\/\/dev.explora.cl\/rios\/explora-los-rios-inicia-ciclo-anual-de-charlas-en-ciencia-abierta\/#breadcrumb","itemListElement":[{"@type":"ListItem","position":1,"name":"Portada","item":"https:\/\/dev.explora.cl\/rios\/"},{"@type":"ListItem","position":2,"name":"Explora Los R\u00edos inicia ciclo anual de charlas en Ciencia Abierta"}]},{"@type":"WebSite","@id":"https:\/\/dev.explora.cl\/rios\/#website","url":"https:\/\/dev.explora.cl\/rios\/","name":"Los R\u00edos","description":"Otro sitio m\u00e1s de dev.explora.cl","potentialAction":[{"@type":"SearchAction","target":{"@type":"EntryPoint","urlTemplate":"https:\/\/dev.explora.cl\/rios\/?s={search_term_string}"},"query-input":{"@type":"PropertyValueSpecification","valueRequired":true,"valueName":"search_term_string"}}],"inLanguage":"es-CL"},{"@type":"Person","@id":"https:\/\/dev.explora.cl\/rios\/#\/schema\/person\/279896208736d277e75690dde6cc1ea9","name":"smancilla","image":{"@type":"ImageObject","inLanguage":"es-CL","@id":"https:\/\/dev.explora.cl\/rios\/#\/schema\/person\/image\/","url":"https:\/\/secure.gravatar.com\/avatar\/a1c7f8b1dd453e8facadec2bf18354190c777b5556feaaadfa0f6a129ab9b015?s=96&d=mm&r=g","contentUrl":"https:\/\/secure.gravatar.com\/avatar\/a1c7f8b1dd453e8facadec2bf18354190c777b5556feaaadfa0f6a129ab9b015?s=96&d=mm&r=g","caption":"smancilla"},"url":"https:\/\/dev.explora.cl\/rios\/author\/smancilla\/"}]}},"_links":{"self":[{"href":"https:\/\/dev.explora.cl\/rios\/wp-json\/wp\/v2\/posts\/39416","targetHints":{"allow":["GET"]}}],"collection":[{"href":"https:\/\/dev.explora.cl\/rios\/wp-json\/wp\/v2\/posts"}],"about":[{"href":"https:\/\/dev.explora.cl\/rios\/wp-json\/wp\/v2\/types\/post"}],"author":[{"embeddable":true,"href":"https:\/\/dev.explora.cl\/rios\/wp-json\/wp\/v2\/users\/31"}],"replies":[{"embeddable":true,"href":"https:\/\/dev.explora.cl\/rios\/wp-json\/wp\/v2\/comments?post=39416"}],"version-history":[{"count":1,"href":"https:\/\/dev.explora.cl\/rios\/wp-json\/wp\/v2\/posts\/39416\/revisions"}],"predecessor-version":[{"id":39420,"href":"https:\/\/dev.explora.cl\/rios\/wp-json\/wp\/v2\/posts\/39416\/revisions\/39420"}],"wp:featuredmedia":[{"embeddable":true,"href":"https:\/\/dev.explora.cl\/rios\/wp-json\/wp\/v2\/media\/39421"}],"wp:attachment":[{"href":"https:\/\/dev.explora.cl\/rios\/wp-json\/wp\/v2\/media?parent=39416"}],"wp:term":[{"taxonomy":"category","embeddable":true,"href":"https:\/\/dev.explora.cl\/rios\/wp-json\/wp\/v2\/categories?post=39416"},{"taxonomy":"post_tag","embeddable":true,"href":"https:\/\/dev.explora.cl\/rios\/wp-json\/wp\/v2\/tags?post=39416"}],"curies":[{"name":"wp","href":"https:\/\/api.w.org\/{rel}","templated":true}]}}