{"id":39411,"date":"2020-08-04T10:06:38","date_gmt":"2020-08-04T14:06:38","guid":{"rendered":"https:\/\/dev.explora.cl\/rios\/?p=39411"},"modified":"2021-01-11T10:50:42","modified_gmt":"2021-01-11T13:50:42","slug":"chile-en-imagenes-de-agua-y-vida-nueva-expo-virtual-ojo-de-pez","status":"publish","type":"post","link":"https:\/\/dev.explora.cl\/rios\/chile-en-imagenes-de-agua-y-vida-nueva-expo-virtual-ojo-de-pez\/","title":{"rendered":"Chile en im\u00e1genes de agua y vida: nueva Expo Virtual Ojo de Pez"},"content":{"rendered":"<p>[vc_row][vc_column][\/vc_column][\/vc_row][vc_row][vc_column][vc_row_inner][vc_column_inner width=&#8221;2\/3&#8243;][vc_custom_heading text=&#8221;Las 100 mejores fotograf\u00edas del concurso fotogr\u00e1fico Ojo de Pez estar\u00e1n ahora disponibles de manera virtual. En la comodidad del hogar y de manera gratuita, se podr\u00e1 admirar la gran belleza natural y diversidad de especies acu\u00e1ticas de Chile, algunas \u00fanicas en el mundo.\u00a0&#8221; font_container=&#8221;tag:h3|text_align:left&#8221;][\/vc_column_inner][vc_column_inner width=&#8221;1\/3&#8243;][vc_btn title=&#8221;IR A LA EXPOSICI\u00d3N&#8221; style=&#8221;custom&#8221; custom_background=&#8221;#81d742&#8243; custom_text=&#8221;#ffffff&#8221; size=&#8221;lg&#8221; align=&#8221;center&#8221; i_align=&#8221;right&#8221; i_icon_fontawesome=&#8221;fa fa-arrow-circle-right&#8221; button_block=&#8221;true&#8221; add_icon=&#8221;true&#8221; link=&#8221;url:http%3A%2F%2Fexpo.ojopez.cl|||&#8221;][\/vc_column_inner][\/vc_row_inner][vc_column_text]<span style=\"font-weight: 400\">M\u00e1s de 180 mil personas han visitado hasta ahora en Chile la exposici\u00f3n <\/span><b>\u201cOjo de Pez. Retrato de la vida del mundo acu\u00e1tico\u201d<\/b><span style=\"font-weight: 400\">, la cual ha itinerado desde Concepci\u00f3n al extremo sur en 30 oportunidades. Sin embargo, debido al aislamiento social provocado por la pandemia COVID-19, sus curadores decidieron colocarla en una plataforma virtual. \u201cPara que el p\u00fablico la pueda seguir visitando, pero desde la comodidad de su hogar y sin correr ning\u00fan riesgo\u201d, se\u00f1al\u00f3 Carla Firmani, encargada de divulgaci\u00f3n del Centro de Investigaci\u00f3n Din\u00e1mica de Ecosistemas Marinos de Altas Latitudes (IDEAL) de la Universidad Austral de Chile, entidad que cre\u00f3 este nuevo espacio virtual.<\/span><\/p>\n<p><span style=\"font-weight: 400\">Las im\u00e1genes corresponden a una selecci\u00f3n de las mejores fotograf\u00edas de los \u00faltimos tres a\u00f1os (2017-2019) del concurso fotogr\u00e1fico Ojo de Pez. Este certamen, que se desarrolla de forma continua desde el 2014, re\u00fane a fot\u00f3grafos\/as profesionales y aficionados\/as de todo el pa\u00eds.\u00a0<\/span><\/p>\n<p><span style=\"font-weight: 400\">La exhibici\u00f3n muestra la belleza natural, la diversidad de especies, las actividades productivas y las amenazas que enfrentan los ecosistemas acu\u00e1ticos, marinos y de agua dulce de Chile.\u00a0<\/span><\/p>\n<p><span style=\"font-weight: 400\">As\u00ed es posible ver, por ejemplo, una hermosa babosa d\u00e1lmata bajo el mar, especie end\u00e9mica de Chile. Apreciar paisajes fr\u00edos y extremos como la Ant\u00e1rtica o paisajes pr\u00edstinos como Isla Navarino en Tierra del Fuego. Apreciar el duro trabajo de algueros y recolectores de orilla, emocionarse con el momento exacto en que un ping\u00fcino pap\u00faa rompe su cascar\u00f3n, o bien observar los alcances de la contaminaci\u00f3n por pl\u00e1stico en la costa.<\/span><\/p>\n<p><span style=\"font-weight: 400\">\u201cEl objetivo de esta exposici\u00f3n es crear conciencia de la gran importancia que tienen estos h\u00e1bitats, junto con sensibilizar a la ciudadan\u00eda acerca de su fragilidad y la necesidad de protegerlos mediante el manejo sustentable e iniciativas que promuevan su cuidado integral\u201d, se\u00f1alan desde IDEAL.<\/span><\/p>\n<p><span style=\"font-weight: 400\">Para disfrutar la exposici\u00f3n solo basta con visitar <\/span><a href=\"http:\/\/expo.ojopez.cl\/\"><span style=\"font-weight: 400\">http:\/\/expo.ojopez.cl\/<\/span><\/a><span style=\"font-weight: 400\"> y registrarse. Tambi\u00e9n es posible dejar comentarios a trav\u00e9s de un libro de visitas y compartir en redes sociales.\u00a0<\/span><\/p>\n<p><span style=\"font-weight: 400\">El <\/span><a href=\"https:\/\/ojopez.cl\/\"><b>concurso fotogr\u00e1fico Ojo de Pez<\/b><\/a><span style=\"font-weight: 400\">, cuya convocatoria est\u00e1 abierta hasta el 14 de agosto de 2020, es organizado por el Instituto de Ciencias Marinas y Limnol\u00f3gicas (<\/span><a href=\"http:\/\/www.icml.uach.cl\/\"><span style=\"font-weight: 400\">ICML<\/span><\/a><span style=\"font-weight: 400\">) de la Universidad Austral de Chile (<\/span><a href=\"https:\/\/www.uach.cl\/\"><span style=\"font-weight: 400\">UACh<\/span><\/a><span style=\"font-weight: 400\">), el PAR Explora Los R\u00edos del Ministerio de Ciencia, Tecnolog\u00eda, Conocimiento e Innovaci\u00f3n (<\/span><a href=\"http:\/\/www.minciencia.gob.cl\/\"><span style=\"font-weight: 400\">Minciencia<\/span><\/a><span style=\"font-weight: 400\">), el Centro de Investigaci\u00f3n Din\u00e1mica de Ecosistemas Marinos de Altas Latitudes (<\/span><a href=\"https:\/\/www.centroideal.cl\/\"><span style=\"font-weight: 400\">IDEAL<\/span><\/a><span style=\"font-weight: 400\">) y el Instituto Ant\u00e1rtico Chileno (<\/span><a href=\"https:\/\/www.inach.cl\/inach\/\"><span style=\"font-weight: 400\">INACH<\/span><\/a><span style=\"font-weight: 400\">).\u00a0<\/span><\/p>\n<p><b>Fotograf\u00eda: <\/b><span style=\"font-weight: 400\">Poner en valor los ecosistemas acu\u00e1ticos de Chile, como el mar, lagos, lagunas, r\u00edos y humedales, es uno de los objetivos de esta exposici\u00f3n. Autor: Marcelo Rojas.\u00a0<\/span>[\/vc_column_text][\/vc_column][\/vc_row]<\/p>\n","protected":false},"excerpt":{"rendered":"<p>Las 100 mejores fotograf\u00edas del concurso fotogr\u00e1fico Ojo de Pez estar\u00e1n ahora disponibles de manera virtual. En la comodidad del hogar y de manera gratuita, se podr\u00e1 admirar la gran belleza natural y diversidad de especies acu\u00e1ticas de Chile, algunas \u00fanicas en el mundo.\u00a0<\/p>\n","protected":false},"author":31,"featured_media":39413,"comment_status":"open","ping_status":"open","sticky":false,"template":"","format":"standard","meta":{"_acf_changed":false,"_exactmetrics_skip_tracking":false,"_exactmetrics_sitenote_active":false,"_exactmetrics_sitenote_note":"","_exactmetrics_sitenote_category":0,"footnotes":"","_links_to":"","_links_to_target":""},"categories":[143,4],"tags":[268,349,193,304,358,356,357,340],"class_list":["post-39411","post","type-post","status-publish","format-standard","has-post-thumbnail","hentry","category-lugar-8","category-noticias","tag-acuatico","tag-en-linea","tag-exposicion","tag-fauna","tag-flora","tag-fotografias","tag-marino","tag-virtual"],"acf":[],"yoast_head":"<!-- This site is optimized with the Yoast SEO plugin v26.7 - https:\/\/yoast.com\/wordpress\/plugins\/seo\/ -->\n<title>Chile en im\u00e1genes de agua y vida: nueva Expo Virtual Ojo de Pez - Los R\u00edos<\/title>\n<meta name=\"robots\" content=\"index, follow, max-snippet:-1, max-image-preview:large, max-video-preview:-1\" \/>\n<link rel=\"canonical\" href=\"https:\/\/dev.explora.cl\/rios\/chile-en-imagenes-de-agua-y-vida-nueva-expo-virtual-ojo-de-pez\/\" class=\"yoast-seo-meta-tag\" \/>\n<meta property=\"og:locale\" content=\"es_ES\" class=\"yoast-seo-meta-tag\" \/>\n<meta property=\"og:type\" content=\"article\" class=\"yoast-seo-meta-tag\" \/>\n<meta property=\"og:title\" content=\"Chile en im\u00e1genes de agua y vida: nueva Expo Virtual Ojo de Pez - Los R\u00edos\" class=\"yoast-seo-meta-tag\" \/>\n<meta property=\"og:description\" content=\"Las 100 mejores fotograf\u00edas del concurso fotogr\u00e1fico Ojo de Pez estar\u00e1n ahora disponibles de manera virtual. En la comodidad del hogar y de manera gratuita, se podr\u00e1 admirar la gran belleza natural y diversidad de especies acu\u00e1ticas de Chile, algunas \u00fanicas en el mundo.\u00a0\" class=\"yoast-seo-meta-tag\" \/>\n<meta property=\"og:url\" content=\"https:\/\/dev.explora.cl\/rios\/chile-en-imagenes-de-agua-y-vida-nueva-expo-virtual-ojo-de-pez\/\" class=\"yoast-seo-meta-tag\" \/>\n<meta property=\"og:site_name\" content=\"Los R\u00edos\" class=\"yoast-seo-meta-tag\" \/>\n<meta property=\"article:published_time\" content=\"2020-08-04T14:06:38+00:00\" class=\"yoast-seo-meta-tag\" \/>\n<meta property=\"article:modified_time\" content=\"2021-01-11T13:50:42+00:00\" class=\"yoast-seo-meta-tag\" \/>\n<meta property=\"og:image\" content=\"https:\/\/dev.explora.cl\/rios\/wp-content\/uploads\/sites\/16\/2020\/08\/Foto-1_Marcelo-Rojas_low.jpg\" class=\"yoast-seo-meta-tag\" \/>\n\t<meta property=\"og:image:width\" content=\"1000\" class=\"yoast-seo-meta-tag\" \/>\n\t<meta property=\"og:image:height\" content=\"667\" class=\"yoast-seo-meta-tag\" \/>\n\t<meta property=\"og:image:type\" content=\"image\/jpeg\" class=\"yoast-seo-meta-tag\" \/>\n<meta name=\"author\" content=\"smancilla\" class=\"yoast-seo-meta-tag\" \/>\n<meta name=\"twitter:card\" content=\"summary_large_image\" class=\"yoast-seo-meta-tag\" \/>\n<meta name=\"twitter:label1\" content=\"Escrito por\" class=\"yoast-seo-meta-tag\" \/>\n\t<meta name=\"twitter:data1\" content=\"smancilla\" class=\"yoast-seo-meta-tag\" \/>\n\t<meta name=\"twitter:label2\" content=\"Tiempo estimado de lectura\" class=\"yoast-seo-meta-tag\" \/>\n\t<meta name=\"twitter:data2\" content=\"3 minutos\" class=\"yoast-seo-meta-tag\" \/>\n<script type=\"application\/ld+json\" class=\"yoast-schema-graph\">{\"@context\":\"https:\/\/schema.org\",\"@graph\":[{\"@type\":\"Article\",\"@id\":\"https:\/\/dev.explora.cl\/rios\/chile-en-imagenes-de-agua-y-vida-nueva-expo-virtual-ojo-de-pez\/#article\",\"isPartOf\":{\"@id\":\"https:\/\/dev.explora.cl\/rios\/chile-en-imagenes-de-agua-y-vida-nueva-expo-virtual-ojo-de-pez\/\"},\"author\":{\"name\":\"smancilla\",\"@id\":\"https:\/\/dev.explora.cl\/rios\/#\/schema\/person\/279896208736d277e75690dde6cc1ea9\"},\"headline\":\"Chile en im\u00e1genes de agua y vida: nueva Expo Virtual Ojo de Pez\",\"datePublished\":\"2020-08-04T14:06:38+00:00\",\"dateModified\":\"2021-01-11T13:50:42+00:00\",\"mainEntityOfPage\":{\"@id\":\"https:\/\/dev.explora.cl\/rios\/chile-en-imagenes-de-agua-y-vida-nueva-expo-virtual-ojo-de-pez\/\"},\"wordCount\":620,\"commentCount\":0,\"image\":{\"@id\":\"https:\/\/dev.explora.cl\/rios\/chile-en-imagenes-de-agua-y-vida-nueva-expo-virtual-ojo-de-pez\/#primaryimage\"},\"thumbnailUrl\":\"https:\/\/dev.explora.cl\/rios\/wp-content\/uploads\/sites\/16\/2020\/08\/Foto-1_Marcelo-Rojas_low.jpg\",\"keywords\":[\"acu\u00e1tico\",\"en l\u00ednea\",\"exposici\u00f3n\",\"fauna\",\"flora\",\"fotograf\u00edas\",\"marino\",\"virtual\"],\"articleSection\":[\"Lugar 8\",\"Noticias\"],\"inLanguage\":\"es-CL\",\"potentialAction\":[{\"@type\":\"CommentAction\",\"name\":\"Comment\",\"target\":[\"https:\/\/dev.explora.cl\/rios\/chile-en-imagenes-de-agua-y-vida-nueva-expo-virtual-ojo-de-pez\/#respond\"]}]},{\"@type\":\"WebPage\",\"@id\":\"https:\/\/dev.explora.cl\/rios\/chile-en-imagenes-de-agua-y-vida-nueva-expo-virtual-ojo-de-pez\/\",\"url\":\"https:\/\/dev.explora.cl\/rios\/chile-en-imagenes-de-agua-y-vida-nueva-expo-virtual-ojo-de-pez\/\",\"name\":\"Chile en im\u00e1genes de agua y vida: nueva Expo Virtual Ojo de Pez - Los R\u00edos\",\"isPartOf\":{\"@id\":\"https:\/\/dev.explora.cl\/rios\/#website\"},\"primaryImageOfPage\":{\"@id\":\"https:\/\/dev.explora.cl\/rios\/chile-en-imagenes-de-agua-y-vida-nueva-expo-virtual-ojo-de-pez\/#primaryimage\"},\"image\":{\"@id\":\"https:\/\/dev.explora.cl\/rios\/chile-en-imagenes-de-agua-y-vida-nueva-expo-virtual-ojo-de-pez\/#primaryimage\"},\"thumbnailUrl\":\"https:\/\/dev.explora.cl\/rios\/wp-content\/uploads\/sites\/16\/2020\/08\/Foto-1_Marcelo-Rojas_low.jpg\",\"datePublished\":\"2020-08-04T14:06:38+00:00\",\"dateModified\":\"2021-01-11T13:50:42+00:00\",\"author\":{\"@id\":\"https:\/\/dev.explora.cl\/rios\/#\/schema\/person\/279896208736d277e75690dde6cc1ea9\"},\"breadcrumb\":{\"@id\":\"https:\/\/dev.explora.cl\/rios\/chile-en-imagenes-de-agua-y-vida-nueva-expo-virtual-ojo-de-pez\/#breadcrumb\"},\"inLanguage\":\"es-CL\",\"potentialAction\":[{\"@type\":\"ReadAction\",\"target\":[\"https:\/\/dev.explora.cl\/rios\/chile-en-imagenes-de-agua-y-vida-nueva-expo-virtual-ojo-de-pez\/\"]}]},{\"@type\":\"ImageObject\",\"inLanguage\":\"es-CL\",\"@id\":\"https:\/\/dev.explora.cl\/rios\/chile-en-imagenes-de-agua-y-vida-nueva-expo-virtual-ojo-de-pez\/#primaryimage\",\"url\":\"https:\/\/dev.explora.cl\/rios\/wp-content\/uploads\/sites\/16\/2020\/08\/Foto-1_Marcelo-Rojas_low.jpg\",\"contentUrl\":\"https:\/\/dev.explora.cl\/rios\/wp-content\/uploads\/sites\/16\/2020\/08\/Foto-1_Marcelo-Rojas_low.jpg\",\"width\":1000,\"height\":667},{\"@type\":\"BreadcrumbList\",\"@id\":\"https:\/\/dev.explora.cl\/rios\/chile-en-imagenes-de-agua-y-vida-nueva-expo-virtual-ojo-de-pez\/#breadcrumb\",\"itemListElement\":[{\"@type\":\"ListItem\",\"position\":1,\"name\":\"Portada\",\"item\":\"https:\/\/dev.explora.cl\/rios\/\"},{\"@type\":\"ListItem\",\"position\":2,\"name\":\"Chile en im\u00e1genes de agua y vida: nueva Expo Virtual Ojo de Pez\"}]},{\"@type\":\"WebSite\",\"@id\":\"https:\/\/dev.explora.cl\/rios\/#website\",\"url\":\"https:\/\/dev.explora.cl\/rios\/\",\"name\":\"Los R\u00edos\",\"description\":\"Otro sitio m\u00e1s de dev.explora.cl\",\"potentialAction\":[{\"@type\":\"SearchAction\",\"target\":{\"@type\":\"EntryPoint\",\"urlTemplate\":\"https:\/\/dev.explora.cl\/rios\/?s={search_term_string}\"},\"query-input\":{\"@type\":\"PropertyValueSpecification\",\"valueRequired\":true,\"valueName\":\"search_term_string\"}}],\"inLanguage\":\"es-CL\"},{\"@type\":\"Person\",\"@id\":\"https:\/\/dev.explora.cl\/rios\/#\/schema\/person\/279896208736d277e75690dde6cc1ea9\",\"name\":\"smancilla\",\"image\":{\"@type\":\"ImageObject\",\"inLanguage\":\"es-CL\",\"@id\":\"https:\/\/dev.explora.cl\/rios\/#\/schema\/person\/image\/\",\"url\":\"https:\/\/secure.gravatar.com\/avatar\/a1c7f8b1dd453e8facadec2bf18354190c777b5556feaaadfa0f6a129ab9b015?s=96&d=mm&r=g\",\"contentUrl\":\"https:\/\/secure.gravatar.com\/avatar\/a1c7f8b1dd453e8facadec2bf18354190c777b5556feaaadfa0f6a129ab9b015?s=96&d=mm&r=g\",\"caption\":\"smancilla\"},\"url\":\"https:\/\/dev.explora.cl\/rios\/author\/smancilla\/\"}]}<\/script>\n<!-- \/ Yoast SEO plugin. -->","yoast_head_json":{"title":"Chile en im\u00e1genes de agua y vida: nueva Expo Virtual Ojo de Pez - Los R\u00edos","robots":{"index":"index","follow":"follow","max-snippet":"max-snippet:-1","max-image-preview":"max-image-preview:large","max-video-preview":"max-video-preview:-1"},"canonical":"https:\/\/dev.explora.cl\/rios\/chile-en-imagenes-de-agua-y-vida-nueva-expo-virtual-ojo-de-pez\/","og_locale":"es_ES","og_type":"article","og_title":"Chile en im\u00e1genes de agua y vida: nueva Expo Virtual Ojo de Pez - Los R\u00edos","og_description":"Las 100 mejores fotograf\u00edas del concurso fotogr\u00e1fico Ojo de Pez estar\u00e1n ahora disponibles de manera virtual. En la comodidad del hogar y de manera gratuita, se podr\u00e1 admirar la gran belleza natural y diversidad de especies acu\u00e1ticas de Chile, algunas \u00fanicas en el mundo.\u00a0","og_url":"https:\/\/dev.explora.cl\/rios\/chile-en-imagenes-de-agua-y-vida-nueva-expo-virtual-ojo-de-pez\/","og_site_name":"Los R\u00edos","article_published_time":"2020-08-04T14:06:38+00:00","article_modified_time":"2021-01-11T13:50:42+00:00","og_image":[{"width":1000,"height":667,"url":"https:\/\/dev.explora.cl\/rios\/wp-content\/uploads\/sites\/16\/2020\/08\/Foto-1_Marcelo-Rojas_low.jpg","type":"image\/jpeg"}],"author":"smancilla","twitter_card":"summary_large_image","twitter_misc":{"Escrito por":"smancilla","Tiempo estimado de lectura":"3 minutos"},"schema":{"@context":"https:\/\/schema.org","@graph":[{"@type":"Article","@id":"https:\/\/dev.explora.cl\/rios\/chile-en-imagenes-de-agua-y-vida-nueva-expo-virtual-ojo-de-pez\/#article","isPartOf":{"@id":"https:\/\/dev.explora.cl\/rios\/chile-en-imagenes-de-agua-y-vida-nueva-expo-virtual-ojo-de-pez\/"},"author":{"name":"smancilla","@id":"https:\/\/dev.explora.cl\/rios\/#\/schema\/person\/279896208736d277e75690dde6cc1ea9"},"headline":"Chile en im\u00e1genes de agua y vida: nueva Expo Virtual Ojo de Pez","datePublished":"2020-08-04T14:06:38+00:00","dateModified":"2021-01-11T13:50:42+00:00","mainEntityOfPage":{"@id":"https:\/\/dev.explora.cl\/rios\/chile-en-imagenes-de-agua-y-vida-nueva-expo-virtual-ojo-de-pez\/"},"wordCount":620,"commentCount":0,"image":{"@id":"https:\/\/dev.explora.cl\/rios\/chile-en-imagenes-de-agua-y-vida-nueva-expo-virtual-ojo-de-pez\/#primaryimage"},"thumbnailUrl":"https:\/\/dev.explora.cl\/rios\/wp-content\/uploads\/sites\/16\/2020\/08\/Foto-1_Marcelo-Rojas_low.jpg","keywords":["acu\u00e1tico","en l\u00ednea","exposici\u00f3n","fauna","flora","fotograf\u00edas","marino","virtual"],"articleSection":["Lugar 8","Noticias"],"inLanguage":"es-CL","potentialAction":[{"@type":"CommentAction","name":"Comment","target":["https:\/\/dev.explora.cl\/rios\/chile-en-imagenes-de-agua-y-vida-nueva-expo-virtual-ojo-de-pez\/#respond"]}]},{"@type":"WebPage","@id":"https:\/\/dev.explora.cl\/rios\/chile-en-imagenes-de-agua-y-vida-nueva-expo-virtual-ojo-de-pez\/","url":"https:\/\/dev.explora.cl\/rios\/chile-en-imagenes-de-agua-y-vida-nueva-expo-virtual-ojo-de-pez\/","name":"Chile en im\u00e1genes de agua y vida: nueva Expo Virtual Ojo de Pez - Los R\u00edos","isPartOf":{"@id":"https:\/\/dev.explora.cl\/rios\/#website"},"primaryImageOfPage":{"@id":"https:\/\/dev.explora.cl\/rios\/chile-en-imagenes-de-agua-y-vida-nueva-expo-virtual-ojo-de-pez\/#primaryimage"},"image":{"@id":"https:\/\/dev.explora.cl\/rios\/chile-en-imagenes-de-agua-y-vida-nueva-expo-virtual-ojo-de-pez\/#primaryimage"},"thumbnailUrl":"https:\/\/dev.explora.cl\/rios\/wp-content\/uploads\/sites\/16\/2020\/08\/Foto-1_Marcelo-Rojas_low.jpg","datePublished":"2020-08-04T14:06:38+00:00","dateModified":"2021-01-11T13:50:42+00:00","author":{"@id":"https:\/\/dev.explora.cl\/rios\/#\/schema\/person\/279896208736d277e75690dde6cc1ea9"},"breadcrumb":{"@id":"https:\/\/dev.explora.cl\/rios\/chile-en-imagenes-de-agua-y-vida-nueva-expo-virtual-ojo-de-pez\/#breadcrumb"},"inLanguage":"es-CL","potentialAction":[{"@type":"ReadAction","target":["https:\/\/dev.explora.cl\/rios\/chile-en-imagenes-de-agua-y-vida-nueva-expo-virtual-ojo-de-pez\/"]}]},{"@type":"ImageObject","inLanguage":"es-CL","@id":"https:\/\/dev.explora.cl\/rios\/chile-en-imagenes-de-agua-y-vida-nueva-expo-virtual-ojo-de-pez\/#primaryimage","url":"https:\/\/dev.explora.cl\/rios\/wp-content\/uploads\/sites\/16\/2020\/08\/Foto-1_Marcelo-Rojas_low.jpg","contentUrl":"https:\/\/dev.explora.cl\/rios\/wp-content\/uploads\/sites\/16\/2020\/08\/Foto-1_Marcelo-Rojas_low.jpg","width":1000,"height":667},{"@type":"BreadcrumbList","@id":"https:\/\/dev.explora.cl\/rios\/chile-en-imagenes-de-agua-y-vida-nueva-expo-virtual-ojo-de-pez\/#breadcrumb","itemListElement":[{"@type":"ListItem","position":1,"name":"Portada","item":"https:\/\/dev.explora.cl\/rios\/"},{"@type":"ListItem","position":2,"name":"Chile en im\u00e1genes de agua y vida: nueva Expo Virtual Ojo de Pez"}]},{"@type":"WebSite","@id":"https:\/\/dev.explora.cl\/rios\/#website","url":"https:\/\/dev.explora.cl\/rios\/","name":"Los R\u00edos","description":"Otro sitio m\u00e1s de dev.explora.cl","potentialAction":[{"@type":"SearchAction","target":{"@type":"EntryPoint","urlTemplate":"https:\/\/dev.explora.cl\/rios\/?s={search_term_string}"},"query-input":{"@type":"PropertyValueSpecification","valueRequired":true,"valueName":"search_term_string"}}],"inLanguage":"es-CL"},{"@type":"Person","@id":"https:\/\/dev.explora.cl\/rios\/#\/schema\/person\/279896208736d277e75690dde6cc1ea9","name":"smancilla","image":{"@type":"ImageObject","inLanguage":"es-CL","@id":"https:\/\/dev.explora.cl\/rios\/#\/schema\/person\/image\/","url":"https:\/\/secure.gravatar.com\/avatar\/a1c7f8b1dd453e8facadec2bf18354190c777b5556feaaadfa0f6a129ab9b015?s=96&d=mm&r=g","contentUrl":"https:\/\/secure.gravatar.com\/avatar\/a1c7f8b1dd453e8facadec2bf18354190c777b5556feaaadfa0f6a129ab9b015?s=96&d=mm&r=g","caption":"smancilla"},"url":"https:\/\/dev.explora.cl\/rios\/author\/smancilla\/"}]}},"_links":{"self":[{"href":"https:\/\/dev.explora.cl\/rios\/wp-json\/wp\/v2\/posts\/39411","targetHints":{"allow":["GET"]}}],"collection":[{"href":"https:\/\/dev.explora.cl\/rios\/wp-json\/wp\/v2\/posts"}],"about":[{"href":"https:\/\/dev.explora.cl\/rios\/wp-json\/wp\/v2\/types\/post"}],"author":[{"embeddable":true,"href":"https:\/\/dev.explora.cl\/rios\/wp-json\/wp\/v2\/users\/31"}],"replies":[{"embeddable":true,"href":"https:\/\/dev.explora.cl\/rios\/wp-json\/wp\/v2\/comments?post=39411"}],"version-history":[{"count":1,"href":"https:\/\/dev.explora.cl\/rios\/wp-json\/wp\/v2\/posts\/39411\/revisions"}],"predecessor-version":[{"id":39415,"href":"https:\/\/dev.explora.cl\/rios\/wp-json\/wp\/v2\/posts\/39411\/revisions\/39415"}],"wp:featuredmedia":[{"embeddable":true,"href":"https:\/\/dev.explora.cl\/rios\/wp-json\/wp\/v2\/media\/39413"}],"wp:attachment":[{"href":"https:\/\/dev.explora.cl\/rios\/wp-json\/wp\/v2\/media?parent=39411"}],"wp:term":[{"taxonomy":"category","embeddable":true,"href":"https:\/\/dev.explora.cl\/rios\/wp-json\/wp\/v2\/categories?post=39411"},{"taxonomy":"post_tag","embeddable":true,"href":"https:\/\/dev.explora.cl\/rios\/wp-json\/wp\/v2\/tags?post=39411"}],"curies":[{"name":"wp","href":"https:\/\/api.w.org\/{rel}","templated":true}]}}