{"id":39390,"date":"2020-07-10T16:56:57","date_gmt":"2020-07-10T20:56:57","guid":{"rendered":"https:\/\/dev.explora.cl\/rios\/?p=39390"},"modified":"2020-08-04T15:30:43","modified_gmt":"2020-08-04T19:30:43","slug":"pronto-cierra-el-concurso-de-dibujo-microorganismos","status":"publish","type":"post","link":"https:\/\/dev.explora.cl\/rios\/pronto-cierra-el-concurso-de-dibujo-microorganismos\/","title":{"rendered":"Pronto cierra el Concurso de Dibujo Microorganismos"},"content":{"rendered":"<p>[vc_row][vc_column][vc_row_inner][vc_column_inner width=&#8221;2\/3&#8243;][vc_custom_heading text=&#8221;El concurso para ni\u00f1os y ni\u00f1as de 6 a 11 a\u00f1os busca conocer c\u00f3mo se imaginan el mundo microsc\u00f3pico. Las postulaciones cierran el lunes 13 de julio.&#8221; font_container=&#8221;tag:h3|text_align:left&#8221;][\/vc_column_inner][vc_column_inner width=&#8221;1\/3&#8243;][vc_btn title=&#8221;SUBE TU DIBUJO AQU\u00cd&#8221; style=&#8221;custom&#8221; custom_background=&#8221;#db43ce&#8221; custom_text=&#8221;#ffffff&#8221; size=&#8221;lg&#8221; align=&#8221;center&#8221; i_align=&#8221;right&#8221; i_icon_fontawesome=&#8221;fa fa-arrow-circle-right&#8221; button_block=&#8221;true&#8221; add_icon=&#8221;true&#8221; link=&#8221;url:https%3A%2F%2Fform.jotform.com%2F201254769122048|||&#8221;][\/vc_column_inner][\/vc_row_inner][vc_column_text]<span style=\"font-weight: 400\">En medio de la contingencia sanitaria causada por el Coronavirus, esta segunda versi\u00f3n del concurso, liderado por la Universidad Santo Tom\u00e1s de Valdivia y el PAR Explora Los R\u00edos, busca dar a conocer los microorganismos en todos los \u00e1mbitos de la vida, mostrando que no solo generan enfermedades, sino que son tambi\u00e9n esenciales para la vida en la Tierra.<\/span><\/p>\n<p><span style=\"font-weight: 400\">Para postular se debe hacer un dibujo en una hoja de block grande, sacarle una fotograf\u00eda y subirlo al sitio web <\/span><a href=\"https:\/\/dev.explora.cl\/rios\/microorganismos2020\"><span style=\"font-weight: 400\">dev.explora.cl\/rios\/microorganismos2020<\/span><\/a><span style=\"font-weight: 400\"> con la ayuda de un adulto. El dibujo puede contener cualquier t\u00e9cnica de pintura, pero debe salir de la imaginaci\u00f3n de ni\u00f1os y ni\u00f1as, sin copiar de im\u00e1genes de internet o libros.<\/span><\/p>\n<p><span style=\"font-weight: 400\">Con videos e infograf\u00edas pensadas para el p\u00fablico infantil, el concurso entregar\u00e1 premios educativos en cada categor\u00eda y realizar\u00e1 una exposici\u00f3n virtual de las obras. Ya son m\u00e1s de 100 obras que han llegado para ser conocidas por el jurado compuesto por destacados representantes de la divulgaci\u00f3n cient\u00edfica y el arte.<\/span><\/p>\n<p><span style=\"font-weight: 400\">El jurado est\u00e1 compuesto por la cient\u00edfica y caricaturista Alexa Gar\u00edn-Fern\u00e1ndez, la pintora, profesora y licenciada en Artes Visuales Katherine Estrada-Suazo y el bioqu\u00edmico y doctor en biolog\u00eda celular y molecular, Gabriel Le\u00f3n.<\/span><\/p>\n<p><span style=\"font-weight: 400\">Este a\u00f1o, el concurso es parte de las iniciativas del proyecto de divulgaci\u00f3n Micro-Arte de la carrera de Tecnolog\u00eda M\u00e9dica de la Universidad Santo Tom\u00e1s (UST), sede Valdivia, y cuenta con fondos adjudicados por medio del Vicerrector\u00eda de Vinculaci\u00f3n con el Medio de esta casa de estudios. Adem\u00e1s, cuenta con la colaboraci\u00f3n del Centro de Creaci\u00f3n, CECREA, Valdivia.<\/span><\/p>\n<p>[\/vc_column_text][\/vc_column][\/vc_row][vc_row][vc_column][vc_video link=&#8221;https:\/\/youtu.be\/0KOYoEsCHFM&#8221;][vc_video link=&#8221;https:\/\/youtu.be\/_PaVEWzjewE&#8221;][\/vc_column][\/vc_row]<\/p>\n","protected":false},"excerpt":{"rendered":"<p>El concurso para ni\u00f1os y ni\u00f1as de 6 a 11 a\u00f1os busca conocer c\u00f3mo se imaginan el mundo microsc\u00f3pico. Las postulaciones cierran el lunes 13 de julio.<\/p>\n","protected":false},"author":31,"featured_media":39392,"comment_status":"open","ping_status":"open","sticky":false,"template":"","format":"standard","meta":{"_acf_changed":false,"_exactmetrics_skip_tracking":false,"_exactmetrics_sitenote_active":false,"_exactmetrics_sitenote_note":"","_exactmetrics_sitenote_category":0,"footnotes":"","_links_to":"","_links_to_target":""},"categories":[141],"tags":[104,355,265],"class_list":["post-39390","post","type-post","status-publish","format-standard","has-post-thumbnail","hentry","category-lugar-6","tag-concurso","tag-dibujo","tag-microorganismos"],"acf":[],"yoast_head":"<!-- This site is optimized with the Yoast SEO plugin v26.7 - https:\/\/yoast.com\/wordpress\/plugins\/seo\/ -->\n<title>Pronto cierra el Concurso de Dibujo Microorganismos - Los R\u00edos<\/title>\n<meta name=\"robots\" content=\"index, follow, max-snippet:-1, max-image-preview:large, max-video-preview:-1\" \/>\n<link rel=\"canonical\" href=\"https:\/\/dev.explora.cl\/rios\/pronto-cierra-el-concurso-de-dibujo-microorganismos\/\" class=\"yoast-seo-meta-tag\" \/>\n<meta property=\"og:locale\" content=\"es_ES\" class=\"yoast-seo-meta-tag\" \/>\n<meta property=\"og:type\" content=\"article\" class=\"yoast-seo-meta-tag\" \/>\n<meta property=\"og:title\" content=\"Pronto cierra el Concurso de Dibujo Microorganismos - Los R\u00edos\" class=\"yoast-seo-meta-tag\" \/>\n<meta property=\"og:description\" content=\"El concurso para ni\u00f1os y ni\u00f1as de 6 a 11 a\u00f1os busca conocer c\u00f3mo se imaginan el mundo microsc\u00f3pico. Las postulaciones cierran el lunes 13 de julio.\" class=\"yoast-seo-meta-tag\" \/>\n<meta property=\"og:url\" content=\"https:\/\/dev.explora.cl\/rios\/pronto-cierra-el-concurso-de-dibujo-microorganismos\/\" class=\"yoast-seo-meta-tag\" \/>\n<meta property=\"og:site_name\" content=\"Los R\u00edos\" class=\"yoast-seo-meta-tag\" \/>\n<meta property=\"article:published_time\" content=\"2020-07-10T20:56:57+00:00\" class=\"yoast-seo-meta-tag\" \/>\n<meta property=\"article:modified_time\" content=\"2020-08-04T19:30:43+00:00\" class=\"yoast-seo-meta-tag\" \/>\n<meta property=\"og:image\" content=\"https:\/\/dev.explora.cl\/rios\/wp-content\/uploads\/sites\/16\/2020\/07\/collage-microorganismos-e1594413339427.jpg\" class=\"yoast-seo-meta-tag\" \/>\n\t<meta property=\"og:image:width\" content=\"1200\" class=\"yoast-seo-meta-tag\" \/>\n\t<meta property=\"og:image:height\" content=\"800\" class=\"yoast-seo-meta-tag\" \/>\n\t<meta property=\"og:image:type\" content=\"image\/jpeg\" class=\"yoast-seo-meta-tag\" \/>\n<meta name=\"author\" content=\"smancilla\" class=\"yoast-seo-meta-tag\" \/>\n<meta name=\"twitter:card\" content=\"summary_large_image\" class=\"yoast-seo-meta-tag\" \/>\n<meta name=\"twitter:label1\" content=\"Escrito por\" class=\"yoast-seo-meta-tag\" \/>\n\t<meta name=\"twitter:data1\" content=\"smancilla\" class=\"yoast-seo-meta-tag\" \/>\n\t<meta name=\"twitter:label2\" content=\"Tiempo estimado de lectura\" class=\"yoast-seo-meta-tag\" \/>\n\t<meta name=\"twitter:data2\" content=\"2 minutos\" class=\"yoast-seo-meta-tag\" \/>\n<script type=\"application\/ld+json\" class=\"yoast-schema-graph\">{\"@context\":\"https:\/\/schema.org\",\"@graph\":[{\"@type\":\"Article\",\"@id\":\"https:\/\/dev.explora.cl\/rios\/pronto-cierra-el-concurso-de-dibujo-microorganismos\/#article\",\"isPartOf\":{\"@id\":\"https:\/\/dev.explora.cl\/rios\/pronto-cierra-el-concurso-de-dibujo-microorganismos\/\"},\"author\":{\"name\":\"smancilla\",\"@id\":\"https:\/\/dev.explora.cl\/rios\/#\/schema\/person\/279896208736d277e75690dde6cc1ea9\"},\"headline\":\"Pronto cierra el Concurso de Dibujo Microorganismos\",\"datePublished\":\"2020-07-10T20:56:57+00:00\",\"dateModified\":\"2020-08-04T19:30:43+00:00\",\"mainEntityOfPage\":{\"@id\":\"https:\/\/dev.explora.cl\/rios\/pronto-cierra-el-concurso-de-dibujo-microorganismos\/\"},\"wordCount\":437,\"commentCount\":0,\"image\":{\"@id\":\"https:\/\/dev.explora.cl\/rios\/pronto-cierra-el-concurso-de-dibujo-microorganismos\/#primaryimage\"},\"thumbnailUrl\":\"https:\/\/dev.explora.cl\/rios\/wp-content\/uploads\/sites\/16\/2020\/07\/collage-microorganismos-e1594413339427.jpg\",\"keywords\":[\"concurso\",\"dibujo\",\"microorganismos\"],\"articleSection\":[\"Lugar 6\"],\"inLanguage\":\"es-CL\",\"potentialAction\":[{\"@type\":\"CommentAction\",\"name\":\"Comment\",\"target\":[\"https:\/\/dev.explora.cl\/rios\/pronto-cierra-el-concurso-de-dibujo-microorganismos\/#respond\"]}]},{\"@type\":\"WebPage\",\"@id\":\"https:\/\/dev.explora.cl\/rios\/pronto-cierra-el-concurso-de-dibujo-microorganismos\/\",\"url\":\"https:\/\/dev.explora.cl\/rios\/pronto-cierra-el-concurso-de-dibujo-microorganismos\/\",\"name\":\"Pronto cierra el Concurso de Dibujo Microorganismos - Los R\u00edos\",\"isPartOf\":{\"@id\":\"https:\/\/dev.explora.cl\/rios\/#website\"},\"primaryImageOfPage\":{\"@id\":\"https:\/\/dev.explora.cl\/rios\/pronto-cierra-el-concurso-de-dibujo-microorganismos\/#primaryimage\"},\"image\":{\"@id\":\"https:\/\/dev.explora.cl\/rios\/pronto-cierra-el-concurso-de-dibujo-microorganismos\/#primaryimage\"},\"thumbnailUrl\":\"https:\/\/dev.explora.cl\/rios\/wp-content\/uploads\/sites\/16\/2020\/07\/collage-microorganismos-e1594413339427.jpg\",\"datePublished\":\"2020-07-10T20:56:57+00:00\",\"dateModified\":\"2020-08-04T19:30:43+00:00\",\"author\":{\"@id\":\"https:\/\/dev.explora.cl\/rios\/#\/schema\/person\/279896208736d277e75690dde6cc1ea9\"},\"breadcrumb\":{\"@id\":\"https:\/\/dev.explora.cl\/rios\/pronto-cierra-el-concurso-de-dibujo-microorganismos\/#breadcrumb\"},\"inLanguage\":\"es-CL\",\"potentialAction\":[{\"@type\":\"ReadAction\",\"target\":[\"https:\/\/dev.explora.cl\/rios\/pronto-cierra-el-concurso-de-dibujo-microorganismos\/\"]}]},{\"@type\":\"ImageObject\",\"inLanguage\":\"es-CL\",\"@id\":\"https:\/\/dev.explora.cl\/rios\/pronto-cierra-el-concurso-de-dibujo-microorganismos\/#primaryimage\",\"url\":\"https:\/\/dev.explora.cl\/rios\/wp-content\/uploads\/sites\/16\/2020\/07\/collage-microorganismos-e1594413339427.jpg\",\"contentUrl\":\"https:\/\/dev.explora.cl\/rios\/wp-content\/uploads\/sites\/16\/2020\/07\/collage-microorganismos-e1594413339427.jpg\",\"width\":1200,\"height\":800},{\"@type\":\"BreadcrumbList\",\"@id\":\"https:\/\/dev.explora.cl\/rios\/pronto-cierra-el-concurso-de-dibujo-microorganismos\/#breadcrumb\",\"itemListElement\":[{\"@type\":\"ListItem\",\"position\":1,\"name\":\"Portada\",\"item\":\"https:\/\/dev.explora.cl\/rios\/\"},{\"@type\":\"ListItem\",\"position\":2,\"name\":\"Pronto cierra el Concurso de Dibujo Microorganismos\"}]},{\"@type\":\"WebSite\",\"@id\":\"https:\/\/dev.explora.cl\/rios\/#website\",\"url\":\"https:\/\/dev.explora.cl\/rios\/\",\"name\":\"Los R\u00edos\",\"description\":\"Otro sitio m\u00e1s de dev.explora.cl\",\"potentialAction\":[{\"@type\":\"SearchAction\",\"target\":{\"@type\":\"EntryPoint\",\"urlTemplate\":\"https:\/\/dev.explora.cl\/rios\/?s={search_term_string}\"},\"query-input\":{\"@type\":\"PropertyValueSpecification\",\"valueRequired\":true,\"valueName\":\"search_term_string\"}}],\"inLanguage\":\"es-CL\"},{\"@type\":\"Person\",\"@id\":\"https:\/\/dev.explora.cl\/rios\/#\/schema\/person\/279896208736d277e75690dde6cc1ea9\",\"name\":\"smancilla\",\"image\":{\"@type\":\"ImageObject\",\"inLanguage\":\"es-CL\",\"@id\":\"https:\/\/dev.explora.cl\/rios\/#\/schema\/person\/image\/\",\"url\":\"https:\/\/secure.gravatar.com\/avatar\/a1c7f8b1dd453e8facadec2bf18354190c777b5556feaaadfa0f6a129ab9b015?s=96&d=mm&r=g\",\"contentUrl\":\"https:\/\/secure.gravatar.com\/avatar\/a1c7f8b1dd453e8facadec2bf18354190c777b5556feaaadfa0f6a129ab9b015?s=96&d=mm&r=g\",\"caption\":\"smancilla\"},\"url\":\"https:\/\/dev.explora.cl\/rios\/author\/smancilla\/\"}]}<\/script>\n<!-- \/ Yoast SEO plugin. -->","yoast_head_json":{"title":"Pronto cierra el Concurso de Dibujo Microorganismos - Los R\u00edos","robots":{"index":"index","follow":"follow","max-snippet":"max-snippet:-1","max-image-preview":"max-image-preview:large","max-video-preview":"max-video-preview:-1"},"canonical":"https:\/\/dev.explora.cl\/rios\/pronto-cierra-el-concurso-de-dibujo-microorganismos\/","og_locale":"es_ES","og_type":"article","og_title":"Pronto cierra el Concurso de Dibujo Microorganismos - Los R\u00edos","og_description":"El concurso para ni\u00f1os y ni\u00f1as de 6 a 11 a\u00f1os busca conocer c\u00f3mo se imaginan el mundo microsc\u00f3pico. Las postulaciones cierran el lunes 13 de julio.","og_url":"https:\/\/dev.explora.cl\/rios\/pronto-cierra-el-concurso-de-dibujo-microorganismos\/","og_site_name":"Los R\u00edos","article_published_time":"2020-07-10T20:56:57+00:00","article_modified_time":"2020-08-04T19:30:43+00:00","og_image":[{"width":1200,"height":800,"url":"https:\/\/dev.explora.cl\/rios\/wp-content\/uploads\/sites\/16\/2020\/07\/collage-microorganismos-e1594413339427.jpg","type":"image\/jpeg"}],"author":"smancilla","twitter_card":"summary_large_image","twitter_misc":{"Escrito por":"smancilla","Tiempo estimado de lectura":"2 minutos"},"schema":{"@context":"https:\/\/schema.org","@graph":[{"@type":"Article","@id":"https:\/\/dev.explora.cl\/rios\/pronto-cierra-el-concurso-de-dibujo-microorganismos\/#article","isPartOf":{"@id":"https:\/\/dev.explora.cl\/rios\/pronto-cierra-el-concurso-de-dibujo-microorganismos\/"},"author":{"name":"smancilla","@id":"https:\/\/dev.explora.cl\/rios\/#\/schema\/person\/279896208736d277e75690dde6cc1ea9"},"headline":"Pronto cierra el Concurso de Dibujo Microorganismos","datePublished":"2020-07-10T20:56:57+00:00","dateModified":"2020-08-04T19:30:43+00:00","mainEntityOfPage":{"@id":"https:\/\/dev.explora.cl\/rios\/pronto-cierra-el-concurso-de-dibujo-microorganismos\/"},"wordCount":437,"commentCount":0,"image":{"@id":"https:\/\/dev.explora.cl\/rios\/pronto-cierra-el-concurso-de-dibujo-microorganismos\/#primaryimage"},"thumbnailUrl":"https:\/\/dev.explora.cl\/rios\/wp-content\/uploads\/sites\/16\/2020\/07\/collage-microorganismos-e1594413339427.jpg","keywords":["concurso","dibujo","microorganismos"],"articleSection":["Lugar 6"],"inLanguage":"es-CL","potentialAction":[{"@type":"CommentAction","name":"Comment","target":["https:\/\/dev.explora.cl\/rios\/pronto-cierra-el-concurso-de-dibujo-microorganismos\/#respond"]}]},{"@type":"WebPage","@id":"https:\/\/dev.explora.cl\/rios\/pronto-cierra-el-concurso-de-dibujo-microorganismos\/","url":"https:\/\/dev.explora.cl\/rios\/pronto-cierra-el-concurso-de-dibujo-microorganismos\/","name":"Pronto cierra el Concurso de Dibujo Microorganismos - Los R\u00edos","isPartOf":{"@id":"https:\/\/dev.explora.cl\/rios\/#website"},"primaryImageOfPage":{"@id":"https:\/\/dev.explora.cl\/rios\/pronto-cierra-el-concurso-de-dibujo-microorganismos\/#primaryimage"},"image":{"@id":"https:\/\/dev.explora.cl\/rios\/pronto-cierra-el-concurso-de-dibujo-microorganismos\/#primaryimage"},"thumbnailUrl":"https:\/\/dev.explora.cl\/rios\/wp-content\/uploads\/sites\/16\/2020\/07\/collage-microorganismos-e1594413339427.jpg","datePublished":"2020-07-10T20:56:57+00:00","dateModified":"2020-08-04T19:30:43+00:00","author":{"@id":"https:\/\/dev.explora.cl\/rios\/#\/schema\/person\/279896208736d277e75690dde6cc1ea9"},"breadcrumb":{"@id":"https:\/\/dev.explora.cl\/rios\/pronto-cierra-el-concurso-de-dibujo-microorganismos\/#breadcrumb"},"inLanguage":"es-CL","potentialAction":[{"@type":"ReadAction","target":["https:\/\/dev.explora.cl\/rios\/pronto-cierra-el-concurso-de-dibujo-microorganismos\/"]}]},{"@type":"ImageObject","inLanguage":"es-CL","@id":"https:\/\/dev.explora.cl\/rios\/pronto-cierra-el-concurso-de-dibujo-microorganismos\/#primaryimage","url":"https:\/\/dev.explora.cl\/rios\/wp-content\/uploads\/sites\/16\/2020\/07\/collage-microorganismos-e1594413339427.jpg","contentUrl":"https:\/\/dev.explora.cl\/rios\/wp-content\/uploads\/sites\/16\/2020\/07\/collage-microorganismos-e1594413339427.jpg","width":1200,"height":800},{"@type":"BreadcrumbList","@id":"https:\/\/dev.explora.cl\/rios\/pronto-cierra-el-concurso-de-dibujo-microorganismos\/#breadcrumb","itemListElement":[{"@type":"ListItem","position":1,"name":"Portada","item":"https:\/\/dev.explora.cl\/rios\/"},{"@type":"ListItem","position":2,"name":"Pronto cierra el Concurso de Dibujo Microorganismos"}]},{"@type":"WebSite","@id":"https:\/\/dev.explora.cl\/rios\/#website","url":"https:\/\/dev.explora.cl\/rios\/","name":"Los R\u00edos","description":"Otro sitio m\u00e1s de dev.explora.cl","potentialAction":[{"@type":"SearchAction","target":{"@type":"EntryPoint","urlTemplate":"https:\/\/dev.explora.cl\/rios\/?s={search_term_string}"},"query-input":{"@type":"PropertyValueSpecification","valueRequired":true,"valueName":"search_term_string"}}],"inLanguage":"es-CL"},{"@type":"Person","@id":"https:\/\/dev.explora.cl\/rios\/#\/schema\/person\/279896208736d277e75690dde6cc1ea9","name":"smancilla","image":{"@type":"ImageObject","inLanguage":"es-CL","@id":"https:\/\/dev.explora.cl\/rios\/#\/schema\/person\/image\/","url":"https:\/\/secure.gravatar.com\/avatar\/a1c7f8b1dd453e8facadec2bf18354190c777b5556feaaadfa0f6a129ab9b015?s=96&d=mm&r=g","contentUrl":"https:\/\/secure.gravatar.com\/avatar\/a1c7f8b1dd453e8facadec2bf18354190c777b5556feaaadfa0f6a129ab9b015?s=96&d=mm&r=g","caption":"smancilla"},"url":"https:\/\/dev.explora.cl\/rios\/author\/smancilla\/"}]}},"_links":{"self":[{"href":"https:\/\/dev.explora.cl\/rios\/wp-json\/wp\/v2\/posts\/39390","targetHints":{"allow":["GET"]}}],"collection":[{"href":"https:\/\/dev.explora.cl\/rios\/wp-json\/wp\/v2\/posts"}],"about":[{"href":"https:\/\/dev.explora.cl\/rios\/wp-json\/wp\/v2\/types\/post"}],"author":[{"embeddable":true,"href":"https:\/\/dev.explora.cl\/rios\/wp-json\/wp\/v2\/users\/31"}],"replies":[{"embeddable":true,"href":"https:\/\/dev.explora.cl\/rios\/wp-json\/wp\/v2\/comments?post=39390"}],"version-history":[{"count":1,"href":"https:\/\/dev.explora.cl\/rios\/wp-json\/wp\/v2\/posts\/39390\/revisions"}],"predecessor-version":[{"id":39393,"href":"https:\/\/dev.explora.cl\/rios\/wp-json\/wp\/v2\/posts\/39390\/revisions\/39393"}],"wp:featuredmedia":[{"embeddable":true,"href":"https:\/\/dev.explora.cl\/rios\/wp-json\/wp\/v2\/media\/39392"}],"wp:attachment":[{"href":"https:\/\/dev.explora.cl\/rios\/wp-json\/wp\/v2\/media?parent=39390"}],"wp:term":[{"taxonomy":"category","embeddable":true,"href":"https:\/\/dev.explora.cl\/rios\/wp-json\/wp\/v2\/categories?post=39390"},{"taxonomy":"post_tag","embeddable":true,"href":"https:\/\/dev.explora.cl\/rios\/wp-json\/wp\/v2\/tags?post=39390"}],"curies":[{"name":"wp","href":"https:\/\/api.w.org\/{rel}","templated":true}]}}