{"id":39176,"date":"2020-06-19T09:28:48","date_gmt":"2020-06-19T13:28:48","guid":{"rendered":"https:\/\/dev.explora.cl\/rios\/?p=39176"},"modified":"2021-11-17T18:49:12","modified_gmt":"2021-11-17T21:49:12","slug":"iie2020","status":"publish","type":"post","link":"https:\/\/dev.explora.cl\/rios\/iie2020\/","title":{"rendered":"Investigaci\u00f3n e Innovaci\u00f3n Escolar 2020 &#8220;Investiga en Casa&#8221;"},"content":{"rendered":"<p>[vc_row][vc_column][vc_column_text]<em>\u00bfRecuerdas el Congreso Regional y los programas de investigaci\u00f3n cient\u00edfica escolar? \u00a1Volvieron! En forma de &#8220;Investiga en Casa&#8221;.<\/em><\/p>\n<p>Te invitamos a crear una idea de investigaci\u00f3n cient\u00edfica o una innovaci\u00f3n tecnol\u00f3gica y ser parte de <strong>&#8220;Investiga en Casa 2020&#8221;<\/strong>. Estudiantes de todos los niveles y sus docentes podr\u00e1n participar de una experiencia para descubrir el mundo de la ciencia, tecnolog\u00eda y la innovaci\u00f3n. Para seguir con la ciencia escolar desde la casa.<\/p>\n<p style=\"text-align: center\">Si eres <strong>docente<\/strong> te invitamos a los <a href=\"#talleres\">talleres<\/a> que preparamos para ti. Para conocer m\u00e1s, <a href=\"#bases\">descarga las bases de postulaci\u00f3n<\/a>.<\/p>\n<p>[\/vc_column_text][vc_btn title=&#8221;POSTULA TU PROYECTO QU\u00cd&#8221; style=&#8221;custom&#8221; custom_background=&#8221;#cccccc&#8221; custom_text=&#8221;#424242&#8243; size=&#8221;lg&#8221; align=&#8221;center&#8221; i_icon_fontawesome=&#8221;fa fa-paper-plane-o&#8221; css_animation=&#8221;appear&#8221; link=&#8221;url:%23|||&#8221; button_block=&#8221;true&#8221; add_icon=&#8221;true&#8221; css=&#8221;.vc_custom_1637185744877{padding-top: 10px !important;padding-right: 10px !important;padding-bottom: 10px !important;padding-left: 10px !important;}&#8221;][\/vc_column][\/vc_row][vc_row][vc_column width=&#8221;1\/3&#8243;][vc_custom_heading text=&#8221;\u00bfQui\u00e9nes pueden participar?&#8221; font_container=&#8221;tag:h3|text_align:left&#8221;][vc_column_text]Pueden participar estudiantes desde <strong>primero b\u00e1sico a cuarto medio de la Regi\u00f3n de Los R\u00edos<\/strong>. Incluyendo educaci\u00f3n de adultos y en casa.[\/vc_column_text][\/vc_column][vc_column width=&#8221;1\/3&#8243;][vc_custom_heading text=&#8221;\u00bfQu\u00e9 tipo de investigaci\u00f3n puedo hacer?&#8221; font_container=&#8221;tag:h3|text_align:left&#8221;][vc_column_text]Se puede desarrollar investigaciones de observaci\u00f3n, bibliogr\u00e1ficas, ciencias sociales, artes y humanidades e innovaci\u00f3n (tecnol\u00f3gicos).[\/vc_column_text][\/vc_column][vc_column width=&#8221;1\/3&#8243;][vc_custom_heading text=&#8221;\u00bfCuando cierran las postulaciones?&#8221; font_container=&#8221;tag:h3|text_align:left&#8221;][vc_column_text]Puedes enviar tu postulaci\u00f3n de ideas de proyectos hasta el <strong>viernes 17 de julio<\/strong>.[\/vc_column_text][\/vc_column][\/vc_row][vc_row css=&#8221;.vc_custom_1592512612250{padding-top: 10px !important;padding-right: 10px !important;padding-bottom: 10px !important;padding-left: 10px !important;background-color: rgba(96,156,224,0.52) !important;*background-color: rgb(96,156,224) !important;border-radius: 5px !important;}&#8221; el_id=&#8221;talleres&#8221;][vc_column][vc_custom_heading text=&#8221;Talleres para Docentes&#8221; font_container=&#8221;tag:h2|font_size:2em|text_align:center&#8221; css=&#8221;.vc_custom_1592602338535{margin-bottom: 40px !important;}&#8221;][vc_row_inner][vc_column_inner width=&#8221;2\/3&#8243;][vc_column_text]\u00a1Docentes! Si quieren apoyar a sus estudiantes en el desarrollo de su idea de proyecto los\/as apoyamos con una serie de talleres remotos. Estos talleres est\u00e1n abiertos solo para la Regi\u00f3n de Los R\u00edos. Hay capacitaciones para niveles b\u00e1sico primer ciclo, segundo ciclo y media. Fechas, temas y p\u00fablicos objetivos a continuaci\u00f3n:[\/vc_column_text][\/vc_column_inner][vc_column_inner width=&#8221;1\/3&#8243;][vc_btn title=&#8221;POSTULAR A TALLERES&#8221; style=&#8221;custom&#8221; custom_background=&#8221;#81d742&#8243; custom_text=&#8221;#ffffff&#8221; size=&#8221;lg&#8221; align=&#8221;center&#8221; i_align=&#8221;right&#8221; i_icon_fontawesome=&#8221;fa fa-arrow-right&#8221; add_icon=&#8221;true&#8221; button_block=&#8221;true&#8221; link=&#8221;url:https%3A%2F%2Fbit.ly%2F2Bpo1Ne|||&#8221;][\/vc_column_inner][\/vc_row_inner][vc_row_inner gap=&#8221;10&#8243; css=&#8221;.vc_custom_1592842633167{margin-top: 10px !important;margin-right: 10px !important;margin-bottom: 10px !important;margin-left: 10px !important;padding-top: 10px !important;padding-right: 10px !important;padding-bottom: 10px !important;padding-left: 10px !important;background-color: rgba(255,255,255,0.35) !important;*background-color: rgb(255,255,255) !important;border-radius: 5px !important;}&#8221;][vc_column_inner width=&#8221;1\/2&#8243; css=&#8221;.vc_custom_1592842294346{margin-top: 0px !important;margin-right: 0px !important;margin-bottom: 0px !important;margin-left: 0px !important;}&#8221;][vc_custom_heading text=&#8221;Taller de Indagaci\u00f3n en Ciencias Sociales&#8221; link=&#8221;url:https%3A%2F%2Fdev.explora.cl%2Frios%2Ftaller-remoto-de-indagacion-en-ciencias-sociales-inicia-las-capacitaciones-docentes-2020%2F|||&#8221;][vc_empty_space height=&#8221;12px&#8221;][vc_column_text]<strong>Fecha:<\/strong> 30 de junio y 1 de julio<\/p>\n<p><strong>Docentes:<\/strong> 2do Ciclo B\u00e1sico y Educaci\u00f3n Media de la Regi\u00f3n de Los R\u00edos[\/vc_column_text][\/vc_column_inner][vc_column_inner width=&#8221;1\/2&#8243;][vc_empty_space height=&#8221;86px&#8221;][vc_column_text]El objetivo de este taller es utilizar la investigaci\u00f3n social como m\u00e9todo de indagaci\u00f3n y ense\u00f1anza para sus estudiantes, incorporando distintas t\u00e9cnicas de investigaci\u00f3n, especialmente aquellas asociadas a la memoria familiar y cotidiana en la contingencia sanitaria.[\/vc_column_text][\/vc_column_inner][\/vc_row_inner][vc_row_inner gap=&#8221;10&#8243; css=&#8221;.vc_custom_1592842633167{margin-top: 10px !important;margin-right: 10px !important;margin-bottom: 10px !important;margin-left: 10px !important;padding-top: 10px !important;padding-right: 10px !important;padding-bottom: 10px !important;padding-left: 10px !important;background-color: rgba(255,255,255,0.35) !important;*background-color: rgb(255,255,255) !important;border-radius: 5px !important;}&#8221;][vc_column_inner width=&#8221;1\/2&#8243; css=&#8221;.vc_custom_1592842294346{margin-top: 0px !important;margin-right: 0px !important;margin-bottom: 0px !important;margin-left: 0px !important;}&#8221;][vc_custom_heading text=&#8221;Taller de Ciclo de Indagaci\u00f3n&#8221; link=&#8221;url:https%3A%2F%2Fdev.explora.cl%2Frios%2Ftaller-para-docentes-de-primer-ciclo-basico-en-linea%2F|||&#8221;][vc_empty_space height=&#8221;12px&#8221;][vc_column_text]<strong>Fecha:<\/strong> 7 y 8 de julio<\/p>\n<p><strong>Docentes:<\/strong> 1er Ciclo B\u00e1sico de la Regi\u00f3n de Los R\u00edos[\/vc_column_text][\/vc_column_inner][vc_column_inner width=&#8221;1\/2&#8243;][vc_empty_space height=&#8221;64px&#8221;][vc_column_text]El taller tiene como objetivo brindar a docentes de primer ciclo b\u00e1sico una herramienta metodol\u00f3gica que promueve un pensamiento cr\u00edtico y reflexivo, favoreciendo la valoraci\u00f3n del entorno natural y cultural. En el transcurso de la capacitaci\u00f3n se combina una parte te\u00f3rica de conceptos b\u00e1sicos de ecolog\u00eda con trabajos de campo en el entorno natural de la casa de cada asistente a trav\u00e9s de m\u00faltiples temas (flora, fauna, acciones antr\u00f3picas, entre otros). Se realizan investigaciones aplicadas o b\u00e1sicas a trav\u00e9s del\u00a0<b>Ciclo de Indagaci\u00f3n<\/b>\u00a0lo cual permite estudiar, analizar, comprender y reflexionar sobre tem\u00e1ticas particulares del mundo natural.[\/vc_column_text][\/vc_column_inner][\/vc_row_inner][vc_row_inner gap=&#8221;10&#8243; css=&#8221;.vc_custom_1592842633167{margin-top: 10px !important;margin-right: 10px !important;margin-bottom: 10px !important;margin-left: 10px !important;padding-top: 10px !important;padding-right: 10px !important;padding-bottom: 10px !important;padding-left: 10px !important;background-color: rgba(255,255,255,0.35) !important;*background-color: rgb(255,255,255) !important;border-radius: 5px !important;}&#8221;][vc_column_inner width=&#8221;1\/2&#8243; css=&#8221;.vc_custom_1592842294346{margin-top: 0px !important;margin-right: 0px !important;margin-bottom: 0px !important;margin-left: 0px !important;}&#8221;][vc_custom_heading text=&#8221;Taller de Revisi\u00f3n Bibliogr\u00e1fica&#8221; link=&#8221;url:https%3A%2F%2Fdev.explora.cl%2Frios%2Fultimos-cupos-para-taller-de-investigacion-bibliografica-para-docentes%2F|title:%C3%9Altimos%20cupos%20para%20Taller%20de%20Investigaci%C3%B3n%20Bibliogr%C3%A1fica%20para%20Docentes||&#8221;][vc_empty_space height=&#8221;12px&#8221;][vc_column_text]<strong>Fecha:<\/strong> 9 y 10 de julio<\/p>\n<p><strong>Docentes:<\/strong> 2do Ciclo B\u00e1sico y Educaci\u00f3n Media de la Regi\u00f3n de Los R\u00edos[\/vc_column_text][\/vc_column_inner][vc_column_inner width=&#8221;1\/2&#8243;][vc_empty_space height=&#8221;64px&#8221;][vc_column_text]Este taller de indagaci\u00f3n y herramientas para la ense\u00f1anza de la investigaci\u00f3n cient\u00edfica escolar mediante revisiones bibliogr\u00e1ficas, se enfocar\u00e1 principalmente en los distintos elementos a considerar en la construcci\u00f3n de un problema de investigaci\u00f3n, profundizando en sus implicancias, asociado a los contextos escolares, con el objetivo de utilizar la investigaci\u00f3n como m\u00e9todo de indagaci\u00f3n y ense\u00f1anza para sus estudiantes[\/vc_column_text][\/vc_column_inner][\/vc_row_inner][\/vc_column][\/vc_row][vc_row el_id=&#8221;bases&#8221;][vc_column][vc_separator][vc_custom_heading text=&#8221;Descargas de Bases y Formularios&#8221; font_container=&#8221;tag:h2|font_size:2em|text_align:center&#8221; css=&#8221;.vc_custom_1592602377449{margin-top: 10px !important;margin-bottom: 20px !important;}&#8221;][vc_column_text]<\/p>\n<ul>\n<li><a href=\"https:\/\/dev.explora.cl\/rios\/wp-content\/uploads\/sites\/16\/2020\/06\/Bases-Programa-IIE-Investiga-en-Casa.pdf\">Bases de postulaci\u00f3n<\/a><\/li>\n<li>Anexo 1.1 <a href=\"https:\/\/dev.explora.cl\/rios\/wp-content\/uploads\/sites\/16\/2020\/06\/Anexo-1-1.docx\">Formulario Postulaci\u00f3n Propuestas en ciencias, artes y humanidades<\/a><\/li>\n<li>Anexo 1.2 <a href=\"https:\/\/dev.explora.cl\/rios\/wp-content\/uploads\/sites\/16\/2020\/06\/Anexo-1-2.docx\">Formulario Postulaci\u00f3n Propuestas de Innovaci\u00f3n<\/a><\/li>\n<li>Anexo 2.1 <a href=\"https:\/\/dev.explora.cl\/rios\/wp-content\/uploads\/sites\/16\/2020\/06\/Anexo-2-1.docx\">Autorizaci\u00f3n Director(a)<\/a><\/li>\n<li>Anexo 2.2 <a href=\"https:\/\/dev.explora.cl\/rios\/wp-content\/uploads\/sites\/16\/2020\/06\/Anexo-2-2.docx\">Autorizaci\u00f3n del Apoderado(a) o Tutor(a)<\/a><\/li>\n<li>Anexo 3 <a href=\"https:\/\/dev.explora.cl\/rios\/wp-content\/uploads\/sites\/16\/2020\/06\/Anexo-3.docx\">Certificado de Pedagog\u00eda-Escuela en Casa<\/a><\/li>\n<li>Anexo 4 <a href=\"https:\/\/dev.explora.cl\/rios\/wp-content\/uploads\/sites\/16\/2020\/06\/Anexo-4.docx\">Normativa de Seguridad y Bio\u00e9tica<\/a><\/li>\n<li>Anexo 5.1 <a href=\"https:\/\/dev.explora.cl\/rios\/wp-content\/uploads\/sites\/16\/2020\/06\/Anexo-5-1.docx\">Formulario de Investigaci\u00f3n en Ciencias, Artes y Humanidades segundo ciclo y media<\/a><\/li>\n<li>Anexo 5.2 <a href=\"https:\/\/dev.explora.cl\/rios\/wp-content\/uploads\/sites\/16\/2020\/06\/Anexo-5-2.docx\">Formulario de Investigaci\u00f3n en Innovaci\u00f3n segundo ciclo y media<\/a><\/li>\n<li>Anexo 6.1 <a href=\"https:\/\/dev.explora.cl\/rios\/wp-content\/uploads\/sites\/16\/2020\/06\/Anexo-6-1.docx\">Formulario de Investigaci\u00f3n en Ciencias, Artes y Humanidades primer ciclo<\/a><\/li>\n<li>Anexo 6.2 <a href=\"https:\/\/dev.explora.cl\/rios\/wp-content\/uploads\/sites\/16\/2020\/06\/Anexo-6-2.docx\">Formulario de Innovaci\u00f3n primer ciclo<\/a><\/li>\n<\/ul>\n<p>[\/vc_column_text][\/vc_column][\/vc_row]<\/p>\n","protected":false},"excerpt":{"rendered":"<p>Te invitamos a crear una idea\/propuesta de investigaci\u00f3n cient\u00edfica o una innovaci\u00f3n tecnol\u00f3gica y ser parte de &#8220;Investiga en Casa 2020&#8221;. Estudiantes de todos los niveles y sus docentes podr\u00e1n participar de una experiencia para descubrir el mundo de la ciencia, tecnolog\u00eda y la innovaci\u00f3n. Para seguir con la ciencia escolar desde la casa.<\/p>\n","protected":false},"author":31,"featured_media":39210,"comment_status":"open","ping_status":"open","sticky":false,"template":"","format":"standard","meta":{"_acf_changed":false,"_exactmetrics_skip_tracking":false,"_exactmetrics_sitenote_active":false,"_exactmetrics_sitenote_note":"","_exactmetrics_sitenote_category":0,"footnotes":"","_links_to":"","_links_to_target":""},"categories":[151,137,1],"tags":[12,147,177,212],"class_list":["post-39176","post","type-post","status-publish","format-standard","has-post-thumbnail","hentry","category-banner","category-lugar-2","category-sin-categoria","tag-ciencia-escolar","tag-innovacion-escolar","tag-investigacion-escolar","tag-talleres"],"acf":[],"yoast_head":"<!-- This site is optimized with the Yoast SEO plugin v26.7 - https:\/\/yoast.com\/wordpress\/plugins\/seo\/ -->\n<title>Investigaci\u00f3n e Innovaci\u00f3n Escolar 2020 &quot;Investiga en Casa&quot; - Los R\u00edos<\/title>\n<meta name=\"robots\" content=\"index, follow, max-snippet:-1, max-image-preview:large, max-video-preview:-1\" \/>\n<link rel=\"canonical\" href=\"https:\/\/dev.explora.cl\/rios\/iie2020\/\" class=\"yoast-seo-meta-tag\" \/>\n<meta property=\"og:locale\" content=\"es_ES\" class=\"yoast-seo-meta-tag\" \/>\n<meta property=\"og:type\" content=\"article\" class=\"yoast-seo-meta-tag\" \/>\n<meta property=\"og:title\" content=\"Investigaci\u00f3n e Innovaci\u00f3n Escolar 2020 &quot;Investiga en Casa&quot; - Los R\u00edos\" class=\"yoast-seo-meta-tag\" \/>\n<meta property=\"og:description\" content=\"Te invitamos a crear una idea\/propuesta de investigaci\u00f3n cient\u00edfica o una innovaci\u00f3n tecnol\u00f3gica y ser parte de &quot;Investiga en Casa 2020&quot;. Estudiantes de todos los niveles y sus docentes podr\u00e1n participar de una experiencia para descubrir el mundo de la ciencia, tecnolog\u00eda y la innovaci\u00f3n. Para seguir con la ciencia escolar desde la casa.\" class=\"yoast-seo-meta-tag\" \/>\n<meta property=\"og:url\" content=\"https:\/\/dev.explora.cl\/rios\/iie2020\/\" class=\"yoast-seo-meta-tag\" \/>\n<meta property=\"og:site_name\" content=\"Los R\u00edos\" class=\"yoast-seo-meta-tag\" \/>\n<meta property=\"article:published_time\" content=\"2020-06-19T13:28:48+00:00\" class=\"yoast-seo-meta-tag\" \/>\n<meta property=\"article:modified_time\" content=\"2021-11-17T21:49:12+00:00\" class=\"yoast-seo-meta-tag\" \/>\n<meta property=\"og:image\" content=\"https:\/\/dev.explora.cl\/rios\/wp-content\/uploads\/sites\/16\/2020\/06\/Sin-t\u00edtulo-1_Mesa-de-trabajo-1.png\" class=\"yoast-seo-meta-tag\" \/>\n\t<meta property=\"og:image:width\" content=\"1200\" class=\"yoast-seo-meta-tag\" \/>\n\t<meta property=\"og:image:height\" content=\"800\" class=\"yoast-seo-meta-tag\" \/>\n\t<meta property=\"og:image:type\" content=\"image\/png\" class=\"yoast-seo-meta-tag\" \/>\n<meta name=\"author\" content=\"smancilla\" class=\"yoast-seo-meta-tag\" \/>\n<meta name=\"twitter:card\" content=\"summary_large_image\" class=\"yoast-seo-meta-tag\" \/>\n<meta name=\"twitter:label1\" content=\"Escrito por\" class=\"yoast-seo-meta-tag\" \/>\n\t<meta name=\"twitter:data1\" content=\"smancilla\" class=\"yoast-seo-meta-tag\" \/>\n\t<meta name=\"twitter:label2\" content=\"Tiempo estimado de lectura\" class=\"yoast-seo-meta-tag\" \/>\n\t<meta name=\"twitter:data2\" content=\"6 minutos\" class=\"yoast-seo-meta-tag\" \/>\n<script type=\"application\/ld+json\" class=\"yoast-schema-graph\">{\"@context\":\"https:\/\/schema.org\",\"@graph\":[{\"@type\":\"Article\",\"@id\":\"https:\/\/dev.explora.cl\/rios\/iie2020\/#article\",\"isPartOf\":{\"@id\":\"https:\/\/dev.explora.cl\/rios\/iie2020\/\"},\"author\":{\"name\":\"smancilla\",\"@id\":\"https:\/\/dev.explora.cl\/rios\/#\/schema\/person\/279896208736d277e75690dde6cc1ea9\"},\"headline\":\"Investigaci\u00f3n e Innovaci\u00f3n Escolar 2020 &#8220;Investiga en Casa&#8221;\",\"datePublished\":\"2020-06-19T13:28:48+00:00\",\"dateModified\":\"2021-11-17T21:49:12+00:00\",\"mainEntityOfPage\":{\"@id\":\"https:\/\/dev.explora.cl\/rios\/iie2020\/\"},\"wordCount\":1294,\"commentCount\":0,\"image\":{\"@id\":\"https:\/\/dev.explora.cl\/rios\/iie2020\/#primaryimage\"},\"thumbnailUrl\":\"https:\/\/dev.explora.cl\/rios\/wp-content\/uploads\/sites\/16\/2020\/06\/Sin-t\u00edtulo-1_Mesa-de-trabajo-1.png\",\"keywords\":[\"ciencia escolar\",\"innovaci\u00f3n escolar\",\"investigaci\u00f3n escolar\",\"talleres\"],\"articleSection\":[\"Banner\",\"Lugar 2\"],\"inLanguage\":\"es-CL\",\"potentialAction\":[{\"@type\":\"CommentAction\",\"name\":\"Comment\",\"target\":[\"https:\/\/dev.explora.cl\/rios\/iie2020\/#respond\"]}]},{\"@type\":\"WebPage\",\"@id\":\"https:\/\/dev.explora.cl\/rios\/iie2020\/\",\"url\":\"https:\/\/dev.explora.cl\/rios\/iie2020\/\",\"name\":\"Investigaci\u00f3n e Innovaci\u00f3n Escolar 2020 \\\"Investiga en Casa\\\" - Los R\u00edos\",\"isPartOf\":{\"@id\":\"https:\/\/dev.explora.cl\/rios\/#website\"},\"primaryImageOfPage\":{\"@id\":\"https:\/\/dev.explora.cl\/rios\/iie2020\/#primaryimage\"},\"image\":{\"@id\":\"https:\/\/dev.explora.cl\/rios\/iie2020\/#primaryimage\"},\"thumbnailUrl\":\"https:\/\/dev.explora.cl\/rios\/wp-content\/uploads\/sites\/16\/2020\/06\/Sin-t\u00edtulo-1_Mesa-de-trabajo-1.png\",\"datePublished\":\"2020-06-19T13:28:48+00:00\",\"dateModified\":\"2021-11-17T21:49:12+00:00\",\"author\":{\"@id\":\"https:\/\/dev.explora.cl\/rios\/#\/schema\/person\/279896208736d277e75690dde6cc1ea9\"},\"breadcrumb\":{\"@id\":\"https:\/\/dev.explora.cl\/rios\/iie2020\/#breadcrumb\"},\"inLanguage\":\"es-CL\",\"potentialAction\":[{\"@type\":\"ReadAction\",\"target\":[\"https:\/\/dev.explora.cl\/rios\/iie2020\/\"]}]},{\"@type\":\"ImageObject\",\"inLanguage\":\"es-CL\",\"@id\":\"https:\/\/dev.explora.cl\/rios\/iie2020\/#primaryimage\",\"url\":\"https:\/\/dev.explora.cl\/rios\/wp-content\/uploads\/sites\/16\/2020\/06\/Sin-t\u00edtulo-1_Mesa-de-trabajo-1.png\",\"contentUrl\":\"https:\/\/dev.explora.cl\/rios\/wp-content\/uploads\/sites\/16\/2020\/06\/Sin-t\u00edtulo-1_Mesa-de-trabajo-1.png\",\"width\":1200,\"height\":800},{\"@type\":\"BreadcrumbList\",\"@id\":\"https:\/\/dev.explora.cl\/rios\/iie2020\/#breadcrumb\",\"itemListElement\":[{\"@type\":\"ListItem\",\"position\":1,\"name\":\"Portada\",\"item\":\"https:\/\/dev.explora.cl\/rios\/\"},{\"@type\":\"ListItem\",\"position\":2,\"name\":\"Investigaci\u00f3n e Innovaci\u00f3n Escolar 2020 &#8220;Investiga en Casa&#8221;\"}]},{\"@type\":\"WebSite\",\"@id\":\"https:\/\/dev.explora.cl\/rios\/#website\",\"url\":\"https:\/\/dev.explora.cl\/rios\/\",\"name\":\"Los R\u00edos\",\"description\":\"Otro sitio m\u00e1s de dev.explora.cl\",\"potentialAction\":[{\"@type\":\"SearchAction\",\"target\":{\"@type\":\"EntryPoint\",\"urlTemplate\":\"https:\/\/dev.explora.cl\/rios\/?s={search_term_string}\"},\"query-input\":{\"@type\":\"PropertyValueSpecification\",\"valueRequired\":true,\"valueName\":\"search_term_string\"}}],\"inLanguage\":\"es-CL\"},{\"@type\":\"Person\",\"@id\":\"https:\/\/dev.explora.cl\/rios\/#\/schema\/person\/279896208736d277e75690dde6cc1ea9\",\"name\":\"smancilla\",\"image\":{\"@type\":\"ImageObject\",\"inLanguage\":\"es-CL\",\"@id\":\"https:\/\/dev.explora.cl\/rios\/#\/schema\/person\/image\/\",\"url\":\"https:\/\/secure.gravatar.com\/avatar\/a1c7f8b1dd453e8facadec2bf18354190c777b5556feaaadfa0f6a129ab9b015?s=96&d=mm&r=g\",\"contentUrl\":\"https:\/\/secure.gravatar.com\/avatar\/a1c7f8b1dd453e8facadec2bf18354190c777b5556feaaadfa0f6a129ab9b015?s=96&d=mm&r=g\",\"caption\":\"smancilla\"},\"url\":\"https:\/\/dev.explora.cl\/rios\/author\/smancilla\/\"}]}<\/script>\n<!-- \/ Yoast SEO plugin. -->","yoast_head_json":{"title":"Investigaci\u00f3n e Innovaci\u00f3n Escolar 2020 \"Investiga en Casa\" - Los R\u00edos","robots":{"index":"index","follow":"follow","max-snippet":"max-snippet:-1","max-image-preview":"max-image-preview:large","max-video-preview":"max-video-preview:-1"},"canonical":"https:\/\/dev.explora.cl\/rios\/iie2020\/","og_locale":"es_ES","og_type":"article","og_title":"Investigaci\u00f3n e Innovaci\u00f3n Escolar 2020 \"Investiga en Casa\" - Los R\u00edos","og_description":"Te invitamos a crear una idea\/propuesta de investigaci\u00f3n cient\u00edfica o una innovaci\u00f3n tecnol\u00f3gica y ser parte de \"Investiga en Casa 2020\". Estudiantes de todos los niveles y sus docentes podr\u00e1n participar de una experiencia para descubrir el mundo de la ciencia, tecnolog\u00eda y la innovaci\u00f3n. Para seguir con la ciencia escolar desde la casa.","og_url":"https:\/\/dev.explora.cl\/rios\/iie2020\/","og_site_name":"Los R\u00edos","article_published_time":"2020-06-19T13:28:48+00:00","article_modified_time":"2021-11-17T21:49:12+00:00","og_image":[{"width":1200,"height":800,"url":"https:\/\/dev.explora.cl\/rios\/wp-content\/uploads\/sites\/16\/2020\/06\/Sin-t\u00edtulo-1_Mesa-de-trabajo-1.png","type":"image\/png"}],"author":"smancilla","twitter_card":"summary_large_image","twitter_misc":{"Escrito por":"smancilla","Tiempo estimado de lectura":"6 minutos"},"schema":{"@context":"https:\/\/schema.org","@graph":[{"@type":"Article","@id":"https:\/\/dev.explora.cl\/rios\/iie2020\/#article","isPartOf":{"@id":"https:\/\/dev.explora.cl\/rios\/iie2020\/"},"author":{"name":"smancilla","@id":"https:\/\/dev.explora.cl\/rios\/#\/schema\/person\/279896208736d277e75690dde6cc1ea9"},"headline":"Investigaci\u00f3n e Innovaci\u00f3n Escolar 2020 &#8220;Investiga en Casa&#8221;","datePublished":"2020-06-19T13:28:48+00:00","dateModified":"2021-11-17T21:49:12+00:00","mainEntityOfPage":{"@id":"https:\/\/dev.explora.cl\/rios\/iie2020\/"},"wordCount":1294,"commentCount":0,"image":{"@id":"https:\/\/dev.explora.cl\/rios\/iie2020\/#primaryimage"},"thumbnailUrl":"https:\/\/dev.explora.cl\/rios\/wp-content\/uploads\/sites\/16\/2020\/06\/Sin-t\u00edtulo-1_Mesa-de-trabajo-1.png","keywords":["ciencia escolar","innovaci\u00f3n escolar","investigaci\u00f3n escolar","talleres"],"articleSection":["Banner","Lugar 2"],"inLanguage":"es-CL","potentialAction":[{"@type":"CommentAction","name":"Comment","target":["https:\/\/dev.explora.cl\/rios\/iie2020\/#respond"]}]},{"@type":"WebPage","@id":"https:\/\/dev.explora.cl\/rios\/iie2020\/","url":"https:\/\/dev.explora.cl\/rios\/iie2020\/","name":"Investigaci\u00f3n e Innovaci\u00f3n Escolar 2020 \"Investiga en Casa\" - Los R\u00edos","isPartOf":{"@id":"https:\/\/dev.explora.cl\/rios\/#website"},"primaryImageOfPage":{"@id":"https:\/\/dev.explora.cl\/rios\/iie2020\/#primaryimage"},"image":{"@id":"https:\/\/dev.explora.cl\/rios\/iie2020\/#primaryimage"},"thumbnailUrl":"https:\/\/dev.explora.cl\/rios\/wp-content\/uploads\/sites\/16\/2020\/06\/Sin-t\u00edtulo-1_Mesa-de-trabajo-1.png","datePublished":"2020-06-19T13:28:48+00:00","dateModified":"2021-11-17T21:49:12+00:00","author":{"@id":"https:\/\/dev.explora.cl\/rios\/#\/schema\/person\/279896208736d277e75690dde6cc1ea9"},"breadcrumb":{"@id":"https:\/\/dev.explora.cl\/rios\/iie2020\/#breadcrumb"},"inLanguage":"es-CL","potentialAction":[{"@type":"ReadAction","target":["https:\/\/dev.explora.cl\/rios\/iie2020\/"]}]},{"@type":"ImageObject","inLanguage":"es-CL","@id":"https:\/\/dev.explora.cl\/rios\/iie2020\/#primaryimage","url":"https:\/\/dev.explora.cl\/rios\/wp-content\/uploads\/sites\/16\/2020\/06\/Sin-t\u00edtulo-1_Mesa-de-trabajo-1.png","contentUrl":"https:\/\/dev.explora.cl\/rios\/wp-content\/uploads\/sites\/16\/2020\/06\/Sin-t\u00edtulo-1_Mesa-de-trabajo-1.png","width":1200,"height":800},{"@type":"BreadcrumbList","@id":"https:\/\/dev.explora.cl\/rios\/iie2020\/#breadcrumb","itemListElement":[{"@type":"ListItem","position":1,"name":"Portada","item":"https:\/\/dev.explora.cl\/rios\/"},{"@type":"ListItem","position":2,"name":"Investigaci\u00f3n e Innovaci\u00f3n Escolar 2020 &#8220;Investiga en Casa&#8221;"}]},{"@type":"WebSite","@id":"https:\/\/dev.explora.cl\/rios\/#website","url":"https:\/\/dev.explora.cl\/rios\/","name":"Los R\u00edos","description":"Otro sitio m\u00e1s de dev.explora.cl","potentialAction":[{"@type":"SearchAction","target":{"@type":"EntryPoint","urlTemplate":"https:\/\/dev.explora.cl\/rios\/?s={search_term_string}"},"query-input":{"@type":"PropertyValueSpecification","valueRequired":true,"valueName":"search_term_string"}}],"inLanguage":"es-CL"},{"@type":"Person","@id":"https:\/\/dev.explora.cl\/rios\/#\/schema\/person\/279896208736d277e75690dde6cc1ea9","name":"smancilla","image":{"@type":"ImageObject","inLanguage":"es-CL","@id":"https:\/\/dev.explora.cl\/rios\/#\/schema\/person\/image\/","url":"https:\/\/secure.gravatar.com\/avatar\/a1c7f8b1dd453e8facadec2bf18354190c777b5556feaaadfa0f6a129ab9b015?s=96&d=mm&r=g","contentUrl":"https:\/\/secure.gravatar.com\/avatar\/a1c7f8b1dd453e8facadec2bf18354190c777b5556feaaadfa0f6a129ab9b015?s=96&d=mm&r=g","caption":"smancilla"},"url":"https:\/\/dev.explora.cl\/rios\/author\/smancilla\/"}]}},"_links":{"self":[{"href":"https:\/\/dev.explora.cl\/rios\/wp-json\/wp\/v2\/posts\/39176","targetHints":{"allow":["GET"]}}],"collection":[{"href":"https:\/\/dev.explora.cl\/rios\/wp-json\/wp\/v2\/posts"}],"about":[{"href":"https:\/\/dev.explora.cl\/rios\/wp-json\/wp\/v2\/types\/post"}],"author":[{"embeddable":true,"href":"https:\/\/dev.explora.cl\/rios\/wp-json\/wp\/v2\/users\/31"}],"replies":[{"embeddable":true,"href":"https:\/\/dev.explora.cl\/rios\/wp-json\/wp\/v2\/comments?post=39176"}],"version-history":[{"count":41,"href":"https:\/\/dev.explora.cl\/rios\/wp-json\/wp\/v2\/posts\/39176\/revisions"}],"predecessor-version":[{"id":40477,"href":"https:\/\/dev.explora.cl\/rios\/wp-json\/wp\/v2\/posts\/39176\/revisions\/40477"}],"wp:featuredmedia":[{"embeddable":true,"href":"https:\/\/dev.explora.cl\/rios\/wp-json\/wp\/v2\/media\/39210"}],"wp:attachment":[{"href":"https:\/\/dev.explora.cl\/rios\/wp-json\/wp\/v2\/media?parent=39176"}],"wp:term":[{"taxonomy":"category","embeddable":true,"href":"https:\/\/dev.explora.cl\/rios\/wp-json\/wp\/v2\/categories?post=39176"},{"taxonomy":"post_tag","embeddable":true,"href":"https:\/\/dev.explora.cl\/rios\/wp-json\/wp\/v2\/tags?post=39176"}],"curies":[{"name":"wp","href":"https:\/\/api.w.org\/{rel}","templated":true}]}}