{"id":39099,"date":"2020-06-09T11:44:18","date_gmt":"2020-06-09T15:44:18","guid":{"rendered":"https:\/\/dev.explora.cl\/rios\/?p=39099"},"modified":"2020-07-01T11:16:08","modified_gmt":"2020-07-01T15:16:08","slug":"ninos-y-ninas-podran-dibujar-el-mundo-microscopico-en-concurso-cientifico","status":"publish","type":"post","link":"https:\/\/dev.explora.cl\/rios\/ninos-y-ninas-podran-dibujar-el-mundo-microscopico-en-concurso-cientifico\/","title":{"rendered":"Ni\u00f1os y ni\u00f1as podr\u00e1n dibujar el mundo microsc\u00f3pico en concurso cient\u00edfico"},"content":{"rendered":"<p>[vc_row][vc_column][vc_row_inner][vc_column_inner width=&#8221;2\/3&#8243;][vc_column_text]<strong><em>Imaginar y pintar el mundo microsc\u00f3pico, una invitaci\u00f3n para ni\u00f1os y ni\u00f1as desde Valdivia para todo Chile. Se recibir\u00e1n las postulaciones hasta el 13 de julio.<\/em><\/strong>[\/vc_column_text][\/vc_column_inner][vc_column_inner width=&#8221;1\/3&#8243;][vc_btn title=&#8221;IR AL SITIO DEL CONCURSO&#8221; style=&#8221;custom&#8221; custom_background=&#8221;#8224e3&#8243; custom_text=&#8221;#ffffff&#8221; size=&#8221;lg&#8221; align=&#8221;center&#8221; i_align=&#8221;right&#8221; i_icon_fontawesome=&#8221;fa fa-arrow-right&#8221; css_animation=&#8221;appear&#8221; link=&#8221;url:https%3A%2F%2Fdev.explora.cl%2Frios%2Fmicroorganismos2020%2F|||&#8221; button_block=&#8221;true&#8221; add_icon=&#8221;true&#8221;][\/vc_column_inner][\/vc_row_inner][vc_column_text]Compartir la visi\u00f3n de ni\u00f1os y ni\u00f1as sobre el mundo microsc\u00f3pico es uno de los objetivos del Concurso de Dibujo \u201cMicroorganismos\u201d para ni\u00f1os y ni\u00f1as entre 6 y 11 a\u00f1os de todo Chile. La tarea es crear un dibujo que muestre c\u00f3mo se imaginan el mundo de las bacterias, virus y hongos que no est\u00e1 al alcance del ojo humano.<\/p>\n<p>En medio de la contingencia sanitaria causada por el coronavirus, esta segunda versi\u00f3n del concurso, liderado por la Universidad Santo Tom\u00e1s de Valdivia y el PAR Explora Los R\u00edos, \u00a0busca dar a conocer los microorganismos en todos los \u00e1mbitos de la vida, mostrando que no solo generan enfermedades sino que son tambi\u00e9n esenciales para la vida en la Tierra.<\/p>\n<p>En videos e infograf\u00edas, toda la familia podr\u00e1 conocer sobre el mundo microsc\u00f3pico e incluso experimentar en casa con una gu\u00eda que se difundir\u00e1 por redes sociales del PAR Explora Los R\u00edos (@parexplorarios) y estar\u00e1 a disposici\u00f3n en su sitio web <a href=\"https:\/\/dev.explora.cl\/rios\">dev.explora.cl\/rios<\/a>.<\/p>\n<p>Los premios ser\u00e1n kits cient\u00edficos y ser\u00e1n entregados en dos categor\u00edas, de 6 a 8 a\u00f1os y de 9 a 11 a\u00f1os. Se podr\u00e1 participar con un dibujo por persona y deber\u00e1 ser enviado a trav\u00e9s de un formulario en l\u00ednea sacando una foto a la obra, el que estar\u00e1 abierto hasta el lunes 13 de julio.<\/p>\n<p>Este a\u00f1o, el concurso es parte de las iniciativas del proyecto de divulgaci\u00f3n Micro-Arte de la carrera de Tecnolog\u00eda M\u00e9dica de la Universidad Santo Tom\u00e1s (UST), sede Valdivia, y cuenta con fondos adjudicados por medio del Vicerrector\u00eda de Vinculaci\u00f3n con el Medio de esta casa de estudios. La Rectora de la UST, Laura Bertolotto, indic\u00f3 que \u201cen el actual contexto en el que nos encontramos como pa\u00eds, es fundamental tener un espacio donde las familias puedan participar de actividades como estas, que los distraen de sus nuevas rutinas y les invita a pasar un tiempo de calidad con sus hijos e hijas, de una manera entretenida y a la vez, educativa. De esta forma, podemos ver que carreras del \u00e1rea de las ciencias pueden perfectamente vincularse con el arte para generar y transferir conocimiento. Como Instituci\u00f3n, felicitamos a la carrera de Tecnolog\u00eda M\u00e9dica por la iniciativa, nos sentimos orgullosos de esta segunda versi\u00f3n del concurso, adem\u00e1s esperamos ver la imaginaci\u00f3n de los ni\u00f1os y ni\u00f1as a trav\u00e9s de sus dibujos\u201d.<\/p>\n<p>Por su parte, la docente de la carrera de Tecnolog\u00eda M\u00e9dica, Mar\u00eda Paz Mir\u00f3, sostuvo que \u201cla primera versi\u00f3n fue organizada con gran esfuerzo y gracias a la cooperaci\u00f3n de algunos auspiciadores se logr\u00f3 superar las expectativas, a mi gusto fue todo un \u00e9xito. Para esta versi\u00f3n, el concurso gan\u00f3 un fondo interno de Vinculaci\u00f3n con el Medio de la UST y junto al gran apoyo del PAR Explora contamos con un concurso nacional. Para nosotros como carrera de Tecnolog\u00eda M\u00e9dica es muy entretenido que los\/as ni\u00f1os\/as puedan desarrollar la observaci\u00f3n y la creatividad y vincular de esta manera la ciencia y el arte. Estamos felices por el lanzamiento de esta versi\u00f3n del concurso, donde hay mucho material entretenido, did\u00e1ctico y preparado con much\u00edsimo cari\u00f1o\u201d.<\/p>\n<p>Por primer a\u00f1o se suma como colaborador el Centro de Creaci\u00f3n, CECREA de Valdivia, quienes apoyar\u00e1n la difusi\u00f3n y la creaci\u00f3n de las obras.<\/p>\n<p>El jurado est\u00e1 compuesto por la cient\u00edfica y caricaturista Alexa Gar\u00edn-Fern\u00e1ndez, la pintora, profesora y licenciada en Artes Visuales Katherine Estrada-Suazo y el bioqu\u00edmico y doctor en biolog\u00eda celular y molecular, Gabriel Le\u00f3n.<\/p>\n<p>Para el PAR Explora Los R\u00edos, esta es una oportunidad de aprender e imaginar, creando un lazo ciencia y arte en ni\u00f1os y ni\u00f1as.<\/p>\n<p>\u201cEstamos muy emocionadas de poder lanzar el concurso de Microorganismos este a\u00f1o. Estamos seguras de que a trav\u00e9s de este concurso muchas ni\u00f1as y ni\u00f1os se interesar\u00e1n por aprender sobre estos organismos super super peque\u00f1os.\u00a0 Junto a sus familias podr\u00e1n aprender con el material l\u00fadico que estamos poniendo a disposici\u00f3n, interiorizarse un poco m\u00e1s de qu\u00e9 son los microorganismos, incluyendo los virus, uno de los cuales es causante de lo que estamos viviendo en estos d\u00edas\u201d se\u00f1al\u00f3 Roc\u00edo Ja\u00f1a, Coordinadora Ejecutiva del PAR Explora Los R\u00edos.<\/p>\n<p>El segundo Concurso de Dibujo Microorganismos es organizado por la carrera de Tecnolog\u00eda M\u00e9dica de la Universidad Santo Tom\u00e1s sede Valdivia, la carrera de Dise\u00f1o Gr\u00e1fico del Instituto Profesional Santo Tom\u00e1s, PAR Explora Los R\u00edos del Ministerio de Ciencia, Tecnolog\u00eda Conocimiento e Innovaci\u00f3n y ejecutado por la Universidad Austral de Chile. Junto a la colaboraci\u00f3n del Centro de Creaci\u00f3n CECREA de Valdivia.[\/vc_column_text][\/vc_column][\/vc_row]<\/p>\n","protected":false},"excerpt":{"rendered":"<p>Imaginar y pintar el mundo microsc\u00f3pico, una invitaci\u00f3n para ni\u00f1os y ni\u00f1as desde Valdivia para todo Chile. Se recibir\u00e1n las postulaciones hasta el 13 de julio.<\/p>\n","protected":false},"author":31,"featured_media":39101,"comment_status":"open","ping_status":"open","sticky":false,"template":"","format":"standard","meta":{"_acf_changed":false,"_exactmetrics_skip_tracking":false,"_exactmetrics_sitenote_active":false,"_exactmetrics_sitenote_note":"","_exactmetrics_sitenote_category":0,"footnotes":"","_links_to":"","_links_to_target":""},"categories":[143,4],"tags":[104,265,351],"class_list":["post-39099","post","type-post","status-publish","format-standard","has-post-thumbnail","hentry","category-lugar-8","category-noticias","tag-concurso","tag-microorganismos","tag-ust-valdivia"],"acf":[],"yoast_head":"<!-- This site is optimized with the Yoast SEO plugin v26.7 - https:\/\/yoast.com\/wordpress\/plugins\/seo\/ -->\n<title>Ni\u00f1os y ni\u00f1as podr\u00e1n dibujar el mundo microsc\u00f3pico en concurso cient\u00edfico - Los R\u00edos<\/title>\n<meta name=\"robots\" content=\"index, follow, max-snippet:-1, max-image-preview:large, max-video-preview:-1\" \/>\n<link rel=\"canonical\" href=\"https:\/\/dev.explora.cl\/rios\/ninos-y-ninas-podran-dibujar-el-mundo-microscopico-en-concurso-cientifico\/\" class=\"yoast-seo-meta-tag\" \/>\n<meta property=\"og:locale\" content=\"es_ES\" class=\"yoast-seo-meta-tag\" \/>\n<meta property=\"og:type\" content=\"article\" class=\"yoast-seo-meta-tag\" \/>\n<meta property=\"og:title\" content=\"Ni\u00f1os y ni\u00f1as podr\u00e1n dibujar el mundo microsc\u00f3pico en concurso cient\u00edfico - Los R\u00edos\" class=\"yoast-seo-meta-tag\" \/>\n<meta property=\"og:description\" content=\"Imaginar y pintar el mundo microsc\u00f3pico, una invitaci\u00f3n para ni\u00f1os y ni\u00f1as desde Valdivia para todo Chile. Se recibir\u00e1n las postulaciones hasta el 13 de julio.\" class=\"yoast-seo-meta-tag\" \/>\n<meta property=\"og:url\" content=\"https:\/\/dev.explora.cl\/rios\/ninos-y-ninas-podran-dibujar-el-mundo-microscopico-en-concurso-cientifico\/\" class=\"yoast-seo-meta-tag\" \/>\n<meta property=\"og:site_name\" content=\"Los R\u00edos\" class=\"yoast-seo-meta-tag\" \/>\n<meta property=\"article:published_time\" content=\"2020-06-09T15:44:18+00:00\" class=\"yoast-seo-meta-tag\" \/>\n<meta property=\"article:modified_time\" content=\"2020-07-01T15:16:08+00:00\" class=\"yoast-seo-meta-tag\" \/>\n<meta property=\"og:image\" content=\"https:\/\/dev.explora.cl\/rios\/wp-content\/uploads\/sites\/16\/2020\/06\/foto-concurso-micro-organismos-Grande.jpg\" class=\"yoast-seo-meta-tag\" \/>\n\t<meta property=\"og:image:width\" content=\"1620\" class=\"yoast-seo-meta-tag\" \/>\n\t<meta property=\"og:image:height\" content=\"1080\" class=\"yoast-seo-meta-tag\" \/>\n\t<meta property=\"og:image:type\" content=\"image\/jpeg\" class=\"yoast-seo-meta-tag\" \/>\n<meta name=\"author\" content=\"smancilla\" class=\"yoast-seo-meta-tag\" \/>\n<meta name=\"twitter:card\" content=\"summary_large_image\" class=\"yoast-seo-meta-tag\" \/>\n<meta name=\"twitter:label1\" content=\"Escrito por\" class=\"yoast-seo-meta-tag\" \/>\n\t<meta name=\"twitter:data1\" content=\"smancilla\" class=\"yoast-seo-meta-tag\" \/>\n\t<meta name=\"twitter:label2\" content=\"Tiempo estimado de lectura\" class=\"yoast-seo-meta-tag\" \/>\n\t<meta name=\"twitter:data2\" content=\"5 minutos\" class=\"yoast-seo-meta-tag\" \/>\n<script type=\"application\/ld+json\" class=\"yoast-schema-graph\">{\"@context\":\"https:\/\/schema.org\",\"@graph\":[{\"@type\":\"Article\",\"@id\":\"https:\/\/dev.explora.cl\/rios\/ninos-y-ninas-podran-dibujar-el-mundo-microscopico-en-concurso-cientifico\/#article\",\"isPartOf\":{\"@id\":\"https:\/\/dev.explora.cl\/rios\/ninos-y-ninas-podran-dibujar-el-mundo-microscopico-en-concurso-cientifico\/\"},\"author\":{\"name\":\"smancilla\",\"@id\":\"https:\/\/dev.explora.cl\/rios\/#\/schema\/person\/279896208736d277e75690dde6cc1ea9\"},\"headline\":\"Ni\u00f1os y ni\u00f1as podr\u00e1n dibujar el mundo microsc\u00f3pico en concurso cient\u00edfico\",\"datePublished\":\"2020-06-09T15:44:18+00:00\",\"dateModified\":\"2020-07-01T15:16:08+00:00\",\"mainEntityOfPage\":{\"@id\":\"https:\/\/dev.explora.cl\/rios\/ninos-y-ninas-podran-dibujar-el-mundo-microscopico-en-concurso-cientifico\/\"},\"wordCount\":971,\"commentCount\":0,\"image\":{\"@id\":\"https:\/\/dev.explora.cl\/rios\/ninos-y-ninas-podran-dibujar-el-mundo-microscopico-en-concurso-cientifico\/#primaryimage\"},\"thumbnailUrl\":\"https:\/\/dev.explora.cl\/rios\/wp-content\/uploads\/sites\/16\/2020\/06\/foto-concurso-micro-organismos-Grande.jpg\",\"keywords\":[\"concurso\",\"microorganismos\",\"UST Valdivia\"],\"articleSection\":[\"Lugar 8\",\"Noticias\"],\"inLanguage\":\"es-CL\",\"potentialAction\":[{\"@type\":\"CommentAction\",\"name\":\"Comment\",\"target\":[\"https:\/\/dev.explora.cl\/rios\/ninos-y-ninas-podran-dibujar-el-mundo-microscopico-en-concurso-cientifico\/#respond\"]}]},{\"@type\":\"WebPage\",\"@id\":\"https:\/\/dev.explora.cl\/rios\/ninos-y-ninas-podran-dibujar-el-mundo-microscopico-en-concurso-cientifico\/\",\"url\":\"https:\/\/dev.explora.cl\/rios\/ninos-y-ninas-podran-dibujar-el-mundo-microscopico-en-concurso-cientifico\/\",\"name\":\"Ni\u00f1os y ni\u00f1as podr\u00e1n dibujar el mundo microsc\u00f3pico en concurso cient\u00edfico - Los R\u00edos\",\"isPartOf\":{\"@id\":\"https:\/\/dev.explora.cl\/rios\/#website\"},\"primaryImageOfPage\":{\"@id\":\"https:\/\/dev.explora.cl\/rios\/ninos-y-ninas-podran-dibujar-el-mundo-microscopico-en-concurso-cientifico\/#primaryimage\"},\"image\":{\"@id\":\"https:\/\/dev.explora.cl\/rios\/ninos-y-ninas-podran-dibujar-el-mundo-microscopico-en-concurso-cientifico\/#primaryimage\"},\"thumbnailUrl\":\"https:\/\/dev.explora.cl\/rios\/wp-content\/uploads\/sites\/16\/2020\/06\/foto-concurso-micro-organismos-Grande.jpg\",\"datePublished\":\"2020-06-09T15:44:18+00:00\",\"dateModified\":\"2020-07-01T15:16:08+00:00\",\"author\":{\"@id\":\"https:\/\/dev.explora.cl\/rios\/#\/schema\/person\/279896208736d277e75690dde6cc1ea9\"},\"breadcrumb\":{\"@id\":\"https:\/\/dev.explora.cl\/rios\/ninos-y-ninas-podran-dibujar-el-mundo-microscopico-en-concurso-cientifico\/#breadcrumb\"},\"inLanguage\":\"es-CL\",\"potentialAction\":[{\"@type\":\"ReadAction\",\"target\":[\"https:\/\/dev.explora.cl\/rios\/ninos-y-ninas-podran-dibujar-el-mundo-microscopico-en-concurso-cientifico\/\"]}]},{\"@type\":\"ImageObject\",\"inLanguage\":\"es-CL\",\"@id\":\"https:\/\/dev.explora.cl\/rios\/ninos-y-ninas-podran-dibujar-el-mundo-microscopico-en-concurso-cientifico\/#primaryimage\",\"url\":\"https:\/\/dev.explora.cl\/rios\/wp-content\/uploads\/sites\/16\/2020\/06\/foto-concurso-micro-organismos-Grande.jpg\",\"contentUrl\":\"https:\/\/dev.explora.cl\/rios\/wp-content\/uploads\/sites\/16\/2020\/06\/foto-concurso-micro-organismos-Grande.jpg\",\"width\":1620,\"height\":1080},{\"@type\":\"BreadcrumbList\",\"@id\":\"https:\/\/dev.explora.cl\/rios\/ninos-y-ninas-podran-dibujar-el-mundo-microscopico-en-concurso-cientifico\/#breadcrumb\",\"itemListElement\":[{\"@type\":\"ListItem\",\"position\":1,\"name\":\"Portada\",\"item\":\"https:\/\/dev.explora.cl\/rios\/\"},{\"@type\":\"ListItem\",\"position\":2,\"name\":\"Ni\u00f1os y ni\u00f1as podr\u00e1n dibujar el mundo microsc\u00f3pico en concurso cient\u00edfico\"}]},{\"@type\":\"WebSite\",\"@id\":\"https:\/\/dev.explora.cl\/rios\/#website\",\"url\":\"https:\/\/dev.explora.cl\/rios\/\",\"name\":\"Los R\u00edos\",\"description\":\"Otro sitio m\u00e1s de dev.explora.cl\",\"potentialAction\":[{\"@type\":\"SearchAction\",\"target\":{\"@type\":\"EntryPoint\",\"urlTemplate\":\"https:\/\/dev.explora.cl\/rios\/?s={search_term_string}\"},\"query-input\":{\"@type\":\"PropertyValueSpecification\",\"valueRequired\":true,\"valueName\":\"search_term_string\"}}],\"inLanguage\":\"es-CL\"},{\"@type\":\"Person\",\"@id\":\"https:\/\/dev.explora.cl\/rios\/#\/schema\/person\/279896208736d277e75690dde6cc1ea9\",\"name\":\"smancilla\",\"image\":{\"@type\":\"ImageObject\",\"inLanguage\":\"es-CL\",\"@id\":\"https:\/\/dev.explora.cl\/rios\/#\/schema\/person\/image\/\",\"url\":\"https:\/\/secure.gravatar.com\/avatar\/a1c7f8b1dd453e8facadec2bf18354190c777b5556feaaadfa0f6a129ab9b015?s=96&d=mm&r=g\",\"contentUrl\":\"https:\/\/secure.gravatar.com\/avatar\/a1c7f8b1dd453e8facadec2bf18354190c777b5556feaaadfa0f6a129ab9b015?s=96&d=mm&r=g\",\"caption\":\"smancilla\"},\"url\":\"https:\/\/dev.explora.cl\/rios\/author\/smancilla\/\"}]}<\/script>\n<!-- \/ Yoast SEO plugin. -->","yoast_head_json":{"title":"Ni\u00f1os y ni\u00f1as podr\u00e1n dibujar el mundo microsc\u00f3pico en concurso cient\u00edfico - Los R\u00edos","robots":{"index":"index","follow":"follow","max-snippet":"max-snippet:-1","max-image-preview":"max-image-preview:large","max-video-preview":"max-video-preview:-1"},"canonical":"https:\/\/dev.explora.cl\/rios\/ninos-y-ninas-podran-dibujar-el-mundo-microscopico-en-concurso-cientifico\/","og_locale":"es_ES","og_type":"article","og_title":"Ni\u00f1os y ni\u00f1as podr\u00e1n dibujar el mundo microsc\u00f3pico en concurso cient\u00edfico - Los R\u00edos","og_description":"Imaginar y pintar el mundo microsc\u00f3pico, una invitaci\u00f3n para ni\u00f1os y ni\u00f1as desde Valdivia para todo Chile. Se recibir\u00e1n las postulaciones hasta el 13 de julio.","og_url":"https:\/\/dev.explora.cl\/rios\/ninos-y-ninas-podran-dibujar-el-mundo-microscopico-en-concurso-cientifico\/","og_site_name":"Los R\u00edos","article_published_time":"2020-06-09T15:44:18+00:00","article_modified_time":"2020-07-01T15:16:08+00:00","og_image":[{"width":1620,"height":1080,"url":"https:\/\/dev.explora.cl\/rios\/wp-content\/uploads\/sites\/16\/2020\/06\/foto-concurso-micro-organismos-Grande.jpg","type":"image\/jpeg"}],"author":"smancilla","twitter_card":"summary_large_image","twitter_misc":{"Escrito por":"smancilla","Tiempo estimado de lectura":"5 minutos"},"schema":{"@context":"https:\/\/schema.org","@graph":[{"@type":"Article","@id":"https:\/\/dev.explora.cl\/rios\/ninos-y-ninas-podran-dibujar-el-mundo-microscopico-en-concurso-cientifico\/#article","isPartOf":{"@id":"https:\/\/dev.explora.cl\/rios\/ninos-y-ninas-podran-dibujar-el-mundo-microscopico-en-concurso-cientifico\/"},"author":{"name":"smancilla","@id":"https:\/\/dev.explora.cl\/rios\/#\/schema\/person\/279896208736d277e75690dde6cc1ea9"},"headline":"Ni\u00f1os y ni\u00f1as podr\u00e1n dibujar el mundo microsc\u00f3pico en concurso cient\u00edfico","datePublished":"2020-06-09T15:44:18+00:00","dateModified":"2020-07-01T15:16:08+00:00","mainEntityOfPage":{"@id":"https:\/\/dev.explora.cl\/rios\/ninos-y-ninas-podran-dibujar-el-mundo-microscopico-en-concurso-cientifico\/"},"wordCount":971,"commentCount":0,"image":{"@id":"https:\/\/dev.explora.cl\/rios\/ninos-y-ninas-podran-dibujar-el-mundo-microscopico-en-concurso-cientifico\/#primaryimage"},"thumbnailUrl":"https:\/\/dev.explora.cl\/rios\/wp-content\/uploads\/sites\/16\/2020\/06\/foto-concurso-micro-organismos-Grande.jpg","keywords":["concurso","microorganismos","UST Valdivia"],"articleSection":["Lugar 8","Noticias"],"inLanguage":"es-CL","potentialAction":[{"@type":"CommentAction","name":"Comment","target":["https:\/\/dev.explora.cl\/rios\/ninos-y-ninas-podran-dibujar-el-mundo-microscopico-en-concurso-cientifico\/#respond"]}]},{"@type":"WebPage","@id":"https:\/\/dev.explora.cl\/rios\/ninos-y-ninas-podran-dibujar-el-mundo-microscopico-en-concurso-cientifico\/","url":"https:\/\/dev.explora.cl\/rios\/ninos-y-ninas-podran-dibujar-el-mundo-microscopico-en-concurso-cientifico\/","name":"Ni\u00f1os y ni\u00f1as podr\u00e1n dibujar el mundo microsc\u00f3pico en concurso cient\u00edfico - Los R\u00edos","isPartOf":{"@id":"https:\/\/dev.explora.cl\/rios\/#website"},"primaryImageOfPage":{"@id":"https:\/\/dev.explora.cl\/rios\/ninos-y-ninas-podran-dibujar-el-mundo-microscopico-en-concurso-cientifico\/#primaryimage"},"image":{"@id":"https:\/\/dev.explora.cl\/rios\/ninos-y-ninas-podran-dibujar-el-mundo-microscopico-en-concurso-cientifico\/#primaryimage"},"thumbnailUrl":"https:\/\/dev.explora.cl\/rios\/wp-content\/uploads\/sites\/16\/2020\/06\/foto-concurso-micro-organismos-Grande.jpg","datePublished":"2020-06-09T15:44:18+00:00","dateModified":"2020-07-01T15:16:08+00:00","author":{"@id":"https:\/\/dev.explora.cl\/rios\/#\/schema\/person\/279896208736d277e75690dde6cc1ea9"},"breadcrumb":{"@id":"https:\/\/dev.explora.cl\/rios\/ninos-y-ninas-podran-dibujar-el-mundo-microscopico-en-concurso-cientifico\/#breadcrumb"},"inLanguage":"es-CL","potentialAction":[{"@type":"ReadAction","target":["https:\/\/dev.explora.cl\/rios\/ninos-y-ninas-podran-dibujar-el-mundo-microscopico-en-concurso-cientifico\/"]}]},{"@type":"ImageObject","inLanguage":"es-CL","@id":"https:\/\/dev.explora.cl\/rios\/ninos-y-ninas-podran-dibujar-el-mundo-microscopico-en-concurso-cientifico\/#primaryimage","url":"https:\/\/dev.explora.cl\/rios\/wp-content\/uploads\/sites\/16\/2020\/06\/foto-concurso-micro-organismos-Grande.jpg","contentUrl":"https:\/\/dev.explora.cl\/rios\/wp-content\/uploads\/sites\/16\/2020\/06\/foto-concurso-micro-organismos-Grande.jpg","width":1620,"height":1080},{"@type":"BreadcrumbList","@id":"https:\/\/dev.explora.cl\/rios\/ninos-y-ninas-podran-dibujar-el-mundo-microscopico-en-concurso-cientifico\/#breadcrumb","itemListElement":[{"@type":"ListItem","position":1,"name":"Portada","item":"https:\/\/dev.explora.cl\/rios\/"},{"@type":"ListItem","position":2,"name":"Ni\u00f1os y ni\u00f1as podr\u00e1n dibujar el mundo microsc\u00f3pico en concurso cient\u00edfico"}]},{"@type":"WebSite","@id":"https:\/\/dev.explora.cl\/rios\/#website","url":"https:\/\/dev.explora.cl\/rios\/","name":"Los R\u00edos","description":"Otro sitio m\u00e1s de dev.explora.cl","potentialAction":[{"@type":"SearchAction","target":{"@type":"EntryPoint","urlTemplate":"https:\/\/dev.explora.cl\/rios\/?s={search_term_string}"},"query-input":{"@type":"PropertyValueSpecification","valueRequired":true,"valueName":"search_term_string"}}],"inLanguage":"es-CL"},{"@type":"Person","@id":"https:\/\/dev.explora.cl\/rios\/#\/schema\/person\/279896208736d277e75690dde6cc1ea9","name":"smancilla","image":{"@type":"ImageObject","inLanguage":"es-CL","@id":"https:\/\/dev.explora.cl\/rios\/#\/schema\/person\/image\/","url":"https:\/\/secure.gravatar.com\/avatar\/a1c7f8b1dd453e8facadec2bf18354190c777b5556feaaadfa0f6a129ab9b015?s=96&d=mm&r=g","contentUrl":"https:\/\/secure.gravatar.com\/avatar\/a1c7f8b1dd453e8facadec2bf18354190c777b5556feaaadfa0f6a129ab9b015?s=96&d=mm&r=g","caption":"smancilla"},"url":"https:\/\/dev.explora.cl\/rios\/author\/smancilla\/"}]}},"_links":{"self":[{"href":"https:\/\/dev.explora.cl\/rios\/wp-json\/wp\/v2\/posts\/39099","targetHints":{"allow":["GET"]}}],"collection":[{"href":"https:\/\/dev.explora.cl\/rios\/wp-json\/wp\/v2\/posts"}],"about":[{"href":"https:\/\/dev.explora.cl\/rios\/wp-json\/wp\/v2\/types\/post"}],"author":[{"embeddable":true,"href":"https:\/\/dev.explora.cl\/rios\/wp-json\/wp\/v2\/users\/31"}],"replies":[{"embeddable":true,"href":"https:\/\/dev.explora.cl\/rios\/wp-json\/wp\/v2\/comments?post=39099"}],"version-history":[{"count":1,"href":"https:\/\/dev.explora.cl\/rios\/wp-json\/wp\/v2\/posts\/39099\/revisions"}],"predecessor-version":[{"id":39103,"href":"https:\/\/dev.explora.cl\/rios\/wp-json\/wp\/v2\/posts\/39099\/revisions\/39103"}],"wp:featuredmedia":[{"embeddable":true,"href":"https:\/\/dev.explora.cl\/rios\/wp-json\/wp\/v2\/media\/39101"}],"wp:attachment":[{"href":"https:\/\/dev.explora.cl\/rios\/wp-json\/wp\/v2\/media?parent=39099"}],"wp:term":[{"taxonomy":"category","embeddable":true,"href":"https:\/\/dev.explora.cl\/rios\/wp-json\/wp\/v2\/categories?post=39099"},{"taxonomy":"post_tag","embeddable":true,"href":"https:\/\/dev.explora.cl\/rios\/wp-json\/wp\/v2\/tags?post=39099"}],"curies":[{"name":"wp","href":"https:\/\/api.w.org\/{rel}","templated":true}]}}