{"id":39021,"date":"2020-06-01T17:24:05","date_gmt":"2020-06-01T21:24:05","guid":{"rendered":"https:\/\/dev.explora.cl\/rios\/?p=39021"},"modified":"2020-06-09T17:31:59","modified_gmt":"2020-06-09T21:31:59","slug":"par-explora-los-rios-se-sumo-a-la-conversacion-en-el-dia-del-patrimonio-en-casa","status":"publish","type":"post","link":"https:\/\/dev.explora.cl\/rios\/par-explora-los-rios-se-sumo-a-la-conversacion-en-el-dia-del-patrimonio-en-casa\/","title":{"rendered":"PAR Explora Los R\u00edos se sum\u00f3 a la conversaci\u00f3n en el D\u00eda del Patrimonio en Casa"},"content":{"rendered":"<p>Este viernes 29 de mayo el PAR Explora Los R\u00edos se sum\u00f3 al D\u00eda del Patrimonio en Casa siendo parte de la marat\u00f3nica jornada colaborativa de los PAR Explora de todo Chile. En la ocasi\u00f3n se desarrollaron charlas y conversaciones desde las 14:30 a las 20:00 horas. En el caso de nuestra regi\u00f3n se invit\u00f3 a Luc\u00eda Abello A., Coordinadora Regional de Bibliotecas P\u00fablicas, quien convers\u00f3 sobre &#8220;lecturas y patrimonio&#8221; y nos llev\u00f3 a reflexionar que &#8220;la lectura es un derecho&#8221; y que la lectura est\u00e1 m\u00e1s all\u00e1 de los libros.<\/p>\n<p>Revisa la conversaci\u00f3n en el video:<\/p>\n<p><iframe loading=\"lazy\" title=\"Conversando: Dia del Patrimonio 2020\" width=\"1180\" height=\"664\" src=\"https:\/\/www.youtube.com\/embed\/pggiB923Ors?feature=oembed\" frameborder=\"0\" allow=\"accelerometer; autoplay; encrypted-media; gyroscope; picture-in-picture\" allowfullscreen><\/iframe><\/p>\n","protected":false},"excerpt":{"rendered":"<p>Este viernes 29 de mayo el PAR Explora Los R\u00edos se sum\u00f3 al D\u00eda del Patrimonio en Casa siendo parte de la marat\u00f3nica jornada colaborativa de los PAR Explora de todo Chile. En la ocasi\u00f3n se desarrollaron charlas y conversaciones desde las 14:30 a las 20:00 horas. En el caso de nuestra regi\u00f3n se invit\u00f3 a Luc\u00eda Abello A., Coordinadora Regional de Bibliotecas P\u00fablicas, quien convers\u00f3 sobre &#8220;lecturas y patrimonio&#8221; y nos llev\u00f3 a reflexionar que &#8220;la lectura es un derecho&#8221; y que la lectura est\u00e1 m\u00e1s all\u00e1 de los libros.<\/p>\n","protected":false},"author":31,"featured_media":39017,"comment_status":"open","ping_status":"open","sticky":false,"template":"","format":"standard","meta":{"_acf_changed":false,"_exactmetrics_skip_tracking":false,"_exactmetrics_sitenote_active":false,"_exactmetrics_sitenote_note":"","_exactmetrics_sitenote_category":0,"footnotes":"","_links_to":"","_links_to_target":""},"categories":[143,6],"tags":[348,345,347],"class_list":["post-39021","post","type-post","status-publish","format-standard","has-post-thumbnail","hentry","category-lugar-8","category-video","tag-bibliotecas","tag-dia-del-patrimonio","tag-lectura"],"acf":[],"yoast_head":"<!-- This site is optimized with the Yoast SEO plugin v26.7 - https:\/\/yoast.com\/wordpress\/plugins\/seo\/ -->\n<title>PAR Explora Los R\u00edos se sum\u00f3 a la conversaci\u00f3n en el D\u00eda del Patrimonio en Casa - Los R\u00edos<\/title>\n<meta name=\"robots\" content=\"index, follow, max-snippet:-1, max-image-preview:large, max-video-preview:-1\" \/>\n<link rel=\"canonical\" href=\"https:\/\/dev.explora.cl\/rios\/par-explora-los-rios-se-sumo-a-la-conversacion-en-el-dia-del-patrimonio-en-casa\/\" class=\"yoast-seo-meta-tag\" \/>\n<meta property=\"og:locale\" content=\"es_ES\" class=\"yoast-seo-meta-tag\" \/>\n<meta property=\"og:type\" content=\"article\" class=\"yoast-seo-meta-tag\" \/>\n<meta property=\"og:title\" content=\"PAR Explora Los R\u00edos se sum\u00f3 a la conversaci\u00f3n en el D\u00eda del Patrimonio en Casa - Los R\u00edos\" class=\"yoast-seo-meta-tag\" \/>\n<meta property=\"og:description\" content=\"Este viernes 29 de mayo el PAR Explora Los R\u00edos se sum\u00f3 al D\u00eda del Patrimonio en Casa siendo parte de la marat\u00f3nica jornada colaborativa de los PAR Explora de todo Chile. En la ocasi\u00f3n se desarrollaron charlas y conversaciones desde las 14:30 a las 20:00 horas. En el caso de nuestra regi\u00f3n se invit\u00f3 a Luc\u00eda Abello A., Coordinadora Regional de Bibliotecas P\u00fablicas, quien convers\u00f3 sobre &quot;lecturas y patrimonio&quot; y nos llev\u00f3 a reflexionar que &quot;la lectura es un derecho&quot; y que la lectura est\u00e1 m\u00e1s all\u00e1 de los libros.\" class=\"yoast-seo-meta-tag\" \/>\n<meta property=\"og:url\" content=\"https:\/\/dev.explora.cl\/rios\/par-explora-los-rios-se-sumo-a-la-conversacion-en-el-dia-del-patrimonio-en-casa\/\" class=\"yoast-seo-meta-tag\" \/>\n<meta property=\"og:site_name\" content=\"Los R\u00edos\" class=\"yoast-seo-meta-tag\" \/>\n<meta property=\"article:published_time\" content=\"2020-06-01T21:24:05+00:00\" class=\"yoast-seo-meta-tag\" \/>\n<meta property=\"article:modified_time\" content=\"2020-06-09T21:31:59+00:00\" class=\"yoast-seo-meta-tag\" \/>\n<meta property=\"og:image\" content=\"https:\/\/dev.explora.cl\/rios\/wp-content\/uploads\/sites\/16\/2020\/05\/explora_en_casa_LosRios-01-e1590677385663.png\" class=\"yoast-seo-meta-tag\" \/>\n\t<meta property=\"og:image:width\" content=\"680\" class=\"yoast-seo-meta-tag\" \/>\n\t<meta property=\"og:image:height\" content=\"680\" class=\"yoast-seo-meta-tag\" \/>\n\t<meta property=\"og:image:type\" content=\"image\/png\" class=\"yoast-seo-meta-tag\" \/>\n<meta name=\"author\" content=\"smancilla\" class=\"yoast-seo-meta-tag\" \/>\n<meta name=\"twitter:card\" content=\"summary_large_image\" class=\"yoast-seo-meta-tag\" \/>\n<meta name=\"twitter:label1\" content=\"Escrito por\" class=\"yoast-seo-meta-tag\" \/>\n\t<meta name=\"twitter:data1\" content=\"smancilla\" class=\"yoast-seo-meta-tag\" \/>\n\t<meta name=\"twitter:label2\" content=\"Tiempo estimado de lectura\" class=\"yoast-seo-meta-tag\" \/>\n\t<meta name=\"twitter:data2\" content=\"1 minuto\" class=\"yoast-seo-meta-tag\" \/>\n<script type=\"application\/ld+json\" class=\"yoast-schema-graph\">{\"@context\":\"https:\/\/schema.org\",\"@graph\":[{\"@type\":\"Article\",\"@id\":\"https:\/\/dev.explora.cl\/rios\/par-explora-los-rios-se-sumo-a-la-conversacion-en-el-dia-del-patrimonio-en-casa\/#article\",\"isPartOf\":{\"@id\":\"https:\/\/dev.explora.cl\/rios\/par-explora-los-rios-se-sumo-a-la-conversacion-en-el-dia-del-patrimonio-en-casa\/\"},\"author\":{\"name\":\"smancilla\",\"@id\":\"https:\/\/dev.explora.cl\/rios\/#\/schema\/person\/279896208736d277e75690dde6cc1ea9\"},\"headline\":\"PAR Explora Los R\u00edos se sum\u00f3 a la conversaci\u00f3n en el D\u00eda del Patrimonio en Casa\",\"datePublished\":\"2020-06-01T21:24:05+00:00\",\"dateModified\":\"2020-06-09T21:31:59+00:00\",\"mainEntityOfPage\":{\"@id\":\"https:\/\/dev.explora.cl\/rios\/par-explora-los-rios-se-sumo-a-la-conversacion-en-el-dia-del-patrimonio-en-casa\/\"},\"wordCount\":130,\"commentCount\":0,\"image\":{\"@id\":\"https:\/\/dev.explora.cl\/rios\/par-explora-los-rios-se-sumo-a-la-conversacion-en-el-dia-del-patrimonio-en-casa\/#primaryimage\"},\"thumbnailUrl\":\"https:\/\/dev.explora.cl\/rios\/wp-content\/uploads\/sites\/16\/2020\/05\/explora_en_casa_LosRios-01-e1590677385663.png\",\"keywords\":[\"bibliotecas\",\"d\u00eda del patrimonio\",\"lectura\"],\"articleSection\":[\"Lugar 8\",\"Video\"],\"inLanguage\":\"es-CL\",\"potentialAction\":[{\"@type\":\"CommentAction\",\"name\":\"Comment\",\"target\":[\"https:\/\/dev.explora.cl\/rios\/par-explora-los-rios-se-sumo-a-la-conversacion-en-el-dia-del-patrimonio-en-casa\/#respond\"]}]},{\"@type\":\"WebPage\",\"@id\":\"https:\/\/dev.explora.cl\/rios\/par-explora-los-rios-se-sumo-a-la-conversacion-en-el-dia-del-patrimonio-en-casa\/\",\"url\":\"https:\/\/dev.explora.cl\/rios\/par-explora-los-rios-se-sumo-a-la-conversacion-en-el-dia-del-patrimonio-en-casa\/\",\"name\":\"PAR Explora Los R\u00edos se sum\u00f3 a la conversaci\u00f3n en el D\u00eda del Patrimonio en Casa - Los R\u00edos\",\"isPartOf\":{\"@id\":\"https:\/\/dev.explora.cl\/rios\/#website\"},\"primaryImageOfPage\":{\"@id\":\"https:\/\/dev.explora.cl\/rios\/par-explora-los-rios-se-sumo-a-la-conversacion-en-el-dia-del-patrimonio-en-casa\/#primaryimage\"},\"image\":{\"@id\":\"https:\/\/dev.explora.cl\/rios\/par-explora-los-rios-se-sumo-a-la-conversacion-en-el-dia-del-patrimonio-en-casa\/#primaryimage\"},\"thumbnailUrl\":\"https:\/\/dev.explora.cl\/rios\/wp-content\/uploads\/sites\/16\/2020\/05\/explora_en_casa_LosRios-01-e1590677385663.png\",\"datePublished\":\"2020-06-01T21:24:05+00:00\",\"dateModified\":\"2020-06-09T21:31:59+00:00\",\"author\":{\"@id\":\"https:\/\/dev.explora.cl\/rios\/#\/schema\/person\/279896208736d277e75690dde6cc1ea9\"},\"breadcrumb\":{\"@id\":\"https:\/\/dev.explora.cl\/rios\/par-explora-los-rios-se-sumo-a-la-conversacion-en-el-dia-del-patrimonio-en-casa\/#breadcrumb\"},\"inLanguage\":\"es-CL\",\"potentialAction\":[{\"@type\":\"ReadAction\",\"target\":[\"https:\/\/dev.explora.cl\/rios\/par-explora-los-rios-se-sumo-a-la-conversacion-en-el-dia-del-patrimonio-en-casa\/\"]}]},{\"@type\":\"ImageObject\",\"inLanguage\":\"es-CL\",\"@id\":\"https:\/\/dev.explora.cl\/rios\/par-explora-los-rios-se-sumo-a-la-conversacion-en-el-dia-del-patrimonio-en-casa\/#primaryimage\",\"url\":\"https:\/\/dev.explora.cl\/rios\/wp-content\/uploads\/sites\/16\/2020\/05\/explora_en_casa_LosRios-01-e1590677385663.png\",\"contentUrl\":\"https:\/\/dev.explora.cl\/rios\/wp-content\/uploads\/sites\/16\/2020\/05\/explora_en_casa_LosRios-01-e1590677385663.png\",\"width\":680,\"height\":680},{\"@type\":\"BreadcrumbList\",\"@id\":\"https:\/\/dev.explora.cl\/rios\/par-explora-los-rios-se-sumo-a-la-conversacion-en-el-dia-del-patrimonio-en-casa\/#breadcrumb\",\"itemListElement\":[{\"@type\":\"ListItem\",\"position\":1,\"name\":\"Portada\",\"item\":\"https:\/\/dev.explora.cl\/rios\/\"},{\"@type\":\"ListItem\",\"position\":2,\"name\":\"PAR Explora Los R\u00edos se sum\u00f3 a la conversaci\u00f3n en el D\u00eda del Patrimonio en Casa\"}]},{\"@type\":\"WebSite\",\"@id\":\"https:\/\/dev.explora.cl\/rios\/#website\",\"url\":\"https:\/\/dev.explora.cl\/rios\/\",\"name\":\"Los R\u00edos\",\"description\":\"Otro sitio m\u00e1s de dev.explora.cl\",\"potentialAction\":[{\"@type\":\"SearchAction\",\"target\":{\"@type\":\"EntryPoint\",\"urlTemplate\":\"https:\/\/dev.explora.cl\/rios\/?s={search_term_string}\"},\"query-input\":{\"@type\":\"PropertyValueSpecification\",\"valueRequired\":true,\"valueName\":\"search_term_string\"}}],\"inLanguage\":\"es-CL\"},{\"@type\":\"Person\",\"@id\":\"https:\/\/dev.explora.cl\/rios\/#\/schema\/person\/279896208736d277e75690dde6cc1ea9\",\"name\":\"smancilla\",\"image\":{\"@type\":\"ImageObject\",\"inLanguage\":\"es-CL\",\"@id\":\"https:\/\/dev.explora.cl\/rios\/#\/schema\/person\/image\/\",\"url\":\"https:\/\/secure.gravatar.com\/avatar\/a1c7f8b1dd453e8facadec2bf18354190c777b5556feaaadfa0f6a129ab9b015?s=96&d=mm&r=g\",\"contentUrl\":\"https:\/\/secure.gravatar.com\/avatar\/a1c7f8b1dd453e8facadec2bf18354190c777b5556feaaadfa0f6a129ab9b015?s=96&d=mm&r=g\",\"caption\":\"smancilla\"},\"url\":\"https:\/\/dev.explora.cl\/rios\/author\/smancilla\/\"}]}<\/script>\n<!-- \/ Yoast SEO plugin. -->","yoast_head_json":{"title":"PAR Explora Los R\u00edos se sum\u00f3 a la conversaci\u00f3n en el D\u00eda del Patrimonio en Casa - Los R\u00edos","robots":{"index":"index","follow":"follow","max-snippet":"max-snippet:-1","max-image-preview":"max-image-preview:large","max-video-preview":"max-video-preview:-1"},"canonical":"https:\/\/dev.explora.cl\/rios\/par-explora-los-rios-se-sumo-a-la-conversacion-en-el-dia-del-patrimonio-en-casa\/","og_locale":"es_ES","og_type":"article","og_title":"PAR Explora Los R\u00edos se sum\u00f3 a la conversaci\u00f3n en el D\u00eda del Patrimonio en Casa - Los R\u00edos","og_description":"Este viernes 29 de mayo el PAR Explora Los R\u00edos se sum\u00f3 al D\u00eda del Patrimonio en Casa siendo parte de la marat\u00f3nica jornada colaborativa de los PAR Explora de todo Chile. En la ocasi\u00f3n se desarrollaron charlas y conversaciones desde las 14:30 a las 20:00 horas. En el caso de nuestra regi\u00f3n se invit\u00f3 a Luc\u00eda Abello A., Coordinadora Regional de Bibliotecas P\u00fablicas, quien convers\u00f3 sobre \"lecturas y patrimonio\" y nos llev\u00f3 a reflexionar que \"la lectura es un derecho\" y que la lectura est\u00e1 m\u00e1s all\u00e1 de los libros.","og_url":"https:\/\/dev.explora.cl\/rios\/par-explora-los-rios-se-sumo-a-la-conversacion-en-el-dia-del-patrimonio-en-casa\/","og_site_name":"Los R\u00edos","article_published_time":"2020-06-01T21:24:05+00:00","article_modified_time":"2020-06-09T21:31:59+00:00","og_image":[{"width":680,"height":680,"url":"https:\/\/dev.explora.cl\/rios\/wp-content\/uploads\/sites\/16\/2020\/05\/explora_en_casa_LosRios-01-e1590677385663.png","type":"image\/png"}],"author":"smancilla","twitter_card":"summary_large_image","twitter_misc":{"Escrito por":"smancilla","Tiempo estimado de lectura":"1 minuto"},"schema":{"@context":"https:\/\/schema.org","@graph":[{"@type":"Article","@id":"https:\/\/dev.explora.cl\/rios\/par-explora-los-rios-se-sumo-a-la-conversacion-en-el-dia-del-patrimonio-en-casa\/#article","isPartOf":{"@id":"https:\/\/dev.explora.cl\/rios\/par-explora-los-rios-se-sumo-a-la-conversacion-en-el-dia-del-patrimonio-en-casa\/"},"author":{"name":"smancilla","@id":"https:\/\/dev.explora.cl\/rios\/#\/schema\/person\/279896208736d277e75690dde6cc1ea9"},"headline":"PAR Explora Los R\u00edos se sum\u00f3 a la conversaci\u00f3n en el D\u00eda del Patrimonio en Casa","datePublished":"2020-06-01T21:24:05+00:00","dateModified":"2020-06-09T21:31:59+00:00","mainEntityOfPage":{"@id":"https:\/\/dev.explora.cl\/rios\/par-explora-los-rios-se-sumo-a-la-conversacion-en-el-dia-del-patrimonio-en-casa\/"},"wordCount":130,"commentCount":0,"image":{"@id":"https:\/\/dev.explora.cl\/rios\/par-explora-los-rios-se-sumo-a-la-conversacion-en-el-dia-del-patrimonio-en-casa\/#primaryimage"},"thumbnailUrl":"https:\/\/dev.explora.cl\/rios\/wp-content\/uploads\/sites\/16\/2020\/05\/explora_en_casa_LosRios-01-e1590677385663.png","keywords":["bibliotecas","d\u00eda del patrimonio","lectura"],"articleSection":["Lugar 8","Video"],"inLanguage":"es-CL","potentialAction":[{"@type":"CommentAction","name":"Comment","target":["https:\/\/dev.explora.cl\/rios\/par-explora-los-rios-se-sumo-a-la-conversacion-en-el-dia-del-patrimonio-en-casa\/#respond"]}]},{"@type":"WebPage","@id":"https:\/\/dev.explora.cl\/rios\/par-explora-los-rios-se-sumo-a-la-conversacion-en-el-dia-del-patrimonio-en-casa\/","url":"https:\/\/dev.explora.cl\/rios\/par-explora-los-rios-se-sumo-a-la-conversacion-en-el-dia-del-patrimonio-en-casa\/","name":"PAR Explora Los R\u00edos se sum\u00f3 a la conversaci\u00f3n en el D\u00eda del Patrimonio en Casa - Los R\u00edos","isPartOf":{"@id":"https:\/\/dev.explora.cl\/rios\/#website"},"primaryImageOfPage":{"@id":"https:\/\/dev.explora.cl\/rios\/par-explora-los-rios-se-sumo-a-la-conversacion-en-el-dia-del-patrimonio-en-casa\/#primaryimage"},"image":{"@id":"https:\/\/dev.explora.cl\/rios\/par-explora-los-rios-se-sumo-a-la-conversacion-en-el-dia-del-patrimonio-en-casa\/#primaryimage"},"thumbnailUrl":"https:\/\/dev.explora.cl\/rios\/wp-content\/uploads\/sites\/16\/2020\/05\/explora_en_casa_LosRios-01-e1590677385663.png","datePublished":"2020-06-01T21:24:05+00:00","dateModified":"2020-06-09T21:31:59+00:00","author":{"@id":"https:\/\/dev.explora.cl\/rios\/#\/schema\/person\/279896208736d277e75690dde6cc1ea9"},"breadcrumb":{"@id":"https:\/\/dev.explora.cl\/rios\/par-explora-los-rios-se-sumo-a-la-conversacion-en-el-dia-del-patrimonio-en-casa\/#breadcrumb"},"inLanguage":"es-CL","potentialAction":[{"@type":"ReadAction","target":["https:\/\/dev.explora.cl\/rios\/par-explora-los-rios-se-sumo-a-la-conversacion-en-el-dia-del-patrimonio-en-casa\/"]}]},{"@type":"ImageObject","inLanguage":"es-CL","@id":"https:\/\/dev.explora.cl\/rios\/par-explora-los-rios-se-sumo-a-la-conversacion-en-el-dia-del-patrimonio-en-casa\/#primaryimage","url":"https:\/\/dev.explora.cl\/rios\/wp-content\/uploads\/sites\/16\/2020\/05\/explora_en_casa_LosRios-01-e1590677385663.png","contentUrl":"https:\/\/dev.explora.cl\/rios\/wp-content\/uploads\/sites\/16\/2020\/05\/explora_en_casa_LosRios-01-e1590677385663.png","width":680,"height":680},{"@type":"BreadcrumbList","@id":"https:\/\/dev.explora.cl\/rios\/par-explora-los-rios-se-sumo-a-la-conversacion-en-el-dia-del-patrimonio-en-casa\/#breadcrumb","itemListElement":[{"@type":"ListItem","position":1,"name":"Portada","item":"https:\/\/dev.explora.cl\/rios\/"},{"@type":"ListItem","position":2,"name":"PAR Explora Los R\u00edos se sum\u00f3 a la conversaci\u00f3n en el D\u00eda del Patrimonio en Casa"}]},{"@type":"WebSite","@id":"https:\/\/dev.explora.cl\/rios\/#website","url":"https:\/\/dev.explora.cl\/rios\/","name":"Los R\u00edos","description":"Otro sitio m\u00e1s de dev.explora.cl","potentialAction":[{"@type":"SearchAction","target":{"@type":"EntryPoint","urlTemplate":"https:\/\/dev.explora.cl\/rios\/?s={search_term_string}"},"query-input":{"@type":"PropertyValueSpecification","valueRequired":true,"valueName":"search_term_string"}}],"inLanguage":"es-CL"},{"@type":"Person","@id":"https:\/\/dev.explora.cl\/rios\/#\/schema\/person\/279896208736d277e75690dde6cc1ea9","name":"smancilla","image":{"@type":"ImageObject","inLanguage":"es-CL","@id":"https:\/\/dev.explora.cl\/rios\/#\/schema\/person\/image\/","url":"https:\/\/secure.gravatar.com\/avatar\/a1c7f8b1dd453e8facadec2bf18354190c777b5556feaaadfa0f6a129ab9b015?s=96&d=mm&r=g","contentUrl":"https:\/\/secure.gravatar.com\/avatar\/a1c7f8b1dd453e8facadec2bf18354190c777b5556feaaadfa0f6a129ab9b015?s=96&d=mm&r=g","caption":"smancilla"},"url":"https:\/\/dev.explora.cl\/rios\/author\/smancilla\/"}]}},"_links":{"self":[{"href":"https:\/\/dev.explora.cl\/rios\/wp-json\/wp\/v2\/posts\/39021","targetHints":{"allow":["GET"]}}],"collection":[{"href":"https:\/\/dev.explora.cl\/rios\/wp-json\/wp\/v2\/posts"}],"about":[{"href":"https:\/\/dev.explora.cl\/rios\/wp-json\/wp\/v2\/types\/post"}],"author":[{"embeddable":true,"href":"https:\/\/dev.explora.cl\/rios\/wp-json\/wp\/v2\/users\/31"}],"replies":[{"embeddable":true,"href":"https:\/\/dev.explora.cl\/rios\/wp-json\/wp\/v2\/comments?post=39021"}],"version-history":[{"count":1,"href":"https:\/\/dev.explora.cl\/rios\/wp-json\/wp\/v2\/posts\/39021\/revisions"}],"predecessor-version":[{"id":39024,"href":"https:\/\/dev.explora.cl\/rios\/wp-json\/wp\/v2\/posts\/39021\/revisions\/39024"}],"wp:featuredmedia":[{"embeddable":true,"href":"https:\/\/dev.explora.cl\/rios\/wp-json\/wp\/v2\/media\/39017"}],"wp:attachment":[{"href":"https:\/\/dev.explora.cl\/rios\/wp-json\/wp\/v2\/media?parent=39021"}],"wp:term":[{"taxonomy":"category","embeddable":true,"href":"https:\/\/dev.explora.cl\/rios\/wp-json\/wp\/v2\/categories?post=39021"},{"taxonomy":"post_tag","embeddable":true,"href":"https:\/\/dev.explora.cl\/rios\/wp-json\/wp\/v2\/tags?post=39021"}],"curies":[{"name":"wp","href":"https:\/\/api.w.org\/{rel}","templated":true}]}}