{"id":38915,"date":"2020-04-27T12:40:01","date_gmt":"2020-04-27T16:40:01","guid":{"rendered":"https:\/\/dev.explora.cl\/rios\/?p=38915"},"modified":"2020-06-01T17:28:59","modified_gmt":"2020-06-01T21:28:59","slug":"video-como-afectan-el-cambio-de-hora-y-la-cuarentena-al-sueno","status":"publish","type":"post","link":"https:\/\/dev.explora.cl\/rios\/video-como-afectan-el-cambio-de-hora-y-la-cuarentena-al-sueno\/","title":{"rendered":"Video: \u00bfC\u00f3mo afectan el cambio de hora y la cuarentena al sue\u00f1o?"},"content":{"rendered":"<p>Conversamos con la Dra. Claudia Torres- Farf\u00e1n, investigadora de la Facultad de Medicina de la Universidad Austral de Chile sobre el sue\u00f1o, c\u00f3mo le afecta los cambios de luz, nuestras rutinas y la contingencia en cuarentena.<\/p>\n<div id=\"fb-root\"><\/div>\n<p><script async=\"1\" defer=\"1\" crossorigin=\"anonymous\" src=\"https:\/\/connect.facebook.net\/en_US\/sdk.js#xfbml=1&amp;version=v6.0\"><\/script><\/p>\n<div class=\"fb-video\" data-href=\"https:\/\/www.facebook.com\/572061129491393\/videos\/169484524224757\/\" data-width=\"1180\">\n<blockquote cite=\"https:\/\/www.facebook.com\/PARexploraRios\/videos\/169484524224757\/\" class=\"fb-xfbml-parse-ignore\"><p><a href=\"https:\/\/www.facebook.com\/PARexploraRios\/videos\/169484524224757\/\">\u00bfC\u00f3mo afecta el cambio de horario y la cuarentena al sue\u00f1o?<\/a><\/p>\n<p>[\ud83d\udd34EN VIVO] \u00bfC\u00f3mo afecta el cambio de horario y la cuarentena al sue\u00f1o? Conversamos en vivo con la Dra. Claudia Torres- Farf\u00e1n \u00a1Deja un comentario con tus preguntas!<\/p>\n<p>Posted by <a href=\"https:\/\/www.facebook.com\/PARexploraRios\/\">PAR Explora Los R\u00edos<\/a> on Wednesday, April 15, 2020<\/p><\/blockquote>\n<\/div>\n","protected":false},"excerpt":{"rendered":"<p>Conversamos con la Dra. Claudia Torres- Farf\u00e1n, investigadora de la Facultad de Medicina de la Universidad Austral de Chile sobre el sue\u00f1o, c\u00f3mo le afecta los cambios de luz, nuestras rutinas y la contingencia en cuarentena.<\/p>\n","protected":false},"author":31,"featured_media":38916,"comment_status":"open","ping_status":"open","sticky":false,"template":"","format":"standard","meta":{"_acf_changed":false,"_exactmetrics_skip_tracking":false,"_exactmetrics_sitenote_active":false,"_exactmetrics_sitenote_note":"","_exactmetrics_sitenote_category":0,"footnotes":"","_links_to":"","_links_to_target":""},"categories":[143,4,6],"tags":[210,336,333,261,334,335],"class_list":["post-38915","post","type-post","status-publish","format-standard","has-post-thumbnail","hentry","category-lugar-8","category-noticias","category-video","tag-charla","tag-en-vivo","tag-live","tag-medicina","tag-streaming","tag-sueno"],"acf":[],"yoast_head":"<!-- This site is optimized with the Yoast SEO plugin v26.7 - https:\/\/yoast.com\/wordpress\/plugins\/seo\/ -->\n<title>Video: \u00bfC\u00f3mo afectan el cambio de hora y la cuarentena al sue\u00f1o? - Los R\u00edos<\/title>\n<meta name=\"robots\" content=\"index, follow, max-snippet:-1, max-image-preview:large, max-video-preview:-1\" \/>\n<link rel=\"canonical\" href=\"https:\/\/dev.explora.cl\/rios\/video-como-afectan-el-cambio-de-hora-y-la-cuarentena-al-sueno\/\" class=\"yoast-seo-meta-tag\" \/>\n<meta property=\"og:locale\" content=\"es_ES\" class=\"yoast-seo-meta-tag\" \/>\n<meta property=\"og:type\" content=\"article\" class=\"yoast-seo-meta-tag\" \/>\n<meta property=\"og:title\" content=\"Video: \u00bfC\u00f3mo afectan el cambio de hora y la cuarentena al sue\u00f1o? - Los R\u00edos\" class=\"yoast-seo-meta-tag\" \/>\n<meta property=\"og:description\" content=\"Conversamos con la Dra. Claudia Torres- Farf\u00e1n, investigadora de la Facultad de Medicina de la Universidad Austral de Chile sobre el sue\u00f1o, c\u00f3mo le afecta los cambios de luz, nuestras rutinas y la contingencia en cuarentena.\" class=\"yoast-seo-meta-tag\" \/>\n<meta property=\"og:url\" content=\"https:\/\/dev.explora.cl\/rios\/video-como-afectan-el-cambio-de-hora-y-la-cuarentena-al-sueno\/\" class=\"yoast-seo-meta-tag\" \/>\n<meta property=\"og:site_name\" content=\"Los R\u00edos\" class=\"yoast-seo-meta-tag\" \/>\n<meta property=\"article:published_time\" content=\"2020-04-27T16:40:01+00:00\" class=\"yoast-seo-meta-tag\" \/>\n<meta property=\"article:modified_time\" content=\"2020-06-01T21:28:59+00:00\" class=\"yoast-seo-meta-tag\" \/>\n<meta property=\"og:image\" content=\"https:\/\/dev.explora.cl\/rios\/wp-content\/uploads\/sites\/16\/2020\/04\/Captura-de-Pantalla-2020-04-27-a-las-12.28.41.png\" class=\"yoast-seo-meta-tag\" \/>\n\t<meta property=\"og:image:width\" content=\"1185\" class=\"yoast-seo-meta-tag\" \/>\n\t<meta property=\"og:image:height\" content=\"666\" class=\"yoast-seo-meta-tag\" \/>\n\t<meta property=\"og:image:type\" content=\"image\/png\" class=\"yoast-seo-meta-tag\" \/>\n<meta name=\"author\" content=\"smancilla\" class=\"yoast-seo-meta-tag\" \/>\n<meta name=\"twitter:card\" content=\"summary_large_image\" class=\"yoast-seo-meta-tag\" \/>\n<meta name=\"twitter:label1\" content=\"Escrito por\" class=\"yoast-seo-meta-tag\" \/>\n\t<meta name=\"twitter:data1\" content=\"smancilla\" class=\"yoast-seo-meta-tag\" \/>\n<script type=\"application\/ld+json\" class=\"yoast-schema-graph\">{\"@context\":\"https:\/\/schema.org\",\"@graph\":[{\"@type\":\"Article\",\"@id\":\"https:\/\/dev.explora.cl\/rios\/video-como-afectan-el-cambio-de-hora-y-la-cuarentena-al-sueno\/#article\",\"isPartOf\":{\"@id\":\"https:\/\/dev.explora.cl\/rios\/video-como-afectan-el-cambio-de-hora-y-la-cuarentena-al-sueno\/\"},\"author\":{\"name\":\"smancilla\",\"@id\":\"https:\/\/dev.explora.cl\/rios\/#\/schema\/person\/279896208736d277e75690dde6cc1ea9\"},\"headline\":\"Video: \u00bfC\u00f3mo afectan el cambio de hora y la cuarentena al sue\u00f1o?\",\"datePublished\":\"2020-04-27T16:40:01+00:00\",\"dateModified\":\"2020-06-01T21:28:59+00:00\",\"mainEntityOfPage\":{\"@id\":\"https:\/\/dev.explora.cl\/rios\/video-como-afectan-el-cambio-de-hora-y-la-cuarentena-al-sueno\/\"},\"wordCount\":58,\"commentCount\":0,\"image\":{\"@id\":\"https:\/\/dev.explora.cl\/rios\/video-como-afectan-el-cambio-de-hora-y-la-cuarentena-al-sueno\/#primaryimage\"},\"thumbnailUrl\":\"https:\/\/dev.explora.cl\/rios\/wp-content\/uploads\/sites\/16\/2020\/04\/Captura-de-Pantalla-2020-04-27-a-las-12.28.41.png\",\"keywords\":[\"charla\",\"en vivo\",\"live\",\"medicina\",\"streaming\",\"sue\u00f1o\"],\"articleSection\":[\"Lugar 8\",\"Noticias\",\"Video\"],\"inLanguage\":\"es-CL\",\"potentialAction\":[{\"@type\":\"CommentAction\",\"name\":\"Comment\",\"target\":[\"https:\/\/dev.explora.cl\/rios\/video-como-afectan-el-cambio-de-hora-y-la-cuarentena-al-sueno\/#respond\"]}]},{\"@type\":\"WebPage\",\"@id\":\"https:\/\/dev.explora.cl\/rios\/video-como-afectan-el-cambio-de-hora-y-la-cuarentena-al-sueno\/\",\"url\":\"https:\/\/dev.explora.cl\/rios\/video-como-afectan-el-cambio-de-hora-y-la-cuarentena-al-sueno\/\",\"name\":\"Video: \u00bfC\u00f3mo afectan el cambio de hora y la cuarentena al sue\u00f1o? - Los R\u00edos\",\"isPartOf\":{\"@id\":\"https:\/\/dev.explora.cl\/rios\/#website\"},\"primaryImageOfPage\":{\"@id\":\"https:\/\/dev.explora.cl\/rios\/video-como-afectan-el-cambio-de-hora-y-la-cuarentena-al-sueno\/#primaryimage\"},\"image\":{\"@id\":\"https:\/\/dev.explora.cl\/rios\/video-como-afectan-el-cambio-de-hora-y-la-cuarentena-al-sueno\/#primaryimage\"},\"thumbnailUrl\":\"https:\/\/dev.explora.cl\/rios\/wp-content\/uploads\/sites\/16\/2020\/04\/Captura-de-Pantalla-2020-04-27-a-las-12.28.41.png\",\"datePublished\":\"2020-04-27T16:40:01+00:00\",\"dateModified\":\"2020-06-01T21:28:59+00:00\",\"author\":{\"@id\":\"https:\/\/dev.explora.cl\/rios\/#\/schema\/person\/279896208736d277e75690dde6cc1ea9\"},\"breadcrumb\":{\"@id\":\"https:\/\/dev.explora.cl\/rios\/video-como-afectan-el-cambio-de-hora-y-la-cuarentena-al-sueno\/#breadcrumb\"},\"inLanguage\":\"es-CL\",\"potentialAction\":[{\"@type\":\"ReadAction\",\"target\":[\"https:\/\/dev.explora.cl\/rios\/video-como-afectan-el-cambio-de-hora-y-la-cuarentena-al-sueno\/\"]}]},{\"@type\":\"ImageObject\",\"inLanguage\":\"es-CL\",\"@id\":\"https:\/\/dev.explora.cl\/rios\/video-como-afectan-el-cambio-de-hora-y-la-cuarentena-al-sueno\/#primaryimage\",\"url\":\"https:\/\/dev.explora.cl\/rios\/wp-content\/uploads\/sites\/16\/2020\/04\/Captura-de-Pantalla-2020-04-27-a-las-12.28.41.png\",\"contentUrl\":\"https:\/\/dev.explora.cl\/rios\/wp-content\/uploads\/sites\/16\/2020\/04\/Captura-de-Pantalla-2020-04-27-a-las-12.28.41.png\",\"width\":1185,\"height\":666},{\"@type\":\"BreadcrumbList\",\"@id\":\"https:\/\/dev.explora.cl\/rios\/video-como-afectan-el-cambio-de-hora-y-la-cuarentena-al-sueno\/#breadcrumb\",\"itemListElement\":[{\"@type\":\"ListItem\",\"position\":1,\"name\":\"Portada\",\"item\":\"https:\/\/dev.explora.cl\/rios\/\"},{\"@type\":\"ListItem\",\"position\":2,\"name\":\"Video: \u00bfC\u00f3mo afectan el cambio de hora y la cuarentena al sue\u00f1o?\"}]},{\"@type\":\"WebSite\",\"@id\":\"https:\/\/dev.explora.cl\/rios\/#website\",\"url\":\"https:\/\/dev.explora.cl\/rios\/\",\"name\":\"Los R\u00edos\",\"description\":\"Otro sitio m\u00e1s de dev.explora.cl\",\"potentialAction\":[{\"@type\":\"SearchAction\",\"target\":{\"@type\":\"EntryPoint\",\"urlTemplate\":\"https:\/\/dev.explora.cl\/rios\/?s={search_term_string}\"},\"query-input\":{\"@type\":\"PropertyValueSpecification\",\"valueRequired\":true,\"valueName\":\"search_term_string\"}}],\"inLanguage\":\"es-CL\"},{\"@type\":\"Person\",\"@id\":\"https:\/\/dev.explora.cl\/rios\/#\/schema\/person\/279896208736d277e75690dde6cc1ea9\",\"name\":\"smancilla\",\"image\":{\"@type\":\"ImageObject\",\"inLanguage\":\"es-CL\",\"@id\":\"https:\/\/dev.explora.cl\/rios\/#\/schema\/person\/image\/\",\"url\":\"https:\/\/secure.gravatar.com\/avatar\/a1c7f8b1dd453e8facadec2bf18354190c777b5556feaaadfa0f6a129ab9b015?s=96&d=mm&r=g\",\"contentUrl\":\"https:\/\/secure.gravatar.com\/avatar\/a1c7f8b1dd453e8facadec2bf18354190c777b5556feaaadfa0f6a129ab9b015?s=96&d=mm&r=g\",\"caption\":\"smancilla\"},\"url\":\"https:\/\/dev.explora.cl\/rios\/author\/smancilla\/\"}]}<\/script>\n<!-- \/ Yoast SEO plugin. -->","yoast_head_json":{"title":"Video: \u00bfC\u00f3mo afectan el cambio de hora y la cuarentena al sue\u00f1o? - Los R\u00edos","robots":{"index":"index","follow":"follow","max-snippet":"max-snippet:-1","max-image-preview":"max-image-preview:large","max-video-preview":"max-video-preview:-1"},"canonical":"https:\/\/dev.explora.cl\/rios\/video-como-afectan-el-cambio-de-hora-y-la-cuarentena-al-sueno\/","og_locale":"es_ES","og_type":"article","og_title":"Video: \u00bfC\u00f3mo afectan el cambio de hora y la cuarentena al sue\u00f1o? - Los R\u00edos","og_description":"Conversamos con la Dra. Claudia Torres- Farf\u00e1n, investigadora de la Facultad de Medicina de la Universidad Austral de Chile sobre el sue\u00f1o, c\u00f3mo le afecta los cambios de luz, nuestras rutinas y la contingencia en cuarentena.","og_url":"https:\/\/dev.explora.cl\/rios\/video-como-afectan-el-cambio-de-hora-y-la-cuarentena-al-sueno\/","og_site_name":"Los R\u00edos","article_published_time":"2020-04-27T16:40:01+00:00","article_modified_time":"2020-06-01T21:28:59+00:00","og_image":[{"width":1185,"height":666,"url":"https:\/\/dev.explora.cl\/rios\/wp-content\/uploads\/sites\/16\/2020\/04\/Captura-de-Pantalla-2020-04-27-a-las-12.28.41.png","type":"image\/png"}],"author":"smancilla","twitter_card":"summary_large_image","twitter_misc":{"Escrito por":"smancilla"},"schema":{"@context":"https:\/\/schema.org","@graph":[{"@type":"Article","@id":"https:\/\/dev.explora.cl\/rios\/video-como-afectan-el-cambio-de-hora-y-la-cuarentena-al-sueno\/#article","isPartOf":{"@id":"https:\/\/dev.explora.cl\/rios\/video-como-afectan-el-cambio-de-hora-y-la-cuarentena-al-sueno\/"},"author":{"name":"smancilla","@id":"https:\/\/dev.explora.cl\/rios\/#\/schema\/person\/279896208736d277e75690dde6cc1ea9"},"headline":"Video: \u00bfC\u00f3mo afectan el cambio de hora y la cuarentena al sue\u00f1o?","datePublished":"2020-04-27T16:40:01+00:00","dateModified":"2020-06-01T21:28:59+00:00","mainEntityOfPage":{"@id":"https:\/\/dev.explora.cl\/rios\/video-como-afectan-el-cambio-de-hora-y-la-cuarentena-al-sueno\/"},"wordCount":58,"commentCount":0,"image":{"@id":"https:\/\/dev.explora.cl\/rios\/video-como-afectan-el-cambio-de-hora-y-la-cuarentena-al-sueno\/#primaryimage"},"thumbnailUrl":"https:\/\/dev.explora.cl\/rios\/wp-content\/uploads\/sites\/16\/2020\/04\/Captura-de-Pantalla-2020-04-27-a-las-12.28.41.png","keywords":["charla","en vivo","live","medicina","streaming","sue\u00f1o"],"articleSection":["Lugar 8","Noticias","Video"],"inLanguage":"es-CL","potentialAction":[{"@type":"CommentAction","name":"Comment","target":["https:\/\/dev.explora.cl\/rios\/video-como-afectan-el-cambio-de-hora-y-la-cuarentena-al-sueno\/#respond"]}]},{"@type":"WebPage","@id":"https:\/\/dev.explora.cl\/rios\/video-como-afectan-el-cambio-de-hora-y-la-cuarentena-al-sueno\/","url":"https:\/\/dev.explora.cl\/rios\/video-como-afectan-el-cambio-de-hora-y-la-cuarentena-al-sueno\/","name":"Video: \u00bfC\u00f3mo afectan el cambio de hora y la cuarentena al sue\u00f1o? - Los R\u00edos","isPartOf":{"@id":"https:\/\/dev.explora.cl\/rios\/#website"},"primaryImageOfPage":{"@id":"https:\/\/dev.explora.cl\/rios\/video-como-afectan-el-cambio-de-hora-y-la-cuarentena-al-sueno\/#primaryimage"},"image":{"@id":"https:\/\/dev.explora.cl\/rios\/video-como-afectan-el-cambio-de-hora-y-la-cuarentena-al-sueno\/#primaryimage"},"thumbnailUrl":"https:\/\/dev.explora.cl\/rios\/wp-content\/uploads\/sites\/16\/2020\/04\/Captura-de-Pantalla-2020-04-27-a-las-12.28.41.png","datePublished":"2020-04-27T16:40:01+00:00","dateModified":"2020-06-01T21:28:59+00:00","author":{"@id":"https:\/\/dev.explora.cl\/rios\/#\/schema\/person\/279896208736d277e75690dde6cc1ea9"},"breadcrumb":{"@id":"https:\/\/dev.explora.cl\/rios\/video-como-afectan-el-cambio-de-hora-y-la-cuarentena-al-sueno\/#breadcrumb"},"inLanguage":"es-CL","potentialAction":[{"@type":"ReadAction","target":["https:\/\/dev.explora.cl\/rios\/video-como-afectan-el-cambio-de-hora-y-la-cuarentena-al-sueno\/"]}]},{"@type":"ImageObject","inLanguage":"es-CL","@id":"https:\/\/dev.explora.cl\/rios\/video-como-afectan-el-cambio-de-hora-y-la-cuarentena-al-sueno\/#primaryimage","url":"https:\/\/dev.explora.cl\/rios\/wp-content\/uploads\/sites\/16\/2020\/04\/Captura-de-Pantalla-2020-04-27-a-las-12.28.41.png","contentUrl":"https:\/\/dev.explora.cl\/rios\/wp-content\/uploads\/sites\/16\/2020\/04\/Captura-de-Pantalla-2020-04-27-a-las-12.28.41.png","width":1185,"height":666},{"@type":"BreadcrumbList","@id":"https:\/\/dev.explora.cl\/rios\/video-como-afectan-el-cambio-de-hora-y-la-cuarentena-al-sueno\/#breadcrumb","itemListElement":[{"@type":"ListItem","position":1,"name":"Portada","item":"https:\/\/dev.explora.cl\/rios\/"},{"@type":"ListItem","position":2,"name":"Video: \u00bfC\u00f3mo afectan el cambio de hora y la cuarentena al sue\u00f1o?"}]},{"@type":"WebSite","@id":"https:\/\/dev.explora.cl\/rios\/#website","url":"https:\/\/dev.explora.cl\/rios\/","name":"Los R\u00edos","description":"Otro sitio m\u00e1s de dev.explora.cl","potentialAction":[{"@type":"SearchAction","target":{"@type":"EntryPoint","urlTemplate":"https:\/\/dev.explora.cl\/rios\/?s={search_term_string}"},"query-input":{"@type":"PropertyValueSpecification","valueRequired":true,"valueName":"search_term_string"}}],"inLanguage":"es-CL"},{"@type":"Person","@id":"https:\/\/dev.explora.cl\/rios\/#\/schema\/person\/279896208736d277e75690dde6cc1ea9","name":"smancilla","image":{"@type":"ImageObject","inLanguage":"es-CL","@id":"https:\/\/dev.explora.cl\/rios\/#\/schema\/person\/image\/","url":"https:\/\/secure.gravatar.com\/avatar\/a1c7f8b1dd453e8facadec2bf18354190c777b5556feaaadfa0f6a129ab9b015?s=96&d=mm&r=g","contentUrl":"https:\/\/secure.gravatar.com\/avatar\/a1c7f8b1dd453e8facadec2bf18354190c777b5556feaaadfa0f6a129ab9b015?s=96&d=mm&r=g","caption":"smancilla"},"url":"https:\/\/dev.explora.cl\/rios\/author\/smancilla\/"}]}},"_links":{"self":[{"href":"https:\/\/dev.explora.cl\/rios\/wp-json\/wp\/v2\/posts\/38915","targetHints":{"allow":["GET"]}}],"collection":[{"href":"https:\/\/dev.explora.cl\/rios\/wp-json\/wp\/v2\/posts"}],"about":[{"href":"https:\/\/dev.explora.cl\/rios\/wp-json\/wp\/v2\/types\/post"}],"author":[{"embeddable":true,"href":"https:\/\/dev.explora.cl\/rios\/wp-json\/wp\/v2\/users\/31"}],"replies":[{"embeddable":true,"href":"https:\/\/dev.explora.cl\/rios\/wp-json\/wp\/v2\/comments?post=38915"}],"version-history":[{"count":4,"href":"https:\/\/dev.explora.cl\/rios\/wp-json\/wp\/v2\/posts\/38915\/revisions"}],"predecessor-version":[{"id":38920,"href":"https:\/\/dev.explora.cl\/rios\/wp-json\/wp\/v2\/posts\/38915\/revisions\/38920"}],"wp:featuredmedia":[{"embeddable":true,"href":"https:\/\/dev.explora.cl\/rios\/wp-json\/wp\/v2\/media\/38916"}],"wp:attachment":[{"href":"https:\/\/dev.explora.cl\/rios\/wp-json\/wp\/v2\/media?parent=38915"}],"wp:term":[{"taxonomy":"category","embeddable":true,"href":"https:\/\/dev.explora.cl\/rios\/wp-json\/wp\/v2\/categories?post=38915"},{"taxonomy":"post_tag","embeddable":true,"href":"https:\/\/dev.explora.cl\/rios\/wp-json\/wp\/v2\/tags?post=38915"}],"curies":[{"name":"wp","href":"https:\/\/api.w.org\/{rel}","templated":true}]}}