{"id":38826,"date":"2020-03-06T16:26:40","date_gmt":"2020-03-06T19:26:40","guid":{"rendered":"https:\/\/dev.explora.cl\/rios\/?p=38826"},"modified":"2020-04-27T11:27:22","modified_gmt":"2020-04-27T15:27:22","slug":"docentes-y-educadoras-de-educacion-inicial-abriran-el-ano-de-talleres-explora","status":"publish","type":"post","link":"https:\/\/dev.explora.cl\/rios\/docentes-y-educadoras-de-educacion-inicial-abriran-el-ano-de-talleres-explora\/","title":{"rendered":"Docentes y educadoras de educaci\u00f3n inicial abrir\u00e1n el a\u00f1o de talleres Explora"},"content":{"rendered":"<p>[vc_row][vc_column width=&#8221;2\/3&#8243;][vc_message message_box_style=&#8221;3d&#8221; message_box_color=&#8221;danger&#8221; icon_fontawesome=&#8221;fa fa-exclamation-circle&#8221;]Lamentamos informar que esta actividad ha sido suspendida debido a la contingencia por COVID-19. Esperamos poder reprogramar esta iniciativa en el futuro.[\/vc_message][vc_column_text]<\/p>\n<h3>La capacitaci\u00f3n en ciencias se llevar\u00e1 a cabo los d\u00edas 25 y 26 de marzo en la Casa Luis Oyarz\u00fan de la Universidad Austral de Chile.<\/h3>\n<p>\u00bfC\u00f3mo crecen m\u00e1s las plantas, con luz o sin luz? \u00bfQu\u00e9 forma puede flotar m\u00e1s tiempo? Son algunas preguntas que se podr\u00edan hacer estudiantes de educaci\u00f3n parvularia y b\u00e1sica en una investigaci\u00f3n cient\u00edfica y que el PAR Explora Los R\u00edos del Ministerio de Ciencia, Tecnolog\u00eda, Conocimiento e Innovaci\u00f3n busca apoyar con un taller de capacitaci\u00f3n para educadoras\/es.<\/p>\n<p>El mi\u00e9rcoles 25 y jueves 26 de marzo se desarrollar\u00e1 esta iniciativa gratuita en la Casa Luis Oyarz\u00fan, Yungay 800, con la relator\u00eda de Wara Marcelo, bi\u00f3loga experta en el ciclo de indagaci\u00f3n.<\/p>\n<p>Esta iniciativa est\u00e1 destinada para educadoras\/es de p\u00e1rvulos, t\u00e9cnicos\/as en educaci\u00f3n inicial y profesores\/as de educaci\u00f3n b\u00e1sica primer ciclo. Para optar a participar de este taller es necesario llenar la ficha de inscripci\u00f3n disponible en la web del PAR Explora Los R\u00edos con sus datos hasta el martes 17 de marzo.<\/p>\n<p>Wara Marcelo es bi\u00f3loga y Msc. en ecolog\u00eda de la Universidad de Chile con m\u00e1s de 15 a\u00f1os de experiencia en la elaboraci\u00f3n y ejecuci\u00f3n de proyectos de educaci\u00f3n cient\u00edfica y medioambiental, realizando cursos, talleres y material educativo dirigidos a la comunidad. Durante su desarrollo profesional ha sido formada y se ha especializado en la metodolog\u00eda del Ciclo de Indagaci\u00f3n, dictando m\u00e1s de 20 talleres a lo largo de Chile.<\/p>\n<p>Cabe se\u00f1alar que esta es la primera iniciativa de capacitaci\u00f3n para docentes en 2020, pr\u00f3ximamente se anunciar\u00e1n nuevos talleres y la ejecuci\u00f3n del programa piloto de PIPE (Programa de Indagaci\u00f3n para Primeras Edades).[\/vc_column_text][vc_column width=&#8221;1\/4&#8243;][\/vc_column][\/vc_column][vc_column width=&#8221;1\/3&#8243;][vc_btn title=&#8221;Inscripciones&#8221; style=&#8221;custom&#8221; custom_background=&#8221;#ef310b&#8221; custom_text=&#8221;#efefef&#8221; link=&#8221;url:https%3A%2F%2Fforms.office.com%2FPages%2FResponsePage.aspx%3Fid%3DzxGbB6G8Y0SGwilo8oThnqmp2GEmIQRMndQoOT-670VUNlozVzI5Vzk4VU9KUzE3U1FSQkdUQzlWRi4u||target:%20_blank|&#8221;][\/vc_column][\/vc_row]<\/p>\n","protected":false},"excerpt":{"rendered":"<p>Podr\u00e1n participar educadoras\/es, t\u00e9cnicas\/os en Educaci\u00f3n Parvularia y profesores\/as de educaci\u00f3n b\u00e1sica 1\u00b0 ciclo de la Regi\u00f3n de Los R\u00edos.<\/p>\n","protected":false},"author":31,"featured_media":38827,"comment_status":"open","ping_status":"open","sticky":false,"template":"","format":"standard","meta":{"_acf_changed":false,"_exactmetrics_skip_tracking":false,"_exactmetrics_sitenote_active":false,"_exactmetrics_sitenote_note":"","_exactmetrics_sitenote_category":0,"footnotes":"","_links_to":"","_links_to_target":""},"categories":[4],"tags":[322,277,262,200],"class_list":["post-38826","post","type-post","status-publish","format-standard","has-post-thumbnail","hentry","category-noticias","tag-capacitaciones","tag-educacion-inicial","tag-educacion-parvularia","tag-taller"],"acf":[],"yoast_head":"<!-- This site is optimized with the Yoast SEO plugin v26.7 - https:\/\/yoast.com\/wordpress\/plugins\/seo\/ -->\n<title>Docentes y educadoras de educaci\u00f3n inicial abrir\u00e1n el a\u00f1o de talleres Explora - Los R\u00edos<\/title>\n<meta name=\"robots\" content=\"index, follow, max-snippet:-1, max-image-preview:large, max-video-preview:-1\" \/>\n<link rel=\"canonical\" href=\"https:\/\/dev.explora.cl\/rios\/docentes-y-educadoras-de-educacion-inicial-abriran-el-ano-de-talleres-explora\/\" class=\"yoast-seo-meta-tag\" \/>\n<meta property=\"og:locale\" content=\"es_ES\" class=\"yoast-seo-meta-tag\" \/>\n<meta property=\"og:type\" content=\"article\" class=\"yoast-seo-meta-tag\" \/>\n<meta property=\"og:title\" content=\"Docentes y educadoras de educaci\u00f3n inicial abrir\u00e1n el a\u00f1o de talleres Explora - Los R\u00edos\" class=\"yoast-seo-meta-tag\" \/>\n<meta property=\"og:description\" content=\"Podr\u00e1n participar educadoras\/es, t\u00e9cnicas\/os en Educaci\u00f3n Parvularia y profesores\/as de educaci\u00f3n b\u00e1sica 1\u00b0 ciclo de la Regi\u00f3n de Los R\u00edos.\" class=\"yoast-seo-meta-tag\" \/>\n<meta property=\"og:url\" content=\"https:\/\/dev.explora.cl\/rios\/docentes-y-educadoras-de-educacion-inicial-abriran-el-ano-de-talleres-explora\/\" class=\"yoast-seo-meta-tag\" \/>\n<meta property=\"og:site_name\" content=\"Los R\u00edos\" class=\"yoast-seo-meta-tag\" \/>\n<meta property=\"article:published_time\" content=\"2020-03-06T19:26:40+00:00\" class=\"yoast-seo-meta-tag\" \/>\n<meta property=\"article:modified_time\" content=\"2020-04-27T15:27:22+00:00\" class=\"yoast-seo-meta-tag\" \/>\n<meta property=\"og:image\" content=\"https:\/\/dev.explora.cl\/rios\/wp-content\/uploads\/sites\/16\/2020\/03\/trabajo.jpg\" class=\"yoast-seo-meta-tag\" \/>\n\t<meta property=\"og:image:width\" content=\"1616\" class=\"yoast-seo-meta-tag\" \/>\n\t<meta property=\"og:image:height\" content=\"1080\" class=\"yoast-seo-meta-tag\" \/>\n\t<meta property=\"og:image:type\" content=\"image\/jpeg\" class=\"yoast-seo-meta-tag\" \/>\n<meta name=\"author\" content=\"smancilla\" class=\"yoast-seo-meta-tag\" \/>\n<meta name=\"twitter:card\" content=\"summary_large_image\" class=\"yoast-seo-meta-tag\" \/>\n<meta name=\"twitter:label1\" content=\"Escrito por\" class=\"yoast-seo-meta-tag\" \/>\n\t<meta name=\"twitter:data1\" content=\"smancilla\" class=\"yoast-seo-meta-tag\" \/>\n\t<meta name=\"twitter:label2\" content=\"Tiempo estimado de lectura\" class=\"yoast-seo-meta-tag\" \/>\n\t<meta name=\"twitter:data2\" content=\"2 minutos\" class=\"yoast-seo-meta-tag\" \/>\n<script type=\"application\/ld+json\" class=\"yoast-schema-graph\">{\"@context\":\"https:\/\/schema.org\",\"@graph\":[{\"@type\":\"Article\",\"@id\":\"https:\/\/dev.explora.cl\/rios\/docentes-y-educadoras-de-educacion-inicial-abriran-el-ano-de-talleres-explora\/#article\",\"isPartOf\":{\"@id\":\"https:\/\/dev.explora.cl\/rios\/docentes-y-educadoras-de-educacion-inicial-abriran-el-ano-de-talleres-explora\/\"},\"author\":{\"name\":\"smancilla\",\"@id\":\"https:\/\/dev.explora.cl\/rios\/#\/schema\/person\/279896208736d277e75690dde6cc1ea9\"},\"headline\":\"Docentes y educadoras de educaci\u00f3n inicial abrir\u00e1n el a\u00f1o de talleres Explora\",\"datePublished\":\"2020-03-06T19:26:40+00:00\",\"dateModified\":\"2020-04-27T15:27:22+00:00\",\"mainEntityOfPage\":{\"@id\":\"https:\/\/dev.explora.cl\/rios\/docentes-y-educadoras-de-educacion-inicial-abriran-el-ano-de-talleres-explora\/\"},\"wordCount\":427,\"commentCount\":0,\"image\":{\"@id\":\"https:\/\/dev.explora.cl\/rios\/docentes-y-educadoras-de-educacion-inicial-abriran-el-ano-de-talleres-explora\/#primaryimage\"},\"thumbnailUrl\":\"https:\/\/dev.explora.cl\/rios\/wp-content\/uploads\/sites\/16\/2020\/03\/trabajo.jpg\",\"keywords\":[\"capacitaciones\",\"educaci\u00f3n inicial\",\"educaci\u00f3n parvularia\",\"taller\"],\"articleSection\":[\"Noticias\"],\"inLanguage\":\"es-CL\",\"potentialAction\":[{\"@type\":\"CommentAction\",\"name\":\"Comment\",\"target\":[\"https:\/\/dev.explora.cl\/rios\/docentes-y-educadoras-de-educacion-inicial-abriran-el-ano-de-talleres-explora\/#respond\"]}]},{\"@type\":\"WebPage\",\"@id\":\"https:\/\/dev.explora.cl\/rios\/docentes-y-educadoras-de-educacion-inicial-abriran-el-ano-de-talleres-explora\/\",\"url\":\"https:\/\/dev.explora.cl\/rios\/docentes-y-educadoras-de-educacion-inicial-abriran-el-ano-de-talleres-explora\/\",\"name\":\"Docentes y educadoras de educaci\u00f3n inicial abrir\u00e1n el a\u00f1o de talleres Explora - Los R\u00edos\",\"isPartOf\":{\"@id\":\"https:\/\/dev.explora.cl\/rios\/#website\"},\"primaryImageOfPage\":{\"@id\":\"https:\/\/dev.explora.cl\/rios\/docentes-y-educadoras-de-educacion-inicial-abriran-el-ano-de-talleres-explora\/#primaryimage\"},\"image\":{\"@id\":\"https:\/\/dev.explora.cl\/rios\/docentes-y-educadoras-de-educacion-inicial-abriran-el-ano-de-talleres-explora\/#primaryimage\"},\"thumbnailUrl\":\"https:\/\/dev.explora.cl\/rios\/wp-content\/uploads\/sites\/16\/2020\/03\/trabajo.jpg\",\"datePublished\":\"2020-03-06T19:26:40+00:00\",\"dateModified\":\"2020-04-27T15:27:22+00:00\",\"author\":{\"@id\":\"https:\/\/dev.explora.cl\/rios\/#\/schema\/person\/279896208736d277e75690dde6cc1ea9\"},\"breadcrumb\":{\"@id\":\"https:\/\/dev.explora.cl\/rios\/docentes-y-educadoras-de-educacion-inicial-abriran-el-ano-de-talleres-explora\/#breadcrumb\"},\"inLanguage\":\"es-CL\",\"potentialAction\":[{\"@type\":\"ReadAction\",\"target\":[\"https:\/\/dev.explora.cl\/rios\/docentes-y-educadoras-de-educacion-inicial-abriran-el-ano-de-talleres-explora\/\"]}]},{\"@type\":\"ImageObject\",\"inLanguage\":\"es-CL\",\"@id\":\"https:\/\/dev.explora.cl\/rios\/docentes-y-educadoras-de-educacion-inicial-abriran-el-ano-de-talleres-explora\/#primaryimage\",\"url\":\"https:\/\/dev.explora.cl\/rios\/wp-content\/uploads\/sites\/16\/2020\/03\/trabajo.jpg\",\"contentUrl\":\"https:\/\/dev.explora.cl\/rios\/wp-content\/uploads\/sites\/16\/2020\/03\/trabajo.jpg\",\"width\":1616,\"height\":1080},{\"@type\":\"BreadcrumbList\",\"@id\":\"https:\/\/dev.explora.cl\/rios\/docentes-y-educadoras-de-educacion-inicial-abriran-el-ano-de-talleres-explora\/#breadcrumb\",\"itemListElement\":[{\"@type\":\"ListItem\",\"position\":1,\"name\":\"Portada\",\"item\":\"https:\/\/dev.explora.cl\/rios\/\"},{\"@type\":\"ListItem\",\"position\":2,\"name\":\"Docentes y educadoras de educaci\u00f3n inicial abrir\u00e1n el a\u00f1o de talleres Explora\"}]},{\"@type\":\"WebSite\",\"@id\":\"https:\/\/dev.explora.cl\/rios\/#website\",\"url\":\"https:\/\/dev.explora.cl\/rios\/\",\"name\":\"Los R\u00edos\",\"description\":\"Otro sitio m\u00e1s de dev.explora.cl\",\"potentialAction\":[{\"@type\":\"SearchAction\",\"target\":{\"@type\":\"EntryPoint\",\"urlTemplate\":\"https:\/\/dev.explora.cl\/rios\/?s={search_term_string}\"},\"query-input\":{\"@type\":\"PropertyValueSpecification\",\"valueRequired\":true,\"valueName\":\"search_term_string\"}}],\"inLanguage\":\"es-CL\"},{\"@type\":\"Person\",\"@id\":\"https:\/\/dev.explora.cl\/rios\/#\/schema\/person\/279896208736d277e75690dde6cc1ea9\",\"name\":\"smancilla\",\"image\":{\"@type\":\"ImageObject\",\"inLanguage\":\"es-CL\",\"@id\":\"https:\/\/dev.explora.cl\/rios\/#\/schema\/person\/image\/\",\"url\":\"https:\/\/secure.gravatar.com\/avatar\/a1c7f8b1dd453e8facadec2bf18354190c777b5556feaaadfa0f6a129ab9b015?s=96&d=mm&r=g\",\"contentUrl\":\"https:\/\/secure.gravatar.com\/avatar\/a1c7f8b1dd453e8facadec2bf18354190c777b5556feaaadfa0f6a129ab9b015?s=96&d=mm&r=g\",\"caption\":\"smancilla\"},\"url\":\"https:\/\/dev.explora.cl\/rios\/author\/smancilla\/\"}]}<\/script>\n<!-- \/ Yoast SEO plugin. -->","yoast_head_json":{"title":"Docentes y educadoras de educaci\u00f3n inicial abrir\u00e1n el a\u00f1o de talleres Explora - Los R\u00edos","robots":{"index":"index","follow":"follow","max-snippet":"max-snippet:-1","max-image-preview":"max-image-preview:large","max-video-preview":"max-video-preview:-1"},"canonical":"https:\/\/dev.explora.cl\/rios\/docentes-y-educadoras-de-educacion-inicial-abriran-el-ano-de-talleres-explora\/","og_locale":"es_ES","og_type":"article","og_title":"Docentes y educadoras de educaci\u00f3n inicial abrir\u00e1n el a\u00f1o de talleres Explora - Los R\u00edos","og_description":"Podr\u00e1n participar educadoras\/es, t\u00e9cnicas\/os en Educaci\u00f3n Parvularia y profesores\/as de educaci\u00f3n b\u00e1sica 1\u00b0 ciclo de la Regi\u00f3n de Los R\u00edos.","og_url":"https:\/\/dev.explora.cl\/rios\/docentes-y-educadoras-de-educacion-inicial-abriran-el-ano-de-talleres-explora\/","og_site_name":"Los R\u00edos","article_published_time":"2020-03-06T19:26:40+00:00","article_modified_time":"2020-04-27T15:27:22+00:00","og_image":[{"width":1616,"height":1080,"url":"https:\/\/dev.explora.cl\/rios\/wp-content\/uploads\/sites\/16\/2020\/03\/trabajo.jpg","type":"image\/jpeg"}],"author":"smancilla","twitter_card":"summary_large_image","twitter_misc":{"Escrito por":"smancilla","Tiempo estimado de lectura":"2 minutos"},"schema":{"@context":"https:\/\/schema.org","@graph":[{"@type":"Article","@id":"https:\/\/dev.explora.cl\/rios\/docentes-y-educadoras-de-educacion-inicial-abriran-el-ano-de-talleres-explora\/#article","isPartOf":{"@id":"https:\/\/dev.explora.cl\/rios\/docentes-y-educadoras-de-educacion-inicial-abriran-el-ano-de-talleres-explora\/"},"author":{"name":"smancilla","@id":"https:\/\/dev.explora.cl\/rios\/#\/schema\/person\/279896208736d277e75690dde6cc1ea9"},"headline":"Docentes y educadoras de educaci\u00f3n inicial abrir\u00e1n el a\u00f1o de talleres Explora","datePublished":"2020-03-06T19:26:40+00:00","dateModified":"2020-04-27T15:27:22+00:00","mainEntityOfPage":{"@id":"https:\/\/dev.explora.cl\/rios\/docentes-y-educadoras-de-educacion-inicial-abriran-el-ano-de-talleres-explora\/"},"wordCount":427,"commentCount":0,"image":{"@id":"https:\/\/dev.explora.cl\/rios\/docentes-y-educadoras-de-educacion-inicial-abriran-el-ano-de-talleres-explora\/#primaryimage"},"thumbnailUrl":"https:\/\/dev.explora.cl\/rios\/wp-content\/uploads\/sites\/16\/2020\/03\/trabajo.jpg","keywords":["capacitaciones","educaci\u00f3n inicial","educaci\u00f3n parvularia","taller"],"articleSection":["Noticias"],"inLanguage":"es-CL","potentialAction":[{"@type":"CommentAction","name":"Comment","target":["https:\/\/dev.explora.cl\/rios\/docentes-y-educadoras-de-educacion-inicial-abriran-el-ano-de-talleres-explora\/#respond"]}]},{"@type":"WebPage","@id":"https:\/\/dev.explora.cl\/rios\/docentes-y-educadoras-de-educacion-inicial-abriran-el-ano-de-talleres-explora\/","url":"https:\/\/dev.explora.cl\/rios\/docentes-y-educadoras-de-educacion-inicial-abriran-el-ano-de-talleres-explora\/","name":"Docentes y educadoras de educaci\u00f3n inicial abrir\u00e1n el a\u00f1o de talleres Explora - Los R\u00edos","isPartOf":{"@id":"https:\/\/dev.explora.cl\/rios\/#website"},"primaryImageOfPage":{"@id":"https:\/\/dev.explora.cl\/rios\/docentes-y-educadoras-de-educacion-inicial-abriran-el-ano-de-talleres-explora\/#primaryimage"},"image":{"@id":"https:\/\/dev.explora.cl\/rios\/docentes-y-educadoras-de-educacion-inicial-abriran-el-ano-de-talleres-explora\/#primaryimage"},"thumbnailUrl":"https:\/\/dev.explora.cl\/rios\/wp-content\/uploads\/sites\/16\/2020\/03\/trabajo.jpg","datePublished":"2020-03-06T19:26:40+00:00","dateModified":"2020-04-27T15:27:22+00:00","author":{"@id":"https:\/\/dev.explora.cl\/rios\/#\/schema\/person\/279896208736d277e75690dde6cc1ea9"},"breadcrumb":{"@id":"https:\/\/dev.explora.cl\/rios\/docentes-y-educadoras-de-educacion-inicial-abriran-el-ano-de-talleres-explora\/#breadcrumb"},"inLanguage":"es-CL","potentialAction":[{"@type":"ReadAction","target":["https:\/\/dev.explora.cl\/rios\/docentes-y-educadoras-de-educacion-inicial-abriran-el-ano-de-talleres-explora\/"]}]},{"@type":"ImageObject","inLanguage":"es-CL","@id":"https:\/\/dev.explora.cl\/rios\/docentes-y-educadoras-de-educacion-inicial-abriran-el-ano-de-talleres-explora\/#primaryimage","url":"https:\/\/dev.explora.cl\/rios\/wp-content\/uploads\/sites\/16\/2020\/03\/trabajo.jpg","contentUrl":"https:\/\/dev.explora.cl\/rios\/wp-content\/uploads\/sites\/16\/2020\/03\/trabajo.jpg","width":1616,"height":1080},{"@type":"BreadcrumbList","@id":"https:\/\/dev.explora.cl\/rios\/docentes-y-educadoras-de-educacion-inicial-abriran-el-ano-de-talleres-explora\/#breadcrumb","itemListElement":[{"@type":"ListItem","position":1,"name":"Portada","item":"https:\/\/dev.explora.cl\/rios\/"},{"@type":"ListItem","position":2,"name":"Docentes y educadoras de educaci\u00f3n inicial abrir\u00e1n el a\u00f1o de talleres Explora"}]},{"@type":"WebSite","@id":"https:\/\/dev.explora.cl\/rios\/#website","url":"https:\/\/dev.explora.cl\/rios\/","name":"Los R\u00edos","description":"Otro sitio m\u00e1s de dev.explora.cl","potentialAction":[{"@type":"SearchAction","target":{"@type":"EntryPoint","urlTemplate":"https:\/\/dev.explora.cl\/rios\/?s={search_term_string}"},"query-input":{"@type":"PropertyValueSpecification","valueRequired":true,"valueName":"search_term_string"}}],"inLanguage":"es-CL"},{"@type":"Person","@id":"https:\/\/dev.explora.cl\/rios\/#\/schema\/person\/279896208736d277e75690dde6cc1ea9","name":"smancilla","image":{"@type":"ImageObject","inLanguage":"es-CL","@id":"https:\/\/dev.explora.cl\/rios\/#\/schema\/person\/image\/","url":"https:\/\/secure.gravatar.com\/avatar\/a1c7f8b1dd453e8facadec2bf18354190c777b5556feaaadfa0f6a129ab9b015?s=96&d=mm&r=g","contentUrl":"https:\/\/secure.gravatar.com\/avatar\/a1c7f8b1dd453e8facadec2bf18354190c777b5556feaaadfa0f6a129ab9b015?s=96&d=mm&r=g","caption":"smancilla"},"url":"https:\/\/dev.explora.cl\/rios\/author\/smancilla\/"}]}},"_links":{"self":[{"href":"https:\/\/dev.explora.cl\/rios\/wp-json\/wp\/v2\/posts\/38826","targetHints":{"allow":["GET"]}}],"collection":[{"href":"https:\/\/dev.explora.cl\/rios\/wp-json\/wp\/v2\/posts"}],"about":[{"href":"https:\/\/dev.explora.cl\/rios\/wp-json\/wp\/v2\/types\/post"}],"author":[{"embeddable":true,"href":"https:\/\/dev.explora.cl\/rios\/wp-json\/wp\/v2\/users\/31"}],"replies":[{"embeddable":true,"href":"https:\/\/dev.explora.cl\/rios\/wp-json\/wp\/v2\/comments?post=38826"}],"version-history":[{"count":5,"href":"https:\/\/dev.explora.cl\/rios\/wp-json\/wp\/v2\/posts\/38826\/revisions"}],"predecessor-version":[{"id":38900,"href":"https:\/\/dev.explora.cl\/rios\/wp-json\/wp\/v2\/posts\/38826\/revisions\/38900"}],"wp:featuredmedia":[{"embeddable":true,"href":"https:\/\/dev.explora.cl\/rios\/wp-json\/wp\/v2\/media\/38827"}],"wp:attachment":[{"href":"https:\/\/dev.explora.cl\/rios\/wp-json\/wp\/v2\/media?parent=38826"}],"wp:term":[{"taxonomy":"category","embeddable":true,"href":"https:\/\/dev.explora.cl\/rios\/wp-json\/wp\/v2\/categories?post=38826"},{"taxonomy":"post_tag","embeddable":true,"href":"https:\/\/dev.explora.cl\/rios\/wp-json\/wp\/v2\/tags?post=38826"}],"curies":[{"name":"wp","href":"https:\/\/api.w.org\/{rel}","templated":true}]}}