{"id":38792,"date":"2020-03-02T11:33:05","date_gmt":"2020-03-02T14:33:05","guid":{"rendered":"https:\/\/dev.explora.cl\/rios\/?p=38792"},"modified":"2020-04-27T11:21:57","modified_gmt":"2020-04-27T15:21:57","slug":"se-acerca-el-dia-de-la-astronomia-en-los-rios","status":"publish","type":"post","link":"https:\/\/dev.explora.cl\/rios\/se-acerca-el-dia-de-la-astronomia-en-los-rios\/","title":{"rendered":"Se acerca el D\u00eda de La Astronom\u00eda en Los R\u00edos"},"content":{"rendered":"<p>[vc_row][vc_column][vc_message message_box_style=&#8221;3d&#8221; message_box_color=&#8221;danger&#8221; icon_fontawesome=&#8221;fa fa-exclamation-circle&#8221;]Lamentamos informar que esta actividad ha sido suspendida debido a la contingencia por COVID-19. Esperamos poder reprogramar esta iniciativa en el futuro.[\/vc_message][vc_column_text]<\/p>\n<h3><em>El evento para toda la familia se desarrollar\u00e1 el mi\u00e9rcoles 18 de marzo desde las 18:30 horas en la Carpa de la Ciencia del Centro de Estudios Cient\u00edficos (Yungay esquina Libertad).<\/em><\/h3>\n<p>La Dra. Priscilla Nowajewski ser\u00e1 la encargada de la conferencia central del D\u00eda del Astronom\u00eda en Los R\u00edos, una iniciativa del PAR Explora Los R\u00edos del Ministerio de Ciencia, Tecnolog\u00eda, Conocimiento e Innovaci\u00f3n, y el Centro de Estudios Cient\u00edficos. La charla titulada \u201c5 razones para ir a Marte\u201d se desarrollar\u00e1 en el auditorio de la Carpa de la Ciencia y las entradas gratuitas ya est\u00e1n disponibles en l\u00ednea a trav\u00e9s del sitio del PAR Explora Los R\u00edos y sus redes sociales.<\/p>\n<p>La Dra. Nowajewski es Presidenta y fundadora de la Fundaci\u00f3n Ciencias Planetarias, y representante en Chile de The Mars Society. Es experta en manipular y analizar grandes cantidades de datos astron\u00f3micos y metereol\u00f3gicos aplicando herramientas de Big Data y Machine Learning.<\/p>\n<h3 style=\"text-align: right\"><a href=\"https:\/\/www.facebook.com\/events\/139504703976169\/\">Entradas disponibles aqu\u00ed<\/a><\/h3>\n<p>Adem\u00e1s de la \u201cgala marciana\u201d se desarrollar\u00e1n actividades en establecimientos educacionales de M\u00e1fil, Paillaco y Panguipulli. El jueves 19 de marzo la Dra Nowajewski se trasladar\u00e1 al Liceo Gabriela Mistral de M\u00e1fil para volver a presentar su conferencia. Mientras que el viernes 20 de marzo ser\u00e1 el turno para estudiantes de Paillaco con la astr\u00f3noma Erika Labb\u00e9, coordinadora de difusi\u00f3n del N\u00facleo de Astronom\u00eda de la Universidad Diego Portales.<\/p>\n<p>Labb\u00e9 desarrollar\u00e1 un taller inclusivo para personas con discapacidad visual en Paillaco y por la tarde una capacitaci\u00f3n a docentes de Panguipulli.<\/p>\n<p>El D\u00eda de la Astronom\u00eda se celebra desde el 2014 durante las jornadas cercanas al equinoccio, como una forma de destacar la importancia de esta ciencia para Chile y potenciar su integraci\u00f3n con otras \u00e1reas del conocimiento como la ingenier\u00eda, matem\u00e1ticas, inform\u00e1tica, biolog\u00eda, historia, arte, entre otras.<\/p>\n<h3>Eclipse 2020<\/h3>\n<p>Durante el mismo mi\u00e9rcoles 18, a las 11 horas, se desarrollar\u00e1 el lanzamiento del calendario de actividades en Los R\u00edos sobre el Eclipse de Sol que ocurrir\u00e1 el lunes 14 de diciembre. La visibilidad del fen\u00f3meno ser\u00e1 de un 100% en la zona norte de nuestra regi\u00f3n y de un 99% en el resto de las comunas.[\/vc_column_text][\/vc_column][\/vc_row]<\/p>\n","protected":false},"excerpt":{"rendered":"<p>Las entradas gratuitas para la &#8220;gala marciana&#8221; se encuentran disponibles en la p\u00e1gina de Facebook del PAR Explora Los R\u00edos.<\/p>\n","protected":false},"author":31,"featured_media":38796,"comment_status":"open","ping_status":"open","sticky":false,"template":"","format":"standard","meta":{"_acf_changed":false,"_exactmetrics_skip_tracking":false,"_exactmetrics_sitenote_active":false,"_exactmetrics_sitenote_note":"","_exactmetrics_sitenote_category":0,"footnotes":"","_links_to":"","_links_to_target":""},"categories":[4],"tags":[318,222,316,317],"class_list":["post-38792","post","type-post","status-publish","format-standard","has-post-thumbnail","hentry","category-noticias","tag-carpa-de-la-ciencia","tag-dia-de-la-astronomia","tag-marte","tag-valdivia"],"acf":[],"yoast_head":"<!-- This site is optimized with the Yoast SEO plugin v26.7 - https:\/\/yoast.com\/wordpress\/plugins\/seo\/ -->\n<title>Se acerca el D\u00eda de La Astronom\u00eda en Los R\u00edos - Los R\u00edos<\/title>\n<meta name=\"robots\" content=\"index, follow, max-snippet:-1, max-image-preview:large, max-video-preview:-1\" \/>\n<link rel=\"canonical\" href=\"https:\/\/dev.explora.cl\/rios\/se-acerca-el-dia-de-la-astronomia-en-los-rios\/\" class=\"yoast-seo-meta-tag\" \/>\n<meta property=\"og:locale\" content=\"es_ES\" class=\"yoast-seo-meta-tag\" \/>\n<meta property=\"og:type\" content=\"article\" class=\"yoast-seo-meta-tag\" \/>\n<meta property=\"og:title\" content=\"Se acerca el D\u00eda de La Astronom\u00eda en Los R\u00edos - Los R\u00edos\" class=\"yoast-seo-meta-tag\" \/>\n<meta property=\"og:description\" content=\"Las entradas gratuitas para la &quot;gala marciana&quot; se encuentran disponibles en la p\u00e1gina de Facebook del PAR Explora Los R\u00edos.\" class=\"yoast-seo-meta-tag\" \/>\n<meta property=\"og:url\" content=\"https:\/\/dev.explora.cl\/rios\/se-acerca-el-dia-de-la-astronomia-en-los-rios\/\" class=\"yoast-seo-meta-tag\" \/>\n<meta property=\"og:site_name\" content=\"Los R\u00edos\" class=\"yoast-seo-meta-tag\" \/>\n<meta property=\"article:published_time\" content=\"2020-03-02T14:33:05+00:00\" class=\"yoast-seo-meta-tag\" \/>\n<meta property=\"article:modified_time\" content=\"2020-04-27T15:21:57+00:00\" class=\"yoast-seo-meta-tag\" \/>\n<meta property=\"og:image\" content=\"https:\/\/dev.explora.cl\/rios\/wp-content\/uploads\/sites\/16\/2020\/03\/54524665_2292874997409989_4352536543714344960_o.jpg\" class=\"yoast-seo-meta-tag\" \/>\n\t<meta property=\"og:image:width\" content=\"2048\" class=\"yoast-seo-meta-tag\" \/>\n\t<meta property=\"og:image:height\" content=\"1365\" class=\"yoast-seo-meta-tag\" \/>\n\t<meta property=\"og:image:type\" content=\"image\/jpeg\" class=\"yoast-seo-meta-tag\" \/>\n<meta name=\"author\" content=\"smancilla\" class=\"yoast-seo-meta-tag\" \/>\n<meta name=\"twitter:card\" content=\"summary_large_image\" class=\"yoast-seo-meta-tag\" \/>\n<meta name=\"twitter:label1\" content=\"Escrito por\" class=\"yoast-seo-meta-tag\" \/>\n\t<meta name=\"twitter:data1\" content=\"smancilla\" class=\"yoast-seo-meta-tag\" \/>\n\t<meta name=\"twitter:label2\" content=\"Tiempo estimado de lectura\" class=\"yoast-seo-meta-tag\" \/>\n\t<meta name=\"twitter:data2\" content=\"2 minutos\" class=\"yoast-seo-meta-tag\" \/>\n<script type=\"application\/ld+json\" class=\"yoast-schema-graph\">{\"@context\":\"https:\/\/schema.org\",\"@graph\":[{\"@type\":\"Article\",\"@id\":\"https:\/\/dev.explora.cl\/rios\/se-acerca-el-dia-de-la-astronomia-en-los-rios\/#article\",\"isPartOf\":{\"@id\":\"https:\/\/dev.explora.cl\/rios\/se-acerca-el-dia-de-la-astronomia-en-los-rios\/\"},\"author\":{\"name\":\"smancilla\",\"@id\":\"https:\/\/dev.explora.cl\/rios\/#\/schema\/person\/279896208736d277e75690dde6cc1ea9\"},\"headline\":\"Se acerca el D\u00eda de La Astronom\u00eda en Los R\u00edos\",\"datePublished\":\"2020-03-02T14:33:05+00:00\",\"dateModified\":\"2020-04-27T15:21:57+00:00\",\"mainEntityOfPage\":{\"@id\":\"https:\/\/dev.explora.cl\/rios\/se-acerca-el-dia-de-la-astronomia-en-los-rios\/\"},\"wordCount\":442,\"commentCount\":0,\"image\":{\"@id\":\"https:\/\/dev.explora.cl\/rios\/se-acerca-el-dia-de-la-astronomia-en-los-rios\/#primaryimage\"},\"thumbnailUrl\":\"https:\/\/dev.explora.cl\/rios\/wp-content\/uploads\/sites\/16\/2020\/03\/54524665_2292874997409989_4352536543714344960_o.jpg\",\"keywords\":[\"Carpa de la Ciencia\",\"D\u00eda de la Astronom\u00eda\",\"Marte\",\"Valdivia\"],\"articleSection\":[\"Noticias\"],\"inLanguage\":\"es-CL\",\"potentialAction\":[{\"@type\":\"CommentAction\",\"name\":\"Comment\",\"target\":[\"https:\/\/dev.explora.cl\/rios\/se-acerca-el-dia-de-la-astronomia-en-los-rios\/#respond\"]}]},{\"@type\":\"WebPage\",\"@id\":\"https:\/\/dev.explora.cl\/rios\/se-acerca-el-dia-de-la-astronomia-en-los-rios\/\",\"url\":\"https:\/\/dev.explora.cl\/rios\/se-acerca-el-dia-de-la-astronomia-en-los-rios\/\",\"name\":\"Se acerca el D\u00eda de La Astronom\u00eda en Los R\u00edos - Los R\u00edos\",\"isPartOf\":{\"@id\":\"https:\/\/dev.explora.cl\/rios\/#website\"},\"primaryImageOfPage\":{\"@id\":\"https:\/\/dev.explora.cl\/rios\/se-acerca-el-dia-de-la-astronomia-en-los-rios\/#primaryimage\"},\"image\":{\"@id\":\"https:\/\/dev.explora.cl\/rios\/se-acerca-el-dia-de-la-astronomia-en-los-rios\/#primaryimage\"},\"thumbnailUrl\":\"https:\/\/dev.explora.cl\/rios\/wp-content\/uploads\/sites\/16\/2020\/03\/54524665_2292874997409989_4352536543714344960_o.jpg\",\"datePublished\":\"2020-03-02T14:33:05+00:00\",\"dateModified\":\"2020-04-27T15:21:57+00:00\",\"author\":{\"@id\":\"https:\/\/dev.explora.cl\/rios\/#\/schema\/person\/279896208736d277e75690dde6cc1ea9\"},\"breadcrumb\":{\"@id\":\"https:\/\/dev.explora.cl\/rios\/se-acerca-el-dia-de-la-astronomia-en-los-rios\/#breadcrumb\"},\"inLanguage\":\"es-CL\",\"potentialAction\":[{\"@type\":\"ReadAction\",\"target\":[\"https:\/\/dev.explora.cl\/rios\/se-acerca-el-dia-de-la-astronomia-en-los-rios\/\"]}]},{\"@type\":\"ImageObject\",\"inLanguage\":\"es-CL\",\"@id\":\"https:\/\/dev.explora.cl\/rios\/se-acerca-el-dia-de-la-astronomia-en-los-rios\/#primaryimage\",\"url\":\"https:\/\/dev.explora.cl\/rios\/wp-content\/uploads\/sites\/16\/2020\/03\/54524665_2292874997409989_4352536543714344960_o.jpg\",\"contentUrl\":\"https:\/\/dev.explora.cl\/rios\/wp-content\/uploads\/sites\/16\/2020\/03\/54524665_2292874997409989_4352536543714344960_o.jpg\",\"width\":2048,\"height\":1365},{\"@type\":\"BreadcrumbList\",\"@id\":\"https:\/\/dev.explora.cl\/rios\/se-acerca-el-dia-de-la-astronomia-en-los-rios\/#breadcrumb\",\"itemListElement\":[{\"@type\":\"ListItem\",\"position\":1,\"name\":\"Portada\",\"item\":\"https:\/\/dev.explora.cl\/rios\/\"},{\"@type\":\"ListItem\",\"position\":2,\"name\":\"Se acerca el D\u00eda de La Astronom\u00eda en Los R\u00edos\"}]},{\"@type\":\"WebSite\",\"@id\":\"https:\/\/dev.explora.cl\/rios\/#website\",\"url\":\"https:\/\/dev.explora.cl\/rios\/\",\"name\":\"Los R\u00edos\",\"description\":\"Otro sitio m\u00e1s de dev.explora.cl\",\"potentialAction\":[{\"@type\":\"SearchAction\",\"target\":{\"@type\":\"EntryPoint\",\"urlTemplate\":\"https:\/\/dev.explora.cl\/rios\/?s={search_term_string}\"},\"query-input\":{\"@type\":\"PropertyValueSpecification\",\"valueRequired\":true,\"valueName\":\"search_term_string\"}}],\"inLanguage\":\"es-CL\"},{\"@type\":\"Person\",\"@id\":\"https:\/\/dev.explora.cl\/rios\/#\/schema\/person\/279896208736d277e75690dde6cc1ea9\",\"name\":\"smancilla\",\"image\":{\"@type\":\"ImageObject\",\"inLanguage\":\"es-CL\",\"@id\":\"https:\/\/dev.explora.cl\/rios\/#\/schema\/person\/image\/\",\"url\":\"https:\/\/secure.gravatar.com\/avatar\/a1c7f8b1dd453e8facadec2bf18354190c777b5556feaaadfa0f6a129ab9b015?s=96&d=mm&r=g\",\"contentUrl\":\"https:\/\/secure.gravatar.com\/avatar\/a1c7f8b1dd453e8facadec2bf18354190c777b5556feaaadfa0f6a129ab9b015?s=96&d=mm&r=g\",\"caption\":\"smancilla\"},\"url\":\"https:\/\/dev.explora.cl\/rios\/author\/smancilla\/\"}]}<\/script>\n<!-- \/ Yoast SEO plugin. -->","yoast_head_json":{"title":"Se acerca el D\u00eda de La Astronom\u00eda en Los R\u00edos - Los R\u00edos","robots":{"index":"index","follow":"follow","max-snippet":"max-snippet:-1","max-image-preview":"max-image-preview:large","max-video-preview":"max-video-preview:-1"},"canonical":"https:\/\/dev.explora.cl\/rios\/se-acerca-el-dia-de-la-astronomia-en-los-rios\/","og_locale":"es_ES","og_type":"article","og_title":"Se acerca el D\u00eda de La Astronom\u00eda en Los R\u00edos - Los R\u00edos","og_description":"Las entradas gratuitas para la \"gala marciana\" se encuentran disponibles en la p\u00e1gina de Facebook del PAR Explora Los R\u00edos.","og_url":"https:\/\/dev.explora.cl\/rios\/se-acerca-el-dia-de-la-astronomia-en-los-rios\/","og_site_name":"Los R\u00edos","article_published_time":"2020-03-02T14:33:05+00:00","article_modified_time":"2020-04-27T15:21:57+00:00","og_image":[{"width":2048,"height":1365,"url":"https:\/\/dev.explora.cl\/rios\/wp-content\/uploads\/sites\/16\/2020\/03\/54524665_2292874997409989_4352536543714344960_o.jpg","type":"image\/jpeg"}],"author":"smancilla","twitter_card":"summary_large_image","twitter_misc":{"Escrito por":"smancilla","Tiempo estimado de lectura":"2 minutos"},"schema":{"@context":"https:\/\/schema.org","@graph":[{"@type":"Article","@id":"https:\/\/dev.explora.cl\/rios\/se-acerca-el-dia-de-la-astronomia-en-los-rios\/#article","isPartOf":{"@id":"https:\/\/dev.explora.cl\/rios\/se-acerca-el-dia-de-la-astronomia-en-los-rios\/"},"author":{"name":"smancilla","@id":"https:\/\/dev.explora.cl\/rios\/#\/schema\/person\/279896208736d277e75690dde6cc1ea9"},"headline":"Se acerca el D\u00eda de La Astronom\u00eda en Los R\u00edos","datePublished":"2020-03-02T14:33:05+00:00","dateModified":"2020-04-27T15:21:57+00:00","mainEntityOfPage":{"@id":"https:\/\/dev.explora.cl\/rios\/se-acerca-el-dia-de-la-astronomia-en-los-rios\/"},"wordCount":442,"commentCount":0,"image":{"@id":"https:\/\/dev.explora.cl\/rios\/se-acerca-el-dia-de-la-astronomia-en-los-rios\/#primaryimage"},"thumbnailUrl":"https:\/\/dev.explora.cl\/rios\/wp-content\/uploads\/sites\/16\/2020\/03\/54524665_2292874997409989_4352536543714344960_o.jpg","keywords":["Carpa de la Ciencia","D\u00eda de la Astronom\u00eda","Marte","Valdivia"],"articleSection":["Noticias"],"inLanguage":"es-CL","potentialAction":[{"@type":"CommentAction","name":"Comment","target":["https:\/\/dev.explora.cl\/rios\/se-acerca-el-dia-de-la-astronomia-en-los-rios\/#respond"]}]},{"@type":"WebPage","@id":"https:\/\/dev.explora.cl\/rios\/se-acerca-el-dia-de-la-astronomia-en-los-rios\/","url":"https:\/\/dev.explora.cl\/rios\/se-acerca-el-dia-de-la-astronomia-en-los-rios\/","name":"Se acerca el D\u00eda de La Astronom\u00eda en Los R\u00edos - Los R\u00edos","isPartOf":{"@id":"https:\/\/dev.explora.cl\/rios\/#website"},"primaryImageOfPage":{"@id":"https:\/\/dev.explora.cl\/rios\/se-acerca-el-dia-de-la-astronomia-en-los-rios\/#primaryimage"},"image":{"@id":"https:\/\/dev.explora.cl\/rios\/se-acerca-el-dia-de-la-astronomia-en-los-rios\/#primaryimage"},"thumbnailUrl":"https:\/\/dev.explora.cl\/rios\/wp-content\/uploads\/sites\/16\/2020\/03\/54524665_2292874997409989_4352536543714344960_o.jpg","datePublished":"2020-03-02T14:33:05+00:00","dateModified":"2020-04-27T15:21:57+00:00","author":{"@id":"https:\/\/dev.explora.cl\/rios\/#\/schema\/person\/279896208736d277e75690dde6cc1ea9"},"breadcrumb":{"@id":"https:\/\/dev.explora.cl\/rios\/se-acerca-el-dia-de-la-astronomia-en-los-rios\/#breadcrumb"},"inLanguage":"es-CL","potentialAction":[{"@type":"ReadAction","target":["https:\/\/dev.explora.cl\/rios\/se-acerca-el-dia-de-la-astronomia-en-los-rios\/"]}]},{"@type":"ImageObject","inLanguage":"es-CL","@id":"https:\/\/dev.explora.cl\/rios\/se-acerca-el-dia-de-la-astronomia-en-los-rios\/#primaryimage","url":"https:\/\/dev.explora.cl\/rios\/wp-content\/uploads\/sites\/16\/2020\/03\/54524665_2292874997409989_4352536543714344960_o.jpg","contentUrl":"https:\/\/dev.explora.cl\/rios\/wp-content\/uploads\/sites\/16\/2020\/03\/54524665_2292874997409989_4352536543714344960_o.jpg","width":2048,"height":1365},{"@type":"BreadcrumbList","@id":"https:\/\/dev.explora.cl\/rios\/se-acerca-el-dia-de-la-astronomia-en-los-rios\/#breadcrumb","itemListElement":[{"@type":"ListItem","position":1,"name":"Portada","item":"https:\/\/dev.explora.cl\/rios\/"},{"@type":"ListItem","position":2,"name":"Se acerca el D\u00eda de La Astronom\u00eda en Los R\u00edos"}]},{"@type":"WebSite","@id":"https:\/\/dev.explora.cl\/rios\/#website","url":"https:\/\/dev.explora.cl\/rios\/","name":"Los R\u00edos","description":"Otro sitio m\u00e1s de dev.explora.cl","potentialAction":[{"@type":"SearchAction","target":{"@type":"EntryPoint","urlTemplate":"https:\/\/dev.explora.cl\/rios\/?s={search_term_string}"},"query-input":{"@type":"PropertyValueSpecification","valueRequired":true,"valueName":"search_term_string"}}],"inLanguage":"es-CL"},{"@type":"Person","@id":"https:\/\/dev.explora.cl\/rios\/#\/schema\/person\/279896208736d277e75690dde6cc1ea9","name":"smancilla","image":{"@type":"ImageObject","inLanguage":"es-CL","@id":"https:\/\/dev.explora.cl\/rios\/#\/schema\/person\/image\/","url":"https:\/\/secure.gravatar.com\/avatar\/a1c7f8b1dd453e8facadec2bf18354190c777b5556feaaadfa0f6a129ab9b015?s=96&d=mm&r=g","contentUrl":"https:\/\/secure.gravatar.com\/avatar\/a1c7f8b1dd453e8facadec2bf18354190c777b5556feaaadfa0f6a129ab9b015?s=96&d=mm&r=g","caption":"smancilla"},"url":"https:\/\/dev.explora.cl\/rios\/author\/smancilla\/"}]}},"_links":{"self":[{"href":"https:\/\/dev.explora.cl\/rios\/wp-json\/wp\/v2\/posts\/38792","targetHints":{"allow":["GET"]}}],"collection":[{"href":"https:\/\/dev.explora.cl\/rios\/wp-json\/wp\/v2\/posts"}],"about":[{"href":"https:\/\/dev.explora.cl\/rios\/wp-json\/wp\/v2\/types\/post"}],"author":[{"embeddable":true,"href":"https:\/\/dev.explora.cl\/rios\/wp-json\/wp\/v2\/users\/31"}],"replies":[{"embeddable":true,"href":"https:\/\/dev.explora.cl\/rios\/wp-json\/wp\/v2\/comments?post=38792"}],"version-history":[{"count":9,"href":"https:\/\/dev.explora.cl\/rios\/wp-json\/wp\/v2\/posts\/38792\/revisions"}],"predecessor-version":[{"id":38912,"href":"https:\/\/dev.explora.cl\/rios\/wp-json\/wp\/v2\/posts\/38792\/revisions\/38912"}],"wp:featuredmedia":[{"embeddable":true,"href":"https:\/\/dev.explora.cl\/rios\/wp-json\/wp\/v2\/media\/38796"}],"wp:attachment":[{"href":"https:\/\/dev.explora.cl\/rios\/wp-json\/wp\/v2\/media?parent=38792"}],"wp:term":[{"taxonomy":"category","embeddable":true,"href":"https:\/\/dev.explora.cl\/rios\/wp-json\/wp\/v2\/categories?post=38792"},{"taxonomy":"post_tag","embeddable":true,"href":"https:\/\/dev.explora.cl\/rios\/wp-json\/wp\/v2\/tags?post=38792"}],"curies":[{"name":"wp","href":"https:\/\/api.w.org\/{rel}","templated":true}]}}