{"id":38721,"date":"2019-12-18T12:48:52","date_gmt":"2019-12-18T15:48:52","guid":{"rendered":"https:\/\/dev.explora.cl\/rios\/?p=38721"},"modified":"2020-01-15T17:04:25","modified_gmt":"2020-01-15T20:04:25","slug":"pipe2020","status":"publish","type":"post","link":"https:\/\/dev.explora.cl\/rios\/pipe2020\/","title":{"rendered":"Programa de Indagaci\u00f3n en Primeras Edades"},"content":{"rendered":"<p>[vc_row][vc_column][vc_column_text]<\/p>\n<h2>Resultados postulaciones 2020<\/h2>\n<p>Te invitamos a conocer a los y las 20 seleccionados para participar en las capacitaciones del piloto del Programa de Indagaci\u00f3n para Primeras Edades en 2020. Esta capacitaci\u00f3n tambi\u00e9n incluye el grupo de educadoras que fue seleccionado en 2019 por JUNJI y Fundaci\u00f3n Integra.<\/p>\n<ol>\n<li>Yaritza Suyei Romero Silva (JI y SC Estrellitas Felices &#8211; Panguipulli-Melefqu\u00e9n)<\/li>\n<li>Miriam Yanette Delgado Y\u00e1\u00f1ez (Colegio Rural Crucero &#8211; Rio Bueno)<\/li>\n<li>Valentina Placencia (Escuela Rural Colonia Diumen &#8211; Rio Bueno)<\/li>\n<li>Maria In\u00e9s Troncoso (Escuela Rural Nontuela &#8211; Futrono)<\/li>\n<li>Silvana Andrea Cadin Rodriguez (Jardin Infantil Laboral Los Lobitos &#8211; Valdivia-Niebla)<\/li>\n<li>Rosa Ana Navarrete Pontigo (Escuela Proyecto de Futuro &#8211; Paillaco)<\/li>\n<li>Nancy Jeannette Vera Garabito (Colegio Pelchuquin &#8211; Mariquina)<\/li>\n<li>Natalia Alejandra Conejeros M\u00fa\u00f1oz (Jardin Infantil Kupulwe &#8211; Panguipulli)<\/li>\n<li>Cristina Elizabeth \u00c1lvarez Palma (J.I. \u201cPeque\u00f1os Granjeros\u201d &#8211; M\u00e1fil-S\u00e9ctor Runca)<\/li>\n<li>Alejandra del Pilar Corval\u00e1n Pitripan\u00a0 (ESCUELA RURAL CARIMALLIN BAJO\u00a0 &#8211; Rio Bueno)<\/li>\n<li>Alex Ricardo Landskron Segovia\u00a0 (Jardin infantil y sala cuna Semillitas de amor &#8211; Corral)<\/li>\n<li>Yessica Alejandra Lagos Cardenas (Jard\u00ecn Infantil Tralcancito RI\u00d1IHUE &#8211; Los Lagos)<\/li>\n<li>Patricia del Carmen Obando Ojeda (SC y JI Los Brotecitos de Ignao &#8211; Lago Ranco)<\/li>\n<li>Jessica Claribel John Paillacar (Jardin Infantil Pewma Pichiche &#8211; Paillaco)<\/li>\n<li>Claudia Esther Valdivia Iturra (Corporaci\u00f3n Educacional Los Maitenes &#8211; Los Lagos)<\/li>\n<li>Jessica Lorena Lizama P\u00e9rez (JI Semillitas de Alegria &#8211; Mariquina)<\/li>\n<li>Sofia Ailef (Escuela Pampa Rios &#8211; Rio Bueno)<\/li>\n<li>Maria Ang\u00e9lica Espinoza (Escuela Artistica Alabama &#8211; M\u00e1fil)<\/li>\n<li>Maria Elena Miranda Vera (Leonardo Da Vinci &#8211; Valdivia)<\/li>\n<li>Nicol N\u00fa\u00f1ez Alderete (Centro de Educaci\u00f3n Integral San Marcos &#8211; Valdivia)<\/li>\n<\/ol>\n<p><strong><br \/>\nListado JUNJI &#8211; Fundaci\u00f3n Integra<\/strong><\/p>\n<ol>\n<li>Carolina Urrutia\u00a0 (Relmu Wepul-JUNJI &#8211; Paillaco)<\/li>\n<li>Macarena Paredes\u00a0 (Carita Feliz-JUNJI &#8211; Paillaco)<\/li>\n<li>Yasna Pacheco (Peque\u00f1os Abracitos-JUNJI &#8211; M\u00e1fil)<\/li>\n<li>Francisca Sandoval\u00a0 (Michelle Bachelet-JUNJI &#8211; Paillaco)<\/li>\n<li>Sandra Oyarz\u00fan\u00a0 (Semillitas de Canelo-JUNJI &#8211; Folleco La Uni\u00f3n)<\/li>\n<li>P\u00eda Vergara\u00a0 (Reto\u00f1os de Lingue-JUNJI &#8211; Mariquina)<\/li>\n<li>Antonella Cuevas\u00a0 (El tren de los sue\u00f1os-JUNJI &#8211; Los Lagos)<\/li>\n<li>Cyntya Zu\u00f1iga Mu\u00f1oz\u00a0 (Renacer del Bosque-JUNJI &#8211; Mashue La Uni\u00f3n)<\/li>\n<li>Karen Sagredo Uribe\u00a0 (Pulgarcito-INTEGRA &#8211; Rio Bueno)<\/li>\n<li>Valeria Torres Maldonado (El Canelito-INTEGRA &#8211; Valdivia)<\/li>\n<li>Natalia Pe\u00f1a Gonz\u00e1lez\u00a0 (Girasol-INTEGRA &#8211; Los Lagos)<\/li>\n<li>Victoria Salazar Cabezas\u00a0 (Sue\u00f1os de Colores-INTEGRA &#8211; Valdivia)<\/li>\n<li>Mirella Leal Molina (Mi mundo de Alegr\u00eda-INTEGRA &#8211; Lanco)<\/li>\n<li>Dionela Salazar Calficura\u00a0 (Papelucho-INTEGRA &#8211; Valdivia)<\/li>\n<li>Alison Z\u00fa\u00f1iga Hidalgo (Esperanza-INTEGRA &#8211; Valdivia)<\/li>\n<\/ol>\n<p>[\/vc_column_text][vc_separator border_width=&#8221;3&#8243;][\/vc_column][\/vc_row][vc_row][vc_column width=&#8221;2\/3&#8243;][vc_column_text]Te invitamos a ser parte de esta nueva experiencia educativa para la educaci\u00f3n inicial: Programa de Indagaci\u00f3n en Primeras Edades, PIPE.<\/p>\n<p><strong>\u00bfDe qu\u00e9 se trata?<\/strong><\/p>\n<p>El Programa de Indagaci\u00f3n para Primeras Edades (PIPE) es una iniciativa, alineada con las Bases Curriculares de la Educaci\u00f3n Parvularia (2018) y potencia el fomento de competencias cient\u00edficas en edades tempranas. Esta iniciativa constituye un gran aporte a la labor de educadoras de p\u00e1rvulo dado que estas competencias no emergen de forma espont\u00e1nea producto de la interacci\u00f3n de las ni\u00f1as y ni\u00f1os con materiales para la resoluci\u00f3n de un problema planteado por la educadora o el educador, pues como se\u00f1alan diferentes especialistas en el aprendizaje de la ciencia, se entrelazan muchos factores, como los intereses, las estrategias de razonamiento, la manera de organizar las ideas, la forma de comunicarlas y los valores expresados por ellos.<\/p>\n<p><strong>\u00bfA qui\u00e9n est\u00e1 dirigido?<\/strong><\/p>\n<p>A la educaci\u00f3n inicial, impartida en jardines infantiles y establecimientos municipales y particular subvencionado pertenecientes a las comunas de la Regi\u00f3n de Los R\u00edos.<\/p>\n<p><strong>\u00bfQui\u00e9n puede postular?<\/strong><\/p>\n<p>Podr\u00e1n participar con educadores\/as y\/o t\u00e9cnicos\/as de p\u00e1rvulos seleccionados\/as por el equipo directivo y\/o t\u00e9cnico de Junji, Integra y Establecimientos Municipales y Particulares Subvencionados.<\/p>\n<p><strong>\u00bfTiene un costo?<\/strong><\/p>\n<p>Todo el programa es absolutamente gratuito para establecimientos y asistentes.<\/p>\n<p><strong>\u00bfC\u00f3mo puedo postular?<\/strong><\/p>\n<p>Llenar el formulario y firmar la carta de compromiso disponibles en este sitio, digitalizar copias de t\u00edtulo profesional\/t\u00e9cnico y carnet de postulante, enviar los documentos digitalmente a preescolarexplorarios@uach.cl[\/vc_column_text][\/vc_column][vc_column width=&#8221;1\/3&#8243;][vc_btn title=&#8221;Descarga Bases&#8221; style=&#8221;custom&#8221; custom_background=&#8221;#dd3333&#8243; custom_text=&#8221;#f4f4f4&#8243; size=&#8221;lg&#8221; align=&#8221;center&#8221; button_block=&#8221;true&#8221; link=&#8221;url:https%3A%2F%2Fdev.explora.cl%2Frios%2Fwp-content%2Fuploads%2Fsites%2F16%2F2020%2F01%2FBases-Piloto-PIPE-2020-logo-nuevo.pdf||target:%20_blank|&#8221;][vc_btn title=&#8221;Descarga Formulario de Postulaci\u00f3n&#8221; style=&#8221;custom&#8221; custom_background=&#8221;#1049e8&#8243; custom_text=&#8221;#f4f4f4&#8243; size=&#8221;lg&#8221; align=&#8221;center&#8221; button_block=&#8221;true&#8221; link=&#8221;url:https%3A%2F%2Fdev.explora.cl%2Frios%2Fwp-content%2Fuploads%2Fsites%2F16%2F2019%2F12%2FFORMULARIO-DE-POSTULACI%C3%93N-PIPE-2020.docx||target:%20_blank|&#8221;][vc_btn title=&#8221;Descarga Carta de Compromiso&#8221; style=&#8221;custom&#8221; custom_background=&#8221;#1049e8&#8243; custom_text=&#8221;#f4f4f4&#8243; size=&#8221;lg&#8221; align=&#8221;center&#8221; button_block=&#8221;true&#8221; link=&#8221;url:https%3A%2F%2Fdev.explora.cl%2Frios%2Fwp-content%2Fuploads%2Fsites%2F16%2F2019%2F12%2FCarta-Compromiso-PIPE.docx||target:%20_blank|&#8221;][vc_column_text]<\/p>\n<h3 style=\"text-align: left\">Fechas Claves<\/h3>\n<p style=\"text-align: left\"><strong>Cierre de Postulaciones: <\/strong><del>Lunes 13 de enero de 2020<\/del><\/p>\n<p style=\"text-align: left\"><strong>Publicaci\u00f3n de Resultados: <\/strong><del>Mi\u00e9rcoles 15 de enero de 2020<\/del><\/p>\n<p style=\"text-align: left\"><strong>Capacitaci\u00f3n: <\/strong>7 y 8 de abril de 2020<\/p>\n<p>[\/vc_column_text][\/vc_column][\/vc_row]<\/p>\n","protected":false},"excerpt":{"rendered":"<p>Conoce los resultados de las postulaciones para las capacitaciones de abril 2020.<\/p>\n","protected":false},"author":31,"featured_media":38766,"comment_status":"open","ping_status":"open","sticky":false,"template":"","format":"standard","meta":{"_acf_changed":false,"_exactmetrics_skip_tracking":false,"_exactmetrics_sitenote_active":false,"_exactmetrics_sitenote_note":"","_exactmetrics_sitenote_category":0,"footnotes":"","_links_to":"","_links_to_target":""},"categories":[151,136],"tags":[235,288,303],"class_list":["post-38721","post","type-post","status-publish","format-standard","has-post-thumbnail","hentry","category-banner","category-lugar-1","tag-capacitacion","tag-pipe","tag-preescolar"],"acf":[],"yoast_head":"<!-- This site is optimized with the Yoast SEO plugin v26.7 - https:\/\/yoast.com\/wordpress\/plugins\/seo\/ -->\n<title>Programa de Indagaci\u00f3n en Primeras Edades - Los R\u00edos<\/title>\n<meta name=\"robots\" content=\"index, follow, max-snippet:-1, max-image-preview:large, max-video-preview:-1\" \/>\n<link rel=\"canonical\" href=\"https:\/\/dev.explora.cl\/rios\/pipe2020\/\" class=\"yoast-seo-meta-tag\" \/>\n<meta property=\"og:locale\" content=\"es_ES\" class=\"yoast-seo-meta-tag\" \/>\n<meta property=\"og:type\" content=\"article\" class=\"yoast-seo-meta-tag\" \/>\n<meta property=\"og:title\" content=\"Programa de Indagaci\u00f3n en Primeras Edades - Los R\u00edos\" class=\"yoast-seo-meta-tag\" \/>\n<meta property=\"og:description\" content=\"Conoce los resultados de las postulaciones para las capacitaciones de abril 2020.\" class=\"yoast-seo-meta-tag\" \/>\n<meta property=\"og:url\" content=\"https:\/\/dev.explora.cl\/rios\/pipe2020\/\" class=\"yoast-seo-meta-tag\" \/>\n<meta property=\"og:site_name\" content=\"Los R\u00edos\" class=\"yoast-seo-meta-tag\" \/>\n<meta property=\"article:published_time\" content=\"2019-12-18T15:48:52+00:00\" class=\"yoast-seo-meta-tag\" \/>\n<meta property=\"article:modified_time\" content=\"2020-01-15T20:04:25+00:00\" class=\"yoast-seo-meta-tag\" \/>\n<meta property=\"og:image\" content=\"https:\/\/dev.explora.cl\/rios\/wp-content\/uploads\/sites\/16\/2019\/12\/banner-PIPE-resultados-01.jpg\" class=\"yoast-seo-meta-tag\" \/>\n\t<meta property=\"og:image:width\" content=\"1532\" class=\"yoast-seo-meta-tag\" \/>\n\t<meta property=\"og:image:height\" content=\"1000\" class=\"yoast-seo-meta-tag\" \/>\n\t<meta property=\"og:image:type\" content=\"image\/jpeg\" class=\"yoast-seo-meta-tag\" \/>\n<meta name=\"author\" content=\"smancilla\" class=\"yoast-seo-meta-tag\" \/>\n<meta name=\"twitter:card\" content=\"summary_large_image\" class=\"yoast-seo-meta-tag\" \/>\n<meta name=\"twitter:label1\" content=\"Escrito por\" class=\"yoast-seo-meta-tag\" \/>\n\t<meta name=\"twitter:data1\" content=\"smancilla\" class=\"yoast-seo-meta-tag\" \/>\n\t<meta name=\"twitter:label2\" content=\"Tiempo estimado de lectura\" class=\"yoast-seo-meta-tag\" \/>\n\t<meta name=\"twitter:data2\" content=\"4 minutos\" class=\"yoast-seo-meta-tag\" \/>\n<script type=\"application\/ld+json\" class=\"yoast-schema-graph\">{\"@context\":\"https:\/\/schema.org\",\"@graph\":[{\"@type\":\"Article\",\"@id\":\"https:\/\/dev.explora.cl\/rios\/pipe2020\/#article\",\"isPartOf\":{\"@id\":\"https:\/\/dev.explora.cl\/rios\/pipe2020\/\"},\"author\":{\"name\":\"smancilla\",\"@id\":\"https:\/\/dev.explora.cl\/rios\/#\/schema\/person\/279896208736d277e75690dde6cc1ea9\"},\"headline\":\"Programa de Indagaci\u00f3n en Primeras Edades\",\"datePublished\":\"2019-12-18T15:48:52+00:00\",\"dateModified\":\"2020-01-15T20:04:25+00:00\",\"mainEntityOfPage\":{\"@id\":\"https:\/\/dev.explora.cl\/rios\/pipe2020\/\"},\"wordCount\":876,\"commentCount\":0,\"image\":{\"@id\":\"https:\/\/dev.explora.cl\/rios\/pipe2020\/#primaryimage\"},\"thumbnailUrl\":\"https:\/\/dev.explora.cl\/rios\/wp-content\/uploads\/sites\/16\/2019\/12\/banner-PIPE-resultados-01.jpg\",\"keywords\":[\"capacitaci\u00f3n\",\"pipe\",\"preescolar\"],\"articleSection\":[\"Banner\",\"Lugar 1\"],\"inLanguage\":\"es-CL\",\"potentialAction\":[{\"@type\":\"CommentAction\",\"name\":\"Comment\",\"target\":[\"https:\/\/dev.explora.cl\/rios\/pipe2020\/#respond\"]}]},{\"@type\":\"WebPage\",\"@id\":\"https:\/\/dev.explora.cl\/rios\/pipe2020\/\",\"url\":\"https:\/\/dev.explora.cl\/rios\/pipe2020\/\",\"name\":\"Programa de Indagaci\u00f3n en Primeras Edades - Los R\u00edos\",\"isPartOf\":{\"@id\":\"https:\/\/dev.explora.cl\/rios\/#website\"},\"primaryImageOfPage\":{\"@id\":\"https:\/\/dev.explora.cl\/rios\/pipe2020\/#primaryimage\"},\"image\":{\"@id\":\"https:\/\/dev.explora.cl\/rios\/pipe2020\/#primaryimage\"},\"thumbnailUrl\":\"https:\/\/dev.explora.cl\/rios\/wp-content\/uploads\/sites\/16\/2019\/12\/banner-PIPE-resultados-01.jpg\",\"datePublished\":\"2019-12-18T15:48:52+00:00\",\"dateModified\":\"2020-01-15T20:04:25+00:00\",\"author\":{\"@id\":\"https:\/\/dev.explora.cl\/rios\/#\/schema\/person\/279896208736d277e75690dde6cc1ea9\"},\"breadcrumb\":{\"@id\":\"https:\/\/dev.explora.cl\/rios\/pipe2020\/#breadcrumb\"},\"inLanguage\":\"es-CL\",\"potentialAction\":[{\"@type\":\"ReadAction\",\"target\":[\"https:\/\/dev.explora.cl\/rios\/pipe2020\/\"]}]},{\"@type\":\"ImageObject\",\"inLanguage\":\"es-CL\",\"@id\":\"https:\/\/dev.explora.cl\/rios\/pipe2020\/#primaryimage\",\"url\":\"https:\/\/dev.explora.cl\/rios\/wp-content\/uploads\/sites\/16\/2019\/12\/banner-PIPE-resultados-01.jpg\",\"contentUrl\":\"https:\/\/dev.explora.cl\/rios\/wp-content\/uploads\/sites\/16\/2019\/12\/banner-PIPE-resultados-01.jpg\",\"width\":1532,\"height\":1000},{\"@type\":\"BreadcrumbList\",\"@id\":\"https:\/\/dev.explora.cl\/rios\/pipe2020\/#breadcrumb\",\"itemListElement\":[{\"@type\":\"ListItem\",\"position\":1,\"name\":\"Portada\",\"item\":\"https:\/\/dev.explora.cl\/rios\/\"},{\"@type\":\"ListItem\",\"position\":2,\"name\":\"Programa de Indagaci\u00f3n en Primeras Edades\"}]},{\"@type\":\"WebSite\",\"@id\":\"https:\/\/dev.explora.cl\/rios\/#website\",\"url\":\"https:\/\/dev.explora.cl\/rios\/\",\"name\":\"Los R\u00edos\",\"description\":\"Otro sitio m\u00e1s de dev.explora.cl\",\"potentialAction\":[{\"@type\":\"SearchAction\",\"target\":{\"@type\":\"EntryPoint\",\"urlTemplate\":\"https:\/\/dev.explora.cl\/rios\/?s={search_term_string}\"},\"query-input\":{\"@type\":\"PropertyValueSpecification\",\"valueRequired\":true,\"valueName\":\"search_term_string\"}}],\"inLanguage\":\"es-CL\"},{\"@type\":\"Person\",\"@id\":\"https:\/\/dev.explora.cl\/rios\/#\/schema\/person\/279896208736d277e75690dde6cc1ea9\",\"name\":\"smancilla\",\"image\":{\"@type\":\"ImageObject\",\"inLanguage\":\"es-CL\",\"@id\":\"https:\/\/dev.explora.cl\/rios\/#\/schema\/person\/image\/\",\"url\":\"https:\/\/secure.gravatar.com\/avatar\/a1c7f8b1dd453e8facadec2bf18354190c777b5556feaaadfa0f6a129ab9b015?s=96&d=mm&r=g\",\"contentUrl\":\"https:\/\/secure.gravatar.com\/avatar\/a1c7f8b1dd453e8facadec2bf18354190c777b5556feaaadfa0f6a129ab9b015?s=96&d=mm&r=g\",\"caption\":\"smancilla\"},\"url\":\"https:\/\/dev.explora.cl\/rios\/author\/smancilla\/\"}]}<\/script>\n<!-- \/ Yoast SEO plugin. -->","yoast_head_json":{"title":"Programa de Indagaci\u00f3n en Primeras Edades - Los R\u00edos","robots":{"index":"index","follow":"follow","max-snippet":"max-snippet:-1","max-image-preview":"max-image-preview:large","max-video-preview":"max-video-preview:-1"},"canonical":"https:\/\/dev.explora.cl\/rios\/pipe2020\/","og_locale":"es_ES","og_type":"article","og_title":"Programa de Indagaci\u00f3n en Primeras Edades - Los R\u00edos","og_description":"Conoce los resultados de las postulaciones para las capacitaciones de abril 2020.","og_url":"https:\/\/dev.explora.cl\/rios\/pipe2020\/","og_site_name":"Los R\u00edos","article_published_time":"2019-12-18T15:48:52+00:00","article_modified_time":"2020-01-15T20:04:25+00:00","og_image":[{"width":1532,"height":1000,"url":"https:\/\/dev.explora.cl\/rios\/wp-content\/uploads\/sites\/16\/2019\/12\/banner-PIPE-resultados-01.jpg","type":"image\/jpeg"}],"author":"smancilla","twitter_card":"summary_large_image","twitter_misc":{"Escrito por":"smancilla","Tiempo estimado de lectura":"4 minutos"},"schema":{"@context":"https:\/\/schema.org","@graph":[{"@type":"Article","@id":"https:\/\/dev.explora.cl\/rios\/pipe2020\/#article","isPartOf":{"@id":"https:\/\/dev.explora.cl\/rios\/pipe2020\/"},"author":{"name":"smancilla","@id":"https:\/\/dev.explora.cl\/rios\/#\/schema\/person\/279896208736d277e75690dde6cc1ea9"},"headline":"Programa de Indagaci\u00f3n en Primeras Edades","datePublished":"2019-12-18T15:48:52+00:00","dateModified":"2020-01-15T20:04:25+00:00","mainEntityOfPage":{"@id":"https:\/\/dev.explora.cl\/rios\/pipe2020\/"},"wordCount":876,"commentCount":0,"image":{"@id":"https:\/\/dev.explora.cl\/rios\/pipe2020\/#primaryimage"},"thumbnailUrl":"https:\/\/dev.explora.cl\/rios\/wp-content\/uploads\/sites\/16\/2019\/12\/banner-PIPE-resultados-01.jpg","keywords":["capacitaci\u00f3n","pipe","preescolar"],"articleSection":["Banner","Lugar 1"],"inLanguage":"es-CL","potentialAction":[{"@type":"CommentAction","name":"Comment","target":["https:\/\/dev.explora.cl\/rios\/pipe2020\/#respond"]}]},{"@type":"WebPage","@id":"https:\/\/dev.explora.cl\/rios\/pipe2020\/","url":"https:\/\/dev.explora.cl\/rios\/pipe2020\/","name":"Programa de Indagaci\u00f3n en Primeras Edades - Los R\u00edos","isPartOf":{"@id":"https:\/\/dev.explora.cl\/rios\/#website"},"primaryImageOfPage":{"@id":"https:\/\/dev.explora.cl\/rios\/pipe2020\/#primaryimage"},"image":{"@id":"https:\/\/dev.explora.cl\/rios\/pipe2020\/#primaryimage"},"thumbnailUrl":"https:\/\/dev.explora.cl\/rios\/wp-content\/uploads\/sites\/16\/2019\/12\/banner-PIPE-resultados-01.jpg","datePublished":"2019-12-18T15:48:52+00:00","dateModified":"2020-01-15T20:04:25+00:00","author":{"@id":"https:\/\/dev.explora.cl\/rios\/#\/schema\/person\/279896208736d277e75690dde6cc1ea9"},"breadcrumb":{"@id":"https:\/\/dev.explora.cl\/rios\/pipe2020\/#breadcrumb"},"inLanguage":"es-CL","potentialAction":[{"@type":"ReadAction","target":["https:\/\/dev.explora.cl\/rios\/pipe2020\/"]}]},{"@type":"ImageObject","inLanguage":"es-CL","@id":"https:\/\/dev.explora.cl\/rios\/pipe2020\/#primaryimage","url":"https:\/\/dev.explora.cl\/rios\/wp-content\/uploads\/sites\/16\/2019\/12\/banner-PIPE-resultados-01.jpg","contentUrl":"https:\/\/dev.explora.cl\/rios\/wp-content\/uploads\/sites\/16\/2019\/12\/banner-PIPE-resultados-01.jpg","width":1532,"height":1000},{"@type":"BreadcrumbList","@id":"https:\/\/dev.explora.cl\/rios\/pipe2020\/#breadcrumb","itemListElement":[{"@type":"ListItem","position":1,"name":"Portada","item":"https:\/\/dev.explora.cl\/rios\/"},{"@type":"ListItem","position":2,"name":"Programa de Indagaci\u00f3n en Primeras Edades"}]},{"@type":"WebSite","@id":"https:\/\/dev.explora.cl\/rios\/#website","url":"https:\/\/dev.explora.cl\/rios\/","name":"Los R\u00edos","description":"Otro sitio m\u00e1s de dev.explora.cl","potentialAction":[{"@type":"SearchAction","target":{"@type":"EntryPoint","urlTemplate":"https:\/\/dev.explora.cl\/rios\/?s={search_term_string}"},"query-input":{"@type":"PropertyValueSpecification","valueRequired":true,"valueName":"search_term_string"}}],"inLanguage":"es-CL"},{"@type":"Person","@id":"https:\/\/dev.explora.cl\/rios\/#\/schema\/person\/279896208736d277e75690dde6cc1ea9","name":"smancilla","image":{"@type":"ImageObject","inLanguage":"es-CL","@id":"https:\/\/dev.explora.cl\/rios\/#\/schema\/person\/image\/","url":"https:\/\/secure.gravatar.com\/avatar\/a1c7f8b1dd453e8facadec2bf18354190c777b5556feaaadfa0f6a129ab9b015?s=96&d=mm&r=g","contentUrl":"https:\/\/secure.gravatar.com\/avatar\/a1c7f8b1dd453e8facadec2bf18354190c777b5556feaaadfa0f6a129ab9b015?s=96&d=mm&r=g","caption":"smancilla"},"url":"https:\/\/dev.explora.cl\/rios\/author\/smancilla\/"}]}},"_links":{"self":[{"href":"https:\/\/dev.explora.cl\/rios\/wp-json\/wp\/v2\/posts\/38721","targetHints":{"allow":["GET"]}}],"collection":[{"href":"https:\/\/dev.explora.cl\/rios\/wp-json\/wp\/v2\/posts"}],"about":[{"href":"https:\/\/dev.explora.cl\/rios\/wp-json\/wp\/v2\/types\/post"}],"author":[{"embeddable":true,"href":"https:\/\/dev.explora.cl\/rios\/wp-json\/wp\/v2\/users\/31"}],"replies":[{"embeddable":true,"href":"https:\/\/dev.explora.cl\/rios\/wp-json\/wp\/v2\/comments?post=38721"}],"version-history":[{"count":16,"href":"https:\/\/dev.explora.cl\/rios\/wp-json\/wp\/v2\/posts\/38721\/revisions"}],"predecessor-version":[{"id":38773,"href":"https:\/\/dev.explora.cl\/rios\/wp-json\/wp\/v2\/posts\/38721\/revisions\/38773"}],"wp:featuredmedia":[{"embeddable":true,"href":"https:\/\/dev.explora.cl\/rios\/wp-json\/wp\/v2\/media\/38766"}],"wp:attachment":[{"href":"https:\/\/dev.explora.cl\/rios\/wp-json\/wp\/v2\/media?parent=38721"}],"wp:term":[{"taxonomy":"category","embeddable":true,"href":"https:\/\/dev.explora.cl\/rios\/wp-json\/wp\/v2\/categories?post=38721"},{"taxonomy":"post_tag","embeddable":true,"href":"https:\/\/dev.explora.cl\/rios\/wp-json\/wp\/v2\/tags?post=38721"}],"curies":[{"name":"wp","href":"https:\/\/api.w.org\/{rel}","templated":true}]}}