{"id":38702,"date":"2019-12-06T14:52:38","date_gmt":"2019-12-06T17:52:38","guid":{"rendered":"https:\/\/dev.explora.cl\/rios\/?p=38702"},"modified":"2020-01-20T22:39:24","modified_gmt":"2020-01-21T01:39:24","slug":"un-campamento-para-cambiar-la-educacion-en-ciencias","status":"publish","type":"post","link":"https:\/\/dev.explora.cl\/rios\/un-campamento-para-cambiar-la-educacion-en-ciencias\/","title":{"rendered":"Un campamento para cambiar la educaci\u00f3n en ciencias"},"content":{"rendered":"<h3>Generar un cambio de mirada de la educaci\u00f3n en docentes de todas las disciplinas es uno de los principales objetivos de los Campamentos para Profes Explora VA! que impulsan los PAR Explora a lo largo del pa\u00eds.<\/h3>\n<p>La educaci\u00f3n es en muchos casos un esfuerzo personal de cada docente que busca encantar a sus estudiantes con las diversas materias del curr\u00edculo escolar. Pero a veces las fuerzas no son suficientes y es necesario un empuj\u00f3n. Especialmente emocional.<\/p>\n<p>Los Campamentos de Ciencias para Profes Explora VA! poseen esa cualidad, buscan potenciar la labor de docentes, profesionales, t\u00e9cnicos y directivos de la educaci\u00f3n para que sean verdaderos agentes de cambio en sus establecimientos.<\/p>\n<p>Estos campamentos duran una semana, en total aislamiento: durmiendo, comiendo, caminando y hablando sobre educaci\u00f3n y ciencia en un ambiente que muchas veces se asemeja m\u00e1s a un <em>jamboree<\/em> que a una capacitaci\u00f3n. Pero esa es la esencia del cambio, que desde una experiencia vivencial se generen lazos y convicciones que lleguen a generar nuevas concepciones en estos agentes de cambio.<\/p>\n<p>Juan Arnoldo Morales, profesor de estado en Educaci\u00f3n General B\u00e1sica de R\u00edo Bueno particip\u00f3 en el campamento de 2018. \u201cCon s\u00f3lo leer <em>Campamento<\/em> me trajo recuerdos de la juventud\u201d se\u00f1al\u00f3 sobre sus motivaciones para inscribirse en esta instancia que lo llev\u00f3 a \u201cparticipar y aprender actividades desafiantes para mejorar aprendizajes con los estudiantes\u201d.<\/p>\n<h3 style=\"text-align: right\">Estos campamentos duran una semana, en total aislamiento: durmiendo, comiendo, caminando y hablando sobre educaci\u00f3n y ciencia en un ambiente que muchas veces se asemeja m\u00e1s a un <em>jamboree<\/em> que a una capacitaci\u00f3n.<\/h3>\n<p>\u201cLa verdad, conoc\u00eda muy pocos profesores; pero, mi postura es de reconocimiento a la labor de los docentes, que dan con generosidad d\u00edas de sus vacaciones a compartir con otros colegas y de seguro que tienen un c\u00famulo de ganas por aprender, de crecer como personas y de desarrollarse profesionalmente. Son valores que a trav\u00e9s de Explora VA! tienen un respaldo, un reconocimiento silencioso y un aporte a la vida profesional del docente\u201d se\u00f1al\u00f3.<\/p>\n<p>Y esos reconocimientos y cambios se ven reflejados en una actividad puntual que se desarrolla durante el campamento: la bit\u00e1cora. Algo asi como diario de vida de la experiencia en el campamento.<\/p>\n<figure id=\"attachment_38703\" aria-describedby=\"caption-attachment-38703\" style=\"width: 537px\" class=\"wp-caption aligncenter\"><img loading=\"lazy\" decoding=\"async\" class=\" wp-image-38703\" src=\"https:\/\/dev.explora.cl\/rios\/wp-content\/uploads\/sites\/16\/2019\/12\/campamento1.jpg\" alt=\"\" width=\"537\" height=\"358\" srcset=\"https:\/\/dev.explora.cl\/rios\/wp-content\/uploads\/sites\/16\/2019\/12\/campamento1.jpg 2000w, https:\/\/dev.explora.cl\/rios\/wp-content\/uploads\/sites\/16\/2019\/12\/campamento1-300x200.jpg 300w, https:\/\/dev.explora.cl\/rios\/wp-content\/uploads\/sites\/16\/2019\/12\/campamento1-768x512.jpg 768w, https:\/\/dev.explora.cl\/rios\/wp-content\/uploads\/sites\/16\/2019\/12\/campamento1-1024x682.jpg 1024w\" sizes=\"auto, (max-width: 537px) 100vw, 537px\" \/><figcaption id=\"caption-attachment-38703\" class=\"wp-caption-text\">En 2018 los y las campistas visitaron el Museo de Sitio Castillo de Niebla en una de las m\u00faltiples actividades en terreno.<\/figcaption><\/figure>\n<p>Ximena Molina es investigadora de la Facultad de Ciencias Agrarias de la Universidad Austral de Chile y ha sido movilizadora de varios campamentos realizados en la Regi\u00f3n de Los R\u00edos. Ella ha visto como docentes que han llegado a este evento cambian su percepci\u00f3n de la educaci\u00f3n y c\u00f3mo la ciencia puede jugar un rol fundamental en la pedagog\u00eda de m\u00faltiples \u00e1reas.<\/p>\n<p>\u201cHay muchos relatos, pero todos convergen en un cambio en la persona m\u00e1s que en adquirir herramientas. El campamento les abre un mundo, rompe sus paradigmas y los hace protagonistas de su quehacer. Algunos llegaron s\u00faper motivados, cansados, ansiosos, esc\u00e9pticos, etc., pero van siendo conquistados por el ambiente, las personas y las vivencias de una manera significativa para sus vidas\u201d concluye la investigadora.<\/p>\n<p>\u201cSo\u00f1ar mejores escuelas integradas a la comunidad\u201d, \u201cde un profesor conservador me he transformado en un docente m\u00e1s din\u00e1mico y dispuesto al cambio\u201d, \u201ccomprend\u00ed que la ciencia no es algo tan lejano como yo pensaba\u201d o \u201csiento que me he re-encantado con mi profesi\u00f3n\u201d, son algunas de las frases escritas en las bit\u00e1coras de docentes participantes de campamentos en Llif\u00e9n, comuna de Futrono.<\/p>\n<p>Estos campamentos, si bien llevan el t\u00edtulo \u201cde ciencia\u201d no solo reciben a profesionales ligados a las ciencias <em>tradicionales<\/em>, sino que tambi\u00e9n a profesores y profesoras de otras especialidades.<\/p>\n<h3 style=\"text-align: right\">\u201cSo\u00f1ar mejores escuelas integradas a la comunidad\u201d, \u201cde un profesor conservador me he transformado en un docente m\u00e1s din\u00e1mico y dispuesto al cambio\u201d, \u201ccomprend\u00ed que la ciencia no es algo tan lejano como yo pensaba\u201d o \u201csiento que me he re-encantado con mi profesi\u00f3n\u201d, son algunas de las frases escritas en las bit\u00e1coras<\/h3>\n<p>Entre ellas estuvo Gisela Yelor, docente de ingl\u00e9s de Futrono que tambi\u00e9n fue parte del campamento 2018. Uno de sus aprendizajes principales fue \u201cdescubrir que, siendo profesora de Ingl\u00e9s, y por vivir toda mi vida en el sur, el campo, tengo mayor conocimiento del entorno que mis pares de la ciudad\u201d. Agrega tambi\u00e9n que \u201cfue gratificante que compa\u00f1eros del grupo me hayan elegido por reunir las caracter\u00edsticas del esp\u00edritu del campamento, pues en mi colegio creo pasan desapercibidas\u201d.<\/p>\n<figure id=\"attachment_38704\" aria-describedby=\"caption-attachment-38704\" style=\"width: 594px\" class=\"wp-caption aligncenter\"><img loading=\"lazy\" decoding=\"async\" class=\" wp-image-38704\" src=\"https:\/\/dev.explora.cl\/rios\/wp-content\/uploads\/sites\/16\/2019\/12\/campamento3.jpg\" alt=\"\" width=\"594\" height=\"396\" srcset=\"https:\/\/dev.explora.cl\/rios\/wp-content\/uploads\/sites\/16\/2019\/12\/campamento3.jpg 2000w, https:\/\/dev.explora.cl\/rios\/wp-content\/uploads\/sites\/16\/2019\/12\/campamento3-300x200.jpg 300w, https:\/\/dev.explora.cl\/rios\/wp-content\/uploads\/sites\/16\/2019\/12\/campamento3-768x512.jpg 768w, https:\/\/dev.explora.cl\/rios\/wp-content\/uploads\/sites\/16\/2019\/12\/campamento3-1024x682.jpg 1024w\" sizes=\"auto, (max-width: 594px) 100vw, 594px\" \/><figcaption id=\"caption-attachment-38704\" class=\"wp-caption-text\">El trabajo en equipo y repensar la educaci\u00f3n en ciencias es parte del d\u00eda a d\u00eda del campamento.<\/figcaption><\/figure>\n<p>Para Gisela los participantes compart\u00edan los mismos intereses. \u201cEn realidad no solo los profesores de ciencia saben de ciencia. Todos podemos aportar desde nuestras diferentes disciplinas\u201d. Una experiencia que, para la docente, \u201cllena de energ\u00eda, ganas de trabajar en equipo y complementar tus saberes\u201d.<\/p>\n<p>En enero de 2020 se repetir\u00e1 la experiencia en el coraz\u00f3n del Parque Nacional Puyehue con un grupo de 100 docentes, t\u00e9cnicos\/as y directivos de la educaci\u00f3n de las regiones de Los R\u00edos y Los Lagos.<\/p>\n<p>Desde el lunes 20 al viernes 24 de enero se desarrollar\u00e1 el Campamento de Ciencias para Profes Explora VA! en el Centro de Ski y Monta\u00f1a Hotel Antillanca. Es parte de un esfuerzo conjunto de los PAR Explora de Los R\u00edos y Los Lagos que invitan a docentes de ambas regiones a ser parte de una experiencia \u00fanica.<\/p>\n","protected":false},"excerpt":{"rendered":"<p>Generar un cambio de mirada de la educaci\u00f3n en docentes de todas las disciplinas es uno de los principales objetivos de los Campamentos para Profes Explora VA! que impulsan los PAR Explora a lo largo del pa\u00eds.<\/p>\n","protected":false},"author":31,"featured_media":38703,"comment_status":"open","ping_status":"open","sticky":false,"template":"","format":"standard","meta":{"_acf_changed":false,"_exactmetrics_skip_tracking":false,"_exactmetrics_sitenote_active":false,"_exactmetrics_sitenote_note":"","_exactmetrics_sitenote_category":0,"footnotes":"","_links_to":"","_links_to_target":""},"categories":[141,4],"tags":[297,301,302,228],"class_list":["post-38702","post","type-post","status-publish","format-standard","has-post-thumbnail","hentry","category-lugar-6","category-noticias","tag-campamento","tag-campamento-explora-va","tag-llifen","tag-profesores"],"acf":[],"yoast_head":"<!-- This site is optimized with the Yoast SEO plugin v26.7 - https:\/\/yoast.com\/wordpress\/plugins\/seo\/ -->\n<title>Un campamento para cambiar la educaci\u00f3n en ciencias - Los R\u00edos<\/title>\n<meta name=\"robots\" content=\"index, follow, max-snippet:-1, max-image-preview:large, max-video-preview:-1\" \/>\n<link rel=\"canonical\" href=\"https:\/\/dev.explora.cl\/rios\/un-campamento-para-cambiar-la-educacion-en-ciencias\/\" class=\"yoast-seo-meta-tag\" \/>\n<meta property=\"og:locale\" content=\"es_ES\" class=\"yoast-seo-meta-tag\" \/>\n<meta property=\"og:type\" content=\"article\" class=\"yoast-seo-meta-tag\" \/>\n<meta property=\"og:title\" content=\"Un campamento para cambiar la educaci\u00f3n en ciencias - Los R\u00edos\" class=\"yoast-seo-meta-tag\" \/>\n<meta property=\"og:description\" content=\"Generar un cambio de mirada de la educaci\u00f3n en docentes de todas las disciplinas es uno de los principales objetivos de los Campamentos para Profes Explora VA! que impulsan los PAR Explora a lo largo del pa\u00eds.\" class=\"yoast-seo-meta-tag\" \/>\n<meta property=\"og:url\" content=\"https:\/\/dev.explora.cl\/rios\/un-campamento-para-cambiar-la-educacion-en-ciencias\/\" class=\"yoast-seo-meta-tag\" \/>\n<meta property=\"og:site_name\" content=\"Los R\u00edos\" class=\"yoast-seo-meta-tag\" \/>\n<meta property=\"article:published_time\" content=\"2019-12-06T17:52:38+00:00\" class=\"yoast-seo-meta-tag\" \/>\n<meta property=\"article:modified_time\" content=\"2020-01-21T01:39:24+00:00\" class=\"yoast-seo-meta-tag\" \/>\n<meta property=\"og:image\" content=\"https:\/\/dev.explora.cl\/rios\/wp-content\/uploads\/sites\/16\/2019\/12\/campamento1.jpg\" class=\"yoast-seo-meta-tag\" \/>\n\t<meta property=\"og:image:width\" content=\"2000\" class=\"yoast-seo-meta-tag\" \/>\n\t<meta property=\"og:image:height\" content=\"1333\" class=\"yoast-seo-meta-tag\" \/>\n\t<meta property=\"og:image:type\" content=\"image\/jpeg\" class=\"yoast-seo-meta-tag\" \/>\n<meta name=\"author\" content=\"smancilla\" class=\"yoast-seo-meta-tag\" \/>\n<meta name=\"twitter:card\" content=\"summary_large_image\" class=\"yoast-seo-meta-tag\" \/>\n<meta name=\"twitter:label1\" content=\"Escrito por\" class=\"yoast-seo-meta-tag\" \/>\n\t<meta name=\"twitter:data1\" content=\"smancilla\" class=\"yoast-seo-meta-tag\" \/>\n\t<meta name=\"twitter:label2\" content=\"Tiempo estimado de lectura\" class=\"yoast-seo-meta-tag\" \/>\n\t<meta name=\"twitter:data2\" content=\"5 minutos\" class=\"yoast-seo-meta-tag\" \/>\n<script type=\"application\/ld+json\" class=\"yoast-schema-graph\">{\"@context\":\"https:\/\/schema.org\",\"@graph\":[{\"@type\":\"Article\",\"@id\":\"https:\/\/dev.explora.cl\/rios\/un-campamento-para-cambiar-la-educacion-en-ciencias\/#article\",\"isPartOf\":{\"@id\":\"https:\/\/dev.explora.cl\/rios\/un-campamento-para-cambiar-la-educacion-en-ciencias\/\"},\"author\":{\"name\":\"smancilla\",\"@id\":\"https:\/\/dev.explora.cl\/rios\/#\/schema\/person\/279896208736d277e75690dde6cc1ea9\"},\"headline\":\"Un campamento para cambiar la educaci\u00f3n en ciencias\",\"datePublished\":\"2019-12-06T17:52:38+00:00\",\"dateModified\":\"2020-01-21T01:39:24+00:00\",\"mainEntityOfPage\":{\"@id\":\"https:\/\/dev.explora.cl\/rios\/un-campamento-para-cambiar-la-educacion-en-ciencias\/\"},\"wordCount\":973,\"commentCount\":0,\"image\":{\"@id\":\"https:\/\/dev.explora.cl\/rios\/un-campamento-para-cambiar-la-educacion-en-ciencias\/#primaryimage\"},\"thumbnailUrl\":\"https:\/\/dev.explora.cl\/rios\/wp-content\/uploads\/sites\/16\/2019\/12\/campamento1.jpg\",\"keywords\":[\"campamento\",\"Campamento Explora VA!\",\"Llif\u00e9n\",\"profesores\"],\"articleSection\":[\"Lugar 6\",\"Noticias\"],\"inLanguage\":\"es-CL\",\"potentialAction\":[{\"@type\":\"CommentAction\",\"name\":\"Comment\",\"target\":[\"https:\/\/dev.explora.cl\/rios\/un-campamento-para-cambiar-la-educacion-en-ciencias\/#respond\"]}]},{\"@type\":\"WebPage\",\"@id\":\"https:\/\/dev.explora.cl\/rios\/un-campamento-para-cambiar-la-educacion-en-ciencias\/\",\"url\":\"https:\/\/dev.explora.cl\/rios\/un-campamento-para-cambiar-la-educacion-en-ciencias\/\",\"name\":\"Un campamento para cambiar la educaci\u00f3n en ciencias - Los R\u00edos\",\"isPartOf\":{\"@id\":\"https:\/\/dev.explora.cl\/rios\/#website\"},\"primaryImageOfPage\":{\"@id\":\"https:\/\/dev.explora.cl\/rios\/un-campamento-para-cambiar-la-educacion-en-ciencias\/#primaryimage\"},\"image\":{\"@id\":\"https:\/\/dev.explora.cl\/rios\/un-campamento-para-cambiar-la-educacion-en-ciencias\/#primaryimage\"},\"thumbnailUrl\":\"https:\/\/dev.explora.cl\/rios\/wp-content\/uploads\/sites\/16\/2019\/12\/campamento1.jpg\",\"datePublished\":\"2019-12-06T17:52:38+00:00\",\"dateModified\":\"2020-01-21T01:39:24+00:00\",\"author\":{\"@id\":\"https:\/\/dev.explora.cl\/rios\/#\/schema\/person\/279896208736d277e75690dde6cc1ea9\"},\"breadcrumb\":{\"@id\":\"https:\/\/dev.explora.cl\/rios\/un-campamento-para-cambiar-la-educacion-en-ciencias\/#breadcrumb\"},\"inLanguage\":\"es-CL\",\"potentialAction\":[{\"@type\":\"ReadAction\",\"target\":[\"https:\/\/dev.explora.cl\/rios\/un-campamento-para-cambiar-la-educacion-en-ciencias\/\"]}]},{\"@type\":\"ImageObject\",\"inLanguage\":\"es-CL\",\"@id\":\"https:\/\/dev.explora.cl\/rios\/un-campamento-para-cambiar-la-educacion-en-ciencias\/#primaryimage\",\"url\":\"https:\/\/dev.explora.cl\/rios\/wp-content\/uploads\/sites\/16\/2019\/12\/campamento1.jpg\",\"contentUrl\":\"https:\/\/dev.explora.cl\/rios\/wp-content\/uploads\/sites\/16\/2019\/12\/campamento1.jpg\",\"width\":2000,\"height\":1333,\"caption\":\"En 2018 los y las campistas visitaron el Museo de Sitio Castillo de Niebla.\"},{\"@type\":\"BreadcrumbList\",\"@id\":\"https:\/\/dev.explora.cl\/rios\/un-campamento-para-cambiar-la-educacion-en-ciencias\/#breadcrumb\",\"itemListElement\":[{\"@type\":\"ListItem\",\"position\":1,\"name\":\"Portada\",\"item\":\"https:\/\/dev.explora.cl\/rios\/\"},{\"@type\":\"ListItem\",\"position\":2,\"name\":\"Un campamento para cambiar la educaci\u00f3n en ciencias\"}]},{\"@type\":\"WebSite\",\"@id\":\"https:\/\/dev.explora.cl\/rios\/#website\",\"url\":\"https:\/\/dev.explora.cl\/rios\/\",\"name\":\"Los R\u00edos\",\"description\":\"Otro sitio m\u00e1s de dev.explora.cl\",\"potentialAction\":[{\"@type\":\"SearchAction\",\"target\":{\"@type\":\"EntryPoint\",\"urlTemplate\":\"https:\/\/dev.explora.cl\/rios\/?s={search_term_string}\"},\"query-input\":{\"@type\":\"PropertyValueSpecification\",\"valueRequired\":true,\"valueName\":\"search_term_string\"}}],\"inLanguage\":\"es-CL\"},{\"@type\":\"Person\",\"@id\":\"https:\/\/dev.explora.cl\/rios\/#\/schema\/person\/279896208736d277e75690dde6cc1ea9\",\"name\":\"smancilla\",\"image\":{\"@type\":\"ImageObject\",\"inLanguage\":\"es-CL\",\"@id\":\"https:\/\/dev.explora.cl\/rios\/#\/schema\/person\/image\/\",\"url\":\"https:\/\/secure.gravatar.com\/avatar\/a1c7f8b1dd453e8facadec2bf18354190c777b5556feaaadfa0f6a129ab9b015?s=96&d=mm&r=g\",\"contentUrl\":\"https:\/\/secure.gravatar.com\/avatar\/a1c7f8b1dd453e8facadec2bf18354190c777b5556feaaadfa0f6a129ab9b015?s=96&d=mm&r=g\",\"caption\":\"smancilla\"},\"url\":\"https:\/\/dev.explora.cl\/rios\/author\/smancilla\/\"}]}<\/script>\n<!-- \/ Yoast SEO plugin. -->","yoast_head_json":{"title":"Un campamento para cambiar la educaci\u00f3n en ciencias - Los R\u00edos","robots":{"index":"index","follow":"follow","max-snippet":"max-snippet:-1","max-image-preview":"max-image-preview:large","max-video-preview":"max-video-preview:-1"},"canonical":"https:\/\/dev.explora.cl\/rios\/un-campamento-para-cambiar-la-educacion-en-ciencias\/","og_locale":"es_ES","og_type":"article","og_title":"Un campamento para cambiar la educaci\u00f3n en ciencias - Los R\u00edos","og_description":"Generar un cambio de mirada de la educaci\u00f3n en docentes de todas las disciplinas es uno de los principales objetivos de los Campamentos para Profes Explora VA! que impulsan los PAR Explora a lo largo del pa\u00eds.","og_url":"https:\/\/dev.explora.cl\/rios\/un-campamento-para-cambiar-la-educacion-en-ciencias\/","og_site_name":"Los R\u00edos","article_published_time":"2019-12-06T17:52:38+00:00","article_modified_time":"2020-01-21T01:39:24+00:00","og_image":[{"width":2000,"height":1333,"url":"https:\/\/dev.explora.cl\/rios\/wp-content\/uploads\/sites\/16\/2019\/12\/campamento1.jpg","type":"image\/jpeg"}],"author":"smancilla","twitter_card":"summary_large_image","twitter_misc":{"Escrito por":"smancilla","Tiempo estimado de lectura":"5 minutos"},"schema":{"@context":"https:\/\/schema.org","@graph":[{"@type":"Article","@id":"https:\/\/dev.explora.cl\/rios\/un-campamento-para-cambiar-la-educacion-en-ciencias\/#article","isPartOf":{"@id":"https:\/\/dev.explora.cl\/rios\/un-campamento-para-cambiar-la-educacion-en-ciencias\/"},"author":{"name":"smancilla","@id":"https:\/\/dev.explora.cl\/rios\/#\/schema\/person\/279896208736d277e75690dde6cc1ea9"},"headline":"Un campamento para cambiar la educaci\u00f3n en ciencias","datePublished":"2019-12-06T17:52:38+00:00","dateModified":"2020-01-21T01:39:24+00:00","mainEntityOfPage":{"@id":"https:\/\/dev.explora.cl\/rios\/un-campamento-para-cambiar-la-educacion-en-ciencias\/"},"wordCount":973,"commentCount":0,"image":{"@id":"https:\/\/dev.explora.cl\/rios\/un-campamento-para-cambiar-la-educacion-en-ciencias\/#primaryimage"},"thumbnailUrl":"https:\/\/dev.explora.cl\/rios\/wp-content\/uploads\/sites\/16\/2019\/12\/campamento1.jpg","keywords":["campamento","Campamento Explora VA!","Llif\u00e9n","profesores"],"articleSection":["Lugar 6","Noticias"],"inLanguage":"es-CL","potentialAction":[{"@type":"CommentAction","name":"Comment","target":["https:\/\/dev.explora.cl\/rios\/un-campamento-para-cambiar-la-educacion-en-ciencias\/#respond"]}]},{"@type":"WebPage","@id":"https:\/\/dev.explora.cl\/rios\/un-campamento-para-cambiar-la-educacion-en-ciencias\/","url":"https:\/\/dev.explora.cl\/rios\/un-campamento-para-cambiar-la-educacion-en-ciencias\/","name":"Un campamento para cambiar la educaci\u00f3n en ciencias - Los R\u00edos","isPartOf":{"@id":"https:\/\/dev.explora.cl\/rios\/#website"},"primaryImageOfPage":{"@id":"https:\/\/dev.explora.cl\/rios\/un-campamento-para-cambiar-la-educacion-en-ciencias\/#primaryimage"},"image":{"@id":"https:\/\/dev.explora.cl\/rios\/un-campamento-para-cambiar-la-educacion-en-ciencias\/#primaryimage"},"thumbnailUrl":"https:\/\/dev.explora.cl\/rios\/wp-content\/uploads\/sites\/16\/2019\/12\/campamento1.jpg","datePublished":"2019-12-06T17:52:38+00:00","dateModified":"2020-01-21T01:39:24+00:00","author":{"@id":"https:\/\/dev.explora.cl\/rios\/#\/schema\/person\/279896208736d277e75690dde6cc1ea9"},"breadcrumb":{"@id":"https:\/\/dev.explora.cl\/rios\/un-campamento-para-cambiar-la-educacion-en-ciencias\/#breadcrumb"},"inLanguage":"es-CL","potentialAction":[{"@type":"ReadAction","target":["https:\/\/dev.explora.cl\/rios\/un-campamento-para-cambiar-la-educacion-en-ciencias\/"]}]},{"@type":"ImageObject","inLanguage":"es-CL","@id":"https:\/\/dev.explora.cl\/rios\/un-campamento-para-cambiar-la-educacion-en-ciencias\/#primaryimage","url":"https:\/\/dev.explora.cl\/rios\/wp-content\/uploads\/sites\/16\/2019\/12\/campamento1.jpg","contentUrl":"https:\/\/dev.explora.cl\/rios\/wp-content\/uploads\/sites\/16\/2019\/12\/campamento1.jpg","width":2000,"height":1333,"caption":"En 2018 los y las campistas visitaron el Museo de Sitio Castillo de Niebla."},{"@type":"BreadcrumbList","@id":"https:\/\/dev.explora.cl\/rios\/un-campamento-para-cambiar-la-educacion-en-ciencias\/#breadcrumb","itemListElement":[{"@type":"ListItem","position":1,"name":"Portada","item":"https:\/\/dev.explora.cl\/rios\/"},{"@type":"ListItem","position":2,"name":"Un campamento para cambiar la educaci\u00f3n en ciencias"}]},{"@type":"WebSite","@id":"https:\/\/dev.explora.cl\/rios\/#website","url":"https:\/\/dev.explora.cl\/rios\/","name":"Los R\u00edos","description":"Otro sitio m\u00e1s de dev.explora.cl","potentialAction":[{"@type":"SearchAction","target":{"@type":"EntryPoint","urlTemplate":"https:\/\/dev.explora.cl\/rios\/?s={search_term_string}"},"query-input":{"@type":"PropertyValueSpecification","valueRequired":true,"valueName":"search_term_string"}}],"inLanguage":"es-CL"},{"@type":"Person","@id":"https:\/\/dev.explora.cl\/rios\/#\/schema\/person\/279896208736d277e75690dde6cc1ea9","name":"smancilla","image":{"@type":"ImageObject","inLanguage":"es-CL","@id":"https:\/\/dev.explora.cl\/rios\/#\/schema\/person\/image\/","url":"https:\/\/secure.gravatar.com\/avatar\/a1c7f8b1dd453e8facadec2bf18354190c777b5556feaaadfa0f6a129ab9b015?s=96&d=mm&r=g","contentUrl":"https:\/\/secure.gravatar.com\/avatar\/a1c7f8b1dd453e8facadec2bf18354190c777b5556feaaadfa0f6a129ab9b015?s=96&d=mm&r=g","caption":"smancilla"},"url":"https:\/\/dev.explora.cl\/rios\/author\/smancilla\/"}]}},"_links":{"self":[{"href":"https:\/\/dev.explora.cl\/rios\/wp-json\/wp\/v2\/posts\/38702","targetHints":{"allow":["GET"]}}],"collection":[{"href":"https:\/\/dev.explora.cl\/rios\/wp-json\/wp\/v2\/posts"}],"about":[{"href":"https:\/\/dev.explora.cl\/rios\/wp-json\/wp\/v2\/types\/post"}],"author":[{"embeddable":true,"href":"https:\/\/dev.explora.cl\/rios\/wp-json\/wp\/v2\/users\/31"}],"replies":[{"embeddable":true,"href":"https:\/\/dev.explora.cl\/rios\/wp-json\/wp\/v2\/comments?post=38702"}],"version-history":[{"count":3,"href":"https:\/\/dev.explora.cl\/rios\/wp-json\/wp\/v2\/posts\/38702\/revisions"}],"predecessor-version":[{"id":38708,"href":"https:\/\/dev.explora.cl\/rios\/wp-json\/wp\/v2\/posts\/38702\/revisions\/38708"}],"wp:featuredmedia":[{"embeddable":true,"href":"https:\/\/dev.explora.cl\/rios\/wp-json\/wp\/v2\/media\/38703"}],"wp:attachment":[{"href":"https:\/\/dev.explora.cl\/rios\/wp-json\/wp\/v2\/media?parent=38702"}],"wp:term":[{"taxonomy":"category","embeddable":true,"href":"https:\/\/dev.explora.cl\/rios\/wp-json\/wp\/v2\/categories?post=38702"},{"taxonomy":"post_tag","embeddable":true,"href":"https:\/\/dev.explora.cl\/rios\/wp-json\/wp\/v2\/tags?post=38702"}],"curies":[{"name":"wp","href":"https:\/\/api.w.org\/{rel}","templated":true}]}}