{"id":38552,"date":"2019-08-30T10:23:28","date_gmt":"2019-08-30T14:23:28","guid":{"rendered":"https:\/\/dev.explora.cl\/rios\/?p=38552"},"modified":"2019-11-18T15:28:32","modified_gmt":"2019-11-18T18:28:32","slug":"explorines","status":"publish","type":"post","link":"https:\/\/dev.explora.cl\/rios\/explorines\/","title":{"rendered":"I Congreso Explorines"},"content":{"rendered":"<p>[vc_row][vc_column][vc_column_text]<\/p>\n<h2 style=\"text-align: center\"><span style=\"color: #ff0000\"><strong>ACTIVIDAD CANCELADA<\/strong><\/span><\/h2>\n<p style=\"text-align: center\"><strong>Debido a la contingencia actual el PAR Explora decidi\u00f3 suspender esta actividad. Esperamos nos puedan acompa\u00f1ar en una pr\u00f3xima edici\u00f3n del Congreso Explorines.<\/strong><\/p>\n<p>[\/vc_column_text][vc_empty_space][\/vc_column][vc_column][vc_separator][\/vc_column][\/vc_row][vc_row][vc_column width=&#8221;2\/3&#8243;][vc_column_text]<\/p>\n<h3>\u00a1Un congreso a nuestra medida!<\/h3>\n<p>Te damos la bienvenida al primer Congreso Explorines, un lugar para jugar, investigar y aprender usando la ciencia y la tecnolog\u00eda. \u00bfEres estudiante de educaci\u00f3n inicial o educaci\u00f3n b\u00e1sica primer ciclo? \u00a1Ya puedes participar!<\/p>\n<p>As\u00ed puedes participar:<\/p>\n<ul>\n<li>Desarrolla una investigaci\u00f3n cient\u00edfica en ciencias naturales o ciencias sociales, o una creaci\u00f3n tecnol\u00f3gica.<\/li>\n<li>Pide ayuda a tus profes para llenar el formulario de tu proyecto. Tambi\u00e9n necesitas el permiso de tu apoderado o apoderada para participar.<\/li>\n<li>Env\u00eda tu postulaci\u00f3n a trav\u00e9s del formulario que encontrar\u00e1s en esta p\u00e1gina<\/li>\n<\/ul>\n<p>\u00bfNecesitas m\u00e1s informaci\u00f3n? Descarga las bases y resuelve todas tus dudas, all\u00ed encontrar\u00e1s lo que debes presentar, el horario y algunas restricciones de la presentaci\u00f3n en tu stand.<\/p>\n<p>Es muy importante saber que no podr\u00e1n participar proyectos: que usen animales vertebrados o invertebrados, env\u00eden su formulario incompleto o fuera del plazo y\/o presenten r\u00e9plicas o demostraciones de investigaciones o experimentos (ej. un volc\u00e1n de bicarbonato).<\/p>\n<p>El congreso no tiene un car\u00e1cter competitivo sino solo de exhibici\u00f3n, cada curso participante recibir\u00e1 un diploma y un incentivo por su participaci\u00f3n.[\/vc_column_text][\/vc_column][vc_column width=&#8221;1\/3&#8243;][vc_column_text]<\/p>\n<h3>Descargas<\/h3>\n<p>Obtiene las bases y formularios anexos que se deben utilizar para la postulaci\u00f3n.[\/vc_column_text][vc_btn title=&#8221;Descargar Bases (PDF)&#8221; style=&#8221;custom&#8221; custom_background=&#8221;#6fd626&#8243; custom_text=&#8221;#ffffff&#8221; size=&#8221;lg&#8221; align=&#8221;center&#8221; link=&#8221;url:https%3A%2F%2Fdev.explora.cl%2Frios%2Fwp-content%2Fuploads%2Fsites%2F16%2F2019%2F08%2FBases-Explorines-Preescolar-a-4to-Basico-2.pdf|||&#8221; button_block=&#8221;true&#8221;][vc_btn title=&#8221;Formulario de Postulaci\u00f3n&#8221; style=&#8221;custom&#8221; custom_background=&#8221;#178cc6&#8243; custom_text=&#8221;#fcfcfc&#8221; size=&#8221;lg&#8221; align=&#8221;center&#8221; link=&#8221;url:https%3A%2F%2Fdev.explora.cl%2Frios%2Fwp-content%2Fuploads%2Fsites%2F16%2F2019%2F08%2FFormulario-Preescolar-a-4to-basico_2.docx|||&#8221; button_block=&#8221;true&#8221;][vc_row_inner][vc_column_inner width=&#8221;1\/2&#8243;][vc_btn title=&#8221;Carta Compromiso&#8221; style=&#8221;custom&#8221; custom_background=&#8221;#dd2727&#8243; custom_text=&#8221;#ffffff&#8221; size=&#8221;sm&#8221; link=&#8221;url:https%3A%2F%2Fdev.explora.cl%2Frios%2Fwp-content%2Fuploads%2Fsites%2F16%2F2019%2F08%2FANEXO-1-Carta-Compromiso-Congreso-Explorines-2019.docx|||&#8221;][\/vc_column_inner][vc_column_inner width=&#8221;1\/2&#8243;][vc_btn title=&#8221;Autorizaci\u00f3n Apoderados&#8221; style=&#8221;custom&#8221; custom_background=&#8221;#dd2727&#8243; custom_text=&#8221;#ffffff&#8221; size=&#8221;sm&#8221; link=&#8221;url:https%3A%2F%2Fdev.explora.cl%2Frios%2Fwp-content%2Fuploads%2Fsites%2F16%2F2019%2F08%2FAnexo-2-autorizacion-apoderado-Congreso-Explorines.docx|||&#8221;][\/vc_column_inner][\/vc_row_inner][\/vc_column][vc_column][\/vc_column][\/vc_row]<\/p>\n","protected":false},"excerpt":{"rendered":"<p>La actividad ha sido suspendida. Esperamos nos acompa\u00f1en en la versi\u00f3n 2020.<\/p>\n","protected":false},"author":31,"featured_media":38676,"comment_status":"open","ping_status":"open","sticky":false,"template":"","format":"standard","meta":{"_acf_changed":false,"_exactmetrics_skip_tracking":false,"_exactmetrics_sitenote_active":false,"_exactmetrics_sitenote_note":"","_exactmetrics_sitenote_category":0,"footnotes":"","_links_to":"","_links_to_target":""},"categories":[151,1],"tags":[278,279,277,262,280,281],"class_list":["post-38552","post","type-post","status-publish","format-standard","has-post-thumbnail","hentry","category-banner","category-sin-categoria","tag-congresito","tag-congreso-explorines","tag-educacion-inicial","tag-educacion-parvularia","tag-explorines","tag-parvulos"],"acf":[],"yoast_head":"<!-- This site is optimized with the Yoast SEO plugin v26.7 - https:\/\/yoast.com\/wordpress\/plugins\/seo\/ -->\n<title>I Congreso Explorines - Los R\u00edos<\/title>\n<meta name=\"robots\" content=\"index, follow, max-snippet:-1, max-image-preview:large, max-video-preview:-1\" \/>\n<link rel=\"canonical\" href=\"https:\/\/dev.explora.cl\/rios\/explorines\/\" class=\"yoast-seo-meta-tag\" \/>\n<meta property=\"og:locale\" content=\"es_ES\" class=\"yoast-seo-meta-tag\" \/>\n<meta property=\"og:type\" content=\"article\" class=\"yoast-seo-meta-tag\" \/>\n<meta property=\"og:title\" content=\"I Congreso Explorines - Los R\u00edos\" class=\"yoast-seo-meta-tag\" \/>\n<meta property=\"og:description\" content=\"La actividad ha sido suspendida. Esperamos nos acompa\u00f1en en la versi\u00f3n 2020.\" class=\"yoast-seo-meta-tag\" \/>\n<meta property=\"og:url\" content=\"https:\/\/dev.explora.cl\/rios\/explorines\/\" class=\"yoast-seo-meta-tag\" \/>\n<meta property=\"og:site_name\" content=\"Los R\u00edos\" class=\"yoast-seo-meta-tag\" \/>\n<meta property=\"article:published_time\" content=\"2019-08-30T14:23:28+00:00\" class=\"yoast-seo-meta-tag\" \/>\n<meta property=\"article:modified_time\" content=\"2019-11-18T18:28:32+00:00\" class=\"yoast-seo-meta-tag\" \/>\n<meta property=\"og:image\" content=\"https:\/\/dev.explora.cl\/rios\/wp-content\/uploads\/sites\/16\/2019\/08\/cancelado-01.jpg\" class=\"yoast-seo-meta-tag\" \/>\n\t<meta property=\"og:image:width\" content=\"2294\" class=\"yoast-seo-meta-tag\" \/>\n\t<meta property=\"og:image:height\" content=\"1538\" class=\"yoast-seo-meta-tag\" \/>\n\t<meta property=\"og:image:type\" content=\"image\/jpeg\" class=\"yoast-seo-meta-tag\" \/>\n<meta name=\"author\" content=\"smancilla\" class=\"yoast-seo-meta-tag\" \/>\n<meta name=\"twitter:card\" content=\"summary_large_image\" class=\"yoast-seo-meta-tag\" \/>\n<meta name=\"twitter:label1\" content=\"Escrito por\" class=\"yoast-seo-meta-tag\" \/>\n\t<meta name=\"twitter:data1\" content=\"smancilla\" class=\"yoast-seo-meta-tag\" \/>\n\t<meta name=\"twitter:label2\" content=\"Tiempo estimado de lectura\" class=\"yoast-seo-meta-tag\" \/>\n\t<meta name=\"twitter:data2\" content=\"2 minutos\" class=\"yoast-seo-meta-tag\" \/>\n<script type=\"application\/ld+json\" class=\"yoast-schema-graph\">{\"@context\":\"https:\/\/schema.org\",\"@graph\":[{\"@type\":\"Article\",\"@id\":\"https:\/\/dev.explora.cl\/rios\/explorines\/#article\",\"isPartOf\":{\"@id\":\"https:\/\/dev.explora.cl\/rios\/explorines\/\"},\"author\":{\"name\":\"smancilla\",\"@id\":\"https:\/\/dev.explora.cl\/rios\/#\/schema\/person\/279896208736d277e75690dde6cc1ea9\"},\"headline\":\"I Congreso Explorines\",\"datePublished\":\"2019-08-30T14:23:28+00:00\",\"dateModified\":\"2019-11-18T18:28:32+00:00\",\"mainEntityOfPage\":{\"@id\":\"https:\/\/dev.explora.cl\/rios\/explorines\/\"},\"wordCount\":470,\"commentCount\":0,\"image\":{\"@id\":\"https:\/\/dev.explora.cl\/rios\/explorines\/#primaryimage\"},\"thumbnailUrl\":\"https:\/\/dev.explora.cl\/rios\/wp-content\/uploads\/sites\/16\/2019\/08\/cancelado-01.jpg\",\"keywords\":[\"congresito\",\"congreso explorines\",\"educaci\u00f3n inicial\",\"educaci\u00f3n parvularia\",\"explorines\",\"p\u00e1rvulos\"],\"articleSection\":[\"Banner\"],\"inLanguage\":\"es-CL\",\"potentialAction\":[{\"@type\":\"CommentAction\",\"name\":\"Comment\",\"target\":[\"https:\/\/dev.explora.cl\/rios\/explorines\/#respond\"]}]},{\"@type\":\"WebPage\",\"@id\":\"https:\/\/dev.explora.cl\/rios\/explorines\/\",\"url\":\"https:\/\/dev.explora.cl\/rios\/explorines\/\",\"name\":\"I Congreso Explorines - Los R\u00edos\",\"isPartOf\":{\"@id\":\"https:\/\/dev.explora.cl\/rios\/#website\"},\"primaryImageOfPage\":{\"@id\":\"https:\/\/dev.explora.cl\/rios\/explorines\/#primaryimage\"},\"image\":{\"@id\":\"https:\/\/dev.explora.cl\/rios\/explorines\/#primaryimage\"},\"thumbnailUrl\":\"https:\/\/dev.explora.cl\/rios\/wp-content\/uploads\/sites\/16\/2019\/08\/cancelado-01.jpg\",\"datePublished\":\"2019-08-30T14:23:28+00:00\",\"dateModified\":\"2019-11-18T18:28:32+00:00\",\"author\":{\"@id\":\"https:\/\/dev.explora.cl\/rios\/#\/schema\/person\/279896208736d277e75690dde6cc1ea9\"},\"breadcrumb\":{\"@id\":\"https:\/\/dev.explora.cl\/rios\/explorines\/#breadcrumb\"},\"inLanguage\":\"es-CL\",\"potentialAction\":[{\"@type\":\"ReadAction\",\"target\":[\"https:\/\/dev.explora.cl\/rios\/explorines\/\"]}]},{\"@type\":\"ImageObject\",\"inLanguage\":\"es-CL\",\"@id\":\"https:\/\/dev.explora.cl\/rios\/explorines\/#primaryimage\",\"url\":\"https:\/\/dev.explora.cl\/rios\/wp-content\/uploads\/sites\/16\/2019\/08\/cancelado-01.jpg\",\"contentUrl\":\"https:\/\/dev.explora.cl\/rios\/wp-content\/uploads\/sites\/16\/2019\/08\/cancelado-01.jpg\",\"width\":2294,\"height\":1538},{\"@type\":\"BreadcrumbList\",\"@id\":\"https:\/\/dev.explora.cl\/rios\/explorines\/#breadcrumb\",\"itemListElement\":[{\"@type\":\"ListItem\",\"position\":1,\"name\":\"Portada\",\"item\":\"https:\/\/dev.explora.cl\/rios\/\"},{\"@type\":\"ListItem\",\"position\":2,\"name\":\"I Congreso Explorines\"}]},{\"@type\":\"WebSite\",\"@id\":\"https:\/\/dev.explora.cl\/rios\/#website\",\"url\":\"https:\/\/dev.explora.cl\/rios\/\",\"name\":\"Los R\u00edos\",\"description\":\"Otro sitio m\u00e1s de dev.explora.cl\",\"potentialAction\":[{\"@type\":\"SearchAction\",\"target\":{\"@type\":\"EntryPoint\",\"urlTemplate\":\"https:\/\/dev.explora.cl\/rios\/?s={search_term_string}\"},\"query-input\":{\"@type\":\"PropertyValueSpecification\",\"valueRequired\":true,\"valueName\":\"search_term_string\"}}],\"inLanguage\":\"es-CL\"},{\"@type\":\"Person\",\"@id\":\"https:\/\/dev.explora.cl\/rios\/#\/schema\/person\/279896208736d277e75690dde6cc1ea9\",\"name\":\"smancilla\",\"image\":{\"@type\":\"ImageObject\",\"inLanguage\":\"es-CL\",\"@id\":\"https:\/\/dev.explora.cl\/rios\/#\/schema\/person\/image\/\",\"url\":\"https:\/\/secure.gravatar.com\/avatar\/a1c7f8b1dd453e8facadec2bf18354190c777b5556feaaadfa0f6a129ab9b015?s=96&d=mm&r=g\",\"contentUrl\":\"https:\/\/secure.gravatar.com\/avatar\/a1c7f8b1dd453e8facadec2bf18354190c777b5556feaaadfa0f6a129ab9b015?s=96&d=mm&r=g\",\"caption\":\"smancilla\"},\"url\":\"https:\/\/dev.explora.cl\/rios\/author\/smancilla\/\"}]}<\/script>\n<!-- \/ Yoast SEO plugin. -->","yoast_head_json":{"title":"I Congreso Explorines - Los R\u00edos","robots":{"index":"index","follow":"follow","max-snippet":"max-snippet:-1","max-image-preview":"max-image-preview:large","max-video-preview":"max-video-preview:-1"},"canonical":"https:\/\/dev.explora.cl\/rios\/explorines\/","og_locale":"es_ES","og_type":"article","og_title":"I Congreso Explorines - Los R\u00edos","og_description":"La actividad ha sido suspendida. Esperamos nos acompa\u00f1en en la versi\u00f3n 2020.","og_url":"https:\/\/dev.explora.cl\/rios\/explorines\/","og_site_name":"Los R\u00edos","article_published_time":"2019-08-30T14:23:28+00:00","article_modified_time":"2019-11-18T18:28:32+00:00","og_image":[{"width":2294,"height":1538,"url":"https:\/\/dev.explora.cl\/rios\/wp-content\/uploads\/sites\/16\/2019\/08\/cancelado-01.jpg","type":"image\/jpeg"}],"author":"smancilla","twitter_card":"summary_large_image","twitter_misc":{"Escrito por":"smancilla","Tiempo estimado de lectura":"2 minutos"},"schema":{"@context":"https:\/\/schema.org","@graph":[{"@type":"Article","@id":"https:\/\/dev.explora.cl\/rios\/explorines\/#article","isPartOf":{"@id":"https:\/\/dev.explora.cl\/rios\/explorines\/"},"author":{"name":"smancilla","@id":"https:\/\/dev.explora.cl\/rios\/#\/schema\/person\/279896208736d277e75690dde6cc1ea9"},"headline":"I Congreso Explorines","datePublished":"2019-08-30T14:23:28+00:00","dateModified":"2019-11-18T18:28:32+00:00","mainEntityOfPage":{"@id":"https:\/\/dev.explora.cl\/rios\/explorines\/"},"wordCount":470,"commentCount":0,"image":{"@id":"https:\/\/dev.explora.cl\/rios\/explorines\/#primaryimage"},"thumbnailUrl":"https:\/\/dev.explora.cl\/rios\/wp-content\/uploads\/sites\/16\/2019\/08\/cancelado-01.jpg","keywords":["congresito","congreso explorines","educaci\u00f3n inicial","educaci\u00f3n parvularia","explorines","p\u00e1rvulos"],"articleSection":["Banner"],"inLanguage":"es-CL","potentialAction":[{"@type":"CommentAction","name":"Comment","target":["https:\/\/dev.explora.cl\/rios\/explorines\/#respond"]}]},{"@type":"WebPage","@id":"https:\/\/dev.explora.cl\/rios\/explorines\/","url":"https:\/\/dev.explora.cl\/rios\/explorines\/","name":"I Congreso Explorines - Los R\u00edos","isPartOf":{"@id":"https:\/\/dev.explora.cl\/rios\/#website"},"primaryImageOfPage":{"@id":"https:\/\/dev.explora.cl\/rios\/explorines\/#primaryimage"},"image":{"@id":"https:\/\/dev.explora.cl\/rios\/explorines\/#primaryimage"},"thumbnailUrl":"https:\/\/dev.explora.cl\/rios\/wp-content\/uploads\/sites\/16\/2019\/08\/cancelado-01.jpg","datePublished":"2019-08-30T14:23:28+00:00","dateModified":"2019-11-18T18:28:32+00:00","author":{"@id":"https:\/\/dev.explora.cl\/rios\/#\/schema\/person\/279896208736d277e75690dde6cc1ea9"},"breadcrumb":{"@id":"https:\/\/dev.explora.cl\/rios\/explorines\/#breadcrumb"},"inLanguage":"es-CL","potentialAction":[{"@type":"ReadAction","target":["https:\/\/dev.explora.cl\/rios\/explorines\/"]}]},{"@type":"ImageObject","inLanguage":"es-CL","@id":"https:\/\/dev.explora.cl\/rios\/explorines\/#primaryimage","url":"https:\/\/dev.explora.cl\/rios\/wp-content\/uploads\/sites\/16\/2019\/08\/cancelado-01.jpg","contentUrl":"https:\/\/dev.explora.cl\/rios\/wp-content\/uploads\/sites\/16\/2019\/08\/cancelado-01.jpg","width":2294,"height":1538},{"@type":"BreadcrumbList","@id":"https:\/\/dev.explora.cl\/rios\/explorines\/#breadcrumb","itemListElement":[{"@type":"ListItem","position":1,"name":"Portada","item":"https:\/\/dev.explora.cl\/rios\/"},{"@type":"ListItem","position":2,"name":"I Congreso Explorines"}]},{"@type":"WebSite","@id":"https:\/\/dev.explora.cl\/rios\/#website","url":"https:\/\/dev.explora.cl\/rios\/","name":"Los R\u00edos","description":"Otro sitio m\u00e1s de dev.explora.cl","potentialAction":[{"@type":"SearchAction","target":{"@type":"EntryPoint","urlTemplate":"https:\/\/dev.explora.cl\/rios\/?s={search_term_string}"},"query-input":{"@type":"PropertyValueSpecification","valueRequired":true,"valueName":"search_term_string"}}],"inLanguage":"es-CL"},{"@type":"Person","@id":"https:\/\/dev.explora.cl\/rios\/#\/schema\/person\/279896208736d277e75690dde6cc1ea9","name":"smancilla","image":{"@type":"ImageObject","inLanguage":"es-CL","@id":"https:\/\/dev.explora.cl\/rios\/#\/schema\/person\/image\/","url":"https:\/\/secure.gravatar.com\/avatar\/a1c7f8b1dd453e8facadec2bf18354190c777b5556feaaadfa0f6a129ab9b015?s=96&d=mm&r=g","contentUrl":"https:\/\/secure.gravatar.com\/avatar\/a1c7f8b1dd453e8facadec2bf18354190c777b5556feaaadfa0f6a129ab9b015?s=96&d=mm&r=g","caption":"smancilla"},"url":"https:\/\/dev.explora.cl\/rios\/author\/smancilla\/"}]}},"_links":{"self":[{"href":"https:\/\/dev.explora.cl\/rios\/wp-json\/wp\/v2\/posts\/38552","targetHints":{"allow":["GET"]}}],"collection":[{"href":"https:\/\/dev.explora.cl\/rios\/wp-json\/wp\/v2\/posts"}],"about":[{"href":"https:\/\/dev.explora.cl\/rios\/wp-json\/wp\/v2\/types\/post"}],"author":[{"embeddable":true,"href":"https:\/\/dev.explora.cl\/rios\/wp-json\/wp\/v2\/users\/31"}],"replies":[{"embeddable":true,"href":"https:\/\/dev.explora.cl\/rios\/wp-json\/wp\/v2\/comments?post=38552"}],"version-history":[{"count":12,"href":"https:\/\/dev.explora.cl\/rios\/wp-json\/wp\/v2\/posts\/38552\/revisions"}],"predecessor-version":[{"id":38556,"href":"https:\/\/dev.explora.cl\/rios\/wp-json\/wp\/v2\/posts\/38552\/revisions\/38556"}],"wp:featuredmedia":[{"embeddable":true,"href":"https:\/\/dev.explora.cl\/rios\/wp-json\/wp\/v2\/media\/38676"}],"wp:attachment":[{"href":"https:\/\/dev.explora.cl\/rios\/wp-json\/wp\/v2\/media?parent=38552"}],"wp:term":[{"taxonomy":"category","embeddable":true,"href":"https:\/\/dev.explora.cl\/rios\/wp-json\/wp\/v2\/categories?post=38552"},{"taxonomy":"post_tag","embeddable":true,"href":"https:\/\/dev.explora.cl\/rios\/wp-json\/wp\/v2\/tags?post=38552"}],"curies":[{"name":"wp","href":"https:\/\/api.w.org\/{rel}","templated":true}]}}