{"id":38220,"date":"2019-06-06T14:34:42","date_gmt":"2019-06-06T14:34:42","guid":{"rendered":"https:\/\/dev.explora.cl\/rios\/?p=38220"},"modified":"2019-08-05T13:13:21","modified_gmt":"2019-08-05T17:13:21","slug":"exploraelcine2019","status":"publish","type":"post","link":"https:\/\/dev.explora.cl\/rios\/exploraelcine2019\/","title":{"rendered":"3er Concurso de Micrometrajes Explora el Cine"},"content":{"rendered":"<p>[vc_row][vc_column][vc_btn title=&#8221;Formulario de Postulaci\u00f3n&#8221; style=&#8221;custom&#8221; custom_background=&#8221;#d62d13&#8243; custom_text=&#8221;#ffffff&#8221; size=&#8221;lg&#8221; align=&#8221;center&#8221; i_icon_fontawesome=&#8221;fa fa-check-circle-o&#8221; link=&#8221;url:https%3A%2F%2Fforms.gle%2FzmXkedrWcgs3tkdi6|||&#8221; button_block=&#8221;true&#8221; add_icon=&#8221;true&#8221;][\/vc_column][\/vc_row][vc_row][vc_column width=&#8221;1\/2&#8243;][vc_column_text]<em>El <strong>Centro de Promoci\u00f3n Cinematogr\u00e1fica de Valdivia<\/strong> y el <strong>PAR Explora de CONICYT Los R\u00edos<\/strong> invitan a estudiantes de la regi\u00f3n a participar del <strong>Tercer Concurso de Micrometrajes Explora el Cine<\/strong>.<\/em><\/p>\n<p>El Sol, la estrella m\u00e1s cercana a nuestro planeta, ser\u00e1 la fuente de inspiraci\u00f3n para los equipos participantes de \u201cExplora el Cine\u201d, concurso que invita a estudiantes desde quinto b\u00e1sico a cuarto medio de la regi\u00f3n de Los R\u00edos a crear obras audiovisuales.<\/p>\n<p>Hasta el <del>mi\u00e9rcoles 31 de julio<\/del> <strong>lunes 12 de agosto<\/strong> se podr\u00e1 postular con una obra audiovisual entre 30 a 60 segundos de duraci\u00f3n, bajo un formato libre y con una tem\u00e1tica que se apoye en el concepto de \u201cEl A\u00f1o del Sol\u201d. Entre las obras postulantes el jurado seleccionar\u00e1 seis, tres por categor\u00eda, para ser presentadas como parte de las exhibiciones del [26] Festival Internacional de Cine de Valdivia.[\/vc_column_text][\/vc_column][vc_column width=&#8221;1\/2&#8243;][vc_btn title=&#8221;Descarga las Bases&#8221; style=&#8221;custom&#8221; custom_background=&#8221;#5cc411&#8243; custom_text=&#8221;#ffffff&#8221; size=&#8221;lg&#8221; align=&#8221;center&#8221; i_icon_fontawesome=&#8221;fa fa-file-pdf-o&#8221; link=&#8221;url:https%3A%2F%2Fdev.explora.cl%2Frios%2Fwp-content%2Fuploads%2Fsites%2F16%2F2019%2F06%2FBases-Explora-el-Cine-2019.pdf|||&#8221; button_block=&#8221;true&#8221; add_icon=&#8221;true&#8221;][vc_custom_heading text=&#8221;\u00bfC\u00f3mo participar?&#8221;][vc_column_text]<\/p>\n<ul>\n<li>Pueden participar estudiantes desde <strong>quinto b\u00e1sico a cuarto medio de la Regi\u00f3n de Los R\u00edos<\/strong>.<\/li>\n<li><strong>Crea una historia<\/strong> basada en el tema del a\u00f1o Explora, <strong>El A\u00f1o del Sol<\/strong>. Puede ser desde la biolog\u00eda, f\u00edsica, historia, sociedad, pueblos originarios, energ\u00eda solar u otra \u00e1rea del conocimiento.<\/li>\n<li><strong>Graba, edita, produce tu micrometraje<\/strong>. La duraci\u00f3n debe ser entre <strong>30 y 60 segundos contemplando t\u00edtulos y cr\u00e9ditos finales<\/strong>.<\/li>\n<li>Puedes ocupar c\u00e1mara de video, de fotograf\u00eda o incluso tu celular, recuerda <strong>grabar en horizontal<\/strong>.<\/li>\n<li>Sube el video a tu canal de YouTube (o el de un adulto) y env\u00eda el enlace con los datos solicitados en el <a href=\"https:\/\/forms.gle\/zmXkedrWcgs3tkdi6\"><strong>Formulario de Participaci\u00f3n en l\u00ednea<\/strong><\/a>.<\/li>\n<\/ul>\n<p>[\/vc_column_text][\/vc_column][\/vc_row][vc_row][vc_column][vc_single_image image=&#8221;38219&#8243; img_size=&#8221;full&#8221; style=&#8221;vc_box_shadow_3d&#8221;][\/vc_column][\/vc_row]<\/p>\n","protected":false},"excerpt":{"rendered":"<p>Conoce c\u00f3mo postular a este concurso.<\/p>\n","protected":false},"author":31,"featured_media":38221,"comment_status":"open","ping_status":"open","sticky":false,"template":"","format":"standard","meta":{"_acf_changed":false,"_exactmetrics_skip_tracking":false,"_exactmetrics_sitenote_active":false,"_exactmetrics_sitenote_note":"","_exactmetrics_sitenote_category":0,"footnotes":"","_links_to":"","_links_to_target":""},"categories":[151,138],"tags":[238,240,104,237],"class_list":["post-38220","post","type-post","status-publish","format-standard","has-post-thumbnail","hentry","category-banner","category-lugar-3","tag-audiovisual","tag-bases","tag-concurso","tag-explora-el-cine"],"acf":[],"yoast_head":"<!-- This site is optimized with the Yoast SEO plugin v26.7 - https:\/\/yoast.com\/wordpress\/plugins\/seo\/ -->\n<title>3er Concurso de Micrometrajes Explora el Cine - Los R\u00edos<\/title>\n<meta name=\"robots\" content=\"index, follow, max-snippet:-1, max-image-preview:large, max-video-preview:-1\" \/>\n<link rel=\"canonical\" href=\"https:\/\/dev.explora.cl\/rios\/exploraelcine2019\/\" class=\"yoast-seo-meta-tag\" \/>\n<meta property=\"og:locale\" content=\"es_ES\" class=\"yoast-seo-meta-tag\" \/>\n<meta property=\"og:type\" content=\"article\" class=\"yoast-seo-meta-tag\" \/>\n<meta property=\"og:title\" content=\"3er Concurso de Micrometrajes Explora el Cine - Los R\u00edos\" class=\"yoast-seo-meta-tag\" \/>\n<meta property=\"og:description\" content=\"Conoce c\u00f3mo postular a este concurso.\" class=\"yoast-seo-meta-tag\" \/>\n<meta property=\"og:url\" content=\"https:\/\/dev.explora.cl\/rios\/exploraelcine2019\/\" class=\"yoast-seo-meta-tag\" \/>\n<meta property=\"og:site_name\" content=\"Los R\u00edos\" class=\"yoast-seo-meta-tag\" \/>\n<meta property=\"article:published_time\" content=\"2019-06-06T14:34:42+00:00\" class=\"yoast-seo-meta-tag\" \/>\n<meta property=\"article:modified_time\" content=\"2019-08-05T17:13:21+00:00\" class=\"yoast-seo-meta-tag\" \/>\n<meta property=\"og:image\" content=\"https:\/\/dev.explora.cl\/rios\/wp-content\/uploads\/sites\/16\/2019\/06\/bannerexploracinenew.jpg\" class=\"yoast-seo-meta-tag\" \/>\n\t<meta property=\"og:image:width\" content=\"348\" class=\"yoast-seo-meta-tag\" \/>\n\t<meta property=\"og:image:height\" content=\"194\" class=\"yoast-seo-meta-tag\" \/>\n\t<meta property=\"og:image:type\" content=\"image\/jpeg\" class=\"yoast-seo-meta-tag\" \/>\n<meta name=\"author\" content=\"smancilla\" class=\"yoast-seo-meta-tag\" \/>\n<meta name=\"twitter:card\" content=\"summary_large_image\" class=\"yoast-seo-meta-tag\" \/>\n<meta name=\"twitter:label1\" content=\"Escrito por\" class=\"yoast-seo-meta-tag\" \/>\n\t<meta name=\"twitter:data1\" content=\"smancilla\" class=\"yoast-seo-meta-tag\" \/>\n\t<meta name=\"twitter:label2\" content=\"Tiempo estimado de lectura\" class=\"yoast-seo-meta-tag\" \/>\n\t<meta name=\"twitter:data2\" content=\"2 minutos\" class=\"yoast-seo-meta-tag\" \/>\n<script type=\"application\/ld+json\" class=\"yoast-schema-graph\">{\"@context\":\"https:\/\/schema.org\",\"@graph\":[{\"@type\":\"Article\",\"@id\":\"https:\/\/dev.explora.cl\/rios\/exploraelcine2019\/#article\",\"isPartOf\":{\"@id\":\"https:\/\/dev.explora.cl\/rios\/exploraelcine2019\/\"},\"author\":{\"name\":\"smancilla\",\"@id\":\"https:\/\/dev.explora.cl\/rios\/#\/schema\/person\/279896208736d277e75690dde6cc1ea9\"},\"headline\":\"3er Concurso de Micrometrajes Explora el Cine\",\"datePublished\":\"2019-06-06T14:34:42+00:00\",\"dateModified\":\"2019-08-05T17:13:21+00:00\",\"mainEntityOfPage\":{\"@id\":\"https:\/\/dev.explora.cl\/rios\/exploraelcine2019\/\"},\"wordCount\":429,\"commentCount\":0,\"image\":{\"@id\":\"https:\/\/dev.explora.cl\/rios\/exploraelcine2019\/#primaryimage\"},\"thumbnailUrl\":\"https:\/\/dev.explora.cl\/rios\/wp-content\/uploads\/sites\/16\/2019\/06\/bannerexploracinenew.jpg\",\"keywords\":[\"Audiovisual\",\"bases\",\"concurso\",\"Explora el Cine\"],\"articleSection\":[\"Banner\",\"Lugar 3\"],\"inLanguage\":\"es-CL\",\"potentialAction\":[{\"@type\":\"CommentAction\",\"name\":\"Comment\",\"target\":[\"https:\/\/dev.explora.cl\/rios\/exploraelcine2019\/#respond\"]}]},{\"@type\":\"WebPage\",\"@id\":\"https:\/\/dev.explora.cl\/rios\/exploraelcine2019\/\",\"url\":\"https:\/\/dev.explora.cl\/rios\/exploraelcine2019\/\",\"name\":\"3er Concurso de Micrometrajes Explora el Cine - Los R\u00edos\",\"isPartOf\":{\"@id\":\"https:\/\/dev.explora.cl\/rios\/#website\"},\"primaryImageOfPage\":{\"@id\":\"https:\/\/dev.explora.cl\/rios\/exploraelcine2019\/#primaryimage\"},\"image\":{\"@id\":\"https:\/\/dev.explora.cl\/rios\/exploraelcine2019\/#primaryimage\"},\"thumbnailUrl\":\"https:\/\/dev.explora.cl\/rios\/wp-content\/uploads\/sites\/16\/2019\/06\/bannerexploracinenew.jpg\",\"datePublished\":\"2019-06-06T14:34:42+00:00\",\"dateModified\":\"2019-08-05T17:13:21+00:00\",\"author\":{\"@id\":\"https:\/\/dev.explora.cl\/rios\/#\/schema\/person\/279896208736d277e75690dde6cc1ea9\"},\"breadcrumb\":{\"@id\":\"https:\/\/dev.explora.cl\/rios\/exploraelcine2019\/#breadcrumb\"},\"inLanguage\":\"es-CL\",\"potentialAction\":[{\"@type\":\"ReadAction\",\"target\":[\"https:\/\/dev.explora.cl\/rios\/exploraelcine2019\/\"]}]},{\"@type\":\"ImageObject\",\"inLanguage\":\"es-CL\",\"@id\":\"https:\/\/dev.explora.cl\/rios\/exploraelcine2019\/#primaryimage\",\"url\":\"https:\/\/dev.explora.cl\/rios\/wp-content\/uploads\/sites\/16\/2019\/06\/bannerexploracinenew.jpg\",\"contentUrl\":\"https:\/\/dev.explora.cl\/rios\/wp-content\/uploads\/sites\/16\/2019\/06\/bannerexploracinenew.jpg\",\"width\":348,\"height\":194},{\"@type\":\"BreadcrumbList\",\"@id\":\"https:\/\/dev.explora.cl\/rios\/exploraelcine2019\/#breadcrumb\",\"itemListElement\":[{\"@type\":\"ListItem\",\"position\":1,\"name\":\"Portada\",\"item\":\"https:\/\/dev.explora.cl\/rios\/\"},{\"@type\":\"ListItem\",\"position\":2,\"name\":\"3er Concurso de Micrometrajes Explora el Cine\"}]},{\"@type\":\"WebSite\",\"@id\":\"https:\/\/dev.explora.cl\/rios\/#website\",\"url\":\"https:\/\/dev.explora.cl\/rios\/\",\"name\":\"Los R\u00edos\",\"description\":\"Otro sitio m\u00e1s de dev.explora.cl\",\"potentialAction\":[{\"@type\":\"SearchAction\",\"target\":{\"@type\":\"EntryPoint\",\"urlTemplate\":\"https:\/\/dev.explora.cl\/rios\/?s={search_term_string}\"},\"query-input\":{\"@type\":\"PropertyValueSpecification\",\"valueRequired\":true,\"valueName\":\"search_term_string\"}}],\"inLanguage\":\"es-CL\"},{\"@type\":\"Person\",\"@id\":\"https:\/\/dev.explora.cl\/rios\/#\/schema\/person\/279896208736d277e75690dde6cc1ea9\",\"name\":\"smancilla\",\"image\":{\"@type\":\"ImageObject\",\"inLanguage\":\"es-CL\",\"@id\":\"https:\/\/dev.explora.cl\/rios\/#\/schema\/person\/image\/\",\"url\":\"https:\/\/secure.gravatar.com\/avatar\/a1c7f8b1dd453e8facadec2bf18354190c777b5556feaaadfa0f6a129ab9b015?s=96&d=mm&r=g\",\"contentUrl\":\"https:\/\/secure.gravatar.com\/avatar\/a1c7f8b1dd453e8facadec2bf18354190c777b5556feaaadfa0f6a129ab9b015?s=96&d=mm&r=g\",\"caption\":\"smancilla\"},\"url\":\"https:\/\/dev.explora.cl\/rios\/author\/smancilla\/\"}]}<\/script>\n<!-- \/ Yoast SEO plugin. -->","yoast_head_json":{"title":"3er Concurso de Micrometrajes Explora el Cine - Los R\u00edos","robots":{"index":"index","follow":"follow","max-snippet":"max-snippet:-1","max-image-preview":"max-image-preview:large","max-video-preview":"max-video-preview:-1"},"canonical":"https:\/\/dev.explora.cl\/rios\/exploraelcine2019\/","og_locale":"es_ES","og_type":"article","og_title":"3er Concurso de Micrometrajes Explora el Cine - Los R\u00edos","og_description":"Conoce c\u00f3mo postular a este concurso.","og_url":"https:\/\/dev.explora.cl\/rios\/exploraelcine2019\/","og_site_name":"Los R\u00edos","article_published_time":"2019-06-06T14:34:42+00:00","article_modified_time":"2019-08-05T17:13:21+00:00","og_image":[{"width":348,"height":194,"url":"https:\/\/dev.explora.cl\/rios\/wp-content\/uploads\/sites\/16\/2019\/06\/bannerexploracinenew.jpg","type":"image\/jpeg"}],"author":"smancilla","twitter_card":"summary_large_image","twitter_misc":{"Escrito por":"smancilla","Tiempo estimado de lectura":"2 minutos"},"schema":{"@context":"https:\/\/schema.org","@graph":[{"@type":"Article","@id":"https:\/\/dev.explora.cl\/rios\/exploraelcine2019\/#article","isPartOf":{"@id":"https:\/\/dev.explora.cl\/rios\/exploraelcine2019\/"},"author":{"name":"smancilla","@id":"https:\/\/dev.explora.cl\/rios\/#\/schema\/person\/279896208736d277e75690dde6cc1ea9"},"headline":"3er Concurso de Micrometrajes Explora el Cine","datePublished":"2019-06-06T14:34:42+00:00","dateModified":"2019-08-05T17:13:21+00:00","mainEntityOfPage":{"@id":"https:\/\/dev.explora.cl\/rios\/exploraelcine2019\/"},"wordCount":429,"commentCount":0,"image":{"@id":"https:\/\/dev.explora.cl\/rios\/exploraelcine2019\/#primaryimage"},"thumbnailUrl":"https:\/\/dev.explora.cl\/rios\/wp-content\/uploads\/sites\/16\/2019\/06\/bannerexploracinenew.jpg","keywords":["Audiovisual","bases","concurso","Explora el Cine"],"articleSection":["Banner","Lugar 3"],"inLanguage":"es-CL","potentialAction":[{"@type":"CommentAction","name":"Comment","target":["https:\/\/dev.explora.cl\/rios\/exploraelcine2019\/#respond"]}]},{"@type":"WebPage","@id":"https:\/\/dev.explora.cl\/rios\/exploraelcine2019\/","url":"https:\/\/dev.explora.cl\/rios\/exploraelcine2019\/","name":"3er Concurso de Micrometrajes Explora el Cine - Los R\u00edos","isPartOf":{"@id":"https:\/\/dev.explora.cl\/rios\/#website"},"primaryImageOfPage":{"@id":"https:\/\/dev.explora.cl\/rios\/exploraelcine2019\/#primaryimage"},"image":{"@id":"https:\/\/dev.explora.cl\/rios\/exploraelcine2019\/#primaryimage"},"thumbnailUrl":"https:\/\/dev.explora.cl\/rios\/wp-content\/uploads\/sites\/16\/2019\/06\/bannerexploracinenew.jpg","datePublished":"2019-06-06T14:34:42+00:00","dateModified":"2019-08-05T17:13:21+00:00","author":{"@id":"https:\/\/dev.explora.cl\/rios\/#\/schema\/person\/279896208736d277e75690dde6cc1ea9"},"breadcrumb":{"@id":"https:\/\/dev.explora.cl\/rios\/exploraelcine2019\/#breadcrumb"},"inLanguage":"es-CL","potentialAction":[{"@type":"ReadAction","target":["https:\/\/dev.explora.cl\/rios\/exploraelcine2019\/"]}]},{"@type":"ImageObject","inLanguage":"es-CL","@id":"https:\/\/dev.explora.cl\/rios\/exploraelcine2019\/#primaryimage","url":"https:\/\/dev.explora.cl\/rios\/wp-content\/uploads\/sites\/16\/2019\/06\/bannerexploracinenew.jpg","contentUrl":"https:\/\/dev.explora.cl\/rios\/wp-content\/uploads\/sites\/16\/2019\/06\/bannerexploracinenew.jpg","width":348,"height":194},{"@type":"BreadcrumbList","@id":"https:\/\/dev.explora.cl\/rios\/exploraelcine2019\/#breadcrumb","itemListElement":[{"@type":"ListItem","position":1,"name":"Portada","item":"https:\/\/dev.explora.cl\/rios\/"},{"@type":"ListItem","position":2,"name":"3er Concurso de Micrometrajes Explora el Cine"}]},{"@type":"WebSite","@id":"https:\/\/dev.explora.cl\/rios\/#website","url":"https:\/\/dev.explora.cl\/rios\/","name":"Los R\u00edos","description":"Otro sitio m\u00e1s de dev.explora.cl","potentialAction":[{"@type":"SearchAction","target":{"@type":"EntryPoint","urlTemplate":"https:\/\/dev.explora.cl\/rios\/?s={search_term_string}"},"query-input":{"@type":"PropertyValueSpecification","valueRequired":true,"valueName":"search_term_string"}}],"inLanguage":"es-CL"},{"@type":"Person","@id":"https:\/\/dev.explora.cl\/rios\/#\/schema\/person\/279896208736d277e75690dde6cc1ea9","name":"smancilla","image":{"@type":"ImageObject","inLanguage":"es-CL","@id":"https:\/\/dev.explora.cl\/rios\/#\/schema\/person\/image\/","url":"https:\/\/secure.gravatar.com\/avatar\/a1c7f8b1dd453e8facadec2bf18354190c777b5556feaaadfa0f6a129ab9b015?s=96&d=mm&r=g","contentUrl":"https:\/\/secure.gravatar.com\/avatar\/a1c7f8b1dd453e8facadec2bf18354190c777b5556feaaadfa0f6a129ab9b015?s=96&d=mm&r=g","caption":"smancilla"},"url":"https:\/\/dev.explora.cl\/rios\/author\/smancilla\/"}]}},"_links":{"self":[{"href":"https:\/\/dev.explora.cl\/rios\/wp-json\/wp\/v2\/posts\/38220","targetHints":{"allow":["GET"]}}],"collection":[{"href":"https:\/\/dev.explora.cl\/rios\/wp-json\/wp\/v2\/posts"}],"about":[{"href":"https:\/\/dev.explora.cl\/rios\/wp-json\/wp\/v2\/types\/post"}],"author":[{"embeddable":true,"href":"https:\/\/dev.explora.cl\/rios\/wp-json\/wp\/v2\/users\/31"}],"replies":[{"embeddable":true,"href":"https:\/\/dev.explora.cl\/rios\/wp-json\/wp\/v2\/comments?post=38220"}],"version-history":[{"count":9,"href":"https:\/\/dev.explora.cl\/rios\/wp-json\/wp\/v2\/posts\/38220\/revisions"}],"predecessor-version":[{"id":38437,"href":"https:\/\/dev.explora.cl\/rios\/wp-json\/wp\/v2\/posts\/38220\/revisions\/38437"}],"wp:featuredmedia":[{"embeddable":true,"href":"https:\/\/dev.explora.cl\/rios\/wp-json\/wp\/v2\/media\/38221"}],"wp:attachment":[{"href":"https:\/\/dev.explora.cl\/rios\/wp-json\/wp\/v2\/media?parent=38220"}],"wp:term":[{"taxonomy":"category","embeddable":true,"href":"https:\/\/dev.explora.cl\/rios\/wp-json\/wp\/v2\/categories?post=38220"},{"taxonomy":"post_tag","embeddable":true,"href":"https:\/\/dev.explora.cl\/rios\/wp-json\/wp\/v2\/tags?post=38220"}],"curies":[{"name":"wp","href":"https:\/\/api.w.org\/{rel}","templated":true}]}}