{"id":37568,"date":"2014-07-04T00:00:00","date_gmt":"2014-07-04T04:00:00","guid":{"rendered":"https:\/\/dev.explora.cl\/rios\/blog\/2014\/07\/04\/30-proyectos-escolares-diran-presente-en-feria-cientifica-de-lanco\/"},"modified":"2019-05-20T19:32:29","modified_gmt":"2019-05-20T19:32:29","slug":"30-proyectos-escolares-diran-presente-en-feria-cientifica-de-lanco","status":"publish","type":"post","link":"https:\/\/dev.explora.cl\/rios\/30-proyectos-escolares-diran-presente-en-feria-cientifica-de-lanco\/","title":{"rendered":"30 Proyectos Escolares dir\u00e1n presente en Feria Cient\u00edfica de Lanco"},"content":{"rendered":"<p><img loading=\"lazy\" decoding=\"async\" class=\" size-full wp-image-3721\" src=\"http:\/\/ec2-34-218-253-251.us-west-2.compute.amazonaws.com\/wp-content\/uploads\/2014\/07\/890602090856167d6e437c240c8755b2.jpg\" alt=\"\" width=\"600\" height=\"464\" \/><\/p>\n<p dir=\"ltr\">Todo listo para la realizaci\u00f3n de la \u201cII Feria Escolar de Ciencia y Tecnolog\u00eda Provincia de Valdivia\u201d. El evento que se realizar\u00e1 los d\u00edas 8, 9 y 10 de julio en dependencias del Liceo Camilo Henr\u00edquez de Lanco, reunir\u00e1 30 proyectos y a 11 colegios de las comunas de Lanco, M\u00e1fil, Panguipulli, Los Lagos y Valdivia.<\/p>\n<p dir=\"ltr\"><span style=\"line-height: 1.3em\">Los proyectos escolares abarcar\u00e1n distintas disciplinas de ciencia, tanto las tradicionales como las de ciencias sociales, ingenier\u00eda, tecnolog\u00eda o investigaciones bibliogr\u00e1ficas. El enfoque de esta feria es fomentar y potenciar la creatividad e innovaci\u00f3n en los estudiantes en todos los niveles educacionales y comparti\u00e9ndolas con la comunidad educativa y la ciudadan\u00eda.<\/span><\/p>\n<p dir=\"ltr\">\u00a0<\/p>\n<p dir=\"ltr\">Los colegios que participar\u00e1n este 2014 son: Escuela de Lenguaje Alonqueo (Lanco); Escuela Felipe Barthou Corbeaux (Lanco); Escuela Alberto C\u00f3rdova Latorre (Lanco); Jard\u00edn Infantil Ruka Kim\u00fcn (Lanco); Colegio Bernardo Felmer Nicklischeck (Lanco); Liceo Camilo Henr\u00edquez Gonz\u00e1lez (Lanco); Liceo Rep\u00fablica del Brasil \u00a0(Malalhue); Liceo Gabriela Mistral (M\u00e1fil); Liceo T\u00e9cnico profesional People Help People \u00a0(Pullinque); Colegio Helvecia (Valdivia) y Escuela Rural de Antilhue.<\/p>\n<p dir=\"ltr\"><a href=\"https:\/\/www.facebook.com\/media\/set\/?set=a.763981750299329.1073741927.572061129491393&amp;type=1\"><img loading=\"lazy\" decoding=\"async\" class=\" size-full wp-image-3298\" src=\"http:\/\/ec2-34-218-253-251.us-west-2.compute.amazonaws.com\/wp-content\/uploads\/2014\/05\/galeria-facebook.png\" border=\"0\" alt=\"\" style=\"margin-left: auto;margin-right: auto\" width=\"900\" height=\"58\" \/><\/a><\/p>\n","protected":false},"excerpt":{"rendered":"<p>Todo listo para la realizaci\u00f3n de la \u201cII Feria Escolar de Ciencia y Tecnolog\u00eda Provincia de Valdivia\u201d. El evento que se realizar\u00e1 los d\u00edas 8, 9 y 10 de julio en dependencias del Liceo Camilo Henr\u00edquez de Lanco, reunir\u00e1 30 proyectos y a 11 colegios de las comunas de Lanco, M\u00e1fil, Panguipulli, Los Lagos y [&hellip;]<\/p>\n","protected":false},"author":2,"featured_media":123,"comment_status":"open","ping_status":"open","sticky":false,"template":"","format":"standard","meta":{"_acf_changed":false,"_exactmetrics_skip_tracking":false,"_exactmetrics_sitenote_active":false,"_exactmetrics_sitenote_note":"","_exactmetrics_sitenote_category":0,"footnotes":"","_links_to":"","_links_to_target":""},"categories":[4],"tags":[],"class_list":["post-37568","post","type-post","status-publish","format-standard","has-post-thumbnail","hentry","category-noticias"],"acf":[],"yoast_head":"<!-- This site is optimized with the Yoast SEO plugin v26.7 - https:\/\/yoast.com\/wordpress\/plugins\/seo\/ -->\n<title>30 Proyectos Escolares dir\u00e1n presente en Feria Cient\u00edfica de Lanco - Los R\u00edos<\/title>\n<meta name=\"robots\" content=\"index, follow, max-snippet:-1, max-image-preview:large, max-video-preview:-1\" \/>\n<link rel=\"canonical\" href=\"https:\/\/dev.explora.cl\/rios\/30-proyectos-escolares-diran-presente-en-feria-cientifica-de-lanco\/\" class=\"yoast-seo-meta-tag\" \/>\n<meta property=\"og:locale\" content=\"es_ES\" class=\"yoast-seo-meta-tag\" \/>\n<meta property=\"og:type\" content=\"article\" class=\"yoast-seo-meta-tag\" \/>\n<meta property=\"og:title\" content=\"30 Proyectos Escolares dir\u00e1n presente en Feria Cient\u00edfica de Lanco - Los R\u00edos\" class=\"yoast-seo-meta-tag\" \/>\n<meta property=\"og:description\" content=\"Todo listo para la realizaci\u00f3n de la \u201cII Feria Escolar de Ciencia y Tecnolog\u00eda Provincia de Valdivia\u201d. El evento que se realizar\u00e1 los d\u00edas 8, 9 y 10 de julio en dependencias del Liceo Camilo Henr\u00edquez de Lanco, reunir\u00e1 30 proyectos y a 11 colegios de las comunas de Lanco, M\u00e1fil, Panguipulli, Los Lagos y [&hellip;]\" class=\"yoast-seo-meta-tag\" \/>\n<meta property=\"og:url\" content=\"https:\/\/dev.explora.cl\/rios\/30-proyectos-escolares-diran-presente-en-feria-cientifica-de-lanco\/\" class=\"yoast-seo-meta-tag\" \/>\n<meta property=\"og:site_name\" content=\"Los R\u00edos\" class=\"yoast-seo-meta-tag\" \/>\n<meta property=\"article:published_time\" content=\"2014-07-04T04:00:00+00:00\" class=\"yoast-seo-meta-tag\" \/>\n<meta property=\"article:modified_time\" content=\"2019-05-20T19:32:29+00:00\" class=\"yoast-seo-meta-tag\" \/>\n<meta property=\"og:image\" content=\"https:\/\/dev.explora.cl\/rios\/wp-content\/uploads\/sites\/16\/2018\/06\/890602090856167d6e437c240c8755b2.jpg\" class=\"yoast-seo-meta-tag\" \/>\n\t<meta property=\"og:image:width\" content=\"600\" class=\"yoast-seo-meta-tag\" \/>\n\t<meta property=\"og:image:height\" content=\"464\" class=\"yoast-seo-meta-tag\" \/>\n\t<meta property=\"og:image:type\" content=\"image\/jpeg\" class=\"yoast-seo-meta-tag\" \/>\n<meta name=\"author\" content=\"webman\" class=\"yoast-seo-meta-tag\" \/>\n<meta name=\"twitter:card\" content=\"summary_large_image\" class=\"yoast-seo-meta-tag\" \/>\n<meta name=\"twitter:label1\" content=\"Escrito por\" class=\"yoast-seo-meta-tag\" \/>\n\t<meta name=\"twitter:data1\" content=\"webman\" class=\"yoast-seo-meta-tag\" \/>\n\t<meta name=\"twitter:label2\" content=\"Tiempo estimado de lectura\" class=\"yoast-seo-meta-tag\" \/>\n\t<meta name=\"twitter:data2\" content=\"1 minuto\" class=\"yoast-seo-meta-tag\" \/>\n<script type=\"application\/ld+json\" class=\"yoast-schema-graph\">{\"@context\":\"https:\/\/schema.org\",\"@graph\":[{\"@type\":\"Article\",\"@id\":\"https:\/\/dev.explora.cl\/rios\/30-proyectos-escolares-diran-presente-en-feria-cientifica-de-lanco\/#article\",\"isPartOf\":{\"@id\":\"https:\/\/dev.explora.cl\/rios\/30-proyectos-escolares-diran-presente-en-feria-cientifica-de-lanco\/\"},\"author\":{\"name\":\"webman\",\"@id\":\"https:\/\/dev.explora.cl\/rios\/#\/schema\/person\/cb8349c13ea2d324080adf8480d7ba5d\"},\"headline\":\"30 Proyectos Escolares dir\u00e1n presente en Feria Cient\u00edfica de Lanco\",\"datePublished\":\"2014-07-04T04:00:00+00:00\",\"dateModified\":\"2019-05-20T19:32:29+00:00\",\"mainEntityOfPage\":{\"@id\":\"https:\/\/dev.explora.cl\/rios\/30-proyectos-escolares-diran-presente-en-feria-cientifica-de-lanco\/\"},\"wordCount\":194,\"commentCount\":0,\"image\":{\"@id\":\"https:\/\/dev.explora.cl\/rios\/30-proyectos-escolares-diran-presente-en-feria-cientifica-de-lanco\/#primaryimage\"},\"thumbnailUrl\":\"https:\/\/dev.explora.cl\/rios\/wp-content\/uploads\/sites\/16\/2018\/06\/890602090856167d6e437c240c8755b2.jpg\",\"articleSection\":[\"Noticias\"],\"inLanguage\":\"es-CL\",\"potentialAction\":[{\"@type\":\"CommentAction\",\"name\":\"Comment\",\"target\":[\"https:\/\/dev.explora.cl\/rios\/30-proyectos-escolares-diran-presente-en-feria-cientifica-de-lanco\/#respond\"]}]},{\"@type\":\"WebPage\",\"@id\":\"https:\/\/dev.explora.cl\/rios\/30-proyectos-escolares-diran-presente-en-feria-cientifica-de-lanco\/\",\"url\":\"https:\/\/dev.explora.cl\/rios\/30-proyectos-escolares-diran-presente-en-feria-cientifica-de-lanco\/\",\"name\":\"30 Proyectos Escolares dir\u00e1n presente en Feria Cient\u00edfica de Lanco - Los R\u00edos\",\"isPartOf\":{\"@id\":\"https:\/\/dev.explora.cl\/rios\/#website\"},\"primaryImageOfPage\":{\"@id\":\"https:\/\/dev.explora.cl\/rios\/30-proyectos-escolares-diran-presente-en-feria-cientifica-de-lanco\/#primaryimage\"},\"image\":{\"@id\":\"https:\/\/dev.explora.cl\/rios\/30-proyectos-escolares-diran-presente-en-feria-cientifica-de-lanco\/#primaryimage\"},\"thumbnailUrl\":\"https:\/\/dev.explora.cl\/rios\/wp-content\/uploads\/sites\/16\/2018\/06\/890602090856167d6e437c240c8755b2.jpg\",\"datePublished\":\"2014-07-04T04:00:00+00:00\",\"dateModified\":\"2019-05-20T19:32:29+00:00\",\"author\":{\"@id\":\"https:\/\/dev.explora.cl\/rios\/#\/schema\/person\/cb8349c13ea2d324080adf8480d7ba5d\"},\"breadcrumb\":{\"@id\":\"https:\/\/dev.explora.cl\/rios\/30-proyectos-escolares-diran-presente-en-feria-cientifica-de-lanco\/#breadcrumb\"},\"inLanguage\":\"es-CL\",\"potentialAction\":[{\"@type\":\"ReadAction\",\"target\":[\"https:\/\/dev.explora.cl\/rios\/30-proyectos-escolares-diran-presente-en-feria-cientifica-de-lanco\/\"]}]},{\"@type\":\"ImageObject\",\"inLanguage\":\"es-CL\",\"@id\":\"https:\/\/dev.explora.cl\/rios\/30-proyectos-escolares-diran-presente-en-feria-cientifica-de-lanco\/#primaryimage\",\"url\":\"https:\/\/dev.explora.cl\/rios\/wp-content\/uploads\/sites\/16\/2018\/06\/890602090856167d6e437c240c8755b2.jpg\",\"contentUrl\":\"https:\/\/dev.explora.cl\/rios\/wp-content\/uploads\/sites\/16\/2018\/06\/890602090856167d6e437c240c8755b2.jpg\",\"width\":600,\"height\":464},{\"@type\":\"BreadcrumbList\",\"@id\":\"https:\/\/dev.explora.cl\/rios\/30-proyectos-escolares-diran-presente-en-feria-cientifica-de-lanco\/#breadcrumb\",\"itemListElement\":[{\"@type\":\"ListItem\",\"position\":1,\"name\":\"Portada\",\"item\":\"https:\/\/dev.explora.cl\/rios\/\"},{\"@type\":\"ListItem\",\"position\":2,\"name\":\"30 Proyectos Escolares dir\u00e1n presente en Feria Cient\u00edfica de Lanco\"}]},{\"@type\":\"WebSite\",\"@id\":\"https:\/\/dev.explora.cl\/rios\/#website\",\"url\":\"https:\/\/dev.explora.cl\/rios\/\",\"name\":\"Los R\u00edos\",\"description\":\"Otro sitio m\u00e1s de dev.explora.cl\",\"potentialAction\":[{\"@type\":\"SearchAction\",\"target\":{\"@type\":\"EntryPoint\",\"urlTemplate\":\"https:\/\/dev.explora.cl\/rios\/?s={search_term_string}\"},\"query-input\":{\"@type\":\"PropertyValueSpecification\",\"valueRequired\":true,\"valueName\":\"search_term_string\"}}],\"inLanguage\":\"es-CL\"},{\"@type\":\"Person\",\"@id\":\"https:\/\/dev.explora.cl\/rios\/#\/schema\/person\/cb8349c13ea2d324080adf8480d7ba5d\",\"name\":\"webman\",\"image\":{\"@type\":\"ImageObject\",\"inLanguage\":\"es-CL\",\"@id\":\"https:\/\/dev.explora.cl\/rios\/#\/schema\/person\/image\/\",\"url\":\"https:\/\/secure.gravatar.com\/avatar\/eeff3c82f2c02f7177d13663b7e6f890e9a6a0647ce9bb29cae02dcb094c7312?s=96&d=mm&r=g\",\"contentUrl\":\"https:\/\/secure.gravatar.com\/avatar\/eeff3c82f2c02f7177d13663b7e6f890e9a6a0647ce9bb29cae02dcb094c7312?s=96&d=mm&r=g\",\"caption\":\"webman\"},\"url\":\"https:\/\/dev.explora.cl\/rios\/author\/webman\/\"}]}<\/script>\n<!-- \/ Yoast SEO plugin. -->","yoast_head_json":{"title":"30 Proyectos Escolares dir\u00e1n presente en Feria Cient\u00edfica de Lanco - Los R\u00edos","robots":{"index":"index","follow":"follow","max-snippet":"max-snippet:-1","max-image-preview":"max-image-preview:large","max-video-preview":"max-video-preview:-1"},"canonical":"https:\/\/dev.explora.cl\/rios\/30-proyectos-escolares-diran-presente-en-feria-cientifica-de-lanco\/","og_locale":"es_ES","og_type":"article","og_title":"30 Proyectos Escolares dir\u00e1n presente en Feria Cient\u00edfica de Lanco - Los R\u00edos","og_description":"Todo listo para la realizaci\u00f3n de la \u201cII Feria Escolar de Ciencia y Tecnolog\u00eda Provincia de Valdivia\u201d. El evento que se realizar\u00e1 los d\u00edas 8, 9 y 10 de julio en dependencias del Liceo Camilo Henr\u00edquez de Lanco, reunir\u00e1 30 proyectos y a 11 colegios de las comunas de Lanco, M\u00e1fil, Panguipulli, Los Lagos y [&hellip;]","og_url":"https:\/\/dev.explora.cl\/rios\/30-proyectos-escolares-diran-presente-en-feria-cientifica-de-lanco\/","og_site_name":"Los R\u00edos","article_published_time":"2014-07-04T04:00:00+00:00","article_modified_time":"2019-05-20T19:32:29+00:00","og_image":[{"width":600,"height":464,"url":"https:\/\/dev.explora.cl\/rios\/wp-content\/uploads\/sites\/16\/2018\/06\/890602090856167d6e437c240c8755b2.jpg","type":"image\/jpeg"}],"author":"webman","twitter_card":"summary_large_image","twitter_misc":{"Escrito por":"webman","Tiempo estimado de lectura":"1 minuto"},"schema":{"@context":"https:\/\/schema.org","@graph":[{"@type":"Article","@id":"https:\/\/dev.explora.cl\/rios\/30-proyectos-escolares-diran-presente-en-feria-cientifica-de-lanco\/#article","isPartOf":{"@id":"https:\/\/dev.explora.cl\/rios\/30-proyectos-escolares-diran-presente-en-feria-cientifica-de-lanco\/"},"author":{"name":"webman","@id":"https:\/\/dev.explora.cl\/rios\/#\/schema\/person\/cb8349c13ea2d324080adf8480d7ba5d"},"headline":"30 Proyectos Escolares dir\u00e1n presente en Feria Cient\u00edfica de Lanco","datePublished":"2014-07-04T04:00:00+00:00","dateModified":"2019-05-20T19:32:29+00:00","mainEntityOfPage":{"@id":"https:\/\/dev.explora.cl\/rios\/30-proyectos-escolares-diran-presente-en-feria-cientifica-de-lanco\/"},"wordCount":194,"commentCount":0,"image":{"@id":"https:\/\/dev.explora.cl\/rios\/30-proyectos-escolares-diran-presente-en-feria-cientifica-de-lanco\/#primaryimage"},"thumbnailUrl":"https:\/\/dev.explora.cl\/rios\/wp-content\/uploads\/sites\/16\/2018\/06\/890602090856167d6e437c240c8755b2.jpg","articleSection":["Noticias"],"inLanguage":"es-CL","potentialAction":[{"@type":"CommentAction","name":"Comment","target":["https:\/\/dev.explora.cl\/rios\/30-proyectos-escolares-diran-presente-en-feria-cientifica-de-lanco\/#respond"]}]},{"@type":"WebPage","@id":"https:\/\/dev.explora.cl\/rios\/30-proyectos-escolares-diran-presente-en-feria-cientifica-de-lanco\/","url":"https:\/\/dev.explora.cl\/rios\/30-proyectos-escolares-diran-presente-en-feria-cientifica-de-lanco\/","name":"30 Proyectos Escolares dir\u00e1n presente en Feria Cient\u00edfica de Lanco - Los R\u00edos","isPartOf":{"@id":"https:\/\/dev.explora.cl\/rios\/#website"},"primaryImageOfPage":{"@id":"https:\/\/dev.explora.cl\/rios\/30-proyectos-escolares-diran-presente-en-feria-cientifica-de-lanco\/#primaryimage"},"image":{"@id":"https:\/\/dev.explora.cl\/rios\/30-proyectos-escolares-diran-presente-en-feria-cientifica-de-lanco\/#primaryimage"},"thumbnailUrl":"https:\/\/dev.explora.cl\/rios\/wp-content\/uploads\/sites\/16\/2018\/06\/890602090856167d6e437c240c8755b2.jpg","datePublished":"2014-07-04T04:00:00+00:00","dateModified":"2019-05-20T19:32:29+00:00","author":{"@id":"https:\/\/dev.explora.cl\/rios\/#\/schema\/person\/cb8349c13ea2d324080adf8480d7ba5d"},"breadcrumb":{"@id":"https:\/\/dev.explora.cl\/rios\/30-proyectos-escolares-diran-presente-en-feria-cientifica-de-lanco\/#breadcrumb"},"inLanguage":"es-CL","potentialAction":[{"@type":"ReadAction","target":["https:\/\/dev.explora.cl\/rios\/30-proyectos-escolares-diran-presente-en-feria-cientifica-de-lanco\/"]}]},{"@type":"ImageObject","inLanguage":"es-CL","@id":"https:\/\/dev.explora.cl\/rios\/30-proyectos-escolares-diran-presente-en-feria-cientifica-de-lanco\/#primaryimage","url":"https:\/\/dev.explora.cl\/rios\/wp-content\/uploads\/sites\/16\/2018\/06\/890602090856167d6e437c240c8755b2.jpg","contentUrl":"https:\/\/dev.explora.cl\/rios\/wp-content\/uploads\/sites\/16\/2018\/06\/890602090856167d6e437c240c8755b2.jpg","width":600,"height":464},{"@type":"BreadcrumbList","@id":"https:\/\/dev.explora.cl\/rios\/30-proyectos-escolares-diran-presente-en-feria-cientifica-de-lanco\/#breadcrumb","itemListElement":[{"@type":"ListItem","position":1,"name":"Portada","item":"https:\/\/dev.explora.cl\/rios\/"},{"@type":"ListItem","position":2,"name":"30 Proyectos Escolares dir\u00e1n presente en Feria Cient\u00edfica de Lanco"}]},{"@type":"WebSite","@id":"https:\/\/dev.explora.cl\/rios\/#website","url":"https:\/\/dev.explora.cl\/rios\/","name":"Los R\u00edos","description":"Otro sitio m\u00e1s de dev.explora.cl","potentialAction":[{"@type":"SearchAction","target":{"@type":"EntryPoint","urlTemplate":"https:\/\/dev.explora.cl\/rios\/?s={search_term_string}"},"query-input":{"@type":"PropertyValueSpecification","valueRequired":true,"valueName":"search_term_string"}}],"inLanguage":"es-CL"},{"@type":"Person","@id":"https:\/\/dev.explora.cl\/rios\/#\/schema\/person\/cb8349c13ea2d324080adf8480d7ba5d","name":"webman","image":{"@type":"ImageObject","inLanguage":"es-CL","@id":"https:\/\/dev.explora.cl\/rios\/#\/schema\/person\/image\/","url":"https:\/\/secure.gravatar.com\/avatar\/eeff3c82f2c02f7177d13663b7e6f890e9a6a0647ce9bb29cae02dcb094c7312?s=96&d=mm&r=g","contentUrl":"https:\/\/secure.gravatar.com\/avatar\/eeff3c82f2c02f7177d13663b7e6f890e9a6a0647ce9bb29cae02dcb094c7312?s=96&d=mm&r=g","caption":"webman"},"url":"https:\/\/dev.explora.cl\/rios\/author\/webman\/"}]}},"_links":{"self":[{"href":"https:\/\/dev.explora.cl\/rios\/wp-json\/wp\/v2\/posts\/37568","targetHints":{"allow":["GET"]}}],"collection":[{"href":"https:\/\/dev.explora.cl\/rios\/wp-json\/wp\/v2\/posts"}],"about":[{"href":"https:\/\/dev.explora.cl\/rios\/wp-json\/wp\/v2\/types\/post"}],"author":[{"embeddable":true,"href":"https:\/\/dev.explora.cl\/rios\/wp-json\/wp\/v2\/users\/2"}],"replies":[{"embeddable":true,"href":"https:\/\/dev.explora.cl\/rios\/wp-json\/wp\/v2\/comments?post=37568"}],"version-history":[{"count":1,"href":"https:\/\/dev.explora.cl\/rios\/wp-json\/wp\/v2\/posts\/37568\/revisions"}],"predecessor-version":[{"id":38058,"href":"https:\/\/dev.explora.cl\/rios\/wp-json\/wp\/v2\/posts\/37568\/revisions\/38058"}],"wp:featuredmedia":[{"embeddable":true,"href":"https:\/\/dev.explora.cl\/rios\/wp-json\/wp\/v2\/media\/123"}],"wp:attachment":[{"href":"https:\/\/dev.explora.cl\/rios\/wp-json\/wp\/v2\/media?parent=37568"}],"wp:term":[{"taxonomy":"category","embeddable":true,"href":"https:\/\/dev.explora.cl\/rios\/wp-json\/wp\/v2\/categories?post=37568"},{"taxonomy":"post_tag","embeddable":true,"href":"https:\/\/dev.explora.cl\/rios\/wp-json\/wp\/v2\/tags?post=37568"}],"curies":[{"name":"wp","href":"https:\/\/api.w.org\/{rel}","templated":true}]}}