{"id":37567,"date":"2014-06-30T00:00:00","date_gmt":"2014-06-30T04:00:00","guid":{"rendered":"https:\/\/dev.explora.cl\/rios\/blog\/2014\/06\/30\/videoconferencia-conductas-colectivas-durante-el-desarrollo-animal\/"},"modified":"2019-05-20T19:32:30","modified_gmt":"2019-05-20T19:32:30","slug":"videoconferencia-conductas-colectivas-durante-el-desarrollo-animal","status":"publish","type":"post","link":"https:\/\/dev.explora.cl\/rios\/videoconferencia-conductas-colectivas-durante-el-desarrollo-animal\/","title":{"rendered":"Videoconferencia: \u201cConductas colectivas durante el desarrollo animal\u201d"},"content":{"rendered":"<p><img loading=\"lazy\" decoding=\"async\" class=\" size-full wp-image-3568\" src=\"http:\/\/ec2-34-218-253-251.us-west-2.compute.amazonaws.com\/wp-content\/uploads\/2014\/06\/52a1a12ad7897ab6e2b704a59e1d84a3.jpg\" alt=\"\" width=\"250\" height=\"150\" \/><\/p>\n<p dir=\"ltr\"><em>La charla destinada para estudiantes de 7mo b\u00e1sico a 4to medio, busca comprender c\u00f3mo los genes influyen o cuan determinante son en el comportamiento de grandes grupos animales.<\/em><\/p>\n<p dir=\"ltr\">El Proyecto EXPLORA CONICYT Regi\u00f3n de Los R\u00edos y los Centros Virtuales de Investigaci\u00f3n de la UACh, invitan a toda la comunidad escolar a participar de la 4ta charla del Ciclo de Videoconferencias \u201cLa Ruta Virtual de la Investigaci\u00f3n Cient\u00edfica 2014\u201d<\/p>\n<p dir=\"ltr\">Es as\u00ed como este jueves 10 de julio, el Centro de Investigaci\u00f3n Sur-Austral en Enfermedades del Sistema Nervioso (CISne), expondr\u00e1 el tema \u201cConductas colectivas durante el desarrollo animal\u201d.<\/p>\n<p dir=\"ltr\">La videoconferencia dictada por el Investigador <strong>Claudio Araya<\/strong>, intentar\u00e1 resolver dudas tales c\u00f3mo \u00bfDe qu\u00e9 forma se coordinan los movimientos celulares tan complejos como los de un coraz\u00f3n y un cerebro? \u00bfQu\u00e9 papel juegan los genes?\u00a0En esta charla se contar\u00e1 c\u00f3mo es posible estudiar el movimiento colectivo en vivo durante la embriog\u00e9nesis animal y c\u00f3mo este conocimiento nos ayuda a entender los principios que rigen al comportamiento de grandes grupos animales.<\/p>\n<p dir=\"ltr\">La charla dirigida a estudiantes de 7mo b\u00e1sico \u00a0a 4to medio, se realizar\u00e1 a las 11 de la ma\u00f1ana en el auditorio n\u00famero 4 del edificio Nahm\u00edas (Universidad Austral de Chile) y se transmitir\u00e1 por TV Austral para los establecimientos educacionales de la regi\u00f3n de Los R\u00edos y de todo el pa\u00eds interesados en conectare v\u00eda on-line.<\/p>\n<p dir=\"ltr\">Para solicitar la ficha de inscripci\u00f3n, los establecimientos interesados deben escribir al correo electr\u00f3nico <a href=\"mailto:explora14.enlaces@uach.cl\">explora14.enlaces@uach.cl<\/a>, indicando la modalidad presencial o conectado, seg\u00fan corresponda.<\/p>\n","protected":false},"excerpt":{"rendered":"<p>La charla destinada para estudiantes de 7mo b\u00e1sico a 4to medio, busca comprender c\u00f3mo los genes influyen o cuan determinante son en el comportamiento de grandes grupos animales. El Proyecto EXPLORA CONICYT Regi\u00f3n de Los R\u00edos y los Centros Virtuales de Investigaci\u00f3n de la UACh, invitan a toda la comunidad escolar a participar de la [&hellip;]<\/p>\n","protected":false},"author":2,"featured_media":118,"comment_status":"open","ping_status":"open","sticky":false,"template":"","format":"standard","meta":{"_acf_changed":false,"_exactmetrics_skip_tracking":false,"_exactmetrics_sitenote_active":false,"_exactmetrics_sitenote_note":"","_exactmetrics_sitenote_category":0,"footnotes":"","_links_to":"","_links_to_target":""},"categories":[4],"tags":[],"class_list":["post-37567","post","type-post","status-publish","format-standard","has-post-thumbnail","hentry","category-noticias"],"acf":[],"yoast_head":"<!-- This site is optimized with the Yoast SEO plugin v26.7 - https:\/\/yoast.com\/wordpress\/plugins\/seo\/ -->\n<title>Videoconferencia: \u201cConductas colectivas durante el desarrollo animal\u201d - Los R\u00edos<\/title>\n<meta name=\"robots\" content=\"index, follow, max-snippet:-1, max-image-preview:large, max-video-preview:-1\" \/>\n<link rel=\"canonical\" href=\"https:\/\/dev.explora.cl\/rios\/videoconferencia-conductas-colectivas-durante-el-desarrollo-animal\/\" class=\"yoast-seo-meta-tag\" \/>\n<meta property=\"og:locale\" content=\"es_ES\" class=\"yoast-seo-meta-tag\" \/>\n<meta property=\"og:type\" content=\"article\" class=\"yoast-seo-meta-tag\" \/>\n<meta property=\"og:title\" content=\"Videoconferencia: \u201cConductas colectivas durante el desarrollo animal\u201d - Los R\u00edos\" class=\"yoast-seo-meta-tag\" \/>\n<meta property=\"og:description\" content=\"La charla destinada para estudiantes de 7mo b\u00e1sico a 4to medio, busca comprender c\u00f3mo los genes influyen o cuan determinante son en el comportamiento de grandes grupos animales. El Proyecto EXPLORA CONICYT Regi\u00f3n de Los R\u00edos y los Centros Virtuales de Investigaci\u00f3n de la UACh, invitan a toda la comunidad escolar a participar de la [&hellip;]\" class=\"yoast-seo-meta-tag\" \/>\n<meta property=\"og:url\" content=\"https:\/\/dev.explora.cl\/rios\/videoconferencia-conductas-colectivas-durante-el-desarrollo-animal\/\" class=\"yoast-seo-meta-tag\" \/>\n<meta property=\"og:site_name\" content=\"Los R\u00edos\" class=\"yoast-seo-meta-tag\" \/>\n<meta property=\"article:published_time\" content=\"2014-06-30T04:00:00+00:00\" class=\"yoast-seo-meta-tag\" \/>\n<meta property=\"article:modified_time\" content=\"2019-05-20T19:32:30+00:00\" class=\"yoast-seo-meta-tag\" \/>\n<meta property=\"og:image\" content=\"https:\/\/dev.explora.cl\/rios\/wp-content\/uploads\/sites\/16\/2018\/06\/52a1a12ad7897ab6e2b704a59e1d84a3.jpg\" class=\"yoast-seo-meta-tag\" \/>\n\t<meta property=\"og:image:width\" content=\"250\" class=\"yoast-seo-meta-tag\" \/>\n\t<meta property=\"og:image:height\" content=\"150\" class=\"yoast-seo-meta-tag\" \/>\n\t<meta property=\"og:image:type\" content=\"image\/jpeg\" class=\"yoast-seo-meta-tag\" \/>\n<meta name=\"author\" content=\"webman\" class=\"yoast-seo-meta-tag\" \/>\n<meta name=\"twitter:card\" content=\"summary_large_image\" class=\"yoast-seo-meta-tag\" \/>\n<meta name=\"twitter:label1\" content=\"Escrito por\" class=\"yoast-seo-meta-tag\" \/>\n\t<meta name=\"twitter:data1\" content=\"webman\" class=\"yoast-seo-meta-tag\" \/>\n\t<meta name=\"twitter:label2\" content=\"Tiempo estimado de lectura\" class=\"yoast-seo-meta-tag\" \/>\n\t<meta name=\"twitter:data2\" content=\"1 minuto\" class=\"yoast-seo-meta-tag\" \/>\n<script type=\"application\/ld+json\" class=\"yoast-schema-graph\">{\"@context\":\"https:\/\/schema.org\",\"@graph\":[{\"@type\":\"Article\",\"@id\":\"https:\/\/dev.explora.cl\/rios\/videoconferencia-conductas-colectivas-durante-el-desarrollo-animal\/#article\",\"isPartOf\":{\"@id\":\"https:\/\/dev.explora.cl\/rios\/videoconferencia-conductas-colectivas-durante-el-desarrollo-animal\/\"},\"author\":{\"name\":\"webman\",\"@id\":\"https:\/\/dev.explora.cl\/rios\/#\/schema\/person\/cb8349c13ea2d324080adf8480d7ba5d\"},\"headline\":\"Videoconferencia: \u201cConductas colectivas durante el desarrollo animal\u201d\",\"datePublished\":\"2014-06-30T04:00:00+00:00\",\"dateModified\":\"2019-05-20T19:32:30+00:00\",\"mainEntityOfPage\":{\"@id\":\"https:\/\/dev.explora.cl\/rios\/videoconferencia-conductas-colectivas-durante-el-desarrollo-animal\/\"},\"wordCount\":279,\"commentCount\":0,\"image\":{\"@id\":\"https:\/\/dev.explora.cl\/rios\/videoconferencia-conductas-colectivas-durante-el-desarrollo-animal\/#primaryimage\"},\"thumbnailUrl\":\"https:\/\/dev.explora.cl\/rios\/wp-content\/uploads\/sites\/16\/2018\/06\/52a1a12ad7897ab6e2b704a59e1d84a3.jpg\",\"articleSection\":[\"Noticias\"],\"inLanguage\":\"es-CL\",\"potentialAction\":[{\"@type\":\"CommentAction\",\"name\":\"Comment\",\"target\":[\"https:\/\/dev.explora.cl\/rios\/videoconferencia-conductas-colectivas-durante-el-desarrollo-animal\/#respond\"]}]},{\"@type\":\"WebPage\",\"@id\":\"https:\/\/dev.explora.cl\/rios\/videoconferencia-conductas-colectivas-durante-el-desarrollo-animal\/\",\"url\":\"https:\/\/dev.explora.cl\/rios\/videoconferencia-conductas-colectivas-durante-el-desarrollo-animal\/\",\"name\":\"Videoconferencia: \u201cConductas colectivas durante el desarrollo animal\u201d - Los R\u00edos\",\"isPartOf\":{\"@id\":\"https:\/\/dev.explora.cl\/rios\/#website\"},\"primaryImageOfPage\":{\"@id\":\"https:\/\/dev.explora.cl\/rios\/videoconferencia-conductas-colectivas-durante-el-desarrollo-animal\/#primaryimage\"},\"image\":{\"@id\":\"https:\/\/dev.explora.cl\/rios\/videoconferencia-conductas-colectivas-durante-el-desarrollo-animal\/#primaryimage\"},\"thumbnailUrl\":\"https:\/\/dev.explora.cl\/rios\/wp-content\/uploads\/sites\/16\/2018\/06\/52a1a12ad7897ab6e2b704a59e1d84a3.jpg\",\"datePublished\":\"2014-06-30T04:00:00+00:00\",\"dateModified\":\"2019-05-20T19:32:30+00:00\",\"author\":{\"@id\":\"https:\/\/dev.explora.cl\/rios\/#\/schema\/person\/cb8349c13ea2d324080adf8480d7ba5d\"},\"breadcrumb\":{\"@id\":\"https:\/\/dev.explora.cl\/rios\/videoconferencia-conductas-colectivas-durante-el-desarrollo-animal\/#breadcrumb\"},\"inLanguage\":\"es-CL\",\"potentialAction\":[{\"@type\":\"ReadAction\",\"target\":[\"https:\/\/dev.explora.cl\/rios\/videoconferencia-conductas-colectivas-durante-el-desarrollo-animal\/\"]}]},{\"@type\":\"ImageObject\",\"inLanguage\":\"es-CL\",\"@id\":\"https:\/\/dev.explora.cl\/rios\/videoconferencia-conductas-colectivas-durante-el-desarrollo-animal\/#primaryimage\",\"url\":\"https:\/\/dev.explora.cl\/rios\/wp-content\/uploads\/sites\/16\/2018\/06\/52a1a12ad7897ab6e2b704a59e1d84a3.jpg\",\"contentUrl\":\"https:\/\/dev.explora.cl\/rios\/wp-content\/uploads\/sites\/16\/2018\/06\/52a1a12ad7897ab6e2b704a59e1d84a3.jpg\",\"width\":250,\"height\":150},{\"@type\":\"BreadcrumbList\",\"@id\":\"https:\/\/dev.explora.cl\/rios\/videoconferencia-conductas-colectivas-durante-el-desarrollo-animal\/#breadcrumb\",\"itemListElement\":[{\"@type\":\"ListItem\",\"position\":1,\"name\":\"Portada\",\"item\":\"https:\/\/dev.explora.cl\/rios\/\"},{\"@type\":\"ListItem\",\"position\":2,\"name\":\"Videoconferencia: \u201cConductas colectivas durante el desarrollo animal\u201d\"}]},{\"@type\":\"WebSite\",\"@id\":\"https:\/\/dev.explora.cl\/rios\/#website\",\"url\":\"https:\/\/dev.explora.cl\/rios\/\",\"name\":\"Los R\u00edos\",\"description\":\"Otro sitio m\u00e1s de dev.explora.cl\",\"potentialAction\":[{\"@type\":\"SearchAction\",\"target\":{\"@type\":\"EntryPoint\",\"urlTemplate\":\"https:\/\/dev.explora.cl\/rios\/?s={search_term_string}\"},\"query-input\":{\"@type\":\"PropertyValueSpecification\",\"valueRequired\":true,\"valueName\":\"search_term_string\"}}],\"inLanguage\":\"es-CL\"},{\"@type\":\"Person\",\"@id\":\"https:\/\/dev.explora.cl\/rios\/#\/schema\/person\/cb8349c13ea2d324080adf8480d7ba5d\",\"name\":\"webman\",\"image\":{\"@type\":\"ImageObject\",\"inLanguage\":\"es-CL\",\"@id\":\"https:\/\/dev.explora.cl\/rios\/#\/schema\/person\/image\/\",\"url\":\"https:\/\/secure.gravatar.com\/avatar\/eeff3c82f2c02f7177d13663b7e6f890e9a6a0647ce9bb29cae02dcb094c7312?s=96&d=mm&r=g\",\"contentUrl\":\"https:\/\/secure.gravatar.com\/avatar\/eeff3c82f2c02f7177d13663b7e6f890e9a6a0647ce9bb29cae02dcb094c7312?s=96&d=mm&r=g\",\"caption\":\"webman\"},\"url\":\"https:\/\/dev.explora.cl\/rios\/author\/webman\/\"}]}<\/script>\n<!-- \/ Yoast SEO plugin. -->","yoast_head_json":{"title":"Videoconferencia: \u201cConductas colectivas durante el desarrollo animal\u201d - Los R\u00edos","robots":{"index":"index","follow":"follow","max-snippet":"max-snippet:-1","max-image-preview":"max-image-preview:large","max-video-preview":"max-video-preview:-1"},"canonical":"https:\/\/dev.explora.cl\/rios\/videoconferencia-conductas-colectivas-durante-el-desarrollo-animal\/","og_locale":"es_ES","og_type":"article","og_title":"Videoconferencia: \u201cConductas colectivas durante el desarrollo animal\u201d - Los R\u00edos","og_description":"La charla destinada para estudiantes de 7mo b\u00e1sico a 4to medio, busca comprender c\u00f3mo los genes influyen o cuan determinante son en el comportamiento de grandes grupos animales. El Proyecto EXPLORA CONICYT Regi\u00f3n de Los R\u00edos y los Centros Virtuales de Investigaci\u00f3n de la UACh, invitan a toda la comunidad escolar a participar de la [&hellip;]","og_url":"https:\/\/dev.explora.cl\/rios\/videoconferencia-conductas-colectivas-durante-el-desarrollo-animal\/","og_site_name":"Los R\u00edos","article_published_time":"2014-06-30T04:00:00+00:00","article_modified_time":"2019-05-20T19:32:30+00:00","og_image":[{"width":250,"height":150,"url":"https:\/\/dev.explora.cl\/rios\/wp-content\/uploads\/sites\/16\/2018\/06\/52a1a12ad7897ab6e2b704a59e1d84a3.jpg","type":"image\/jpeg"}],"author":"webman","twitter_card":"summary_large_image","twitter_misc":{"Escrito por":"webman","Tiempo estimado de lectura":"1 minuto"},"schema":{"@context":"https:\/\/schema.org","@graph":[{"@type":"Article","@id":"https:\/\/dev.explora.cl\/rios\/videoconferencia-conductas-colectivas-durante-el-desarrollo-animal\/#article","isPartOf":{"@id":"https:\/\/dev.explora.cl\/rios\/videoconferencia-conductas-colectivas-durante-el-desarrollo-animal\/"},"author":{"name":"webman","@id":"https:\/\/dev.explora.cl\/rios\/#\/schema\/person\/cb8349c13ea2d324080adf8480d7ba5d"},"headline":"Videoconferencia: \u201cConductas colectivas durante el desarrollo animal\u201d","datePublished":"2014-06-30T04:00:00+00:00","dateModified":"2019-05-20T19:32:30+00:00","mainEntityOfPage":{"@id":"https:\/\/dev.explora.cl\/rios\/videoconferencia-conductas-colectivas-durante-el-desarrollo-animal\/"},"wordCount":279,"commentCount":0,"image":{"@id":"https:\/\/dev.explora.cl\/rios\/videoconferencia-conductas-colectivas-durante-el-desarrollo-animal\/#primaryimage"},"thumbnailUrl":"https:\/\/dev.explora.cl\/rios\/wp-content\/uploads\/sites\/16\/2018\/06\/52a1a12ad7897ab6e2b704a59e1d84a3.jpg","articleSection":["Noticias"],"inLanguage":"es-CL","potentialAction":[{"@type":"CommentAction","name":"Comment","target":["https:\/\/dev.explora.cl\/rios\/videoconferencia-conductas-colectivas-durante-el-desarrollo-animal\/#respond"]}]},{"@type":"WebPage","@id":"https:\/\/dev.explora.cl\/rios\/videoconferencia-conductas-colectivas-durante-el-desarrollo-animal\/","url":"https:\/\/dev.explora.cl\/rios\/videoconferencia-conductas-colectivas-durante-el-desarrollo-animal\/","name":"Videoconferencia: \u201cConductas colectivas durante el desarrollo animal\u201d - Los R\u00edos","isPartOf":{"@id":"https:\/\/dev.explora.cl\/rios\/#website"},"primaryImageOfPage":{"@id":"https:\/\/dev.explora.cl\/rios\/videoconferencia-conductas-colectivas-durante-el-desarrollo-animal\/#primaryimage"},"image":{"@id":"https:\/\/dev.explora.cl\/rios\/videoconferencia-conductas-colectivas-durante-el-desarrollo-animal\/#primaryimage"},"thumbnailUrl":"https:\/\/dev.explora.cl\/rios\/wp-content\/uploads\/sites\/16\/2018\/06\/52a1a12ad7897ab6e2b704a59e1d84a3.jpg","datePublished":"2014-06-30T04:00:00+00:00","dateModified":"2019-05-20T19:32:30+00:00","author":{"@id":"https:\/\/dev.explora.cl\/rios\/#\/schema\/person\/cb8349c13ea2d324080adf8480d7ba5d"},"breadcrumb":{"@id":"https:\/\/dev.explora.cl\/rios\/videoconferencia-conductas-colectivas-durante-el-desarrollo-animal\/#breadcrumb"},"inLanguage":"es-CL","potentialAction":[{"@type":"ReadAction","target":["https:\/\/dev.explora.cl\/rios\/videoconferencia-conductas-colectivas-durante-el-desarrollo-animal\/"]}]},{"@type":"ImageObject","inLanguage":"es-CL","@id":"https:\/\/dev.explora.cl\/rios\/videoconferencia-conductas-colectivas-durante-el-desarrollo-animal\/#primaryimage","url":"https:\/\/dev.explora.cl\/rios\/wp-content\/uploads\/sites\/16\/2018\/06\/52a1a12ad7897ab6e2b704a59e1d84a3.jpg","contentUrl":"https:\/\/dev.explora.cl\/rios\/wp-content\/uploads\/sites\/16\/2018\/06\/52a1a12ad7897ab6e2b704a59e1d84a3.jpg","width":250,"height":150},{"@type":"BreadcrumbList","@id":"https:\/\/dev.explora.cl\/rios\/videoconferencia-conductas-colectivas-durante-el-desarrollo-animal\/#breadcrumb","itemListElement":[{"@type":"ListItem","position":1,"name":"Portada","item":"https:\/\/dev.explora.cl\/rios\/"},{"@type":"ListItem","position":2,"name":"Videoconferencia: \u201cConductas colectivas durante el desarrollo animal\u201d"}]},{"@type":"WebSite","@id":"https:\/\/dev.explora.cl\/rios\/#website","url":"https:\/\/dev.explora.cl\/rios\/","name":"Los R\u00edos","description":"Otro sitio m\u00e1s de dev.explora.cl","potentialAction":[{"@type":"SearchAction","target":{"@type":"EntryPoint","urlTemplate":"https:\/\/dev.explora.cl\/rios\/?s={search_term_string}"},"query-input":{"@type":"PropertyValueSpecification","valueRequired":true,"valueName":"search_term_string"}}],"inLanguage":"es-CL"},{"@type":"Person","@id":"https:\/\/dev.explora.cl\/rios\/#\/schema\/person\/cb8349c13ea2d324080adf8480d7ba5d","name":"webman","image":{"@type":"ImageObject","inLanguage":"es-CL","@id":"https:\/\/dev.explora.cl\/rios\/#\/schema\/person\/image\/","url":"https:\/\/secure.gravatar.com\/avatar\/eeff3c82f2c02f7177d13663b7e6f890e9a6a0647ce9bb29cae02dcb094c7312?s=96&d=mm&r=g","contentUrl":"https:\/\/secure.gravatar.com\/avatar\/eeff3c82f2c02f7177d13663b7e6f890e9a6a0647ce9bb29cae02dcb094c7312?s=96&d=mm&r=g","caption":"webman"},"url":"https:\/\/dev.explora.cl\/rios\/author\/webman\/"}]}},"_links":{"self":[{"href":"https:\/\/dev.explora.cl\/rios\/wp-json\/wp\/v2\/posts\/37567","targetHints":{"allow":["GET"]}}],"collection":[{"href":"https:\/\/dev.explora.cl\/rios\/wp-json\/wp\/v2\/posts"}],"about":[{"href":"https:\/\/dev.explora.cl\/rios\/wp-json\/wp\/v2\/types\/post"}],"author":[{"embeddable":true,"href":"https:\/\/dev.explora.cl\/rios\/wp-json\/wp\/v2\/users\/2"}],"replies":[{"embeddable":true,"href":"https:\/\/dev.explora.cl\/rios\/wp-json\/wp\/v2\/comments?post=37567"}],"version-history":[{"count":1,"href":"https:\/\/dev.explora.cl\/rios\/wp-json\/wp\/v2\/posts\/37567\/revisions"}],"predecessor-version":[{"id":38061,"href":"https:\/\/dev.explora.cl\/rios\/wp-json\/wp\/v2\/posts\/37567\/revisions\/38061"}],"wp:featuredmedia":[{"embeddable":true,"href":"https:\/\/dev.explora.cl\/rios\/wp-json\/wp\/v2\/media\/118"}],"wp:attachment":[{"href":"https:\/\/dev.explora.cl\/rios\/wp-json\/wp\/v2\/media?parent=37567"}],"wp:term":[{"taxonomy":"category","embeddable":true,"href":"https:\/\/dev.explora.cl\/rios\/wp-json\/wp\/v2\/categories?post=37567"},{"taxonomy":"post_tag","embeddable":true,"href":"https:\/\/dev.explora.cl\/rios\/wp-json\/wp\/v2\/tags?post=37567"}],"curies":[{"name":"wp","href":"https:\/\/api.w.org\/{rel}","templated":true}]}}