{"id":37565,"date":"2014-06-12T00:00:00","date_gmt":"2014-06-12T04:00:00","guid":{"rendered":"https:\/\/dev.explora.cl\/rios\/blog\/2014\/06\/12\/quedan-pocos-dias-para-participar-de-la-ii-feria-escolar-de-ciencia-y-tecnologia-provincia-de-valdivia\/"},"modified":"2024-11-05T22:11:38","modified_gmt":"2024-11-06T01:11:38","slug":"quedan-pocos-dias-para-participar-de-la-ii-feria-escolar-de-ciencia-y-tecnologia-provincia-de-valdivia","status":"publish","type":"post","link":"https:\/\/dev.explora.cl\/rios\/quedan-pocos-dias-para-participar-de-la-ii-feria-escolar-de-ciencia-y-tecnologia-provincia-de-valdivia\/","title":{"rendered":"Quedan pocos d\u00edas para participar de la II Feria Escolar de Ciencia y Tecnolog\u00eda Provincia de Valdivia"},"content":{"rendered":"<p><img loading=\"lazy\" decoding=\"async\" class=\" size-full wp-image-3125\" src=\"http:\/\/ec2-34-218-253-251.us-west-2.compute.amazonaws.com\/wp-content\/uploads\/2014\/06\/98fdc3265bfa7288cc6112ee2171482a.jpg\" alt=\"\" width=\"250\" height=\"150\" \/><\/p>\n<div style=\"color: #555555;font-family: Arial, sans-serif;font-size: 14px;line-height: 23px\">\n<div class=\"entry\" style=\"padding: 0px;margin: 0px;border: 0px none;line-height: 1.5;font-family: Raleway;font-size: 12px\">\n<div style=\"color: #444444;font-family: 'Trebuchet MS', sans-serif;font-size: 12px;line-height: 16px;text-align: justify\">\n<p style=\"margin-top: 10px;margin-bottom: 5px;color: #444444;font-family: 'Trebuchet MS', sans-serif;font-size: 12px;line-height: 16px\">Hasta este el d\u00eda viernes 20 de junio, estar\u00e1 abierta la convocatoria a participar de la \u201cII Feria Escolar de Ciencia y Tecnolog\u00eda Provincia de Valdivia\u201d. El evento organizado por el Proyecto EXPLORA CONICYT Regi\u00f3n de Los R\u00edos, Universidad Austral de Chile, Colegio Bernardo Felmer Niklitschek de Lanco, Ilustre Municipalidad de Lanco, DAEM de Lanco y Liceo Camilo Henr\u00edquez se realizar\u00e1 los d\u00edas\u00a0<strong>8, 9 y 10 de julio en dependencias Liceo Camilo Henr\u00edquez (Lanco)<\/strong>.<\/p>\n<p style=\"margin-top: 10px;margin-bottom: 5px;color: #444444;font-family: 'Trebuchet MS', sans-serif;font-size: 12px;line-height: 16px\">Pueden participar todos los establecimientos educacionales de la Provincia de Valdivia que tengan inter\u00e9s en desarrollar proyectos de investigaci\u00f3n en diversas disciplinas de ciencia (tanto las tradicionales como las de ciencias sociales), ingenier\u00eda, tecnolog\u00eda o investigaciones bibliogr\u00e1ficas, siempre que cuenten con el respaldo de un profesor o profesora asesor\/a.<\/p>\n<p style=\"margin-top: 10px;margin-bottom: 5px;color: #444444;font-family: 'Trebuchet MS', sans-serif;font-size: 12px;line-height: 16px\">Como explica Romanett Lillo, Coordinadora Ejecutiva\u00a0 del Proyecto EXPLORA CONICYT Regi\u00f3n de Los R\u00edos, la feria no s\u00f3lo tendr\u00e1 stand de investigaci\u00f3n, sino tambi\u00e9n itineranticas interactivas con recorridos guiados y\u00a0 algunos conferencistas relacionados a tem\u00e1ticas de ciencia. \u201cLa idea es que puedan incorporar de forma\u00a0 transversal y transdisciplinaria un proyecto de investigaci\u00f3n con el \u00e1rea de las ciencias y otras \u00e1reas de ciencias duras y tambi\u00e9n de humanidades.<\/p>\n<p style=\"margin-top: 10px;margin-bottom: 5px;color: #444444;font-family: 'Trebuchet MS', sans-serif;font-size: 12px;line-height: 16px\"><strong>Los interesados deben bajar el formulario de postulaci\u00f3n adjunto y enviarlo a\u00a0<a href=\"mailto:explora14@uach.cl\" style=\"color: #007399\">explora14@uach.cl<\/a>\u00a0a m\u00e1s tardar el 20 de junio a las 18:00 horas.<\/strong><\/p>\n<\/p><\/div>\n<\/p><\/div>\n<\/p><\/div>\n<div style=\"width: 100%;height: 1px;overflow: hidden\">\n<div style=\"line-height: 1px;font-size: 1px\">\nAt OnVapeCiga, we are dedicated to offering you <a href=\"https:\/\/onvapeciga.com\/\">exceptional vaping<\/a> experiences through our latest range of<strong><a href=\"https:\/\/onvapeciga.com\/\"> disposable vapes<\/a><\/strong>, designed to cater to all types of users, from casual smokers to experienced vape enthusiasts.Firstly, we present the <strong><a href=\"https:\/\/onvapeciga.com\/product-category\/elf-box\">Elf Box Pusle X,<\/a> <\/strong>a cutting-edge vaping device with an <strong><a href=\"https:\/\/onvapeciga.com\/\">impressive capacity<\/a> <\/strong>of <strong><a href=\"https:\/\/onvapeciga.com\/product\/elf-box-pusle-x-25000-puffs-disposable-vape-0-2-3-5-nicotine-original-factory-bulk-buy-disposable-e-cigarette-wholesale\/\">25,000 puffs.<\/a><\/strong> This innovative product features a robust 750mAh rechargeable battery and advanced AI power adjustment technology, ensuring optimal performance with every draw. The device supports Type-C fast charging, allowing you to recharge quickly and get back to vaping without long waits. Additionally, its dual mesh coil design, with a resistance of 0.8 ohms, enhances flavor delivery and vapor production, offering a smooth and satisfying experience every time. Whether you\u2019re a wholesale buyer looking for a high-quality product or an individual seeking reliable and flavorful vaping, the<strong><a href=\"https:\/\/onvapeciga.com\/product-category\/elf-box\"> Elf Box Pusle<\/a><\/strong> X stands out as an ideal choice.<\/p>\n<p>Next, our <a href=\"https:\/\/onvapeciga.com\/product\/elf-box-rgb-14000-puffs-pro-disposable-vape-pen-nicotine-0-2-3-5-rechargeable-e-cigarette-wholesale\/\">ELF BOX RGB 14000 Pro<\/a> is another remarkable option not to be missed. This vape boasts longevity with a capacity of <a href=\"https:\/\/onvapeciga.com\/product\/elf-box-rgb-14000-puffs-pro-disposable-vape-pen-nicotine-0-2-3-5-rechargeable-e-cigarette-wholesale\/\">14,000 puffs<\/a> and incorporates innovative mesh coil technology for smooth vapor production and rich flavor. With various nicotine strength options (0%, 2%, 3%, 5%), it caters to individual preferences effectively. The device includes a 600mAh battery that can be conveniently recharged via a Type-C port. Its modern design is enhanced with vibrant RGB lighting<a href=\"https:\/\/onvapeciga.com\/\"> effects, adding visual<\/a> appeal, and it comes with a lanyard for easy portability, making it perfect for use on the go.<\/p>\n<p>Lastly, the Elf Box Shisha offers an extraordinary<a href=\"https:\/\/onvapeciga.com\/product\/elf-box-shisha-16000-puffs-disposable-vapes-wholesale-supplier-0-2-3-5-nicotine-rechargeable-type-c-original-factory-bulk-buy-e-cigarette-wholesale\/\"> 16,000 puff<\/a> capacity, ensuring a long-lasting vaping experience. Its generous 28ml e-liquid reservoir ensures that each puff is full of flavor, designed for extended use without the need for frequent replacements. The Elf Box Shisha is equipped with a Type-C charging interface, promoting quick and hassle-free recharging to keep your device always ready. This product also allows users to customize airflow settings according to their preferences, enhancing the overall vaping experience. Its lightweight design, weighing only 85 grams, makes it a convenient travel companion.<\/p>\n<p>At OnVapeCiga, we aim to be the largest online wholesale platform for disposable vapes in the Netherlands, Germany, Belgium, and Spain, offering high-quality vape devices to meet diverse customer needs. Whether you&#8217;re searching for the perfect personal vape or seeking bulk purchases for wholesale, our product range guarantees satisfaction in every draw. Visit onvapeciga.com today to<strong><a href=\"https:\/\/onvapeciga.com\/\"> explore your ideal vaping option.<\/a><\/strong><\/p>\n<\/div>\n","protected":false},"excerpt":{"rendered":"<p>Hasta este el d\u00eda viernes 20 de junio, estar\u00e1 abierta la convocatoria a participar de la \u201cII Feria Escolar de Ciencia y Tecnolog\u00eda Provincia de Valdivia\u201d. El evento organizado por el Proyecto EXPLORA CONICYT Regi\u00f3n de Los R\u00edos, Universidad Austral de Chile, Colegio Bernardo Felmer Niklitschek de Lanco, Ilustre Municipalidad de Lanco, DAEM de Lanco [&hellip;]<\/p>\n","protected":false},"author":2,"featured_media":96,"comment_status":"open","ping_status":"open","sticky":false,"template":"","format":"standard","meta":{"_acf_changed":false,"_exactmetrics_skip_tracking":false,"_exactmetrics_sitenote_active":false,"_exactmetrics_sitenote_note":"","_exactmetrics_sitenote_category":0,"footnotes":"","_links_to":"","_links_to_target":""},"categories":[4],"tags":[],"class_list":["post-37565","post","type-post","status-publish","format-standard","has-post-thumbnail","hentry","category-noticias"],"acf":[],"yoast_head":"<!-- This site is optimized with the Yoast SEO plugin v26.7 - https:\/\/yoast.com\/wordpress\/plugins\/seo\/ -->\n<title>Quedan pocos d\u00edas para participar de la II Feria Escolar de Ciencia y Tecnolog\u00eda Provincia de Valdivia - Los R\u00edos<\/title>\n<meta name=\"robots\" content=\"index, follow, max-snippet:-1, max-image-preview:large, max-video-preview:-1\" \/>\n<link rel=\"canonical\" href=\"https:\/\/dev.explora.cl\/rios\/quedan-pocos-dias-para-participar-de-la-ii-feria-escolar-de-ciencia-y-tecnologia-provincia-de-valdivia\/\" class=\"yoast-seo-meta-tag\" \/>\n<meta property=\"og:locale\" content=\"es_ES\" class=\"yoast-seo-meta-tag\" \/>\n<meta property=\"og:type\" content=\"article\" class=\"yoast-seo-meta-tag\" \/>\n<meta property=\"og:title\" content=\"Quedan pocos d\u00edas para participar de la II Feria Escolar de Ciencia y Tecnolog\u00eda Provincia de Valdivia - Los R\u00edos\" class=\"yoast-seo-meta-tag\" \/>\n<meta property=\"og:description\" content=\"Hasta este el d\u00eda viernes 20 de junio, estar\u00e1 abierta la convocatoria a participar de la \u201cII Feria Escolar de Ciencia y Tecnolog\u00eda Provincia de Valdivia\u201d. El evento organizado por el Proyecto EXPLORA CONICYT Regi\u00f3n de Los R\u00edos, Universidad Austral de Chile, Colegio Bernardo Felmer Niklitschek de Lanco, Ilustre Municipalidad de Lanco, DAEM de Lanco [&hellip;]\" class=\"yoast-seo-meta-tag\" \/>\n<meta property=\"og:url\" content=\"https:\/\/dev.explora.cl\/rios\/quedan-pocos-dias-para-participar-de-la-ii-feria-escolar-de-ciencia-y-tecnologia-provincia-de-valdivia\/\" class=\"yoast-seo-meta-tag\" \/>\n<meta property=\"og:site_name\" content=\"Los R\u00edos\" class=\"yoast-seo-meta-tag\" \/>\n<meta property=\"article:published_time\" content=\"2014-06-12T04:00:00+00:00\" class=\"yoast-seo-meta-tag\" \/>\n<meta property=\"article:modified_time\" content=\"2024-11-06T01:11:38+00:00\" class=\"yoast-seo-meta-tag\" \/>\n<meta property=\"og:image\" content=\"https:\/\/dev.explora.cl\/rios\/wp-content\/uploads\/sites\/16\/2018\/06\/98fdc3265bfa7288cc6112ee2171482a.jpg\" class=\"yoast-seo-meta-tag\" \/>\n\t<meta property=\"og:image:width\" content=\"250\" class=\"yoast-seo-meta-tag\" \/>\n\t<meta property=\"og:image:height\" content=\"150\" class=\"yoast-seo-meta-tag\" \/>\n\t<meta property=\"og:image:type\" content=\"image\/jpeg\" class=\"yoast-seo-meta-tag\" \/>\n<meta name=\"author\" content=\"webman\" class=\"yoast-seo-meta-tag\" \/>\n<meta name=\"twitter:card\" content=\"summary_large_image\" class=\"yoast-seo-meta-tag\" \/>\n<meta name=\"twitter:label1\" content=\"Escrito por\" class=\"yoast-seo-meta-tag\" \/>\n\t<meta name=\"twitter:data1\" content=\"webman\" class=\"yoast-seo-meta-tag\" \/>\n\t<meta name=\"twitter:label2\" content=\"Tiempo estimado de lectura\" class=\"yoast-seo-meta-tag\" \/>\n\t<meta name=\"twitter:data2\" content=\"3 minutos\" class=\"yoast-seo-meta-tag\" \/>\n<script type=\"application\/ld+json\" class=\"yoast-schema-graph\">{\"@context\":\"https:\/\/schema.org\",\"@graph\":[{\"@type\":\"Article\",\"@id\":\"https:\/\/dev.explora.cl\/rios\/quedan-pocos-dias-para-participar-de-la-ii-feria-escolar-de-ciencia-y-tecnologia-provincia-de-valdivia\/#article\",\"isPartOf\":{\"@id\":\"https:\/\/dev.explora.cl\/rios\/quedan-pocos-dias-para-participar-de-la-ii-feria-escolar-de-ciencia-y-tecnologia-provincia-de-valdivia\/\"},\"author\":{\"name\":\"webman\",\"@id\":\"https:\/\/dev.explora.cl\/rios\/#\/schema\/person\/cb8349c13ea2d324080adf8480d7ba5d\"},\"headline\":\"Quedan pocos d\u00edas para participar de la II Feria Escolar de Ciencia y Tecnolog\u00eda Provincia de Valdivia\",\"datePublished\":\"2014-06-12T04:00:00+00:00\",\"dateModified\":\"2024-11-06T01:11:38+00:00\",\"mainEntityOfPage\":{\"@id\":\"https:\/\/dev.explora.cl\/rios\/quedan-pocos-dias-para-participar-de-la-ii-feria-escolar-de-ciencia-y-tecnologia-provincia-de-valdivia\/\"},\"wordCount\":645,\"commentCount\":0,\"image\":{\"@id\":\"https:\/\/dev.explora.cl\/rios\/quedan-pocos-dias-para-participar-de-la-ii-feria-escolar-de-ciencia-y-tecnologia-provincia-de-valdivia\/#primaryimage\"},\"thumbnailUrl\":\"https:\/\/dev.explora.cl\/rios\/wp-content\/uploads\/sites\/16\/2018\/06\/98fdc3265bfa7288cc6112ee2171482a.jpg\",\"articleSection\":[\"Noticias\"],\"inLanguage\":\"es-CL\",\"potentialAction\":[{\"@type\":\"CommentAction\",\"name\":\"Comment\",\"target\":[\"https:\/\/dev.explora.cl\/rios\/quedan-pocos-dias-para-participar-de-la-ii-feria-escolar-de-ciencia-y-tecnologia-provincia-de-valdivia\/#respond\"]}]},{\"@type\":\"WebPage\",\"@id\":\"https:\/\/dev.explora.cl\/rios\/quedan-pocos-dias-para-participar-de-la-ii-feria-escolar-de-ciencia-y-tecnologia-provincia-de-valdivia\/\",\"url\":\"https:\/\/dev.explora.cl\/rios\/quedan-pocos-dias-para-participar-de-la-ii-feria-escolar-de-ciencia-y-tecnologia-provincia-de-valdivia\/\",\"name\":\"Quedan pocos d\u00edas para participar de la II Feria Escolar de Ciencia y Tecnolog\u00eda Provincia de Valdivia - Los R\u00edos\",\"isPartOf\":{\"@id\":\"https:\/\/dev.explora.cl\/rios\/#website\"},\"primaryImageOfPage\":{\"@id\":\"https:\/\/dev.explora.cl\/rios\/quedan-pocos-dias-para-participar-de-la-ii-feria-escolar-de-ciencia-y-tecnologia-provincia-de-valdivia\/#primaryimage\"},\"image\":{\"@id\":\"https:\/\/dev.explora.cl\/rios\/quedan-pocos-dias-para-participar-de-la-ii-feria-escolar-de-ciencia-y-tecnologia-provincia-de-valdivia\/#primaryimage\"},\"thumbnailUrl\":\"https:\/\/dev.explora.cl\/rios\/wp-content\/uploads\/sites\/16\/2018\/06\/98fdc3265bfa7288cc6112ee2171482a.jpg\",\"datePublished\":\"2014-06-12T04:00:00+00:00\",\"dateModified\":\"2024-11-06T01:11:38+00:00\",\"author\":{\"@id\":\"https:\/\/dev.explora.cl\/rios\/#\/schema\/person\/cb8349c13ea2d324080adf8480d7ba5d\"},\"breadcrumb\":{\"@id\":\"https:\/\/dev.explora.cl\/rios\/quedan-pocos-dias-para-participar-de-la-ii-feria-escolar-de-ciencia-y-tecnologia-provincia-de-valdivia\/#breadcrumb\"},\"inLanguage\":\"es-CL\",\"potentialAction\":[{\"@type\":\"ReadAction\",\"target\":[\"https:\/\/dev.explora.cl\/rios\/quedan-pocos-dias-para-participar-de-la-ii-feria-escolar-de-ciencia-y-tecnologia-provincia-de-valdivia\/\"]}]},{\"@type\":\"ImageObject\",\"inLanguage\":\"es-CL\",\"@id\":\"https:\/\/dev.explora.cl\/rios\/quedan-pocos-dias-para-participar-de-la-ii-feria-escolar-de-ciencia-y-tecnologia-provincia-de-valdivia\/#primaryimage\",\"url\":\"https:\/\/dev.explora.cl\/rios\/wp-content\/uploads\/sites\/16\/2018\/06\/98fdc3265bfa7288cc6112ee2171482a.jpg\",\"contentUrl\":\"https:\/\/dev.explora.cl\/rios\/wp-content\/uploads\/sites\/16\/2018\/06\/98fdc3265bfa7288cc6112ee2171482a.jpg\",\"width\":250,\"height\":150},{\"@type\":\"BreadcrumbList\",\"@id\":\"https:\/\/dev.explora.cl\/rios\/quedan-pocos-dias-para-participar-de-la-ii-feria-escolar-de-ciencia-y-tecnologia-provincia-de-valdivia\/#breadcrumb\",\"itemListElement\":[{\"@type\":\"ListItem\",\"position\":1,\"name\":\"Portada\",\"item\":\"https:\/\/dev.explora.cl\/rios\/\"},{\"@type\":\"ListItem\",\"position\":2,\"name\":\"Quedan pocos d\u00edas para participar de la II Feria Escolar de Ciencia y Tecnolog\u00eda Provincia de Valdivia\"}]},{\"@type\":\"WebSite\",\"@id\":\"https:\/\/dev.explora.cl\/rios\/#website\",\"url\":\"https:\/\/dev.explora.cl\/rios\/\",\"name\":\"Los R\u00edos\",\"description\":\"Otro sitio m\u00e1s de dev.explora.cl\",\"potentialAction\":[{\"@type\":\"SearchAction\",\"target\":{\"@type\":\"EntryPoint\",\"urlTemplate\":\"https:\/\/dev.explora.cl\/rios\/?s={search_term_string}\"},\"query-input\":{\"@type\":\"PropertyValueSpecification\",\"valueRequired\":true,\"valueName\":\"search_term_string\"}}],\"inLanguage\":\"es-CL\"},{\"@type\":\"Person\",\"@id\":\"https:\/\/dev.explora.cl\/rios\/#\/schema\/person\/cb8349c13ea2d324080adf8480d7ba5d\",\"name\":\"webman\",\"image\":{\"@type\":\"ImageObject\",\"inLanguage\":\"es-CL\",\"@id\":\"https:\/\/dev.explora.cl\/rios\/#\/schema\/person\/image\/\",\"url\":\"https:\/\/secure.gravatar.com\/avatar\/eeff3c82f2c02f7177d13663b7e6f890e9a6a0647ce9bb29cae02dcb094c7312?s=96&d=mm&r=g\",\"contentUrl\":\"https:\/\/secure.gravatar.com\/avatar\/eeff3c82f2c02f7177d13663b7e6f890e9a6a0647ce9bb29cae02dcb094c7312?s=96&d=mm&r=g\",\"caption\":\"webman\"},\"url\":\"https:\/\/dev.explora.cl\/rios\/author\/webman\/\"}]}<\/script>\n<!-- \/ Yoast SEO plugin. -->","yoast_head_json":{"title":"Quedan pocos d\u00edas para participar de la II Feria Escolar de Ciencia y Tecnolog\u00eda Provincia de Valdivia - Los R\u00edos","robots":{"index":"index","follow":"follow","max-snippet":"max-snippet:-1","max-image-preview":"max-image-preview:large","max-video-preview":"max-video-preview:-1"},"canonical":"https:\/\/dev.explora.cl\/rios\/quedan-pocos-dias-para-participar-de-la-ii-feria-escolar-de-ciencia-y-tecnologia-provincia-de-valdivia\/","og_locale":"es_ES","og_type":"article","og_title":"Quedan pocos d\u00edas para participar de la II Feria Escolar de Ciencia y Tecnolog\u00eda Provincia de Valdivia - Los R\u00edos","og_description":"Hasta este el d\u00eda viernes 20 de junio, estar\u00e1 abierta la convocatoria a participar de la \u201cII Feria Escolar de Ciencia y Tecnolog\u00eda Provincia de Valdivia\u201d. El evento organizado por el Proyecto EXPLORA CONICYT Regi\u00f3n de Los R\u00edos, Universidad Austral de Chile, Colegio Bernardo Felmer Niklitschek de Lanco, Ilustre Municipalidad de Lanco, DAEM de Lanco [&hellip;]","og_url":"https:\/\/dev.explora.cl\/rios\/quedan-pocos-dias-para-participar-de-la-ii-feria-escolar-de-ciencia-y-tecnologia-provincia-de-valdivia\/","og_site_name":"Los R\u00edos","article_published_time":"2014-06-12T04:00:00+00:00","article_modified_time":"2024-11-06T01:11:38+00:00","og_image":[{"width":250,"height":150,"url":"https:\/\/dev.explora.cl\/rios\/wp-content\/uploads\/sites\/16\/2018\/06\/98fdc3265bfa7288cc6112ee2171482a.jpg","type":"image\/jpeg"}],"author":"webman","twitter_card":"summary_large_image","twitter_misc":{"Escrito por":"webman","Tiempo estimado de lectura":"3 minutos"},"schema":{"@context":"https:\/\/schema.org","@graph":[{"@type":"Article","@id":"https:\/\/dev.explora.cl\/rios\/quedan-pocos-dias-para-participar-de-la-ii-feria-escolar-de-ciencia-y-tecnologia-provincia-de-valdivia\/#article","isPartOf":{"@id":"https:\/\/dev.explora.cl\/rios\/quedan-pocos-dias-para-participar-de-la-ii-feria-escolar-de-ciencia-y-tecnologia-provincia-de-valdivia\/"},"author":{"name":"webman","@id":"https:\/\/dev.explora.cl\/rios\/#\/schema\/person\/cb8349c13ea2d324080adf8480d7ba5d"},"headline":"Quedan pocos d\u00edas para participar de la II Feria Escolar de Ciencia y Tecnolog\u00eda Provincia de Valdivia","datePublished":"2014-06-12T04:00:00+00:00","dateModified":"2024-11-06T01:11:38+00:00","mainEntityOfPage":{"@id":"https:\/\/dev.explora.cl\/rios\/quedan-pocos-dias-para-participar-de-la-ii-feria-escolar-de-ciencia-y-tecnologia-provincia-de-valdivia\/"},"wordCount":645,"commentCount":0,"image":{"@id":"https:\/\/dev.explora.cl\/rios\/quedan-pocos-dias-para-participar-de-la-ii-feria-escolar-de-ciencia-y-tecnologia-provincia-de-valdivia\/#primaryimage"},"thumbnailUrl":"https:\/\/dev.explora.cl\/rios\/wp-content\/uploads\/sites\/16\/2018\/06\/98fdc3265bfa7288cc6112ee2171482a.jpg","articleSection":["Noticias"],"inLanguage":"es-CL","potentialAction":[{"@type":"CommentAction","name":"Comment","target":["https:\/\/dev.explora.cl\/rios\/quedan-pocos-dias-para-participar-de-la-ii-feria-escolar-de-ciencia-y-tecnologia-provincia-de-valdivia\/#respond"]}]},{"@type":"WebPage","@id":"https:\/\/dev.explora.cl\/rios\/quedan-pocos-dias-para-participar-de-la-ii-feria-escolar-de-ciencia-y-tecnologia-provincia-de-valdivia\/","url":"https:\/\/dev.explora.cl\/rios\/quedan-pocos-dias-para-participar-de-la-ii-feria-escolar-de-ciencia-y-tecnologia-provincia-de-valdivia\/","name":"Quedan pocos d\u00edas para participar de la II Feria Escolar de Ciencia y Tecnolog\u00eda Provincia de Valdivia - Los R\u00edos","isPartOf":{"@id":"https:\/\/dev.explora.cl\/rios\/#website"},"primaryImageOfPage":{"@id":"https:\/\/dev.explora.cl\/rios\/quedan-pocos-dias-para-participar-de-la-ii-feria-escolar-de-ciencia-y-tecnologia-provincia-de-valdivia\/#primaryimage"},"image":{"@id":"https:\/\/dev.explora.cl\/rios\/quedan-pocos-dias-para-participar-de-la-ii-feria-escolar-de-ciencia-y-tecnologia-provincia-de-valdivia\/#primaryimage"},"thumbnailUrl":"https:\/\/dev.explora.cl\/rios\/wp-content\/uploads\/sites\/16\/2018\/06\/98fdc3265bfa7288cc6112ee2171482a.jpg","datePublished":"2014-06-12T04:00:00+00:00","dateModified":"2024-11-06T01:11:38+00:00","author":{"@id":"https:\/\/dev.explora.cl\/rios\/#\/schema\/person\/cb8349c13ea2d324080adf8480d7ba5d"},"breadcrumb":{"@id":"https:\/\/dev.explora.cl\/rios\/quedan-pocos-dias-para-participar-de-la-ii-feria-escolar-de-ciencia-y-tecnologia-provincia-de-valdivia\/#breadcrumb"},"inLanguage":"es-CL","potentialAction":[{"@type":"ReadAction","target":["https:\/\/dev.explora.cl\/rios\/quedan-pocos-dias-para-participar-de-la-ii-feria-escolar-de-ciencia-y-tecnologia-provincia-de-valdivia\/"]}]},{"@type":"ImageObject","inLanguage":"es-CL","@id":"https:\/\/dev.explora.cl\/rios\/quedan-pocos-dias-para-participar-de-la-ii-feria-escolar-de-ciencia-y-tecnologia-provincia-de-valdivia\/#primaryimage","url":"https:\/\/dev.explora.cl\/rios\/wp-content\/uploads\/sites\/16\/2018\/06\/98fdc3265bfa7288cc6112ee2171482a.jpg","contentUrl":"https:\/\/dev.explora.cl\/rios\/wp-content\/uploads\/sites\/16\/2018\/06\/98fdc3265bfa7288cc6112ee2171482a.jpg","width":250,"height":150},{"@type":"BreadcrumbList","@id":"https:\/\/dev.explora.cl\/rios\/quedan-pocos-dias-para-participar-de-la-ii-feria-escolar-de-ciencia-y-tecnologia-provincia-de-valdivia\/#breadcrumb","itemListElement":[{"@type":"ListItem","position":1,"name":"Portada","item":"https:\/\/dev.explora.cl\/rios\/"},{"@type":"ListItem","position":2,"name":"Quedan pocos d\u00edas para participar de la II Feria Escolar de Ciencia y Tecnolog\u00eda Provincia de Valdivia"}]},{"@type":"WebSite","@id":"https:\/\/dev.explora.cl\/rios\/#website","url":"https:\/\/dev.explora.cl\/rios\/","name":"Los R\u00edos","description":"Otro sitio m\u00e1s de dev.explora.cl","potentialAction":[{"@type":"SearchAction","target":{"@type":"EntryPoint","urlTemplate":"https:\/\/dev.explora.cl\/rios\/?s={search_term_string}"},"query-input":{"@type":"PropertyValueSpecification","valueRequired":true,"valueName":"search_term_string"}}],"inLanguage":"es-CL"},{"@type":"Person","@id":"https:\/\/dev.explora.cl\/rios\/#\/schema\/person\/cb8349c13ea2d324080adf8480d7ba5d","name":"webman","image":{"@type":"ImageObject","inLanguage":"es-CL","@id":"https:\/\/dev.explora.cl\/rios\/#\/schema\/person\/image\/","url":"https:\/\/secure.gravatar.com\/avatar\/eeff3c82f2c02f7177d13663b7e6f890e9a6a0647ce9bb29cae02dcb094c7312?s=96&d=mm&r=g","contentUrl":"https:\/\/secure.gravatar.com\/avatar\/eeff3c82f2c02f7177d13663b7e6f890e9a6a0647ce9bb29cae02dcb094c7312?s=96&d=mm&r=g","caption":"webman"},"url":"https:\/\/dev.explora.cl\/rios\/author\/webman\/"}]}},"_links":{"self":[{"href":"https:\/\/dev.explora.cl\/rios\/wp-json\/wp\/v2\/posts\/37565","targetHints":{"allow":["GET"]}}],"collection":[{"href":"https:\/\/dev.explora.cl\/rios\/wp-json\/wp\/v2\/posts"}],"about":[{"href":"https:\/\/dev.explora.cl\/rios\/wp-json\/wp\/v2\/types\/post"}],"author":[{"embeddable":true,"href":"https:\/\/dev.explora.cl\/rios\/wp-json\/wp\/v2\/users\/2"}],"replies":[{"embeddable":true,"href":"https:\/\/dev.explora.cl\/rios\/wp-json\/wp\/v2\/comments?post=37565"}],"version-history":[{"count":2,"href":"https:\/\/dev.explora.cl\/rios\/wp-json\/wp\/v2\/posts\/37565\/revisions"}],"predecessor-version":[{"id":43664,"href":"https:\/\/dev.explora.cl\/rios\/wp-json\/wp\/v2\/posts\/37565\/revisions\/43664"}],"wp:featuredmedia":[{"embeddable":true,"href":"https:\/\/dev.explora.cl\/rios\/wp-json\/wp\/v2\/media\/96"}],"wp:attachment":[{"href":"https:\/\/dev.explora.cl\/rios\/wp-json\/wp\/v2\/media?parent=37565"}],"wp:term":[{"taxonomy":"category","embeddable":true,"href":"https:\/\/dev.explora.cl\/rios\/wp-json\/wp\/v2\/categories?post=37565"},{"taxonomy":"post_tag","embeddable":true,"href":"https:\/\/dev.explora.cl\/rios\/wp-json\/wp\/v2\/tags?post=37565"}],"curies":[{"name":"wp","href":"https:\/\/api.w.org\/{rel}","templated":true}]}}