{"id":37500,"date":"2019-04-24T11:30:30","date_gmt":"2019-04-24T15:30:30","guid":{"rendered":"https:\/\/dev.explora.cl\/rios\/?p=37500"},"modified":"2019-05-20T19:24:54","modified_gmt":"2019-05-20T19:24:54","slug":"profe-de-ciencias-sociales-o-lenguaje-te-esperamos","status":"publish","type":"post","link":"https:\/\/dev.explora.cl\/rios\/profe-de-ciencias-sociales-o-lenguaje-te-esperamos\/","title":{"rendered":"\u00bfProfe de ciencias sociales o lenguaje? \u00a1Te esperamos!"},"content":{"rendered":"<div style=\"width: 50%;float: right;text-align: center\"><a href=\"https:\/\/forms.office.com\/Pages\/ResponsePage.aspx?id=zxGbB6G8Y0SGwilo8oThnnB5V-5jP7xFnZOifiy89BJUMVBRTDJOODZXRkZRSTFETFdZN1JBWU1DNi4u\"><button style=\"width: 80%\" type=\"button\">FORMULARIO DE POSTULACI\u00d3N<\/button><\/a><br \/>\n<a href=\"https:\/\/dev.explora.cl\/rios\/wp-content\/uploads\/sites\/17\/2019\/05\/Programa-Taller-de-Indagaci\u00f3n-en-Cs.-Sociales-2019-1.pdf\"><button style=\"width: 80%\" type=\"button\">PROGRAMA<\/button><\/a><\/div>\n<p><em>Un nuevo Taller de Indagaci\u00f3n en Ciencias Sociales se desarrollar\u00e1 el pr\u00f3ximo 9 y 10 de mayo en el Espacio-Arte de Lanco. Las postulaciones cierran el 6 de mayo.<\/em><br \/>\nCon el objetivo de entregar herramientas de investigaci\u00f3n en ciencias sociales a docentes de la regi\u00f3n, el PAR Explora de CONICYT Los R\u00edos y Congreso Futuro Los R\u00edos invitan al \u201cTaller de Indagaci\u00f3n y Herramientas para la ense\u00f1anza de las Ciencias Sociales en contextos educativos\u201d que se desarrollar\u00e1 en Lanco el jueves 9 y viernes 10 de mayo. La invitaci\u00f3n es para docentes de ciencias sociales, historia y lenguaje y comunicaci\u00f3n.<br \/>\nLas inscripciones se deben realizar a trav\u00e9s de un formulario electr\u00f3nico\u00a0en el enlace <a href=\"http:\/\/bit.ly\/tallersociales\">http:\/\/bit.ly\/tallersociales<\/a>, \u00a0hasta el d\u00eda lunes 06 de mayo. Los cupos se asignar\u00e1n hasta llenar la disponibilidad de los mismos, priorizando la cobertura de establecimientos e \u00cdndice de Vulnerabilidad Escolar. Docentes de toda la regi\u00f3n pueden postular.<br \/>\nLa actividad ser\u00e1 guiada por Yerko Monje Hern\u00e1ndez, acad\u00e9mico del Instituto de Historia y Ciencias Sociales de la Facultad de Filosof\u00eda y Humanidades de la Universidad Austral de Chile. Este taller se enfocar\u00e1 en los distintos elementos de la construcci\u00f3n de un problema de investigaci\u00f3n con el objetivo de utilizar la investigaci\u00f3n social como m\u00e9todo de indagaci\u00f3n y ense\u00f1anza para sus estudiantes, incorporando distintas t\u00e9cnicas de investigaci\u00f3n.<br \/>\nEl taller se desarrollar\u00e1 desde las 8:30 a 17:15 horas el jueves y de 8:30 a 13:00 horas del viernes, incluyendo almuerzos y coffee break durante las jornadas. Como toda actividad del PAR Explora, la inscripci\u00f3n es gratuita.<br \/>\nComo parte de la alianza del PAR Explora y el Congreso Futuro Los R\u00edos, se desarrollar\u00e1 en Valdivia el 29 y 30 de mayo un nuevo taller de indagaci\u00f3n, esta vez bajo la tem\u00e1tica de Ciencias de la Tierra. Pr\u00f3ximamente la actividad abrir\u00e1 sus postulaciones.<\/p>\n","protected":false},"excerpt":{"rendered":"<p>FORMULARIO DE POSTULACI\u00d3N PROGRAMA Un nuevo Taller de Indagaci\u00f3n en Ciencias Sociales se desarrollar\u00e1 el pr\u00f3ximo 9 y 10 de mayo en el Espacio-Arte de Lanco. Las postulaciones cierran el 6 de mayo. Con el objetivo de entregar herramientas de investigaci\u00f3n en ciencias sociales a docentes de la regi\u00f3n, el PAR Explora de CONICYT Los [&hellip;]<\/p>\n","protected":false},"author":2,"featured_media":37511,"comment_status":"closed","ping_status":"open","sticky":false,"template":"","format":"standard","meta":{"_acf_changed":false,"_exactmetrics_skip_tracking":false,"_exactmetrics_sitenote_active":false,"_exactmetrics_sitenote_note":"","_exactmetrics_sitenote_category":0,"footnotes":"","_links_to":"","_links_to_target":""},"categories":[4],"tags":[188,108,192,228,200],"class_list":["post-37500","post","type-post","status-publish","format-standard","has-post-thumbnail","hentry","category-noticias","tag-academia-docente-explora","tag-ciencias-sociales","tag-congreso-futuro","tag-profesores","tag-taller"],"acf":[],"yoast_head":"<!-- This site is optimized with the Yoast SEO plugin v26.7 - https:\/\/yoast.com\/wordpress\/plugins\/seo\/ -->\n<title>\u00bfProfe de ciencias sociales o lenguaje? \u00a1Te esperamos! - Los R\u00edos<\/title>\n<meta name=\"robots\" content=\"index, follow, max-snippet:-1, max-image-preview:large, max-video-preview:-1\" \/>\n<link rel=\"canonical\" href=\"https:\/\/dev.explora.cl\/rios\/profe-de-ciencias-sociales-o-lenguaje-te-esperamos\/\" class=\"yoast-seo-meta-tag\" \/>\n<meta property=\"og:locale\" content=\"es_ES\" class=\"yoast-seo-meta-tag\" \/>\n<meta property=\"og:type\" content=\"article\" class=\"yoast-seo-meta-tag\" \/>\n<meta property=\"og:title\" content=\"\u00bfProfe de ciencias sociales o lenguaje? \u00a1Te esperamos! - Los R\u00edos\" class=\"yoast-seo-meta-tag\" \/>\n<meta property=\"og:description\" content=\"FORMULARIO DE POSTULACI\u00d3N PROGRAMA Un nuevo Taller de Indagaci\u00f3n en Ciencias Sociales se desarrollar\u00e1 el pr\u00f3ximo 9 y 10 de mayo en el Espacio-Arte de Lanco. Las postulaciones cierran el 6 de mayo. Con el objetivo de entregar herramientas de investigaci\u00f3n en ciencias sociales a docentes de la regi\u00f3n, el PAR Explora de CONICYT Los [&hellip;]\" class=\"yoast-seo-meta-tag\" \/>\n<meta property=\"og:url\" content=\"https:\/\/dev.explora.cl\/rios\/profe-de-ciencias-sociales-o-lenguaje-te-esperamos\/\" class=\"yoast-seo-meta-tag\" \/>\n<meta property=\"og:site_name\" content=\"Los R\u00edos\" class=\"yoast-seo-meta-tag\" \/>\n<meta property=\"article:published_time\" content=\"2019-04-24T15:30:30+00:00\" class=\"yoast-seo-meta-tag\" \/>\n<meta property=\"article:modified_time\" content=\"2019-05-20T19:24:54+00:00\" class=\"yoast-seo-meta-tag\" \/>\n<meta property=\"og:image\" content=\"https:\/\/dev.explora.cl\/rios\/wp-content\/uploads\/sites\/16\/2019\/04\/Banner-web-taller-ciencias-sociales.jpg\" class=\"yoast-seo-meta-tag\" \/>\n\t<meta property=\"og:image:width\" content=\"688\" class=\"yoast-seo-meta-tag\" \/>\n\t<meta property=\"og:image:height\" content=\"294\" class=\"yoast-seo-meta-tag\" \/>\n\t<meta property=\"og:image:type\" content=\"image\/jpeg\" class=\"yoast-seo-meta-tag\" \/>\n<meta name=\"author\" content=\"webman\" class=\"yoast-seo-meta-tag\" \/>\n<meta name=\"twitter:card\" content=\"summary_large_image\" class=\"yoast-seo-meta-tag\" \/>\n<meta name=\"twitter:label1\" content=\"Escrito por\" class=\"yoast-seo-meta-tag\" \/>\n\t<meta name=\"twitter:data1\" content=\"webman\" class=\"yoast-seo-meta-tag\" \/>\n\t<meta name=\"twitter:label2\" content=\"Tiempo estimado de lectura\" class=\"yoast-seo-meta-tag\" \/>\n\t<meta name=\"twitter:data2\" content=\"2 minutos\" class=\"yoast-seo-meta-tag\" \/>\n<script type=\"application\/ld+json\" class=\"yoast-schema-graph\">{\"@context\":\"https:\/\/schema.org\",\"@graph\":[{\"@type\":\"Article\",\"@id\":\"https:\/\/dev.explora.cl\/rios\/profe-de-ciencias-sociales-o-lenguaje-te-esperamos\/#article\",\"isPartOf\":{\"@id\":\"https:\/\/dev.explora.cl\/rios\/profe-de-ciencias-sociales-o-lenguaje-te-esperamos\/\"},\"author\":{\"name\":\"webman\",\"@id\":\"https:\/\/dev.explora.cl\/rios\/#\/schema\/person\/cb8349c13ea2d324080adf8480d7ba5d\"},\"headline\":\"\u00bfProfe de ciencias sociales o lenguaje? \u00a1Te esperamos!\",\"datePublished\":\"2019-04-24T15:30:30+00:00\",\"dateModified\":\"2019-05-20T19:24:54+00:00\",\"mainEntityOfPage\":{\"@id\":\"https:\/\/dev.explora.cl\/rios\/profe-de-ciencias-sociales-o-lenguaje-te-esperamos\/\"},\"wordCount\":335,\"image\":{\"@id\":\"https:\/\/dev.explora.cl\/rios\/profe-de-ciencias-sociales-o-lenguaje-te-esperamos\/#primaryimage\"},\"thumbnailUrl\":\"https:\/\/dev.explora.cl\/rios\/wp-content\/uploads\/sites\/16\/2019\/04\/Banner-web-taller-ciencias-sociales.jpg\",\"keywords\":[\"Academia Docente Explora\",\"Ciencias Sociales\",\"Congreso Futuro\",\"profesores\",\"taller\"],\"articleSection\":[\"Noticias\"],\"inLanguage\":\"es-CL\"},{\"@type\":\"WebPage\",\"@id\":\"https:\/\/dev.explora.cl\/rios\/profe-de-ciencias-sociales-o-lenguaje-te-esperamos\/\",\"url\":\"https:\/\/dev.explora.cl\/rios\/profe-de-ciencias-sociales-o-lenguaje-te-esperamos\/\",\"name\":\"\u00bfProfe de ciencias sociales o lenguaje? \u00a1Te esperamos! - Los R\u00edos\",\"isPartOf\":{\"@id\":\"https:\/\/dev.explora.cl\/rios\/#website\"},\"primaryImageOfPage\":{\"@id\":\"https:\/\/dev.explora.cl\/rios\/profe-de-ciencias-sociales-o-lenguaje-te-esperamos\/#primaryimage\"},\"image\":{\"@id\":\"https:\/\/dev.explora.cl\/rios\/profe-de-ciencias-sociales-o-lenguaje-te-esperamos\/#primaryimage\"},\"thumbnailUrl\":\"https:\/\/dev.explora.cl\/rios\/wp-content\/uploads\/sites\/16\/2019\/04\/Banner-web-taller-ciencias-sociales.jpg\",\"datePublished\":\"2019-04-24T15:30:30+00:00\",\"dateModified\":\"2019-05-20T19:24:54+00:00\",\"author\":{\"@id\":\"https:\/\/dev.explora.cl\/rios\/#\/schema\/person\/cb8349c13ea2d324080adf8480d7ba5d\"},\"breadcrumb\":{\"@id\":\"https:\/\/dev.explora.cl\/rios\/profe-de-ciencias-sociales-o-lenguaje-te-esperamos\/#breadcrumb\"},\"inLanguage\":\"es-CL\",\"potentialAction\":[{\"@type\":\"ReadAction\",\"target\":[\"https:\/\/dev.explora.cl\/rios\/profe-de-ciencias-sociales-o-lenguaje-te-esperamos\/\"]}]},{\"@type\":\"ImageObject\",\"inLanguage\":\"es-CL\",\"@id\":\"https:\/\/dev.explora.cl\/rios\/profe-de-ciencias-sociales-o-lenguaje-te-esperamos\/#primaryimage\",\"url\":\"https:\/\/dev.explora.cl\/rios\/wp-content\/uploads\/sites\/16\/2019\/04\/Banner-web-taller-ciencias-sociales.jpg\",\"contentUrl\":\"https:\/\/dev.explora.cl\/rios\/wp-content\/uploads\/sites\/16\/2019\/04\/Banner-web-taller-ciencias-sociales.jpg\",\"width\":688,\"height\":294},{\"@type\":\"BreadcrumbList\",\"@id\":\"https:\/\/dev.explora.cl\/rios\/profe-de-ciencias-sociales-o-lenguaje-te-esperamos\/#breadcrumb\",\"itemListElement\":[{\"@type\":\"ListItem\",\"position\":1,\"name\":\"Portada\",\"item\":\"https:\/\/dev.explora.cl\/rios\/\"},{\"@type\":\"ListItem\",\"position\":2,\"name\":\"\u00bfProfe de ciencias sociales o lenguaje? \u00a1Te esperamos!\"}]},{\"@type\":\"WebSite\",\"@id\":\"https:\/\/dev.explora.cl\/rios\/#website\",\"url\":\"https:\/\/dev.explora.cl\/rios\/\",\"name\":\"Los R\u00edos\",\"description\":\"Otro sitio m\u00e1s de dev.explora.cl\",\"potentialAction\":[{\"@type\":\"SearchAction\",\"target\":{\"@type\":\"EntryPoint\",\"urlTemplate\":\"https:\/\/dev.explora.cl\/rios\/?s={search_term_string}\"},\"query-input\":{\"@type\":\"PropertyValueSpecification\",\"valueRequired\":true,\"valueName\":\"search_term_string\"}}],\"inLanguage\":\"es-CL\"},{\"@type\":\"Person\",\"@id\":\"https:\/\/dev.explora.cl\/rios\/#\/schema\/person\/cb8349c13ea2d324080adf8480d7ba5d\",\"name\":\"webman\",\"image\":{\"@type\":\"ImageObject\",\"inLanguage\":\"es-CL\",\"@id\":\"https:\/\/dev.explora.cl\/rios\/#\/schema\/person\/image\/\",\"url\":\"https:\/\/secure.gravatar.com\/avatar\/eeff3c82f2c02f7177d13663b7e6f890e9a6a0647ce9bb29cae02dcb094c7312?s=96&d=mm&r=g\",\"contentUrl\":\"https:\/\/secure.gravatar.com\/avatar\/eeff3c82f2c02f7177d13663b7e6f890e9a6a0647ce9bb29cae02dcb094c7312?s=96&d=mm&r=g\",\"caption\":\"webman\"},\"url\":\"https:\/\/dev.explora.cl\/rios\/author\/webman\/\"}]}<\/script>\n<!-- \/ Yoast SEO plugin. -->","yoast_head_json":{"title":"\u00bfProfe de ciencias sociales o lenguaje? \u00a1Te esperamos! - Los R\u00edos","robots":{"index":"index","follow":"follow","max-snippet":"max-snippet:-1","max-image-preview":"max-image-preview:large","max-video-preview":"max-video-preview:-1"},"canonical":"https:\/\/dev.explora.cl\/rios\/profe-de-ciencias-sociales-o-lenguaje-te-esperamos\/","og_locale":"es_ES","og_type":"article","og_title":"\u00bfProfe de ciencias sociales o lenguaje? \u00a1Te esperamos! - Los R\u00edos","og_description":"FORMULARIO DE POSTULACI\u00d3N PROGRAMA Un nuevo Taller de Indagaci\u00f3n en Ciencias Sociales se desarrollar\u00e1 el pr\u00f3ximo 9 y 10 de mayo en el Espacio-Arte de Lanco. Las postulaciones cierran el 6 de mayo. Con el objetivo de entregar herramientas de investigaci\u00f3n en ciencias sociales a docentes de la regi\u00f3n, el PAR Explora de CONICYT Los [&hellip;]","og_url":"https:\/\/dev.explora.cl\/rios\/profe-de-ciencias-sociales-o-lenguaje-te-esperamos\/","og_site_name":"Los R\u00edos","article_published_time":"2019-04-24T15:30:30+00:00","article_modified_time":"2019-05-20T19:24:54+00:00","og_image":[{"width":688,"height":294,"url":"https:\/\/dev.explora.cl\/rios\/wp-content\/uploads\/sites\/16\/2019\/04\/Banner-web-taller-ciencias-sociales.jpg","type":"image\/jpeg"}],"author":"webman","twitter_card":"summary_large_image","twitter_misc":{"Escrito por":"webman","Tiempo estimado de lectura":"2 minutos"},"schema":{"@context":"https:\/\/schema.org","@graph":[{"@type":"Article","@id":"https:\/\/dev.explora.cl\/rios\/profe-de-ciencias-sociales-o-lenguaje-te-esperamos\/#article","isPartOf":{"@id":"https:\/\/dev.explora.cl\/rios\/profe-de-ciencias-sociales-o-lenguaje-te-esperamos\/"},"author":{"name":"webman","@id":"https:\/\/dev.explora.cl\/rios\/#\/schema\/person\/cb8349c13ea2d324080adf8480d7ba5d"},"headline":"\u00bfProfe de ciencias sociales o lenguaje? \u00a1Te esperamos!","datePublished":"2019-04-24T15:30:30+00:00","dateModified":"2019-05-20T19:24:54+00:00","mainEntityOfPage":{"@id":"https:\/\/dev.explora.cl\/rios\/profe-de-ciencias-sociales-o-lenguaje-te-esperamos\/"},"wordCount":335,"image":{"@id":"https:\/\/dev.explora.cl\/rios\/profe-de-ciencias-sociales-o-lenguaje-te-esperamos\/#primaryimage"},"thumbnailUrl":"https:\/\/dev.explora.cl\/rios\/wp-content\/uploads\/sites\/16\/2019\/04\/Banner-web-taller-ciencias-sociales.jpg","keywords":["Academia Docente Explora","Ciencias Sociales","Congreso Futuro","profesores","taller"],"articleSection":["Noticias"],"inLanguage":"es-CL"},{"@type":"WebPage","@id":"https:\/\/dev.explora.cl\/rios\/profe-de-ciencias-sociales-o-lenguaje-te-esperamos\/","url":"https:\/\/dev.explora.cl\/rios\/profe-de-ciencias-sociales-o-lenguaje-te-esperamos\/","name":"\u00bfProfe de ciencias sociales o lenguaje? \u00a1Te esperamos! - Los R\u00edos","isPartOf":{"@id":"https:\/\/dev.explora.cl\/rios\/#website"},"primaryImageOfPage":{"@id":"https:\/\/dev.explora.cl\/rios\/profe-de-ciencias-sociales-o-lenguaje-te-esperamos\/#primaryimage"},"image":{"@id":"https:\/\/dev.explora.cl\/rios\/profe-de-ciencias-sociales-o-lenguaje-te-esperamos\/#primaryimage"},"thumbnailUrl":"https:\/\/dev.explora.cl\/rios\/wp-content\/uploads\/sites\/16\/2019\/04\/Banner-web-taller-ciencias-sociales.jpg","datePublished":"2019-04-24T15:30:30+00:00","dateModified":"2019-05-20T19:24:54+00:00","author":{"@id":"https:\/\/dev.explora.cl\/rios\/#\/schema\/person\/cb8349c13ea2d324080adf8480d7ba5d"},"breadcrumb":{"@id":"https:\/\/dev.explora.cl\/rios\/profe-de-ciencias-sociales-o-lenguaje-te-esperamos\/#breadcrumb"},"inLanguage":"es-CL","potentialAction":[{"@type":"ReadAction","target":["https:\/\/dev.explora.cl\/rios\/profe-de-ciencias-sociales-o-lenguaje-te-esperamos\/"]}]},{"@type":"ImageObject","inLanguage":"es-CL","@id":"https:\/\/dev.explora.cl\/rios\/profe-de-ciencias-sociales-o-lenguaje-te-esperamos\/#primaryimage","url":"https:\/\/dev.explora.cl\/rios\/wp-content\/uploads\/sites\/16\/2019\/04\/Banner-web-taller-ciencias-sociales.jpg","contentUrl":"https:\/\/dev.explora.cl\/rios\/wp-content\/uploads\/sites\/16\/2019\/04\/Banner-web-taller-ciencias-sociales.jpg","width":688,"height":294},{"@type":"BreadcrumbList","@id":"https:\/\/dev.explora.cl\/rios\/profe-de-ciencias-sociales-o-lenguaje-te-esperamos\/#breadcrumb","itemListElement":[{"@type":"ListItem","position":1,"name":"Portada","item":"https:\/\/dev.explora.cl\/rios\/"},{"@type":"ListItem","position":2,"name":"\u00bfProfe de ciencias sociales o lenguaje? \u00a1Te esperamos!"}]},{"@type":"WebSite","@id":"https:\/\/dev.explora.cl\/rios\/#website","url":"https:\/\/dev.explora.cl\/rios\/","name":"Los R\u00edos","description":"Otro sitio m\u00e1s de dev.explora.cl","potentialAction":[{"@type":"SearchAction","target":{"@type":"EntryPoint","urlTemplate":"https:\/\/dev.explora.cl\/rios\/?s={search_term_string}"},"query-input":{"@type":"PropertyValueSpecification","valueRequired":true,"valueName":"search_term_string"}}],"inLanguage":"es-CL"},{"@type":"Person","@id":"https:\/\/dev.explora.cl\/rios\/#\/schema\/person\/cb8349c13ea2d324080adf8480d7ba5d","name":"webman","image":{"@type":"ImageObject","inLanguage":"es-CL","@id":"https:\/\/dev.explora.cl\/rios\/#\/schema\/person\/image\/","url":"https:\/\/secure.gravatar.com\/avatar\/eeff3c82f2c02f7177d13663b7e6f890e9a6a0647ce9bb29cae02dcb094c7312?s=96&d=mm&r=g","contentUrl":"https:\/\/secure.gravatar.com\/avatar\/eeff3c82f2c02f7177d13663b7e6f890e9a6a0647ce9bb29cae02dcb094c7312?s=96&d=mm&r=g","caption":"webman"},"url":"https:\/\/dev.explora.cl\/rios\/author\/webman\/"}]}},"_links":{"self":[{"href":"https:\/\/dev.explora.cl\/rios\/wp-json\/wp\/v2\/posts\/37500","targetHints":{"allow":["GET"]}}],"collection":[{"href":"https:\/\/dev.explora.cl\/rios\/wp-json\/wp\/v2\/posts"}],"about":[{"href":"https:\/\/dev.explora.cl\/rios\/wp-json\/wp\/v2\/types\/post"}],"author":[{"embeddable":true,"href":"https:\/\/dev.explora.cl\/rios\/wp-json\/wp\/v2\/users\/2"}],"replies":[{"embeddable":true,"href":"https:\/\/dev.explora.cl\/rios\/wp-json\/wp\/v2\/comments?post=37500"}],"version-history":[{"count":1,"href":"https:\/\/dev.explora.cl\/rios\/wp-json\/wp\/v2\/posts\/37500\/revisions"}],"predecessor-version":[{"id":37586,"href":"https:\/\/dev.explora.cl\/rios\/wp-json\/wp\/v2\/posts\/37500\/revisions\/37586"}],"wp:featuredmedia":[{"embeddable":true,"href":"https:\/\/dev.explora.cl\/rios\/wp-json\/wp\/v2\/media\/37511"}],"wp:attachment":[{"href":"https:\/\/dev.explora.cl\/rios\/wp-json\/wp\/v2\/media?parent=37500"}],"wp:term":[{"taxonomy":"category","embeddable":true,"href":"https:\/\/dev.explora.cl\/rios\/wp-json\/wp\/v2\/categories?post=37500"},{"taxonomy":"post_tag","embeddable":true,"href":"https:\/\/dev.explora.cl\/rios\/wp-json\/wp\/v2\/tags?post=37500"}],"curies":[{"name":"wp","href":"https:\/\/api.w.org\/{rel}","templated":true}]}}