{"id":37272,"date":"2019-01-16T17:33:27","date_gmt":"2019-01-16T21:33:27","guid":{"rendered":"https:\/\/dev.explora.cl\/rios\/?p=37272"},"modified":"2019-05-20T19:25:03","modified_gmt":"2019-05-20T19:25:03","slug":"lanzamos-revive-valdivia-aplicacion-para-revivir-la-historia-de-la-ciudad","status":"publish","type":"post","link":"https:\/\/dev.explora.cl\/rios\/lanzamos-revive-valdivia-aplicacion-para-revivir-la-historia-de-la-ciudad\/","title":{"rendered":"Lanzamos Revive Valdivia, aplicaci\u00f3n para revivir la historia de la ciudad"},"content":{"rendered":"\n<p><img loading=\"lazy\" decoding=\"async\" class=\"aligncenter size-large wp-image-37273\" src=\"https:\/\/dev.explora.cl\/rios\/wp-content\/uploads\/sites\/17\/2019\/01\/DSC06393-1024x681.jpg\" alt=\"En la tarde turistas y residentes conocieron algunos hitos de la aplicaci\u00f3n\" width=\"1024\" height=\"681\" srcset=\"https:\/\/dev.explora.cl\/rios\/wp-content\/uploads\/sites\/16\/2019\/01\/DSC06393-1024x681.jpg 1024w, https:\/\/dev.explora.cl\/rios\/wp-content\/uploads\/sites\/16\/2019\/01\/DSC06393-300x199.jpg 300w, https:\/\/dev.explora.cl\/rios\/wp-content\/uploads\/sites\/16\/2019\/01\/DSC06393-768x510.jpg 768w\" sizes=\"auto, (max-width: 1024px) 100vw, 1024px\" \/><\/p>\n<p><strong><em>En el contexto del Congreso Futuro Los R\u00edos, Ac\u00e1 Comunicaciones y el PAR Explora de CONICYT Los R\u00edos invitaron a conocer la aplicaci\u00f3n disponible para iOS y Android.<\/em><\/strong><\/p>\n<p>Desde el Barrio Flotante este mi\u00e9rcoles 16 de enero se lanz\u00f3 la aplicaci\u00f3n Revive Valdivia, una co-producci\u00f3n de Ac\u00e1 Comunicaciones y el PAR Explora de CONICYT Los R\u00edos. Con la presencia del presidente del Consejo Regional de Los R\u00edos, Elias Sabat se present\u00f3 la app que invita a conocer la historia de Valdivia a trav\u00e9s de puntos geo-referenciados en rutas fluviales y sociales.<\/p>\n<p>La actividad cont\u00f3 con la intervenci\u00f3n de Ver\u00f3nica Lyon, gestora cultural y directora del proyecto que dio vida a Revive Valdivia. En su intervenci\u00f3n destac\u00f3 el camino del proyecto hasta este lanzamiento, \u201cen Ac\u00e1 Comunicaciones, donde estaba trabajando en ese entonces, ve\u00edamos que los contenidos (sobre el patrimonio de Valdivia) no estaban a disposici\u00f3n del p\u00fablico, tanto de los residentes como de los visitantes. Ah\u00ed nace Revive Valdivia, junto a otras iniciativas de ese entonces, que buscaban acercar estos contenidos de una forma m\u00e1s amena a los p\u00fablicos. Pero no solamente para hablar del pasado de la ciudad, sino que los contenidos invitan a leer esa historia para entender el presente\u201d.<\/p>\n<p>Por su parte, el Vicerrector de Investigaci\u00f3n, Desarrollo y Creaci\u00f3n Art\u00edstica de la Universidad Austral de Chile (UACh), Dr. Hans Richter, destac\u00f3 que en el mundo de hoy nos comunicamos, conocemos \u201ca trav\u00e9s de los tel\u00e9fonos, las tablets, los computadores. Esta es una muy buena noticia para las personas que quieran conocer no s\u00f3lo el presente de Valdivia sino su pasado con una herramienta poderosa y de libre disposici\u00f3n\u201d. El Dr. Richter tambi\u00e9n invit\u00f3 a participar del evento central del Congreso Futuro Los R\u00edos este viernes 18 de enero desde las 9:00 horas en el Aula Magna de la UACh. \u201cEl conocimiento, la ciencia y la tecnolog\u00eda si no es transmitido de manera eficiente, clara, directa a la sociedad pierde mucho su valor porque el esfuerzo de cient\u00edficos, desarrolladores, inventores es para el bienestar del ser humano\u201d a\u00f1adi\u00f3.<\/p>\n<p>Revive Valdivia en Android es una coproducci\u00f3n de Ac\u00e1 Comunicaciones y PAR Explora de CONICYT Los R\u00edos para poner a disposici\u00f3n de la comunidad valdiviana este material hist\u00f3rico. La invitaci\u00f3n es a descargar la aplicaci\u00f3n, compartir y evaluar en las respectivas tiendas de aplicaciones.<\/p>\n<p>Luego de las palabras protocolares, los invitados subieron a los taxis fluviales dispuestos en el muelle del Barrio Flotante para conocer desde el r\u00edo alguno de los puntos de la aplicaci\u00f3n, en su ruta fluvial.\u00a0<\/p>\n<p>La actividad de lanzamiento fue parte de las iniciativas del Congreso Futuro, en la Regi\u00f3n de Los R\u00edos este evento es ejecutado gracias al Proyecto PAEI de Fomento Los R\u00edos y el aporte en gesti\u00f3n y producci\u00f3n de la Universidad Austral de Chile y el Gobierno Regional.<\/p>\n<p><strong>Visitas guiadas<\/strong><\/p>\n<p>Durante la tarde de este mismo d\u00eda se invit\u00f3 a la comunidad a conocer Revive Valdivia a trav\u00e9s de visitas guiadas a cargo de egresados de Pedagog\u00eda en Historia de la UACh. Junto a tablets equipadas con la app, Daniela Figueroa y \u00c1lvaro Guti\u00e9rrez, estudiantes de Pedagog\u00eda en Historia de la UACh, presentaron una ruta de varios hitos que se pueden revisar en la aplicaci\u00f3n patrimonial.<\/p>\n<p>La actividad gratuita se desarroll\u00f3 desde el paseo Libertad, a un costado de la catedral de Valdivia, y tom\u00f3 una ruta por el mismo paseo, Costanera hasta el Torre\u00f3n Los Canelos.<\/p>\n<p>Familias y grupos visitantes recorrieron con entusiasmo hitos de la \u2018ruta social\u2019 donde destacan el edificio Schuler, la \u2018calle de abastos\u2019, el muelle Shuster, Centro Cultural El Austral o casa Martens Hoffmann y la edificaci\u00f3n que acoge a la Direcci\u00f3n de Vinculaci\u00f3n con el Medio de la UACh.<\/p>\n<p>Ver\u00f3nica Lyon indic\u00f3 que \u00e9stos y el resto de los hitos fueron seleccionados seg\u00fan el material que pudieron encontrar en la investigaci\u00f3n. \u201cEn algunos casos hab\u00eda m\u00e1s material de fotograf\u00edas por ejemplo o de mapas que nos ayudaban, pero en realidad principalmente se seleccionaron por el valor que tienen para la reinterpretaci\u00f3n del territorio\u201d indic\u00f3.<\/p>\n<p>Cabe destacar que recorrer los puntos con el GPS activado en la app, activar\u00e1 videos escondidos en el men\u00fa \u201cDescubre\u201d. Ah\u00ed se podr\u00e1 ver la antigua cervecer\u00eda Anwandter, un paseo por el r\u00edo y la costanera.<\/p>\n","protected":false},"excerpt":{"rendered":"","protected":false},"author":2,"featured_media":37273,"comment_status":"closed","ping_status":"open","sticky":false,"template":"","format":"standard","meta":{"_acf_changed":false,"_exactmetrics_skip_tracking":false,"_exactmetrics_sitenote_active":false,"_exactmetrics_sitenote_note":"","_exactmetrics_sitenote_category":0,"footnotes":"","_links_to":"","_links_to_target":""},"categories":[4],"tags":[201,192,207,203,94],"class_list":["post-37272","post","type-post","status-publish","format-standard","has-post-thumbnail","hentry","category-noticias","tag-android","tag-congreso-futuro","tag-historia","tag-ios","tag-patrimonio"],"acf":[],"yoast_head":"<!-- This site is optimized with the Yoast SEO plugin v26.7 - https:\/\/yoast.com\/wordpress\/plugins\/seo\/ -->\n<title>Lanzamos Revive Valdivia, aplicaci\u00f3n para revivir la historia de la ciudad - Los R\u00edos<\/title>\n<meta name=\"robots\" content=\"index, follow, max-snippet:-1, max-image-preview:large, max-video-preview:-1\" \/>\n<link rel=\"canonical\" href=\"https:\/\/dev.explora.cl\/rios\/lanzamos-revive-valdivia-aplicacion-para-revivir-la-historia-de-la-ciudad\/\" class=\"yoast-seo-meta-tag\" \/>\n<meta property=\"og:locale\" content=\"es_ES\" class=\"yoast-seo-meta-tag\" \/>\n<meta property=\"og:type\" content=\"article\" class=\"yoast-seo-meta-tag\" \/>\n<meta property=\"og:title\" content=\"Lanzamos Revive Valdivia, aplicaci\u00f3n para revivir la historia de la ciudad - Los R\u00edos\" class=\"yoast-seo-meta-tag\" \/>\n<meta property=\"og:url\" content=\"https:\/\/dev.explora.cl\/rios\/lanzamos-revive-valdivia-aplicacion-para-revivir-la-historia-de-la-ciudad\/\" class=\"yoast-seo-meta-tag\" \/>\n<meta property=\"og:site_name\" content=\"Los R\u00edos\" class=\"yoast-seo-meta-tag\" \/>\n<meta property=\"article:published_time\" content=\"2019-01-16T21:33:27+00:00\" class=\"yoast-seo-meta-tag\" \/>\n<meta property=\"article:modified_time\" content=\"2019-05-20T19:25:03+00:00\" class=\"yoast-seo-meta-tag\" \/>\n<meta property=\"og:image\" content=\"https:\/\/dev.explora.cl\/rios\/wp-content\/uploads\/sites\/16\/2019\/01\/DSC06393.jpg\" class=\"yoast-seo-meta-tag\" \/>\n\t<meta property=\"og:image:width\" content=\"2105\" class=\"yoast-seo-meta-tag\" \/>\n\t<meta property=\"og:image:height\" content=\"1399\" class=\"yoast-seo-meta-tag\" \/>\n\t<meta property=\"og:image:type\" content=\"image\/jpeg\" class=\"yoast-seo-meta-tag\" \/>\n<meta name=\"author\" content=\"webman\" class=\"yoast-seo-meta-tag\" \/>\n<meta name=\"twitter:card\" content=\"summary_large_image\" class=\"yoast-seo-meta-tag\" \/>\n<meta name=\"twitter:label1\" content=\"Escrito por\" class=\"yoast-seo-meta-tag\" \/>\n\t<meta name=\"twitter:data1\" content=\"webman\" class=\"yoast-seo-meta-tag\" \/>\n\t<meta name=\"twitter:label2\" content=\"Tiempo estimado de lectura\" class=\"yoast-seo-meta-tag\" \/>\n\t<meta name=\"twitter:data2\" content=\"4 minutos\" class=\"yoast-seo-meta-tag\" \/>\n<script type=\"application\/ld+json\" class=\"yoast-schema-graph\">{\"@context\":\"https:\/\/schema.org\",\"@graph\":[{\"@type\":\"Article\",\"@id\":\"https:\/\/dev.explora.cl\/rios\/lanzamos-revive-valdivia-aplicacion-para-revivir-la-historia-de-la-ciudad\/#article\",\"isPartOf\":{\"@id\":\"https:\/\/dev.explora.cl\/rios\/lanzamos-revive-valdivia-aplicacion-para-revivir-la-historia-de-la-ciudad\/\"},\"author\":{\"name\":\"webman\",\"@id\":\"https:\/\/dev.explora.cl\/rios\/#\/schema\/person\/cb8349c13ea2d324080adf8480d7ba5d\"},\"headline\":\"Lanzamos Revive Valdivia, aplicaci\u00f3n para revivir la historia de la ciudad\",\"datePublished\":\"2019-01-16T21:33:27+00:00\",\"dateModified\":\"2019-05-20T19:25:03+00:00\",\"mainEntityOfPage\":{\"@id\":\"https:\/\/dev.explora.cl\/rios\/lanzamos-revive-valdivia-aplicacion-para-revivir-la-historia-de-la-ciudad\/\"},\"wordCount\":774,\"image\":{\"@id\":\"https:\/\/dev.explora.cl\/rios\/lanzamos-revive-valdivia-aplicacion-para-revivir-la-historia-de-la-ciudad\/#primaryimage\"},\"thumbnailUrl\":\"https:\/\/dev.explora.cl\/rios\/wp-content\/uploads\/sites\/16\/2019\/01\/DSC06393.jpg\",\"keywords\":[\"android\",\"Congreso Futuro\",\"historia\",\"iOS\",\"patrimonio\"],\"articleSection\":[\"Noticias\"],\"inLanguage\":\"es-CL\"},{\"@type\":\"WebPage\",\"@id\":\"https:\/\/dev.explora.cl\/rios\/lanzamos-revive-valdivia-aplicacion-para-revivir-la-historia-de-la-ciudad\/\",\"url\":\"https:\/\/dev.explora.cl\/rios\/lanzamos-revive-valdivia-aplicacion-para-revivir-la-historia-de-la-ciudad\/\",\"name\":\"Lanzamos Revive Valdivia, aplicaci\u00f3n para revivir la historia de la ciudad - Los R\u00edos\",\"isPartOf\":{\"@id\":\"https:\/\/dev.explora.cl\/rios\/#website\"},\"primaryImageOfPage\":{\"@id\":\"https:\/\/dev.explora.cl\/rios\/lanzamos-revive-valdivia-aplicacion-para-revivir-la-historia-de-la-ciudad\/#primaryimage\"},\"image\":{\"@id\":\"https:\/\/dev.explora.cl\/rios\/lanzamos-revive-valdivia-aplicacion-para-revivir-la-historia-de-la-ciudad\/#primaryimage\"},\"thumbnailUrl\":\"https:\/\/dev.explora.cl\/rios\/wp-content\/uploads\/sites\/16\/2019\/01\/DSC06393.jpg\",\"datePublished\":\"2019-01-16T21:33:27+00:00\",\"dateModified\":\"2019-05-20T19:25:03+00:00\",\"author\":{\"@id\":\"https:\/\/dev.explora.cl\/rios\/#\/schema\/person\/cb8349c13ea2d324080adf8480d7ba5d\"},\"breadcrumb\":{\"@id\":\"https:\/\/dev.explora.cl\/rios\/lanzamos-revive-valdivia-aplicacion-para-revivir-la-historia-de-la-ciudad\/#breadcrumb\"},\"inLanguage\":\"es-CL\",\"potentialAction\":[{\"@type\":\"ReadAction\",\"target\":[\"https:\/\/dev.explora.cl\/rios\/lanzamos-revive-valdivia-aplicacion-para-revivir-la-historia-de-la-ciudad\/\"]}]},{\"@type\":\"ImageObject\",\"inLanguage\":\"es-CL\",\"@id\":\"https:\/\/dev.explora.cl\/rios\/lanzamos-revive-valdivia-aplicacion-para-revivir-la-historia-de-la-ciudad\/#primaryimage\",\"url\":\"https:\/\/dev.explora.cl\/rios\/wp-content\/uploads\/sites\/16\/2019\/01\/DSC06393.jpg\",\"contentUrl\":\"https:\/\/dev.explora.cl\/rios\/wp-content\/uploads\/sites\/16\/2019\/01\/DSC06393.jpg\",\"width\":2105,\"height\":1399,\"caption\":\"En la tarde turistas y residentes conocieron algunos hitos de la aplicaci\u00f3n\"},{\"@type\":\"BreadcrumbList\",\"@id\":\"https:\/\/dev.explora.cl\/rios\/lanzamos-revive-valdivia-aplicacion-para-revivir-la-historia-de-la-ciudad\/#breadcrumb\",\"itemListElement\":[{\"@type\":\"ListItem\",\"position\":1,\"name\":\"Portada\",\"item\":\"https:\/\/dev.explora.cl\/rios\/\"},{\"@type\":\"ListItem\",\"position\":2,\"name\":\"Lanzamos Revive Valdivia, aplicaci\u00f3n para revivir la historia de la ciudad\"}]},{\"@type\":\"WebSite\",\"@id\":\"https:\/\/dev.explora.cl\/rios\/#website\",\"url\":\"https:\/\/dev.explora.cl\/rios\/\",\"name\":\"Los R\u00edos\",\"description\":\"Otro sitio m\u00e1s de dev.explora.cl\",\"potentialAction\":[{\"@type\":\"SearchAction\",\"target\":{\"@type\":\"EntryPoint\",\"urlTemplate\":\"https:\/\/dev.explora.cl\/rios\/?s={search_term_string}\"},\"query-input\":{\"@type\":\"PropertyValueSpecification\",\"valueRequired\":true,\"valueName\":\"search_term_string\"}}],\"inLanguage\":\"es-CL\"},{\"@type\":\"Person\",\"@id\":\"https:\/\/dev.explora.cl\/rios\/#\/schema\/person\/cb8349c13ea2d324080adf8480d7ba5d\",\"name\":\"webman\",\"image\":{\"@type\":\"ImageObject\",\"inLanguage\":\"es-CL\",\"@id\":\"https:\/\/dev.explora.cl\/rios\/#\/schema\/person\/image\/\",\"url\":\"https:\/\/secure.gravatar.com\/avatar\/eeff3c82f2c02f7177d13663b7e6f890e9a6a0647ce9bb29cae02dcb094c7312?s=96&d=mm&r=g\",\"contentUrl\":\"https:\/\/secure.gravatar.com\/avatar\/eeff3c82f2c02f7177d13663b7e6f890e9a6a0647ce9bb29cae02dcb094c7312?s=96&d=mm&r=g\",\"caption\":\"webman\"},\"url\":\"https:\/\/dev.explora.cl\/rios\/author\/webman\/\"}]}<\/script>\n<!-- \/ Yoast SEO plugin. -->","yoast_head_json":{"title":"Lanzamos Revive Valdivia, aplicaci\u00f3n para revivir la historia de la ciudad - Los R\u00edos","robots":{"index":"index","follow":"follow","max-snippet":"max-snippet:-1","max-image-preview":"max-image-preview:large","max-video-preview":"max-video-preview:-1"},"canonical":"https:\/\/dev.explora.cl\/rios\/lanzamos-revive-valdivia-aplicacion-para-revivir-la-historia-de-la-ciudad\/","og_locale":"es_ES","og_type":"article","og_title":"Lanzamos Revive Valdivia, aplicaci\u00f3n para revivir la historia de la ciudad - Los R\u00edos","og_url":"https:\/\/dev.explora.cl\/rios\/lanzamos-revive-valdivia-aplicacion-para-revivir-la-historia-de-la-ciudad\/","og_site_name":"Los R\u00edos","article_published_time":"2019-01-16T21:33:27+00:00","article_modified_time":"2019-05-20T19:25:03+00:00","og_image":[{"width":2105,"height":1399,"url":"https:\/\/dev.explora.cl\/rios\/wp-content\/uploads\/sites\/16\/2019\/01\/DSC06393.jpg","type":"image\/jpeg"}],"author":"webman","twitter_card":"summary_large_image","twitter_misc":{"Escrito por":"webman","Tiempo estimado de lectura":"4 minutos"},"schema":{"@context":"https:\/\/schema.org","@graph":[{"@type":"Article","@id":"https:\/\/dev.explora.cl\/rios\/lanzamos-revive-valdivia-aplicacion-para-revivir-la-historia-de-la-ciudad\/#article","isPartOf":{"@id":"https:\/\/dev.explora.cl\/rios\/lanzamos-revive-valdivia-aplicacion-para-revivir-la-historia-de-la-ciudad\/"},"author":{"name":"webman","@id":"https:\/\/dev.explora.cl\/rios\/#\/schema\/person\/cb8349c13ea2d324080adf8480d7ba5d"},"headline":"Lanzamos Revive Valdivia, aplicaci\u00f3n para revivir la historia de la ciudad","datePublished":"2019-01-16T21:33:27+00:00","dateModified":"2019-05-20T19:25:03+00:00","mainEntityOfPage":{"@id":"https:\/\/dev.explora.cl\/rios\/lanzamos-revive-valdivia-aplicacion-para-revivir-la-historia-de-la-ciudad\/"},"wordCount":774,"image":{"@id":"https:\/\/dev.explora.cl\/rios\/lanzamos-revive-valdivia-aplicacion-para-revivir-la-historia-de-la-ciudad\/#primaryimage"},"thumbnailUrl":"https:\/\/dev.explora.cl\/rios\/wp-content\/uploads\/sites\/16\/2019\/01\/DSC06393.jpg","keywords":["android","Congreso Futuro","historia","iOS","patrimonio"],"articleSection":["Noticias"],"inLanguage":"es-CL"},{"@type":"WebPage","@id":"https:\/\/dev.explora.cl\/rios\/lanzamos-revive-valdivia-aplicacion-para-revivir-la-historia-de-la-ciudad\/","url":"https:\/\/dev.explora.cl\/rios\/lanzamos-revive-valdivia-aplicacion-para-revivir-la-historia-de-la-ciudad\/","name":"Lanzamos Revive Valdivia, aplicaci\u00f3n para revivir la historia de la ciudad - Los R\u00edos","isPartOf":{"@id":"https:\/\/dev.explora.cl\/rios\/#website"},"primaryImageOfPage":{"@id":"https:\/\/dev.explora.cl\/rios\/lanzamos-revive-valdivia-aplicacion-para-revivir-la-historia-de-la-ciudad\/#primaryimage"},"image":{"@id":"https:\/\/dev.explora.cl\/rios\/lanzamos-revive-valdivia-aplicacion-para-revivir-la-historia-de-la-ciudad\/#primaryimage"},"thumbnailUrl":"https:\/\/dev.explora.cl\/rios\/wp-content\/uploads\/sites\/16\/2019\/01\/DSC06393.jpg","datePublished":"2019-01-16T21:33:27+00:00","dateModified":"2019-05-20T19:25:03+00:00","author":{"@id":"https:\/\/dev.explora.cl\/rios\/#\/schema\/person\/cb8349c13ea2d324080adf8480d7ba5d"},"breadcrumb":{"@id":"https:\/\/dev.explora.cl\/rios\/lanzamos-revive-valdivia-aplicacion-para-revivir-la-historia-de-la-ciudad\/#breadcrumb"},"inLanguage":"es-CL","potentialAction":[{"@type":"ReadAction","target":["https:\/\/dev.explora.cl\/rios\/lanzamos-revive-valdivia-aplicacion-para-revivir-la-historia-de-la-ciudad\/"]}]},{"@type":"ImageObject","inLanguage":"es-CL","@id":"https:\/\/dev.explora.cl\/rios\/lanzamos-revive-valdivia-aplicacion-para-revivir-la-historia-de-la-ciudad\/#primaryimage","url":"https:\/\/dev.explora.cl\/rios\/wp-content\/uploads\/sites\/16\/2019\/01\/DSC06393.jpg","contentUrl":"https:\/\/dev.explora.cl\/rios\/wp-content\/uploads\/sites\/16\/2019\/01\/DSC06393.jpg","width":2105,"height":1399,"caption":"En la tarde turistas y residentes conocieron algunos hitos de la aplicaci\u00f3n"},{"@type":"BreadcrumbList","@id":"https:\/\/dev.explora.cl\/rios\/lanzamos-revive-valdivia-aplicacion-para-revivir-la-historia-de-la-ciudad\/#breadcrumb","itemListElement":[{"@type":"ListItem","position":1,"name":"Portada","item":"https:\/\/dev.explora.cl\/rios\/"},{"@type":"ListItem","position":2,"name":"Lanzamos Revive Valdivia, aplicaci\u00f3n para revivir la historia de la ciudad"}]},{"@type":"WebSite","@id":"https:\/\/dev.explora.cl\/rios\/#website","url":"https:\/\/dev.explora.cl\/rios\/","name":"Los R\u00edos","description":"Otro sitio m\u00e1s de dev.explora.cl","potentialAction":[{"@type":"SearchAction","target":{"@type":"EntryPoint","urlTemplate":"https:\/\/dev.explora.cl\/rios\/?s={search_term_string}"},"query-input":{"@type":"PropertyValueSpecification","valueRequired":true,"valueName":"search_term_string"}}],"inLanguage":"es-CL"},{"@type":"Person","@id":"https:\/\/dev.explora.cl\/rios\/#\/schema\/person\/cb8349c13ea2d324080adf8480d7ba5d","name":"webman","image":{"@type":"ImageObject","inLanguage":"es-CL","@id":"https:\/\/dev.explora.cl\/rios\/#\/schema\/person\/image\/","url":"https:\/\/secure.gravatar.com\/avatar\/eeff3c82f2c02f7177d13663b7e6f890e9a6a0647ce9bb29cae02dcb094c7312?s=96&d=mm&r=g","contentUrl":"https:\/\/secure.gravatar.com\/avatar\/eeff3c82f2c02f7177d13663b7e6f890e9a6a0647ce9bb29cae02dcb094c7312?s=96&d=mm&r=g","caption":"webman"},"url":"https:\/\/dev.explora.cl\/rios\/author\/webman\/"}]}},"_links":{"self":[{"href":"https:\/\/dev.explora.cl\/rios\/wp-json\/wp\/v2\/posts\/37272","targetHints":{"allow":["GET"]}}],"collection":[{"href":"https:\/\/dev.explora.cl\/rios\/wp-json\/wp\/v2\/posts"}],"about":[{"href":"https:\/\/dev.explora.cl\/rios\/wp-json\/wp\/v2\/types\/post"}],"author":[{"embeddable":true,"href":"https:\/\/dev.explora.cl\/rios\/wp-json\/wp\/v2\/users\/2"}],"replies":[{"embeddable":true,"href":"https:\/\/dev.explora.cl\/rios\/wp-json\/wp\/v2\/comments?post=37272"}],"version-history":[{"count":1,"href":"https:\/\/dev.explora.cl\/rios\/wp-json\/wp\/v2\/posts\/37272\/revisions"}],"predecessor-version":[{"id":37601,"href":"https:\/\/dev.explora.cl\/rios\/wp-json\/wp\/v2\/posts\/37272\/revisions\/37601"}],"wp:featuredmedia":[{"embeddable":true,"href":"https:\/\/dev.explora.cl\/rios\/wp-json\/wp\/v2\/media\/37273"}],"wp:attachment":[{"href":"https:\/\/dev.explora.cl\/rios\/wp-json\/wp\/v2\/media?parent=37272"}],"wp:term":[{"taxonomy":"category","embeddable":true,"href":"https:\/\/dev.explora.cl\/rios\/wp-json\/wp\/v2\/categories?post=37272"},{"taxonomy":"post_tag","embeddable":true,"href":"https:\/\/dev.explora.cl\/rios\/wp-json\/wp\/v2\/tags?post=37272"}],"curies":[{"name":"wp","href":"https:\/\/api.w.org\/{rel}","templated":true}]}}