{"id":130,"date":"2014-07-11T00:00:00","date_gmt":"2014-07-11T04:00:00","guid":{"rendered":"https:\/\/dev.explora.cl\/rios\/blog\/2014\/07\/11\/proyecto-explora-conicyt-los-rios-se-reune-con-directores-educacionales-de-paillaco\/"},"modified":"2019-05-20T19:32:28","modified_gmt":"2019-05-20T19:32:28","slug":"proyecto-explora-conicyt-los-rios-se-reune-con-directores-educacionales-de-paillaco","status":"publish","type":"post","link":"https:\/\/dev.explora.cl\/rios\/proyecto-explora-conicyt-los-rios-se-reune-con-directores-educacionales-de-paillaco\/","title":{"rendered":"Proyecto EXPLORA CONICYT Los R\u00edos se re\u00fane con Directores Educacionales de Paillaco"},"content":{"rendered":"<p><img loading=\"lazy\" decoding=\"async\" class=\" size-full wp-image-3939\" src=\"http:\/\/ec2-34-218-253-251.us-west-2.compute.amazonaws.com\/wp-content\/uploads\/2014\/07\/0407b1fae6c6274c272901f1c6f0566a.jpg\" alt=\"\" width=\"600\" height=\"372\" \/><\/p>\n<p dir=\"ltr\"><span><em>Esta semana el director del proyecto EXPLORA CONICYT de la regi\u00f3n de Los R\u00edos, Ronnie Reyes sostuvo una reuni\u00f3n con el director del DAEM de Paillaco, Mario G\u00f3mez y los directores de los establecimientos educacionales de la localidad, todo con el fin de fortalecer el trabajo hecho en comunas y estimular actividades colaborativas en los colegios de la zona.<\/em> <\/span><\/p>\n<p dir=\"ltr\"><span>En la reuni\u00f3n, se present\u00f3 el trabajo realizado por el Proyecto Asociativo Regional (PAR) en estos \u00faltimos a\u00f1os, adem\u00e1s de anunciar las actividades que vienen para el segundo semestre tales como \u201cClubes Explora\u201d, \u201cTaller de Periodismo Cient\u00edfico Escolar\u201d, \u201cXI Congreso Regional Escolar de \u00a0Ciencia y Tecnolog\u00eda EXPLORA CONICYT, regi\u00f3n de Los R\u00edos\u201d, \u201cSemana Nacional de la Ciencia y Tecnolog\u00eda\u201d, entre otras actividades. <\/span><\/p>\n<p><span id=\"docs-internal-guid-3d053884-269c-224d-7e89-cf9048b8d7d9\"><span>Para el director del DAEM de Paillaco, Mario G\u00f3mez, \u201cEn la parte cient\u00edfica tenemos a un coordinador comunal espec\u00edficamente para este tema. Sabemos que otras comunidades no contemplan a esta figura de coordinaci\u00f3n, pero la visi\u00f3n nuestra como Paillaco es entregar a nuestros estudiantes y familia, mejor calidad de educaci\u00f3n. \u00a0Que llegue Maturana por ejemplo, que lleguen exposiciones cient\u00edficas, es confirmarle a la comunidad nuestro compromiso en aportar con estos temas. \u00a0Esperamos que la gente valore y entienda que cada salida que tiene un estudiante a una actividad, no significa sacar al ni\u00f1o del aula sin ning\u00fan provecho, todo tiene una intencionalidad en beneficio del estudiante y su familia. Esa es \u00a0nuestra meta diaria\u201d. <\/span><\/span><\/p>\n","protected":false},"excerpt":{"rendered":"<p>Esta semana el director del proyecto EXPLORA CONICYT de la regi\u00f3n de Los R\u00edos, Ronnie Reyes sostuvo una reuni\u00f3n con el director del DAEM de Paillaco, Mario G\u00f3mez y los directores de los establecimientos educacionales de la localidad, todo con el fin de fortalecer el trabajo hecho en comunas y estimular actividades colaborativas en los [&hellip;]<\/p>\n","protected":false},"author":2,"featured_media":131,"comment_status":"open","ping_status":"open","sticky":false,"template":"","format":"standard","meta":{"_acf_changed":false,"_exactmetrics_skip_tracking":false,"_exactmetrics_sitenote_active":false,"_exactmetrics_sitenote_note":"","_exactmetrics_sitenote_category":0,"footnotes":"","_links_to":"","_links_to_target":""},"categories":[4],"tags":[],"class_list":["post-130","post","type-post","status-publish","format-standard","has-post-thumbnail","hentry","category-noticias"],"acf":[],"yoast_head":"<!-- This site is optimized with the Yoast SEO plugin v26.7 - https:\/\/yoast.com\/wordpress\/plugins\/seo\/ -->\n<title>Proyecto EXPLORA CONICYT Los R\u00edos se re\u00fane con Directores Educacionales de Paillaco - Los R\u00edos<\/title>\n<meta name=\"robots\" content=\"index, follow, max-snippet:-1, max-image-preview:large, max-video-preview:-1\" \/>\n<link rel=\"canonical\" href=\"https:\/\/dev.explora.cl\/rios\/proyecto-explora-conicyt-los-rios-se-reune-con-directores-educacionales-de-paillaco\/\" class=\"yoast-seo-meta-tag\" \/>\n<meta property=\"og:locale\" content=\"es_ES\" class=\"yoast-seo-meta-tag\" \/>\n<meta property=\"og:type\" content=\"article\" class=\"yoast-seo-meta-tag\" \/>\n<meta property=\"og:title\" content=\"Proyecto EXPLORA CONICYT Los R\u00edos se re\u00fane con Directores Educacionales de Paillaco - Los R\u00edos\" class=\"yoast-seo-meta-tag\" \/>\n<meta property=\"og:description\" content=\"Esta semana el director del proyecto EXPLORA CONICYT de la regi\u00f3n de Los R\u00edos, Ronnie Reyes sostuvo una reuni\u00f3n con el director del DAEM de Paillaco, Mario G\u00f3mez y los directores de los establecimientos educacionales de la localidad, todo con el fin de fortalecer el trabajo hecho en comunas y estimular actividades colaborativas en los [&hellip;]\" class=\"yoast-seo-meta-tag\" \/>\n<meta property=\"og:url\" content=\"https:\/\/dev.explora.cl\/rios\/proyecto-explora-conicyt-los-rios-se-reune-con-directores-educacionales-de-paillaco\/\" class=\"yoast-seo-meta-tag\" \/>\n<meta property=\"og:site_name\" content=\"Los R\u00edos\" class=\"yoast-seo-meta-tag\" \/>\n<meta property=\"article:published_time\" content=\"2014-07-11T04:00:00+00:00\" class=\"yoast-seo-meta-tag\" \/>\n<meta property=\"article:modified_time\" content=\"2019-05-20T19:32:28+00:00\" class=\"yoast-seo-meta-tag\" \/>\n<meta property=\"og:image\" content=\"https:\/\/dev.explora.cl\/rios\/wp-content\/uploads\/sites\/16\/2018\/06\/0407b1fae6c6274c272901f1c6f0566a.jpg\" class=\"yoast-seo-meta-tag\" \/>\n\t<meta property=\"og:image:width\" content=\"600\" class=\"yoast-seo-meta-tag\" \/>\n\t<meta property=\"og:image:height\" content=\"372\" class=\"yoast-seo-meta-tag\" \/>\n\t<meta property=\"og:image:type\" content=\"image\/jpeg\" class=\"yoast-seo-meta-tag\" \/>\n<meta name=\"author\" content=\"webman\" class=\"yoast-seo-meta-tag\" \/>\n<meta name=\"twitter:card\" content=\"summary_large_image\" class=\"yoast-seo-meta-tag\" \/>\n<meta name=\"twitter:label1\" content=\"Escrito por\" class=\"yoast-seo-meta-tag\" \/>\n\t<meta name=\"twitter:data1\" content=\"webman\" class=\"yoast-seo-meta-tag\" \/>\n\t<meta name=\"twitter:label2\" content=\"Tiempo estimado de lectura\" class=\"yoast-seo-meta-tag\" \/>\n\t<meta name=\"twitter:data2\" content=\"1 minuto\" class=\"yoast-seo-meta-tag\" \/>\n<script type=\"application\/ld+json\" class=\"yoast-schema-graph\">{\"@context\":\"https:\/\/schema.org\",\"@graph\":[{\"@type\":\"Article\",\"@id\":\"https:\/\/dev.explora.cl\/rios\/proyecto-explora-conicyt-los-rios-se-reune-con-directores-educacionales-de-paillaco\/#article\",\"isPartOf\":{\"@id\":\"https:\/\/dev.explora.cl\/rios\/proyecto-explora-conicyt-los-rios-se-reune-con-directores-educacionales-de-paillaco\/\"},\"author\":{\"name\":\"webman\",\"@id\":\"https:\/\/dev.explora.cl\/rios\/#\/schema\/person\/cb8349c13ea2d324080adf8480d7ba5d\"},\"headline\":\"Proyecto EXPLORA CONICYT Los R\u00edos se re\u00fane con Directores Educacionales de Paillaco\",\"datePublished\":\"2014-07-11T04:00:00+00:00\",\"dateModified\":\"2019-05-20T19:32:28+00:00\",\"mainEntityOfPage\":{\"@id\":\"https:\/\/dev.explora.cl\/rios\/proyecto-explora-conicyt-los-rios-se-reune-con-directores-educacionales-de-paillaco\/\"},\"wordCount\":270,\"commentCount\":0,\"image\":{\"@id\":\"https:\/\/dev.explora.cl\/rios\/proyecto-explora-conicyt-los-rios-se-reune-con-directores-educacionales-de-paillaco\/#primaryimage\"},\"thumbnailUrl\":\"https:\/\/dev.explora.cl\/rios\/wp-content\/uploads\/sites\/16\/2018\/06\/0407b1fae6c6274c272901f1c6f0566a.jpg\",\"articleSection\":[\"Noticias\"],\"inLanguage\":\"es-CL\",\"potentialAction\":[{\"@type\":\"CommentAction\",\"name\":\"Comment\",\"target\":[\"https:\/\/dev.explora.cl\/rios\/proyecto-explora-conicyt-los-rios-se-reune-con-directores-educacionales-de-paillaco\/#respond\"]}]},{\"@type\":\"WebPage\",\"@id\":\"https:\/\/dev.explora.cl\/rios\/proyecto-explora-conicyt-los-rios-se-reune-con-directores-educacionales-de-paillaco\/\",\"url\":\"https:\/\/dev.explora.cl\/rios\/proyecto-explora-conicyt-los-rios-se-reune-con-directores-educacionales-de-paillaco\/\",\"name\":\"Proyecto EXPLORA CONICYT Los R\u00edos se re\u00fane con Directores Educacionales de Paillaco - Los R\u00edos\",\"isPartOf\":{\"@id\":\"https:\/\/dev.explora.cl\/rios\/#website\"},\"primaryImageOfPage\":{\"@id\":\"https:\/\/dev.explora.cl\/rios\/proyecto-explora-conicyt-los-rios-se-reune-con-directores-educacionales-de-paillaco\/#primaryimage\"},\"image\":{\"@id\":\"https:\/\/dev.explora.cl\/rios\/proyecto-explora-conicyt-los-rios-se-reune-con-directores-educacionales-de-paillaco\/#primaryimage\"},\"thumbnailUrl\":\"https:\/\/dev.explora.cl\/rios\/wp-content\/uploads\/sites\/16\/2018\/06\/0407b1fae6c6274c272901f1c6f0566a.jpg\",\"datePublished\":\"2014-07-11T04:00:00+00:00\",\"dateModified\":\"2019-05-20T19:32:28+00:00\",\"author\":{\"@id\":\"https:\/\/dev.explora.cl\/rios\/#\/schema\/person\/cb8349c13ea2d324080adf8480d7ba5d\"},\"breadcrumb\":{\"@id\":\"https:\/\/dev.explora.cl\/rios\/proyecto-explora-conicyt-los-rios-se-reune-con-directores-educacionales-de-paillaco\/#breadcrumb\"},\"inLanguage\":\"es-CL\",\"potentialAction\":[{\"@type\":\"ReadAction\",\"target\":[\"https:\/\/dev.explora.cl\/rios\/proyecto-explora-conicyt-los-rios-se-reune-con-directores-educacionales-de-paillaco\/\"]}]},{\"@type\":\"ImageObject\",\"inLanguage\":\"es-CL\",\"@id\":\"https:\/\/dev.explora.cl\/rios\/proyecto-explora-conicyt-los-rios-se-reune-con-directores-educacionales-de-paillaco\/#primaryimage\",\"url\":\"https:\/\/dev.explora.cl\/rios\/wp-content\/uploads\/sites\/16\/2018\/06\/0407b1fae6c6274c272901f1c6f0566a.jpg\",\"contentUrl\":\"https:\/\/dev.explora.cl\/rios\/wp-content\/uploads\/sites\/16\/2018\/06\/0407b1fae6c6274c272901f1c6f0566a.jpg\",\"width\":600,\"height\":372},{\"@type\":\"BreadcrumbList\",\"@id\":\"https:\/\/dev.explora.cl\/rios\/proyecto-explora-conicyt-los-rios-se-reune-con-directores-educacionales-de-paillaco\/#breadcrumb\",\"itemListElement\":[{\"@type\":\"ListItem\",\"position\":1,\"name\":\"Portada\",\"item\":\"https:\/\/dev.explora.cl\/rios\/\"},{\"@type\":\"ListItem\",\"position\":2,\"name\":\"Proyecto EXPLORA CONICYT Los R\u00edos se re\u00fane con Directores Educacionales de Paillaco\"}]},{\"@type\":\"WebSite\",\"@id\":\"https:\/\/dev.explora.cl\/rios\/#website\",\"url\":\"https:\/\/dev.explora.cl\/rios\/\",\"name\":\"Los R\u00edos\",\"description\":\"Otro sitio m\u00e1s de dev.explora.cl\",\"potentialAction\":[{\"@type\":\"SearchAction\",\"target\":{\"@type\":\"EntryPoint\",\"urlTemplate\":\"https:\/\/dev.explora.cl\/rios\/?s={search_term_string}\"},\"query-input\":{\"@type\":\"PropertyValueSpecification\",\"valueRequired\":true,\"valueName\":\"search_term_string\"}}],\"inLanguage\":\"es-CL\"},{\"@type\":\"Person\",\"@id\":\"https:\/\/dev.explora.cl\/rios\/#\/schema\/person\/cb8349c13ea2d324080adf8480d7ba5d\",\"name\":\"webman\",\"image\":{\"@type\":\"ImageObject\",\"inLanguage\":\"es-CL\",\"@id\":\"https:\/\/dev.explora.cl\/rios\/#\/schema\/person\/image\/\",\"url\":\"https:\/\/secure.gravatar.com\/avatar\/eeff3c82f2c02f7177d13663b7e6f890e9a6a0647ce9bb29cae02dcb094c7312?s=96&d=mm&r=g\",\"contentUrl\":\"https:\/\/secure.gravatar.com\/avatar\/eeff3c82f2c02f7177d13663b7e6f890e9a6a0647ce9bb29cae02dcb094c7312?s=96&d=mm&r=g\",\"caption\":\"webman\"},\"url\":\"https:\/\/dev.explora.cl\/rios\/author\/webman\/\"}]}<\/script>\n<!-- \/ Yoast SEO plugin. -->","yoast_head_json":{"title":"Proyecto EXPLORA CONICYT Los R\u00edos se re\u00fane con Directores Educacionales de Paillaco - Los R\u00edos","robots":{"index":"index","follow":"follow","max-snippet":"max-snippet:-1","max-image-preview":"max-image-preview:large","max-video-preview":"max-video-preview:-1"},"canonical":"https:\/\/dev.explora.cl\/rios\/proyecto-explora-conicyt-los-rios-se-reune-con-directores-educacionales-de-paillaco\/","og_locale":"es_ES","og_type":"article","og_title":"Proyecto EXPLORA CONICYT Los R\u00edos se re\u00fane con Directores Educacionales de Paillaco - Los R\u00edos","og_description":"Esta semana el director del proyecto EXPLORA CONICYT de la regi\u00f3n de Los R\u00edos, Ronnie Reyes sostuvo una reuni\u00f3n con el director del DAEM de Paillaco, Mario G\u00f3mez y los directores de los establecimientos educacionales de la localidad, todo con el fin de fortalecer el trabajo hecho en comunas y estimular actividades colaborativas en los [&hellip;]","og_url":"https:\/\/dev.explora.cl\/rios\/proyecto-explora-conicyt-los-rios-se-reune-con-directores-educacionales-de-paillaco\/","og_site_name":"Los R\u00edos","article_published_time":"2014-07-11T04:00:00+00:00","article_modified_time":"2019-05-20T19:32:28+00:00","og_image":[{"width":600,"height":372,"url":"https:\/\/dev.explora.cl\/rios\/wp-content\/uploads\/sites\/16\/2018\/06\/0407b1fae6c6274c272901f1c6f0566a.jpg","type":"image\/jpeg"}],"author":"webman","twitter_card":"summary_large_image","twitter_misc":{"Escrito por":"webman","Tiempo estimado de lectura":"1 minuto"},"schema":{"@context":"https:\/\/schema.org","@graph":[{"@type":"Article","@id":"https:\/\/dev.explora.cl\/rios\/proyecto-explora-conicyt-los-rios-se-reune-con-directores-educacionales-de-paillaco\/#article","isPartOf":{"@id":"https:\/\/dev.explora.cl\/rios\/proyecto-explora-conicyt-los-rios-se-reune-con-directores-educacionales-de-paillaco\/"},"author":{"name":"webman","@id":"https:\/\/dev.explora.cl\/rios\/#\/schema\/person\/cb8349c13ea2d324080adf8480d7ba5d"},"headline":"Proyecto EXPLORA CONICYT Los R\u00edos se re\u00fane con Directores Educacionales de Paillaco","datePublished":"2014-07-11T04:00:00+00:00","dateModified":"2019-05-20T19:32:28+00:00","mainEntityOfPage":{"@id":"https:\/\/dev.explora.cl\/rios\/proyecto-explora-conicyt-los-rios-se-reune-con-directores-educacionales-de-paillaco\/"},"wordCount":270,"commentCount":0,"image":{"@id":"https:\/\/dev.explora.cl\/rios\/proyecto-explora-conicyt-los-rios-se-reune-con-directores-educacionales-de-paillaco\/#primaryimage"},"thumbnailUrl":"https:\/\/dev.explora.cl\/rios\/wp-content\/uploads\/sites\/16\/2018\/06\/0407b1fae6c6274c272901f1c6f0566a.jpg","articleSection":["Noticias"],"inLanguage":"es-CL","potentialAction":[{"@type":"CommentAction","name":"Comment","target":["https:\/\/dev.explora.cl\/rios\/proyecto-explora-conicyt-los-rios-se-reune-con-directores-educacionales-de-paillaco\/#respond"]}]},{"@type":"WebPage","@id":"https:\/\/dev.explora.cl\/rios\/proyecto-explora-conicyt-los-rios-se-reune-con-directores-educacionales-de-paillaco\/","url":"https:\/\/dev.explora.cl\/rios\/proyecto-explora-conicyt-los-rios-se-reune-con-directores-educacionales-de-paillaco\/","name":"Proyecto EXPLORA CONICYT Los R\u00edos se re\u00fane con Directores Educacionales de Paillaco - Los R\u00edos","isPartOf":{"@id":"https:\/\/dev.explora.cl\/rios\/#website"},"primaryImageOfPage":{"@id":"https:\/\/dev.explora.cl\/rios\/proyecto-explora-conicyt-los-rios-se-reune-con-directores-educacionales-de-paillaco\/#primaryimage"},"image":{"@id":"https:\/\/dev.explora.cl\/rios\/proyecto-explora-conicyt-los-rios-se-reune-con-directores-educacionales-de-paillaco\/#primaryimage"},"thumbnailUrl":"https:\/\/dev.explora.cl\/rios\/wp-content\/uploads\/sites\/16\/2018\/06\/0407b1fae6c6274c272901f1c6f0566a.jpg","datePublished":"2014-07-11T04:00:00+00:00","dateModified":"2019-05-20T19:32:28+00:00","author":{"@id":"https:\/\/dev.explora.cl\/rios\/#\/schema\/person\/cb8349c13ea2d324080adf8480d7ba5d"},"breadcrumb":{"@id":"https:\/\/dev.explora.cl\/rios\/proyecto-explora-conicyt-los-rios-se-reune-con-directores-educacionales-de-paillaco\/#breadcrumb"},"inLanguage":"es-CL","potentialAction":[{"@type":"ReadAction","target":["https:\/\/dev.explora.cl\/rios\/proyecto-explora-conicyt-los-rios-se-reune-con-directores-educacionales-de-paillaco\/"]}]},{"@type":"ImageObject","inLanguage":"es-CL","@id":"https:\/\/dev.explora.cl\/rios\/proyecto-explora-conicyt-los-rios-se-reune-con-directores-educacionales-de-paillaco\/#primaryimage","url":"https:\/\/dev.explora.cl\/rios\/wp-content\/uploads\/sites\/16\/2018\/06\/0407b1fae6c6274c272901f1c6f0566a.jpg","contentUrl":"https:\/\/dev.explora.cl\/rios\/wp-content\/uploads\/sites\/16\/2018\/06\/0407b1fae6c6274c272901f1c6f0566a.jpg","width":600,"height":372},{"@type":"BreadcrumbList","@id":"https:\/\/dev.explora.cl\/rios\/proyecto-explora-conicyt-los-rios-se-reune-con-directores-educacionales-de-paillaco\/#breadcrumb","itemListElement":[{"@type":"ListItem","position":1,"name":"Portada","item":"https:\/\/dev.explora.cl\/rios\/"},{"@type":"ListItem","position":2,"name":"Proyecto EXPLORA CONICYT Los R\u00edos se re\u00fane con Directores Educacionales de Paillaco"}]},{"@type":"WebSite","@id":"https:\/\/dev.explora.cl\/rios\/#website","url":"https:\/\/dev.explora.cl\/rios\/","name":"Los R\u00edos","description":"Otro sitio m\u00e1s de dev.explora.cl","potentialAction":[{"@type":"SearchAction","target":{"@type":"EntryPoint","urlTemplate":"https:\/\/dev.explora.cl\/rios\/?s={search_term_string}"},"query-input":{"@type":"PropertyValueSpecification","valueRequired":true,"valueName":"search_term_string"}}],"inLanguage":"es-CL"},{"@type":"Person","@id":"https:\/\/dev.explora.cl\/rios\/#\/schema\/person\/cb8349c13ea2d324080adf8480d7ba5d","name":"webman","image":{"@type":"ImageObject","inLanguage":"es-CL","@id":"https:\/\/dev.explora.cl\/rios\/#\/schema\/person\/image\/","url":"https:\/\/secure.gravatar.com\/avatar\/eeff3c82f2c02f7177d13663b7e6f890e9a6a0647ce9bb29cae02dcb094c7312?s=96&d=mm&r=g","contentUrl":"https:\/\/secure.gravatar.com\/avatar\/eeff3c82f2c02f7177d13663b7e6f890e9a6a0647ce9bb29cae02dcb094c7312?s=96&d=mm&r=g","caption":"webman"},"url":"https:\/\/dev.explora.cl\/rios\/author\/webman\/"}]}},"_links":{"self":[{"href":"https:\/\/dev.explora.cl\/rios\/wp-json\/wp\/v2\/posts\/130","targetHints":{"allow":["GET"]}}],"collection":[{"href":"https:\/\/dev.explora.cl\/rios\/wp-json\/wp\/v2\/posts"}],"about":[{"href":"https:\/\/dev.explora.cl\/rios\/wp-json\/wp\/v2\/types\/post"}],"author":[{"embeddable":true,"href":"https:\/\/dev.explora.cl\/rios\/wp-json\/wp\/v2\/users\/2"}],"replies":[{"embeddable":true,"href":"https:\/\/dev.explora.cl\/rios\/wp-json\/wp\/v2\/comments?post=130"}],"version-history":[{"count":1,"href":"https:\/\/dev.explora.cl\/rios\/wp-json\/wp\/v2\/posts\/130\/revisions"}],"predecessor-version":[{"id":38056,"href":"https:\/\/dev.explora.cl\/rios\/wp-json\/wp\/v2\/posts\/130\/revisions\/38056"}],"wp:featuredmedia":[{"embeddable":true,"href":"https:\/\/dev.explora.cl\/rios\/wp-json\/wp\/v2\/media\/131"}],"wp:attachment":[{"href":"https:\/\/dev.explora.cl\/rios\/wp-json\/wp\/v2\/media?parent=130"}],"wp:term":[{"taxonomy":"category","embeddable":true,"href":"https:\/\/dev.explora.cl\/rios\/wp-json\/wp\/v2\/categories?post=130"},{"taxonomy":"post_tag","embeddable":true,"href":"https:\/\/dev.explora.cl\/rios\/wp-json\/wp\/v2\/tags?post=130"}],"curies":[{"name":"wp","href":"https:\/\/api.w.org\/{rel}","templated":true}]}}