{"id":128,"date":"2014-07-11T00:00:00","date_gmt":"2014-07-11T04:00:00","guid":{"rendered":"https:\/\/dev.explora.cl\/rios\/blog\/2014\/07\/11\/colegio-helvecia-obtiene-primer-lugar-en-feria-escolar-de-ciencia-de-la-provincia\/"},"modified":"2019-05-20T19:32:27","modified_gmt":"2019-05-20T19:32:27","slug":"colegio-helvecia-obtiene-primer-lugar-en-feria-escolar-de-ciencia-de-la-provincia","status":"publish","type":"post","link":"https:\/\/dev.explora.cl\/rios\/colegio-helvecia-obtiene-primer-lugar-en-feria-escolar-de-ciencia-de-la-provincia\/","title":{"rendered":"Colegio Helvecia obtiene primer Lugar en Feria Escolar de Ciencia de la Provincia"},"content":{"rendered":"<p><img loading=\"lazy\" decoding=\"async\" class=\" size-full wp-image-3925\" src=\"http:\/\/ec2-34-218-253-251.us-west-2.compute.amazonaws.com\/wp-content\/uploads\/2014\/07\/a7f4220debd56f6a9630663235912fb6.jpg\" alt=\"\" width=\"600\" height=\"340\" \/><\/p>\n<p dir=\"ltr\"><em>Este jueves culmin\u00f3 en lanco la \u201cSegunda Feria Escolar de Ciencia y Tecnolog\u00eda, Provincia de Valdivia\u201d organizada por el Proyecto EXPLORA CONICYT regi\u00f3n de Los R\u00edos y la Ilustre Municipalidad de Lanco. Durante tres d\u00edas m\u00e1s de 60 alumnos de colegios de las comunas de Valdivia, M\u00e1fil, Panguipulli, Los Lagos y Lanco presentaron distintas iniciativas cient\u00edficas trabajadas en cada establecimiento.<\/em><\/p>\n<p dir=\"ltr\"><span>En la ocasi\u00f3n el colegio Helvecia de Valdivia representado por las estudiantes Lorena \u00a0Campos y Jaqueline \u00a0Sanhueza logr\u00f3 el primer lugar en educaci\u00f3n media con su proyecto \u00a0\u201cPlaga + Erupci\u00f3n = Soluci\u00f3n!, el cual mostraba como las cenizas volc\u00e1nicas puede influir en el control de plagas.<\/span><\/p>\n<p dir=\"ltr\"><span style=\"line-height: 1.3em\">Para la Seremi de Educaci\u00f3n, Erna Guerra, \u201cEs bueno que estas instancias salgan de la capital regional y se realice en otras comunas, en ese sentido esta feria es un trabajo avanzado. Inst\u00f3 a los ni\u00f1os a empoderarse de sus proyectos y una buena oportunidad para el desarrollo de curriculum integral de los ni\u00f1os, adem\u00e1s de hacer nuevos amigos\u201d. \u00a0<\/span><span style=\"line-height: 1.3em\">\u00a0<\/span><\/p>\n<p dir=\"ltr\"><span>En la categor\u00eda educaci\u00f3n b\u00e1sica primer ciclo, el premio lo obtuvo el 4\u00b0 b\u00e1sico del colegio Bernardo Felmer de lanco, con su proyecto \u201cplantas que crecen en la oscuridad\u201d y el primer lugar del segundo ciclo educaci\u00f3n b\u00e1sica fue para el Liceo Gabriela Mistral de M\u00e1fil con el tema \u201cel agua potable en M\u00e1fil: un riesgo para la salud p\u00fablica\u201d.<\/span><\/p>\n<p><span id=\"docs-internal-guid-aac86f26-25cc-1ed9-9608-0728bff7fd58\"><span>Cabe destacar que los trabajos ganadores de segundo ciclo educaci\u00f3n b\u00e1sica y educaci\u00f3n media, participar\u00e1n directamente del \u201cXI Congreso Regional Escolar de Ciencia y Tecnolog\u00eda Explora Conicyt, regi\u00f3n de Los R\u00edos\u201d, a realizarse en el mes de septiembre del \u00a0presente a\u00f1o.<\/span><\/span><\/p>\n<p style=\"text-align: center\"><a href=\"https:\/\/www.facebook.com\/media\/set\/?set=a.767978276566343.1073741930.572061129491393&amp;type=1\"><span><span><img loading=\"lazy\" decoding=\"async\" class=\" size-full wp-image-3298\" src=\"http:\/\/ec2-34-218-253-251.us-west-2.compute.amazonaws.com\/wp-content\/uploads\/2014\/05\/galeria-facebook.png\" border=\"0\" alt=\"\" width=\"900\" height=\"58\" \/><\/span><\/span><\/a><\/p>\n","protected":false},"excerpt":{"rendered":"<p>Este jueves culmin\u00f3 en lanco la \u201cSegunda Feria Escolar de Ciencia y Tecnolog\u00eda, Provincia de Valdivia\u201d organizada por el Proyecto EXPLORA CONICYT regi\u00f3n de Los R\u00edos y la Ilustre Municipalidad de Lanco. Durante tres d\u00edas m\u00e1s de 60 alumnos de colegios de las comunas de Valdivia, M\u00e1fil, Panguipulli, Los Lagos y Lanco presentaron distintas iniciativas [&hellip;]<\/p>\n","protected":false},"author":2,"featured_media":129,"comment_status":"open","ping_status":"open","sticky":false,"template":"","format":"standard","meta":{"_acf_changed":false,"_exactmetrics_skip_tracking":false,"_exactmetrics_sitenote_active":false,"_exactmetrics_sitenote_note":"","_exactmetrics_sitenote_category":0,"footnotes":"","_links_to":"","_links_to_target":""},"categories":[4],"tags":[],"class_list":["post-128","post","type-post","status-publish","format-standard","has-post-thumbnail","hentry","category-noticias"],"acf":[],"yoast_head":"<!-- This site is optimized with the Yoast SEO plugin v26.7 - https:\/\/yoast.com\/wordpress\/plugins\/seo\/ -->\n<title>Colegio Helvecia obtiene primer Lugar en Feria Escolar de Ciencia de la Provincia - Los R\u00edos<\/title>\n<meta name=\"robots\" content=\"index, follow, max-snippet:-1, max-image-preview:large, max-video-preview:-1\" \/>\n<link rel=\"canonical\" href=\"https:\/\/dev.explora.cl\/rios\/colegio-helvecia-obtiene-primer-lugar-en-feria-escolar-de-ciencia-de-la-provincia\/\" class=\"yoast-seo-meta-tag\" \/>\n<meta property=\"og:locale\" content=\"es_ES\" class=\"yoast-seo-meta-tag\" \/>\n<meta property=\"og:type\" content=\"article\" class=\"yoast-seo-meta-tag\" \/>\n<meta property=\"og:title\" content=\"Colegio Helvecia obtiene primer Lugar en Feria Escolar de Ciencia de la Provincia - Los R\u00edos\" class=\"yoast-seo-meta-tag\" \/>\n<meta property=\"og:description\" content=\"Este jueves culmin\u00f3 en lanco la \u201cSegunda Feria Escolar de Ciencia y Tecnolog\u00eda, Provincia de Valdivia\u201d organizada por el Proyecto EXPLORA CONICYT regi\u00f3n de Los R\u00edos y la Ilustre Municipalidad de Lanco. Durante tres d\u00edas m\u00e1s de 60 alumnos de colegios de las comunas de Valdivia, M\u00e1fil, Panguipulli, Los Lagos y Lanco presentaron distintas iniciativas [&hellip;]\" class=\"yoast-seo-meta-tag\" \/>\n<meta property=\"og:url\" content=\"https:\/\/dev.explora.cl\/rios\/colegio-helvecia-obtiene-primer-lugar-en-feria-escolar-de-ciencia-de-la-provincia\/\" class=\"yoast-seo-meta-tag\" \/>\n<meta property=\"og:site_name\" content=\"Los R\u00edos\" class=\"yoast-seo-meta-tag\" \/>\n<meta property=\"article:published_time\" content=\"2014-07-11T04:00:00+00:00\" class=\"yoast-seo-meta-tag\" \/>\n<meta property=\"article:modified_time\" content=\"2019-05-20T19:32:27+00:00\" class=\"yoast-seo-meta-tag\" \/>\n<meta property=\"og:image\" content=\"https:\/\/dev.explora.cl\/rios\/wp-content\/uploads\/sites\/16\/2018\/06\/a7f4220debd56f6a9630663235912fb6.jpg\" class=\"yoast-seo-meta-tag\" \/>\n\t<meta property=\"og:image:width\" content=\"600\" class=\"yoast-seo-meta-tag\" \/>\n\t<meta property=\"og:image:height\" content=\"340\" class=\"yoast-seo-meta-tag\" \/>\n\t<meta property=\"og:image:type\" content=\"image\/jpeg\" class=\"yoast-seo-meta-tag\" \/>\n<meta name=\"author\" content=\"webman\" class=\"yoast-seo-meta-tag\" \/>\n<meta name=\"twitter:card\" content=\"summary_large_image\" class=\"yoast-seo-meta-tag\" \/>\n<meta name=\"twitter:label1\" content=\"Escrito por\" class=\"yoast-seo-meta-tag\" \/>\n\t<meta name=\"twitter:data1\" content=\"webman\" class=\"yoast-seo-meta-tag\" \/>\n\t<meta name=\"twitter:label2\" content=\"Tiempo estimado de lectura\" class=\"yoast-seo-meta-tag\" \/>\n\t<meta name=\"twitter:data2\" content=\"1 minuto\" class=\"yoast-seo-meta-tag\" \/>\n<script type=\"application\/ld+json\" class=\"yoast-schema-graph\">{\"@context\":\"https:\/\/schema.org\",\"@graph\":[{\"@type\":\"Article\",\"@id\":\"https:\/\/dev.explora.cl\/rios\/colegio-helvecia-obtiene-primer-lugar-en-feria-escolar-de-ciencia-de-la-provincia\/#article\",\"isPartOf\":{\"@id\":\"https:\/\/dev.explora.cl\/rios\/colegio-helvecia-obtiene-primer-lugar-en-feria-escolar-de-ciencia-de-la-provincia\/\"},\"author\":{\"name\":\"webman\",\"@id\":\"https:\/\/dev.explora.cl\/rios\/#\/schema\/person\/cb8349c13ea2d324080adf8480d7ba5d\"},\"headline\":\"Colegio Helvecia obtiene primer Lugar en Feria Escolar de Ciencia de la Provincia\",\"datePublished\":\"2014-07-11T04:00:00+00:00\",\"dateModified\":\"2019-05-20T19:32:27+00:00\",\"mainEntityOfPage\":{\"@id\":\"https:\/\/dev.explora.cl\/rios\/colegio-helvecia-obtiene-primer-lugar-en-feria-escolar-de-ciencia-de-la-provincia\/\"},\"wordCount\":308,\"commentCount\":0,\"image\":{\"@id\":\"https:\/\/dev.explora.cl\/rios\/colegio-helvecia-obtiene-primer-lugar-en-feria-escolar-de-ciencia-de-la-provincia\/#primaryimage\"},\"thumbnailUrl\":\"https:\/\/dev.explora.cl\/rios\/wp-content\/uploads\/sites\/16\/2018\/06\/a7f4220debd56f6a9630663235912fb6.jpg\",\"articleSection\":[\"Noticias\"],\"inLanguage\":\"es-CL\",\"potentialAction\":[{\"@type\":\"CommentAction\",\"name\":\"Comment\",\"target\":[\"https:\/\/dev.explora.cl\/rios\/colegio-helvecia-obtiene-primer-lugar-en-feria-escolar-de-ciencia-de-la-provincia\/#respond\"]}]},{\"@type\":\"WebPage\",\"@id\":\"https:\/\/dev.explora.cl\/rios\/colegio-helvecia-obtiene-primer-lugar-en-feria-escolar-de-ciencia-de-la-provincia\/\",\"url\":\"https:\/\/dev.explora.cl\/rios\/colegio-helvecia-obtiene-primer-lugar-en-feria-escolar-de-ciencia-de-la-provincia\/\",\"name\":\"Colegio Helvecia obtiene primer Lugar en Feria Escolar de Ciencia de la Provincia - Los R\u00edos\",\"isPartOf\":{\"@id\":\"https:\/\/dev.explora.cl\/rios\/#website\"},\"primaryImageOfPage\":{\"@id\":\"https:\/\/dev.explora.cl\/rios\/colegio-helvecia-obtiene-primer-lugar-en-feria-escolar-de-ciencia-de-la-provincia\/#primaryimage\"},\"image\":{\"@id\":\"https:\/\/dev.explora.cl\/rios\/colegio-helvecia-obtiene-primer-lugar-en-feria-escolar-de-ciencia-de-la-provincia\/#primaryimage\"},\"thumbnailUrl\":\"https:\/\/dev.explora.cl\/rios\/wp-content\/uploads\/sites\/16\/2018\/06\/a7f4220debd56f6a9630663235912fb6.jpg\",\"datePublished\":\"2014-07-11T04:00:00+00:00\",\"dateModified\":\"2019-05-20T19:32:27+00:00\",\"author\":{\"@id\":\"https:\/\/dev.explora.cl\/rios\/#\/schema\/person\/cb8349c13ea2d324080adf8480d7ba5d\"},\"breadcrumb\":{\"@id\":\"https:\/\/dev.explora.cl\/rios\/colegio-helvecia-obtiene-primer-lugar-en-feria-escolar-de-ciencia-de-la-provincia\/#breadcrumb\"},\"inLanguage\":\"es-CL\",\"potentialAction\":[{\"@type\":\"ReadAction\",\"target\":[\"https:\/\/dev.explora.cl\/rios\/colegio-helvecia-obtiene-primer-lugar-en-feria-escolar-de-ciencia-de-la-provincia\/\"]}]},{\"@type\":\"ImageObject\",\"inLanguage\":\"es-CL\",\"@id\":\"https:\/\/dev.explora.cl\/rios\/colegio-helvecia-obtiene-primer-lugar-en-feria-escolar-de-ciencia-de-la-provincia\/#primaryimage\",\"url\":\"https:\/\/dev.explora.cl\/rios\/wp-content\/uploads\/sites\/16\/2018\/06\/a7f4220debd56f6a9630663235912fb6.jpg\",\"contentUrl\":\"https:\/\/dev.explora.cl\/rios\/wp-content\/uploads\/sites\/16\/2018\/06\/a7f4220debd56f6a9630663235912fb6.jpg\",\"width\":600,\"height\":340},{\"@type\":\"BreadcrumbList\",\"@id\":\"https:\/\/dev.explora.cl\/rios\/colegio-helvecia-obtiene-primer-lugar-en-feria-escolar-de-ciencia-de-la-provincia\/#breadcrumb\",\"itemListElement\":[{\"@type\":\"ListItem\",\"position\":1,\"name\":\"Portada\",\"item\":\"https:\/\/dev.explora.cl\/rios\/\"},{\"@type\":\"ListItem\",\"position\":2,\"name\":\"Colegio Helvecia obtiene primer Lugar en Feria Escolar de Ciencia de la Provincia\"}]},{\"@type\":\"WebSite\",\"@id\":\"https:\/\/dev.explora.cl\/rios\/#website\",\"url\":\"https:\/\/dev.explora.cl\/rios\/\",\"name\":\"Los R\u00edos\",\"description\":\"Otro sitio m\u00e1s de dev.explora.cl\",\"potentialAction\":[{\"@type\":\"SearchAction\",\"target\":{\"@type\":\"EntryPoint\",\"urlTemplate\":\"https:\/\/dev.explora.cl\/rios\/?s={search_term_string}\"},\"query-input\":{\"@type\":\"PropertyValueSpecification\",\"valueRequired\":true,\"valueName\":\"search_term_string\"}}],\"inLanguage\":\"es-CL\"},{\"@type\":\"Person\",\"@id\":\"https:\/\/dev.explora.cl\/rios\/#\/schema\/person\/cb8349c13ea2d324080adf8480d7ba5d\",\"name\":\"webman\",\"image\":{\"@type\":\"ImageObject\",\"inLanguage\":\"es-CL\",\"@id\":\"https:\/\/dev.explora.cl\/rios\/#\/schema\/person\/image\/\",\"url\":\"https:\/\/secure.gravatar.com\/avatar\/eeff3c82f2c02f7177d13663b7e6f890e9a6a0647ce9bb29cae02dcb094c7312?s=96&d=mm&r=g\",\"contentUrl\":\"https:\/\/secure.gravatar.com\/avatar\/eeff3c82f2c02f7177d13663b7e6f890e9a6a0647ce9bb29cae02dcb094c7312?s=96&d=mm&r=g\",\"caption\":\"webman\"},\"url\":\"https:\/\/dev.explora.cl\/rios\/author\/webman\/\"}]}<\/script>\n<!-- \/ Yoast SEO plugin. -->","yoast_head_json":{"title":"Colegio Helvecia obtiene primer Lugar en Feria Escolar de Ciencia de la Provincia - Los R\u00edos","robots":{"index":"index","follow":"follow","max-snippet":"max-snippet:-1","max-image-preview":"max-image-preview:large","max-video-preview":"max-video-preview:-1"},"canonical":"https:\/\/dev.explora.cl\/rios\/colegio-helvecia-obtiene-primer-lugar-en-feria-escolar-de-ciencia-de-la-provincia\/","og_locale":"es_ES","og_type":"article","og_title":"Colegio Helvecia obtiene primer Lugar en Feria Escolar de Ciencia de la Provincia - Los R\u00edos","og_description":"Este jueves culmin\u00f3 en lanco la \u201cSegunda Feria Escolar de Ciencia y Tecnolog\u00eda, Provincia de Valdivia\u201d organizada por el Proyecto EXPLORA CONICYT regi\u00f3n de Los R\u00edos y la Ilustre Municipalidad de Lanco. Durante tres d\u00edas m\u00e1s de 60 alumnos de colegios de las comunas de Valdivia, M\u00e1fil, Panguipulli, Los Lagos y Lanco presentaron distintas iniciativas [&hellip;]","og_url":"https:\/\/dev.explora.cl\/rios\/colegio-helvecia-obtiene-primer-lugar-en-feria-escolar-de-ciencia-de-la-provincia\/","og_site_name":"Los R\u00edos","article_published_time":"2014-07-11T04:00:00+00:00","article_modified_time":"2019-05-20T19:32:27+00:00","og_image":[{"width":600,"height":340,"url":"https:\/\/dev.explora.cl\/rios\/wp-content\/uploads\/sites\/16\/2018\/06\/a7f4220debd56f6a9630663235912fb6.jpg","type":"image\/jpeg"}],"author":"webman","twitter_card":"summary_large_image","twitter_misc":{"Escrito por":"webman","Tiempo estimado de lectura":"1 minuto"},"schema":{"@context":"https:\/\/schema.org","@graph":[{"@type":"Article","@id":"https:\/\/dev.explora.cl\/rios\/colegio-helvecia-obtiene-primer-lugar-en-feria-escolar-de-ciencia-de-la-provincia\/#article","isPartOf":{"@id":"https:\/\/dev.explora.cl\/rios\/colegio-helvecia-obtiene-primer-lugar-en-feria-escolar-de-ciencia-de-la-provincia\/"},"author":{"name":"webman","@id":"https:\/\/dev.explora.cl\/rios\/#\/schema\/person\/cb8349c13ea2d324080adf8480d7ba5d"},"headline":"Colegio Helvecia obtiene primer Lugar en Feria Escolar de Ciencia de la Provincia","datePublished":"2014-07-11T04:00:00+00:00","dateModified":"2019-05-20T19:32:27+00:00","mainEntityOfPage":{"@id":"https:\/\/dev.explora.cl\/rios\/colegio-helvecia-obtiene-primer-lugar-en-feria-escolar-de-ciencia-de-la-provincia\/"},"wordCount":308,"commentCount":0,"image":{"@id":"https:\/\/dev.explora.cl\/rios\/colegio-helvecia-obtiene-primer-lugar-en-feria-escolar-de-ciencia-de-la-provincia\/#primaryimage"},"thumbnailUrl":"https:\/\/dev.explora.cl\/rios\/wp-content\/uploads\/sites\/16\/2018\/06\/a7f4220debd56f6a9630663235912fb6.jpg","articleSection":["Noticias"],"inLanguage":"es-CL","potentialAction":[{"@type":"CommentAction","name":"Comment","target":["https:\/\/dev.explora.cl\/rios\/colegio-helvecia-obtiene-primer-lugar-en-feria-escolar-de-ciencia-de-la-provincia\/#respond"]}]},{"@type":"WebPage","@id":"https:\/\/dev.explora.cl\/rios\/colegio-helvecia-obtiene-primer-lugar-en-feria-escolar-de-ciencia-de-la-provincia\/","url":"https:\/\/dev.explora.cl\/rios\/colegio-helvecia-obtiene-primer-lugar-en-feria-escolar-de-ciencia-de-la-provincia\/","name":"Colegio Helvecia obtiene primer Lugar en Feria Escolar de Ciencia de la Provincia - Los R\u00edos","isPartOf":{"@id":"https:\/\/dev.explora.cl\/rios\/#website"},"primaryImageOfPage":{"@id":"https:\/\/dev.explora.cl\/rios\/colegio-helvecia-obtiene-primer-lugar-en-feria-escolar-de-ciencia-de-la-provincia\/#primaryimage"},"image":{"@id":"https:\/\/dev.explora.cl\/rios\/colegio-helvecia-obtiene-primer-lugar-en-feria-escolar-de-ciencia-de-la-provincia\/#primaryimage"},"thumbnailUrl":"https:\/\/dev.explora.cl\/rios\/wp-content\/uploads\/sites\/16\/2018\/06\/a7f4220debd56f6a9630663235912fb6.jpg","datePublished":"2014-07-11T04:00:00+00:00","dateModified":"2019-05-20T19:32:27+00:00","author":{"@id":"https:\/\/dev.explora.cl\/rios\/#\/schema\/person\/cb8349c13ea2d324080adf8480d7ba5d"},"breadcrumb":{"@id":"https:\/\/dev.explora.cl\/rios\/colegio-helvecia-obtiene-primer-lugar-en-feria-escolar-de-ciencia-de-la-provincia\/#breadcrumb"},"inLanguage":"es-CL","potentialAction":[{"@type":"ReadAction","target":["https:\/\/dev.explora.cl\/rios\/colegio-helvecia-obtiene-primer-lugar-en-feria-escolar-de-ciencia-de-la-provincia\/"]}]},{"@type":"ImageObject","inLanguage":"es-CL","@id":"https:\/\/dev.explora.cl\/rios\/colegio-helvecia-obtiene-primer-lugar-en-feria-escolar-de-ciencia-de-la-provincia\/#primaryimage","url":"https:\/\/dev.explora.cl\/rios\/wp-content\/uploads\/sites\/16\/2018\/06\/a7f4220debd56f6a9630663235912fb6.jpg","contentUrl":"https:\/\/dev.explora.cl\/rios\/wp-content\/uploads\/sites\/16\/2018\/06\/a7f4220debd56f6a9630663235912fb6.jpg","width":600,"height":340},{"@type":"BreadcrumbList","@id":"https:\/\/dev.explora.cl\/rios\/colegio-helvecia-obtiene-primer-lugar-en-feria-escolar-de-ciencia-de-la-provincia\/#breadcrumb","itemListElement":[{"@type":"ListItem","position":1,"name":"Portada","item":"https:\/\/dev.explora.cl\/rios\/"},{"@type":"ListItem","position":2,"name":"Colegio Helvecia obtiene primer Lugar en Feria Escolar de Ciencia de la Provincia"}]},{"@type":"WebSite","@id":"https:\/\/dev.explora.cl\/rios\/#website","url":"https:\/\/dev.explora.cl\/rios\/","name":"Los R\u00edos","description":"Otro sitio m\u00e1s de dev.explora.cl","potentialAction":[{"@type":"SearchAction","target":{"@type":"EntryPoint","urlTemplate":"https:\/\/dev.explora.cl\/rios\/?s={search_term_string}"},"query-input":{"@type":"PropertyValueSpecification","valueRequired":true,"valueName":"search_term_string"}}],"inLanguage":"es-CL"},{"@type":"Person","@id":"https:\/\/dev.explora.cl\/rios\/#\/schema\/person\/cb8349c13ea2d324080adf8480d7ba5d","name":"webman","image":{"@type":"ImageObject","inLanguage":"es-CL","@id":"https:\/\/dev.explora.cl\/rios\/#\/schema\/person\/image\/","url":"https:\/\/secure.gravatar.com\/avatar\/eeff3c82f2c02f7177d13663b7e6f890e9a6a0647ce9bb29cae02dcb094c7312?s=96&d=mm&r=g","contentUrl":"https:\/\/secure.gravatar.com\/avatar\/eeff3c82f2c02f7177d13663b7e6f890e9a6a0647ce9bb29cae02dcb094c7312?s=96&d=mm&r=g","caption":"webman"},"url":"https:\/\/dev.explora.cl\/rios\/author\/webman\/"}]}},"_links":{"self":[{"href":"https:\/\/dev.explora.cl\/rios\/wp-json\/wp\/v2\/posts\/128","targetHints":{"allow":["GET"]}}],"collection":[{"href":"https:\/\/dev.explora.cl\/rios\/wp-json\/wp\/v2\/posts"}],"about":[{"href":"https:\/\/dev.explora.cl\/rios\/wp-json\/wp\/v2\/types\/post"}],"author":[{"embeddable":true,"href":"https:\/\/dev.explora.cl\/rios\/wp-json\/wp\/v2\/users\/2"}],"replies":[{"embeddable":true,"href":"https:\/\/dev.explora.cl\/rios\/wp-json\/wp\/v2\/comments?post=128"}],"version-history":[{"count":1,"href":"https:\/\/dev.explora.cl\/rios\/wp-json\/wp\/v2\/posts\/128\/revisions"}],"predecessor-version":[{"id":38055,"href":"https:\/\/dev.explora.cl\/rios\/wp-json\/wp\/v2\/posts\/128\/revisions\/38055"}],"wp:featuredmedia":[{"embeddable":true,"href":"https:\/\/dev.explora.cl\/rios\/wp-json\/wp\/v2\/media\/129"}],"wp:attachment":[{"href":"https:\/\/dev.explora.cl\/rios\/wp-json\/wp\/v2\/media?parent=128"}],"wp:term":[{"taxonomy":"category","embeddable":true,"href":"https:\/\/dev.explora.cl\/rios\/wp-json\/wp\/v2\/categories?post=128"},{"taxonomy":"post_tag","embeddable":true,"href":"https:\/\/dev.explora.cl\/rios\/wp-json\/wp\/v2\/tags?post=128"}],"curies":[{"name":"wp","href":"https:\/\/api.w.org\/{rel}","templated":true}]}}