{"id":124,"date":"2014-07-04T00:00:00","date_gmt":"2014-07-04T04:00:00","guid":{"rendered":"https:\/\/dev.explora.cl\/rios\/blog\/2014\/07\/04\/par-los-rios-visita-a-simil-de-la-araucania\/"},"modified":"2019-05-20T19:32:29","modified_gmt":"2019-05-20T19:32:29","slug":"par-los-rios-visita-a-simil-de-la-araucania","status":"publish","type":"post","link":"https:\/\/dev.explora.cl\/rios\/par-los-rios-visita-a-simil-de-la-araucania\/","title":{"rendered":"PAR Los R\u00edos visita a s\u00edmil de La Araucan\u00eda"},"content":{"rendered":"<p><img loading=\"lazy\" decoding=\"async\" class=\" size-full wp-image-3740\" src=\"http:\/\/ec2-34-218-253-251.us-west-2.compute.amazonaws.com\/wp-content\/uploads\/2014\/07\/df8bdc0787eb68c35292ff74fa60466b.jpg\" alt=\"\" width=\"598\" height=\"336\" \/><\/p>\n<p dir=\"ltr\">Este jueves, en Temuco se reunieron los equipos del Proyecto EXPLORA CONICYT Regi\u00f3n de los R\u00edos y su s\u00edmil de la Regi\u00f3n de La Araucan\u00eda. La reuni\u00f3n bilateral sirvi\u00f3 para conocer las experiencias de cada Proyecto Asociativo Regional (PAR) y buscar estrategias de colaboraci\u00f3n para fortalecer el trabajo de la zona sur del pa\u00eds.<\/p>\n<p dir=\"ltr\">En el encuentro se analizaron las actividades y gestiones de ambos proyectos, considerando el \u00e9nfasis en las actividades de valoraci\u00f3n, el rol clave de las entidades asociadas a cada iniciativa, destacando tambi\u00e9n el fuerte componente rural y social que buscan en el territorio.<\/p>\n<p>A corto plazo ambos PAR, buscar\u00e1n generar actividades a realizar en conjunto para comunas lim\u00edtrofes de ambas regiones, adem\u00e1s de colaborar en la promoci\u00f3n de videoconferencias en los colegios de sus respectivas regiones.<\/p>\n","protected":false},"excerpt":{"rendered":"<p>Este jueves, en Temuco se reunieron los equipos del Proyecto EXPLORA CONICYT Regi\u00f3n de los R\u00edos y su s\u00edmil de la Regi\u00f3n de La Araucan\u00eda. La reuni\u00f3n bilateral sirvi\u00f3 para conocer las experiencias de cada Proyecto Asociativo Regional (PAR) y buscar estrategias de colaboraci\u00f3n para fortalecer el trabajo de la zona sur del pa\u00eds. En [&hellip;]<\/p>\n","protected":false},"author":2,"featured_media":125,"comment_status":"open","ping_status":"open","sticky":false,"template":"","format":"standard","meta":{"_acf_changed":false,"_exactmetrics_skip_tracking":false,"_exactmetrics_sitenote_active":false,"_exactmetrics_sitenote_note":"","_exactmetrics_sitenote_category":0,"footnotes":"","_links_to":"","_links_to_target":""},"categories":[4],"tags":[],"class_list":["post-124","post","type-post","status-publish","format-standard","has-post-thumbnail","hentry","category-noticias"],"acf":[],"yoast_head":"<!-- This site is optimized with the Yoast SEO plugin v26.7 - https:\/\/yoast.com\/wordpress\/plugins\/seo\/ -->\n<title>PAR Los R\u00edos visita a s\u00edmil de La Araucan\u00eda - Los R\u00edos<\/title>\n<meta name=\"robots\" content=\"index, follow, max-snippet:-1, max-image-preview:large, max-video-preview:-1\" \/>\n<link rel=\"canonical\" href=\"https:\/\/dev.explora.cl\/rios\/par-los-rios-visita-a-simil-de-la-araucania\/\" class=\"yoast-seo-meta-tag\" \/>\n<meta property=\"og:locale\" content=\"es_ES\" class=\"yoast-seo-meta-tag\" \/>\n<meta property=\"og:type\" content=\"article\" class=\"yoast-seo-meta-tag\" \/>\n<meta property=\"og:title\" content=\"PAR Los R\u00edos visita a s\u00edmil de La Araucan\u00eda - Los R\u00edos\" class=\"yoast-seo-meta-tag\" \/>\n<meta property=\"og:description\" content=\"Este jueves, en Temuco se reunieron los equipos del Proyecto EXPLORA CONICYT Regi\u00f3n de los R\u00edos y su s\u00edmil de la Regi\u00f3n de La Araucan\u00eda. La reuni\u00f3n bilateral sirvi\u00f3 para conocer las experiencias de cada Proyecto Asociativo Regional (PAR) y buscar estrategias de colaboraci\u00f3n para fortalecer el trabajo de la zona sur del pa\u00eds. En [&hellip;]\" class=\"yoast-seo-meta-tag\" \/>\n<meta property=\"og:url\" content=\"https:\/\/dev.explora.cl\/rios\/par-los-rios-visita-a-simil-de-la-araucania\/\" class=\"yoast-seo-meta-tag\" \/>\n<meta property=\"og:site_name\" content=\"Los R\u00edos\" class=\"yoast-seo-meta-tag\" \/>\n<meta property=\"article:published_time\" content=\"2014-07-04T04:00:00+00:00\" class=\"yoast-seo-meta-tag\" \/>\n<meta property=\"article:modified_time\" content=\"2019-05-20T19:32:29+00:00\" class=\"yoast-seo-meta-tag\" \/>\n<meta property=\"og:image\" content=\"https:\/\/dev.explora.cl\/rios\/wp-content\/uploads\/sites\/16\/2018\/06\/df8bdc0787eb68c35292ff74fa60466b.jpg\" class=\"yoast-seo-meta-tag\" \/>\n\t<meta property=\"og:image:width\" content=\"598\" class=\"yoast-seo-meta-tag\" \/>\n\t<meta property=\"og:image:height\" content=\"336\" class=\"yoast-seo-meta-tag\" \/>\n\t<meta property=\"og:image:type\" content=\"image\/jpeg\" class=\"yoast-seo-meta-tag\" \/>\n<meta name=\"author\" content=\"webman\" class=\"yoast-seo-meta-tag\" \/>\n<meta name=\"twitter:card\" content=\"summary_large_image\" class=\"yoast-seo-meta-tag\" \/>\n<meta name=\"twitter:label1\" content=\"Escrito por\" class=\"yoast-seo-meta-tag\" \/>\n\t<meta name=\"twitter:data1\" content=\"webman\" class=\"yoast-seo-meta-tag\" \/>\n\t<meta name=\"twitter:label2\" content=\"Tiempo estimado de lectura\" class=\"yoast-seo-meta-tag\" \/>\n\t<meta name=\"twitter:data2\" content=\"1 minuto\" class=\"yoast-seo-meta-tag\" \/>\n<script type=\"application\/ld+json\" class=\"yoast-schema-graph\">{\"@context\":\"https:\/\/schema.org\",\"@graph\":[{\"@type\":\"Article\",\"@id\":\"https:\/\/dev.explora.cl\/rios\/par-los-rios-visita-a-simil-de-la-araucania\/#article\",\"isPartOf\":{\"@id\":\"https:\/\/dev.explora.cl\/rios\/par-los-rios-visita-a-simil-de-la-araucania\/\"},\"author\":{\"name\":\"webman\",\"@id\":\"https:\/\/dev.explora.cl\/rios\/#\/schema\/person\/cb8349c13ea2d324080adf8480d7ba5d\"},\"headline\":\"PAR Los R\u00edos visita a s\u00edmil de La Araucan\u00eda\",\"datePublished\":\"2014-07-04T04:00:00+00:00\",\"dateModified\":\"2019-05-20T19:32:29+00:00\",\"mainEntityOfPage\":{\"@id\":\"https:\/\/dev.explora.cl\/rios\/par-los-rios-visita-a-simil-de-la-araucania\/\"},\"wordCount\":156,\"commentCount\":0,\"image\":{\"@id\":\"https:\/\/dev.explora.cl\/rios\/par-los-rios-visita-a-simil-de-la-araucania\/#primaryimage\"},\"thumbnailUrl\":\"https:\/\/dev.explora.cl\/rios\/wp-content\/uploads\/sites\/16\/2018\/06\/df8bdc0787eb68c35292ff74fa60466b.jpg\",\"articleSection\":[\"Noticias\"],\"inLanguage\":\"es-CL\",\"potentialAction\":[{\"@type\":\"CommentAction\",\"name\":\"Comment\",\"target\":[\"https:\/\/dev.explora.cl\/rios\/par-los-rios-visita-a-simil-de-la-araucania\/#respond\"]}]},{\"@type\":\"WebPage\",\"@id\":\"https:\/\/dev.explora.cl\/rios\/par-los-rios-visita-a-simil-de-la-araucania\/\",\"url\":\"https:\/\/dev.explora.cl\/rios\/par-los-rios-visita-a-simil-de-la-araucania\/\",\"name\":\"PAR Los R\u00edos visita a s\u00edmil de La Araucan\u00eda - Los R\u00edos\",\"isPartOf\":{\"@id\":\"https:\/\/dev.explora.cl\/rios\/#website\"},\"primaryImageOfPage\":{\"@id\":\"https:\/\/dev.explora.cl\/rios\/par-los-rios-visita-a-simil-de-la-araucania\/#primaryimage\"},\"image\":{\"@id\":\"https:\/\/dev.explora.cl\/rios\/par-los-rios-visita-a-simil-de-la-araucania\/#primaryimage\"},\"thumbnailUrl\":\"https:\/\/dev.explora.cl\/rios\/wp-content\/uploads\/sites\/16\/2018\/06\/df8bdc0787eb68c35292ff74fa60466b.jpg\",\"datePublished\":\"2014-07-04T04:00:00+00:00\",\"dateModified\":\"2019-05-20T19:32:29+00:00\",\"author\":{\"@id\":\"https:\/\/dev.explora.cl\/rios\/#\/schema\/person\/cb8349c13ea2d324080adf8480d7ba5d\"},\"breadcrumb\":{\"@id\":\"https:\/\/dev.explora.cl\/rios\/par-los-rios-visita-a-simil-de-la-araucania\/#breadcrumb\"},\"inLanguage\":\"es-CL\",\"potentialAction\":[{\"@type\":\"ReadAction\",\"target\":[\"https:\/\/dev.explora.cl\/rios\/par-los-rios-visita-a-simil-de-la-araucania\/\"]}]},{\"@type\":\"ImageObject\",\"inLanguage\":\"es-CL\",\"@id\":\"https:\/\/dev.explora.cl\/rios\/par-los-rios-visita-a-simil-de-la-araucania\/#primaryimage\",\"url\":\"https:\/\/dev.explora.cl\/rios\/wp-content\/uploads\/sites\/16\/2018\/06\/df8bdc0787eb68c35292ff74fa60466b.jpg\",\"contentUrl\":\"https:\/\/dev.explora.cl\/rios\/wp-content\/uploads\/sites\/16\/2018\/06\/df8bdc0787eb68c35292ff74fa60466b.jpg\",\"width\":598,\"height\":336},{\"@type\":\"BreadcrumbList\",\"@id\":\"https:\/\/dev.explora.cl\/rios\/par-los-rios-visita-a-simil-de-la-araucania\/#breadcrumb\",\"itemListElement\":[{\"@type\":\"ListItem\",\"position\":1,\"name\":\"Portada\",\"item\":\"https:\/\/dev.explora.cl\/rios\/\"},{\"@type\":\"ListItem\",\"position\":2,\"name\":\"PAR Los R\u00edos visita a s\u00edmil de La Araucan\u00eda\"}]},{\"@type\":\"WebSite\",\"@id\":\"https:\/\/dev.explora.cl\/rios\/#website\",\"url\":\"https:\/\/dev.explora.cl\/rios\/\",\"name\":\"Los R\u00edos\",\"description\":\"Otro sitio m\u00e1s de dev.explora.cl\",\"potentialAction\":[{\"@type\":\"SearchAction\",\"target\":{\"@type\":\"EntryPoint\",\"urlTemplate\":\"https:\/\/dev.explora.cl\/rios\/?s={search_term_string}\"},\"query-input\":{\"@type\":\"PropertyValueSpecification\",\"valueRequired\":true,\"valueName\":\"search_term_string\"}}],\"inLanguage\":\"es-CL\"},{\"@type\":\"Person\",\"@id\":\"https:\/\/dev.explora.cl\/rios\/#\/schema\/person\/cb8349c13ea2d324080adf8480d7ba5d\",\"name\":\"webman\",\"image\":{\"@type\":\"ImageObject\",\"inLanguage\":\"es-CL\",\"@id\":\"https:\/\/dev.explora.cl\/rios\/#\/schema\/person\/image\/\",\"url\":\"https:\/\/secure.gravatar.com\/avatar\/eeff3c82f2c02f7177d13663b7e6f890e9a6a0647ce9bb29cae02dcb094c7312?s=96&d=mm&r=g\",\"contentUrl\":\"https:\/\/secure.gravatar.com\/avatar\/eeff3c82f2c02f7177d13663b7e6f890e9a6a0647ce9bb29cae02dcb094c7312?s=96&d=mm&r=g\",\"caption\":\"webman\"},\"url\":\"https:\/\/dev.explora.cl\/rios\/author\/webman\/\"}]}<\/script>\n<!-- \/ Yoast SEO plugin. -->","yoast_head_json":{"title":"PAR Los R\u00edos visita a s\u00edmil de La Araucan\u00eda - Los R\u00edos","robots":{"index":"index","follow":"follow","max-snippet":"max-snippet:-1","max-image-preview":"max-image-preview:large","max-video-preview":"max-video-preview:-1"},"canonical":"https:\/\/dev.explora.cl\/rios\/par-los-rios-visita-a-simil-de-la-araucania\/","og_locale":"es_ES","og_type":"article","og_title":"PAR Los R\u00edos visita a s\u00edmil de La Araucan\u00eda - Los R\u00edos","og_description":"Este jueves, en Temuco se reunieron los equipos del Proyecto EXPLORA CONICYT Regi\u00f3n de los R\u00edos y su s\u00edmil de la Regi\u00f3n de La Araucan\u00eda. La reuni\u00f3n bilateral sirvi\u00f3 para conocer las experiencias de cada Proyecto Asociativo Regional (PAR) y buscar estrategias de colaboraci\u00f3n para fortalecer el trabajo de la zona sur del pa\u00eds. En [&hellip;]","og_url":"https:\/\/dev.explora.cl\/rios\/par-los-rios-visita-a-simil-de-la-araucania\/","og_site_name":"Los R\u00edos","article_published_time":"2014-07-04T04:00:00+00:00","article_modified_time":"2019-05-20T19:32:29+00:00","og_image":[{"width":598,"height":336,"url":"https:\/\/dev.explora.cl\/rios\/wp-content\/uploads\/sites\/16\/2018\/06\/df8bdc0787eb68c35292ff74fa60466b.jpg","type":"image\/jpeg"}],"author":"webman","twitter_card":"summary_large_image","twitter_misc":{"Escrito por":"webman","Tiempo estimado de lectura":"1 minuto"},"schema":{"@context":"https:\/\/schema.org","@graph":[{"@type":"Article","@id":"https:\/\/dev.explora.cl\/rios\/par-los-rios-visita-a-simil-de-la-araucania\/#article","isPartOf":{"@id":"https:\/\/dev.explora.cl\/rios\/par-los-rios-visita-a-simil-de-la-araucania\/"},"author":{"name":"webman","@id":"https:\/\/dev.explora.cl\/rios\/#\/schema\/person\/cb8349c13ea2d324080adf8480d7ba5d"},"headline":"PAR Los R\u00edos visita a s\u00edmil de La Araucan\u00eda","datePublished":"2014-07-04T04:00:00+00:00","dateModified":"2019-05-20T19:32:29+00:00","mainEntityOfPage":{"@id":"https:\/\/dev.explora.cl\/rios\/par-los-rios-visita-a-simil-de-la-araucania\/"},"wordCount":156,"commentCount":0,"image":{"@id":"https:\/\/dev.explora.cl\/rios\/par-los-rios-visita-a-simil-de-la-araucania\/#primaryimage"},"thumbnailUrl":"https:\/\/dev.explora.cl\/rios\/wp-content\/uploads\/sites\/16\/2018\/06\/df8bdc0787eb68c35292ff74fa60466b.jpg","articleSection":["Noticias"],"inLanguage":"es-CL","potentialAction":[{"@type":"CommentAction","name":"Comment","target":["https:\/\/dev.explora.cl\/rios\/par-los-rios-visita-a-simil-de-la-araucania\/#respond"]}]},{"@type":"WebPage","@id":"https:\/\/dev.explora.cl\/rios\/par-los-rios-visita-a-simil-de-la-araucania\/","url":"https:\/\/dev.explora.cl\/rios\/par-los-rios-visita-a-simil-de-la-araucania\/","name":"PAR Los R\u00edos visita a s\u00edmil de La Araucan\u00eda - Los R\u00edos","isPartOf":{"@id":"https:\/\/dev.explora.cl\/rios\/#website"},"primaryImageOfPage":{"@id":"https:\/\/dev.explora.cl\/rios\/par-los-rios-visita-a-simil-de-la-araucania\/#primaryimage"},"image":{"@id":"https:\/\/dev.explora.cl\/rios\/par-los-rios-visita-a-simil-de-la-araucania\/#primaryimage"},"thumbnailUrl":"https:\/\/dev.explora.cl\/rios\/wp-content\/uploads\/sites\/16\/2018\/06\/df8bdc0787eb68c35292ff74fa60466b.jpg","datePublished":"2014-07-04T04:00:00+00:00","dateModified":"2019-05-20T19:32:29+00:00","author":{"@id":"https:\/\/dev.explora.cl\/rios\/#\/schema\/person\/cb8349c13ea2d324080adf8480d7ba5d"},"breadcrumb":{"@id":"https:\/\/dev.explora.cl\/rios\/par-los-rios-visita-a-simil-de-la-araucania\/#breadcrumb"},"inLanguage":"es-CL","potentialAction":[{"@type":"ReadAction","target":["https:\/\/dev.explora.cl\/rios\/par-los-rios-visita-a-simil-de-la-araucania\/"]}]},{"@type":"ImageObject","inLanguage":"es-CL","@id":"https:\/\/dev.explora.cl\/rios\/par-los-rios-visita-a-simil-de-la-araucania\/#primaryimage","url":"https:\/\/dev.explora.cl\/rios\/wp-content\/uploads\/sites\/16\/2018\/06\/df8bdc0787eb68c35292ff74fa60466b.jpg","contentUrl":"https:\/\/dev.explora.cl\/rios\/wp-content\/uploads\/sites\/16\/2018\/06\/df8bdc0787eb68c35292ff74fa60466b.jpg","width":598,"height":336},{"@type":"BreadcrumbList","@id":"https:\/\/dev.explora.cl\/rios\/par-los-rios-visita-a-simil-de-la-araucania\/#breadcrumb","itemListElement":[{"@type":"ListItem","position":1,"name":"Portada","item":"https:\/\/dev.explora.cl\/rios\/"},{"@type":"ListItem","position":2,"name":"PAR Los R\u00edos visita a s\u00edmil de La Araucan\u00eda"}]},{"@type":"WebSite","@id":"https:\/\/dev.explora.cl\/rios\/#website","url":"https:\/\/dev.explora.cl\/rios\/","name":"Los R\u00edos","description":"Otro sitio m\u00e1s de dev.explora.cl","potentialAction":[{"@type":"SearchAction","target":{"@type":"EntryPoint","urlTemplate":"https:\/\/dev.explora.cl\/rios\/?s={search_term_string}"},"query-input":{"@type":"PropertyValueSpecification","valueRequired":true,"valueName":"search_term_string"}}],"inLanguage":"es-CL"},{"@type":"Person","@id":"https:\/\/dev.explora.cl\/rios\/#\/schema\/person\/cb8349c13ea2d324080adf8480d7ba5d","name":"webman","image":{"@type":"ImageObject","inLanguage":"es-CL","@id":"https:\/\/dev.explora.cl\/rios\/#\/schema\/person\/image\/","url":"https:\/\/secure.gravatar.com\/avatar\/eeff3c82f2c02f7177d13663b7e6f890e9a6a0647ce9bb29cae02dcb094c7312?s=96&d=mm&r=g","contentUrl":"https:\/\/secure.gravatar.com\/avatar\/eeff3c82f2c02f7177d13663b7e6f890e9a6a0647ce9bb29cae02dcb094c7312?s=96&d=mm&r=g","caption":"webman"},"url":"https:\/\/dev.explora.cl\/rios\/author\/webman\/"}]}},"_links":{"self":[{"href":"https:\/\/dev.explora.cl\/rios\/wp-json\/wp\/v2\/posts\/124","targetHints":{"allow":["GET"]}}],"collection":[{"href":"https:\/\/dev.explora.cl\/rios\/wp-json\/wp\/v2\/posts"}],"about":[{"href":"https:\/\/dev.explora.cl\/rios\/wp-json\/wp\/v2\/types\/post"}],"author":[{"embeddable":true,"href":"https:\/\/dev.explora.cl\/rios\/wp-json\/wp\/v2\/users\/2"}],"replies":[{"embeddable":true,"href":"https:\/\/dev.explora.cl\/rios\/wp-json\/wp\/v2\/comments?post=124"}],"version-history":[{"count":1,"href":"https:\/\/dev.explora.cl\/rios\/wp-json\/wp\/v2\/posts\/124\/revisions"}],"predecessor-version":[{"id":38059,"href":"https:\/\/dev.explora.cl\/rios\/wp-json\/wp\/v2\/posts\/124\/revisions\/38059"}],"wp:featuredmedia":[{"embeddable":true,"href":"https:\/\/dev.explora.cl\/rios\/wp-json\/wp\/v2\/media\/125"}],"wp:attachment":[{"href":"https:\/\/dev.explora.cl\/rios\/wp-json\/wp\/v2\/media?parent=124"}],"wp:term":[{"taxonomy":"category","embeddable":true,"href":"https:\/\/dev.explora.cl\/rios\/wp-json\/wp\/v2\/categories?post=124"},{"taxonomy":"post_tag","embeddable":true,"href":"https:\/\/dev.explora.cl\/rios\/wp-json\/wp\/v2\/tags?post=124"}],"curies":[{"name":"wp","href":"https:\/\/api.w.org\/{rel}","templated":true}]}}