{"id":119,"date":"2014-07-01T00:00:00","date_gmt":"2014-07-01T04:00:00","guid":{"rendered":"https:\/\/dev.explora.cl\/rios\/blog\/2014\/07\/01\/presentan-exploratorio-microscopico-en-valdivia\/"},"modified":"2019-05-20T19:32:30","modified_gmt":"2019-05-20T19:32:30","slug":"presentan-exploratorio-microscopico-en-valdivia","status":"publish","type":"post","link":"https:\/\/dev.explora.cl\/rios\/presentan-exploratorio-microscopico-en-valdivia\/","title":{"rendered":"Presentan \u201cEXPLORAtorio Microsc\u00f3pico\u201d en Valdivia"},"content":{"rendered":"<p><img loading=\"lazy\" decoding=\"async\" class=\" size-full wp-image-3608\" src=\"http:\/\/ec2-34-218-253-251.us-west-2.compute.amazonaws.com\/wp-content\/uploads\/2014\/07\/d0dee64853976ef255dfca075907f666.jpg\" alt=\"\" width=\"450\" height=\"326\" \/><\/p>\n<p dir=\"ltr\">Este domingo 6 de julio, a partir de las 10 de la ma\u00f1ana, se abre al p\u00fablico valdiviano la muestra cient\u00edfica itinerante \u201cEXPLORAtorio Microsc\u00f3pico\u201d.\u00a0<span style=\"line-height: 1.3em\">Se trata de 100 piezas que fueron donadas por investigadores de la Universidad Austral de Chile y estar\u00e1n divididas en 6 estaciones de observaci\u00f3n: Vida cotidiana, m\u00e1s all\u00e1 de nuestros ojos; Vida vegetal, la belleza oculta de plantas y algas; Insectos, observando sus curiosos dise\u00f1os; Microorganismos, los secretos de los peque\u00f1os seres vivos; \u00d3rganos, conociendo nuestro cuerpo y el de otros animales y Mundo submarino.<\/span><\/p>\n<p dir=\"ltr\">\u201cLa idea naci\u00f3 luego de ver las maravillas del espacio a trav\u00e9s de observatorios en telescopios del norte de Chile, como lamentablemente en nuestra regi\u00f3n no tenemos esa posibilidad, entonces quisimos volcarnos al otro mundo que tambi\u00e9n podemos observar todos los d\u00edas del a\u00f1o como son estos tesoros microsc\u00f3picos captados por este microexploratorio\u201d, explica Valeria Ochoa, Coordinadora de Planificaci\u00f3n y Ejecuci\u00f3n, del Proyecto EXPLORA CONICYT Regi\u00f3n de Los R\u00edos.<img loading=\"lazy\" decoding=\"async\" class=\" alignright size-full wp-image-3609\" src=\"http:\/\/ec2-34-218-253-251.us-west-2.compute.amazonaws.com\/wp-content\/uploads\/2014\/07\/nuevo-exploratorio-microscopico.jpg\" border=\"0\" alt=\"\" align=\"right\" width=\"520\" height=\"284\" \/><\/p>\n<p dir=\"ltr\"><span style=\"line-height: 1.3em\"><br \/>Luego de la presentaci\u00f3n en la Feria Sur Mujer, \u00a0la iniciativa cient\u00edfica se trasladar\u00e1 de forma itinerante en distintos establecimientos educacionales y lugares p\u00fablicos de la regi\u00f3n; comenzando por el Liceo Camilo Henr\u00edquez de Lanco donde se realizar\u00e1 la \u201c2da Feria Escolar de Ciencia y Tecnolog\u00eda provincia de Valdivia\u201d.<\/span><\/p>\n<p dir=\"ltr\"><span style=\"line-height: 1.3em\">\u00a0<\/span><\/p>\n<div>\u00a0<\/div>\n<p>\u00a0<\/p>\n","protected":false},"excerpt":{"rendered":"<p>Este domingo 6 de julio, a partir de las 10 de la ma\u00f1ana, se abre al p\u00fablico valdiviano la muestra cient\u00edfica itinerante \u201cEXPLORAtorio Microsc\u00f3pico\u201d.\u00a0Se trata de 100 piezas que fueron donadas por investigadores de la Universidad Austral de Chile y estar\u00e1n divididas en 6 estaciones de observaci\u00f3n: Vida cotidiana, m\u00e1s all\u00e1 de nuestros ojos; Vida [&hellip;]<\/p>\n","protected":false},"author":2,"featured_media":120,"comment_status":"open","ping_status":"open","sticky":false,"template":"","format":"standard","meta":{"_acf_changed":false,"_exactmetrics_skip_tracking":false,"_exactmetrics_sitenote_active":false,"_exactmetrics_sitenote_note":"","_exactmetrics_sitenote_category":0,"footnotes":"","_links_to":"","_links_to_target":""},"categories":[4],"tags":[],"class_list":["post-119","post","type-post","status-publish","format-standard","has-post-thumbnail","hentry","category-noticias"],"acf":[],"yoast_head":"<!-- This site is optimized with the Yoast SEO plugin v26.7 - https:\/\/yoast.com\/wordpress\/plugins\/seo\/ -->\n<title>Presentan \u201cEXPLORAtorio Microsc\u00f3pico\u201d en Valdivia - Los R\u00edos<\/title>\n<meta name=\"robots\" content=\"index, follow, max-snippet:-1, max-image-preview:large, max-video-preview:-1\" \/>\n<link rel=\"canonical\" href=\"https:\/\/dev.explora.cl\/rios\/presentan-exploratorio-microscopico-en-valdivia\/\" class=\"yoast-seo-meta-tag\" \/>\n<meta property=\"og:locale\" content=\"es_ES\" class=\"yoast-seo-meta-tag\" \/>\n<meta property=\"og:type\" content=\"article\" class=\"yoast-seo-meta-tag\" \/>\n<meta property=\"og:title\" content=\"Presentan \u201cEXPLORAtorio Microsc\u00f3pico\u201d en Valdivia - Los R\u00edos\" class=\"yoast-seo-meta-tag\" \/>\n<meta property=\"og:description\" content=\"Este domingo 6 de julio, a partir de las 10 de la ma\u00f1ana, se abre al p\u00fablico valdiviano la muestra cient\u00edfica itinerante \u201cEXPLORAtorio Microsc\u00f3pico\u201d.\u00a0Se trata de 100 piezas que fueron donadas por investigadores de la Universidad Austral de Chile y estar\u00e1n divididas en 6 estaciones de observaci\u00f3n: Vida cotidiana, m\u00e1s all\u00e1 de nuestros ojos; Vida [&hellip;]\" class=\"yoast-seo-meta-tag\" \/>\n<meta property=\"og:url\" content=\"https:\/\/dev.explora.cl\/rios\/presentan-exploratorio-microscopico-en-valdivia\/\" class=\"yoast-seo-meta-tag\" \/>\n<meta property=\"og:site_name\" content=\"Los R\u00edos\" class=\"yoast-seo-meta-tag\" \/>\n<meta property=\"article:published_time\" content=\"2014-07-01T04:00:00+00:00\" class=\"yoast-seo-meta-tag\" \/>\n<meta property=\"article:modified_time\" content=\"2019-05-20T19:32:30+00:00\" class=\"yoast-seo-meta-tag\" \/>\n<meta property=\"og:image\" content=\"https:\/\/dev.explora.cl\/rios\/wp-content\/uploads\/sites\/16\/2018\/06\/d0dee64853976ef255dfca075907f666.jpg\" class=\"yoast-seo-meta-tag\" \/>\n\t<meta property=\"og:image:width\" content=\"450\" class=\"yoast-seo-meta-tag\" \/>\n\t<meta property=\"og:image:height\" content=\"326\" class=\"yoast-seo-meta-tag\" \/>\n\t<meta property=\"og:image:type\" content=\"image\/jpeg\" class=\"yoast-seo-meta-tag\" \/>\n<meta name=\"author\" content=\"webman\" class=\"yoast-seo-meta-tag\" \/>\n<meta name=\"twitter:card\" content=\"summary_large_image\" class=\"yoast-seo-meta-tag\" \/>\n<meta name=\"twitter:label1\" content=\"Escrito por\" class=\"yoast-seo-meta-tag\" \/>\n\t<meta name=\"twitter:data1\" content=\"webman\" class=\"yoast-seo-meta-tag\" \/>\n\t<meta name=\"twitter:label2\" content=\"Tiempo estimado de lectura\" class=\"yoast-seo-meta-tag\" \/>\n\t<meta name=\"twitter:data2\" content=\"1 minuto\" class=\"yoast-seo-meta-tag\" \/>\n<script type=\"application\/ld+json\" class=\"yoast-schema-graph\">{\"@context\":\"https:\/\/schema.org\",\"@graph\":[{\"@type\":\"Article\",\"@id\":\"https:\/\/dev.explora.cl\/rios\/presentan-exploratorio-microscopico-en-valdivia\/#article\",\"isPartOf\":{\"@id\":\"https:\/\/dev.explora.cl\/rios\/presentan-exploratorio-microscopico-en-valdivia\/\"},\"author\":{\"name\":\"webman\",\"@id\":\"https:\/\/dev.explora.cl\/rios\/#\/schema\/person\/cb8349c13ea2d324080adf8480d7ba5d\"},\"headline\":\"Presentan \u201cEXPLORAtorio Microsc\u00f3pico\u201d en Valdivia\",\"datePublished\":\"2014-07-01T04:00:00+00:00\",\"dateModified\":\"2019-05-20T19:32:30+00:00\",\"mainEntityOfPage\":{\"@id\":\"https:\/\/dev.explora.cl\/rios\/presentan-exploratorio-microscopico-en-valdivia\/\"},\"wordCount\":234,\"commentCount\":0,\"image\":{\"@id\":\"https:\/\/dev.explora.cl\/rios\/presentan-exploratorio-microscopico-en-valdivia\/#primaryimage\"},\"thumbnailUrl\":\"https:\/\/dev.explora.cl\/rios\/wp-content\/uploads\/sites\/16\/2018\/06\/d0dee64853976ef255dfca075907f666.jpg\",\"articleSection\":[\"Noticias\"],\"inLanguage\":\"es-CL\",\"potentialAction\":[{\"@type\":\"CommentAction\",\"name\":\"Comment\",\"target\":[\"https:\/\/dev.explora.cl\/rios\/presentan-exploratorio-microscopico-en-valdivia\/#respond\"]}]},{\"@type\":\"WebPage\",\"@id\":\"https:\/\/dev.explora.cl\/rios\/presentan-exploratorio-microscopico-en-valdivia\/\",\"url\":\"https:\/\/dev.explora.cl\/rios\/presentan-exploratorio-microscopico-en-valdivia\/\",\"name\":\"Presentan \u201cEXPLORAtorio Microsc\u00f3pico\u201d en Valdivia - Los R\u00edos\",\"isPartOf\":{\"@id\":\"https:\/\/dev.explora.cl\/rios\/#website\"},\"primaryImageOfPage\":{\"@id\":\"https:\/\/dev.explora.cl\/rios\/presentan-exploratorio-microscopico-en-valdivia\/#primaryimage\"},\"image\":{\"@id\":\"https:\/\/dev.explora.cl\/rios\/presentan-exploratorio-microscopico-en-valdivia\/#primaryimage\"},\"thumbnailUrl\":\"https:\/\/dev.explora.cl\/rios\/wp-content\/uploads\/sites\/16\/2018\/06\/d0dee64853976ef255dfca075907f666.jpg\",\"datePublished\":\"2014-07-01T04:00:00+00:00\",\"dateModified\":\"2019-05-20T19:32:30+00:00\",\"author\":{\"@id\":\"https:\/\/dev.explora.cl\/rios\/#\/schema\/person\/cb8349c13ea2d324080adf8480d7ba5d\"},\"breadcrumb\":{\"@id\":\"https:\/\/dev.explora.cl\/rios\/presentan-exploratorio-microscopico-en-valdivia\/#breadcrumb\"},\"inLanguage\":\"es-CL\",\"potentialAction\":[{\"@type\":\"ReadAction\",\"target\":[\"https:\/\/dev.explora.cl\/rios\/presentan-exploratorio-microscopico-en-valdivia\/\"]}]},{\"@type\":\"ImageObject\",\"inLanguage\":\"es-CL\",\"@id\":\"https:\/\/dev.explora.cl\/rios\/presentan-exploratorio-microscopico-en-valdivia\/#primaryimage\",\"url\":\"https:\/\/dev.explora.cl\/rios\/wp-content\/uploads\/sites\/16\/2018\/06\/d0dee64853976ef255dfca075907f666.jpg\",\"contentUrl\":\"https:\/\/dev.explora.cl\/rios\/wp-content\/uploads\/sites\/16\/2018\/06\/d0dee64853976ef255dfca075907f666.jpg\",\"width\":450,\"height\":326},{\"@type\":\"BreadcrumbList\",\"@id\":\"https:\/\/dev.explora.cl\/rios\/presentan-exploratorio-microscopico-en-valdivia\/#breadcrumb\",\"itemListElement\":[{\"@type\":\"ListItem\",\"position\":1,\"name\":\"Portada\",\"item\":\"https:\/\/dev.explora.cl\/rios\/\"},{\"@type\":\"ListItem\",\"position\":2,\"name\":\"Presentan \u201cEXPLORAtorio Microsc\u00f3pico\u201d en Valdivia\"}]},{\"@type\":\"WebSite\",\"@id\":\"https:\/\/dev.explora.cl\/rios\/#website\",\"url\":\"https:\/\/dev.explora.cl\/rios\/\",\"name\":\"Los R\u00edos\",\"description\":\"Otro sitio m\u00e1s de dev.explora.cl\",\"potentialAction\":[{\"@type\":\"SearchAction\",\"target\":{\"@type\":\"EntryPoint\",\"urlTemplate\":\"https:\/\/dev.explora.cl\/rios\/?s={search_term_string}\"},\"query-input\":{\"@type\":\"PropertyValueSpecification\",\"valueRequired\":true,\"valueName\":\"search_term_string\"}}],\"inLanguage\":\"es-CL\"},{\"@type\":\"Person\",\"@id\":\"https:\/\/dev.explora.cl\/rios\/#\/schema\/person\/cb8349c13ea2d324080adf8480d7ba5d\",\"name\":\"webman\",\"image\":{\"@type\":\"ImageObject\",\"inLanguage\":\"es-CL\",\"@id\":\"https:\/\/dev.explora.cl\/rios\/#\/schema\/person\/image\/\",\"url\":\"https:\/\/secure.gravatar.com\/avatar\/eeff3c82f2c02f7177d13663b7e6f890e9a6a0647ce9bb29cae02dcb094c7312?s=96&d=mm&r=g\",\"contentUrl\":\"https:\/\/secure.gravatar.com\/avatar\/eeff3c82f2c02f7177d13663b7e6f890e9a6a0647ce9bb29cae02dcb094c7312?s=96&d=mm&r=g\",\"caption\":\"webman\"},\"url\":\"https:\/\/dev.explora.cl\/rios\/author\/webman\/\"}]}<\/script>\n<!-- \/ Yoast SEO plugin. -->","yoast_head_json":{"title":"Presentan \u201cEXPLORAtorio Microsc\u00f3pico\u201d en Valdivia - Los R\u00edos","robots":{"index":"index","follow":"follow","max-snippet":"max-snippet:-1","max-image-preview":"max-image-preview:large","max-video-preview":"max-video-preview:-1"},"canonical":"https:\/\/dev.explora.cl\/rios\/presentan-exploratorio-microscopico-en-valdivia\/","og_locale":"es_ES","og_type":"article","og_title":"Presentan \u201cEXPLORAtorio Microsc\u00f3pico\u201d en Valdivia - Los R\u00edos","og_description":"Este domingo 6 de julio, a partir de las 10 de la ma\u00f1ana, se abre al p\u00fablico valdiviano la muestra cient\u00edfica itinerante \u201cEXPLORAtorio Microsc\u00f3pico\u201d.\u00a0Se trata de 100 piezas que fueron donadas por investigadores de la Universidad Austral de Chile y estar\u00e1n divididas en 6 estaciones de observaci\u00f3n: Vida cotidiana, m\u00e1s all\u00e1 de nuestros ojos; Vida [&hellip;]","og_url":"https:\/\/dev.explora.cl\/rios\/presentan-exploratorio-microscopico-en-valdivia\/","og_site_name":"Los R\u00edos","article_published_time":"2014-07-01T04:00:00+00:00","article_modified_time":"2019-05-20T19:32:30+00:00","og_image":[{"width":450,"height":326,"url":"https:\/\/dev.explora.cl\/rios\/wp-content\/uploads\/sites\/16\/2018\/06\/d0dee64853976ef255dfca075907f666.jpg","type":"image\/jpeg"}],"author":"webman","twitter_card":"summary_large_image","twitter_misc":{"Escrito por":"webman","Tiempo estimado de lectura":"1 minuto"},"schema":{"@context":"https:\/\/schema.org","@graph":[{"@type":"Article","@id":"https:\/\/dev.explora.cl\/rios\/presentan-exploratorio-microscopico-en-valdivia\/#article","isPartOf":{"@id":"https:\/\/dev.explora.cl\/rios\/presentan-exploratorio-microscopico-en-valdivia\/"},"author":{"name":"webman","@id":"https:\/\/dev.explora.cl\/rios\/#\/schema\/person\/cb8349c13ea2d324080adf8480d7ba5d"},"headline":"Presentan \u201cEXPLORAtorio Microsc\u00f3pico\u201d en Valdivia","datePublished":"2014-07-01T04:00:00+00:00","dateModified":"2019-05-20T19:32:30+00:00","mainEntityOfPage":{"@id":"https:\/\/dev.explora.cl\/rios\/presentan-exploratorio-microscopico-en-valdivia\/"},"wordCount":234,"commentCount":0,"image":{"@id":"https:\/\/dev.explora.cl\/rios\/presentan-exploratorio-microscopico-en-valdivia\/#primaryimage"},"thumbnailUrl":"https:\/\/dev.explora.cl\/rios\/wp-content\/uploads\/sites\/16\/2018\/06\/d0dee64853976ef255dfca075907f666.jpg","articleSection":["Noticias"],"inLanguage":"es-CL","potentialAction":[{"@type":"CommentAction","name":"Comment","target":["https:\/\/dev.explora.cl\/rios\/presentan-exploratorio-microscopico-en-valdivia\/#respond"]}]},{"@type":"WebPage","@id":"https:\/\/dev.explora.cl\/rios\/presentan-exploratorio-microscopico-en-valdivia\/","url":"https:\/\/dev.explora.cl\/rios\/presentan-exploratorio-microscopico-en-valdivia\/","name":"Presentan \u201cEXPLORAtorio Microsc\u00f3pico\u201d en Valdivia - Los R\u00edos","isPartOf":{"@id":"https:\/\/dev.explora.cl\/rios\/#website"},"primaryImageOfPage":{"@id":"https:\/\/dev.explora.cl\/rios\/presentan-exploratorio-microscopico-en-valdivia\/#primaryimage"},"image":{"@id":"https:\/\/dev.explora.cl\/rios\/presentan-exploratorio-microscopico-en-valdivia\/#primaryimage"},"thumbnailUrl":"https:\/\/dev.explora.cl\/rios\/wp-content\/uploads\/sites\/16\/2018\/06\/d0dee64853976ef255dfca075907f666.jpg","datePublished":"2014-07-01T04:00:00+00:00","dateModified":"2019-05-20T19:32:30+00:00","author":{"@id":"https:\/\/dev.explora.cl\/rios\/#\/schema\/person\/cb8349c13ea2d324080adf8480d7ba5d"},"breadcrumb":{"@id":"https:\/\/dev.explora.cl\/rios\/presentan-exploratorio-microscopico-en-valdivia\/#breadcrumb"},"inLanguage":"es-CL","potentialAction":[{"@type":"ReadAction","target":["https:\/\/dev.explora.cl\/rios\/presentan-exploratorio-microscopico-en-valdivia\/"]}]},{"@type":"ImageObject","inLanguage":"es-CL","@id":"https:\/\/dev.explora.cl\/rios\/presentan-exploratorio-microscopico-en-valdivia\/#primaryimage","url":"https:\/\/dev.explora.cl\/rios\/wp-content\/uploads\/sites\/16\/2018\/06\/d0dee64853976ef255dfca075907f666.jpg","contentUrl":"https:\/\/dev.explora.cl\/rios\/wp-content\/uploads\/sites\/16\/2018\/06\/d0dee64853976ef255dfca075907f666.jpg","width":450,"height":326},{"@type":"BreadcrumbList","@id":"https:\/\/dev.explora.cl\/rios\/presentan-exploratorio-microscopico-en-valdivia\/#breadcrumb","itemListElement":[{"@type":"ListItem","position":1,"name":"Portada","item":"https:\/\/dev.explora.cl\/rios\/"},{"@type":"ListItem","position":2,"name":"Presentan \u201cEXPLORAtorio Microsc\u00f3pico\u201d en Valdivia"}]},{"@type":"WebSite","@id":"https:\/\/dev.explora.cl\/rios\/#website","url":"https:\/\/dev.explora.cl\/rios\/","name":"Los R\u00edos","description":"Otro sitio m\u00e1s de dev.explora.cl","potentialAction":[{"@type":"SearchAction","target":{"@type":"EntryPoint","urlTemplate":"https:\/\/dev.explora.cl\/rios\/?s={search_term_string}"},"query-input":{"@type":"PropertyValueSpecification","valueRequired":true,"valueName":"search_term_string"}}],"inLanguage":"es-CL"},{"@type":"Person","@id":"https:\/\/dev.explora.cl\/rios\/#\/schema\/person\/cb8349c13ea2d324080adf8480d7ba5d","name":"webman","image":{"@type":"ImageObject","inLanguage":"es-CL","@id":"https:\/\/dev.explora.cl\/rios\/#\/schema\/person\/image\/","url":"https:\/\/secure.gravatar.com\/avatar\/eeff3c82f2c02f7177d13663b7e6f890e9a6a0647ce9bb29cae02dcb094c7312?s=96&d=mm&r=g","contentUrl":"https:\/\/secure.gravatar.com\/avatar\/eeff3c82f2c02f7177d13663b7e6f890e9a6a0647ce9bb29cae02dcb094c7312?s=96&d=mm&r=g","caption":"webman"},"url":"https:\/\/dev.explora.cl\/rios\/author\/webman\/"}]}},"_links":{"self":[{"href":"https:\/\/dev.explora.cl\/rios\/wp-json\/wp\/v2\/posts\/119","targetHints":{"allow":["GET"]}}],"collection":[{"href":"https:\/\/dev.explora.cl\/rios\/wp-json\/wp\/v2\/posts"}],"about":[{"href":"https:\/\/dev.explora.cl\/rios\/wp-json\/wp\/v2\/types\/post"}],"author":[{"embeddable":true,"href":"https:\/\/dev.explora.cl\/rios\/wp-json\/wp\/v2\/users\/2"}],"replies":[{"embeddable":true,"href":"https:\/\/dev.explora.cl\/rios\/wp-json\/wp\/v2\/comments?post=119"}],"version-history":[{"count":1,"href":"https:\/\/dev.explora.cl\/rios\/wp-json\/wp\/v2\/posts\/119\/revisions"}],"predecessor-version":[{"id":38060,"href":"https:\/\/dev.explora.cl\/rios\/wp-json\/wp\/v2\/posts\/119\/revisions\/38060"}],"wp:featuredmedia":[{"embeddable":true,"href":"https:\/\/dev.explora.cl\/rios\/wp-json\/wp\/v2\/media\/120"}],"wp:attachment":[{"href":"https:\/\/dev.explora.cl\/rios\/wp-json\/wp\/v2\/media?parent=119"}],"wp:term":[{"taxonomy":"category","embeddable":true,"href":"https:\/\/dev.explora.cl\/rios\/wp-json\/wp\/v2\/categories?post=119"},{"taxonomy":"post_tag","embeddable":true,"href":"https:\/\/dev.explora.cl\/rios\/wp-json\/wp\/v2\/tags?post=119"}],"curies":[{"name":"wp","href":"https:\/\/api.w.org\/{rel}","templated":true}]}}