{"id":111,"date":"2014-06-23T00:00:00","date_gmt":"2014-06-23T04:00:00","guid":{"rendered":"https:\/\/dev.explora.cl\/rios\/blog\/2014\/06\/23\/explora-registra-trabajo-de-estudiantes-en-el-arboretum-de-la-uach\/"},"modified":"2019-05-20T19:32:32","modified_gmt":"2019-05-20T19:32:32","slug":"explora-registra-trabajo-de-estudiantes-en-el-arboretum-de-la-uach","status":"publish","type":"post","link":"https:\/\/dev.explora.cl\/rios\/explora-registra-trabajo-de-estudiantes-en-el-arboretum-de-la-uach\/","title":{"rendered":"EXPLORA registra trabajo de estudiantes  en el Arboretum de la UACh"},"content":{"rendered":"<p><img loading=\"lazy\" decoding=\"async\" class=\" size-full wp-image-3354\" src=\"http:\/\/ec2-34-218-253-251.us-west-2.compute.amazonaws.com\/wp-content\/uploads\/2014\/06\/491a4a0327b47b32bd3778bab121ebe0.jpg\" alt=\"\" width=\"377\" height=\"281\" \/><\/p>\n<div>Los estudiantes de 3\u00b0 a\u00f1o de ense\u00f1anza media del Colegio Cardenal Ra\u00fal Silva Henr\u00edquez, de R\u00edo\u00a0<span style=\"line-height: 1.3em\">Bueno, Joaqu\u00edn Millar y Diego Ulloa explicaron frente a la c\u00e1mara del Proyecto EXPLORA CONICYT Regi\u00f3n de Los R\u00edos el trabajo cient\u00edfico q<\/span><span style=\"line-height: 1.3em\">ue han estado realizando en el Laboratorio de Ecofisiolog\u00eda para la Conservaci\u00f3n de Bosques\u00a0<\/span><span style=\"line-height: 1.3em\">(LECOB), desde abril de 2014 en el marco del Programa Abramos Nuestros Laboratorios a la\u00a0<\/span><span style=\"line-height: 1.3em\">Investigaci\u00f3n Cient\u00edfica Escolar. La grabaci\u00f3n fue realizada en el Arboretum el viernes 20 de junio\u00a0<\/span><span style=\"line-height: 1.3em\">de 2014.<\/span><\/div>\n<div>\u00a0<\/div>\n<div>El video presentar\u00e1 un resumen de todos los proyectos de la UACh que se encuentran\u00a0<span style=\"line-height: 1.3em\">participando del Programa organizado por el Proyecto EXPLORA CONICYT Regi\u00f3n de Los R\u00edos. \u201c\u00c9ste ser\u00e1 un producto que servir\u00e1 para\u00a0<\/span><span style=\"line-height: 1.3em\">hacer difusi\u00f3n dentro de la Universidad, para que los acad\u00e9micos se sigan motivando a apoyar\u00a0<\/span><span style=\"line-height: 1.3em\">a los estudiantes, tanto de educaci\u00f3n b\u00e1sica como secundaria, y para que sientan que pueden\u00a0<\/span><span style=\"line-height: 1.3em\">tener esta vinculaci\u00f3n con el medio a trav\u00e9s del proyecto Abramos Nuestros Laboratorios. Adem\u00e1s\u00a0<\/span><span style=\"line-height: 1.3em\">ser\u00e1 un registro para ver c\u00f3mo los estudiantes se desempe\u00f1an y comprobar si el programa est\u00e1\u00a0<\/span><span style=\"line-height: 1.3em\">funcionando de la forma que esperamos\u201d, explic\u00f3 Valeria Ochoa, Coordinadora de Planificaci\u00f3n y\u00a0<\/span><span style=\"line-height: 1.3em\">Ejecuci\u00f3n del Proyecto EXPLORA Los R\u00edos.<\/span><\/div>\n<div><span style=\"line-height: 1.3em\">\u00a0<\/span><\/div>\n<div><span style=\"line-height: 1.3em\">Sigue leyendo en <a href=\"http:\/\/noticias.uach.cl\/principal.php?pag=noticia-externo&amp;cod=72045\">Noticias Facultad de Ciencias Forestales UACh<\/a>.<\/span><\/div>\n","protected":false},"excerpt":{"rendered":"<p>Los estudiantes de 3\u00b0 a\u00f1o de ense\u00f1anza media del Colegio Cardenal Ra\u00fal Silva Henr\u00edquez, de R\u00edo\u00a0Bueno, Joaqu\u00edn Millar y Diego Ulloa explicaron frente a la c\u00e1mara del Proyecto EXPLORA CONICYT Regi\u00f3n de Los R\u00edos el trabajo cient\u00edfico que han estado realizando en el Laboratorio de Ecofisiolog\u00eda para la Conservaci\u00f3n de Bosques\u00a0(LECOB), desde abril de 2014 [&hellip;]<\/p>\n","protected":false},"author":2,"featured_media":112,"comment_status":"open","ping_status":"open","sticky":false,"template":"","format":"standard","meta":{"_acf_changed":false,"_exactmetrics_skip_tracking":false,"_exactmetrics_sitenote_active":false,"_exactmetrics_sitenote_note":"","_exactmetrics_sitenote_category":0,"footnotes":"","_links_to":"","_links_to_target":""},"categories":[4],"tags":[],"class_list":["post-111","post","type-post","status-publish","format-standard","has-post-thumbnail","hentry","category-noticias"],"acf":[],"yoast_head":"<!-- This site is optimized with the Yoast SEO plugin v26.7 - https:\/\/yoast.com\/wordpress\/plugins\/seo\/ -->\n<title>EXPLORA registra trabajo de estudiantes en el Arboretum de la UACh - Los R\u00edos<\/title>\n<meta name=\"robots\" content=\"index, follow, max-snippet:-1, max-image-preview:large, max-video-preview:-1\" \/>\n<link rel=\"canonical\" href=\"https:\/\/dev.explora.cl\/rios\/explora-registra-trabajo-de-estudiantes-en-el-arboretum-de-la-uach\/\" class=\"yoast-seo-meta-tag\" \/>\n<meta property=\"og:locale\" content=\"es_ES\" class=\"yoast-seo-meta-tag\" \/>\n<meta property=\"og:type\" content=\"article\" class=\"yoast-seo-meta-tag\" \/>\n<meta property=\"og:title\" content=\"EXPLORA registra trabajo de estudiantes en el Arboretum de la UACh - Los R\u00edos\" class=\"yoast-seo-meta-tag\" \/>\n<meta property=\"og:description\" content=\"Los estudiantes de 3\u00b0 a\u00f1o de ense\u00f1anza media del Colegio Cardenal Ra\u00fal Silva Henr\u00edquez, de R\u00edo\u00a0Bueno, Joaqu\u00edn Millar y Diego Ulloa explicaron frente a la c\u00e1mara del Proyecto EXPLORA CONICYT Regi\u00f3n de Los R\u00edos el trabajo cient\u00edfico que han estado realizando en el Laboratorio de Ecofisiolog\u00eda para la Conservaci\u00f3n de Bosques\u00a0(LECOB), desde abril de 2014 [&hellip;]\" class=\"yoast-seo-meta-tag\" \/>\n<meta property=\"og:url\" content=\"https:\/\/dev.explora.cl\/rios\/explora-registra-trabajo-de-estudiantes-en-el-arboretum-de-la-uach\/\" class=\"yoast-seo-meta-tag\" \/>\n<meta property=\"og:site_name\" content=\"Los R\u00edos\" class=\"yoast-seo-meta-tag\" \/>\n<meta property=\"article:published_time\" content=\"2014-06-23T04:00:00+00:00\" class=\"yoast-seo-meta-tag\" \/>\n<meta property=\"article:modified_time\" content=\"2019-05-20T19:32:32+00:00\" class=\"yoast-seo-meta-tag\" \/>\n<meta property=\"og:image\" content=\"https:\/\/dev.explora.cl\/rios\/wp-content\/uploads\/sites\/16\/2018\/06\/491a4a0327b47b32bd3778bab121ebe0.jpg\" class=\"yoast-seo-meta-tag\" \/>\n\t<meta property=\"og:image:width\" content=\"377\" class=\"yoast-seo-meta-tag\" \/>\n\t<meta property=\"og:image:height\" content=\"281\" class=\"yoast-seo-meta-tag\" \/>\n\t<meta property=\"og:image:type\" content=\"image\/jpeg\" class=\"yoast-seo-meta-tag\" \/>\n<meta name=\"author\" content=\"webman\" class=\"yoast-seo-meta-tag\" \/>\n<meta name=\"twitter:card\" content=\"summary_large_image\" class=\"yoast-seo-meta-tag\" \/>\n<meta name=\"twitter:label1\" content=\"Escrito por\" class=\"yoast-seo-meta-tag\" \/>\n\t<meta name=\"twitter:data1\" content=\"webman\" class=\"yoast-seo-meta-tag\" \/>\n\t<meta name=\"twitter:label2\" content=\"Tiempo estimado de lectura\" class=\"yoast-seo-meta-tag\" \/>\n\t<meta name=\"twitter:data2\" content=\"1 minuto\" class=\"yoast-seo-meta-tag\" \/>\n<script type=\"application\/ld+json\" class=\"yoast-schema-graph\">{\"@context\":\"https:\/\/schema.org\",\"@graph\":[{\"@type\":\"Article\",\"@id\":\"https:\/\/dev.explora.cl\/rios\/explora-registra-trabajo-de-estudiantes-en-el-arboretum-de-la-uach\/#article\",\"isPartOf\":{\"@id\":\"https:\/\/dev.explora.cl\/rios\/explora-registra-trabajo-de-estudiantes-en-el-arboretum-de-la-uach\/\"},\"author\":{\"name\":\"webman\",\"@id\":\"https:\/\/dev.explora.cl\/rios\/#\/schema\/person\/cb8349c13ea2d324080adf8480d7ba5d\"},\"headline\":\"EXPLORA registra trabajo de estudiantes en el Arboretum de la UACh\",\"datePublished\":\"2014-06-23T04:00:00+00:00\",\"dateModified\":\"2019-05-20T19:32:32+00:00\",\"mainEntityOfPage\":{\"@id\":\"https:\/\/dev.explora.cl\/rios\/explora-registra-trabajo-de-estudiantes-en-el-arboretum-de-la-uach\/\"},\"wordCount\":244,\"commentCount\":0,\"image\":{\"@id\":\"https:\/\/dev.explora.cl\/rios\/explora-registra-trabajo-de-estudiantes-en-el-arboretum-de-la-uach\/#primaryimage\"},\"thumbnailUrl\":\"https:\/\/dev.explora.cl\/rios\/wp-content\/uploads\/sites\/16\/2018\/06\/491a4a0327b47b32bd3778bab121ebe0.jpg\",\"articleSection\":[\"Noticias\"],\"inLanguage\":\"es-CL\",\"potentialAction\":[{\"@type\":\"CommentAction\",\"name\":\"Comment\",\"target\":[\"https:\/\/dev.explora.cl\/rios\/explora-registra-trabajo-de-estudiantes-en-el-arboretum-de-la-uach\/#respond\"]}]},{\"@type\":\"WebPage\",\"@id\":\"https:\/\/dev.explora.cl\/rios\/explora-registra-trabajo-de-estudiantes-en-el-arboretum-de-la-uach\/\",\"url\":\"https:\/\/dev.explora.cl\/rios\/explora-registra-trabajo-de-estudiantes-en-el-arboretum-de-la-uach\/\",\"name\":\"EXPLORA registra trabajo de estudiantes en el Arboretum de la UACh - Los R\u00edos\",\"isPartOf\":{\"@id\":\"https:\/\/dev.explora.cl\/rios\/#website\"},\"primaryImageOfPage\":{\"@id\":\"https:\/\/dev.explora.cl\/rios\/explora-registra-trabajo-de-estudiantes-en-el-arboretum-de-la-uach\/#primaryimage\"},\"image\":{\"@id\":\"https:\/\/dev.explora.cl\/rios\/explora-registra-trabajo-de-estudiantes-en-el-arboretum-de-la-uach\/#primaryimage\"},\"thumbnailUrl\":\"https:\/\/dev.explora.cl\/rios\/wp-content\/uploads\/sites\/16\/2018\/06\/491a4a0327b47b32bd3778bab121ebe0.jpg\",\"datePublished\":\"2014-06-23T04:00:00+00:00\",\"dateModified\":\"2019-05-20T19:32:32+00:00\",\"author\":{\"@id\":\"https:\/\/dev.explora.cl\/rios\/#\/schema\/person\/cb8349c13ea2d324080adf8480d7ba5d\"},\"breadcrumb\":{\"@id\":\"https:\/\/dev.explora.cl\/rios\/explora-registra-trabajo-de-estudiantes-en-el-arboretum-de-la-uach\/#breadcrumb\"},\"inLanguage\":\"es-CL\",\"potentialAction\":[{\"@type\":\"ReadAction\",\"target\":[\"https:\/\/dev.explora.cl\/rios\/explora-registra-trabajo-de-estudiantes-en-el-arboretum-de-la-uach\/\"]}]},{\"@type\":\"ImageObject\",\"inLanguage\":\"es-CL\",\"@id\":\"https:\/\/dev.explora.cl\/rios\/explora-registra-trabajo-de-estudiantes-en-el-arboretum-de-la-uach\/#primaryimage\",\"url\":\"https:\/\/dev.explora.cl\/rios\/wp-content\/uploads\/sites\/16\/2018\/06\/491a4a0327b47b32bd3778bab121ebe0.jpg\",\"contentUrl\":\"https:\/\/dev.explora.cl\/rios\/wp-content\/uploads\/sites\/16\/2018\/06\/491a4a0327b47b32bd3778bab121ebe0.jpg\",\"width\":377,\"height\":281},{\"@type\":\"BreadcrumbList\",\"@id\":\"https:\/\/dev.explora.cl\/rios\/explora-registra-trabajo-de-estudiantes-en-el-arboretum-de-la-uach\/#breadcrumb\",\"itemListElement\":[{\"@type\":\"ListItem\",\"position\":1,\"name\":\"Portada\",\"item\":\"https:\/\/dev.explora.cl\/rios\/\"},{\"@type\":\"ListItem\",\"position\":2,\"name\":\"EXPLORA registra trabajo de estudiantes en el Arboretum de la UACh\"}]},{\"@type\":\"WebSite\",\"@id\":\"https:\/\/dev.explora.cl\/rios\/#website\",\"url\":\"https:\/\/dev.explora.cl\/rios\/\",\"name\":\"Los R\u00edos\",\"description\":\"Otro sitio m\u00e1s de dev.explora.cl\",\"potentialAction\":[{\"@type\":\"SearchAction\",\"target\":{\"@type\":\"EntryPoint\",\"urlTemplate\":\"https:\/\/dev.explora.cl\/rios\/?s={search_term_string}\"},\"query-input\":{\"@type\":\"PropertyValueSpecification\",\"valueRequired\":true,\"valueName\":\"search_term_string\"}}],\"inLanguage\":\"es-CL\"},{\"@type\":\"Person\",\"@id\":\"https:\/\/dev.explora.cl\/rios\/#\/schema\/person\/cb8349c13ea2d324080adf8480d7ba5d\",\"name\":\"webman\",\"image\":{\"@type\":\"ImageObject\",\"inLanguage\":\"es-CL\",\"@id\":\"https:\/\/dev.explora.cl\/rios\/#\/schema\/person\/image\/\",\"url\":\"https:\/\/secure.gravatar.com\/avatar\/eeff3c82f2c02f7177d13663b7e6f890e9a6a0647ce9bb29cae02dcb094c7312?s=96&d=mm&r=g\",\"contentUrl\":\"https:\/\/secure.gravatar.com\/avatar\/eeff3c82f2c02f7177d13663b7e6f890e9a6a0647ce9bb29cae02dcb094c7312?s=96&d=mm&r=g\",\"caption\":\"webman\"},\"url\":\"https:\/\/dev.explora.cl\/rios\/author\/webman\/\"}]}<\/script>\n<!-- \/ Yoast SEO plugin. -->","yoast_head_json":{"title":"EXPLORA registra trabajo de estudiantes en el Arboretum de la UACh - Los R\u00edos","robots":{"index":"index","follow":"follow","max-snippet":"max-snippet:-1","max-image-preview":"max-image-preview:large","max-video-preview":"max-video-preview:-1"},"canonical":"https:\/\/dev.explora.cl\/rios\/explora-registra-trabajo-de-estudiantes-en-el-arboretum-de-la-uach\/","og_locale":"es_ES","og_type":"article","og_title":"EXPLORA registra trabajo de estudiantes en el Arboretum de la UACh - Los R\u00edos","og_description":"Los estudiantes de 3\u00b0 a\u00f1o de ense\u00f1anza media del Colegio Cardenal Ra\u00fal Silva Henr\u00edquez, de R\u00edo\u00a0Bueno, Joaqu\u00edn Millar y Diego Ulloa explicaron frente a la c\u00e1mara del Proyecto EXPLORA CONICYT Regi\u00f3n de Los R\u00edos el trabajo cient\u00edfico que han estado realizando en el Laboratorio de Ecofisiolog\u00eda para la Conservaci\u00f3n de Bosques\u00a0(LECOB), desde abril de 2014 [&hellip;]","og_url":"https:\/\/dev.explora.cl\/rios\/explora-registra-trabajo-de-estudiantes-en-el-arboretum-de-la-uach\/","og_site_name":"Los R\u00edos","article_published_time":"2014-06-23T04:00:00+00:00","article_modified_time":"2019-05-20T19:32:32+00:00","og_image":[{"width":377,"height":281,"url":"https:\/\/dev.explora.cl\/rios\/wp-content\/uploads\/sites\/16\/2018\/06\/491a4a0327b47b32bd3778bab121ebe0.jpg","type":"image\/jpeg"}],"author":"webman","twitter_card":"summary_large_image","twitter_misc":{"Escrito por":"webman","Tiempo estimado de lectura":"1 minuto"},"schema":{"@context":"https:\/\/schema.org","@graph":[{"@type":"Article","@id":"https:\/\/dev.explora.cl\/rios\/explora-registra-trabajo-de-estudiantes-en-el-arboretum-de-la-uach\/#article","isPartOf":{"@id":"https:\/\/dev.explora.cl\/rios\/explora-registra-trabajo-de-estudiantes-en-el-arboretum-de-la-uach\/"},"author":{"name":"webman","@id":"https:\/\/dev.explora.cl\/rios\/#\/schema\/person\/cb8349c13ea2d324080adf8480d7ba5d"},"headline":"EXPLORA registra trabajo de estudiantes en el Arboretum de la UACh","datePublished":"2014-06-23T04:00:00+00:00","dateModified":"2019-05-20T19:32:32+00:00","mainEntityOfPage":{"@id":"https:\/\/dev.explora.cl\/rios\/explora-registra-trabajo-de-estudiantes-en-el-arboretum-de-la-uach\/"},"wordCount":244,"commentCount":0,"image":{"@id":"https:\/\/dev.explora.cl\/rios\/explora-registra-trabajo-de-estudiantes-en-el-arboretum-de-la-uach\/#primaryimage"},"thumbnailUrl":"https:\/\/dev.explora.cl\/rios\/wp-content\/uploads\/sites\/16\/2018\/06\/491a4a0327b47b32bd3778bab121ebe0.jpg","articleSection":["Noticias"],"inLanguage":"es-CL","potentialAction":[{"@type":"CommentAction","name":"Comment","target":["https:\/\/dev.explora.cl\/rios\/explora-registra-trabajo-de-estudiantes-en-el-arboretum-de-la-uach\/#respond"]}]},{"@type":"WebPage","@id":"https:\/\/dev.explora.cl\/rios\/explora-registra-trabajo-de-estudiantes-en-el-arboretum-de-la-uach\/","url":"https:\/\/dev.explora.cl\/rios\/explora-registra-trabajo-de-estudiantes-en-el-arboretum-de-la-uach\/","name":"EXPLORA registra trabajo de estudiantes en el Arboretum de la UACh - Los R\u00edos","isPartOf":{"@id":"https:\/\/dev.explora.cl\/rios\/#website"},"primaryImageOfPage":{"@id":"https:\/\/dev.explora.cl\/rios\/explora-registra-trabajo-de-estudiantes-en-el-arboretum-de-la-uach\/#primaryimage"},"image":{"@id":"https:\/\/dev.explora.cl\/rios\/explora-registra-trabajo-de-estudiantes-en-el-arboretum-de-la-uach\/#primaryimage"},"thumbnailUrl":"https:\/\/dev.explora.cl\/rios\/wp-content\/uploads\/sites\/16\/2018\/06\/491a4a0327b47b32bd3778bab121ebe0.jpg","datePublished":"2014-06-23T04:00:00+00:00","dateModified":"2019-05-20T19:32:32+00:00","author":{"@id":"https:\/\/dev.explora.cl\/rios\/#\/schema\/person\/cb8349c13ea2d324080adf8480d7ba5d"},"breadcrumb":{"@id":"https:\/\/dev.explora.cl\/rios\/explora-registra-trabajo-de-estudiantes-en-el-arboretum-de-la-uach\/#breadcrumb"},"inLanguage":"es-CL","potentialAction":[{"@type":"ReadAction","target":["https:\/\/dev.explora.cl\/rios\/explora-registra-trabajo-de-estudiantes-en-el-arboretum-de-la-uach\/"]}]},{"@type":"ImageObject","inLanguage":"es-CL","@id":"https:\/\/dev.explora.cl\/rios\/explora-registra-trabajo-de-estudiantes-en-el-arboretum-de-la-uach\/#primaryimage","url":"https:\/\/dev.explora.cl\/rios\/wp-content\/uploads\/sites\/16\/2018\/06\/491a4a0327b47b32bd3778bab121ebe0.jpg","contentUrl":"https:\/\/dev.explora.cl\/rios\/wp-content\/uploads\/sites\/16\/2018\/06\/491a4a0327b47b32bd3778bab121ebe0.jpg","width":377,"height":281},{"@type":"BreadcrumbList","@id":"https:\/\/dev.explora.cl\/rios\/explora-registra-trabajo-de-estudiantes-en-el-arboretum-de-la-uach\/#breadcrumb","itemListElement":[{"@type":"ListItem","position":1,"name":"Portada","item":"https:\/\/dev.explora.cl\/rios\/"},{"@type":"ListItem","position":2,"name":"EXPLORA registra trabajo de estudiantes en el Arboretum de la UACh"}]},{"@type":"WebSite","@id":"https:\/\/dev.explora.cl\/rios\/#website","url":"https:\/\/dev.explora.cl\/rios\/","name":"Los R\u00edos","description":"Otro sitio m\u00e1s de dev.explora.cl","potentialAction":[{"@type":"SearchAction","target":{"@type":"EntryPoint","urlTemplate":"https:\/\/dev.explora.cl\/rios\/?s={search_term_string}"},"query-input":{"@type":"PropertyValueSpecification","valueRequired":true,"valueName":"search_term_string"}}],"inLanguage":"es-CL"},{"@type":"Person","@id":"https:\/\/dev.explora.cl\/rios\/#\/schema\/person\/cb8349c13ea2d324080adf8480d7ba5d","name":"webman","image":{"@type":"ImageObject","inLanguage":"es-CL","@id":"https:\/\/dev.explora.cl\/rios\/#\/schema\/person\/image\/","url":"https:\/\/secure.gravatar.com\/avatar\/eeff3c82f2c02f7177d13663b7e6f890e9a6a0647ce9bb29cae02dcb094c7312?s=96&d=mm&r=g","contentUrl":"https:\/\/secure.gravatar.com\/avatar\/eeff3c82f2c02f7177d13663b7e6f890e9a6a0647ce9bb29cae02dcb094c7312?s=96&d=mm&r=g","caption":"webman"},"url":"https:\/\/dev.explora.cl\/rios\/author\/webman\/"}]}},"_links":{"self":[{"href":"https:\/\/dev.explora.cl\/rios\/wp-json\/wp\/v2\/posts\/111","targetHints":{"allow":["GET"]}}],"collection":[{"href":"https:\/\/dev.explora.cl\/rios\/wp-json\/wp\/v2\/posts"}],"about":[{"href":"https:\/\/dev.explora.cl\/rios\/wp-json\/wp\/v2\/types\/post"}],"author":[{"embeddable":true,"href":"https:\/\/dev.explora.cl\/rios\/wp-json\/wp\/v2\/users\/2"}],"replies":[{"embeddable":true,"href":"https:\/\/dev.explora.cl\/rios\/wp-json\/wp\/v2\/comments?post=111"}],"version-history":[{"count":1,"href":"https:\/\/dev.explora.cl\/rios\/wp-json\/wp\/v2\/posts\/111\/revisions"}],"predecessor-version":[{"id":38064,"href":"https:\/\/dev.explora.cl\/rios\/wp-json\/wp\/v2\/posts\/111\/revisions\/38064"}],"wp:featuredmedia":[{"embeddable":true,"href":"https:\/\/dev.explora.cl\/rios\/wp-json\/wp\/v2\/media\/112"}],"wp:attachment":[{"href":"https:\/\/dev.explora.cl\/rios\/wp-json\/wp\/v2\/media?parent=111"}],"wp:term":[{"taxonomy":"category","embeddable":true,"href":"https:\/\/dev.explora.cl\/rios\/wp-json\/wp\/v2\/categories?post=111"},{"taxonomy":"post_tag","embeddable":true,"href":"https:\/\/dev.explora.cl\/rios\/wp-json\/wp\/v2\/tags?post=111"}],"curies":[{"name":"wp","href":"https:\/\/api.w.org\/{rel}","templated":true}]}}