{"id":39451,"date":"2023-04-17T16:15:41","date_gmt":"2023-04-17T20:15:41","guid":{"rendered":"https:\/\/dev.explora.cl\/ohiggins\/?p=39451"},"modified":"2023-07-17T15:06:22","modified_gmt":"2023-07-17T19:06:22","slug":"par-explora-continua-en-la-region-junto-a-la-universidad-de-ohiggins","status":"publish","type":"post","link":"https:\/\/dev.explora.cl\/ohiggins\/par-explora-continua-en-la-region-junto-a-la-universidad-de-ohiggins\/","title":{"rendered":"\u00a1PAR Explora contin\u00faa en la regi\u00f3n junto a la Universidad de O\u2019Higgins!"},"content":{"rendered":"<p>Con una muy buena calificaci\u00f3n de parte del comit\u00e9 evaluador, la <a href=\"http:\/\/www.uoh.cl\">Universidad de O\u2019Higgins<\/a> (UOH) se adjudic\u00f3 por segundo periodo consecutivo la ejecuci\u00f3n del Proyecto Asociativo Regional <a href=\"https:\/\/dev.explora.cl\/\">(PAR) Explora O\u2019Higgins<\/a> (2023-2024), iniciativa nacional que promueve la socializaci\u00f3n del conocimiento cient\u00edfico a trav\u00e9s del fortalecimiento de competencias CTCI en comunidades educativas.<\/p>\n<p>&nbsp;<\/p>\n<p>As\u00ed se conoci\u00f3 el pasado viernes 14 de abril, cuando la Subsecretar\u00eda de Ciencia, Tecnolog\u00eda, Conocimiento e Innovaci\u00f3n (CTCI), parte del <a href=\"https:\/\/www.minciencia.gob.cl\/\">Ministerio de Ciencia<\/a>; dio a conocer los resultados del concurso en que la Universidad de O\u2019Higgins obtuvo el <strong><em>segundo puntaje m\u00e1s alto a nivel nacional<\/em><\/strong>, siendo la instituci\u00f3n adjudicada en la Regi\u00f3n de O\u2019Higgins con <strong><em>un proyecto de 580 millones de pesos<\/em><\/strong> para el periodo 2023-2024.<\/p>\n<p>&nbsp;<\/p>\n<p>\u201cLa adjudicaci\u00f3n de este proyecto <strong><em>nos permite continuar profundizando y aportando al desarrollo de la regi\u00f3n<\/em><\/strong>, en particular, desde la socializaci\u00f3n del conocimiento cient\u00edfico y la construcci\u00f3n de un ecosistema CTCI, entregando herramientas a la comunidad educativa que permitan el fortalecimiento de competencias. Tambi\u00e9n nos permite seguir trabajando junto a socios que nos han acompa\u00f1ado los \u00faltimos a\u00f1os y otros nuevos que se suman a esta propuesta de trabajo desde la Universidad con una mirada regional\u201d, indic\u00f3 el director de <a href=\"https:\/\/dev.explora.cl\/ohiggins\/\">PAR Explora O\u2019Higgins<\/a> y director del <a href=\"https:\/\/www.uoh.cl\/instituto-de-ciencias-de-la-ingenieria\/\">Instituto de Ciencias de la Ingenier\u00eda<\/a> de la UOH, <a href=\"https:\/\/www.uoh.cl\/investigacion\/academico\/rodrigo-verschae-tannenbaum\/\">Rodrigo Verschae<\/a>.<\/p>\n<p>&nbsp;<\/p>\n<p>Para este nuevo periodo de trabajo, PAR Explora O\u2019Higgins continuar\u00e1 con las actividades comprometidas de PIPE (Programa de Indagaci\u00f3n en Primeras Edades) y Academias de Investigaci\u00f3n e Innovaci\u00f3n Escolar (IIE), adem\u00e1s de otras acciones de divulgaci\u00f3n cient\u00edfica como la Red STEM con enfoque de g\u00e9nero y juegos que permitan desarrollar habilidades en CTCI.<\/p>\n<p>&nbsp;<\/p>\n<p>Cabe destacar el compromiso de vinculaci\u00f3n de la Universidad de O\u2019Higgins en este proyecto, en que sus distintas unidades, y en particular sus investigadoras e investigadores, promueven la divulgaci\u00f3n de sus investigaciones y transfieren su conocimiento a la comunidad regional, impactando positivamente las 33 comunas del territorio.<\/p>\n<p>&nbsp;<\/p>\n<p>Tambi\u00e9n es importante recalcar la importancia de los socios estrat\u00e9gicos de PAR Explora O\u00b4Higgins, pertenecientes a instituciones p\u00fablicas y privadas, como organizaciones gubernamentales, educacionales, centros de investigaci\u00f3n, serem\u00edas, empresas de servicios, fundaciones, sociedades cient\u00edficas, municipalidades, museos, entre otras, quienes hacen posible instalarse en la diversidad territorial y llegar a distintos p\u00fablicos, inclusive aquellos m\u00e1s alejados o con menor conectividad.<\/p>\n<p>&nbsp;<\/p>\n<p><img loading=\"lazy\" decoding=\"async\" class=\"alignnone size-medium wp-image-39454\" src=\"https:\/\/dev.explora.cl\/ohiggins\/wp-content\/uploads\/sites\/8\/2023\/04\/IMG_0687-300x200.jpg\" alt=\"\" width=\"300\" height=\"200\" srcset=\"https:\/\/dev.explora.cl\/ohiggins\/wp-content\/uploads\/sites\/8\/2023\/04\/IMG_0687-300x200.jpg 300w, https:\/\/dev.explora.cl\/ohiggins\/wp-content\/uploads\/sites\/8\/2023\/04\/IMG_0687-768x512.jpg 768w, https:\/\/dev.explora.cl\/ohiggins\/wp-content\/uploads\/sites\/8\/2023\/04\/IMG_0687-1024x683.jpg 1024w\" sizes=\"auto, (max-width: 300px) 100vw, 300px\" \/><\/p>\n<p>&nbsp;<\/p>\n<p><img loading=\"lazy\" decoding=\"async\" class=\"alignnone size-medium wp-image-39455\" src=\"https:\/\/dev.explora.cl\/ohiggins\/wp-content\/uploads\/sites\/8\/2023\/04\/foto-PIPE-3-300x200.jpg\" alt=\"\" width=\"300\" height=\"200\" srcset=\"https:\/\/dev.explora.cl\/ohiggins\/wp-content\/uploads\/sites\/8\/2023\/04\/foto-PIPE-3-300x200.jpg 300w, https:\/\/dev.explora.cl\/ohiggins\/wp-content\/uploads\/sites\/8\/2023\/04\/foto-PIPE-3-768x512.jpg 768w, https:\/\/dev.explora.cl\/ohiggins\/wp-content\/uploads\/sites\/8\/2023\/04\/foto-PIPE-3-1024x683.jpg 1024w, https:\/\/dev.explora.cl\/ohiggins\/wp-content\/uploads\/sites\/8\/2023\/04\/foto-PIPE-3.jpg 2048w\" sizes=\"auto, (max-width: 300px) 100vw, 300px\" \/><\/p>\n","protected":false},"excerpt":{"rendered":"<p>\u2022\tLa UOH se adjudic\u00f3 el Concurso Nacional de Proyectos Asociativos Regionales Explora del Minciencia, por lo que seguir\u00e1 colaborando con la socializaci\u00f3n del conocimiento cient\u00edfico regional durante los a\u00f1os 2023 y 2024.<\/p>\n","protected":false},"author":23,"featured_media":39452,"comment_status":"open","ping_status":"open","sticky":false,"template":"","format":"standard","meta":{"_acf_changed":false,"_exactmetrics_skip_tracking":false,"_exactmetrics_sitenote_active":false,"_exactmetrics_sitenote_note":"","_exactmetrics_sitenote_category":0,"footnotes":"","_links_to":"","_links_to_target":""},"categories":[4],"tags":[],"class_list":["post-39451","post","type-post","status-publish","format-standard","has-post-thumbnail","hentry","category-noticias"],"acf":[],"yoast_head":"<!-- This site is optimized with the Yoast SEO plugin v26.7 - https:\/\/yoast.com\/wordpress\/plugins\/seo\/ -->\n<title>\u00a1PAR Explora contin\u00faa en la regi\u00f3n junto a la Universidad de O\u2019Higgins! - O&#039;Higgins<\/title>\n<meta name=\"robots\" content=\"index, follow, max-snippet:-1, max-image-preview:large, max-video-preview:-1\" \/>\n<link rel=\"canonical\" href=\"https:\/\/dev.explora.cl\/ohiggins\/par-explora-continua-en-la-region-junto-a-la-universidad-de-ohiggins\/\" class=\"yoast-seo-meta-tag\" \/>\n<meta property=\"og:locale\" content=\"es_ES\" class=\"yoast-seo-meta-tag\" \/>\n<meta property=\"og:type\" content=\"article\" class=\"yoast-seo-meta-tag\" \/>\n<meta property=\"og:title\" content=\"\u00a1PAR Explora contin\u00faa en la regi\u00f3n junto a la Universidad de O\u2019Higgins! - O&#039;Higgins\" class=\"yoast-seo-meta-tag\" \/>\n<meta property=\"og:description\" content=\"\u2022 La UOH se adjudic\u00f3 el Concurso Nacional de Proyectos Asociativos Regionales Explora del Minciencia, por lo que seguir\u00e1 colaborando con la socializaci\u00f3n del conocimiento cient\u00edfico regional durante los a\u00f1os 2023 y 2024.\" class=\"yoast-seo-meta-tag\" \/>\n<meta property=\"og:url\" content=\"https:\/\/dev.explora.cl\/ohiggins\/par-explora-continua-en-la-region-junto-a-la-universidad-de-ohiggins\/\" class=\"yoast-seo-meta-tag\" \/>\n<meta property=\"og:site_name\" content=\"O&#039;Higgins\" class=\"yoast-seo-meta-tag\" \/>\n<meta property=\"article:published_time\" content=\"2023-04-17T20:15:41+00:00\" class=\"yoast-seo-meta-tag\" \/>\n<meta property=\"article:modified_time\" content=\"2023-07-17T19:06:22+00:00\" class=\"yoast-seo-meta-tag\" \/>\n<meta property=\"og:image\" content=\"https:\/\/dev.explora.cl\/ohiggins\/wp-content\/uploads\/sites\/8\/2023\/04\/IMG_0134-1024x683.jpg\" class=\"yoast-seo-meta-tag\" \/>\n\t<meta property=\"og:image:width\" content=\"1024\" class=\"yoast-seo-meta-tag\" \/>\n\t<meta property=\"og:image:height\" content=\"683\" class=\"yoast-seo-meta-tag\" \/>\n\t<meta property=\"og:image:type\" content=\"image\/jpeg\" class=\"yoast-seo-meta-tag\" \/>\n<meta name=\"author\" content=\"nsalazar\" class=\"yoast-seo-meta-tag\" \/>\n<meta name=\"twitter:card\" content=\"summary_large_image\" class=\"yoast-seo-meta-tag\" \/>\n<meta name=\"twitter:label1\" content=\"Escrito por\" class=\"yoast-seo-meta-tag\" \/>\n\t<meta name=\"twitter:data1\" content=\"nsalazar\" class=\"yoast-seo-meta-tag\" \/>\n\t<meta name=\"twitter:label2\" content=\"Tiempo estimado de lectura\" class=\"yoast-seo-meta-tag\" \/>\n\t<meta name=\"twitter:data2\" content=\"2 minutos\" class=\"yoast-seo-meta-tag\" \/>\n<script type=\"application\/ld+json\" class=\"yoast-schema-graph\">{\"@context\":\"https:\/\/schema.org\",\"@graph\":[{\"@type\":\"Article\",\"@id\":\"https:\/\/dev.explora.cl\/ohiggins\/par-explora-continua-en-la-region-junto-a-la-universidad-de-ohiggins\/#article\",\"isPartOf\":{\"@id\":\"https:\/\/dev.explora.cl\/ohiggins\/par-explora-continua-en-la-region-junto-a-la-universidad-de-ohiggins\/\"},\"author\":{\"name\":\"nsalazar\",\"@id\":\"https:\/\/dev.explora.cl\/ohiggins\/#\/schema\/person\/3240d62ad2624da9148a475abbc509b0\"},\"headline\":\"\u00a1PAR Explora contin\u00faa en la regi\u00f3n junto a la Universidad de O\u2019Higgins!\",\"datePublished\":\"2023-04-17T20:15:41+00:00\",\"dateModified\":\"2023-07-17T19:06:22+00:00\",\"mainEntityOfPage\":{\"@id\":\"https:\/\/dev.explora.cl\/ohiggins\/par-explora-continua-en-la-region-junto-a-la-universidad-de-ohiggins\/\"},\"wordCount\":437,\"commentCount\":0,\"image\":{\"@id\":\"https:\/\/dev.explora.cl\/ohiggins\/par-explora-continua-en-la-region-junto-a-la-universidad-de-ohiggins\/#primaryimage\"},\"thumbnailUrl\":\"https:\/\/dev.explora.cl\/ohiggins\/wp-content\/uploads\/sites\/8\/2023\/04\/IMG_0134.jpg\",\"articleSection\":[\"Noticias\"],\"inLanguage\":\"es-CL\",\"potentialAction\":[{\"@type\":\"CommentAction\",\"name\":\"Comment\",\"target\":[\"https:\/\/dev.explora.cl\/ohiggins\/par-explora-continua-en-la-region-junto-a-la-universidad-de-ohiggins\/#respond\"]}]},{\"@type\":\"WebPage\",\"@id\":\"https:\/\/dev.explora.cl\/ohiggins\/par-explora-continua-en-la-region-junto-a-la-universidad-de-ohiggins\/\",\"url\":\"https:\/\/dev.explora.cl\/ohiggins\/par-explora-continua-en-la-region-junto-a-la-universidad-de-ohiggins\/\",\"name\":\"\u00a1PAR Explora contin\u00faa en la regi\u00f3n junto a la Universidad de O\u2019Higgins! - O&#039;Higgins\",\"isPartOf\":{\"@id\":\"https:\/\/dev.explora.cl\/ohiggins\/#website\"},\"primaryImageOfPage\":{\"@id\":\"https:\/\/dev.explora.cl\/ohiggins\/par-explora-continua-en-la-region-junto-a-la-universidad-de-ohiggins\/#primaryimage\"},\"image\":{\"@id\":\"https:\/\/dev.explora.cl\/ohiggins\/par-explora-continua-en-la-region-junto-a-la-universidad-de-ohiggins\/#primaryimage\"},\"thumbnailUrl\":\"https:\/\/dev.explora.cl\/ohiggins\/wp-content\/uploads\/sites\/8\/2023\/04\/IMG_0134.jpg\",\"datePublished\":\"2023-04-17T20:15:41+00:00\",\"dateModified\":\"2023-07-17T19:06:22+00:00\",\"author\":{\"@id\":\"https:\/\/dev.explora.cl\/ohiggins\/#\/schema\/person\/3240d62ad2624da9148a475abbc509b0\"},\"breadcrumb\":{\"@id\":\"https:\/\/dev.explora.cl\/ohiggins\/par-explora-continua-en-la-region-junto-a-la-universidad-de-ohiggins\/#breadcrumb\"},\"inLanguage\":\"es-CL\",\"potentialAction\":[{\"@type\":\"ReadAction\",\"target\":[\"https:\/\/dev.explora.cl\/ohiggins\/par-explora-continua-en-la-region-junto-a-la-universidad-de-ohiggins\/\"]}]},{\"@type\":\"ImageObject\",\"inLanguage\":\"es-CL\",\"@id\":\"https:\/\/dev.explora.cl\/ohiggins\/par-explora-continua-en-la-region-junto-a-la-universidad-de-ohiggins\/#primaryimage\",\"url\":\"https:\/\/dev.explora.cl\/ohiggins\/wp-content\/uploads\/sites\/8\/2023\/04\/IMG_0134.jpg\",\"contentUrl\":\"https:\/\/dev.explora.cl\/ohiggins\/wp-content\/uploads\/sites\/8\/2023\/04\/IMG_0134.jpg\",\"width\":3984,\"height\":2656},{\"@type\":\"BreadcrumbList\",\"@id\":\"https:\/\/dev.explora.cl\/ohiggins\/par-explora-continua-en-la-region-junto-a-la-universidad-de-ohiggins\/#breadcrumb\",\"itemListElement\":[{\"@type\":\"ListItem\",\"position\":1,\"name\":\"Portada\",\"item\":\"https:\/\/dev.explora.cl\/ohiggins\/\"},{\"@type\":\"ListItem\",\"position\":2,\"name\":\"\u00a1PAR Explora contin\u00faa en la regi\u00f3n junto a la Universidad de O\u2019Higgins!\"}]},{\"@type\":\"WebSite\",\"@id\":\"https:\/\/dev.explora.cl\/ohiggins\/#website\",\"url\":\"https:\/\/dev.explora.cl\/ohiggins\/\",\"name\":\"O&#039;Higgins\",\"description\":\"Otro sitio m\u00e1s de dev.explora.cl\",\"potentialAction\":[{\"@type\":\"SearchAction\",\"target\":{\"@type\":\"EntryPoint\",\"urlTemplate\":\"https:\/\/dev.explora.cl\/ohiggins\/?s={search_term_string}\"},\"query-input\":{\"@type\":\"PropertyValueSpecification\",\"valueRequired\":true,\"valueName\":\"search_term_string\"}}],\"inLanguage\":\"es-CL\"},{\"@type\":\"Person\",\"@id\":\"https:\/\/dev.explora.cl\/ohiggins\/#\/schema\/person\/3240d62ad2624da9148a475abbc509b0\",\"name\":\"nsalazar\",\"image\":{\"@type\":\"ImageObject\",\"inLanguage\":\"es-CL\",\"@id\":\"https:\/\/dev.explora.cl\/ohiggins\/#\/schema\/person\/image\/\",\"url\":\"https:\/\/secure.gravatar.com\/avatar\/b8cf276f31998a0865a3b90e4d663d91b97848887282c9f9a56cad57ff01cc7e?s=96&d=mm&r=g\",\"contentUrl\":\"https:\/\/secure.gravatar.com\/avatar\/b8cf276f31998a0865a3b90e4d663d91b97848887282c9f9a56cad57ff01cc7e?s=96&d=mm&r=g\",\"caption\":\"nsalazar\"},\"url\":\"https:\/\/dev.explora.cl\/ohiggins\/author\/nsalazar\/\"}]}<\/script>\n<!-- \/ Yoast SEO plugin. -->","yoast_head_json":{"title":"\u00a1PAR Explora contin\u00faa en la regi\u00f3n junto a la Universidad de O\u2019Higgins! - O&#039;Higgins","robots":{"index":"index","follow":"follow","max-snippet":"max-snippet:-1","max-image-preview":"max-image-preview:large","max-video-preview":"max-video-preview:-1"},"canonical":"https:\/\/dev.explora.cl\/ohiggins\/par-explora-continua-en-la-region-junto-a-la-universidad-de-ohiggins\/","og_locale":"es_ES","og_type":"article","og_title":"\u00a1PAR Explora contin\u00faa en la regi\u00f3n junto a la Universidad de O\u2019Higgins! - O&#039;Higgins","og_description":"\u2022 La UOH se adjudic\u00f3 el Concurso Nacional de Proyectos Asociativos Regionales Explora del Minciencia, por lo que seguir\u00e1 colaborando con la socializaci\u00f3n del conocimiento cient\u00edfico regional durante los a\u00f1os 2023 y 2024.","og_url":"https:\/\/dev.explora.cl\/ohiggins\/par-explora-continua-en-la-region-junto-a-la-universidad-de-ohiggins\/","og_site_name":"O&#039;Higgins","article_published_time":"2023-04-17T20:15:41+00:00","article_modified_time":"2023-07-17T19:06:22+00:00","og_image":[{"width":1024,"height":683,"url":"https:\/\/dev.explora.cl\/ohiggins\/wp-content\/uploads\/sites\/8\/2023\/04\/IMG_0134-1024x683.jpg","type":"image\/jpeg"}],"author":"nsalazar","twitter_card":"summary_large_image","twitter_misc":{"Escrito por":"nsalazar","Tiempo estimado de lectura":"2 minutos"},"schema":{"@context":"https:\/\/schema.org","@graph":[{"@type":"Article","@id":"https:\/\/dev.explora.cl\/ohiggins\/par-explora-continua-en-la-region-junto-a-la-universidad-de-ohiggins\/#article","isPartOf":{"@id":"https:\/\/dev.explora.cl\/ohiggins\/par-explora-continua-en-la-region-junto-a-la-universidad-de-ohiggins\/"},"author":{"name":"nsalazar","@id":"https:\/\/dev.explora.cl\/ohiggins\/#\/schema\/person\/3240d62ad2624da9148a475abbc509b0"},"headline":"\u00a1PAR Explora contin\u00faa en la regi\u00f3n junto a la Universidad de O\u2019Higgins!","datePublished":"2023-04-17T20:15:41+00:00","dateModified":"2023-07-17T19:06:22+00:00","mainEntityOfPage":{"@id":"https:\/\/dev.explora.cl\/ohiggins\/par-explora-continua-en-la-region-junto-a-la-universidad-de-ohiggins\/"},"wordCount":437,"commentCount":0,"image":{"@id":"https:\/\/dev.explora.cl\/ohiggins\/par-explora-continua-en-la-region-junto-a-la-universidad-de-ohiggins\/#primaryimage"},"thumbnailUrl":"https:\/\/dev.explora.cl\/ohiggins\/wp-content\/uploads\/sites\/8\/2023\/04\/IMG_0134.jpg","articleSection":["Noticias"],"inLanguage":"es-CL","potentialAction":[{"@type":"CommentAction","name":"Comment","target":["https:\/\/dev.explora.cl\/ohiggins\/par-explora-continua-en-la-region-junto-a-la-universidad-de-ohiggins\/#respond"]}]},{"@type":"WebPage","@id":"https:\/\/dev.explora.cl\/ohiggins\/par-explora-continua-en-la-region-junto-a-la-universidad-de-ohiggins\/","url":"https:\/\/dev.explora.cl\/ohiggins\/par-explora-continua-en-la-region-junto-a-la-universidad-de-ohiggins\/","name":"\u00a1PAR Explora contin\u00faa en la regi\u00f3n junto a la Universidad de O\u2019Higgins! - O&#039;Higgins","isPartOf":{"@id":"https:\/\/dev.explora.cl\/ohiggins\/#website"},"primaryImageOfPage":{"@id":"https:\/\/dev.explora.cl\/ohiggins\/par-explora-continua-en-la-region-junto-a-la-universidad-de-ohiggins\/#primaryimage"},"image":{"@id":"https:\/\/dev.explora.cl\/ohiggins\/par-explora-continua-en-la-region-junto-a-la-universidad-de-ohiggins\/#primaryimage"},"thumbnailUrl":"https:\/\/dev.explora.cl\/ohiggins\/wp-content\/uploads\/sites\/8\/2023\/04\/IMG_0134.jpg","datePublished":"2023-04-17T20:15:41+00:00","dateModified":"2023-07-17T19:06:22+00:00","author":{"@id":"https:\/\/dev.explora.cl\/ohiggins\/#\/schema\/person\/3240d62ad2624da9148a475abbc509b0"},"breadcrumb":{"@id":"https:\/\/dev.explora.cl\/ohiggins\/par-explora-continua-en-la-region-junto-a-la-universidad-de-ohiggins\/#breadcrumb"},"inLanguage":"es-CL","potentialAction":[{"@type":"ReadAction","target":["https:\/\/dev.explora.cl\/ohiggins\/par-explora-continua-en-la-region-junto-a-la-universidad-de-ohiggins\/"]}]},{"@type":"ImageObject","inLanguage":"es-CL","@id":"https:\/\/dev.explora.cl\/ohiggins\/par-explora-continua-en-la-region-junto-a-la-universidad-de-ohiggins\/#primaryimage","url":"https:\/\/dev.explora.cl\/ohiggins\/wp-content\/uploads\/sites\/8\/2023\/04\/IMG_0134.jpg","contentUrl":"https:\/\/dev.explora.cl\/ohiggins\/wp-content\/uploads\/sites\/8\/2023\/04\/IMG_0134.jpg","width":3984,"height":2656},{"@type":"BreadcrumbList","@id":"https:\/\/dev.explora.cl\/ohiggins\/par-explora-continua-en-la-region-junto-a-la-universidad-de-ohiggins\/#breadcrumb","itemListElement":[{"@type":"ListItem","position":1,"name":"Portada","item":"https:\/\/dev.explora.cl\/ohiggins\/"},{"@type":"ListItem","position":2,"name":"\u00a1PAR Explora contin\u00faa en la regi\u00f3n junto a la Universidad de O\u2019Higgins!"}]},{"@type":"WebSite","@id":"https:\/\/dev.explora.cl\/ohiggins\/#website","url":"https:\/\/dev.explora.cl\/ohiggins\/","name":"O&#039;Higgins","description":"Otro sitio m\u00e1s de dev.explora.cl","potentialAction":[{"@type":"SearchAction","target":{"@type":"EntryPoint","urlTemplate":"https:\/\/dev.explora.cl\/ohiggins\/?s={search_term_string}"},"query-input":{"@type":"PropertyValueSpecification","valueRequired":true,"valueName":"search_term_string"}}],"inLanguage":"es-CL"},{"@type":"Person","@id":"https:\/\/dev.explora.cl\/ohiggins\/#\/schema\/person\/3240d62ad2624da9148a475abbc509b0","name":"nsalazar","image":{"@type":"ImageObject","inLanguage":"es-CL","@id":"https:\/\/dev.explora.cl\/ohiggins\/#\/schema\/person\/image\/","url":"https:\/\/secure.gravatar.com\/avatar\/b8cf276f31998a0865a3b90e4d663d91b97848887282c9f9a56cad57ff01cc7e?s=96&d=mm&r=g","contentUrl":"https:\/\/secure.gravatar.com\/avatar\/b8cf276f31998a0865a3b90e4d663d91b97848887282c9f9a56cad57ff01cc7e?s=96&d=mm&r=g","caption":"nsalazar"},"url":"https:\/\/dev.explora.cl\/ohiggins\/author\/nsalazar\/"}]}},"_links":{"self":[{"href":"https:\/\/dev.explora.cl\/ohiggins\/wp-json\/wp\/v2\/posts\/39451","targetHints":{"allow":["GET"]}}],"collection":[{"href":"https:\/\/dev.explora.cl\/ohiggins\/wp-json\/wp\/v2\/posts"}],"about":[{"href":"https:\/\/dev.explora.cl\/ohiggins\/wp-json\/wp\/v2\/types\/post"}],"author":[{"embeddable":true,"href":"https:\/\/dev.explora.cl\/ohiggins\/wp-json\/wp\/v2\/users\/23"}],"replies":[{"embeddable":true,"href":"https:\/\/dev.explora.cl\/ohiggins\/wp-json\/wp\/v2\/comments?post=39451"}],"version-history":[{"count":2,"href":"https:\/\/dev.explora.cl\/ohiggins\/wp-json\/wp\/v2\/posts\/39451\/revisions"}],"predecessor-version":[{"id":39456,"href":"https:\/\/dev.explora.cl\/ohiggins\/wp-json\/wp\/v2\/posts\/39451\/revisions\/39456"}],"wp:featuredmedia":[{"embeddable":true,"href":"https:\/\/dev.explora.cl\/ohiggins\/wp-json\/wp\/v2\/media\/39452"}],"wp:attachment":[{"href":"https:\/\/dev.explora.cl\/ohiggins\/wp-json\/wp\/v2\/media?parent=39451"}],"wp:term":[{"taxonomy":"category","embeddable":true,"href":"https:\/\/dev.explora.cl\/ohiggins\/wp-json\/wp\/v2\/categories?post=39451"},{"taxonomy":"post_tag","embeddable":true,"href":"https:\/\/dev.explora.cl\/ohiggins\/wp-json\/wp\/v2\/tags?post=39451"}],"curies":[{"name":"wp","href":"https:\/\/api.w.org\/{rel}","templated":true}]}}