{"id":39444,"date":"2023-03-22T15:12:16","date_gmt":"2023-03-22T18:12:16","guid":{"rendered":"https:\/\/dev.explora.cl\/ohiggins\/?p=39444"},"modified":"2023-06-28T11:26:50","modified_gmt":"2023-06-28T15:26:50","slug":"dia-de-la-astronomia-en-coya","status":"publish","type":"post","link":"https:\/\/dev.explora.cl\/ohiggins\/dia-de-la-astronomia-en-coya\/","title":{"rendered":"D\u00eda de la Astronom\u00eda en Coya"},"content":{"rendered":"<p>Agradecidos quedaron las y los integrantes de la comunidad educativa del Colegio Bellavista de Coya, ubicado en la precordillera de la comuna de Machal\u00ed, luego de la actividad de difusi\u00f3n cient\u00edfica realizada por PAR Explora O\u00b4Higgins en el marco del D\u00eda de la Astronom\u00eda 2023.<\/p>\n<p>La visita se realiz\u00f3 el d\u00eda martes 21 de marzo, y en ella se present\u00f3 la charla \u201cUn Viaje por el Universo\u201d, dictada por la asesora cient\u00edfica de PAR Explora O\u00b4Higgins, astr\u00f3noma Romina Ahumada, quien relat\u00f3 algunos aspectos de nuestra galaxia a las y los estudiantes de tercero, quinto, sexto, s\u00e9ptimo y octavo b\u00e1sico, m\u00e1s el primero medio.<\/p>\n<p>Posteriormente, las y los alumnos pudieron conocer m\u00e1s de los seis descubrimientos astron\u00f3micos m\u00e1s importantes realizados desde Chile: supernovas, agujeros negros, exoplanetas, formaci\u00f3n de planetas, el az\u00facar como mol\u00e9cula primordial para la vida y Trit\u00f3n (una de las lunas de Neptuno), todo a trav\u00e9s de la realidad virtual, como parte de la muestra astron\u00f3mica interactiva \u201cUn Viaje desde Chile al Universo\u201d.<\/p>\n<p>\u201cParte importante de la difusi\u00f3n de ciencias que realizamos en PAR Explora O\u00b4Higgins, es poder llevar los conocimientos a los sectores m\u00e1s alejados, como en este caso Coya. Nos vamos contentas porque las y los estudiantes se mostraron muy interesados con la charla y la realidad virtual. Esperamos que tomen las herramientas que les entregamos para que aprovechen sus cielos privilegiados para ver el Universo\u201d, indic\u00f3 la asesora cient\u00edfica, la astr\u00f3noma Romina Ahumada.<\/p>\n<p><strong>Cielos privilegiados<\/strong><\/p>\n<p>Coya es un pueblo ubicado a cerca 900 metros sobre el nivel del mar, en medio de la precordillera de la comuna de Machal\u00ed. Debido a su localizaci\u00f3n, con muy baja contaminaci\u00f3n lum\u00ednica, es un lugar privilegiado para la observaci\u00f3n de las estrellas.<\/p>\n<p>\u201cTodas las actividades educativas que incentiven los aprendizajes educativos de los ni\u00f1os, son bienvenidas, sobre todo en esta \u00e1rea de la astronom\u00eda, que la vemos tan distante, pero est\u00e1 siempre ah\u00ed. Las puertas del colegio est\u00e1n abiertas para desarrollar estas oportunidades de aprendizajes. No vivo en Coya, pero cuando salgo tarde me llama la atenci\u00f3n lo despejado del cielo nocturno\u201d, coment\u00f3 el director del Colegio Bellavista, Rodrigo Arredondo.<\/p>\n<p>Por su parte, la educadora de prek\u00ednder, Giovanna Guajardo, agreg\u00f3 que \u201cestuvimos en PIPE, conocimos a las monitoras y profesoras que me parecieron s\u00faper buenas. Entramos a la Comunidad de Ciencias junto educadoras de Machal\u00ed, Requ\u00ednoa, Rancagua, ah\u00ed conocimos esta charla y hablamos para traerla a Coya, un lugar muy alejado. Agradecemos la oportunidad porque le abri\u00f3 el mundo a los ni\u00f1os y ni\u00f1as, y ojal\u00e1 pudi\u00e9ramos hacer m\u00e1s cosas de astronom\u00eda, para aprovechar nuestros cielos y entorno\u201d.<\/p>\n<p>Uno de los alumnos presentes fue Karim Vera, estudiante de octavo b\u00e1sico, quien coment\u00f3 que \u201cme pareci\u00f3 una muy buena charla porque hab\u00eda cosas que no sab\u00eda mucho, y otras s\u00ed las hab\u00eda visto. Veo muchos programas de televisi\u00f3n sobre astronom\u00eda y he le\u00eddo harto, sobre todo de agujeros negros. Me gusta mucho la astronom\u00eda, conocer sus teor\u00edas, saber todo, la muerte de las estrellas, como Beteljeuce, que se est\u00e1 achicando y apagando\u201d.<\/p>\n<p>\u201cMe pareci\u00f3 muy bonita la exposici\u00f3n de la astr\u00f3noma, pero me dio un poquito de miedo porque pens\u00e9 que el sol se va a apagar luego, lo bueno es que nos explic\u00f3 que queda mucho para ello. Me gust\u00f3 la charla y me gustar\u00eda hacer m\u00e1s cosas de ciencia, cosas divertidas con mis compa\u00f1eros\u201d, finaliz\u00f3 la peque\u00f1a Mar\u00eda Jos\u00e9 Romero de tercero b\u00e1sico.<\/p>\n<p><img loading=\"lazy\" decoding=\"async\" class=\"alignnone size-medium wp-image-39447\" src=\"https:\/\/dev.explora.cl\/ohiggins\/wp-content\/uploads\/sites\/8\/2023\/03\/IMG_2389-300x200.jpg\" alt=\"\" width=\"300\" height=\"200\" srcset=\"https:\/\/dev.explora.cl\/ohiggins\/wp-content\/uploads\/sites\/8\/2023\/03\/IMG_2389-300x200.jpg 300w, https:\/\/dev.explora.cl\/ohiggins\/wp-content\/uploads\/sites\/8\/2023\/03\/IMG_2389-768x512.jpg 768w, https:\/\/dev.explora.cl\/ohiggins\/wp-content\/uploads\/sites\/8\/2023\/03\/IMG_2389-1024x683.jpg 1024w\" sizes=\"auto, (max-width: 300px) 100vw, 300px\" \/><\/p>\n","protected":false},"excerpt":{"rendered":"<p>Esta localidad ubicada en la precordillera de Machal\u00ed, privilegiada por sus cielos con baja contaminaci\u00f3n lum\u00ednica, recibi\u00f3 la visita de PAR Explora O\u00b4Higgins con una charla de astronom\u00eda y la muestra de realidad virtual \u201cUn Viaje desde Chile al Universo\u201d.<\/p>\n","protected":false},"author":23,"featured_media":39445,"comment_status":"open","ping_status":"open","sticky":false,"template":"","format":"standard","meta":{"_acf_changed":false,"_exactmetrics_skip_tracking":false,"_exactmetrics_sitenote_active":false,"_exactmetrics_sitenote_note":"","_exactmetrics_sitenote_category":0,"footnotes":"","_links_to":"","_links_to_target":""},"categories":[4],"tags":[],"class_list":["post-39444","post","type-post","status-publish","format-standard","has-post-thumbnail","hentry","category-noticias"],"acf":[],"yoast_head":"<!-- This site is optimized with the Yoast SEO plugin v26.7 - https:\/\/yoast.com\/wordpress\/plugins\/seo\/ -->\n<title>D\u00eda de la Astronom\u00eda en Coya - O&#039;Higgins<\/title>\n<meta name=\"robots\" content=\"index, follow, max-snippet:-1, max-image-preview:large, max-video-preview:-1\" \/>\n<link rel=\"canonical\" href=\"https:\/\/dev.explora.cl\/ohiggins\/dia-de-la-astronomia-en-coya\/\" class=\"yoast-seo-meta-tag\" \/>\n<meta property=\"og:locale\" content=\"es_ES\" class=\"yoast-seo-meta-tag\" \/>\n<meta property=\"og:type\" content=\"article\" class=\"yoast-seo-meta-tag\" \/>\n<meta property=\"og:title\" content=\"D\u00eda de la Astronom\u00eda en Coya - O&#039;Higgins\" class=\"yoast-seo-meta-tag\" \/>\n<meta property=\"og:description\" content=\"Esta localidad ubicada en la precordillera de Machal\u00ed, privilegiada por sus cielos con baja contaminaci\u00f3n lum\u00ednica, recibi\u00f3 la visita de PAR Explora O\u00b4Higgins con una charla de astronom\u00eda y la muestra de realidad virtual \u201cUn Viaje desde Chile al Universo\u201d.\" class=\"yoast-seo-meta-tag\" \/>\n<meta property=\"og:url\" content=\"https:\/\/dev.explora.cl\/ohiggins\/dia-de-la-astronomia-en-coya\/\" class=\"yoast-seo-meta-tag\" \/>\n<meta property=\"og:site_name\" content=\"O&#039;Higgins\" class=\"yoast-seo-meta-tag\" \/>\n<meta property=\"article:published_time\" content=\"2023-03-22T18:12:16+00:00\" class=\"yoast-seo-meta-tag\" \/>\n<meta property=\"article:modified_time\" content=\"2023-06-28T15:26:50+00:00\" class=\"yoast-seo-meta-tag\" \/>\n<meta property=\"og:image\" content=\"https:\/\/dev.explora.cl\/ohiggins\/wp-content\/uploads\/sites\/8\/2023\/03\/IMG_2383.jpg\" class=\"yoast-seo-meta-tag\" \/>\n\t<meta property=\"og:image:width\" content=\"3984\" class=\"yoast-seo-meta-tag\" \/>\n\t<meta property=\"og:image:height\" content=\"2656\" class=\"yoast-seo-meta-tag\" \/>\n\t<meta property=\"og:image:type\" content=\"image\/jpeg\" class=\"yoast-seo-meta-tag\" \/>\n<meta name=\"author\" content=\"nsalazar\" class=\"yoast-seo-meta-tag\" \/>\n<meta name=\"twitter:card\" content=\"summary_large_image\" class=\"yoast-seo-meta-tag\" \/>\n<meta name=\"twitter:label1\" content=\"Escrito por\" class=\"yoast-seo-meta-tag\" \/>\n\t<meta name=\"twitter:data1\" content=\"nsalazar\" class=\"yoast-seo-meta-tag\" \/>\n\t<meta name=\"twitter:label2\" content=\"Tiempo estimado de lectura\" class=\"yoast-seo-meta-tag\" \/>\n\t<meta name=\"twitter:data2\" content=\"3 minutos\" class=\"yoast-seo-meta-tag\" \/>\n<script type=\"application\/ld+json\" class=\"yoast-schema-graph\">{\"@context\":\"https:\/\/schema.org\",\"@graph\":[{\"@type\":\"Article\",\"@id\":\"https:\/\/dev.explora.cl\/ohiggins\/dia-de-la-astronomia-en-coya\/#article\",\"isPartOf\":{\"@id\":\"https:\/\/dev.explora.cl\/ohiggins\/dia-de-la-astronomia-en-coya\/\"},\"author\":{\"name\":\"nsalazar\",\"@id\":\"https:\/\/dev.explora.cl\/ohiggins\/#\/schema\/person\/3240d62ad2624da9148a475abbc509b0\"},\"headline\":\"D\u00eda de la Astronom\u00eda en Coya\",\"datePublished\":\"2023-03-22T18:12:16+00:00\",\"dateModified\":\"2023-06-28T15:26:50+00:00\",\"mainEntityOfPage\":{\"@id\":\"https:\/\/dev.explora.cl\/ohiggins\/dia-de-la-astronomia-en-coya\/\"},\"wordCount\":628,\"commentCount\":0,\"image\":{\"@id\":\"https:\/\/dev.explora.cl\/ohiggins\/dia-de-la-astronomia-en-coya\/#primaryimage\"},\"thumbnailUrl\":\"https:\/\/dev.explora.cl\/ohiggins\/wp-content\/uploads\/sites\/8\/2023\/03\/IMG_2383.jpg\",\"articleSection\":[\"Noticias\"],\"inLanguage\":\"es-CL\",\"potentialAction\":[{\"@type\":\"CommentAction\",\"name\":\"Comment\",\"target\":[\"https:\/\/dev.explora.cl\/ohiggins\/dia-de-la-astronomia-en-coya\/#respond\"]}]},{\"@type\":\"WebPage\",\"@id\":\"https:\/\/dev.explora.cl\/ohiggins\/dia-de-la-astronomia-en-coya\/\",\"url\":\"https:\/\/dev.explora.cl\/ohiggins\/dia-de-la-astronomia-en-coya\/\",\"name\":\"D\u00eda de la Astronom\u00eda en Coya - O&#039;Higgins\",\"isPartOf\":{\"@id\":\"https:\/\/dev.explora.cl\/ohiggins\/#website\"},\"primaryImageOfPage\":{\"@id\":\"https:\/\/dev.explora.cl\/ohiggins\/dia-de-la-astronomia-en-coya\/#primaryimage\"},\"image\":{\"@id\":\"https:\/\/dev.explora.cl\/ohiggins\/dia-de-la-astronomia-en-coya\/#primaryimage\"},\"thumbnailUrl\":\"https:\/\/dev.explora.cl\/ohiggins\/wp-content\/uploads\/sites\/8\/2023\/03\/IMG_2383.jpg\",\"datePublished\":\"2023-03-22T18:12:16+00:00\",\"dateModified\":\"2023-06-28T15:26:50+00:00\",\"author\":{\"@id\":\"https:\/\/dev.explora.cl\/ohiggins\/#\/schema\/person\/3240d62ad2624da9148a475abbc509b0\"},\"breadcrumb\":{\"@id\":\"https:\/\/dev.explora.cl\/ohiggins\/dia-de-la-astronomia-en-coya\/#breadcrumb\"},\"inLanguage\":\"es-CL\",\"potentialAction\":[{\"@type\":\"ReadAction\",\"target\":[\"https:\/\/dev.explora.cl\/ohiggins\/dia-de-la-astronomia-en-coya\/\"]}]},{\"@type\":\"ImageObject\",\"inLanguage\":\"es-CL\",\"@id\":\"https:\/\/dev.explora.cl\/ohiggins\/dia-de-la-astronomia-en-coya\/#primaryimage\",\"url\":\"https:\/\/dev.explora.cl\/ohiggins\/wp-content\/uploads\/sites\/8\/2023\/03\/IMG_2383.jpg\",\"contentUrl\":\"https:\/\/dev.explora.cl\/ohiggins\/wp-content\/uploads\/sites\/8\/2023\/03\/IMG_2383.jpg\",\"width\":3984,\"height\":2656},{\"@type\":\"BreadcrumbList\",\"@id\":\"https:\/\/dev.explora.cl\/ohiggins\/dia-de-la-astronomia-en-coya\/#breadcrumb\",\"itemListElement\":[{\"@type\":\"ListItem\",\"position\":1,\"name\":\"Portada\",\"item\":\"https:\/\/dev.explora.cl\/ohiggins\/\"},{\"@type\":\"ListItem\",\"position\":2,\"name\":\"D\u00eda de la Astronom\u00eda en Coya\"}]},{\"@type\":\"WebSite\",\"@id\":\"https:\/\/dev.explora.cl\/ohiggins\/#website\",\"url\":\"https:\/\/dev.explora.cl\/ohiggins\/\",\"name\":\"O&#039;Higgins\",\"description\":\"Otro sitio m\u00e1s de dev.explora.cl\",\"potentialAction\":[{\"@type\":\"SearchAction\",\"target\":{\"@type\":\"EntryPoint\",\"urlTemplate\":\"https:\/\/dev.explora.cl\/ohiggins\/?s={search_term_string}\"},\"query-input\":{\"@type\":\"PropertyValueSpecification\",\"valueRequired\":true,\"valueName\":\"search_term_string\"}}],\"inLanguage\":\"es-CL\"},{\"@type\":\"Person\",\"@id\":\"https:\/\/dev.explora.cl\/ohiggins\/#\/schema\/person\/3240d62ad2624da9148a475abbc509b0\",\"name\":\"nsalazar\",\"image\":{\"@type\":\"ImageObject\",\"inLanguage\":\"es-CL\",\"@id\":\"https:\/\/dev.explora.cl\/ohiggins\/#\/schema\/person\/image\/\",\"url\":\"https:\/\/secure.gravatar.com\/avatar\/b8cf276f31998a0865a3b90e4d663d91b97848887282c9f9a56cad57ff01cc7e?s=96&d=mm&r=g\",\"contentUrl\":\"https:\/\/secure.gravatar.com\/avatar\/b8cf276f31998a0865a3b90e4d663d91b97848887282c9f9a56cad57ff01cc7e?s=96&d=mm&r=g\",\"caption\":\"nsalazar\"},\"url\":\"https:\/\/dev.explora.cl\/ohiggins\/author\/nsalazar\/\"}]}<\/script>\n<!-- \/ Yoast SEO plugin. -->","yoast_head_json":{"title":"D\u00eda de la Astronom\u00eda en Coya - O&#039;Higgins","robots":{"index":"index","follow":"follow","max-snippet":"max-snippet:-1","max-image-preview":"max-image-preview:large","max-video-preview":"max-video-preview:-1"},"canonical":"https:\/\/dev.explora.cl\/ohiggins\/dia-de-la-astronomia-en-coya\/","og_locale":"es_ES","og_type":"article","og_title":"D\u00eda de la Astronom\u00eda en Coya - O&#039;Higgins","og_description":"Esta localidad ubicada en la precordillera de Machal\u00ed, privilegiada por sus cielos con baja contaminaci\u00f3n lum\u00ednica, recibi\u00f3 la visita de PAR Explora O\u00b4Higgins con una charla de astronom\u00eda y la muestra de realidad virtual \u201cUn Viaje desde Chile al Universo\u201d.","og_url":"https:\/\/dev.explora.cl\/ohiggins\/dia-de-la-astronomia-en-coya\/","og_site_name":"O&#039;Higgins","article_published_time":"2023-03-22T18:12:16+00:00","article_modified_time":"2023-06-28T15:26:50+00:00","og_image":[{"width":3984,"height":2656,"url":"https:\/\/dev.explora.cl\/ohiggins\/wp-content\/uploads\/sites\/8\/2023\/03\/IMG_2383.jpg","type":"image\/jpeg"}],"author":"nsalazar","twitter_card":"summary_large_image","twitter_misc":{"Escrito por":"nsalazar","Tiempo estimado de lectura":"3 minutos"},"schema":{"@context":"https:\/\/schema.org","@graph":[{"@type":"Article","@id":"https:\/\/dev.explora.cl\/ohiggins\/dia-de-la-astronomia-en-coya\/#article","isPartOf":{"@id":"https:\/\/dev.explora.cl\/ohiggins\/dia-de-la-astronomia-en-coya\/"},"author":{"name":"nsalazar","@id":"https:\/\/dev.explora.cl\/ohiggins\/#\/schema\/person\/3240d62ad2624da9148a475abbc509b0"},"headline":"D\u00eda de la Astronom\u00eda en Coya","datePublished":"2023-03-22T18:12:16+00:00","dateModified":"2023-06-28T15:26:50+00:00","mainEntityOfPage":{"@id":"https:\/\/dev.explora.cl\/ohiggins\/dia-de-la-astronomia-en-coya\/"},"wordCount":628,"commentCount":0,"image":{"@id":"https:\/\/dev.explora.cl\/ohiggins\/dia-de-la-astronomia-en-coya\/#primaryimage"},"thumbnailUrl":"https:\/\/dev.explora.cl\/ohiggins\/wp-content\/uploads\/sites\/8\/2023\/03\/IMG_2383.jpg","articleSection":["Noticias"],"inLanguage":"es-CL","potentialAction":[{"@type":"CommentAction","name":"Comment","target":["https:\/\/dev.explora.cl\/ohiggins\/dia-de-la-astronomia-en-coya\/#respond"]}]},{"@type":"WebPage","@id":"https:\/\/dev.explora.cl\/ohiggins\/dia-de-la-astronomia-en-coya\/","url":"https:\/\/dev.explora.cl\/ohiggins\/dia-de-la-astronomia-en-coya\/","name":"D\u00eda de la Astronom\u00eda en Coya - O&#039;Higgins","isPartOf":{"@id":"https:\/\/dev.explora.cl\/ohiggins\/#website"},"primaryImageOfPage":{"@id":"https:\/\/dev.explora.cl\/ohiggins\/dia-de-la-astronomia-en-coya\/#primaryimage"},"image":{"@id":"https:\/\/dev.explora.cl\/ohiggins\/dia-de-la-astronomia-en-coya\/#primaryimage"},"thumbnailUrl":"https:\/\/dev.explora.cl\/ohiggins\/wp-content\/uploads\/sites\/8\/2023\/03\/IMG_2383.jpg","datePublished":"2023-03-22T18:12:16+00:00","dateModified":"2023-06-28T15:26:50+00:00","author":{"@id":"https:\/\/dev.explora.cl\/ohiggins\/#\/schema\/person\/3240d62ad2624da9148a475abbc509b0"},"breadcrumb":{"@id":"https:\/\/dev.explora.cl\/ohiggins\/dia-de-la-astronomia-en-coya\/#breadcrumb"},"inLanguage":"es-CL","potentialAction":[{"@type":"ReadAction","target":["https:\/\/dev.explora.cl\/ohiggins\/dia-de-la-astronomia-en-coya\/"]}]},{"@type":"ImageObject","inLanguage":"es-CL","@id":"https:\/\/dev.explora.cl\/ohiggins\/dia-de-la-astronomia-en-coya\/#primaryimage","url":"https:\/\/dev.explora.cl\/ohiggins\/wp-content\/uploads\/sites\/8\/2023\/03\/IMG_2383.jpg","contentUrl":"https:\/\/dev.explora.cl\/ohiggins\/wp-content\/uploads\/sites\/8\/2023\/03\/IMG_2383.jpg","width":3984,"height":2656},{"@type":"BreadcrumbList","@id":"https:\/\/dev.explora.cl\/ohiggins\/dia-de-la-astronomia-en-coya\/#breadcrumb","itemListElement":[{"@type":"ListItem","position":1,"name":"Portada","item":"https:\/\/dev.explora.cl\/ohiggins\/"},{"@type":"ListItem","position":2,"name":"D\u00eda de la Astronom\u00eda en Coya"}]},{"@type":"WebSite","@id":"https:\/\/dev.explora.cl\/ohiggins\/#website","url":"https:\/\/dev.explora.cl\/ohiggins\/","name":"O&#039;Higgins","description":"Otro sitio m\u00e1s de dev.explora.cl","potentialAction":[{"@type":"SearchAction","target":{"@type":"EntryPoint","urlTemplate":"https:\/\/dev.explora.cl\/ohiggins\/?s={search_term_string}"},"query-input":{"@type":"PropertyValueSpecification","valueRequired":true,"valueName":"search_term_string"}}],"inLanguage":"es-CL"},{"@type":"Person","@id":"https:\/\/dev.explora.cl\/ohiggins\/#\/schema\/person\/3240d62ad2624da9148a475abbc509b0","name":"nsalazar","image":{"@type":"ImageObject","inLanguage":"es-CL","@id":"https:\/\/dev.explora.cl\/ohiggins\/#\/schema\/person\/image\/","url":"https:\/\/secure.gravatar.com\/avatar\/b8cf276f31998a0865a3b90e4d663d91b97848887282c9f9a56cad57ff01cc7e?s=96&d=mm&r=g","contentUrl":"https:\/\/secure.gravatar.com\/avatar\/b8cf276f31998a0865a3b90e4d663d91b97848887282c9f9a56cad57ff01cc7e?s=96&d=mm&r=g","caption":"nsalazar"},"url":"https:\/\/dev.explora.cl\/ohiggins\/author\/nsalazar\/"}]}},"_links":{"self":[{"href":"https:\/\/dev.explora.cl\/ohiggins\/wp-json\/wp\/v2\/posts\/39444","targetHints":{"allow":["GET"]}}],"collection":[{"href":"https:\/\/dev.explora.cl\/ohiggins\/wp-json\/wp\/v2\/posts"}],"about":[{"href":"https:\/\/dev.explora.cl\/ohiggins\/wp-json\/wp\/v2\/types\/post"}],"author":[{"embeddable":true,"href":"https:\/\/dev.explora.cl\/ohiggins\/wp-json\/wp\/v2\/users\/23"}],"replies":[{"embeddable":true,"href":"https:\/\/dev.explora.cl\/ohiggins\/wp-json\/wp\/v2\/comments?post=39444"}],"version-history":[{"count":2,"href":"https:\/\/dev.explora.cl\/ohiggins\/wp-json\/wp\/v2\/posts\/39444\/revisions"}],"predecessor-version":[{"id":39448,"href":"https:\/\/dev.explora.cl\/ohiggins\/wp-json\/wp\/v2\/posts\/39444\/revisions\/39448"}],"wp:featuredmedia":[{"embeddable":true,"href":"https:\/\/dev.explora.cl\/ohiggins\/wp-json\/wp\/v2\/media\/39445"}],"wp:attachment":[{"href":"https:\/\/dev.explora.cl\/ohiggins\/wp-json\/wp\/v2\/media?parent=39444"}],"wp:term":[{"taxonomy":"category","embeddable":true,"href":"https:\/\/dev.explora.cl\/ohiggins\/wp-json\/wp\/v2\/categories?post=39444"},{"taxonomy":"post_tag","embeddable":true,"href":"https:\/\/dev.explora.cl\/ohiggins\/wp-json\/wp\/v2\/tags?post=39444"}],"curies":[{"name":"wp","href":"https:\/\/api.w.org\/{rel}","templated":true}]}}