{"id":39434,"date":"2023-03-15T19:07:11","date_gmt":"2023-03-15T22:07:11","guid":{"rendered":"https:\/\/dev.explora.cl\/ohiggins\/?p=39434"},"modified":"2023-06-07T16:02:49","modified_gmt":"2023-06-07T20:02:49","slug":"invitamos-a-todas-y-todos-a-participar-de-muevete-sin-plasticos","status":"publish","type":"post","link":"https:\/\/dev.explora.cl\/ohiggins\/invitamos-a-todas-y-todos-a-participar-de-muevete-sin-plasticos\/","title":{"rendered":"Invitamos a todas y todos a participar de \u201cMu\u00e9vete sin Pl\u00e1sticos\u201d"},"content":{"rendered":"<p>Aportar para solucionar una problem\u00e1tica tan importante que vive la Regi\u00f3n de O\u00b4Higgins, Chile y el mundo, como es el uso desmedido de pl\u00e1sticos y la contaminaci\u00f3n que este material produce, es el objetivo de \u201cMu\u00e9vete sin Pl\u00e1sticos\u201d, iniciativa de PAR Explora O\u00b4Higgins de la UOH que est\u00e1 trabajando en una aplicaci\u00f3n tecnol\u00f3gica que mezcla la ciencia ciudadana y la Inteligencia Artificial.<\/p>\n<p>La APP, que est\u00e1 disponible para tel\u00e9fonos m\u00f3viles descarg\u00e1ndola desde Play Store y Apple Store, actualmente est\u00e1 viviendo su segunda etapa que es la recopilaci\u00f3n de datos realizada por los voluntarios; tras la primera parte que fueron los talleres educativos sobre conocimiento de los distintos tipos de pl\u00e1sticos, reciclaje e Inteligencia Artificial; la tercera, ser\u00e1 la aplicaci\u00f3n de la APP que permitir\u00e1 a los usuarios conocer, a trav\u00e9s de la IA, qu\u00e9 tipo de pl\u00e1sticos est\u00e1 observando y la georreferenciaci\u00f3n de lugares con problema de desechos de este material.<\/p>\n<p>\u201cLa aplicaci\u00f3n para tel\u00e9fonos m\u00f3viles que estamos desarrollando con PAR Explora O\u00b4Higgins y el Instituto de Ciencias de la Ingenier\u00eda de la UOH, permitir\u00e1 aportar a solucionar un problema tan grave como es la contaminaci\u00f3n asociada a los pl\u00e1sticos. Invitamos a todas y todos a participar, escaneando los envases y materiales pl\u00e1sticos que encuentren, para as\u00ed crear la base de datos que le permitir\u00e1 a la Inteligencia Artificial reconocer qu\u00e9 tipo de pl\u00e1stico est\u00e1 preguntando el usuario\u201d, indic\u00f3<\/p>\n<p>Esta aplicaci\u00f3n inform\u00e1tica de ciencia ciudadana (\u00fanica a nivel nacional) tiene como objetivo potenciar la recolecci\u00f3n y difusi\u00f3n de datos con fines cient\u00edficos, contribuyendo a resolver una problem\u00e1tica sociocient\u00edfica regional, a trav\u00e9s de un sistema de Inteligencia Artificial que logre identificar tipos de pl\u00e1stico, agrup\u00e1ndolos en categor\u00edas e identificando, posteriormente, el espacio f\u00edsico donde se encuentren para as\u00ed poder reducirlo, reutilizarlo y reciclarlo; todo esto apoyando la Ley (21.368) que proh\u00edbe los pl\u00e1sticos de un solo uso a nivel nacional.<\/p>\n<p><strong>\u00bfC\u00f3mo ser parte de esta APP?<\/strong><\/p>\n<p>Para ser parte de este segundo paso del proyecto de ciencia ciudadana, solo debes ayudar a categorizar y subir a la APP los distintos tipos de este compuesto que encuentres a tu alrededor (en tu casa u otro lugar), todo con el fin de que los futuros usuarios puedan identificar qu\u00e9 tipo de pl\u00e1stico son, ayudar en la reutilizaci\u00f3n, reducci\u00f3n o reciclaje, y que se puedan identificar lugares con problemas de este nocivo material.<\/p>\n<p>Para utilizar la APP debes seguir estos simples pasos:<\/p>\n<p>1: Descarga de forma gratuita la APP \u201cMu\u00e9vete sin Pl\u00e1sticos\u201d desde tu Play Store o Apple Store.<\/p>\n<p>2: Identifica el tipo de pl\u00e1stico que quieres subir a la APP. La misma plataforma te da la informaci\u00f3n para conocer sobre los tipos de pl\u00e1sticos, en la pesta\u00f1a \u201cInf\u00f3rmate\u201d.<\/p>\n<p>3: Ingresa a la pesta\u00f1a \u201cContribuye\u201d.<\/p>\n<p>4: Elige tu comuna.<\/p>\n<p>5: Selecciona el tipo de pl\u00e1stico (que ya revisaste en la pesta\u00f1a \u201cInf\u00f3rmate\u201d)<\/p>\n<p>6: Elige desde la galer\u00eda de tu tel\u00e9fono o fotograf\u00eda con la c\u00e1mara de tu m\u00f3vil el material que quieres compartir, siempre con el objeto pl\u00e1stico en la parte central y enfocado.<\/p>\n<p>7: Env\u00eda y listo. Ya est\u00e1s colaborando con esta APP.<\/p>\n<p><strong>Muevetesinplasticos.cl<\/strong><\/p>\n<p>De acuerdo al asesor tecnol\u00f3gico y desarrollador\u00a0 del PAR Explora O\u00b4Higgins, Ignacio Bugue\u00f1o, \u201chemos empoderado a la ciudadan\u00eda para que se convierta en agentes activos en este gran desaf\u00edo que se nos presenta, dot\u00e1ndolas de una nueva aplicaci\u00f3n m\u00f3vil que permita categorizar los distintos tipos de pl\u00e1sticos para posteriormente realizar un levantamiento visual a nivel comunal y regional sobre el estado del ecosistema de la regi\u00f3n, con lo cual se geolocalizar\u00e1n e identificar\u00e1n los puntos cr\u00edticos a nivel de pl\u00e1sticos\u201d.<\/p>\n<p>Para m\u00e1s informaci\u00f3n visiten la p\u00e1gina web www.muevetesinplasticos.cl, donde podr\u00e1n encontrar videos educativos y m\u00e1s informaci\u00f3n de esta iniciativa; tambi\u00e9n pueden revisar las redes sociales de PAR Explora O\u00b4Higgins. Todas y todos invitados a participar.<\/p>\n<p><img loading=\"lazy\" decoding=\"async\" class=\"alignnone wp-image-39437 size-full\" src=\"https:\/\/dev.explora.cl\/ohiggins\/wp-content\/uploads\/sites\/8\/2023\/03\/mu\u00e9vete-sin-pl\u00e1sticos-azul.jpg\" alt=\"\" width=\"960\" height=\"960\" srcset=\"https:\/\/dev.explora.cl\/ohiggins\/wp-content\/uploads\/sites\/8\/2023\/03\/mu\u00e9vete-sin-pl\u00e1sticos-azul.jpg 960w, https:\/\/dev.explora.cl\/ohiggins\/wp-content\/uploads\/sites\/8\/2023\/03\/mu\u00e9vete-sin-pl\u00e1sticos-azul-150x150.jpg 150w, https:\/\/dev.explora.cl\/ohiggins\/wp-content\/uploads\/sites\/8\/2023\/03\/mu\u00e9vete-sin-pl\u00e1sticos-azul-300x300.jpg 300w, https:\/\/dev.explora.cl\/ohiggins\/wp-content\/uploads\/sites\/8\/2023\/03\/mu\u00e9vete-sin-pl\u00e1sticos-azul-768x768.jpg 768w, https:\/\/dev.explora.cl\/ohiggins\/wp-content\/uploads\/sites\/8\/2023\/03\/mu\u00e9vete-sin-pl\u00e1sticos-azul-60x60.jpg 60w\" sizes=\"auto, (max-width: 960px) 100vw, 960px\" \/><\/p>\n","protected":false},"excerpt":{"rendered":"<p>La iniciativa de PAR Explora O\u00b4Higgins busca, a trav\u00e9s de la ciencia ciudadana y la Inteligencia Artificial, ayudar a la reutilizaci\u00f3n, reducci\u00f3n y reciclaje de pl\u00e1sticos; adem\u00e1s de aportar a la georreferenciaci\u00f3n de lugares con problemas de este material.<\/p>\n","protected":false},"author":23,"featured_media":39435,"comment_status":"open","ping_status":"open","sticky":false,"template":"","format":"standard","meta":{"_acf_changed":false,"_exactmetrics_skip_tracking":false,"_exactmetrics_sitenote_active":false,"_exactmetrics_sitenote_note":"","_exactmetrics_sitenote_category":0,"footnotes":"","_links_to":"","_links_to_target":""},"categories":[4],"tags":[],"class_list":["post-39434","post","type-post","status-publish","format-standard","has-post-thumbnail","hentry","category-noticias"],"acf":[],"yoast_head":"<!-- This site is optimized with the Yoast SEO plugin v26.7 - https:\/\/yoast.com\/wordpress\/plugins\/seo\/ -->\n<title>Invitamos a todas y todos a participar de \u201cMu\u00e9vete sin Pl\u00e1sticos\u201d - O&#039;Higgins<\/title>\n<meta name=\"robots\" content=\"index, follow, max-snippet:-1, max-image-preview:large, max-video-preview:-1\" \/>\n<link rel=\"canonical\" href=\"https:\/\/dev.explora.cl\/ohiggins\/invitamos-a-todas-y-todos-a-participar-de-muevete-sin-plasticos\/\" class=\"yoast-seo-meta-tag\" \/>\n<meta property=\"og:locale\" content=\"es_ES\" class=\"yoast-seo-meta-tag\" \/>\n<meta property=\"og:type\" content=\"article\" class=\"yoast-seo-meta-tag\" \/>\n<meta property=\"og:title\" content=\"Invitamos a todas y todos a participar de \u201cMu\u00e9vete sin Pl\u00e1sticos\u201d - O&#039;Higgins\" class=\"yoast-seo-meta-tag\" \/>\n<meta property=\"og:description\" content=\"La iniciativa de PAR Explora O\u00b4Higgins busca, a trav\u00e9s de la ciencia ciudadana y la Inteligencia Artificial, ayudar a la reutilizaci\u00f3n, reducci\u00f3n y reciclaje de pl\u00e1sticos; adem\u00e1s de aportar a la georreferenciaci\u00f3n de lugares con problemas de este material.\" class=\"yoast-seo-meta-tag\" \/>\n<meta property=\"og:url\" content=\"https:\/\/dev.explora.cl\/ohiggins\/invitamos-a-todas-y-todos-a-participar-de-muevete-sin-plasticos\/\" class=\"yoast-seo-meta-tag\" \/>\n<meta property=\"og:site_name\" content=\"O&#039;Higgins\" class=\"yoast-seo-meta-tag\" \/>\n<meta property=\"article:published_time\" content=\"2023-03-15T22:07:11+00:00\" class=\"yoast-seo-meta-tag\" \/>\n<meta property=\"article:modified_time\" content=\"2023-06-07T20:02:49+00:00\" class=\"yoast-seo-meta-tag\" \/>\n<meta property=\"og:image\" content=\"https:\/\/dev.explora.cl\/ohiggins\/wp-content\/uploads\/sites\/8\/2023\/03\/IMG_2346-1024x683.jpg\" class=\"yoast-seo-meta-tag\" \/>\n\t<meta property=\"og:image:width\" content=\"1024\" class=\"yoast-seo-meta-tag\" \/>\n\t<meta property=\"og:image:height\" content=\"683\" class=\"yoast-seo-meta-tag\" \/>\n\t<meta property=\"og:image:type\" content=\"image\/jpeg\" class=\"yoast-seo-meta-tag\" \/>\n<meta name=\"author\" content=\"nsalazar\" class=\"yoast-seo-meta-tag\" \/>\n<meta name=\"twitter:card\" content=\"summary_large_image\" class=\"yoast-seo-meta-tag\" \/>\n<meta name=\"twitter:label1\" content=\"Escrito por\" class=\"yoast-seo-meta-tag\" \/>\n\t<meta name=\"twitter:data1\" content=\"nsalazar\" class=\"yoast-seo-meta-tag\" \/>\n\t<meta name=\"twitter:label2\" content=\"Tiempo estimado de lectura\" class=\"yoast-seo-meta-tag\" \/>\n\t<meta name=\"twitter:data2\" content=\"4 minutos\" class=\"yoast-seo-meta-tag\" \/>\n<script type=\"application\/ld+json\" class=\"yoast-schema-graph\">{\"@context\":\"https:\/\/schema.org\",\"@graph\":[{\"@type\":\"Article\",\"@id\":\"https:\/\/dev.explora.cl\/ohiggins\/invitamos-a-todas-y-todos-a-participar-de-muevete-sin-plasticos\/#article\",\"isPartOf\":{\"@id\":\"https:\/\/dev.explora.cl\/ohiggins\/invitamos-a-todas-y-todos-a-participar-de-muevete-sin-plasticos\/\"},\"author\":{\"name\":\"nsalazar\",\"@id\":\"https:\/\/dev.explora.cl\/ohiggins\/#\/schema\/person\/3240d62ad2624da9148a475abbc509b0\"},\"headline\":\"Invitamos a todas y todos a participar de \u201cMu\u00e9vete sin Pl\u00e1sticos\u201d\",\"datePublished\":\"2023-03-15T22:07:11+00:00\",\"dateModified\":\"2023-06-07T20:02:49+00:00\",\"mainEntityOfPage\":{\"@id\":\"https:\/\/dev.explora.cl\/ohiggins\/invitamos-a-todas-y-todos-a-participar-de-muevete-sin-plasticos\/\"},\"wordCount\":721,\"commentCount\":0,\"image\":{\"@id\":\"https:\/\/dev.explora.cl\/ohiggins\/invitamos-a-todas-y-todos-a-participar-de-muevete-sin-plasticos\/#primaryimage\"},\"thumbnailUrl\":\"https:\/\/dev.explora.cl\/ohiggins\/wp-content\/uploads\/sites\/8\/2023\/03\/IMG_2346.jpg\",\"articleSection\":[\"Noticias\"],\"inLanguage\":\"es-CL\",\"potentialAction\":[{\"@type\":\"CommentAction\",\"name\":\"Comment\",\"target\":[\"https:\/\/dev.explora.cl\/ohiggins\/invitamos-a-todas-y-todos-a-participar-de-muevete-sin-plasticos\/#respond\"]}]},{\"@type\":\"WebPage\",\"@id\":\"https:\/\/dev.explora.cl\/ohiggins\/invitamos-a-todas-y-todos-a-participar-de-muevete-sin-plasticos\/\",\"url\":\"https:\/\/dev.explora.cl\/ohiggins\/invitamos-a-todas-y-todos-a-participar-de-muevete-sin-plasticos\/\",\"name\":\"Invitamos a todas y todos a participar de \u201cMu\u00e9vete sin Pl\u00e1sticos\u201d - O&#039;Higgins\",\"isPartOf\":{\"@id\":\"https:\/\/dev.explora.cl\/ohiggins\/#website\"},\"primaryImageOfPage\":{\"@id\":\"https:\/\/dev.explora.cl\/ohiggins\/invitamos-a-todas-y-todos-a-participar-de-muevete-sin-plasticos\/#primaryimage\"},\"image\":{\"@id\":\"https:\/\/dev.explora.cl\/ohiggins\/invitamos-a-todas-y-todos-a-participar-de-muevete-sin-plasticos\/#primaryimage\"},\"thumbnailUrl\":\"https:\/\/dev.explora.cl\/ohiggins\/wp-content\/uploads\/sites\/8\/2023\/03\/IMG_2346.jpg\",\"datePublished\":\"2023-03-15T22:07:11+00:00\",\"dateModified\":\"2023-06-07T20:02:49+00:00\",\"author\":{\"@id\":\"https:\/\/dev.explora.cl\/ohiggins\/#\/schema\/person\/3240d62ad2624da9148a475abbc509b0\"},\"breadcrumb\":{\"@id\":\"https:\/\/dev.explora.cl\/ohiggins\/invitamos-a-todas-y-todos-a-participar-de-muevete-sin-plasticos\/#breadcrumb\"},\"inLanguage\":\"es-CL\",\"potentialAction\":[{\"@type\":\"ReadAction\",\"target\":[\"https:\/\/dev.explora.cl\/ohiggins\/invitamos-a-todas-y-todos-a-participar-de-muevete-sin-plasticos\/\"]}]},{\"@type\":\"ImageObject\",\"inLanguage\":\"es-CL\",\"@id\":\"https:\/\/dev.explora.cl\/ohiggins\/invitamos-a-todas-y-todos-a-participar-de-muevete-sin-plasticos\/#primaryimage\",\"url\":\"https:\/\/dev.explora.cl\/ohiggins\/wp-content\/uploads\/sites\/8\/2023\/03\/IMG_2346.jpg\",\"contentUrl\":\"https:\/\/dev.explora.cl\/ohiggins\/wp-content\/uploads\/sites\/8\/2023\/03\/IMG_2346.jpg\",\"width\":3984,\"height\":2656},{\"@type\":\"BreadcrumbList\",\"@id\":\"https:\/\/dev.explora.cl\/ohiggins\/invitamos-a-todas-y-todos-a-participar-de-muevete-sin-plasticos\/#breadcrumb\",\"itemListElement\":[{\"@type\":\"ListItem\",\"position\":1,\"name\":\"Portada\",\"item\":\"https:\/\/dev.explora.cl\/ohiggins\/\"},{\"@type\":\"ListItem\",\"position\":2,\"name\":\"Invitamos a todas y todos a participar de \u201cMu\u00e9vete sin Pl\u00e1sticos\u201d\"}]},{\"@type\":\"WebSite\",\"@id\":\"https:\/\/dev.explora.cl\/ohiggins\/#website\",\"url\":\"https:\/\/dev.explora.cl\/ohiggins\/\",\"name\":\"O&#039;Higgins\",\"description\":\"Otro sitio m\u00e1s de dev.explora.cl\",\"potentialAction\":[{\"@type\":\"SearchAction\",\"target\":{\"@type\":\"EntryPoint\",\"urlTemplate\":\"https:\/\/dev.explora.cl\/ohiggins\/?s={search_term_string}\"},\"query-input\":{\"@type\":\"PropertyValueSpecification\",\"valueRequired\":true,\"valueName\":\"search_term_string\"}}],\"inLanguage\":\"es-CL\"},{\"@type\":\"Person\",\"@id\":\"https:\/\/dev.explora.cl\/ohiggins\/#\/schema\/person\/3240d62ad2624da9148a475abbc509b0\",\"name\":\"nsalazar\",\"image\":{\"@type\":\"ImageObject\",\"inLanguage\":\"es-CL\",\"@id\":\"https:\/\/dev.explora.cl\/ohiggins\/#\/schema\/person\/image\/\",\"url\":\"https:\/\/secure.gravatar.com\/avatar\/b8cf276f31998a0865a3b90e4d663d91b97848887282c9f9a56cad57ff01cc7e?s=96&d=mm&r=g\",\"contentUrl\":\"https:\/\/secure.gravatar.com\/avatar\/b8cf276f31998a0865a3b90e4d663d91b97848887282c9f9a56cad57ff01cc7e?s=96&d=mm&r=g\",\"caption\":\"nsalazar\"},\"url\":\"https:\/\/dev.explora.cl\/ohiggins\/author\/nsalazar\/\"}]}<\/script>\n<!-- \/ Yoast SEO plugin. -->","yoast_head_json":{"title":"Invitamos a todas y todos a participar de \u201cMu\u00e9vete sin Pl\u00e1sticos\u201d - O&#039;Higgins","robots":{"index":"index","follow":"follow","max-snippet":"max-snippet:-1","max-image-preview":"max-image-preview:large","max-video-preview":"max-video-preview:-1"},"canonical":"https:\/\/dev.explora.cl\/ohiggins\/invitamos-a-todas-y-todos-a-participar-de-muevete-sin-plasticos\/","og_locale":"es_ES","og_type":"article","og_title":"Invitamos a todas y todos a participar de \u201cMu\u00e9vete sin Pl\u00e1sticos\u201d - O&#039;Higgins","og_description":"La iniciativa de PAR Explora O\u00b4Higgins busca, a trav\u00e9s de la ciencia ciudadana y la Inteligencia Artificial, ayudar a la reutilizaci\u00f3n, reducci\u00f3n y reciclaje de pl\u00e1sticos; adem\u00e1s de aportar a la georreferenciaci\u00f3n de lugares con problemas de este material.","og_url":"https:\/\/dev.explora.cl\/ohiggins\/invitamos-a-todas-y-todos-a-participar-de-muevete-sin-plasticos\/","og_site_name":"O&#039;Higgins","article_published_time":"2023-03-15T22:07:11+00:00","article_modified_time":"2023-06-07T20:02:49+00:00","og_image":[{"width":1024,"height":683,"url":"https:\/\/dev.explora.cl\/ohiggins\/wp-content\/uploads\/sites\/8\/2023\/03\/IMG_2346-1024x683.jpg","type":"image\/jpeg"}],"author":"nsalazar","twitter_card":"summary_large_image","twitter_misc":{"Escrito por":"nsalazar","Tiempo estimado de lectura":"4 minutos"},"schema":{"@context":"https:\/\/schema.org","@graph":[{"@type":"Article","@id":"https:\/\/dev.explora.cl\/ohiggins\/invitamos-a-todas-y-todos-a-participar-de-muevete-sin-plasticos\/#article","isPartOf":{"@id":"https:\/\/dev.explora.cl\/ohiggins\/invitamos-a-todas-y-todos-a-participar-de-muevete-sin-plasticos\/"},"author":{"name":"nsalazar","@id":"https:\/\/dev.explora.cl\/ohiggins\/#\/schema\/person\/3240d62ad2624da9148a475abbc509b0"},"headline":"Invitamos a todas y todos a participar de \u201cMu\u00e9vete sin Pl\u00e1sticos\u201d","datePublished":"2023-03-15T22:07:11+00:00","dateModified":"2023-06-07T20:02:49+00:00","mainEntityOfPage":{"@id":"https:\/\/dev.explora.cl\/ohiggins\/invitamos-a-todas-y-todos-a-participar-de-muevete-sin-plasticos\/"},"wordCount":721,"commentCount":0,"image":{"@id":"https:\/\/dev.explora.cl\/ohiggins\/invitamos-a-todas-y-todos-a-participar-de-muevete-sin-plasticos\/#primaryimage"},"thumbnailUrl":"https:\/\/dev.explora.cl\/ohiggins\/wp-content\/uploads\/sites\/8\/2023\/03\/IMG_2346.jpg","articleSection":["Noticias"],"inLanguage":"es-CL","potentialAction":[{"@type":"CommentAction","name":"Comment","target":["https:\/\/dev.explora.cl\/ohiggins\/invitamos-a-todas-y-todos-a-participar-de-muevete-sin-plasticos\/#respond"]}]},{"@type":"WebPage","@id":"https:\/\/dev.explora.cl\/ohiggins\/invitamos-a-todas-y-todos-a-participar-de-muevete-sin-plasticos\/","url":"https:\/\/dev.explora.cl\/ohiggins\/invitamos-a-todas-y-todos-a-participar-de-muevete-sin-plasticos\/","name":"Invitamos a todas y todos a participar de \u201cMu\u00e9vete sin Pl\u00e1sticos\u201d - O&#039;Higgins","isPartOf":{"@id":"https:\/\/dev.explora.cl\/ohiggins\/#website"},"primaryImageOfPage":{"@id":"https:\/\/dev.explora.cl\/ohiggins\/invitamos-a-todas-y-todos-a-participar-de-muevete-sin-plasticos\/#primaryimage"},"image":{"@id":"https:\/\/dev.explora.cl\/ohiggins\/invitamos-a-todas-y-todos-a-participar-de-muevete-sin-plasticos\/#primaryimage"},"thumbnailUrl":"https:\/\/dev.explora.cl\/ohiggins\/wp-content\/uploads\/sites\/8\/2023\/03\/IMG_2346.jpg","datePublished":"2023-03-15T22:07:11+00:00","dateModified":"2023-06-07T20:02:49+00:00","author":{"@id":"https:\/\/dev.explora.cl\/ohiggins\/#\/schema\/person\/3240d62ad2624da9148a475abbc509b0"},"breadcrumb":{"@id":"https:\/\/dev.explora.cl\/ohiggins\/invitamos-a-todas-y-todos-a-participar-de-muevete-sin-plasticos\/#breadcrumb"},"inLanguage":"es-CL","potentialAction":[{"@type":"ReadAction","target":["https:\/\/dev.explora.cl\/ohiggins\/invitamos-a-todas-y-todos-a-participar-de-muevete-sin-plasticos\/"]}]},{"@type":"ImageObject","inLanguage":"es-CL","@id":"https:\/\/dev.explora.cl\/ohiggins\/invitamos-a-todas-y-todos-a-participar-de-muevete-sin-plasticos\/#primaryimage","url":"https:\/\/dev.explora.cl\/ohiggins\/wp-content\/uploads\/sites\/8\/2023\/03\/IMG_2346.jpg","contentUrl":"https:\/\/dev.explora.cl\/ohiggins\/wp-content\/uploads\/sites\/8\/2023\/03\/IMG_2346.jpg","width":3984,"height":2656},{"@type":"BreadcrumbList","@id":"https:\/\/dev.explora.cl\/ohiggins\/invitamos-a-todas-y-todos-a-participar-de-muevete-sin-plasticos\/#breadcrumb","itemListElement":[{"@type":"ListItem","position":1,"name":"Portada","item":"https:\/\/dev.explora.cl\/ohiggins\/"},{"@type":"ListItem","position":2,"name":"Invitamos a todas y todos a participar de \u201cMu\u00e9vete sin Pl\u00e1sticos\u201d"}]},{"@type":"WebSite","@id":"https:\/\/dev.explora.cl\/ohiggins\/#website","url":"https:\/\/dev.explora.cl\/ohiggins\/","name":"O&#039;Higgins","description":"Otro sitio m\u00e1s de dev.explora.cl","potentialAction":[{"@type":"SearchAction","target":{"@type":"EntryPoint","urlTemplate":"https:\/\/dev.explora.cl\/ohiggins\/?s={search_term_string}"},"query-input":{"@type":"PropertyValueSpecification","valueRequired":true,"valueName":"search_term_string"}}],"inLanguage":"es-CL"},{"@type":"Person","@id":"https:\/\/dev.explora.cl\/ohiggins\/#\/schema\/person\/3240d62ad2624da9148a475abbc509b0","name":"nsalazar","image":{"@type":"ImageObject","inLanguage":"es-CL","@id":"https:\/\/dev.explora.cl\/ohiggins\/#\/schema\/person\/image\/","url":"https:\/\/secure.gravatar.com\/avatar\/b8cf276f31998a0865a3b90e4d663d91b97848887282c9f9a56cad57ff01cc7e?s=96&d=mm&r=g","contentUrl":"https:\/\/secure.gravatar.com\/avatar\/b8cf276f31998a0865a3b90e4d663d91b97848887282c9f9a56cad57ff01cc7e?s=96&d=mm&r=g","caption":"nsalazar"},"url":"https:\/\/dev.explora.cl\/ohiggins\/author\/nsalazar\/"}]}},"_links":{"self":[{"href":"https:\/\/dev.explora.cl\/ohiggins\/wp-json\/wp\/v2\/posts\/39434","targetHints":{"allow":["GET"]}}],"collection":[{"href":"https:\/\/dev.explora.cl\/ohiggins\/wp-json\/wp\/v2\/posts"}],"about":[{"href":"https:\/\/dev.explora.cl\/ohiggins\/wp-json\/wp\/v2\/types\/post"}],"author":[{"embeddable":true,"href":"https:\/\/dev.explora.cl\/ohiggins\/wp-json\/wp\/v2\/users\/23"}],"replies":[{"embeddable":true,"href":"https:\/\/dev.explora.cl\/ohiggins\/wp-json\/wp\/v2\/comments?post=39434"}],"version-history":[{"count":2,"href":"https:\/\/dev.explora.cl\/ohiggins\/wp-json\/wp\/v2\/posts\/39434\/revisions"}],"predecessor-version":[{"id":39438,"href":"https:\/\/dev.explora.cl\/ohiggins\/wp-json\/wp\/v2\/posts\/39434\/revisions\/39438"}],"wp:featuredmedia":[{"embeddable":true,"href":"https:\/\/dev.explora.cl\/ohiggins\/wp-json\/wp\/v2\/media\/39435"}],"wp:attachment":[{"href":"https:\/\/dev.explora.cl\/ohiggins\/wp-json\/wp\/v2\/media?parent=39434"}],"wp:term":[{"taxonomy":"category","embeddable":true,"href":"https:\/\/dev.explora.cl\/ohiggins\/wp-json\/wp\/v2\/categories?post=39434"},{"taxonomy":"post_tag","embeddable":true,"href":"https:\/\/dev.explora.cl\/ohiggins\/wp-json\/wp\/v2\/tags?post=39434"}],"curies":[{"name":"wp","href":"https:\/\/api.w.org\/{rel}","templated":true}]}}