{"id":39345,"date":"2022-11-18T18:31:28","date_gmt":"2022-11-18T21:31:28","guid":{"rendered":"https:\/\/dev.explora.cl\/ohiggins\/?p=39345"},"modified":"2022-12-14T13:35:21","modified_gmt":"2022-12-14T16:35:21","slug":"region-de-ohiggins-ya-tiene-sus-tres-representantes-para-el-congreso-nacional-explora-2023","status":"publish","type":"post","link":"https:\/\/dev.explora.cl\/ohiggins\/region-de-ohiggins-ya-tiene-sus-tres-representantes-para-el-congreso-nacional-explora-2023\/","title":{"rendered":"Regi\u00f3n de O\u00b4Higgins ya tiene sus tres representantes para el Congreso Nacional Explora 2023"},"content":{"rendered":"<p>\u201cElementos de continuidad y cambio en las rutas cordilleranas andinas de los arrieros de Mostazal\u201d de la Escuela El Rinc\u00f3n de Mostazal; \u201cEstudio y aislamiento de posibles agentes biodeteriorantes en textos hist\u00f3rico del Liceo Luis Urbina Flores\u201d, del mismo establecimiento de Rengo; y \u201c\u00c1rbol solar en el patio de mi Liceo\u201d del Liceo Bicentenario Comercial Diego Portales de Rancagua; fueron los tres proyectos seleccionados durante el XV Congreso Regional Explora para representar a la Regi\u00f3n de O\u00b4Higgins en el Congreso Nacional Explora 2023.<\/p>\n<p>Los proyectos de las categor\u00edas Investigaci\u00f3n Educaci\u00f3n B\u00e1sica, Investigaci\u00f3n Educaci\u00f3n Media e Innovaci\u00f3n Educaci\u00f3n Media, respectivamente, fueron los tres trabajos elegidos por el comit\u00e9 de investigadores que estuvieron presentes en el XV Congreso Regional realizado en la comuna de Pichilemu.<\/p>\n<p>Para la seremi de Ciencias, Sof\u00eda Valenzuela, \u201cel Congreso Regional Explora es una excelente iniciativa que este a\u00f1o tuvo una alta participaci\u00f3n de ni\u00f1os, ni\u00f1as y adolescentes, de distintos establecimientos de las comunas de la regi\u00f3n, yendo en el eje de la descentralizaci\u00f3n como ha mandatado el Presidente Gabriel Boric, y, a su vez, con una alta participaci\u00f3n de ni\u00f1as, que como ministerio nos interesa de sobremanera\u201d.<\/p>\n<p>\u201cFueron dos jornadas llenas de aprendizajes para todas y todos: estudiantes, docentes, la comunidad en general y para nosotros como PAR Explora. Quedamos muy contentos con el resultado de las academias que participaron en el XV Congreso Regional, y los proyectos cumplieron las expectativas y pudieron ser sociabilizados a la comunidad. Los tres equipos seleccionados nos van a representar de la mejor manera en el Congreso Nacional. Muchas gracias a los 20 proyectos y \u00e9xito a los tres representantes\u201d, se\u00f1al\u00f3 el director de PAR Explora y director del Instituto de Ciencias de la Ingenier\u00eda de la UOH, Rodrigo Verschae.<\/p>\n<p>La selecci\u00f3n de los trabajos se realiz\u00f3 de un total de 20 proyectos participantes, que representaron a nueve comunas de la Regi\u00f3n de O\u00b4Higgins y que fueron mostrados a la comunidad durante el d\u00eda jueves 10 en la Plaza Prat de Pichilemu, actividad que cont\u00f3 con la visita de vecinos de la comuna, entre ellos del alcalde, Cristian Pozo.<\/p>\n<p>\u201cPara nosotros ha sido una oportunidad para que los estudiantes de nuestros colegios puedan conocer parte de las investigaciones escolares realizadas en la regi\u00f3n. Uno busca que a trav\u00e9s de estas experiencias se sientan motivados para comenzar a generar l\u00edneas creativas. Hay excelentes trabajos que dejar\u00e1n una experiencia para nuestros alumnos, y esperamos que sea la semilla sembrada para que se motiven\u201d, indic\u00f3 el alcalde de Pichilemu, Cristian Pozo.<\/p>\n<p>Los proyectos seleccionados participar\u00e1n en el Congreso Nacional Explora, donde expondr\u00e1n de forma virtual durante el mes de diciembre del 2022 y de forma presencial durante el mes de enero del 2023, ocasi\u00f3n en que contestar\u00e1n las preguntas de la comisi\u00f3n.<\/p>\n<p>RUTA DE ARRIEROS DE MOSTAZAL<\/p>\n<p>Conocer e identificar las rutas de los arrieros que recorren la precordillera y cordillera de la comuna de Mostazal, es el objetivo del proyecto impulsado por la Escuela El Rinc\u00f3n de Mostazal y que fue seleccionado para representar a la regi\u00f3n en el Congreso Nacional en la categor\u00eda Investigaci\u00f3n Educaci\u00f3n B\u00e1sica.<\/p>\n<p>\u201cNosotros tenemos un proyecto que trata de identificar las rutas de los arrieros de nuestra comuna y cu\u00e1les son los elementos b\u00e1sicos de ellos. Las academias me han servido mucho, porque he podido conocer el m\u00e9todo cient\u00edfico, lo que me ha servido para conocer el mundo de los arrieros. Lo pas\u00e9 muy bien en el Congreso Regional, he aprendido mucho a socializar y conocer otros trabajos. Adem\u00e1s, he conocido amigas y amigos\u201d, asegur\u00f3 Emilia Moreno, alumna de la Escuela El Rinc\u00f3n.<\/p>\n<p><img loading=\"lazy\" decoding=\"async\" class=\"alignnone size-medium wp-image-39346\" src=\"https:\/\/dev.explora.cl\/ohiggins\/wp-content\/uploads\/sites\/8\/2022\/11\/IMG_1190-300x200.jpg\" alt=\"\" width=\"300\" height=\"200\" srcset=\"https:\/\/dev.explora.cl\/ohiggins\/wp-content\/uploads\/sites\/8\/2022\/11\/IMG_1190-300x200.jpg 300w, https:\/\/dev.explora.cl\/ohiggins\/wp-content\/uploads\/sites\/8\/2022\/11\/IMG_1190-768x512.jpg 768w, https:\/\/dev.explora.cl\/ohiggins\/wp-content\/uploads\/sites\/8\/2022\/11\/IMG_1190-1024x683.jpg 1024w\" sizes=\"auto, (max-width: 300px) 100vw, 300px\" \/><\/p>\n<p>PROTEGIENDO EL PATRIMONIO ESCRITO<\/p>\n<p>Conocer las causas del deterioro de los textos de su liceo, para as\u00ed ayudar a su protecci\u00f3n, es el objetivo del proyecto \u201cEstudio y aislamiento de posibles agentes biodeteriorantes en textos hist\u00f3rico del Liceo Luis Urbina Flores\u201d, realizado por estudiantes del mismo establecimiento educacional de Rengo, que representar\u00e1 a la regi\u00f3n en la categor\u00eda Investigaci\u00f3n Educaci\u00f3n Media.<\/p>\n<p>\u201cHa sido una experiencia buen\u00edsima, me encant\u00f3 todo, el viaje, el lugar, la gente, todo muy genial. Nuestro proyecto se trata del deterioro de los libros hist\u00f3ricos de nuestro liceo, c\u00f3mo preservarlos y mantenerlos en el tiempo, porque son muy importantes para nosotros, nuestra comuna y para Chile. Ha sido dif\u00edcil, hemos tenido tropiezos, pero hemos seguido adelante. Llegar ac\u00e1 ya ha sido un triunfo y poder ir al Nacional es a\u00fan mejor\u201d, expres\u00f3 Daniel G\u00f3mez del Liceo Luis Urbina.<\/p>\n<p><img loading=\"lazy\" decoding=\"async\" class=\"alignnone size-medium wp-image-39347\" src=\"https:\/\/dev.explora.cl\/ohiggins\/wp-content\/uploads\/sites\/8\/2022\/11\/IMG_1213-300x200.jpg\" alt=\"\" width=\"300\" height=\"200\" srcset=\"https:\/\/dev.explora.cl\/ohiggins\/wp-content\/uploads\/sites\/8\/2022\/11\/IMG_1213-300x200.jpg 300w, https:\/\/dev.explora.cl\/ohiggins\/wp-content\/uploads\/sites\/8\/2022\/11\/IMG_1213-768x512.jpg 768w, https:\/\/dev.explora.cl\/ohiggins\/wp-content\/uploads\/sites\/8\/2022\/11\/IMG_1213-1024x683.jpg 1024w\" sizes=\"auto, (max-width: 300px) 100vw, 300px\" \/><\/p>\n<p>GENERANDO ENERG\u00cdA PARA SU LICEO<\/p>\n<p>En la categor\u00eda Innovaci\u00f3n Educaci\u00f3n Media, el proyecto seleccionado fue \u201c\u00c1rbol solar en el patio de mi Liceo\u201d, realizado por uno de los dos equipos participantes del XV Congreso Regional Explora del Liceo Bicentenario Comercial Diego Portales de Rancagua. Sus dos representantes fueron Florencia G\u00f3mez y Merquides Rodr\u00edguez.<\/p>\n<p>\u201cHoy fue mi \u00faltimo d\u00eda de liceo, y lo pas\u00e9 en Pichilemu. Haber sido elegidos como representantes de la regi\u00f3n fue incre\u00edble, qued\u00e9 muy emocionada, porque vieron nuestro proyecto al que le dedicamos tanto tiempo y cari\u00f1o, quer\u00edamos este reconocimiento para que la gente lo conozca, porque es muy importante para la comunidad, no solo del liceo, sino que de la comunidad. Nuestro \u00e1rbol solar convierte la energ\u00eda lum\u00ednica en el\u00e9ctrica, y toda esa corriente la podemos transformar en una fuente en caso de emergencia\u201d, finaliz\u00f3 emocionada, Florencia G\u00f3mez, alumna de cuarto medio del Liceo Comercial Diego Portales.<\/p>\n<p><img loading=\"lazy\" decoding=\"async\" class=\"alignnone size-medium wp-image-39348\" src=\"https:\/\/dev.explora.cl\/ohiggins\/wp-content\/uploads\/sites\/8\/2022\/11\/IMG_1205-300x200.jpg\" alt=\"\" width=\"300\" height=\"200\" srcset=\"https:\/\/dev.explora.cl\/ohiggins\/wp-content\/uploads\/sites\/8\/2022\/11\/IMG_1205-300x200.jpg 300w, https:\/\/dev.explora.cl\/ohiggins\/wp-content\/uploads\/sites\/8\/2022\/11\/IMG_1205-768x512.jpg 768w, https:\/\/dev.explora.cl\/ohiggins\/wp-content\/uploads\/sites\/8\/2022\/11\/IMG_1205-1024x683.jpg 1024w\" sizes=\"auto, (max-width: 300px) 100vw, 300px\" \/><\/p>\n","protected":false},"excerpt":{"rendered":"<p>Los equipos de la Escuela El Rinc\u00f3n de Mostazal, del Liceo Luis Urbina de Rengo y del Liceo Comercial Diego Portales de Rancagua, ser\u00e1n los representantes en la m\u00e1xima cita de investigaci\u00f3n e innovaci\u00f3n escolar del pa\u00eds.<\/p>\n","protected":false},"author":23,"featured_media":39349,"comment_status":"open","ping_status":"open","sticky":false,"template":"","format":"standard","meta":{"_acf_changed":false,"_exactmetrics_skip_tracking":false,"_exactmetrics_sitenote_active":false,"_exactmetrics_sitenote_note":"","_exactmetrics_sitenote_category":0,"footnotes":"","_links_to":"","_links_to_target":""},"categories":[4],"tags":[],"class_list":["post-39345","post","type-post","status-publish","format-standard","has-post-thumbnail","hentry","category-noticias"],"acf":[],"yoast_head":"<!-- This site is optimized with the Yoast SEO plugin v26.7 - https:\/\/yoast.com\/wordpress\/plugins\/seo\/ -->\n<title>Regi\u00f3n de O\u00b4Higgins ya tiene sus tres representantes para el Congreso Nacional Explora 2023 - O&#039;Higgins<\/title>\n<meta name=\"robots\" content=\"index, follow, max-snippet:-1, max-image-preview:large, max-video-preview:-1\" \/>\n<link rel=\"canonical\" href=\"https:\/\/dev.explora.cl\/ohiggins\/region-de-ohiggins-ya-tiene-sus-tres-representantes-para-el-congreso-nacional-explora-2023\/\" class=\"yoast-seo-meta-tag\" \/>\n<meta property=\"og:locale\" content=\"es_ES\" class=\"yoast-seo-meta-tag\" \/>\n<meta property=\"og:type\" content=\"article\" class=\"yoast-seo-meta-tag\" \/>\n<meta property=\"og:title\" content=\"Regi\u00f3n de O\u00b4Higgins ya tiene sus tres representantes para el Congreso Nacional Explora 2023 - O&#039;Higgins\" class=\"yoast-seo-meta-tag\" \/>\n<meta property=\"og:description\" content=\"Los equipos de la Escuela El Rinc\u00f3n de Mostazal, del Liceo Luis Urbina de Rengo y del Liceo Comercial Diego Portales de Rancagua, ser\u00e1n los representantes en la m\u00e1xima cita de investigaci\u00f3n e innovaci\u00f3n escolar del pa\u00eds.\" class=\"yoast-seo-meta-tag\" \/>\n<meta property=\"og:url\" content=\"https:\/\/dev.explora.cl\/ohiggins\/region-de-ohiggins-ya-tiene-sus-tres-representantes-para-el-congreso-nacional-explora-2023\/\" class=\"yoast-seo-meta-tag\" \/>\n<meta property=\"og:site_name\" content=\"O&#039;Higgins\" class=\"yoast-seo-meta-tag\" \/>\n<meta property=\"article:published_time\" content=\"2022-11-18T21:31:28+00:00\" class=\"yoast-seo-meta-tag\" \/>\n<meta property=\"article:modified_time\" content=\"2022-12-14T16:35:21+00:00\" class=\"yoast-seo-meta-tag\" \/>\n<meta property=\"og:image\" content=\"https:\/\/dev.explora.cl\/ohiggins\/wp-content\/uploads\/sites\/8\/2022\/11\/IMG_1333-1024x683.jpg\" class=\"yoast-seo-meta-tag\" \/>\n\t<meta property=\"og:image:width\" content=\"1024\" class=\"yoast-seo-meta-tag\" \/>\n\t<meta property=\"og:image:height\" content=\"683\" class=\"yoast-seo-meta-tag\" \/>\n\t<meta property=\"og:image:type\" content=\"image\/jpeg\" class=\"yoast-seo-meta-tag\" \/>\n<meta name=\"author\" content=\"nsalazar\" class=\"yoast-seo-meta-tag\" \/>\n<meta name=\"twitter:card\" content=\"summary_large_image\" class=\"yoast-seo-meta-tag\" \/>\n<meta name=\"twitter:label1\" content=\"Escrito por\" class=\"yoast-seo-meta-tag\" \/>\n\t<meta name=\"twitter:data1\" content=\"nsalazar\" class=\"yoast-seo-meta-tag\" \/>\n\t<meta name=\"twitter:label2\" content=\"Tiempo estimado de lectura\" class=\"yoast-seo-meta-tag\" \/>\n\t<meta name=\"twitter:data2\" content=\"5 minutos\" class=\"yoast-seo-meta-tag\" \/>\n<script type=\"application\/ld+json\" class=\"yoast-schema-graph\">{\"@context\":\"https:\/\/schema.org\",\"@graph\":[{\"@type\":\"Article\",\"@id\":\"https:\/\/dev.explora.cl\/ohiggins\/region-de-ohiggins-ya-tiene-sus-tres-representantes-para-el-congreso-nacional-explora-2023\/#article\",\"isPartOf\":{\"@id\":\"https:\/\/dev.explora.cl\/ohiggins\/region-de-ohiggins-ya-tiene-sus-tres-representantes-para-el-congreso-nacional-explora-2023\/\"},\"author\":{\"name\":\"nsalazar\",\"@id\":\"https:\/\/dev.explora.cl\/ohiggins\/#\/schema\/person\/3240d62ad2624da9148a475abbc509b0\"},\"headline\":\"Regi\u00f3n de O\u00b4Higgins ya tiene sus tres representantes para el Congreso Nacional Explora 2023\",\"datePublished\":\"2022-11-18T21:31:28+00:00\",\"dateModified\":\"2022-12-14T16:35:21+00:00\",\"mainEntityOfPage\":{\"@id\":\"https:\/\/dev.explora.cl\/ohiggins\/region-de-ohiggins-ya-tiene-sus-tres-representantes-para-el-congreso-nacional-explora-2023\/\"},\"wordCount\":971,\"commentCount\":0,\"image\":{\"@id\":\"https:\/\/dev.explora.cl\/ohiggins\/region-de-ohiggins-ya-tiene-sus-tres-representantes-para-el-congreso-nacional-explora-2023\/#primaryimage\"},\"thumbnailUrl\":\"https:\/\/dev.explora.cl\/ohiggins\/wp-content\/uploads\/sites\/8\/2022\/11\/IMG_1333.jpg\",\"articleSection\":[\"Noticias\"],\"inLanguage\":\"es-CL\",\"potentialAction\":[{\"@type\":\"CommentAction\",\"name\":\"Comment\",\"target\":[\"https:\/\/dev.explora.cl\/ohiggins\/region-de-ohiggins-ya-tiene-sus-tres-representantes-para-el-congreso-nacional-explora-2023\/#respond\"]}]},{\"@type\":\"WebPage\",\"@id\":\"https:\/\/dev.explora.cl\/ohiggins\/region-de-ohiggins-ya-tiene-sus-tres-representantes-para-el-congreso-nacional-explora-2023\/\",\"url\":\"https:\/\/dev.explora.cl\/ohiggins\/region-de-ohiggins-ya-tiene-sus-tres-representantes-para-el-congreso-nacional-explora-2023\/\",\"name\":\"Regi\u00f3n de O\u00b4Higgins ya tiene sus tres representantes para el Congreso Nacional Explora 2023 - O&#039;Higgins\",\"isPartOf\":{\"@id\":\"https:\/\/dev.explora.cl\/ohiggins\/#website\"},\"primaryImageOfPage\":{\"@id\":\"https:\/\/dev.explora.cl\/ohiggins\/region-de-ohiggins-ya-tiene-sus-tres-representantes-para-el-congreso-nacional-explora-2023\/#primaryimage\"},\"image\":{\"@id\":\"https:\/\/dev.explora.cl\/ohiggins\/region-de-ohiggins-ya-tiene-sus-tres-representantes-para-el-congreso-nacional-explora-2023\/#primaryimage\"},\"thumbnailUrl\":\"https:\/\/dev.explora.cl\/ohiggins\/wp-content\/uploads\/sites\/8\/2022\/11\/IMG_1333.jpg\",\"datePublished\":\"2022-11-18T21:31:28+00:00\",\"dateModified\":\"2022-12-14T16:35:21+00:00\",\"author\":{\"@id\":\"https:\/\/dev.explora.cl\/ohiggins\/#\/schema\/person\/3240d62ad2624da9148a475abbc509b0\"},\"breadcrumb\":{\"@id\":\"https:\/\/dev.explora.cl\/ohiggins\/region-de-ohiggins-ya-tiene-sus-tres-representantes-para-el-congreso-nacional-explora-2023\/#breadcrumb\"},\"inLanguage\":\"es-CL\",\"potentialAction\":[{\"@type\":\"ReadAction\",\"target\":[\"https:\/\/dev.explora.cl\/ohiggins\/region-de-ohiggins-ya-tiene-sus-tres-representantes-para-el-congreso-nacional-explora-2023\/\"]}]},{\"@type\":\"ImageObject\",\"inLanguage\":\"es-CL\",\"@id\":\"https:\/\/dev.explora.cl\/ohiggins\/region-de-ohiggins-ya-tiene-sus-tres-representantes-para-el-congreso-nacional-explora-2023\/#primaryimage\",\"url\":\"https:\/\/dev.explora.cl\/ohiggins\/wp-content\/uploads\/sites\/8\/2022\/11\/IMG_1333.jpg\",\"contentUrl\":\"https:\/\/dev.explora.cl\/ohiggins\/wp-content\/uploads\/sites\/8\/2022\/11\/IMG_1333.jpg\",\"width\":3984,\"height\":2656},{\"@type\":\"BreadcrumbList\",\"@id\":\"https:\/\/dev.explora.cl\/ohiggins\/region-de-ohiggins-ya-tiene-sus-tres-representantes-para-el-congreso-nacional-explora-2023\/#breadcrumb\",\"itemListElement\":[{\"@type\":\"ListItem\",\"position\":1,\"name\":\"Portada\",\"item\":\"https:\/\/dev.explora.cl\/ohiggins\/\"},{\"@type\":\"ListItem\",\"position\":2,\"name\":\"Regi\u00f3n de O\u00b4Higgins ya tiene sus tres representantes para el Congreso Nacional Explora 2023\"}]},{\"@type\":\"WebSite\",\"@id\":\"https:\/\/dev.explora.cl\/ohiggins\/#website\",\"url\":\"https:\/\/dev.explora.cl\/ohiggins\/\",\"name\":\"O&#039;Higgins\",\"description\":\"Otro sitio m\u00e1s de dev.explora.cl\",\"potentialAction\":[{\"@type\":\"SearchAction\",\"target\":{\"@type\":\"EntryPoint\",\"urlTemplate\":\"https:\/\/dev.explora.cl\/ohiggins\/?s={search_term_string}\"},\"query-input\":{\"@type\":\"PropertyValueSpecification\",\"valueRequired\":true,\"valueName\":\"search_term_string\"}}],\"inLanguage\":\"es-CL\"},{\"@type\":\"Person\",\"@id\":\"https:\/\/dev.explora.cl\/ohiggins\/#\/schema\/person\/3240d62ad2624da9148a475abbc509b0\",\"name\":\"nsalazar\",\"image\":{\"@type\":\"ImageObject\",\"inLanguage\":\"es-CL\",\"@id\":\"https:\/\/dev.explora.cl\/ohiggins\/#\/schema\/person\/image\/\",\"url\":\"https:\/\/secure.gravatar.com\/avatar\/b8cf276f31998a0865a3b90e4d663d91b97848887282c9f9a56cad57ff01cc7e?s=96&d=mm&r=g\",\"contentUrl\":\"https:\/\/secure.gravatar.com\/avatar\/b8cf276f31998a0865a3b90e4d663d91b97848887282c9f9a56cad57ff01cc7e?s=96&d=mm&r=g\",\"caption\":\"nsalazar\"},\"url\":\"https:\/\/dev.explora.cl\/ohiggins\/author\/nsalazar\/\"}]}<\/script>\n<!-- \/ Yoast SEO plugin. -->","yoast_head_json":{"title":"Regi\u00f3n de O\u00b4Higgins ya tiene sus tres representantes para el Congreso Nacional Explora 2023 - O&#039;Higgins","robots":{"index":"index","follow":"follow","max-snippet":"max-snippet:-1","max-image-preview":"max-image-preview:large","max-video-preview":"max-video-preview:-1"},"canonical":"https:\/\/dev.explora.cl\/ohiggins\/region-de-ohiggins-ya-tiene-sus-tres-representantes-para-el-congreso-nacional-explora-2023\/","og_locale":"es_ES","og_type":"article","og_title":"Regi\u00f3n de O\u00b4Higgins ya tiene sus tres representantes para el Congreso Nacional Explora 2023 - O&#039;Higgins","og_description":"Los equipos de la Escuela El Rinc\u00f3n de Mostazal, del Liceo Luis Urbina de Rengo y del Liceo Comercial Diego Portales de Rancagua, ser\u00e1n los representantes en la m\u00e1xima cita de investigaci\u00f3n e innovaci\u00f3n escolar del pa\u00eds.","og_url":"https:\/\/dev.explora.cl\/ohiggins\/region-de-ohiggins-ya-tiene-sus-tres-representantes-para-el-congreso-nacional-explora-2023\/","og_site_name":"O&#039;Higgins","article_published_time":"2022-11-18T21:31:28+00:00","article_modified_time":"2022-12-14T16:35:21+00:00","og_image":[{"width":1024,"height":683,"url":"https:\/\/dev.explora.cl\/ohiggins\/wp-content\/uploads\/sites\/8\/2022\/11\/IMG_1333-1024x683.jpg","type":"image\/jpeg"}],"author":"nsalazar","twitter_card":"summary_large_image","twitter_misc":{"Escrito por":"nsalazar","Tiempo estimado de lectura":"5 minutos"},"schema":{"@context":"https:\/\/schema.org","@graph":[{"@type":"Article","@id":"https:\/\/dev.explora.cl\/ohiggins\/region-de-ohiggins-ya-tiene-sus-tres-representantes-para-el-congreso-nacional-explora-2023\/#article","isPartOf":{"@id":"https:\/\/dev.explora.cl\/ohiggins\/region-de-ohiggins-ya-tiene-sus-tres-representantes-para-el-congreso-nacional-explora-2023\/"},"author":{"name":"nsalazar","@id":"https:\/\/dev.explora.cl\/ohiggins\/#\/schema\/person\/3240d62ad2624da9148a475abbc509b0"},"headline":"Regi\u00f3n de O\u00b4Higgins ya tiene sus tres representantes para el Congreso Nacional Explora 2023","datePublished":"2022-11-18T21:31:28+00:00","dateModified":"2022-12-14T16:35:21+00:00","mainEntityOfPage":{"@id":"https:\/\/dev.explora.cl\/ohiggins\/region-de-ohiggins-ya-tiene-sus-tres-representantes-para-el-congreso-nacional-explora-2023\/"},"wordCount":971,"commentCount":0,"image":{"@id":"https:\/\/dev.explora.cl\/ohiggins\/region-de-ohiggins-ya-tiene-sus-tres-representantes-para-el-congreso-nacional-explora-2023\/#primaryimage"},"thumbnailUrl":"https:\/\/dev.explora.cl\/ohiggins\/wp-content\/uploads\/sites\/8\/2022\/11\/IMG_1333.jpg","articleSection":["Noticias"],"inLanguage":"es-CL","potentialAction":[{"@type":"CommentAction","name":"Comment","target":["https:\/\/dev.explora.cl\/ohiggins\/region-de-ohiggins-ya-tiene-sus-tres-representantes-para-el-congreso-nacional-explora-2023\/#respond"]}]},{"@type":"WebPage","@id":"https:\/\/dev.explora.cl\/ohiggins\/region-de-ohiggins-ya-tiene-sus-tres-representantes-para-el-congreso-nacional-explora-2023\/","url":"https:\/\/dev.explora.cl\/ohiggins\/region-de-ohiggins-ya-tiene-sus-tres-representantes-para-el-congreso-nacional-explora-2023\/","name":"Regi\u00f3n de O\u00b4Higgins ya tiene sus tres representantes para el Congreso Nacional Explora 2023 - O&#039;Higgins","isPartOf":{"@id":"https:\/\/dev.explora.cl\/ohiggins\/#website"},"primaryImageOfPage":{"@id":"https:\/\/dev.explora.cl\/ohiggins\/region-de-ohiggins-ya-tiene-sus-tres-representantes-para-el-congreso-nacional-explora-2023\/#primaryimage"},"image":{"@id":"https:\/\/dev.explora.cl\/ohiggins\/region-de-ohiggins-ya-tiene-sus-tres-representantes-para-el-congreso-nacional-explora-2023\/#primaryimage"},"thumbnailUrl":"https:\/\/dev.explora.cl\/ohiggins\/wp-content\/uploads\/sites\/8\/2022\/11\/IMG_1333.jpg","datePublished":"2022-11-18T21:31:28+00:00","dateModified":"2022-12-14T16:35:21+00:00","author":{"@id":"https:\/\/dev.explora.cl\/ohiggins\/#\/schema\/person\/3240d62ad2624da9148a475abbc509b0"},"breadcrumb":{"@id":"https:\/\/dev.explora.cl\/ohiggins\/region-de-ohiggins-ya-tiene-sus-tres-representantes-para-el-congreso-nacional-explora-2023\/#breadcrumb"},"inLanguage":"es-CL","potentialAction":[{"@type":"ReadAction","target":["https:\/\/dev.explora.cl\/ohiggins\/region-de-ohiggins-ya-tiene-sus-tres-representantes-para-el-congreso-nacional-explora-2023\/"]}]},{"@type":"ImageObject","inLanguage":"es-CL","@id":"https:\/\/dev.explora.cl\/ohiggins\/region-de-ohiggins-ya-tiene-sus-tres-representantes-para-el-congreso-nacional-explora-2023\/#primaryimage","url":"https:\/\/dev.explora.cl\/ohiggins\/wp-content\/uploads\/sites\/8\/2022\/11\/IMG_1333.jpg","contentUrl":"https:\/\/dev.explora.cl\/ohiggins\/wp-content\/uploads\/sites\/8\/2022\/11\/IMG_1333.jpg","width":3984,"height":2656},{"@type":"BreadcrumbList","@id":"https:\/\/dev.explora.cl\/ohiggins\/region-de-ohiggins-ya-tiene-sus-tres-representantes-para-el-congreso-nacional-explora-2023\/#breadcrumb","itemListElement":[{"@type":"ListItem","position":1,"name":"Portada","item":"https:\/\/dev.explora.cl\/ohiggins\/"},{"@type":"ListItem","position":2,"name":"Regi\u00f3n de O\u00b4Higgins ya tiene sus tres representantes para el Congreso Nacional Explora 2023"}]},{"@type":"WebSite","@id":"https:\/\/dev.explora.cl\/ohiggins\/#website","url":"https:\/\/dev.explora.cl\/ohiggins\/","name":"O&#039;Higgins","description":"Otro sitio m\u00e1s de dev.explora.cl","potentialAction":[{"@type":"SearchAction","target":{"@type":"EntryPoint","urlTemplate":"https:\/\/dev.explora.cl\/ohiggins\/?s={search_term_string}"},"query-input":{"@type":"PropertyValueSpecification","valueRequired":true,"valueName":"search_term_string"}}],"inLanguage":"es-CL"},{"@type":"Person","@id":"https:\/\/dev.explora.cl\/ohiggins\/#\/schema\/person\/3240d62ad2624da9148a475abbc509b0","name":"nsalazar","image":{"@type":"ImageObject","inLanguage":"es-CL","@id":"https:\/\/dev.explora.cl\/ohiggins\/#\/schema\/person\/image\/","url":"https:\/\/secure.gravatar.com\/avatar\/b8cf276f31998a0865a3b90e4d663d91b97848887282c9f9a56cad57ff01cc7e?s=96&d=mm&r=g","contentUrl":"https:\/\/secure.gravatar.com\/avatar\/b8cf276f31998a0865a3b90e4d663d91b97848887282c9f9a56cad57ff01cc7e?s=96&d=mm&r=g","caption":"nsalazar"},"url":"https:\/\/dev.explora.cl\/ohiggins\/author\/nsalazar\/"}]}},"_links":{"self":[{"href":"https:\/\/dev.explora.cl\/ohiggins\/wp-json\/wp\/v2\/posts\/39345","targetHints":{"allow":["GET"]}}],"collection":[{"href":"https:\/\/dev.explora.cl\/ohiggins\/wp-json\/wp\/v2\/posts"}],"about":[{"href":"https:\/\/dev.explora.cl\/ohiggins\/wp-json\/wp\/v2\/types\/post"}],"author":[{"embeddable":true,"href":"https:\/\/dev.explora.cl\/ohiggins\/wp-json\/wp\/v2\/users\/23"}],"replies":[{"embeddable":true,"href":"https:\/\/dev.explora.cl\/ohiggins\/wp-json\/wp\/v2\/comments?post=39345"}],"version-history":[{"count":1,"href":"https:\/\/dev.explora.cl\/ohiggins\/wp-json\/wp\/v2\/posts\/39345\/revisions"}],"predecessor-version":[{"id":39350,"href":"https:\/\/dev.explora.cl\/ohiggins\/wp-json\/wp\/v2\/posts\/39345\/revisions\/39350"}],"wp:featuredmedia":[{"embeddable":true,"href":"https:\/\/dev.explora.cl\/ohiggins\/wp-json\/wp\/v2\/media\/39349"}],"wp:attachment":[{"href":"https:\/\/dev.explora.cl\/ohiggins\/wp-json\/wp\/v2\/media?parent=39345"}],"wp:term":[{"taxonomy":"category","embeddable":true,"href":"https:\/\/dev.explora.cl\/ohiggins\/wp-json\/wp\/v2\/categories?post=39345"},{"taxonomy":"post_tag","embeddable":true,"href":"https:\/\/dev.explora.cl\/ohiggins\/wp-json\/wp\/v2\/tags?post=39345"}],"curies":[{"name":"wp","href":"https:\/\/api.w.org\/{rel}","templated":true}]}}