{"id":39302,"date":"2022-10-05T20:48:05","date_gmt":"2022-10-05T23:48:05","guid":{"rendered":"https:\/\/dev.explora.cl\/ohiggins\/?p=39302"},"modified":"2022-11-10T14:56:33","modified_gmt":"2022-11-10T17:56:33","slug":"proyectos-admisibles-en-la-primera-etapa-para-el-xv-congreso-regional-explora","status":"publish","type":"post","link":"https:\/\/dev.explora.cl\/ohiggins\/proyectos-admisibles-en-la-primera-etapa-para-el-xv-congreso-regional-explora\/","title":{"rendered":"Proyectos admisibles en la primera etapa para el XV Congreso Regional Explora"},"content":{"rendered":"<p>Compartimos con ustedes los 20 proyectos admisibles para participar del XV Congreso Regional Explora de Investigaci\u00f3n e Innovaci\u00f3n Escolar Regi\u00f3n de O\u00b4Higgins que se realizar\u00e1 el mes de noviembre en Pichilemu. En total se recibieron 24 proyectos, de nueve comunas diferentes de la regi\u00f3n, que fueron revisados en profundidad por el equipo PAR Explora O\u00b4Higgins. En esta primera etapa se revisan los aspectos formales y exigencias que se solicitan en las Bases.<\/p>\n<p>Los trabajos admisibles pasan a la siguiente etapa que corresponde a la revisi\u00f3n escrita por parte de evaluadores\/as, que tendr\u00e1n dos semanas para enviar las pautas de evaluaci\u00f3n, y a partir de eso, definir los seleccionados para presentarse en el XV Congreso Regional, programado en formato presencial para el 10 y 11 de noviembre en la comuna de Pichilemu.<\/p>\n<p>Felicitaciones a todos los proyectos admisibles que avanzaron de etapa.<\/p>\n<p><img loading=\"lazy\" decoding=\"async\" class=\"alignnone wp-image-39304 size-full\" src=\"https:\/\/dev.explora.cl\/ohiggins\/wp-content\/uploads\/sites\/8\/2022\/10\/Captura-de-pantalla-29.png\" alt=\"\" width=\"937\" height=\"549\" srcset=\"https:\/\/dev.explora.cl\/ohiggins\/wp-content\/uploads\/sites\/8\/2022\/10\/Captura-de-pantalla-29.png 937w, https:\/\/dev.explora.cl\/ohiggins\/wp-content\/uploads\/sites\/8\/2022\/10\/Captura-de-pantalla-29-300x176.png 300w, https:\/\/dev.explora.cl\/ohiggins\/wp-content\/uploads\/sites\/8\/2022\/10\/Captura-de-pantalla-29-768x450.png 768w\" sizes=\"auto, (max-width: 937px) 100vw, 937px\" \/><\/p>\n","protected":false},"excerpt":{"rendered":"<p>Presentamos la lista de proyectos que pasaron la primera etapa de admisibilidad del XV Congreso Regional Explora de Investigaci\u00f3n e Innovaci\u00f3n Escolar Regi\u00f3n de O\u00b4Higgins.<\/p>\n","protected":false},"author":23,"featured_media":39303,"comment_status":"open","ping_status":"open","sticky":false,"template":"","format":"standard","meta":{"_acf_changed":false,"_exactmetrics_skip_tracking":false,"_exactmetrics_sitenote_active":false,"_exactmetrics_sitenote_note":"","_exactmetrics_sitenote_category":0,"footnotes":"","_links_to":"","_links_to_target":""},"categories":[4],"tags":[],"class_list":["post-39302","post","type-post","status-publish","format-standard","has-post-thumbnail","hentry","category-noticias"],"acf":[],"yoast_head":"<!-- This site is optimized with the Yoast SEO plugin v26.7 - https:\/\/yoast.com\/wordpress\/plugins\/seo\/ -->\n<title>Proyectos admisibles en la primera etapa para el XV Congreso Regional Explora - O&#039;Higgins<\/title>\n<meta name=\"robots\" content=\"index, follow, max-snippet:-1, max-image-preview:large, max-video-preview:-1\" \/>\n<link rel=\"canonical\" href=\"https:\/\/dev.explora.cl\/ohiggins\/proyectos-admisibles-en-la-primera-etapa-para-el-xv-congreso-regional-explora\/\" class=\"yoast-seo-meta-tag\" \/>\n<meta property=\"og:locale\" content=\"es_ES\" class=\"yoast-seo-meta-tag\" \/>\n<meta property=\"og:type\" content=\"article\" class=\"yoast-seo-meta-tag\" \/>\n<meta property=\"og:title\" content=\"Proyectos admisibles en la primera etapa para el XV Congreso Regional Explora - O&#039;Higgins\" class=\"yoast-seo-meta-tag\" \/>\n<meta property=\"og:description\" content=\"Presentamos la lista de proyectos que pasaron la primera etapa de admisibilidad del XV Congreso Regional Explora de Investigaci\u00f3n e Innovaci\u00f3n Escolar Regi\u00f3n de O\u00b4Higgins.\" class=\"yoast-seo-meta-tag\" \/>\n<meta property=\"og:url\" content=\"https:\/\/dev.explora.cl\/ohiggins\/proyectos-admisibles-en-la-primera-etapa-para-el-xv-congreso-regional-explora\/\" class=\"yoast-seo-meta-tag\" \/>\n<meta property=\"og:site_name\" content=\"O&#039;Higgins\" class=\"yoast-seo-meta-tag\" \/>\n<meta property=\"article:published_time\" content=\"2022-10-05T23:48:05+00:00\" class=\"yoast-seo-meta-tag\" \/>\n<meta property=\"article:modified_time\" content=\"2022-11-10T17:56:33+00:00\" class=\"yoast-seo-meta-tag\" \/>\n<meta property=\"og:image\" content=\"https:\/\/dev.explora.cl\/ohiggins\/wp-content\/uploads\/sites\/8\/2022\/10\/congreso-portada.jpg\" class=\"yoast-seo-meta-tag\" \/>\n\t<meta property=\"og:image:width\" content=\"956\" class=\"yoast-seo-meta-tag\" \/>\n\t<meta property=\"og:image:height\" content=\"574\" class=\"yoast-seo-meta-tag\" \/>\n\t<meta property=\"og:image:type\" content=\"image\/jpeg\" class=\"yoast-seo-meta-tag\" \/>\n<meta name=\"author\" content=\"nsalazar\" class=\"yoast-seo-meta-tag\" \/>\n<meta name=\"twitter:card\" content=\"summary_large_image\" class=\"yoast-seo-meta-tag\" \/>\n<meta name=\"twitter:label1\" content=\"Escrito por\" class=\"yoast-seo-meta-tag\" \/>\n\t<meta name=\"twitter:data1\" content=\"nsalazar\" class=\"yoast-seo-meta-tag\" \/>\n\t<meta name=\"twitter:label2\" content=\"Tiempo estimado de lectura\" class=\"yoast-seo-meta-tag\" \/>\n\t<meta name=\"twitter:data2\" content=\"1 minuto\" class=\"yoast-seo-meta-tag\" \/>\n<script type=\"application\/ld+json\" class=\"yoast-schema-graph\">{\"@context\":\"https:\/\/schema.org\",\"@graph\":[{\"@type\":\"Article\",\"@id\":\"https:\/\/dev.explora.cl\/ohiggins\/proyectos-admisibles-en-la-primera-etapa-para-el-xv-congreso-regional-explora\/#article\",\"isPartOf\":{\"@id\":\"https:\/\/dev.explora.cl\/ohiggins\/proyectos-admisibles-en-la-primera-etapa-para-el-xv-congreso-regional-explora\/\"},\"author\":{\"name\":\"nsalazar\",\"@id\":\"https:\/\/dev.explora.cl\/ohiggins\/#\/schema\/person\/3240d62ad2624da9148a475abbc509b0\"},\"headline\":\"Proyectos admisibles en la primera etapa para el XV Congreso Regional Explora\",\"datePublished\":\"2022-10-05T23:48:05+00:00\",\"dateModified\":\"2022-11-10T17:56:33+00:00\",\"mainEntityOfPage\":{\"@id\":\"https:\/\/dev.explora.cl\/ohiggins\/proyectos-admisibles-en-la-primera-etapa-para-el-xv-congreso-regional-explora\/\"},\"wordCount\":159,\"commentCount\":0,\"image\":{\"@id\":\"https:\/\/dev.explora.cl\/ohiggins\/proyectos-admisibles-en-la-primera-etapa-para-el-xv-congreso-regional-explora\/#primaryimage\"},\"thumbnailUrl\":\"https:\/\/dev.explora.cl\/ohiggins\/wp-content\/uploads\/sites\/8\/2022\/10\/congreso-portada.jpg\",\"articleSection\":[\"Noticias\"],\"inLanguage\":\"es-CL\",\"potentialAction\":[{\"@type\":\"CommentAction\",\"name\":\"Comment\",\"target\":[\"https:\/\/dev.explora.cl\/ohiggins\/proyectos-admisibles-en-la-primera-etapa-para-el-xv-congreso-regional-explora\/#respond\"]}]},{\"@type\":\"WebPage\",\"@id\":\"https:\/\/dev.explora.cl\/ohiggins\/proyectos-admisibles-en-la-primera-etapa-para-el-xv-congreso-regional-explora\/\",\"url\":\"https:\/\/dev.explora.cl\/ohiggins\/proyectos-admisibles-en-la-primera-etapa-para-el-xv-congreso-regional-explora\/\",\"name\":\"Proyectos admisibles en la primera etapa para el XV Congreso Regional Explora - O&#039;Higgins\",\"isPartOf\":{\"@id\":\"https:\/\/dev.explora.cl\/ohiggins\/#website\"},\"primaryImageOfPage\":{\"@id\":\"https:\/\/dev.explora.cl\/ohiggins\/proyectos-admisibles-en-la-primera-etapa-para-el-xv-congreso-regional-explora\/#primaryimage\"},\"image\":{\"@id\":\"https:\/\/dev.explora.cl\/ohiggins\/proyectos-admisibles-en-la-primera-etapa-para-el-xv-congreso-regional-explora\/#primaryimage\"},\"thumbnailUrl\":\"https:\/\/dev.explora.cl\/ohiggins\/wp-content\/uploads\/sites\/8\/2022\/10\/congreso-portada.jpg\",\"datePublished\":\"2022-10-05T23:48:05+00:00\",\"dateModified\":\"2022-11-10T17:56:33+00:00\",\"author\":{\"@id\":\"https:\/\/dev.explora.cl\/ohiggins\/#\/schema\/person\/3240d62ad2624da9148a475abbc509b0\"},\"breadcrumb\":{\"@id\":\"https:\/\/dev.explora.cl\/ohiggins\/proyectos-admisibles-en-la-primera-etapa-para-el-xv-congreso-regional-explora\/#breadcrumb\"},\"inLanguage\":\"es-CL\",\"potentialAction\":[{\"@type\":\"ReadAction\",\"target\":[\"https:\/\/dev.explora.cl\/ohiggins\/proyectos-admisibles-en-la-primera-etapa-para-el-xv-congreso-regional-explora\/\"]}]},{\"@type\":\"ImageObject\",\"inLanguage\":\"es-CL\",\"@id\":\"https:\/\/dev.explora.cl\/ohiggins\/proyectos-admisibles-en-la-primera-etapa-para-el-xv-congreso-regional-explora\/#primaryimage\",\"url\":\"https:\/\/dev.explora.cl\/ohiggins\/wp-content\/uploads\/sites\/8\/2022\/10\/congreso-portada.jpg\",\"contentUrl\":\"https:\/\/dev.explora.cl\/ohiggins\/wp-content\/uploads\/sites\/8\/2022\/10\/congreso-portada.jpg\",\"width\":956,\"height\":574},{\"@type\":\"BreadcrumbList\",\"@id\":\"https:\/\/dev.explora.cl\/ohiggins\/proyectos-admisibles-en-la-primera-etapa-para-el-xv-congreso-regional-explora\/#breadcrumb\",\"itemListElement\":[{\"@type\":\"ListItem\",\"position\":1,\"name\":\"Portada\",\"item\":\"https:\/\/dev.explora.cl\/ohiggins\/\"},{\"@type\":\"ListItem\",\"position\":2,\"name\":\"Proyectos admisibles en la primera etapa para el XV Congreso Regional Explora\"}]},{\"@type\":\"WebSite\",\"@id\":\"https:\/\/dev.explora.cl\/ohiggins\/#website\",\"url\":\"https:\/\/dev.explora.cl\/ohiggins\/\",\"name\":\"O&#039;Higgins\",\"description\":\"Otro sitio m\u00e1s de dev.explora.cl\",\"potentialAction\":[{\"@type\":\"SearchAction\",\"target\":{\"@type\":\"EntryPoint\",\"urlTemplate\":\"https:\/\/dev.explora.cl\/ohiggins\/?s={search_term_string}\"},\"query-input\":{\"@type\":\"PropertyValueSpecification\",\"valueRequired\":true,\"valueName\":\"search_term_string\"}}],\"inLanguage\":\"es-CL\"},{\"@type\":\"Person\",\"@id\":\"https:\/\/dev.explora.cl\/ohiggins\/#\/schema\/person\/3240d62ad2624da9148a475abbc509b0\",\"name\":\"nsalazar\",\"image\":{\"@type\":\"ImageObject\",\"inLanguage\":\"es-CL\",\"@id\":\"https:\/\/dev.explora.cl\/ohiggins\/#\/schema\/person\/image\/\",\"url\":\"https:\/\/secure.gravatar.com\/avatar\/b8cf276f31998a0865a3b90e4d663d91b97848887282c9f9a56cad57ff01cc7e?s=96&d=mm&r=g\",\"contentUrl\":\"https:\/\/secure.gravatar.com\/avatar\/b8cf276f31998a0865a3b90e4d663d91b97848887282c9f9a56cad57ff01cc7e?s=96&d=mm&r=g\",\"caption\":\"nsalazar\"},\"url\":\"https:\/\/dev.explora.cl\/ohiggins\/author\/nsalazar\/\"}]}<\/script>\n<!-- \/ Yoast SEO plugin. -->","yoast_head_json":{"title":"Proyectos admisibles en la primera etapa para el XV Congreso Regional Explora - O&#039;Higgins","robots":{"index":"index","follow":"follow","max-snippet":"max-snippet:-1","max-image-preview":"max-image-preview:large","max-video-preview":"max-video-preview:-1"},"canonical":"https:\/\/dev.explora.cl\/ohiggins\/proyectos-admisibles-en-la-primera-etapa-para-el-xv-congreso-regional-explora\/","og_locale":"es_ES","og_type":"article","og_title":"Proyectos admisibles en la primera etapa para el XV Congreso Regional Explora - O&#039;Higgins","og_description":"Presentamos la lista de proyectos que pasaron la primera etapa de admisibilidad del XV Congreso Regional Explora de Investigaci\u00f3n e Innovaci\u00f3n Escolar Regi\u00f3n de O\u00b4Higgins.","og_url":"https:\/\/dev.explora.cl\/ohiggins\/proyectos-admisibles-en-la-primera-etapa-para-el-xv-congreso-regional-explora\/","og_site_name":"O&#039;Higgins","article_published_time":"2022-10-05T23:48:05+00:00","article_modified_time":"2022-11-10T17:56:33+00:00","og_image":[{"width":956,"height":574,"url":"https:\/\/dev.explora.cl\/ohiggins\/wp-content\/uploads\/sites\/8\/2022\/10\/congreso-portada.jpg","type":"image\/jpeg"}],"author":"nsalazar","twitter_card":"summary_large_image","twitter_misc":{"Escrito por":"nsalazar","Tiempo estimado de lectura":"1 minuto"},"schema":{"@context":"https:\/\/schema.org","@graph":[{"@type":"Article","@id":"https:\/\/dev.explora.cl\/ohiggins\/proyectos-admisibles-en-la-primera-etapa-para-el-xv-congreso-regional-explora\/#article","isPartOf":{"@id":"https:\/\/dev.explora.cl\/ohiggins\/proyectos-admisibles-en-la-primera-etapa-para-el-xv-congreso-regional-explora\/"},"author":{"name":"nsalazar","@id":"https:\/\/dev.explora.cl\/ohiggins\/#\/schema\/person\/3240d62ad2624da9148a475abbc509b0"},"headline":"Proyectos admisibles en la primera etapa para el XV Congreso Regional Explora","datePublished":"2022-10-05T23:48:05+00:00","dateModified":"2022-11-10T17:56:33+00:00","mainEntityOfPage":{"@id":"https:\/\/dev.explora.cl\/ohiggins\/proyectos-admisibles-en-la-primera-etapa-para-el-xv-congreso-regional-explora\/"},"wordCount":159,"commentCount":0,"image":{"@id":"https:\/\/dev.explora.cl\/ohiggins\/proyectos-admisibles-en-la-primera-etapa-para-el-xv-congreso-regional-explora\/#primaryimage"},"thumbnailUrl":"https:\/\/dev.explora.cl\/ohiggins\/wp-content\/uploads\/sites\/8\/2022\/10\/congreso-portada.jpg","articleSection":["Noticias"],"inLanguage":"es-CL","potentialAction":[{"@type":"CommentAction","name":"Comment","target":["https:\/\/dev.explora.cl\/ohiggins\/proyectos-admisibles-en-la-primera-etapa-para-el-xv-congreso-regional-explora\/#respond"]}]},{"@type":"WebPage","@id":"https:\/\/dev.explora.cl\/ohiggins\/proyectos-admisibles-en-la-primera-etapa-para-el-xv-congreso-regional-explora\/","url":"https:\/\/dev.explora.cl\/ohiggins\/proyectos-admisibles-en-la-primera-etapa-para-el-xv-congreso-regional-explora\/","name":"Proyectos admisibles en la primera etapa para el XV Congreso Regional Explora - O&#039;Higgins","isPartOf":{"@id":"https:\/\/dev.explora.cl\/ohiggins\/#website"},"primaryImageOfPage":{"@id":"https:\/\/dev.explora.cl\/ohiggins\/proyectos-admisibles-en-la-primera-etapa-para-el-xv-congreso-regional-explora\/#primaryimage"},"image":{"@id":"https:\/\/dev.explora.cl\/ohiggins\/proyectos-admisibles-en-la-primera-etapa-para-el-xv-congreso-regional-explora\/#primaryimage"},"thumbnailUrl":"https:\/\/dev.explora.cl\/ohiggins\/wp-content\/uploads\/sites\/8\/2022\/10\/congreso-portada.jpg","datePublished":"2022-10-05T23:48:05+00:00","dateModified":"2022-11-10T17:56:33+00:00","author":{"@id":"https:\/\/dev.explora.cl\/ohiggins\/#\/schema\/person\/3240d62ad2624da9148a475abbc509b0"},"breadcrumb":{"@id":"https:\/\/dev.explora.cl\/ohiggins\/proyectos-admisibles-en-la-primera-etapa-para-el-xv-congreso-regional-explora\/#breadcrumb"},"inLanguage":"es-CL","potentialAction":[{"@type":"ReadAction","target":["https:\/\/dev.explora.cl\/ohiggins\/proyectos-admisibles-en-la-primera-etapa-para-el-xv-congreso-regional-explora\/"]}]},{"@type":"ImageObject","inLanguage":"es-CL","@id":"https:\/\/dev.explora.cl\/ohiggins\/proyectos-admisibles-en-la-primera-etapa-para-el-xv-congreso-regional-explora\/#primaryimage","url":"https:\/\/dev.explora.cl\/ohiggins\/wp-content\/uploads\/sites\/8\/2022\/10\/congreso-portada.jpg","contentUrl":"https:\/\/dev.explora.cl\/ohiggins\/wp-content\/uploads\/sites\/8\/2022\/10\/congreso-portada.jpg","width":956,"height":574},{"@type":"BreadcrumbList","@id":"https:\/\/dev.explora.cl\/ohiggins\/proyectos-admisibles-en-la-primera-etapa-para-el-xv-congreso-regional-explora\/#breadcrumb","itemListElement":[{"@type":"ListItem","position":1,"name":"Portada","item":"https:\/\/dev.explora.cl\/ohiggins\/"},{"@type":"ListItem","position":2,"name":"Proyectos admisibles en la primera etapa para el XV Congreso Regional Explora"}]},{"@type":"WebSite","@id":"https:\/\/dev.explora.cl\/ohiggins\/#website","url":"https:\/\/dev.explora.cl\/ohiggins\/","name":"O&#039;Higgins","description":"Otro sitio m\u00e1s de dev.explora.cl","potentialAction":[{"@type":"SearchAction","target":{"@type":"EntryPoint","urlTemplate":"https:\/\/dev.explora.cl\/ohiggins\/?s={search_term_string}"},"query-input":{"@type":"PropertyValueSpecification","valueRequired":true,"valueName":"search_term_string"}}],"inLanguage":"es-CL"},{"@type":"Person","@id":"https:\/\/dev.explora.cl\/ohiggins\/#\/schema\/person\/3240d62ad2624da9148a475abbc509b0","name":"nsalazar","image":{"@type":"ImageObject","inLanguage":"es-CL","@id":"https:\/\/dev.explora.cl\/ohiggins\/#\/schema\/person\/image\/","url":"https:\/\/secure.gravatar.com\/avatar\/b8cf276f31998a0865a3b90e4d663d91b97848887282c9f9a56cad57ff01cc7e?s=96&d=mm&r=g","contentUrl":"https:\/\/secure.gravatar.com\/avatar\/b8cf276f31998a0865a3b90e4d663d91b97848887282c9f9a56cad57ff01cc7e?s=96&d=mm&r=g","caption":"nsalazar"},"url":"https:\/\/dev.explora.cl\/ohiggins\/author\/nsalazar\/"}]}},"_links":{"self":[{"href":"https:\/\/dev.explora.cl\/ohiggins\/wp-json\/wp\/v2\/posts\/39302","targetHints":{"allow":["GET"]}}],"collection":[{"href":"https:\/\/dev.explora.cl\/ohiggins\/wp-json\/wp\/v2\/posts"}],"about":[{"href":"https:\/\/dev.explora.cl\/ohiggins\/wp-json\/wp\/v2\/types\/post"}],"author":[{"embeddable":true,"href":"https:\/\/dev.explora.cl\/ohiggins\/wp-json\/wp\/v2\/users\/23"}],"replies":[{"embeddable":true,"href":"https:\/\/dev.explora.cl\/ohiggins\/wp-json\/wp\/v2\/comments?post=39302"}],"version-history":[{"count":4,"href":"https:\/\/dev.explora.cl\/ohiggins\/wp-json\/wp\/v2\/posts\/39302\/revisions"}],"predecessor-version":[{"id":39308,"href":"https:\/\/dev.explora.cl\/ohiggins\/wp-json\/wp\/v2\/posts\/39302\/revisions\/39308"}],"wp:featuredmedia":[{"embeddable":true,"href":"https:\/\/dev.explora.cl\/ohiggins\/wp-json\/wp\/v2\/media\/39303"}],"wp:attachment":[{"href":"https:\/\/dev.explora.cl\/ohiggins\/wp-json\/wp\/v2\/media?parent=39302"}],"wp:term":[{"taxonomy":"category","embeddable":true,"href":"https:\/\/dev.explora.cl\/ohiggins\/wp-json\/wp\/v2\/categories?post=39302"},{"taxonomy":"post_tag","embeddable":true,"href":"https:\/\/dev.explora.cl\/ohiggins\/wp-json\/wp\/v2\/tags?post=39302"}],"curies":[{"name":"wp","href":"https:\/\/api.w.org\/{rel}","templated":true}]}}