{"id":39291,"date":"2022-10-05T15:21:44","date_gmt":"2022-10-05T18:21:44","guid":{"rendered":"https:\/\/dev.explora.cl\/ohiggins\/?p=39291"},"modified":"2022-11-18T18:29:11","modified_gmt":"2022-11-18T21:29:11","slug":"feci-2022-masiva-participacion-familiar-en-rancagua-ahora-viene-pichilemu","status":"publish","type":"post","link":"https:\/\/dev.explora.cl\/ohiggins\/feci-2022-masiva-participacion-familiar-en-rancagua-ahora-viene-pichilemu\/","title":{"rendered":"FECI 2022: Masiva participaci\u00f3n familiar en Rancagua\u2026 ahora viene Pichilemu"},"content":{"rendered":"<p>Fueron cerca de 3 mil personas las que llegaron este domingo 2 de octubre al Campus Rancagua de la UOH para disfrutar de la fiesta cient\u00edfica m\u00e1s grande de la Regi\u00f3n de O\u00b4Higgins: el Festival de las Ciencias FECI 2022. En la oportunidad, ni\u00f1as, ni\u00f1os, adolescentes, j\u00f3venes, adultos y adultos mayores, disfrutaron de las presentaciones, los stands, lo talleres y conversatorios preparados; todos ellos con un enfoque sobre el cambio clim\u00e1tico y el agua.<\/p>\n<p>Lanzamiento de un globo meteorol\u00f3gico, astronom\u00eda con observaci\u00f3n y cohetes, realidad virtual, compostaje, ciclo del agua, estudio de piedras y agua, cultura relacionada al cuidado del medio ambiente, reciclaje, rob\u00f3tica, equidad de g\u00e9nero, show de magia y presentaciones art\u00edsticas, fueron parte de la oferta para las familias que llegaron a la principal casa de estudios de la regi\u00f3n.<\/p>\n<p>\u201cEstoy muy contenta de ver tanta familia reunida en nuestra Universidad, ni\u00f1as y ni\u00f1os interesados en los distintos stands de los acad\u00e9micos y programas, todo organizado por PAR Explora. De esta manera los ni\u00f1os y ni\u00f1as pueden disfrutar y entender de m\u00e1s cerca los proyectos cient\u00edficos que se est\u00e1n desarrollando desde nuestra casa de estudios\u201d, indic\u00f3 la vicerrectora de Investigaci\u00f3n, Postgrado y Vinculaci\u00f3n de la UOH, Paula Irles.<\/p>\n<p>Por su parte, la seremi de la Macrozona de Ciencias, Sof\u00eda Valenzuela, se\u00f1al\u00f3 que \u201cha sido una excelente jornada. Explora O\u00b4Higgins ha hecho un excelente trabajo, con muchos stands, muchas actividades y charlas donde han participado ni\u00f1as, ni\u00f1os y adolescentes, familias completas. Ha sido un mar de personas que han venido. Los monitores han sido s\u00faper claros para que todos y todas puedan disfrutar\u201d.<\/p>\n<p>Uno de los participantes, Rodrigo Ram\u00edrez, manifest\u00f3 que \u201clos ni\u00f1os, y la sociedad en general, est\u00e1 muy pegada en los tel\u00e9fonos, pero no en la tecnolog\u00eda. Destinan mucho tiempo ah\u00ed, pero no le sacan provecho en temas important\u00edsimos como los recursos naturales. Me parece que FECI ha sido una tremenda oportunidad de poder mostrarles que hay cosas muy interesantes como la rob\u00f3tica, entre muchas otras\u201d.<\/p>\n<p>Para Matilde, estudiantes de Educaci\u00f3n B\u00e1sica y fan\u00e1tica de la astronom\u00eda, FECI Rancagua fue una muy bonita experiencia. \u201cVi algunos robots, vi por primera vez una impresora 3D, vi piedras y sus reacciones qu\u00edmicas que no sab\u00eda que exist\u00eda, muchos talleres bien buenos, me hice una m\u00e1scara que qued\u00f3 s\u00faper linda, astronom\u00eda\u2026 una definici\u00f3n de todo es \u00a1espectacular y bac\u00e1n!\u201d, asegur\u00f3 la futura cient\u00edfica, deseosa de ver m\u00e1s mujeres en ciencias.<\/p>\n<p>\u201cComo Festival de las Ciencias intentamos llegar a todo p\u00fablico. En Rancagua vimos muchas familias disfrutando de las actividades de ciencias, gente de todas las edades y lo pasaron muy bien. Tuvimos rob\u00f3tica, meteorolog\u00eda, realidad virtual, astronom\u00eda, geolog\u00eda, entre otras. Buscamos que la ciencia llegue a las familias, a todo el p\u00fablico, de manera l\u00fadica\u201d, sostuvo el director de PAR Explora O\u00b4Higgins, Rodrigo Verschae.<\/p>\n<p><strong><img loading=\"lazy\" decoding=\"async\" class=\"alignnone size-medium wp-image-39299\" src=\"https:\/\/dev.explora.cl\/ohiggins\/wp-content\/uploads\/sites\/8\/2022\/10\/WhatsApp-Image-2022-10-02-at-17.39.26-300x200.jpeg\" alt=\"\" width=\"300\" height=\"200\" srcset=\"https:\/\/dev.explora.cl\/ohiggins\/wp-content\/uploads\/sites\/8\/2022\/10\/WhatsApp-Image-2022-10-02-at-17.39.26-300x200.jpeg 300w, https:\/\/dev.explora.cl\/ohiggins\/wp-content\/uploads\/sites\/8\/2022\/10\/WhatsApp-Image-2022-10-02-at-17.39.26-768x512.jpeg 768w, https:\/\/dev.explora.cl\/ohiggins\/wp-content\/uploads\/sites\/8\/2022\/10\/WhatsApp-Image-2022-10-02-at-17.39.26-1024x682.jpeg 1024w, https:\/\/dev.explora.cl\/ohiggins\/wp-content\/uploads\/sites\/8\/2022\/10\/WhatsApp-Image-2022-10-02-at-17.39.26.jpeg 1600w\" sizes=\"auto, (max-width: 300px) 100vw, 300px\" \/><\/strong><\/p>\n<p><strong>FECI PICHILEMU <\/strong><\/p>\n<p>La Plaza Prat de Pichilemu ser\u00e1 el escenario de la segunda parte de la Fiesta de las Ciencias FECI 2022 Regi\u00f3n de O\u00b4Higgins. Durante esta actividad habr\u00e1 presentaci\u00f3n de academias cient\u00edficas escolares, charlas de conservaci\u00f3n, agua, cambio clim\u00e1tico y salud mental, econom\u00eda circular, biotopos, show de magia y presentaciones musicales; adem\u00e1s de stands de diversas instituciones regionales, como SAG, Conaf, Cecrea Pichidegua, Cedesus, Essbio, de la Agrupaci\u00f3n de Astronom\u00eda San Fernando y de la Universidad de O\u00b4Higgins.<\/p>\n<p>\u201cEl Festival de las Ciencias 2022 lo repetiremos el pr\u00f3ximo viernes 7 de octubre en Pichilemu, por lo que invitamos a todas las familias a participar y que nos acompa\u00f1en en esta fiesta de las ciencias que se realizar\u00e1 en la Plaza Prat, y que est\u00e1 preparada especialmente para toda la familia. Tendremos ciencia de manera l\u00fadica, para todas y todos\u201d, concluy\u00f3 el director de PAR Explora O\u00b4Higgins y director del Instituto de Ciencias de la Ingenier\u00eda de la UOH, Rodrigo Verschae.<\/p>\n<p><img loading=\"lazy\" decoding=\"async\" class=\"alignnone size-medium wp-image-39294\" src=\"https:\/\/dev.explora.cl\/ohiggins\/wp-content\/uploads\/sites\/8\/2022\/10\/1-300x300.png\" alt=\"\" width=\"300\" height=\"300\" srcset=\"https:\/\/dev.explora.cl\/ohiggins\/wp-content\/uploads\/sites\/8\/2022\/10\/1-300x300.png 300w, https:\/\/dev.explora.cl\/ohiggins\/wp-content\/uploads\/sites\/8\/2022\/10\/1-150x150.png 150w, https:\/\/dev.explora.cl\/ohiggins\/wp-content\/uploads\/sites\/8\/2022\/10\/1-768x768.png 768w, https:\/\/dev.explora.cl\/ohiggins\/wp-content\/uploads\/sites\/8\/2022\/10\/1-1024x1024.png 1024w, https:\/\/dev.explora.cl\/ohiggins\/wp-content\/uploads\/sites\/8\/2022\/10\/1-60x60.png 60w, https:\/\/dev.explora.cl\/ohiggins\/wp-content\/uploads\/sites\/8\/2022\/10\/1.png 1080w\" sizes=\"auto, (max-width: 300px) 100vw, 300px\" \/><img loading=\"lazy\" decoding=\"async\" class=\"alignnone size-medium wp-image-39295\" src=\"https:\/\/dev.explora.cl\/ohiggins\/wp-content\/uploads\/sites\/8\/2022\/10\/2-300x300.png\" alt=\"\" width=\"300\" height=\"300\" srcset=\"https:\/\/dev.explora.cl\/ohiggins\/wp-content\/uploads\/sites\/8\/2022\/10\/2-300x300.png 300w, https:\/\/dev.explora.cl\/ohiggins\/wp-content\/uploads\/sites\/8\/2022\/10\/2-150x150.png 150w, https:\/\/dev.explora.cl\/ohiggins\/wp-content\/uploads\/sites\/8\/2022\/10\/2-768x767.png 768w, https:\/\/dev.explora.cl\/ohiggins\/wp-content\/uploads\/sites\/8\/2022\/10\/2-1024x1024.png 1024w, https:\/\/dev.explora.cl\/ohiggins\/wp-content\/uploads\/sites\/8\/2022\/10\/2-60x60.png 60w, https:\/\/dev.explora.cl\/ohiggins\/wp-content\/uploads\/sites\/8\/2022\/10\/2.png 1081w\" sizes=\"auto, (max-width: 300px) 100vw, 300px\" \/><img loading=\"lazy\" decoding=\"async\" class=\"alignnone size-medium wp-image-39296\" src=\"https:\/\/dev.explora.cl\/ohiggins\/wp-content\/uploads\/sites\/8\/2022\/10\/3-300x300.png\" alt=\"\" width=\"300\" height=\"300\" srcset=\"https:\/\/dev.explora.cl\/ohiggins\/wp-content\/uploads\/sites\/8\/2022\/10\/3-300x300.png 300w, https:\/\/dev.explora.cl\/ohiggins\/wp-content\/uploads\/sites\/8\/2022\/10\/3-150x150.png 150w, https:\/\/dev.explora.cl\/ohiggins\/wp-content\/uploads\/sites\/8\/2022\/10\/3-768x767.png 768w, https:\/\/dev.explora.cl\/ohiggins\/wp-content\/uploads\/sites\/8\/2022\/10\/3-1024x1024.png 1024w, https:\/\/dev.explora.cl\/ohiggins\/wp-content\/uploads\/sites\/8\/2022\/10\/3-60x60.png 60w, https:\/\/dev.explora.cl\/ohiggins\/wp-content\/uploads\/sites\/8\/2022\/10\/3.png 1081w\" sizes=\"auto, (max-width: 300px) 100vw, 300px\" \/><img loading=\"lazy\" decoding=\"async\" class=\"alignnone size-medium wp-image-39297\" src=\"https:\/\/dev.explora.cl\/ohiggins\/wp-content\/uploads\/sites\/8\/2022\/10\/4-300x300.png\" alt=\"\" width=\"300\" height=\"300\" srcset=\"https:\/\/dev.explora.cl\/ohiggins\/wp-content\/uploads\/sites\/8\/2022\/10\/4-300x300.png 300w, https:\/\/dev.explora.cl\/ohiggins\/wp-content\/uploads\/sites\/8\/2022\/10\/4-150x150.png 150w, https:\/\/dev.explora.cl\/ohiggins\/wp-content\/uploads\/sites\/8\/2022\/10\/4-768x769.png 768w, https:\/\/dev.explora.cl\/ohiggins\/wp-content\/uploads\/sites\/8\/2022\/10\/4-1024x1024.png 1024w, https:\/\/dev.explora.cl\/ohiggins\/wp-content\/uploads\/sites\/8\/2022\/10\/4-60x60.png 60w, https:\/\/dev.explora.cl\/ohiggins\/wp-content\/uploads\/sites\/8\/2022\/10\/4.png 1080w\" sizes=\"auto, (max-width: 300px) 100vw, 300px\" \/><img loading=\"lazy\" decoding=\"async\" class=\"alignnone size-medium wp-image-39298\" src=\"https:\/\/dev.explora.cl\/ohiggins\/wp-content\/uploads\/sites\/8\/2022\/10\/5-300x300.png\" alt=\"\" width=\"300\" height=\"300\" srcset=\"https:\/\/dev.explora.cl\/ohiggins\/wp-content\/uploads\/sites\/8\/2022\/10\/5-300x300.png 300w, https:\/\/dev.explora.cl\/ohiggins\/wp-content\/uploads\/sites\/8\/2022\/10\/5-150x150.png 150w, https:\/\/dev.explora.cl\/ohiggins\/wp-content\/uploads\/sites\/8\/2022\/10\/5-768x768.png 768w, https:\/\/dev.explora.cl\/ohiggins\/wp-content\/uploads\/sites\/8\/2022\/10\/5-1024x1024.png 1024w, https:\/\/dev.explora.cl\/ohiggins\/wp-content\/uploads\/sites\/8\/2022\/10\/5-60x60.png 60w, https:\/\/dev.explora.cl\/ohiggins\/wp-content\/uploads\/sites\/8\/2022\/10\/5.png 1081w\" sizes=\"auto, (max-width: 300px) 100vw, 300px\" \/><\/p>\n","protected":false},"excerpt":{"rendered":"<p>Una gran cantidad de familias lleg\u00f3 el pasado domingo a disfrutar del FECI Rancagua. Para este viernes 7 de octubre se realizar\u00e1 la segunda jornada, esta vez en Pichilemu. <\/p>\n","protected":false},"author":23,"featured_media":39292,"comment_status":"open","ping_status":"open","sticky":false,"template":"","format":"standard","meta":{"_acf_changed":false,"_exactmetrics_skip_tracking":false,"_exactmetrics_sitenote_active":false,"_exactmetrics_sitenote_note":"","_exactmetrics_sitenote_category":0,"footnotes":"","_links_to":"","_links_to_target":""},"categories":[4],"tags":[],"class_list":["post-39291","post","type-post","status-publish","format-standard","has-post-thumbnail","hentry","category-noticias"],"acf":[],"yoast_head":"<!-- This site is optimized with the Yoast SEO plugin v26.7 - https:\/\/yoast.com\/wordpress\/plugins\/seo\/ -->\n<title>FECI 2022: Masiva participaci\u00f3n familiar en Rancagua\u2026 ahora viene Pichilemu - O&#039;Higgins<\/title>\n<meta name=\"robots\" content=\"index, follow, max-snippet:-1, max-image-preview:large, max-video-preview:-1\" \/>\n<link rel=\"canonical\" href=\"https:\/\/dev.explora.cl\/ohiggins\/feci-2022-masiva-participacion-familiar-en-rancagua-ahora-viene-pichilemu\/\" class=\"yoast-seo-meta-tag\" \/>\n<meta property=\"og:locale\" content=\"es_ES\" class=\"yoast-seo-meta-tag\" \/>\n<meta property=\"og:type\" content=\"article\" class=\"yoast-seo-meta-tag\" \/>\n<meta property=\"og:title\" content=\"FECI 2022: Masiva participaci\u00f3n familiar en Rancagua\u2026 ahora viene Pichilemu - O&#039;Higgins\" class=\"yoast-seo-meta-tag\" \/>\n<meta property=\"og:description\" content=\"Una gran cantidad de familias lleg\u00f3 el pasado domingo a disfrutar del FECI Rancagua. Para este viernes 7 de octubre se realizar\u00e1 la segunda jornada, esta vez en Pichilemu.\" class=\"yoast-seo-meta-tag\" \/>\n<meta property=\"og:url\" content=\"https:\/\/dev.explora.cl\/ohiggins\/feci-2022-masiva-participacion-familiar-en-rancagua-ahora-viene-pichilemu\/\" class=\"yoast-seo-meta-tag\" \/>\n<meta property=\"og:site_name\" content=\"O&#039;Higgins\" class=\"yoast-seo-meta-tag\" \/>\n<meta property=\"article:published_time\" content=\"2022-10-05T18:21:44+00:00\" class=\"yoast-seo-meta-tag\" \/>\n<meta property=\"article:modified_time\" content=\"2022-11-18T21:29:11+00:00\" class=\"yoast-seo-meta-tag\" \/>\n<meta property=\"og:image\" content=\"https:\/\/dev.explora.cl\/ohiggins\/wp-content\/uploads\/sites\/8\/2022\/10\/portada.jpeg\" class=\"yoast-seo-meta-tag\" \/>\n\t<meta property=\"og:image:width\" content=\"1600\" class=\"yoast-seo-meta-tag\" \/>\n\t<meta property=\"og:image:height\" content=\"1020\" class=\"yoast-seo-meta-tag\" \/>\n\t<meta property=\"og:image:type\" content=\"image\/jpeg\" class=\"yoast-seo-meta-tag\" \/>\n<meta name=\"author\" content=\"nsalazar\" class=\"yoast-seo-meta-tag\" \/>\n<meta name=\"twitter:card\" content=\"summary_large_image\" class=\"yoast-seo-meta-tag\" \/>\n<meta name=\"twitter:label1\" content=\"Escrito por\" class=\"yoast-seo-meta-tag\" \/>\n\t<meta name=\"twitter:data1\" content=\"nsalazar\" class=\"yoast-seo-meta-tag\" \/>\n\t<meta name=\"twitter:label2\" content=\"Tiempo estimado de lectura\" class=\"yoast-seo-meta-tag\" \/>\n\t<meta name=\"twitter:data2\" content=\"3 minutos\" class=\"yoast-seo-meta-tag\" \/>\n<script type=\"application\/ld+json\" class=\"yoast-schema-graph\">{\"@context\":\"https:\/\/schema.org\",\"@graph\":[{\"@type\":\"Article\",\"@id\":\"https:\/\/dev.explora.cl\/ohiggins\/feci-2022-masiva-participacion-familiar-en-rancagua-ahora-viene-pichilemu\/#article\",\"isPartOf\":{\"@id\":\"https:\/\/dev.explora.cl\/ohiggins\/feci-2022-masiva-participacion-familiar-en-rancagua-ahora-viene-pichilemu\/\"},\"author\":{\"name\":\"nsalazar\",\"@id\":\"https:\/\/dev.explora.cl\/ohiggins\/#\/schema\/person\/3240d62ad2624da9148a475abbc509b0\"},\"headline\":\"FECI 2022: Masiva participaci\u00f3n familiar en Rancagua\u2026 ahora viene Pichilemu\",\"datePublished\":\"2022-10-05T18:21:44+00:00\",\"dateModified\":\"2022-11-18T21:29:11+00:00\",\"mainEntityOfPage\":{\"@id\":\"https:\/\/dev.explora.cl\/ohiggins\/feci-2022-masiva-participacion-familiar-en-rancagua-ahora-viene-pichilemu\/\"},\"wordCount\":704,\"commentCount\":0,\"image\":{\"@id\":\"https:\/\/dev.explora.cl\/ohiggins\/feci-2022-masiva-participacion-familiar-en-rancagua-ahora-viene-pichilemu\/#primaryimage\"},\"thumbnailUrl\":\"https:\/\/dev.explora.cl\/ohiggins\/wp-content\/uploads\/sites\/8\/2022\/10\/portada.jpeg\",\"articleSection\":[\"Noticias\"],\"inLanguage\":\"es-CL\",\"potentialAction\":[{\"@type\":\"CommentAction\",\"name\":\"Comment\",\"target\":[\"https:\/\/dev.explora.cl\/ohiggins\/feci-2022-masiva-participacion-familiar-en-rancagua-ahora-viene-pichilemu\/#respond\"]}]},{\"@type\":\"WebPage\",\"@id\":\"https:\/\/dev.explora.cl\/ohiggins\/feci-2022-masiva-participacion-familiar-en-rancagua-ahora-viene-pichilemu\/\",\"url\":\"https:\/\/dev.explora.cl\/ohiggins\/feci-2022-masiva-participacion-familiar-en-rancagua-ahora-viene-pichilemu\/\",\"name\":\"FECI 2022: Masiva participaci\u00f3n familiar en Rancagua\u2026 ahora viene Pichilemu - O&#039;Higgins\",\"isPartOf\":{\"@id\":\"https:\/\/dev.explora.cl\/ohiggins\/#website\"},\"primaryImageOfPage\":{\"@id\":\"https:\/\/dev.explora.cl\/ohiggins\/feci-2022-masiva-participacion-familiar-en-rancagua-ahora-viene-pichilemu\/#primaryimage\"},\"image\":{\"@id\":\"https:\/\/dev.explora.cl\/ohiggins\/feci-2022-masiva-participacion-familiar-en-rancagua-ahora-viene-pichilemu\/#primaryimage\"},\"thumbnailUrl\":\"https:\/\/dev.explora.cl\/ohiggins\/wp-content\/uploads\/sites\/8\/2022\/10\/portada.jpeg\",\"datePublished\":\"2022-10-05T18:21:44+00:00\",\"dateModified\":\"2022-11-18T21:29:11+00:00\",\"author\":{\"@id\":\"https:\/\/dev.explora.cl\/ohiggins\/#\/schema\/person\/3240d62ad2624da9148a475abbc509b0\"},\"breadcrumb\":{\"@id\":\"https:\/\/dev.explora.cl\/ohiggins\/feci-2022-masiva-participacion-familiar-en-rancagua-ahora-viene-pichilemu\/#breadcrumb\"},\"inLanguage\":\"es-CL\",\"potentialAction\":[{\"@type\":\"ReadAction\",\"target\":[\"https:\/\/dev.explora.cl\/ohiggins\/feci-2022-masiva-participacion-familiar-en-rancagua-ahora-viene-pichilemu\/\"]}]},{\"@type\":\"ImageObject\",\"inLanguage\":\"es-CL\",\"@id\":\"https:\/\/dev.explora.cl\/ohiggins\/feci-2022-masiva-participacion-familiar-en-rancagua-ahora-viene-pichilemu\/#primaryimage\",\"url\":\"https:\/\/dev.explora.cl\/ohiggins\/wp-content\/uploads\/sites\/8\/2022\/10\/portada.jpeg\",\"contentUrl\":\"https:\/\/dev.explora.cl\/ohiggins\/wp-content\/uploads\/sites\/8\/2022\/10\/portada.jpeg\",\"width\":1600,\"height\":1020},{\"@type\":\"BreadcrumbList\",\"@id\":\"https:\/\/dev.explora.cl\/ohiggins\/feci-2022-masiva-participacion-familiar-en-rancagua-ahora-viene-pichilemu\/#breadcrumb\",\"itemListElement\":[{\"@type\":\"ListItem\",\"position\":1,\"name\":\"Portada\",\"item\":\"https:\/\/dev.explora.cl\/ohiggins\/\"},{\"@type\":\"ListItem\",\"position\":2,\"name\":\"FECI 2022: Masiva participaci\u00f3n familiar en Rancagua\u2026 ahora viene Pichilemu\"}]},{\"@type\":\"WebSite\",\"@id\":\"https:\/\/dev.explora.cl\/ohiggins\/#website\",\"url\":\"https:\/\/dev.explora.cl\/ohiggins\/\",\"name\":\"O&#039;Higgins\",\"description\":\"Otro sitio m\u00e1s de dev.explora.cl\",\"potentialAction\":[{\"@type\":\"SearchAction\",\"target\":{\"@type\":\"EntryPoint\",\"urlTemplate\":\"https:\/\/dev.explora.cl\/ohiggins\/?s={search_term_string}\"},\"query-input\":{\"@type\":\"PropertyValueSpecification\",\"valueRequired\":true,\"valueName\":\"search_term_string\"}}],\"inLanguage\":\"es-CL\"},{\"@type\":\"Person\",\"@id\":\"https:\/\/dev.explora.cl\/ohiggins\/#\/schema\/person\/3240d62ad2624da9148a475abbc509b0\",\"name\":\"nsalazar\",\"image\":{\"@type\":\"ImageObject\",\"inLanguage\":\"es-CL\",\"@id\":\"https:\/\/dev.explora.cl\/ohiggins\/#\/schema\/person\/image\/\",\"url\":\"https:\/\/secure.gravatar.com\/avatar\/b8cf276f31998a0865a3b90e4d663d91b97848887282c9f9a56cad57ff01cc7e?s=96&d=mm&r=g\",\"contentUrl\":\"https:\/\/secure.gravatar.com\/avatar\/b8cf276f31998a0865a3b90e4d663d91b97848887282c9f9a56cad57ff01cc7e?s=96&d=mm&r=g\",\"caption\":\"nsalazar\"},\"url\":\"https:\/\/dev.explora.cl\/ohiggins\/author\/nsalazar\/\"}]}<\/script>\n<!-- \/ Yoast SEO plugin. -->","yoast_head_json":{"title":"FECI 2022: Masiva participaci\u00f3n familiar en Rancagua\u2026 ahora viene Pichilemu - O&#039;Higgins","robots":{"index":"index","follow":"follow","max-snippet":"max-snippet:-1","max-image-preview":"max-image-preview:large","max-video-preview":"max-video-preview:-1"},"canonical":"https:\/\/dev.explora.cl\/ohiggins\/feci-2022-masiva-participacion-familiar-en-rancagua-ahora-viene-pichilemu\/","og_locale":"es_ES","og_type":"article","og_title":"FECI 2022: Masiva participaci\u00f3n familiar en Rancagua\u2026 ahora viene Pichilemu - O&#039;Higgins","og_description":"Una gran cantidad de familias lleg\u00f3 el pasado domingo a disfrutar del FECI Rancagua. Para este viernes 7 de octubre se realizar\u00e1 la segunda jornada, esta vez en Pichilemu.","og_url":"https:\/\/dev.explora.cl\/ohiggins\/feci-2022-masiva-participacion-familiar-en-rancagua-ahora-viene-pichilemu\/","og_site_name":"O&#039;Higgins","article_published_time":"2022-10-05T18:21:44+00:00","article_modified_time":"2022-11-18T21:29:11+00:00","og_image":[{"width":1600,"height":1020,"url":"https:\/\/dev.explora.cl\/ohiggins\/wp-content\/uploads\/sites\/8\/2022\/10\/portada.jpeg","type":"image\/jpeg"}],"author":"nsalazar","twitter_card":"summary_large_image","twitter_misc":{"Escrito por":"nsalazar","Tiempo estimado de lectura":"3 minutos"},"schema":{"@context":"https:\/\/schema.org","@graph":[{"@type":"Article","@id":"https:\/\/dev.explora.cl\/ohiggins\/feci-2022-masiva-participacion-familiar-en-rancagua-ahora-viene-pichilemu\/#article","isPartOf":{"@id":"https:\/\/dev.explora.cl\/ohiggins\/feci-2022-masiva-participacion-familiar-en-rancagua-ahora-viene-pichilemu\/"},"author":{"name":"nsalazar","@id":"https:\/\/dev.explora.cl\/ohiggins\/#\/schema\/person\/3240d62ad2624da9148a475abbc509b0"},"headline":"FECI 2022: Masiva participaci\u00f3n familiar en Rancagua\u2026 ahora viene Pichilemu","datePublished":"2022-10-05T18:21:44+00:00","dateModified":"2022-11-18T21:29:11+00:00","mainEntityOfPage":{"@id":"https:\/\/dev.explora.cl\/ohiggins\/feci-2022-masiva-participacion-familiar-en-rancagua-ahora-viene-pichilemu\/"},"wordCount":704,"commentCount":0,"image":{"@id":"https:\/\/dev.explora.cl\/ohiggins\/feci-2022-masiva-participacion-familiar-en-rancagua-ahora-viene-pichilemu\/#primaryimage"},"thumbnailUrl":"https:\/\/dev.explora.cl\/ohiggins\/wp-content\/uploads\/sites\/8\/2022\/10\/portada.jpeg","articleSection":["Noticias"],"inLanguage":"es-CL","potentialAction":[{"@type":"CommentAction","name":"Comment","target":["https:\/\/dev.explora.cl\/ohiggins\/feci-2022-masiva-participacion-familiar-en-rancagua-ahora-viene-pichilemu\/#respond"]}]},{"@type":"WebPage","@id":"https:\/\/dev.explora.cl\/ohiggins\/feci-2022-masiva-participacion-familiar-en-rancagua-ahora-viene-pichilemu\/","url":"https:\/\/dev.explora.cl\/ohiggins\/feci-2022-masiva-participacion-familiar-en-rancagua-ahora-viene-pichilemu\/","name":"FECI 2022: Masiva participaci\u00f3n familiar en Rancagua\u2026 ahora viene Pichilemu - O&#039;Higgins","isPartOf":{"@id":"https:\/\/dev.explora.cl\/ohiggins\/#website"},"primaryImageOfPage":{"@id":"https:\/\/dev.explora.cl\/ohiggins\/feci-2022-masiva-participacion-familiar-en-rancagua-ahora-viene-pichilemu\/#primaryimage"},"image":{"@id":"https:\/\/dev.explora.cl\/ohiggins\/feci-2022-masiva-participacion-familiar-en-rancagua-ahora-viene-pichilemu\/#primaryimage"},"thumbnailUrl":"https:\/\/dev.explora.cl\/ohiggins\/wp-content\/uploads\/sites\/8\/2022\/10\/portada.jpeg","datePublished":"2022-10-05T18:21:44+00:00","dateModified":"2022-11-18T21:29:11+00:00","author":{"@id":"https:\/\/dev.explora.cl\/ohiggins\/#\/schema\/person\/3240d62ad2624da9148a475abbc509b0"},"breadcrumb":{"@id":"https:\/\/dev.explora.cl\/ohiggins\/feci-2022-masiva-participacion-familiar-en-rancagua-ahora-viene-pichilemu\/#breadcrumb"},"inLanguage":"es-CL","potentialAction":[{"@type":"ReadAction","target":["https:\/\/dev.explora.cl\/ohiggins\/feci-2022-masiva-participacion-familiar-en-rancagua-ahora-viene-pichilemu\/"]}]},{"@type":"ImageObject","inLanguage":"es-CL","@id":"https:\/\/dev.explora.cl\/ohiggins\/feci-2022-masiva-participacion-familiar-en-rancagua-ahora-viene-pichilemu\/#primaryimage","url":"https:\/\/dev.explora.cl\/ohiggins\/wp-content\/uploads\/sites\/8\/2022\/10\/portada.jpeg","contentUrl":"https:\/\/dev.explora.cl\/ohiggins\/wp-content\/uploads\/sites\/8\/2022\/10\/portada.jpeg","width":1600,"height":1020},{"@type":"BreadcrumbList","@id":"https:\/\/dev.explora.cl\/ohiggins\/feci-2022-masiva-participacion-familiar-en-rancagua-ahora-viene-pichilemu\/#breadcrumb","itemListElement":[{"@type":"ListItem","position":1,"name":"Portada","item":"https:\/\/dev.explora.cl\/ohiggins\/"},{"@type":"ListItem","position":2,"name":"FECI 2022: Masiva participaci\u00f3n familiar en Rancagua\u2026 ahora viene Pichilemu"}]},{"@type":"WebSite","@id":"https:\/\/dev.explora.cl\/ohiggins\/#website","url":"https:\/\/dev.explora.cl\/ohiggins\/","name":"O&#039;Higgins","description":"Otro sitio m\u00e1s de dev.explora.cl","potentialAction":[{"@type":"SearchAction","target":{"@type":"EntryPoint","urlTemplate":"https:\/\/dev.explora.cl\/ohiggins\/?s={search_term_string}"},"query-input":{"@type":"PropertyValueSpecification","valueRequired":true,"valueName":"search_term_string"}}],"inLanguage":"es-CL"},{"@type":"Person","@id":"https:\/\/dev.explora.cl\/ohiggins\/#\/schema\/person\/3240d62ad2624da9148a475abbc509b0","name":"nsalazar","image":{"@type":"ImageObject","inLanguage":"es-CL","@id":"https:\/\/dev.explora.cl\/ohiggins\/#\/schema\/person\/image\/","url":"https:\/\/secure.gravatar.com\/avatar\/b8cf276f31998a0865a3b90e4d663d91b97848887282c9f9a56cad57ff01cc7e?s=96&d=mm&r=g","contentUrl":"https:\/\/secure.gravatar.com\/avatar\/b8cf276f31998a0865a3b90e4d663d91b97848887282c9f9a56cad57ff01cc7e?s=96&d=mm&r=g","caption":"nsalazar"},"url":"https:\/\/dev.explora.cl\/ohiggins\/author\/nsalazar\/"}]}},"_links":{"self":[{"href":"https:\/\/dev.explora.cl\/ohiggins\/wp-json\/wp\/v2\/posts\/39291","targetHints":{"allow":["GET"]}}],"collection":[{"href":"https:\/\/dev.explora.cl\/ohiggins\/wp-json\/wp\/v2\/posts"}],"about":[{"href":"https:\/\/dev.explora.cl\/ohiggins\/wp-json\/wp\/v2\/types\/post"}],"author":[{"embeddable":true,"href":"https:\/\/dev.explora.cl\/ohiggins\/wp-json\/wp\/v2\/users\/23"}],"replies":[{"embeddable":true,"href":"https:\/\/dev.explora.cl\/ohiggins\/wp-json\/wp\/v2\/comments?post=39291"}],"version-history":[{"count":3,"href":"https:\/\/dev.explora.cl\/ohiggins\/wp-json\/wp\/v2\/posts\/39291\/revisions"}],"predecessor-version":[{"id":39301,"href":"https:\/\/dev.explora.cl\/ohiggins\/wp-json\/wp\/v2\/posts\/39291\/revisions\/39301"}],"wp:featuredmedia":[{"embeddable":true,"href":"https:\/\/dev.explora.cl\/ohiggins\/wp-json\/wp\/v2\/media\/39292"}],"wp:attachment":[{"href":"https:\/\/dev.explora.cl\/ohiggins\/wp-json\/wp\/v2\/media?parent=39291"}],"wp:term":[{"taxonomy":"category","embeddable":true,"href":"https:\/\/dev.explora.cl\/ohiggins\/wp-json\/wp\/v2\/categories?post=39291"},{"taxonomy":"post_tag","embeddable":true,"href":"https:\/\/dev.explora.cl\/ohiggins\/wp-json\/wp\/v2\/tags?post=39291"}],"curies":[{"name":"wp","href":"https:\/\/api.w.org\/{rel}","templated":true}]}}