{"id":39259,"date":"2022-09-23T16:14:18","date_gmt":"2022-09-23T19:14:18","guid":{"rendered":"https:\/\/dev.explora.cl\/ohiggins\/?p=39259"},"modified":"2022-10-24T18:42:55","modified_gmt":"2022-10-24T21:42:55","slug":"comienza-el-festival-de-las-ciencias-2022-enfocado-en-cambio-climatico-y-agua","status":"publish","type":"post","link":"https:\/\/dev.explora.cl\/ohiggins\/comienza-el-festival-de-las-ciencias-2022-enfocado-en-cambio-climatico-y-agua\/","title":{"rendered":"Comienza el Festival de las Ciencias 2022 enfocado en cambio clim\u00e1tico y agua"},"content":{"rendered":"<p>El pr\u00f3ximo 2 de octubre, como primer domingo del mes, Chile celebra el D\u00eda Nacional de la Ciencia, Tecnolog\u00eda, Conocimiento e Innovaci\u00f3n. Ese d\u00eda comienza la celebraci\u00f3n del Festival de las Ciencias (FECI), el mayor evento cient\u00edfico del pa\u00eds y que este a\u00f1o tendr\u00e1 como tema central el cambio clim\u00e1tico y el agua.<\/p>\n<p>Para ello, PAR Explora de la Universidad de O\u00b4Higgins ha planificado una serie de actividades de divulgaci\u00f3n cient\u00edfica para hacer del FECI O\u00b4Higgins 2022 la mayor fiesta cient\u00edfica de la regi\u00f3n, destacando dos eventos masivos y gratuitos en las comunas de Rancagua y Pichilemu.<\/p>\n<p>\u201cEn la UOH se est\u00e1 desarrollando investigaci\u00f3n cient\u00edfica de primer nivel en \u00e1reas vinculadas con el cambio clim\u00e1tico, ciencias de la Tierra, agricultura sustentable y otros temas que son prioritarios para la Regi\u00f3n de O\u2019Higgins y que constituye el eje principal de esta versi\u00f3n 2022 del FECI. Es una fiesta de divulgaci\u00f3n cient\u00edfica y una excelente oportunidad para que la comunidad se pueda empapar de la ciencia que estamos desarrollando en nuestra Universidad p\u00fablica y maravillar con las charlas de nuestros investigadores, las actividades gratuitas y todo el programa preparado por el PAR explora UOH,\u201d, indic\u00f3 el rector de la Universidad de O\u00b4Higgins, Rafael Correa.<\/p>\n<p>Para la seremi de Ciencias de la Macrozona Centro Sur, Sof\u00eda Valenzuela, \u201cel Festival de las Ciencias que organiza PAR Explora O\u00b4Higgins tiene varias actividades para ni\u00f1as, ni\u00f1os, adolescentes y toda la familia en general, por lo que est\u00e1n cordialmente invitados. Esto permitir\u00e1 que la gente se acerque a las ciencias, aunque probablemente est\u00e1 m\u00e1s cerca de lo que creen. No es necesario estar en un laboratorio, en nuestro entorno tambi\u00e9n la podemos observar. En esta ocasi\u00f3n el foco principal ser\u00e1 el agua y c\u00f3mo la vemos desde distintas miradas. Las y los invito a acercarse a la ciencia y ser parte de FECI\u201d.<\/p>\n<p>Por su parte, el director de PAR Explora O\u00b4Higgins y director del Instituto de Ciencias de la Ingenier\u00eda de la UOH, Rodrigo Verschae, se\u00f1al\u00f3 que \u201cinvitamos a todas y todos los habitantes de la regi\u00f3n, en especial a las familias, a participar del FECI O\u2019Higgins 2022. Durante estos d\u00edas podremos conocer m\u00e1s sobre ciencia, de manera l\u00fadica, y en particular saber m\u00e1s sobre la crisis clim\u00e1tica que afecta a Chile y al mundo, concentrando las actividades, principalmente, en torno al agua. Tendremos talleres, stand, charlas, m\u00fasica en vivo, concursos, y mucho m\u00e1s. Los invitamos a conocer los programas en nuestra p\u00e1gina web y en nuestras redes sociales\u201d.<\/p>\n<p><strong>FECI RANCAGUA<\/strong><\/p>\n<p>El FECI 2022 de la Regi\u00f3n de O\u00b4Higgins comenzar\u00e1 el d\u00eda domingo 2 de octubre en el Campus Rancagua de la UOH, en una jornada que se extender\u00e1 desde las 11:00 a las 18:00 horas. Al igual que todas las iniciativas de PAR Explora O\u00b4Higgins, la actividad es gratuita.<\/p>\n<p>En la ocasi\u00f3n las y los asistentes podr\u00e1n conocer m\u00e1s sobre el cambio clim\u00e1tico y el agua, a trav\u00e9s de diversas actividades, como: lanzamiento de un globo meteorol\u00f3gico, charlas de \u201cCambio clim\u00e1tico\u201d o \u201cAgua en el espacio\u201d, show de magia, el \u201cConcierto del Agua\u201d del grupo musical local Los Costinos. Adem\u00e1s, habr\u00e1 talleres y stands a cargo de diversas instituciones como: el Museo del Agua, Reclim, Repl\u00e1, institutos de la UOH, Astronom\u00eda San Fernando, Essbio, FabLab, entre otros.<\/p>\n<p><strong>PROGRAMA ESCENARIO CENTRAL<\/strong><\/p>\n<p>Domingo 2 de octubre, entrada principal Campus Rancagua UOH.<\/p>\n<p>11:00 horas: saludos comunidad (m\u00fasica) &#8211; animador\/a<\/p>\n<p>11:30 horas: Charla \u201cAgua en el espacio\u201d, asesora cient\u00edfica PAR Explora, astr\u00f3noma Romina Ahumada. (invitaci\u00f3n a telescopios)<\/p>\n<p>11:45 horas: Invitaci\u00f3n a taller Museo del Agua<\/p>\n<p>12:00 horas: Observaciones astron\u00f3micas<\/p>\n<p>14:00 horas: Pausa almuerzo (m\u00fasica y videos escenario)<\/p>\n<p>15:00 horas: Inauguraci\u00f3n autoridades &#8211; Charla \u201cEntendiendo el cambio clim\u00e1tico desde la Regi\u00f3n de O\u2019Higgins\u201d, acad\u00e9mico Instituto de Cs. de la Ingenier\u00eda y Museo del Agua, UOH, Ra\u00fal Valenzuela &#8211; Lanzamiento sonda \/ globo meteorol\u00f3gico.<\/p>\n<p>16:00 horas: Show de magia con el Mago Javier<\/p>\n<p>17:00 horas: Concierto del Agua, grupo musical Los Costinos<\/p>\n<p>18:00 horas: Cierre<\/p>\n<p>&nbsp;<\/p>\n<p>FECI RANCAGUA 2022<\/p>\n<p><img loading=\"lazy\" decoding=\"async\" class=\"alignnone size-medium wp-image-39276\" src=\"https:\/\/dev.explora.cl\/ohiggins\/wp-content\/uploads\/sites\/8\/2022\/09\/RANCAGUA1-1-300x300.png\" alt=\"\" width=\"300\" height=\"300\" srcset=\"https:\/\/dev.explora.cl\/ohiggins\/wp-content\/uploads\/sites\/8\/2022\/09\/RANCAGUA1-1-300x300.png 300w, https:\/\/dev.explora.cl\/ohiggins\/wp-content\/uploads\/sites\/8\/2022\/09\/RANCAGUA1-1-150x150.png 150w, https:\/\/dev.explora.cl\/ohiggins\/wp-content\/uploads\/sites\/8\/2022\/09\/RANCAGUA1-1-768x768.png 768w, https:\/\/dev.explora.cl\/ohiggins\/wp-content\/uploads\/sites\/8\/2022\/09\/RANCAGUA1-1-1024x1024.png 1024w, https:\/\/dev.explora.cl\/ohiggins\/wp-content\/uploads\/sites\/8\/2022\/09\/RANCAGUA1-1-60x60.png 60w, https:\/\/dev.explora.cl\/ohiggins\/wp-content\/uploads\/sites\/8\/2022\/09\/RANCAGUA1-1.png 1080w\" sizes=\"auto, (max-width: 300px) 100vw, 300px\" \/> <img loading=\"lazy\" decoding=\"async\" class=\"alignnone size-medium wp-image-39277\" src=\"https:\/\/dev.explora.cl\/ohiggins\/wp-content\/uploads\/sites\/8\/2022\/09\/RANCAGUA3-1-300x300.png\" alt=\"\" width=\"300\" height=\"300\" srcset=\"https:\/\/dev.explora.cl\/ohiggins\/wp-content\/uploads\/sites\/8\/2022\/09\/RANCAGUA3-1-300x300.png 300w, https:\/\/dev.explora.cl\/ohiggins\/wp-content\/uploads\/sites\/8\/2022\/09\/RANCAGUA3-1-150x150.png 150w, https:\/\/dev.explora.cl\/ohiggins\/wp-content\/uploads\/sites\/8\/2022\/09\/RANCAGUA3-1-768x769.png 768w, https:\/\/dev.explora.cl\/ohiggins\/wp-content\/uploads\/sites\/8\/2022\/09\/RANCAGUA3-1-1024x1024.png 1024w, https:\/\/dev.explora.cl\/ohiggins\/wp-content\/uploads\/sites\/8\/2022\/09\/RANCAGUA3-1-60x60.png 60w, https:\/\/dev.explora.cl\/ohiggins\/wp-content\/uploads\/sites\/8\/2022\/09\/RANCAGUA3-1.png 1080w\" sizes=\"auto, (max-width: 300px) 100vw, 300px\" \/><img loading=\"lazy\" decoding=\"async\" class=\"alignnone size-medium wp-image-39278\" src=\"https:\/\/dev.explora.cl\/ohiggins\/wp-content\/uploads\/sites\/8\/2022\/09\/RANCAGUA4-1-300x300.png\" alt=\"\" width=\"300\" height=\"300\" srcset=\"https:\/\/dev.explora.cl\/ohiggins\/wp-content\/uploads\/sites\/8\/2022\/09\/RANCAGUA4-1-300x300.png 300w, https:\/\/dev.explora.cl\/ohiggins\/wp-content\/uploads\/sites\/8\/2022\/09\/RANCAGUA4-1-150x150.png 150w, https:\/\/dev.explora.cl\/ohiggins\/wp-content\/uploads\/sites\/8\/2022\/09\/RANCAGUA4-1-768x768.png 768w, https:\/\/dev.explora.cl\/ohiggins\/wp-content\/uploads\/sites\/8\/2022\/09\/RANCAGUA4-1-1024x1024.png 1024w, https:\/\/dev.explora.cl\/ohiggins\/wp-content\/uploads\/sites\/8\/2022\/09\/RANCAGUA4-1-60x60.png 60w, https:\/\/dev.explora.cl\/ohiggins\/wp-content\/uploads\/sites\/8\/2022\/09\/RANCAGUA4-1.png 1081w\" sizes=\"auto, (max-width: 300px) 100vw, 300px\" \/><img loading=\"lazy\" decoding=\"async\" class=\"alignnone size-medium wp-image-39279\" src=\"https:\/\/dev.explora.cl\/ohiggins\/wp-content\/uploads\/sites\/8\/2022\/09\/RANCAGUA2-1-300x300.png\" alt=\"\" width=\"300\" height=\"300\" srcset=\"https:\/\/dev.explora.cl\/ohiggins\/wp-content\/uploads\/sites\/8\/2022\/09\/RANCAGUA2-1-300x300.png 300w, https:\/\/dev.explora.cl\/ohiggins\/wp-content\/uploads\/sites\/8\/2022\/09\/RANCAGUA2-1-150x150.png 150w, https:\/\/dev.explora.cl\/ohiggins\/wp-content\/uploads\/sites\/8\/2022\/09\/RANCAGUA2-1-768x767.png 768w, https:\/\/dev.explora.cl\/ohiggins\/wp-content\/uploads\/sites\/8\/2022\/09\/RANCAGUA2-1-1024x1024.png 1024w, https:\/\/dev.explora.cl\/ohiggins\/wp-content\/uploads\/sites\/8\/2022\/09\/RANCAGUA2-1-60x60.png 60w, https:\/\/dev.explora.cl\/ohiggins\/wp-content\/uploads\/sites\/8\/2022\/09\/RANCAGUA2-1.png 1081w\" sizes=\"auto, (max-width: 300px) 100vw, 300px\" \/><\/p>\n<p>&nbsp;<\/p>\n<p>TALLERES QUE REQUIEREN INSCRIPCI\u00d3N <a href=\"https:\/\/airtable.com\/shrTWhZrCc1qnlMOV\">https:\/\/airtable.com\/shrTWhZrCc1qnlMOV<\/a><\/p>\n<p><img loading=\"lazy\" decoding=\"async\" class=\"alignnone size-medium wp-image-39282\" src=\"https:\/\/dev.explora.cl\/ohiggins\/wp-content\/uploads\/sites\/8\/2022\/09\/3-300x300.png\" alt=\"\" width=\"300\" height=\"300\" srcset=\"https:\/\/dev.explora.cl\/ohiggins\/wp-content\/uploads\/sites\/8\/2022\/09\/3-300x300.png 300w, https:\/\/dev.explora.cl\/ohiggins\/wp-content\/uploads\/sites\/8\/2022\/09\/3-150x150.png 150w, https:\/\/dev.explora.cl\/ohiggins\/wp-content\/uploads\/sites\/8\/2022\/09\/3-768x769.png 768w, https:\/\/dev.explora.cl\/ohiggins\/wp-content\/uploads\/sites\/8\/2022\/09\/3-1024x1024.png 1024w, https:\/\/dev.explora.cl\/ohiggins\/wp-content\/uploads\/sites\/8\/2022\/09\/3-60x60.png 60w, https:\/\/dev.explora.cl\/ohiggins\/wp-content\/uploads\/sites\/8\/2022\/09\/3.png 1080w\" sizes=\"auto, (max-width: 300px) 100vw, 300px\" \/><img loading=\"lazy\" decoding=\"async\" class=\"alignnone size-medium wp-image-39283\" src=\"https:\/\/dev.explora.cl\/ohiggins\/wp-content\/uploads\/sites\/8\/2022\/09\/4-300x300.png\" alt=\"\" width=\"300\" height=\"300\" srcset=\"https:\/\/dev.explora.cl\/ohiggins\/wp-content\/uploads\/sites\/8\/2022\/09\/4-300x300.png 300w, https:\/\/dev.explora.cl\/ohiggins\/wp-content\/uploads\/sites\/8\/2022\/09\/4-150x150.png 150w, https:\/\/dev.explora.cl\/ohiggins\/wp-content\/uploads\/sites\/8\/2022\/09\/4-768x768.png 768w, https:\/\/dev.explora.cl\/ohiggins\/wp-content\/uploads\/sites\/8\/2022\/09\/4-1024x1024.png 1024w, https:\/\/dev.explora.cl\/ohiggins\/wp-content\/uploads\/sites\/8\/2022\/09\/4-60x60.png 60w, https:\/\/dev.explora.cl\/ohiggins\/wp-content\/uploads\/sites\/8\/2022\/09\/4.png 1081w\" sizes=\"auto, (max-width: 300px) 100vw, 300px\" \/><img loading=\"lazy\" decoding=\"async\" class=\"alignnone size-medium wp-image-39284\" src=\"https:\/\/dev.explora.cl\/ohiggins\/wp-content\/uploads\/sites\/8\/2022\/09\/5-300x300.png\" alt=\"\" width=\"300\" height=\"300\" srcset=\"https:\/\/dev.explora.cl\/ohiggins\/wp-content\/uploads\/sites\/8\/2022\/09\/5-300x300.png 300w, https:\/\/dev.explora.cl\/ohiggins\/wp-content\/uploads\/sites\/8\/2022\/09\/5-150x150.png 150w, https:\/\/dev.explora.cl\/ohiggins\/wp-content\/uploads\/sites\/8\/2022\/09\/5-768x769.png 768w, https:\/\/dev.explora.cl\/ohiggins\/wp-content\/uploads\/sites\/8\/2022\/09\/5-1024x1024.png 1024w, https:\/\/dev.explora.cl\/ohiggins\/wp-content\/uploads\/sites\/8\/2022\/09\/5-60x60.png 60w, https:\/\/dev.explora.cl\/ohiggins\/wp-content\/uploads\/sites\/8\/2022\/09\/5.png 1080w\" sizes=\"auto, (max-width: 300px) 100vw, 300px\" \/><img loading=\"lazy\" decoding=\"async\" class=\"alignnone size-medium wp-image-39285\" src=\"https:\/\/dev.explora.cl\/ohiggins\/wp-content\/uploads\/sites\/8\/2022\/09\/6-300x300.png\" alt=\"\" width=\"300\" height=\"300\" srcset=\"https:\/\/dev.explora.cl\/ohiggins\/wp-content\/uploads\/sites\/8\/2022\/09\/6-300x300.png 300w, https:\/\/dev.explora.cl\/ohiggins\/wp-content\/uploads\/sites\/8\/2022\/09\/6-150x150.png 150w, https:\/\/dev.explora.cl\/ohiggins\/wp-content\/uploads\/sites\/8\/2022\/09\/6-768x768.png 768w, https:\/\/dev.explora.cl\/ohiggins\/wp-content\/uploads\/sites\/8\/2022\/09\/6-1024x1024.png 1024w, https:\/\/dev.explora.cl\/ohiggins\/wp-content\/uploads\/sites\/8\/2022\/09\/6-60x60.png 60w, https:\/\/dev.explora.cl\/ohiggins\/wp-content\/uploads\/sites\/8\/2022\/09\/6.png 1081w\" sizes=\"auto, (max-width: 300px) 100vw, 300px\" \/><\/p>\n<p><img loading=\"lazy\" decoding=\"async\" class=\"alignnone size-medium wp-image-39280\" src=\"https:\/\/dev.explora.cl\/ohiggins\/wp-content\/uploads\/sites\/8\/2022\/09\/1-300x300.png\" alt=\"\" width=\"300\" height=\"300\" srcset=\"https:\/\/dev.explora.cl\/ohiggins\/wp-content\/uploads\/sites\/8\/2022\/09\/1-300x300.png 300w, https:\/\/dev.explora.cl\/ohiggins\/wp-content\/uploads\/sites\/8\/2022\/09\/1-150x150.png 150w, https:\/\/dev.explora.cl\/ohiggins\/wp-content\/uploads\/sites\/8\/2022\/09\/1-768x767.png 768w, https:\/\/dev.explora.cl\/ohiggins\/wp-content\/uploads\/sites\/8\/2022\/09\/1-1024x1024.png 1024w, https:\/\/dev.explora.cl\/ohiggins\/wp-content\/uploads\/sites\/8\/2022\/09\/1-60x60.png 60w, https:\/\/dev.explora.cl\/ohiggins\/wp-content\/uploads\/sites\/8\/2022\/09\/1.png 1081w\" sizes=\"auto, (max-width: 300px) 100vw, 300px\" \/><img loading=\"lazy\" decoding=\"async\" class=\"alignnone size-medium wp-image-39281\" src=\"https:\/\/dev.explora.cl\/ohiggins\/wp-content\/uploads\/sites\/8\/2022\/09\/2-300x300.png\" alt=\"\" width=\"300\" height=\"300\" srcset=\"https:\/\/dev.explora.cl\/ohiggins\/wp-content\/uploads\/sites\/8\/2022\/09\/2-300x300.png 300w, https:\/\/dev.explora.cl\/ohiggins\/wp-content\/uploads\/sites\/8\/2022\/09\/2-150x150.png 150w, https:\/\/dev.explora.cl\/ohiggins\/wp-content\/uploads\/sites\/8\/2022\/09\/2-768x768.png 768w, https:\/\/dev.explora.cl\/ohiggins\/wp-content\/uploads\/sites\/8\/2022\/09\/2-1024x1024.png 1024w, https:\/\/dev.explora.cl\/ohiggins\/wp-content\/uploads\/sites\/8\/2022\/09\/2-60x60.png 60w, https:\/\/dev.explora.cl\/ohiggins\/wp-content\/uploads\/sites\/8\/2022\/09\/2.png 1080w\" sizes=\"auto, (max-width: 300px) 100vw, 300px\" \/><\/p>\n","protected":false},"excerpt":{"rendered":"<p>La principal fiesta de divulgaci\u00f3n cient\u00edfica de la Regi\u00f3n de O\u00b4Higgins tendr\u00e1 actividades gratuitas para toda la familia. FECI 2022 comienza el domingo 2 de octubre en el Campus Rancagua de la UOH, con charlas, talleres, stands y m\u00fasica en vivo.<\/p>\n","protected":false},"author":23,"featured_media":39260,"comment_status":"open","ping_status":"open","sticky":false,"template":"","format":"standard","meta":{"_acf_changed":false,"_exactmetrics_skip_tracking":false,"_exactmetrics_sitenote_active":false,"_exactmetrics_sitenote_note":"","_exactmetrics_sitenote_category":0,"footnotes":"","_links_to":"","_links_to_target":""},"categories":[4],"tags":[],"class_list":["post-39259","post","type-post","status-publish","format-standard","has-post-thumbnail","hentry","category-noticias"],"acf":[],"yoast_head":"<!-- This site is optimized with the Yoast SEO plugin v26.7 - https:\/\/yoast.com\/wordpress\/plugins\/seo\/ -->\n<title>Comienza el Festival de las Ciencias 2022 enfocado en cambio clim\u00e1tico y agua - O&#039;Higgins<\/title>\n<meta name=\"robots\" content=\"index, follow, max-snippet:-1, max-image-preview:large, max-video-preview:-1\" \/>\n<link rel=\"canonical\" href=\"https:\/\/dev.explora.cl\/ohiggins\/comienza-el-festival-de-las-ciencias-2022-enfocado-en-cambio-climatico-y-agua\/\" class=\"yoast-seo-meta-tag\" \/>\n<meta property=\"og:locale\" content=\"es_ES\" class=\"yoast-seo-meta-tag\" \/>\n<meta property=\"og:type\" content=\"article\" class=\"yoast-seo-meta-tag\" \/>\n<meta property=\"og:title\" content=\"Comienza el Festival de las Ciencias 2022 enfocado en cambio clim\u00e1tico y agua - O&#039;Higgins\" class=\"yoast-seo-meta-tag\" \/>\n<meta property=\"og:description\" content=\"La principal fiesta de divulgaci\u00f3n cient\u00edfica de la Regi\u00f3n de O\u00b4Higgins tendr\u00e1 actividades gratuitas para toda la familia. FECI 2022 comienza el domingo 2 de octubre en el Campus Rancagua de la UOH, con charlas, talleres, stands y m\u00fasica en vivo.\" class=\"yoast-seo-meta-tag\" \/>\n<meta property=\"og:url\" content=\"https:\/\/dev.explora.cl\/ohiggins\/comienza-el-festival-de-las-ciencias-2022-enfocado-en-cambio-climatico-y-agua\/\" class=\"yoast-seo-meta-tag\" \/>\n<meta property=\"og:site_name\" content=\"O&#039;Higgins\" class=\"yoast-seo-meta-tag\" \/>\n<meta property=\"article:published_time\" content=\"2022-09-23T19:14:18+00:00\" class=\"yoast-seo-meta-tag\" \/>\n<meta property=\"article:modified_time\" content=\"2022-10-24T21:42:55+00:00\" class=\"yoast-seo-meta-tag\" \/>\n<meta property=\"og:image\" content=\"https:\/\/dev.explora.cl\/ohiggins\/wp-content\/uploads\/sites\/8\/2022\/09\/RRSS1-portada-web.png\" class=\"yoast-seo-meta-tag\" \/>\n\t<meta property=\"og:image:width\" content=\"1074\" class=\"yoast-seo-meta-tag\" \/>\n\t<meta property=\"og:image:height\" content=\"787\" class=\"yoast-seo-meta-tag\" \/>\n\t<meta property=\"og:image:type\" content=\"image\/png\" class=\"yoast-seo-meta-tag\" \/>\n<meta name=\"author\" content=\"nsalazar\" class=\"yoast-seo-meta-tag\" \/>\n<meta name=\"twitter:card\" content=\"summary_large_image\" class=\"yoast-seo-meta-tag\" \/>\n<meta name=\"twitter:label1\" content=\"Escrito por\" class=\"yoast-seo-meta-tag\" \/>\n\t<meta name=\"twitter:data1\" content=\"nsalazar\" class=\"yoast-seo-meta-tag\" \/>\n\t<meta name=\"twitter:label2\" content=\"Tiempo estimado de lectura\" class=\"yoast-seo-meta-tag\" \/>\n\t<meta name=\"twitter:data2\" content=\"4 minutos\" class=\"yoast-seo-meta-tag\" \/>\n<script type=\"application\/ld+json\" class=\"yoast-schema-graph\">{\"@context\":\"https:\/\/schema.org\",\"@graph\":[{\"@type\":\"Article\",\"@id\":\"https:\/\/dev.explora.cl\/ohiggins\/comienza-el-festival-de-las-ciencias-2022-enfocado-en-cambio-climatico-y-agua\/#article\",\"isPartOf\":{\"@id\":\"https:\/\/dev.explora.cl\/ohiggins\/comienza-el-festival-de-las-ciencias-2022-enfocado-en-cambio-climatico-y-agua\/\"},\"author\":{\"name\":\"nsalazar\",\"@id\":\"https:\/\/dev.explora.cl\/ohiggins\/#\/schema\/person\/3240d62ad2624da9148a475abbc509b0\"},\"headline\":\"Comienza el Festival de las Ciencias 2022 enfocado en cambio clim\u00e1tico y agua\",\"datePublished\":\"2022-09-23T19:14:18+00:00\",\"dateModified\":\"2022-10-24T21:42:55+00:00\",\"mainEntityOfPage\":{\"@id\":\"https:\/\/dev.explora.cl\/ohiggins\/comienza-el-festival-de-las-ciencias-2022-enfocado-en-cambio-climatico-y-agua\/\"},\"wordCount\":739,\"commentCount\":0,\"image\":{\"@id\":\"https:\/\/dev.explora.cl\/ohiggins\/comienza-el-festival-de-las-ciencias-2022-enfocado-en-cambio-climatico-y-agua\/#primaryimage\"},\"thumbnailUrl\":\"https:\/\/dev.explora.cl\/ohiggins\/wp-content\/uploads\/sites\/8\/2022\/09\/RRSS1-portada-web.png\",\"articleSection\":[\"Noticias\"],\"inLanguage\":\"es-CL\",\"potentialAction\":[{\"@type\":\"CommentAction\",\"name\":\"Comment\",\"target\":[\"https:\/\/dev.explora.cl\/ohiggins\/comienza-el-festival-de-las-ciencias-2022-enfocado-en-cambio-climatico-y-agua\/#respond\"]}]},{\"@type\":\"WebPage\",\"@id\":\"https:\/\/dev.explora.cl\/ohiggins\/comienza-el-festival-de-las-ciencias-2022-enfocado-en-cambio-climatico-y-agua\/\",\"url\":\"https:\/\/dev.explora.cl\/ohiggins\/comienza-el-festival-de-las-ciencias-2022-enfocado-en-cambio-climatico-y-agua\/\",\"name\":\"Comienza el Festival de las Ciencias 2022 enfocado en cambio clim\u00e1tico y agua - O&#039;Higgins\",\"isPartOf\":{\"@id\":\"https:\/\/dev.explora.cl\/ohiggins\/#website\"},\"primaryImageOfPage\":{\"@id\":\"https:\/\/dev.explora.cl\/ohiggins\/comienza-el-festival-de-las-ciencias-2022-enfocado-en-cambio-climatico-y-agua\/#primaryimage\"},\"image\":{\"@id\":\"https:\/\/dev.explora.cl\/ohiggins\/comienza-el-festival-de-las-ciencias-2022-enfocado-en-cambio-climatico-y-agua\/#primaryimage\"},\"thumbnailUrl\":\"https:\/\/dev.explora.cl\/ohiggins\/wp-content\/uploads\/sites\/8\/2022\/09\/RRSS1-portada-web.png\",\"datePublished\":\"2022-09-23T19:14:18+00:00\",\"dateModified\":\"2022-10-24T21:42:55+00:00\",\"author\":{\"@id\":\"https:\/\/dev.explora.cl\/ohiggins\/#\/schema\/person\/3240d62ad2624da9148a475abbc509b0\"},\"breadcrumb\":{\"@id\":\"https:\/\/dev.explora.cl\/ohiggins\/comienza-el-festival-de-las-ciencias-2022-enfocado-en-cambio-climatico-y-agua\/#breadcrumb\"},\"inLanguage\":\"es-CL\",\"potentialAction\":[{\"@type\":\"ReadAction\",\"target\":[\"https:\/\/dev.explora.cl\/ohiggins\/comienza-el-festival-de-las-ciencias-2022-enfocado-en-cambio-climatico-y-agua\/\"]}]},{\"@type\":\"ImageObject\",\"inLanguage\":\"es-CL\",\"@id\":\"https:\/\/dev.explora.cl\/ohiggins\/comienza-el-festival-de-las-ciencias-2022-enfocado-en-cambio-climatico-y-agua\/#primaryimage\",\"url\":\"https:\/\/dev.explora.cl\/ohiggins\/wp-content\/uploads\/sites\/8\/2022\/09\/RRSS1-portada-web.png\",\"contentUrl\":\"https:\/\/dev.explora.cl\/ohiggins\/wp-content\/uploads\/sites\/8\/2022\/09\/RRSS1-portada-web.png\",\"width\":1074,\"height\":787},{\"@type\":\"BreadcrumbList\",\"@id\":\"https:\/\/dev.explora.cl\/ohiggins\/comienza-el-festival-de-las-ciencias-2022-enfocado-en-cambio-climatico-y-agua\/#breadcrumb\",\"itemListElement\":[{\"@type\":\"ListItem\",\"position\":1,\"name\":\"Portada\",\"item\":\"https:\/\/dev.explora.cl\/ohiggins\/\"},{\"@type\":\"ListItem\",\"position\":2,\"name\":\"Comienza el Festival de las Ciencias 2022 enfocado en cambio clim\u00e1tico y agua\"}]},{\"@type\":\"WebSite\",\"@id\":\"https:\/\/dev.explora.cl\/ohiggins\/#website\",\"url\":\"https:\/\/dev.explora.cl\/ohiggins\/\",\"name\":\"O&#039;Higgins\",\"description\":\"Otro sitio m\u00e1s de dev.explora.cl\",\"potentialAction\":[{\"@type\":\"SearchAction\",\"target\":{\"@type\":\"EntryPoint\",\"urlTemplate\":\"https:\/\/dev.explora.cl\/ohiggins\/?s={search_term_string}\"},\"query-input\":{\"@type\":\"PropertyValueSpecification\",\"valueRequired\":true,\"valueName\":\"search_term_string\"}}],\"inLanguage\":\"es-CL\"},{\"@type\":\"Person\",\"@id\":\"https:\/\/dev.explora.cl\/ohiggins\/#\/schema\/person\/3240d62ad2624da9148a475abbc509b0\",\"name\":\"nsalazar\",\"image\":{\"@type\":\"ImageObject\",\"inLanguage\":\"es-CL\",\"@id\":\"https:\/\/dev.explora.cl\/ohiggins\/#\/schema\/person\/image\/\",\"url\":\"https:\/\/secure.gravatar.com\/avatar\/b8cf276f31998a0865a3b90e4d663d91b97848887282c9f9a56cad57ff01cc7e?s=96&d=mm&r=g\",\"contentUrl\":\"https:\/\/secure.gravatar.com\/avatar\/b8cf276f31998a0865a3b90e4d663d91b97848887282c9f9a56cad57ff01cc7e?s=96&d=mm&r=g\",\"caption\":\"nsalazar\"},\"url\":\"https:\/\/dev.explora.cl\/ohiggins\/author\/nsalazar\/\"}]}<\/script>\n<!-- \/ Yoast SEO plugin. -->","yoast_head_json":{"title":"Comienza el Festival de las Ciencias 2022 enfocado en cambio clim\u00e1tico y agua - O&#039;Higgins","robots":{"index":"index","follow":"follow","max-snippet":"max-snippet:-1","max-image-preview":"max-image-preview:large","max-video-preview":"max-video-preview:-1"},"canonical":"https:\/\/dev.explora.cl\/ohiggins\/comienza-el-festival-de-las-ciencias-2022-enfocado-en-cambio-climatico-y-agua\/","og_locale":"es_ES","og_type":"article","og_title":"Comienza el Festival de las Ciencias 2022 enfocado en cambio clim\u00e1tico y agua - O&#039;Higgins","og_description":"La principal fiesta de divulgaci\u00f3n cient\u00edfica de la Regi\u00f3n de O\u00b4Higgins tendr\u00e1 actividades gratuitas para toda la familia. FECI 2022 comienza el domingo 2 de octubre en el Campus Rancagua de la UOH, con charlas, talleres, stands y m\u00fasica en vivo.","og_url":"https:\/\/dev.explora.cl\/ohiggins\/comienza-el-festival-de-las-ciencias-2022-enfocado-en-cambio-climatico-y-agua\/","og_site_name":"O&#039;Higgins","article_published_time":"2022-09-23T19:14:18+00:00","article_modified_time":"2022-10-24T21:42:55+00:00","og_image":[{"width":1074,"height":787,"url":"https:\/\/dev.explora.cl\/ohiggins\/wp-content\/uploads\/sites\/8\/2022\/09\/RRSS1-portada-web.png","type":"image\/png"}],"author":"nsalazar","twitter_card":"summary_large_image","twitter_misc":{"Escrito por":"nsalazar","Tiempo estimado de lectura":"4 minutos"},"schema":{"@context":"https:\/\/schema.org","@graph":[{"@type":"Article","@id":"https:\/\/dev.explora.cl\/ohiggins\/comienza-el-festival-de-las-ciencias-2022-enfocado-en-cambio-climatico-y-agua\/#article","isPartOf":{"@id":"https:\/\/dev.explora.cl\/ohiggins\/comienza-el-festival-de-las-ciencias-2022-enfocado-en-cambio-climatico-y-agua\/"},"author":{"name":"nsalazar","@id":"https:\/\/dev.explora.cl\/ohiggins\/#\/schema\/person\/3240d62ad2624da9148a475abbc509b0"},"headline":"Comienza el Festival de las Ciencias 2022 enfocado en cambio clim\u00e1tico y agua","datePublished":"2022-09-23T19:14:18+00:00","dateModified":"2022-10-24T21:42:55+00:00","mainEntityOfPage":{"@id":"https:\/\/dev.explora.cl\/ohiggins\/comienza-el-festival-de-las-ciencias-2022-enfocado-en-cambio-climatico-y-agua\/"},"wordCount":739,"commentCount":0,"image":{"@id":"https:\/\/dev.explora.cl\/ohiggins\/comienza-el-festival-de-las-ciencias-2022-enfocado-en-cambio-climatico-y-agua\/#primaryimage"},"thumbnailUrl":"https:\/\/dev.explora.cl\/ohiggins\/wp-content\/uploads\/sites\/8\/2022\/09\/RRSS1-portada-web.png","articleSection":["Noticias"],"inLanguage":"es-CL","potentialAction":[{"@type":"CommentAction","name":"Comment","target":["https:\/\/dev.explora.cl\/ohiggins\/comienza-el-festival-de-las-ciencias-2022-enfocado-en-cambio-climatico-y-agua\/#respond"]}]},{"@type":"WebPage","@id":"https:\/\/dev.explora.cl\/ohiggins\/comienza-el-festival-de-las-ciencias-2022-enfocado-en-cambio-climatico-y-agua\/","url":"https:\/\/dev.explora.cl\/ohiggins\/comienza-el-festival-de-las-ciencias-2022-enfocado-en-cambio-climatico-y-agua\/","name":"Comienza el Festival de las Ciencias 2022 enfocado en cambio clim\u00e1tico y agua - O&#039;Higgins","isPartOf":{"@id":"https:\/\/dev.explora.cl\/ohiggins\/#website"},"primaryImageOfPage":{"@id":"https:\/\/dev.explora.cl\/ohiggins\/comienza-el-festival-de-las-ciencias-2022-enfocado-en-cambio-climatico-y-agua\/#primaryimage"},"image":{"@id":"https:\/\/dev.explora.cl\/ohiggins\/comienza-el-festival-de-las-ciencias-2022-enfocado-en-cambio-climatico-y-agua\/#primaryimage"},"thumbnailUrl":"https:\/\/dev.explora.cl\/ohiggins\/wp-content\/uploads\/sites\/8\/2022\/09\/RRSS1-portada-web.png","datePublished":"2022-09-23T19:14:18+00:00","dateModified":"2022-10-24T21:42:55+00:00","author":{"@id":"https:\/\/dev.explora.cl\/ohiggins\/#\/schema\/person\/3240d62ad2624da9148a475abbc509b0"},"breadcrumb":{"@id":"https:\/\/dev.explora.cl\/ohiggins\/comienza-el-festival-de-las-ciencias-2022-enfocado-en-cambio-climatico-y-agua\/#breadcrumb"},"inLanguage":"es-CL","potentialAction":[{"@type":"ReadAction","target":["https:\/\/dev.explora.cl\/ohiggins\/comienza-el-festival-de-las-ciencias-2022-enfocado-en-cambio-climatico-y-agua\/"]}]},{"@type":"ImageObject","inLanguage":"es-CL","@id":"https:\/\/dev.explora.cl\/ohiggins\/comienza-el-festival-de-las-ciencias-2022-enfocado-en-cambio-climatico-y-agua\/#primaryimage","url":"https:\/\/dev.explora.cl\/ohiggins\/wp-content\/uploads\/sites\/8\/2022\/09\/RRSS1-portada-web.png","contentUrl":"https:\/\/dev.explora.cl\/ohiggins\/wp-content\/uploads\/sites\/8\/2022\/09\/RRSS1-portada-web.png","width":1074,"height":787},{"@type":"BreadcrumbList","@id":"https:\/\/dev.explora.cl\/ohiggins\/comienza-el-festival-de-las-ciencias-2022-enfocado-en-cambio-climatico-y-agua\/#breadcrumb","itemListElement":[{"@type":"ListItem","position":1,"name":"Portada","item":"https:\/\/dev.explora.cl\/ohiggins\/"},{"@type":"ListItem","position":2,"name":"Comienza el Festival de las Ciencias 2022 enfocado en cambio clim\u00e1tico y agua"}]},{"@type":"WebSite","@id":"https:\/\/dev.explora.cl\/ohiggins\/#website","url":"https:\/\/dev.explora.cl\/ohiggins\/","name":"O&#039;Higgins","description":"Otro sitio m\u00e1s de dev.explora.cl","potentialAction":[{"@type":"SearchAction","target":{"@type":"EntryPoint","urlTemplate":"https:\/\/dev.explora.cl\/ohiggins\/?s={search_term_string}"},"query-input":{"@type":"PropertyValueSpecification","valueRequired":true,"valueName":"search_term_string"}}],"inLanguage":"es-CL"},{"@type":"Person","@id":"https:\/\/dev.explora.cl\/ohiggins\/#\/schema\/person\/3240d62ad2624da9148a475abbc509b0","name":"nsalazar","image":{"@type":"ImageObject","inLanguage":"es-CL","@id":"https:\/\/dev.explora.cl\/ohiggins\/#\/schema\/person\/image\/","url":"https:\/\/secure.gravatar.com\/avatar\/b8cf276f31998a0865a3b90e4d663d91b97848887282c9f9a56cad57ff01cc7e?s=96&d=mm&r=g","contentUrl":"https:\/\/secure.gravatar.com\/avatar\/b8cf276f31998a0865a3b90e4d663d91b97848887282c9f9a56cad57ff01cc7e?s=96&d=mm&r=g","caption":"nsalazar"},"url":"https:\/\/dev.explora.cl\/ohiggins\/author\/nsalazar\/"}]}},"_links":{"self":[{"href":"https:\/\/dev.explora.cl\/ohiggins\/wp-json\/wp\/v2\/posts\/39259","targetHints":{"allow":["GET"]}}],"collection":[{"href":"https:\/\/dev.explora.cl\/ohiggins\/wp-json\/wp\/v2\/posts"}],"about":[{"href":"https:\/\/dev.explora.cl\/ohiggins\/wp-json\/wp\/v2\/types\/post"}],"author":[{"embeddable":true,"href":"https:\/\/dev.explora.cl\/ohiggins\/wp-json\/wp\/v2\/users\/23"}],"replies":[{"embeddable":true,"href":"https:\/\/dev.explora.cl\/ohiggins\/wp-json\/wp\/v2\/comments?post=39259"}],"version-history":[{"count":2,"href":"https:\/\/dev.explora.cl\/ohiggins\/wp-json\/wp\/v2\/posts\/39259\/revisions"}],"predecessor-version":[{"id":39288,"href":"https:\/\/dev.explora.cl\/ohiggins\/wp-json\/wp\/v2\/posts\/39259\/revisions\/39288"}],"wp:featuredmedia":[{"embeddable":true,"href":"https:\/\/dev.explora.cl\/ohiggins\/wp-json\/wp\/v2\/media\/39260"}],"wp:attachment":[{"href":"https:\/\/dev.explora.cl\/ohiggins\/wp-json\/wp\/v2\/media?parent=39259"}],"wp:term":[{"taxonomy":"category","embeddable":true,"href":"https:\/\/dev.explora.cl\/ohiggins\/wp-json\/wp\/v2\/categories?post=39259"},{"taxonomy":"post_tag","embeddable":true,"href":"https:\/\/dev.explora.cl\/ohiggins\/wp-json\/wp\/v2\/tags?post=39259"}],"curies":[{"name":"wp","href":"https:\/\/api.w.org\/{rel}","templated":true}]}}