{"id":39250,"date":"2022-09-13T13:38:12","date_gmt":"2022-09-13T16:38:12","guid":{"rendered":"https:\/\/dev.explora.cl\/ohiggins\/?p=39250"},"modified":"2022-10-05T15:20:11","modified_gmt":"2022-10-05T18:20:11","slug":"plazo-de-postulacion-a-congreso-regional-se-extiende-hasta-el-3-de-octubre","status":"publish","type":"post","link":"https:\/\/dev.explora.cl\/ohiggins\/plazo-de-postulacion-a-congreso-regional-se-extiende-hasta-el-3-de-octubre\/","title":{"rendered":"Plazo de postulaci\u00f3n a Congreso Regional se extiende hasta el 3 de octubre"},"content":{"rendered":"<p>Hasta el lunes 3 de octubre estar\u00e1 abierta la convocatoria de postulaci\u00f3n para ser parte del XV Congreso Regional Explora 2022, que se realizar\u00e1 de forma presencial -por primera vez en tres a\u00f1os- durante el mes de noviembre en Pichilemu.<\/p>\n<p>De acuerdo a la encargada de Valoraci\u00f3n de PAR Explora O\u00b4Higgins, Mar\u00eda Antonieta Rojas, la extensi\u00f3n del plazo original (26 de septiembre) permitir\u00e1 que las y los docentes que est\u00e1n trabajando en sus postulaciones tengan un per\u00edodo m\u00e1s holgado para concursar a este evento cient\u00edfico, tecnol\u00f3gico y de investigaci\u00f3n que realiza el proyecto asociativo regional.<\/p>\n<p>Por su parte, la seremi de Ciencia de la Macrozona Centro Sur, Sof\u00eda Valenzuela, destac\u00f3 el rol de Explora O\u00b4Higgins en la organizaci\u00f3n del XV Congreso Regional. \u201cEstas actividades van en el marco del gobierno del Presidente Gabriel Boric, descentralizar y contar con m\u00e1s mujeres en ciencia, fomentando la curiosidad desde la primera infancia, en especial en ni\u00f1as. Como ministerio queremos que ni\u00f1as, ni\u00f1os y adolescentes se hagan preguntas sobre su entorno, quieran aprender y sientan esa curiosidad tan innata, en las distintas \u00e1reas del conocimiento es por esto que invitamos, a los y las estudiantes de todas las comunas de la regi\u00f3n, a que participen con proyectos provenientes de todas las \u00e1reas del conocimiento, incluyendo a las ciencias sociales, artes y humanidades\u201d, indic\u00f3.<\/p>\n<p>Los Congresos Regionales Explora corresponden a instancias organizadas por cada Proyecto Asociativo Regional (PAR), en las que se socializan las investigaciones y proyectos de innovaci\u00f3n escolar, a trav\u00e9s de una experiencia que les permita desarrollar habilidades y compartir experiencias con sus pares e investigadores\/as.<\/p>\n<p>Formulario de postulaci\u00f3n CRE (incluye todos los anexos): <a href=\"https:\/\/forms.gle\/yVooGVUXD4kwD5PV8\">https:\/\/forms.gle\/yVooGVUXD4kwD5PV8<\/a><\/p>\n<p>Bases: <a href=\"https:\/\/dev.explora.cl\/blog\/congreso-regional-de-investigacion-escolar-1\/\">https:\/\/dev.explora.cl\/blog\/congreso-regional-de-investigacion-escolar-1\/<\/a><\/p>\n<p>Consultas al correo: <a href=\"mailto:explora.ohiggins@uoh.cl\">explora.ohiggins@uoh.cl<\/a><\/p>\n","protected":false},"excerpt":{"rendered":"<p>El Congreso Regional Explora es una instancia en la que se socializan las investigaciones y proyectos de innovaci\u00f3n escolar de la Regi\u00f3n de O\u00b4Higgins. <\/p>\n","protected":false},"author":23,"featured_media":39251,"comment_status":"open","ping_status":"open","sticky":false,"template":"","format":"standard","meta":{"_acf_changed":false,"_exactmetrics_skip_tracking":false,"_exactmetrics_sitenote_active":false,"_exactmetrics_sitenote_note":"","_exactmetrics_sitenote_category":0,"footnotes":"","_links_to":"","_links_to_target":""},"categories":[4],"tags":[],"class_list":["post-39250","post","type-post","status-publish","format-standard","has-post-thumbnail","hentry","category-noticias"],"acf":[],"yoast_head":"<!-- This site is optimized with the Yoast SEO plugin v26.7 - https:\/\/yoast.com\/wordpress\/plugins\/seo\/ -->\n<title>Plazo de postulaci\u00f3n a Congreso Regional se extiende hasta el 3 de octubre - O&#039;Higgins<\/title>\n<meta name=\"robots\" content=\"index, follow, max-snippet:-1, max-image-preview:large, max-video-preview:-1\" \/>\n<link rel=\"canonical\" href=\"https:\/\/dev.explora.cl\/ohiggins\/plazo-de-postulacion-a-congreso-regional-se-extiende-hasta-el-3-de-octubre\/\" class=\"yoast-seo-meta-tag\" \/>\n<meta property=\"og:locale\" content=\"es_ES\" class=\"yoast-seo-meta-tag\" \/>\n<meta property=\"og:type\" content=\"article\" class=\"yoast-seo-meta-tag\" \/>\n<meta property=\"og:title\" content=\"Plazo de postulaci\u00f3n a Congreso Regional se extiende hasta el 3 de octubre - O&#039;Higgins\" class=\"yoast-seo-meta-tag\" \/>\n<meta property=\"og:description\" content=\"El Congreso Regional Explora es una instancia en la que se socializan las investigaciones y proyectos de innovaci\u00f3n escolar de la Regi\u00f3n de O\u00b4Higgins.\" class=\"yoast-seo-meta-tag\" \/>\n<meta property=\"og:url\" content=\"https:\/\/dev.explora.cl\/ohiggins\/plazo-de-postulacion-a-congreso-regional-se-extiende-hasta-el-3-de-octubre\/\" class=\"yoast-seo-meta-tag\" \/>\n<meta property=\"og:site_name\" content=\"O&#039;Higgins\" class=\"yoast-seo-meta-tag\" \/>\n<meta property=\"article:published_time\" content=\"2022-09-13T16:38:12+00:00\" class=\"yoast-seo-meta-tag\" \/>\n<meta property=\"article:modified_time\" content=\"2022-10-05T18:20:11+00:00\" class=\"yoast-seo-meta-tag\" \/>\n<meta property=\"og:image\" content=\"https:\/\/dev.explora.cl\/ohiggins\/wp-content\/uploads\/sites\/8\/2022\/09\/congreso-nuevo-plazo-para-web.jpeg\" class=\"yoast-seo-meta-tag\" \/>\n\t<meta property=\"og:image:width\" content=\"1280\" class=\"yoast-seo-meta-tag\" \/>\n\t<meta property=\"og:image:height\" content=\"863\" class=\"yoast-seo-meta-tag\" \/>\n\t<meta property=\"og:image:type\" content=\"image\/jpeg\" class=\"yoast-seo-meta-tag\" \/>\n<meta name=\"author\" content=\"nsalazar\" class=\"yoast-seo-meta-tag\" \/>\n<meta name=\"twitter:card\" content=\"summary_large_image\" class=\"yoast-seo-meta-tag\" \/>\n<meta name=\"twitter:label1\" content=\"Escrito por\" class=\"yoast-seo-meta-tag\" \/>\n\t<meta name=\"twitter:data1\" content=\"nsalazar\" class=\"yoast-seo-meta-tag\" \/>\n\t<meta name=\"twitter:label2\" content=\"Tiempo estimado de lectura\" class=\"yoast-seo-meta-tag\" \/>\n\t<meta name=\"twitter:data2\" content=\"2 minutos\" class=\"yoast-seo-meta-tag\" \/>\n<script type=\"application\/ld+json\" class=\"yoast-schema-graph\">{\"@context\":\"https:\/\/schema.org\",\"@graph\":[{\"@type\":\"Article\",\"@id\":\"https:\/\/dev.explora.cl\/ohiggins\/plazo-de-postulacion-a-congreso-regional-se-extiende-hasta-el-3-de-octubre\/#article\",\"isPartOf\":{\"@id\":\"https:\/\/dev.explora.cl\/ohiggins\/plazo-de-postulacion-a-congreso-regional-se-extiende-hasta-el-3-de-octubre\/\"},\"author\":{\"name\":\"nsalazar\",\"@id\":\"https:\/\/dev.explora.cl\/ohiggins\/#\/schema\/person\/3240d62ad2624da9148a475abbc509b0\"},\"headline\":\"Plazo de postulaci\u00f3n a Congreso Regional se extiende hasta el 3 de octubre\",\"datePublished\":\"2022-09-13T16:38:12+00:00\",\"dateModified\":\"2022-10-05T18:20:11+00:00\",\"mainEntityOfPage\":{\"@id\":\"https:\/\/dev.explora.cl\/ohiggins\/plazo-de-postulacion-a-congreso-regional-se-extiende-hasta-el-3-de-octubre\/\"},\"wordCount\":325,\"commentCount\":0,\"image\":{\"@id\":\"https:\/\/dev.explora.cl\/ohiggins\/plazo-de-postulacion-a-congreso-regional-se-extiende-hasta-el-3-de-octubre\/#primaryimage\"},\"thumbnailUrl\":\"https:\/\/dev.explora.cl\/ohiggins\/wp-content\/uploads\/sites\/8\/2022\/09\/congreso-nuevo-plazo-para-web.jpeg\",\"articleSection\":[\"Noticias\"],\"inLanguage\":\"es-CL\",\"potentialAction\":[{\"@type\":\"CommentAction\",\"name\":\"Comment\",\"target\":[\"https:\/\/dev.explora.cl\/ohiggins\/plazo-de-postulacion-a-congreso-regional-se-extiende-hasta-el-3-de-octubre\/#respond\"]}]},{\"@type\":\"WebPage\",\"@id\":\"https:\/\/dev.explora.cl\/ohiggins\/plazo-de-postulacion-a-congreso-regional-se-extiende-hasta-el-3-de-octubre\/\",\"url\":\"https:\/\/dev.explora.cl\/ohiggins\/plazo-de-postulacion-a-congreso-regional-se-extiende-hasta-el-3-de-octubre\/\",\"name\":\"Plazo de postulaci\u00f3n a Congreso Regional se extiende hasta el 3 de octubre - O&#039;Higgins\",\"isPartOf\":{\"@id\":\"https:\/\/dev.explora.cl\/ohiggins\/#website\"},\"primaryImageOfPage\":{\"@id\":\"https:\/\/dev.explora.cl\/ohiggins\/plazo-de-postulacion-a-congreso-regional-se-extiende-hasta-el-3-de-octubre\/#primaryimage\"},\"image\":{\"@id\":\"https:\/\/dev.explora.cl\/ohiggins\/plazo-de-postulacion-a-congreso-regional-se-extiende-hasta-el-3-de-octubre\/#primaryimage\"},\"thumbnailUrl\":\"https:\/\/dev.explora.cl\/ohiggins\/wp-content\/uploads\/sites\/8\/2022\/09\/congreso-nuevo-plazo-para-web.jpeg\",\"datePublished\":\"2022-09-13T16:38:12+00:00\",\"dateModified\":\"2022-10-05T18:20:11+00:00\",\"author\":{\"@id\":\"https:\/\/dev.explora.cl\/ohiggins\/#\/schema\/person\/3240d62ad2624da9148a475abbc509b0\"},\"breadcrumb\":{\"@id\":\"https:\/\/dev.explora.cl\/ohiggins\/plazo-de-postulacion-a-congreso-regional-se-extiende-hasta-el-3-de-octubre\/#breadcrumb\"},\"inLanguage\":\"es-CL\",\"potentialAction\":[{\"@type\":\"ReadAction\",\"target\":[\"https:\/\/dev.explora.cl\/ohiggins\/plazo-de-postulacion-a-congreso-regional-se-extiende-hasta-el-3-de-octubre\/\"]}]},{\"@type\":\"ImageObject\",\"inLanguage\":\"es-CL\",\"@id\":\"https:\/\/dev.explora.cl\/ohiggins\/plazo-de-postulacion-a-congreso-regional-se-extiende-hasta-el-3-de-octubre\/#primaryimage\",\"url\":\"https:\/\/dev.explora.cl\/ohiggins\/wp-content\/uploads\/sites\/8\/2022\/09\/congreso-nuevo-plazo-para-web.jpeg\",\"contentUrl\":\"https:\/\/dev.explora.cl\/ohiggins\/wp-content\/uploads\/sites\/8\/2022\/09\/congreso-nuevo-plazo-para-web.jpeg\",\"width\":1280,\"height\":863},{\"@type\":\"BreadcrumbList\",\"@id\":\"https:\/\/dev.explora.cl\/ohiggins\/plazo-de-postulacion-a-congreso-regional-se-extiende-hasta-el-3-de-octubre\/#breadcrumb\",\"itemListElement\":[{\"@type\":\"ListItem\",\"position\":1,\"name\":\"Portada\",\"item\":\"https:\/\/dev.explora.cl\/ohiggins\/\"},{\"@type\":\"ListItem\",\"position\":2,\"name\":\"Plazo de postulaci\u00f3n a Congreso Regional se extiende hasta el 3 de octubre\"}]},{\"@type\":\"WebSite\",\"@id\":\"https:\/\/dev.explora.cl\/ohiggins\/#website\",\"url\":\"https:\/\/dev.explora.cl\/ohiggins\/\",\"name\":\"O&#039;Higgins\",\"description\":\"Otro sitio m\u00e1s de dev.explora.cl\",\"potentialAction\":[{\"@type\":\"SearchAction\",\"target\":{\"@type\":\"EntryPoint\",\"urlTemplate\":\"https:\/\/dev.explora.cl\/ohiggins\/?s={search_term_string}\"},\"query-input\":{\"@type\":\"PropertyValueSpecification\",\"valueRequired\":true,\"valueName\":\"search_term_string\"}}],\"inLanguage\":\"es-CL\"},{\"@type\":\"Person\",\"@id\":\"https:\/\/dev.explora.cl\/ohiggins\/#\/schema\/person\/3240d62ad2624da9148a475abbc509b0\",\"name\":\"nsalazar\",\"image\":{\"@type\":\"ImageObject\",\"inLanguage\":\"es-CL\",\"@id\":\"https:\/\/dev.explora.cl\/ohiggins\/#\/schema\/person\/image\/\",\"url\":\"https:\/\/secure.gravatar.com\/avatar\/b8cf276f31998a0865a3b90e4d663d91b97848887282c9f9a56cad57ff01cc7e?s=96&d=mm&r=g\",\"contentUrl\":\"https:\/\/secure.gravatar.com\/avatar\/b8cf276f31998a0865a3b90e4d663d91b97848887282c9f9a56cad57ff01cc7e?s=96&d=mm&r=g\",\"caption\":\"nsalazar\"},\"url\":\"https:\/\/dev.explora.cl\/ohiggins\/author\/nsalazar\/\"}]}<\/script>\n<!-- \/ Yoast SEO plugin. -->","yoast_head_json":{"title":"Plazo de postulaci\u00f3n a Congreso Regional se extiende hasta el 3 de octubre - O&#039;Higgins","robots":{"index":"index","follow":"follow","max-snippet":"max-snippet:-1","max-image-preview":"max-image-preview:large","max-video-preview":"max-video-preview:-1"},"canonical":"https:\/\/dev.explora.cl\/ohiggins\/plazo-de-postulacion-a-congreso-regional-se-extiende-hasta-el-3-de-octubre\/","og_locale":"es_ES","og_type":"article","og_title":"Plazo de postulaci\u00f3n a Congreso Regional se extiende hasta el 3 de octubre - O&#039;Higgins","og_description":"El Congreso Regional Explora es una instancia en la que se socializan las investigaciones y proyectos de innovaci\u00f3n escolar de la Regi\u00f3n de O\u00b4Higgins.","og_url":"https:\/\/dev.explora.cl\/ohiggins\/plazo-de-postulacion-a-congreso-regional-se-extiende-hasta-el-3-de-octubre\/","og_site_name":"O&#039;Higgins","article_published_time":"2022-09-13T16:38:12+00:00","article_modified_time":"2022-10-05T18:20:11+00:00","og_image":[{"width":1280,"height":863,"url":"https:\/\/dev.explora.cl\/ohiggins\/wp-content\/uploads\/sites\/8\/2022\/09\/congreso-nuevo-plazo-para-web.jpeg","type":"image\/jpeg"}],"author":"nsalazar","twitter_card":"summary_large_image","twitter_misc":{"Escrito por":"nsalazar","Tiempo estimado de lectura":"2 minutos"},"schema":{"@context":"https:\/\/schema.org","@graph":[{"@type":"Article","@id":"https:\/\/dev.explora.cl\/ohiggins\/plazo-de-postulacion-a-congreso-regional-se-extiende-hasta-el-3-de-octubre\/#article","isPartOf":{"@id":"https:\/\/dev.explora.cl\/ohiggins\/plazo-de-postulacion-a-congreso-regional-se-extiende-hasta-el-3-de-octubre\/"},"author":{"name":"nsalazar","@id":"https:\/\/dev.explora.cl\/ohiggins\/#\/schema\/person\/3240d62ad2624da9148a475abbc509b0"},"headline":"Plazo de postulaci\u00f3n a Congreso Regional se extiende hasta el 3 de octubre","datePublished":"2022-09-13T16:38:12+00:00","dateModified":"2022-10-05T18:20:11+00:00","mainEntityOfPage":{"@id":"https:\/\/dev.explora.cl\/ohiggins\/plazo-de-postulacion-a-congreso-regional-se-extiende-hasta-el-3-de-octubre\/"},"wordCount":325,"commentCount":0,"image":{"@id":"https:\/\/dev.explora.cl\/ohiggins\/plazo-de-postulacion-a-congreso-regional-se-extiende-hasta-el-3-de-octubre\/#primaryimage"},"thumbnailUrl":"https:\/\/dev.explora.cl\/ohiggins\/wp-content\/uploads\/sites\/8\/2022\/09\/congreso-nuevo-plazo-para-web.jpeg","articleSection":["Noticias"],"inLanguage":"es-CL","potentialAction":[{"@type":"CommentAction","name":"Comment","target":["https:\/\/dev.explora.cl\/ohiggins\/plazo-de-postulacion-a-congreso-regional-se-extiende-hasta-el-3-de-octubre\/#respond"]}]},{"@type":"WebPage","@id":"https:\/\/dev.explora.cl\/ohiggins\/plazo-de-postulacion-a-congreso-regional-se-extiende-hasta-el-3-de-octubre\/","url":"https:\/\/dev.explora.cl\/ohiggins\/plazo-de-postulacion-a-congreso-regional-se-extiende-hasta-el-3-de-octubre\/","name":"Plazo de postulaci\u00f3n a Congreso Regional se extiende hasta el 3 de octubre - O&#039;Higgins","isPartOf":{"@id":"https:\/\/dev.explora.cl\/ohiggins\/#website"},"primaryImageOfPage":{"@id":"https:\/\/dev.explora.cl\/ohiggins\/plazo-de-postulacion-a-congreso-regional-se-extiende-hasta-el-3-de-octubre\/#primaryimage"},"image":{"@id":"https:\/\/dev.explora.cl\/ohiggins\/plazo-de-postulacion-a-congreso-regional-se-extiende-hasta-el-3-de-octubre\/#primaryimage"},"thumbnailUrl":"https:\/\/dev.explora.cl\/ohiggins\/wp-content\/uploads\/sites\/8\/2022\/09\/congreso-nuevo-plazo-para-web.jpeg","datePublished":"2022-09-13T16:38:12+00:00","dateModified":"2022-10-05T18:20:11+00:00","author":{"@id":"https:\/\/dev.explora.cl\/ohiggins\/#\/schema\/person\/3240d62ad2624da9148a475abbc509b0"},"breadcrumb":{"@id":"https:\/\/dev.explora.cl\/ohiggins\/plazo-de-postulacion-a-congreso-regional-se-extiende-hasta-el-3-de-octubre\/#breadcrumb"},"inLanguage":"es-CL","potentialAction":[{"@type":"ReadAction","target":["https:\/\/dev.explora.cl\/ohiggins\/plazo-de-postulacion-a-congreso-regional-se-extiende-hasta-el-3-de-octubre\/"]}]},{"@type":"ImageObject","inLanguage":"es-CL","@id":"https:\/\/dev.explora.cl\/ohiggins\/plazo-de-postulacion-a-congreso-regional-se-extiende-hasta-el-3-de-octubre\/#primaryimage","url":"https:\/\/dev.explora.cl\/ohiggins\/wp-content\/uploads\/sites\/8\/2022\/09\/congreso-nuevo-plazo-para-web.jpeg","contentUrl":"https:\/\/dev.explora.cl\/ohiggins\/wp-content\/uploads\/sites\/8\/2022\/09\/congreso-nuevo-plazo-para-web.jpeg","width":1280,"height":863},{"@type":"BreadcrumbList","@id":"https:\/\/dev.explora.cl\/ohiggins\/plazo-de-postulacion-a-congreso-regional-se-extiende-hasta-el-3-de-octubre\/#breadcrumb","itemListElement":[{"@type":"ListItem","position":1,"name":"Portada","item":"https:\/\/dev.explora.cl\/ohiggins\/"},{"@type":"ListItem","position":2,"name":"Plazo de postulaci\u00f3n a Congreso Regional se extiende hasta el 3 de octubre"}]},{"@type":"WebSite","@id":"https:\/\/dev.explora.cl\/ohiggins\/#website","url":"https:\/\/dev.explora.cl\/ohiggins\/","name":"O&#039;Higgins","description":"Otro sitio m\u00e1s de dev.explora.cl","potentialAction":[{"@type":"SearchAction","target":{"@type":"EntryPoint","urlTemplate":"https:\/\/dev.explora.cl\/ohiggins\/?s={search_term_string}"},"query-input":{"@type":"PropertyValueSpecification","valueRequired":true,"valueName":"search_term_string"}}],"inLanguage":"es-CL"},{"@type":"Person","@id":"https:\/\/dev.explora.cl\/ohiggins\/#\/schema\/person\/3240d62ad2624da9148a475abbc509b0","name":"nsalazar","image":{"@type":"ImageObject","inLanguage":"es-CL","@id":"https:\/\/dev.explora.cl\/ohiggins\/#\/schema\/person\/image\/","url":"https:\/\/secure.gravatar.com\/avatar\/b8cf276f31998a0865a3b90e4d663d91b97848887282c9f9a56cad57ff01cc7e?s=96&d=mm&r=g","contentUrl":"https:\/\/secure.gravatar.com\/avatar\/b8cf276f31998a0865a3b90e4d663d91b97848887282c9f9a56cad57ff01cc7e?s=96&d=mm&r=g","caption":"nsalazar"},"url":"https:\/\/dev.explora.cl\/ohiggins\/author\/nsalazar\/"}]}},"_links":{"self":[{"href":"https:\/\/dev.explora.cl\/ohiggins\/wp-json\/wp\/v2\/posts\/39250","targetHints":{"allow":["GET"]}}],"collection":[{"href":"https:\/\/dev.explora.cl\/ohiggins\/wp-json\/wp\/v2\/posts"}],"about":[{"href":"https:\/\/dev.explora.cl\/ohiggins\/wp-json\/wp\/v2\/types\/post"}],"author":[{"embeddable":true,"href":"https:\/\/dev.explora.cl\/ohiggins\/wp-json\/wp\/v2\/users\/23"}],"replies":[{"embeddable":true,"href":"https:\/\/dev.explora.cl\/ohiggins\/wp-json\/wp\/v2\/comments?post=39250"}],"version-history":[{"count":1,"href":"https:\/\/dev.explora.cl\/ohiggins\/wp-json\/wp\/v2\/posts\/39250\/revisions"}],"predecessor-version":[{"id":39252,"href":"https:\/\/dev.explora.cl\/ohiggins\/wp-json\/wp\/v2\/posts\/39250\/revisions\/39252"}],"wp:featuredmedia":[{"embeddable":true,"href":"https:\/\/dev.explora.cl\/ohiggins\/wp-json\/wp\/v2\/media\/39251"}],"wp:attachment":[{"href":"https:\/\/dev.explora.cl\/ohiggins\/wp-json\/wp\/v2\/media?parent=39250"}],"wp:term":[{"taxonomy":"category","embeddable":true,"href":"https:\/\/dev.explora.cl\/ohiggins\/wp-json\/wp\/v2\/categories?post=39250"},{"taxonomy":"post_tag","embeddable":true,"href":"https:\/\/dev.explora.cl\/ohiggins\/wp-json\/wp\/v2\/tags?post=39250"}],"curies":[{"name":"wp","href":"https:\/\/api.w.org\/{rel}","templated":true}]}}