{"id":39244,"date":"2022-09-07T13:06:27","date_gmt":"2022-09-07T16:06:27","guid":{"rendered":"https:\/\/dev.explora.cl\/ohiggins\/?p=39244"},"modified":"2022-09-27T13:23:13","modified_gmt":"2022-09-27T16:23:13","slug":"comenzo-la-muestra-astronomica-itinerante-en-san-fernando","status":"publish","type":"post","link":"https:\/\/dev.explora.cl\/ohiggins\/comenzo-la-muestra-astronomica-itinerante-en-san-fernando\/","title":{"rendered":"Comenz\u00f3 la muestra astron\u00f3mica itinerante en San Fernando"},"content":{"rendered":"<p>Con la presentaci\u00f3n de la charla \u201cUniverso explosivo, supernovas y otras explosiones\u201d, del astr\u00f3nomo de la Fundaci\u00f3n Chilena de Astronom\u00eda (Fuchas), Emilio Hueichap\u00e1n, se realiz\u00f3 la inauguraci\u00f3n oficial de la muestra astron\u00f3mica itinerante \u201cUn viaje desde Chile al Universo\u201d que realiza PAR Explora O\u00b4Higgins de la UOH y Fuchas, en San Fernando.<\/p>\n<p>Durante la actividad, estudiantes del Liceo Industrial de San Fernando y del Colegio El Real, pudieron conocer m\u00e1s del Universo explosivo con la charla de Hueichap\u00e1n, adem\u00e1s, realizaron un recorrido por la muestra con la astr\u00f3noma encargada, Romina Ahumada, y observaron el sol con los equipos de la agrupaci\u00f3n Astronom\u00eda San Fernando.<\/p>\n<p>\u201cComenzamos un nuevo per\u00edodo de la muestra astron\u00f3mica itinerante, esta vez la estaci\u00f3n es San Fernando. Ya realizada la inauguraci\u00f3n, comenzamos a recibir a todas las personas que quieran visitar esta exposici\u00f3n, que muestra aspectos del Universo a trav\u00e9s de im\u00e1genes, texto y realidad aumentada\u201d, se\u00f1al\u00f3 el director de PAR Explora O\u00b4Higgins y director del Instituto de Ciencias de la Ingenier\u00eda de la UOH, Rodrigo Verschae.<\/p>\n<p>\u201cFue una hermosa ceremonia. Dentro de nuestros estudiantes, del Industrial y del Colegio El Real, hay algunos que est\u00e1n dando sus primeros pasos en la investigaci\u00f3n cient\u00edfica, en el explorar y en el conocer el Universo. Estamos muy contentos que hayan pensado en nuestro establecimiento para este evento. Cuenten con el Liceo Neandro Schilling\u201d, agreg\u00f3 Claudia Pereira, directora del establecimiento de 176 a\u00f1os de trayectoria en San Fernando.<\/p>\n<p>Para la encargada de la Biblioteca San Fernando, Filomena Magna, \u201cestamos muy contentos de tener esta muestra que la hemos gestionado desde el a\u00f1o pasado, y agradecer al Liceo Neandro Schilling y a la agrupaci\u00f3n Astronom\u00eda San Fernando. Nos orgullece como Biblioteca haber gestionado todo esto, porque hay que sacarse el paradigma que las bibliotecas son pr\u00e9stamos de libros, son lugares de encuentro y entrega de conocimientos\u201d.<\/p>\n<p><strong>DESCUBRIMIENTOS UNIVERSALES, SUPERNOVAS Y EXPLOSIONES<\/strong><\/p>\n<p>Durante la inauguraci\u00f3n se present\u00f3 el astr\u00f3nomo de Fuchas y estudiante del N\u00facleo de Astronom\u00eda de la Universidad Diego Portales, Emilio Hueichap\u00e1n, quien asegur\u00f3 que \u201csiempre es un gusto venir a hacer actividades fuera de Santiago, especialmente a colegios municipales, que es lo que queremos desde Fuchas. La charla se trat\u00f3 de supernovas y de todo lo que necesitas antes de las supernovas, que son estas explosiones bien bonitas, adem\u00e1s, sus diferencias, c\u00f3mo las detectamos, para qu\u00e9 sirven; y lo que hay ahora, que son las transientes, fen\u00f3menos muy r\u00e1pidos, incluso para el tiempo humano\u201d.<\/p>\n<p>Adem\u00e1s de la charla de supernovas, la agrupaci\u00f3n Astronom\u00eda San Fernando instal\u00f3 una serie de telescopios para invitar a los presentes a observar el sol. \u201cEs un honor estar aqu\u00ed, invitados nuevamente por PAR Explora. Creo que ha sido una experiencia espectacular, especialmente para los ni\u00f1os. Hicimos una observaci\u00f3n solar para ver qu\u00e9 tan peque\u00f1os somos nosotros en comparaci\u00f3n al sol, a trav\u00e9s de la observaci\u00f3n de manchas solares; a pesar de que nuestro sol es muy peque\u00f1o en comparaci\u00f3n a otras estrellas\u201d, coment\u00f3 Jaime N\u00fa\u00f1ez de Astronom\u00eda San Fernando.<\/p>\n<p>La nueva estaci\u00f3n de la exposici\u00f3n est\u00e1 instalada en el auditorio del Liceo Neandro Schilling de San Fernando, lugar donde podr\u00e1n concurrir de manera gratuita a ver esta muestra astron\u00f3mica que repasa seis hitos de la astronom\u00eda mundial, descubiertos desde Chile: supernovas, agujeros negros, exoplanetas, formaci\u00f3n de planetas, el az\u00facar como mol\u00e9cula primordial para la vida, y finalmente, sobre Trit\u00f3n, una de las lunas de Neptuno.<\/p>\n","protected":false},"excerpt":{"rendered":"<p>La exposici\u00f3n \u201cUn viaje desde Chile al Universo\u201d estar\u00e1 abierta hasta el pr\u00f3ximo 14 de septiembre, y en ella podr\u00e1n conocer seis descubrimientos universales realizados desde Chile, a trav\u00e9s de monitores que explicar\u00e1n las gigantograf\u00edas y realidad aumentada.<\/p>\n","protected":false},"author":23,"featured_media":39245,"comment_status":"open","ping_status":"open","sticky":false,"template":"","format":"standard","meta":{"_acf_changed":false,"_exactmetrics_skip_tracking":false,"_exactmetrics_sitenote_active":false,"_exactmetrics_sitenote_note":"","_exactmetrics_sitenote_category":0,"footnotes":"","_links_to":"","_links_to_target":""},"categories":[4],"tags":[],"class_list":["post-39244","post","type-post","status-publish","format-standard","has-post-thumbnail","hentry","category-noticias"],"acf":[],"yoast_head":"<!-- This site is optimized with the Yoast SEO plugin v26.7 - https:\/\/yoast.com\/wordpress\/plugins\/seo\/ -->\n<title>Comenz\u00f3 la muestra astron\u00f3mica itinerante en San Fernando - O&#039;Higgins<\/title>\n<meta name=\"robots\" content=\"index, follow, max-snippet:-1, max-image-preview:large, max-video-preview:-1\" \/>\n<link rel=\"canonical\" href=\"https:\/\/dev.explora.cl\/ohiggins\/comenzo-la-muestra-astronomica-itinerante-en-san-fernando\/\" class=\"yoast-seo-meta-tag\" \/>\n<meta property=\"og:locale\" content=\"es_ES\" class=\"yoast-seo-meta-tag\" \/>\n<meta property=\"og:type\" content=\"article\" class=\"yoast-seo-meta-tag\" \/>\n<meta property=\"og:title\" content=\"Comenz\u00f3 la muestra astron\u00f3mica itinerante en San Fernando - O&#039;Higgins\" class=\"yoast-seo-meta-tag\" \/>\n<meta property=\"og:description\" content=\"La exposici\u00f3n \u201cUn viaje desde Chile al Universo\u201d estar\u00e1 abierta hasta el pr\u00f3ximo 14 de septiembre, y en ella podr\u00e1n conocer seis descubrimientos universales realizados desde Chile, a trav\u00e9s de monitores que explicar\u00e1n las gigantograf\u00edas y realidad aumentada.\" class=\"yoast-seo-meta-tag\" \/>\n<meta property=\"og:url\" content=\"https:\/\/dev.explora.cl\/ohiggins\/comenzo-la-muestra-astronomica-itinerante-en-san-fernando\/\" class=\"yoast-seo-meta-tag\" \/>\n<meta property=\"og:site_name\" content=\"O&#039;Higgins\" class=\"yoast-seo-meta-tag\" \/>\n<meta property=\"article:published_time\" content=\"2022-09-07T16:06:27+00:00\" class=\"yoast-seo-meta-tag\" \/>\n<meta property=\"article:modified_time\" content=\"2022-09-27T16:23:13+00:00\" class=\"yoast-seo-meta-tag\" \/>\n<meta property=\"og:image\" content=\"https:\/\/dev.explora.cl\/ohiggins\/wp-content\/uploads\/sites\/8\/2022\/09\/IMG_9780-1024x683.jpg\" class=\"yoast-seo-meta-tag\" \/>\n\t<meta property=\"og:image:width\" content=\"1024\" class=\"yoast-seo-meta-tag\" \/>\n\t<meta property=\"og:image:height\" content=\"683\" class=\"yoast-seo-meta-tag\" \/>\n\t<meta property=\"og:image:type\" content=\"image\/jpeg\" class=\"yoast-seo-meta-tag\" \/>\n<meta name=\"author\" content=\"nsalazar\" class=\"yoast-seo-meta-tag\" \/>\n<meta name=\"twitter:card\" content=\"summary_large_image\" class=\"yoast-seo-meta-tag\" \/>\n<meta name=\"twitter:label1\" content=\"Escrito por\" class=\"yoast-seo-meta-tag\" \/>\n\t<meta name=\"twitter:data1\" content=\"nsalazar\" class=\"yoast-seo-meta-tag\" \/>\n\t<meta name=\"twitter:label2\" content=\"Tiempo estimado de lectura\" class=\"yoast-seo-meta-tag\" \/>\n\t<meta name=\"twitter:data2\" content=\"3 minutos\" class=\"yoast-seo-meta-tag\" \/>\n<script type=\"application\/ld+json\" class=\"yoast-schema-graph\">{\"@context\":\"https:\/\/schema.org\",\"@graph\":[{\"@type\":\"Article\",\"@id\":\"https:\/\/dev.explora.cl\/ohiggins\/comenzo-la-muestra-astronomica-itinerante-en-san-fernando\/#article\",\"isPartOf\":{\"@id\":\"https:\/\/dev.explora.cl\/ohiggins\/comenzo-la-muestra-astronomica-itinerante-en-san-fernando\/\"},\"author\":{\"name\":\"nsalazar\",\"@id\":\"https:\/\/dev.explora.cl\/ohiggins\/#\/schema\/person\/3240d62ad2624da9148a475abbc509b0\"},\"headline\":\"Comenz\u00f3 la muestra astron\u00f3mica itinerante en San Fernando\",\"datePublished\":\"2022-09-07T16:06:27+00:00\",\"dateModified\":\"2022-09-27T16:23:13+00:00\",\"mainEntityOfPage\":{\"@id\":\"https:\/\/dev.explora.cl\/ohiggins\/comenzo-la-muestra-astronomica-itinerante-en-san-fernando\/\"},\"wordCount\":632,\"commentCount\":0,\"image\":{\"@id\":\"https:\/\/dev.explora.cl\/ohiggins\/comenzo-la-muestra-astronomica-itinerante-en-san-fernando\/#primaryimage\"},\"thumbnailUrl\":\"https:\/\/dev.explora.cl\/ohiggins\/wp-content\/uploads\/sites\/8\/2022\/09\/IMG_9780.jpg\",\"articleSection\":[\"Noticias\"],\"inLanguage\":\"es-CL\",\"potentialAction\":[{\"@type\":\"CommentAction\",\"name\":\"Comment\",\"target\":[\"https:\/\/dev.explora.cl\/ohiggins\/comenzo-la-muestra-astronomica-itinerante-en-san-fernando\/#respond\"]}]},{\"@type\":\"WebPage\",\"@id\":\"https:\/\/dev.explora.cl\/ohiggins\/comenzo-la-muestra-astronomica-itinerante-en-san-fernando\/\",\"url\":\"https:\/\/dev.explora.cl\/ohiggins\/comenzo-la-muestra-astronomica-itinerante-en-san-fernando\/\",\"name\":\"Comenz\u00f3 la muestra astron\u00f3mica itinerante en San Fernando - O&#039;Higgins\",\"isPartOf\":{\"@id\":\"https:\/\/dev.explora.cl\/ohiggins\/#website\"},\"primaryImageOfPage\":{\"@id\":\"https:\/\/dev.explora.cl\/ohiggins\/comenzo-la-muestra-astronomica-itinerante-en-san-fernando\/#primaryimage\"},\"image\":{\"@id\":\"https:\/\/dev.explora.cl\/ohiggins\/comenzo-la-muestra-astronomica-itinerante-en-san-fernando\/#primaryimage\"},\"thumbnailUrl\":\"https:\/\/dev.explora.cl\/ohiggins\/wp-content\/uploads\/sites\/8\/2022\/09\/IMG_9780.jpg\",\"datePublished\":\"2022-09-07T16:06:27+00:00\",\"dateModified\":\"2022-09-27T16:23:13+00:00\",\"author\":{\"@id\":\"https:\/\/dev.explora.cl\/ohiggins\/#\/schema\/person\/3240d62ad2624da9148a475abbc509b0\"},\"breadcrumb\":{\"@id\":\"https:\/\/dev.explora.cl\/ohiggins\/comenzo-la-muestra-astronomica-itinerante-en-san-fernando\/#breadcrumb\"},\"inLanguage\":\"es-CL\",\"potentialAction\":[{\"@type\":\"ReadAction\",\"target\":[\"https:\/\/dev.explora.cl\/ohiggins\/comenzo-la-muestra-astronomica-itinerante-en-san-fernando\/\"]}]},{\"@type\":\"ImageObject\",\"inLanguage\":\"es-CL\",\"@id\":\"https:\/\/dev.explora.cl\/ohiggins\/comenzo-la-muestra-astronomica-itinerante-en-san-fernando\/#primaryimage\",\"url\":\"https:\/\/dev.explora.cl\/ohiggins\/wp-content\/uploads\/sites\/8\/2022\/09\/IMG_9780.jpg\",\"contentUrl\":\"https:\/\/dev.explora.cl\/ohiggins\/wp-content\/uploads\/sites\/8\/2022\/09\/IMG_9780.jpg\",\"width\":3984,\"height\":2656},{\"@type\":\"BreadcrumbList\",\"@id\":\"https:\/\/dev.explora.cl\/ohiggins\/comenzo-la-muestra-astronomica-itinerante-en-san-fernando\/#breadcrumb\",\"itemListElement\":[{\"@type\":\"ListItem\",\"position\":1,\"name\":\"Portada\",\"item\":\"https:\/\/dev.explora.cl\/ohiggins\/\"},{\"@type\":\"ListItem\",\"position\":2,\"name\":\"Comenz\u00f3 la muestra astron\u00f3mica itinerante en San Fernando\"}]},{\"@type\":\"WebSite\",\"@id\":\"https:\/\/dev.explora.cl\/ohiggins\/#website\",\"url\":\"https:\/\/dev.explora.cl\/ohiggins\/\",\"name\":\"O&#039;Higgins\",\"description\":\"Otro sitio m\u00e1s de dev.explora.cl\",\"potentialAction\":[{\"@type\":\"SearchAction\",\"target\":{\"@type\":\"EntryPoint\",\"urlTemplate\":\"https:\/\/dev.explora.cl\/ohiggins\/?s={search_term_string}\"},\"query-input\":{\"@type\":\"PropertyValueSpecification\",\"valueRequired\":true,\"valueName\":\"search_term_string\"}}],\"inLanguage\":\"es-CL\"},{\"@type\":\"Person\",\"@id\":\"https:\/\/dev.explora.cl\/ohiggins\/#\/schema\/person\/3240d62ad2624da9148a475abbc509b0\",\"name\":\"nsalazar\",\"image\":{\"@type\":\"ImageObject\",\"inLanguage\":\"es-CL\",\"@id\":\"https:\/\/dev.explora.cl\/ohiggins\/#\/schema\/person\/image\/\",\"url\":\"https:\/\/secure.gravatar.com\/avatar\/b8cf276f31998a0865a3b90e4d663d91b97848887282c9f9a56cad57ff01cc7e?s=96&d=mm&r=g\",\"contentUrl\":\"https:\/\/secure.gravatar.com\/avatar\/b8cf276f31998a0865a3b90e4d663d91b97848887282c9f9a56cad57ff01cc7e?s=96&d=mm&r=g\",\"caption\":\"nsalazar\"},\"url\":\"https:\/\/dev.explora.cl\/ohiggins\/author\/nsalazar\/\"}]}<\/script>\n<!-- \/ Yoast SEO plugin. -->","yoast_head_json":{"title":"Comenz\u00f3 la muestra astron\u00f3mica itinerante en San Fernando - O&#039;Higgins","robots":{"index":"index","follow":"follow","max-snippet":"max-snippet:-1","max-image-preview":"max-image-preview:large","max-video-preview":"max-video-preview:-1"},"canonical":"https:\/\/dev.explora.cl\/ohiggins\/comenzo-la-muestra-astronomica-itinerante-en-san-fernando\/","og_locale":"es_ES","og_type":"article","og_title":"Comenz\u00f3 la muestra astron\u00f3mica itinerante en San Fernando - O&#039;Higgins","og_description":"La exposici\u00f3n \u201cUn viaje desde Chile al Universo\u201d estar\u00e1 abierta hasta el pr\u00f3ximo 14 de septiembre, y en ella podr\u00e1n conocer seis descubrimientos universales realizados desde Chile, a trav\u00e9s de monitores que explicar\u00e1n las gigantograf\u00edas y realidad aumentada.","og_url":"https:\/\/dev.explora.cl\/ohiggins\/comenzo-la-muestra-astronomica-itinerante-en-san-fernando\/","og_site_name":"O&#039;Higgins","article_published_time":"2022-09-07T16:06:27+00:00","article_modified_time":"2022-09-27T16:23:13+00:00","og_image":[{"width":1024,"height":683,"url":"https:\/\/dev.explora.cl\/ohiggins\/wp-content\/uploads\/sites\/8\/2022\/09\/IMG_9780-1024x683.jpg","type":"image\/jpeg"}],"author":"nsalazar","twitter_card":"summary_large_image","twitter_misc":{"Escrito por":"nsalazar","Tiempo estimado de lectura":"3 minutos"},"schema":{"@context":"https:\/\/schema.org","@graph":[{"@type":"Article","@id":"https:\/\/dev.explora.cl\/ohiggins\/comenzo-la-muestra-astronomica-itinerante-en-san-fernando\/#article","isPartOf":{"@id":"https:\/\/dev.explora.cl\/ohiggins\/comenzo-la-muestra-astronomica-itinerante-en-san-fernando\/"},"author":{"name":"nsalazar","@id":"https:\/\/dev.explora.cl\/ohiggins\/#\/schema\/person\/3240d62ad2624da9148a475abbc509b0"},"headline":"Comenz\u00f3 la muestra astron\u00f3mica itinerante en San Fernando","datePublished":"2022-09-07T16:06:27+00:00","dateModified":"2022-09-27T16:23:13+00:00","mainEntityOfPage":{"@id":"https:\/\/dev.explora.cl\/ohiggins\/comenzo-la-muestra-astronomica-itinerante-en-san-fernando\/"},"wordCount":632,"commentCount":0,"image":{"@id":"https:\/\/dev.explora.cl\/ohiggins\/comenzo-la-muestra-astronomica-itinerante-en-san-fernando\/#primaryimage"},"thumbnailUrl":"https:\/\/dev.explora.cl\/ohiggins\/wp-content\/uploads\/sites\/8\/2022\/09\/IMG_9780.jpg","articleSection":["Noticias"],"inLanguage":"es-CL","potentialAction":[{"@type":"CommentAction","name":"Comment","target":["https:\/\/dev.explora.cl\/ohiggins\/comenzo-la-muestra-astronomica-itinerante-en-san-fernando\/#respond"]}]},{"@type":"WebPage","@id":"https:\/\/dev.explora.cl\/ohiggins\/comenzo-la-muestra-astronomica-itinerante-en-san-fernando\/","url":"https:\/\/dev.explora.cl\/ohiggins\/comenzo-la-muestra-astronomica-itinerante-en-san-fernando\/","name":"Comenz\u00f3 la muestra astron\u00f3mica itinerante en San Fernando - O&#039;Higgins","isPartOf":{"@id":"https:\/\/dev.explora.cl\/ohiggins\/#website"},"primaryImageOfPage":{"@id":"https:\/\/dev.explora.cl\/ohiggins\/comenzo-la-muestra-astronomica-itinerante-en-san-fernando\/#primaryimage"},"image":{"@id":"https:\/\/dev.explora.cl\/ohiggins\/comenzo-la-muestra-astronomica-itinerante-en-san-fernando\/#primaryimage"},"thumbnailUrl":"https:\/\/dev.explora.cl\/ohiggins\/wp-content\/uploads\/sites\/8\/2022\/09\/IMG_9780.jpg","datePublished":"2022-09-07T16:06:27+00:00","dateModified":"2022-09-27T16:23:13+00:00","author":{"@id":"https:\/\/dev.explora.cl\/ohiggins\/#\/schema\/person\/3240d62ad2624da9148a475abbc509b0"},"breadcrumb":{"@id":"https:\/\/dev.explora.cl\/ohiggins\/comenzo-la-muestra-astronomica-itinerante-en-san-fernando\/#breadcrumb"},"inLanguage":"es-CL","potentialAction":[{"@type":"ReadAction","target":["https:\/\/dev.explora.cl\/ohiggins\/comenzo-la-muestra-astronomica-itinerante-en-san-fernando\/"]}]},{"@type":"ImageObject","inLanguage":"es-CL","@id":"https:\/\/dev.explora.cl\/ohiggins\/comenzo-la-muestra-astronomica-itinerante-en-san-fernando\/#primaryimage","url":"https:\/\/dev.explora.cl\/ohiggins\/wp-content\/uploads\/sites\/8\/2022\/09\/IMG_9780.jpg","contentUrl":"https:\/\/dev.explora.cl\/ohiggins\/wp-content\/uploads\/sites\/8\/2022\/09\/IMG_9780.jpg","width":3984,"height":2656},{"@type":"BreadcrumbList","@id":"https:\/\/dev.explora.cl\/ohiggins\/comenzo-la-muestra-astronomica-itinerante-en-san-fernando\/#breadcrumb","itemListElement":[{"@type":"ListItem","position":1,"name":"Portada","item":"https:\/\/dev.explora.cl\/ohiggins\/"},{"@type":"ListItem","position":2,"name":"Comenz\u00f3 la muestra astron\u00f3mica itinerante en San Fernando"}]},{"@type":"WebSite","@id":"https:\/\/dev.explora.cl\/ohiggins\/#website","url":"https:\/\/dev.explora.cl\/ohiggins\/","name":"O&#039;Higgins","description":"Otro sitio m\u00e1s de dev.explora.cl","potentialAction":[{"@type":"SearchAction","target":{"@type":"EntryPoint","urlTemplate":"https:\/\/dev.explora.cl\/ohiggins\/?s={search_term_string}"},"query-input":{"@type":"PropertyValueSpecification","valueRequired":true,"valueName":"search_term_string"}}],"inLanguage":"es-CL"},{"@type":"Person","@id":"https:\/\/dev.explora.cl\/ohiggins\/#\/schema\/person\/3240d62ad2624da9148a475abbc509b0","name":"nsalazar","image":{"@type":"ImageObject","inLanguage":"es-CL","@id":"https:\/\/dev.explora.cl\/ohiggins\/#\/schema\/person\/image\/","url":"https:\/\/secure.gravatar.com\/avatar\/b8cf276f31998a0865a3b90e4d663d91b97848887282c9f9a56cad57ff01cc7e?s=96&d=mm&r=g","contentUrl":"https:\/\/secure.gravatar.com\/avatar\/b8cf276f31998a0865a3b90e4d663d91b97848887282c9f9a56cad57ff01cc7e?s=96&d=mm&r=g","caption":"nsalazar"},"url":"https:\/\/dev.explora.cl\/ohiggins\/author\/nsalazar\/"}]}},"_links":{"self":[{"href":"https:\/\/dev.explora.cl\/ohiggins\/wp-json\/wp\/v2\/posts\/39244","targetHints":{"allow":["GET"]}}],"collection":[{"href":"https:\/\/dev.explora.cl\/ohiggins\/wp-json\/wp\/v2\/posts"}],"about":[{"href":"https:\/\/dev.explora.cl\/ohiggins\/wp-json\/wp\/v2\/types\/post"}],"author":[{"embeddable":true,"href":"https:\/\/dev.explora.cl\/ohiggins\/wp-json\/wp\/v2\/users\/23"}],"replies":[{"embeddable":true,"href":"https:\/\/dev.explora.cl\/ohiggins\/wp-json\/wp\/v2\/comments?post=39244"}],"version-history":[{"count":1,"href":"https:\/\/dev.explora.cl\/ohiggins\/wp-json\/wp\/v2\/posts\/39244\/revisions"}],"predecessor-version":[{"id":39246,"href":"https:\/\/dev.explora.cl\/ohiggins\/wp-json\/wp\/v2\/posts\/39244\/revisions\/39246"}],"wp:featuredmedia":[{"embeddable":true,"href":"https:\/\/dev.explora.cl\/ohiggins\/wp-json\/wp\/v2\/media\/39245"}],"wp:attachment":[{"href":"https:\/\/dev.explora.cl\/ohiggins\/wp-json\/wp\/v2\/media?parent=39244"}],"wp:term":[{"taxonomy":"category","embeddable":true,"href":"https:\/\/dev.explora.cl\/ohiggins\/wp-json\/wp\/v2\/categories?post=39244"},{"taxonomy":"post_tag","embeddable":true,"href":"https:\/\/dev.explora.cl\/ohiggins\/wp-json\/wp\/v2\/tags?post=39244"}],"curies":[{"name":"wp","href":"https:\/\/api.w.org\/{rel}","templated":true}]}}