{"id":39238,"date":"2022-08-30T18:33:14","date_gmt":"2022-08-30T22:33:14","guid":{"rendered":"https:\/\/dev.explora.cl\/ohiggins\/?p=39238"},"modified":"2022-09-27T10:45:25","modified_gmt":"2022-09-27T13:45:25","slug":"estudiantes-del-programa-4-a-7-de-san-fernando-recibieron-taller-de-astronomia","status":"publish","type":"post","link":"https:\/\/dev.explora.cl\/ohiggins\/estudiantes-del-programa-4-a-7-de-san-fernando-recibieron-taller-de-astronomia\/","title":{"rendered":"Estudiantes del Programa 4 a 7 de San Fernando recibieron taller de astronom\u00eda"},"content":{"rendered":"<p>En el marco del programa Ciencia Abierta \u201cM\u00e1s Mujeres en STEM\u201d, que realiza PAR Explora O\u00b4Higgins, la asesora cient\u00edfica y astr\u00f3noma, Romina Ahumada, inaugur\u00f3 con una entretenida charla sobre constelaciones, el ciclo de actividades planificadas con el \u201cPrograma 4 a 7\u201d de Sernameg. Estas acciones surgen tras la alianza entre ambos organismos en el af\u00e1n de facilitar el acceso al conocimiento cient\u00edfico y tecnol\u00f3gico a m\u00e1s ni\u00f1as y ni\u00f1os de la regi\u00f3n.<\/p>\n<p>Esta primera actividad se realiz\u00f3 en el Colegio Pedro Morales en la poblaci\u00f3n San Hern\u00e1n, de la comuna de San Fernando con la charla denominada \u201cConstruyendo Constelaciones\u201d. La astr\u00f3noma y asesora cient\u00edfica de PAR Explora explic\u00f3 a los\/as estudiantes sobre los mapas astron\u00f3micos, y posterior a ello, invit\u00f3 a crear sus propias constelaciones en un papel\u00f3grafo utilizando placas de aluminio del proyecto astron\u00f3mico APOGEE\/SDSS.<\/p>\n<p>\u201cEs una excelente oportunidad para acercar e incentivar a las ni\u00f1as y j\u00f3venes a estudiar carreras STEM; motivarlas a creer en ellas y, sobre todo, a hacerse preguntas. Quedamos muy conformes con la primera experiencia y esperamos que haya servido para que las ni\u00f1as se motiven a estudiar algo relacionado con astronom\u00eda o del \u00e1rea de ciencias, tecnolog\u00edas, ingenier\u00edas o matem\u00e1ticas\u201d, asegur\u00f3 la astr\u00f3noma Romina Ahumada.<\/p>\n<p>La actividad cont\u00f3 con la participaci\u00f3n de representantes de la Direcci\u00f3n de Equidad de G\u00e9nero de la UOH y de la Seremi de la Mujer, todo con el fin de potenciar la participaci\u00f3n femenina en disciplinas STEM (ciencias, tecnolog\u00edas, ingenier\u00eda y matem\u00e1ticas).<\/p>\n<p>\u201cEs s\u00faper importante esta actividad porque acerca la ciencia a las mujeres en un \u00e1rea que es muy masculinizada. Hoy el mensaje es claro desde el Ministerio de la Mujer y Equidad de G\u00e9nero, y es que nosotras no tenemos l\u00edmites, que hemos desarrollado muchas capacidades para poder incorporarnos al \u00e1mbito laboral y, adem\u00e1s, hoy queremos igualar la cancha para que las ni\u00f1as cuando sean adultas no tengan los mismos resquemores que tuvimos nosotras, que decidimos ser madres y desarrollarnos en los espacios que creamos adecuados\u201d, indic\u00f3 la seremi de la Mujer y Equidad de G\u00e9nero de la Regi\u00f3n de O\u00b4Higgins, Nicole del R\u00edo.<\/p>\n<p>Por su parte, la directora de Equidad de G\u00e9nero y Diversidades de la UOH, Claudia Alarc\u00f3n, agreg\u00f3 que \u201clas actividades que hemos ido generando, y sobre todo PAR Explora con la l\u00ednea de g\u00e9nero y STEM, siempre es un orgullo y muestra el compromiso que tenemos como Universidad, sobre todo con la inclusi\u00f3n de mujeres y ni\u00f1as en tem\u00e1ticas que han estado tan masculinizadas. Estamos trabajando arduamente para incentivar que m\u00e1s ni\u00f1as entren en carreras de nuestra Universidad, se mantengan y terminen para ingresar a la vida laboral, donde nos queda mucho que avanzar, ya que solo el 30 por ciento de mujeres est\u00e1n en nuestras carreras STEM\u201d.<\/p>\n","protected":false},"excerpt":{"rendered":"<p>La charla denominada \u201cConstruyendo Constelaciones\u201d, del programa Ciencia Abierta \u201cM\u00e1s Mujeres en STEM\u201d, fue especialmente creada para alumnas del programa de apoyo a madres trabajadoras.<\/p>\n","protected":false},"author":23,"featured_media":39239,"comment_status":"open","ping_status":"open","sticky":false,"template":"","format":"standard","meta":{"_acf_changed":false,"_exactmetrics_skip_tracking":false,"_exactmetrics_sitenote_active":false,"_exactmetrics_sitenote_note":"","_exactmetrics_sitenote_category":0,"footnotes":"","_links_to":"","_links_to_target":""},"categories":[4],"tags":[],"class_list":["post-39238","post","type-post","status-publish","format-standard","has-post-thumbnail","hentry","category-noticias"],"acf":[],"yoast_head":"<!-- This site is optimized with the Yoast SEO plugin v26.7 - https:\/\/yoast.com\/wordpress\/plugins\/seo\/ -->\n<title>Estudiantes del Programa 4 a 7 de San Fernando recibieron taller de astronom\u00eda - O&#039;Higgins<\/title>\n<meta name=\"robots\" content=\"index, follow, max-snippet:-1, max-image-preview:large, max-video-preview:-1\" \/>\n<link rel=\"canonical\" href=\"https:\/\/dev.explora.cl\/ohiggins\/estudiantes-del-programa-4-a-7-de-san-fernando-recibieron-taller-de-astronomia\/\" class=\"yoast-seo-meta-tag\" \/>\n<meta property=\"og:locale\" content=\"es_ES\" class=\"yoast-seo-meta-tag\" \/>\n<meta property=\"og:type\" content=\"article\" class=\"yoast-seo-meta-tag\" \/>\n<meta property=\"og:title\" content=\"Estudiantes del Programa 4 a 7 de San Fernando recibieron taller de astronom\u00eda - O&#039;Higgins\" class=\"yoast-seo-meta-tag\" \/>\n<meta property=\"og:description\" content=\"La charla denominada \u201cConstruyendo Constelaciones\u201d, del programa Ciencia Abierta \u201cM\u00e1s Mujeres en STEM\u201d, fue especialmente creada para alumnas del programa de apoyo a madres trabajadoras.\" class=\"yoast-seo-meta-tag\" \/>\n<meta property=\"og:url\" content=\"https:\/\/dev.explora.cl\/ohiggins\/estudiantes-del-programa-4-a-7-de-san-fernando-recibieron-taller-de-astronomia\/\" class=\"yoast-seo-meta-tag\" \/>\n<meta property=\"og:site_name\" content=\"O&#039;Higgins\" class=\"yoast-seo-meta-tag\" \/>\n<meta property=\"article:published_time\" content=\"2022-08-30T22:33:14+00:00\" class=\"yoast-seo-meta-tag\" \/>\n<meta property=\"article:modified_time\" content=\"2022-09-27T13:45:25+00:00\" class=\"yoast-seo-meta-tag\" \/>\n<meta property=\"og:image\" content=\"https:\/\/dev.explora.cl\/ohiggins\/wp-content\/uploads\/sites\/8\/2022\/08\/IMG_9611-1024x683.jpg\" class=\"yoast-seo-meta-tag\" \/>\n\t<meta property=\"og:image:width\" content=\"1024\" class=\"yoast-seo-meta-tag\" \/>\n\t<meta property=\"og:image:height\" content=\"683\" class=\"yoast-seo-meta-tag\" \/>\n\t<meta property=\"og:image:type\" content=\"image\/jpeg\" class=\"yoast-seo-meta-tag\" \/>\n<meta name=\"author\" content=\"nsalazar\" class=\"yoast-seo-meta-tag\" \/>\n<meta name=\"twitter:card\" content=\"summary_large_image\" class=\"yoast-seo-meta-tag\" \/>\n<meta name=\"twitter:label1\" content=\"Escrito por\" class=\"yoast-seo-meta-tag\" \/>\n\t<meta name=\"twitter:data1\" content=\"nsalazar\" class=\"yoast-seo-meta-tag\" \/>\n\t<meta name=\"twitter:label2\" content=\"Tiempo estimado de lectura\" class=\"yoast-seo-meta-tag\" \/>\n\t<meta name=\"twitter:data2\" content=\"3 minutos\" class=\"yoast-seo-meta-tag\" \/>\n<script type=\"application\/ld+json\" class=\"yoast-schema-graph\">{\"@context\":\"https:\/\/schema.org\",\"@graph\":[{\"@type\":\"Article\",\"@id\":\"https:\/\/dev.explora.cl\/ohiggins\/estudiantes-del-programa-4-a-7-de-san-fernando-recibieron-taller-de-astronomia\/#article\",\"isPartOf\":{\"@id\":\"https:\/\/dev.explora.cl\/ohiggins\/estudiantes-del-programa-4-a-7-de-san-fernando-recibieron-taller-de-astronomia\/\"},\"author\":{\"name\":\"nsalazar\",\"@id\":\"https:\/\/dev.explora.cl\/ohiggins\/#\/schema\/person\/3240d62ad2624da9148a475abbc509b0\"},\"headline\":\"Estudiantes del Programa 4 a 7 de San Fernando recibieron taller de astronom\u00eda\",\"datePublished\":\"2022-08-30T22:33:14+00:00\",\"dateModified\":\"2022-09-27T13:45:25+00:00\",\"mainEntityOfPage\":{\"@id\":\"https:\/\/dev.explora.cl\/ohiggins\/estudiantes-del-programa-4-a-7-de-san-fernando-recibieron-taller-de-astronomia\/\"},\"wordCount\":519,\"commentCount\":0,\"image\":{\"@id\":\"https:\/\/dev.explora.cl\/ohiggins\/estudiantes-del-programa-4-a-7-de-san-fernando-recibieron-taller-de-astronomia\/#primaryimage\"},\"thumbnailUrl\":\"https:\/\/dev.explora.cl\/ohiggins\/wp-content\/uploads\/sites\/8\/2022\/08\/IMG_9611.jpg\",\"articleSection\":[\"Noticias\"],\"inLanguage\":\"es-CL\",\"potentialAction\":[{\"@type\":\"CommentAction\",\"name\":\"Comment\",\"target\":[\"https:\/\/dev.explora.cl\/ohiggins\/estudiantes-del-programa-4-a-7-de-san-fernando-recibieron-taller-de-astronomia\/#respond\"]}]},{\"@type\":\"WebPage\",\"@id\":\"https:\/\/dev.explora.cl\/ohiggins\/estudiantes-del-programa-4-a-7-de-san-fernando-recibieron-taller-de-astronomia\/\",\"url\":\"https:\/\/dev.explora.cl\/ohiggins\/estudiantes-del-programa-4-a-7-de-san-fernando-recibieron-taller-de-astronomia\/\",\"name\":\"Estudiantes del Programa 4 a 7 de San Fernando recibieron taller de astronom\u00eda - O&#039;Higgins\",\"isPartOf\":{\"@id\":\"https:\/\/dev.explora.cl\/ohiggins\/#website\"},\"primaryImageOfPage\":{\"@id\":\"https:\/\/dev.explora.cl\/ohiggins\/estudiantes-del-programa-4-a-7-de-san-fernando-recibieron-taller-de-astronomia\/#primaryimage\"},\"image\":{\"@id\":\"https:\/\/dev.explora.cl\/ohiggins\/estudiantes-del-programa-4-a-7-de-san-fernando-recibieron-taller-de-astronomia\/#primaryimage\"},\"thumbnailUrl\":\"https:\/\/dev.explora.cl\/ohiggins\/wp-content\/uploads\/sites\/8\/2022\/08\/IMG_9611.jpg\",\"datePublished\":\"2022-08-30T22:33:14+00:00\",\"dateModified\":\"2022-09-27T13:45:25+00:00\",\"author\":{\"@id\":\"https:\/\/dev.explora.cl\/ohiggins\/#\/schema\/person\/3240d62ad2624da9148a475abbc509b0\"},\"breadcrumb\":{\"@id\":\"https:\/\/dev.explora.cl\/ohiggins\/estudiantes-del-programa-4-a-7-de-san-fernando-recibieron-taller-de-astronomia\/#breadcrumb\"},\"inLanguage\":\"es-CL\",\"potentialAction\":[{\"@type\":\"ReadAction\",\"target\":[\"https:\/\/dev.explora.cl\/ohiggins\/estudiantes-del-programa-4-a-7-de-san-fernando-recibieron-taller-de-astronomia\/\"]}]},{\"@type\":\"ImageObject\",\"inLanguage\":\"es-CL\",\"@id\":\"https:\/\/dev.explora.cl\/ohiggins\/estudiantes-del-programa-4-a-7-de-san-fernando-recibieron-taller-de-astronomia\/#primaryimage\",\"url\":\"https:\/\/dev.explora.cl\/ohiggins\/wp-content\/uploads\/sites\/8\/2022\/08\/IMG_9611.jpg\",\"contentUrl\":\"https:\/\/dev.explora.cl\/ohiggins\/wp-content\/uploads\/sites\/8\/2022\/08\/IMG_9611.jpg\",\"width\":3984,\"height\":2656},{\"@type\":\"BreadcrumbList\",\"@id\":\"https:\/\/dev.explora.cl\/ohiggins\/estudiantes-del-programa-4-a-7-de-san-fernando-recibieron-taller-de-astronomia\/#breadcrumb\",\"itemListElement\":[{\"@type\":\"ListItem\",\"position\":1,\"name\":\"Portada\",\"item\":\"https:\/\/dev.explora.cl\/ohiggins\/\"},{\"@type\":\"ListItem\",\"position\":2,\"name\":\"Estudiantes del Programa 4 a 7 de San Fernando recibieron taller de astronom\u00eda\"}]},{\"@type\":\"WebSite\",\"@id\":\"https:\/\/dev.explora.cl\/ohiggins\/#website\",\"url\":\"https:\/\/dev.explora.cl\/ohiggins\/\",\"name\":\"O&#039;Higgins\",\"description\":\"Otro sitio m\u00e1s de dev.explora.cl\",\"potentialAction\":[{\"@type\":\"SearchAction\",\"target\":{\"@type\":\"EntryPoint\",\"urlTemplate\":\"https:\/\/dev.explora.cl\/ohiggins\/?s={search_term_string}\"},\"query-input\":{\"@type\":\"PropertyValueSpecification\",\"valueRequired\":true,\"valueName\":\"search_term_string\"}}],\"inLanguage\":\"es-CL\"},{\"@type\":\"Person\",\"@id\":\"https:\/\/dev.explora.cl\/ohiggins\/#\/schema\/person\/3240d62ad2624da9148a475abbc509b0\",\"name\":\"nsalazar\",\"image\":{\"@type\":\"ImageObject\",\"inLanguage\":\"es-CL\",\"@id\":\"https:\/\/dev.explora.cl\/ohiggins\/#\/schema\/person\/image\/\",\"url\":\"https:\/\/secure.gravatar.com\/avatar\/b8cf276f31998a0865a3b90e4d663d91b97848887282c9f9a56cad57ff01cc7e?s=96&d=mm&r=g\",\"contentUrl\":\"https:\/\/secure.gravatar.com\/avatar\/b8cf276f31998a0865a3b90e4d663d91b97848887282c9f9a56cad57ff01cc7e?s=96&d=mm&r=g\",\"caption\":\"nsalazar\"},\"url\":\"https:\/\/dev.explora.cl\/ohiggins\/author\/nsalazar\/\"}]}<\/script>\n<!-- \/ Yoast SEO plugin. -->","yoast_head_json":{"title":"Estudiantes del Programa 4 a 7 de San Fernando recibieron taller de astronom\u00eda - O&#039;Higgins","robots":{"index":"index","follow":"follow","max-snippet":"max-snippet:-1","max-image-preview":"max-image-preview:large","max-video-preview":"max-video-preview:-1"},"canonical":"https:\/\/dev.explora.cl\/ohiggins\/estudiantes-del-programa-4-a-7-de-san-fernando-recibieron-taller-de-astronomia\/","og_locale":"es_ES","og_type":"article","og_title":"Estudiantes del Programa 4 a 7 de San Fernando recibieron taller de astronom\u00eda - O&#039;Higgins","og_description":"La charla denominada \u201cConstruyendo Constelaciones\u201d, del programa Ciencia Abierta \u201cM\u00e1s Mujeres en STEM\u201d, fue especialmente creada para alumnas del programa de apoyo a madres trabajadoras.","og_url":"https:\/\/dev.explora.cl\/ohiggins\/estudiantes-del-programa-4-a-7-de-san-fernando-recibieron-taller-de-astronomia\/","og_site_name":"O&#039;Higgins","article_published_time":"2022-08-30T22:33:14+00:00","article_modified_time":"2022-09-27T13:45:25+00:00","og_image":[{"width":1024,"height":683,"url":"https:\/\/dev.explora.cl\/ohiggins\/wp-content\/uploads\/sites\/8\/2022\/08\/IMG_9611-1024x683.jpg","type":"image\/jpeg"}],"author":"nsalazar","twitter_card":"summary_large_image","twitter_misc":{"Escrito por":"nsalazar","Tiempo estimado de lectura":"3 minutos"},"schema":{"@context":"https:\/\/schema.org","@graph":[{"@type":"Article","@id":"https:\/\/dev.explora.cl\/ohiggins\/estudiantes-del-programa-4-a-7-de-san-fernando-recibieron-taller-de-astronomia\/#article","isPartOf":{"@id":"https:\/\/dev.explora.cl\/ohiggins\/estudiantes-del-programa-4-a-7-de-san-fernando-recibieron-taller-de-astronomia\/"},"author":{"name":"nsalazar","@id":"https:\/\/dev.explora.cl\/ohiggins\/#\/schema\/person\/3240d62ad2624da9148a475abbc509b0"},"headline":"Estudiantes del Programa 4 a 7 de San Fernando recibieron taller de astronom\u00eda","datePublished":"2022-08-30T22:33:14+00:00","dateModified":"2022-09-27T13:45:25+00:00","mainEntityOfPage":{"@id":"https:\/\/dev.explora.cl\/ohiggins\/estudiantes-del-programa-4-a-7-de-san-fernando-recibieron-taller-de-astronomia\/"},"wordCount":519,"commentCount":0,"image":{"@id":"https:\/\/dev.explora.cl\/ohiggins\/estudiantes-del-programa-4-a-7-de-san-fernando-recibieron-taller-de-astronomia\/#primaryimage"},"thumbnailUrl":"https:\/\/dev.explora.cl\/ohiggins\/wp-content\/uploads\/sites\/8\/2022\/08\/IMG_9611.jpg","articleSection":["Noticias"],"inLanguage":"es-CL","potentialAction":[{"@type":"CommentAction","name":"Comment","target":["https:\/\/dev.explora.cl\/ohiggins\/estudiantes-del-programa-4-a-7-de-san-fernando-recibieron-taller-de-astronomia\/#respond"]}]},{"@type":"WebPage","@id":"https:\/\/dev.explora.cl\/ohiggins\/estudiantes-del-programa-4-a-7-de-san-fernando-recibieron-taller-de-astronomia\/","url":"https:\/\/dev.explora.cl\/ohiggins\/estudiantes-del-programa-4-a-7-de-san-fernando-recibieron-taller-de-astronomia\/","name":"Estudiantes del Programa 4 a 7 de San Fernando recibieron taller de astronom\u00eda - O&#039;Higgins","isPartOf":{"@id":"https:\/\/dev.explora.cl\/ohiggins\/#website"},"primaryImageOfPage":{"@id":"https:\/\/dev.explora.cl\/ohiggins\/estudiantes-del-programa-4-a-7-de-san-fernando-recibieron-taller-de-astronomia\/#primaryimage"},"image":{"@id":"https:\/\/dev.explora.cl\/ohiggins\/estudiantes-del-programa-4-a-7-de-san-fernando-recibieron-taller-de-astronomia\/#primaryimage"},"thumbnailUrl":"https:\/\/dev.explora.cl\/ohiggins\/wp-content\/uploads\/sites\/8\/2022\/08\/IMG_9611.jpg","datePublished":"2022-08-30T22:33:14+00:00","dateModified":"2022-09-27T13:45:25+00:00","author":{"@id":"https:\/\/dev.explora.cl\/ohiggins\/#\/schema\/person\/3240d62ad2624da9148a475abbc509b0"},"breadcrumb":{"@id":"https:\/\/dev.explora.cl\/ohiggins\/estudiantes-del-programa-4-a-7-de-san-fernando-recibieron-taller-de-astronomia\/#breadcrumb"},"inLanguage":"es-CL","potentialAction":[{"@type":"ReadAction","target":["https:\/\/dev.explora.cl\/ohiggins\/estudiantes-del-programa-4-a-7-de-san-fernando-recibieron-taller-de-astronomia\/"]}]},{"@type":"ImageObject","inLanguage":"es-CL","@id":"https:\/\/dev.explora.cl\/ohiggins\/estudiantes-del-programa-4-a-7-de-san-fernando-recibieron-taller-de-astronomia\/#primaryimage","url":"https:\/\/dev.explora.cl\/ohiggins\/wp-content\/uploads\/sites\/8\/2022\/08\/IMG_9611.jpg","contentUrl":"https:\/\/dev.explora.cl\/ohiggins\/wp-content\/uploads\/sites\/8\/2022\/08\/IMG_9611.jpg","width":3984,"height":2656},{"@type":"BreadcrumbList","@id":"https:\/\/dev.explora.cl\/ohiggins\/estudiantes-del-programa-4-a-7-de-san-fernando-recibieron-taller-de-astronomia\/#breadcrumb","itemListElement":[{"@type":"ListItem","position":1,"name":"Portada","item":"https:\/\/dev.explora.cl\/ohiggins\/"},{"@type":"ListItem","position":2,"name":"Estudiantes del Programa 4 a 7 de San Fernando recibieron taller de astronom\u00eda"}]},{"@type":"WebSite","@id":"https:\/\/dev.explora.cl\/ohiggins\/#website","url":"https:\/\/dev.explora.cl\/ohiggins\/","name":"O&#039;Higgins","description":"Otro sitio m\u00e1s de dev.explora.cl","potentialAction":[{"@type":"SearchAction","target":{"@type":"EntryPoint","urlTemplate":"https:\/\/dev.explora.cl\/ohiggins\/?s={search_term_string}"},"query-input":{"@type":"PropertyValueSpecification","valueRequired":true,"valueName":"search_term_string"}}],"inLanguage":"es-CL"},{"@type":"Person","@id":"https:\/\/dev.explora.cl\/ohiggins\/#\/schema\/person\/3240d62ad2624da9148a475abbc509b0","name":"nsalazar","image":{"@type":"ImageObject","inLanguage":"es-CL","@id":"https:\/\/dev.explora.cl\/ohiggins\/#\/schema\/person\/image\/","url":"https:\/\/secure.gravatar.com\/avatar\/b8cf276f31998a0865a3b90e4d663d91b97848887282c9f9a56cad57ff01cc7e?s=96&d=mm&r=g","contentUrl":"https:\/\/secure.gravatar.com\/avatar\/b8cf276f31998a0865a3b90e4d663d91b97848887282c9f9a56cad57ff01cc7e?s=96&d=mm&r=g","caption":"nsalazar"},"url":"https:\/\/dev.explora.cl\/ohiggins\/author\/nsalazar\/"}]}},"_links":{"self":[{"href":"https:\/\/dev.explora.cl\/ohiggins\/wp-json\/wp\/v2\/posts\/39238","targetHints":{"allow":["GET"]}}],"collection":[{"href":"https:\/\/dev.explora.cl\/ohiggins\/wp-json\/wp\/v2\/posts"}],"about":[{"href":"https:\/\/dev.explora.cl\/ohiggins\/wp-json\/wp\/v2\/types\/post"}],"author":[{"embeddable":true,"href":"https:\/\/dev.explora.cl\/ohiggins\/wp-json\/wp\/v2\/users\/23"}],"replies":[{"embeddable":true,"href":"https:\/\/dev.explora.cl\/ohiggins\/wp-json\/wp\/v2\/comments?post=39238"}],"version-history":[{"count":1,"href":"https:\/\/dev.explora.cl\/ohiggins\/wp-json\/wp\/v2\/posts\/39238\/revisions"}],"predecessor-version":[{"id":39240,"href":"https:\/\/dev.explora.cl\/ohiggins\/wp-json\/wp\/v2\/posts\/39238\/revisions\/39240"}],"wp:featuredmedia":[{"embeddable":true,"href":"https:\/\/dev.explora.cl\/ohiggins\/wp-json\/wp\/v2\/media\/39239"}],"wp:attachment":[{"href":"https:\/\/dev.explora.cl\/ohiggins\/wp-json\/wp\/v2\/media?parent=39238"}],"wp:term":[{"taxonomy":"category","embeddable":true,"href":"https:\/\/dev.explora.cl\/ohiggins\/wp-json\/wp\/v2\/categories?post=39238"},{"taxonomy":"post_tag","embeddable":true,"href":"https:\/\/dev.explora.cl\/ohiggins\/wp-json\/wp\/v2\/tags?post=39238"}],"curies":[{"name":"wp","href":"https:\/\/api.w.org\/{rel}","templated":true}]}}