{"id":39228,"date":"2022-08-26T18:50:07","date_gmt":"2022-08-26T22:50:07","guid":{"rendered":"https:\/\/dev.explora.cl\/ohiggins\/?p=39228"},"modified":"2022-09-13T13:36:00","modified_gmt":"2022-09-13T16:36:00","slug":"ministro-de-ciencia-visito-liceo-industrial-de-san-fernando-por-dia-de-la-educacion-tecnico-profesional","status":"publish","type":"post","link":"https:\/\/dev.explora.cl\/ohiggins\/ministro-de-ciencia-visito-liceo-industrial-de-san-fernando-por-dia-de-la-educacion-tecnico-profesional\/","title":{"rendered":"Ministro de Ciencia visit\u00f3 Liceo Industrial de San Fernando por D\u00eda de la Educaci\u00f3n T\u00e9cnico Profesional"},"content":{"rendered":"<p>El 26 de agosto de 1942 se cre\u00f3 la Direcci\u00f3n General de Ense\u00f1anza Profesional, bajo el mandato del Presidente Juan Antonio R\u00edos. Actualmente existen 931 liceos t\u00e9cnico profesionales (TP) a lo largo del pa\u00eds, representando el 37 % de la matr\u00edcula total de 3\u00b0 y 4\u00b0 medio con poco m\u00e1s de 160.000 estudiantes; el 46 % de ellos estudia en un establecimiento p\u00fablico que ofrece esta formaci\u00f3n. Por su parte, la Educaci\u00f3n Superior TP representa m\u00e1s del 50 % de la matr\u00edcula de primer a\u00f1o en carreras universitarias de pregrado.<\/p>\n<p>En el marco del D\u00eda de la Educaci\u00f3n T\u00e9cnico Profesional, el ministro de Ciencia, Tecnolog\u00eda, Conocimiento e Investigaci\u00f3n, Flavio Salazar, visit\u00f3 este mi\u00e9rcoles 24 de agosto el Liceo Industrial de San Fernando para conocer m\u00e1s de este proyecto educativo, que adem\u00e1s de su misi\u00f3n t\u00e9cnica profesional, trabaja la investigaci\u00f3n cient\u00edfica en Ciencias Sociales a trav\u00e9s del programa PAR Explora, que ejecuta en la regi\u00f3n la Universidad de O\u00b4Higgins.<\/p>\n<p>&#8220;Hoy compartimos con estudiantes de Educaci\u00f3n T\u00e9cnico Profesional del Liceo Industrial de San Fernando. La actividad estuvo centrada en la importancia de los conocimientos y de la ciencia para el desarrollo del pa\u00eds, pero con una mirada asociada a la relevancia para las comunidades. Adem\u00e1s, fuimos testigos de los avances que ellos tienen en su formaci\u00f3n, pero tambi\u00e9n respecto a las inquietudes que nos plantearon sobre c\u00f3mo adentrarse en investigaci\u00f3n, tanto de rob\u00f3tica, como de ciencias sociales y el cuidado del medio ambiente. Fue una iniciativa muy interesante, que se alinea con un esfuerzo que estamos haciendo como ministerio de acercar la ciencia y el conocimiento a las comunidades, pero tambi\u00e9n recogiendo el valor que tienen estas mismas en la construcci\u00f3n de un nuevo modelo de desarrollo, donde todos y todas pueden contribuir en este desaf\u00edo y esto no se hace solamente desde lo cient\u00edfico, desde los ingenieros en las universidades, sino que tambi\u00e9n requiere operadores y t\u00e9cnicos capacitados de alto nivel, como en los pa\u00edses desarrollados&#8221;, coment\u00f3 el ministro de Ciencia, Flavio Salazar.<\/p>\n<p>Durante la visita, el ministro Salazar pudo conocer el proyecto \u201cAcercamiento al imaginario social y la percepci\u00f3n de la comunidad frente a la Ant\u00e1rtida y el cambio clim\u00e1tico\u201d realizado por la academia cient\u00edfica del liceo, parte de Academias IIE de PAR Explora, dirigido por el profesor de historia, V\u00edctor Le\u00f3n (finalista de los Global Teacher Prize 2021).<\/p>\n<p>Adem\u00e1s del ministro Salazar, la visita oficial cont\u00f3 con la presencia del subsecretario de Educaci\u00f3n, Nicol\u00e1s Cataldo; la jefa de la Divisi\u00f3n Ciencia y Sociedad del Minciencia, Sonia P\u00e9rez; el director regional de PAR Explora, Rodrigo Verschae; la delegada presidencial de Colchagua, Marta Pizarro; la seremi de Ciencias, Sof\u00eda Valenzuela; el alcalde de San Fernando, Pablo Silva; el director del Liceo Industrial de San Fernando, Carlos Moreno; m\u00e1s los senadores Alejandra Sep\u00falveda y Juan Luis Castro.<\/p>\n<p>\u201cMe parece una muy buena se\u00f1al del Ministerio, y va alineado con lo que quiere nuestro Presidente Gabriel Boric; por un lado la descentralizaci\u00f3n, como bien se\u00f1alaba el ministro, que es bueno ver a autoridades en regiones y no en capitales regionales, como San Fernando; y en el caso de la Educaci\u00f3n T\u00e9cnico Profesional por mucho tiempo se ha visto como el hermano menor de los profesionales, no obstante, cada vez m\u00e1s en los pa\u00edses OCDE, con quien nos gusta compararnos, las carreras t\u00e9cnico profesionales son muy bien evaluadas\u201d, agreg\u00f3 la seremi de Ciencias de la Macrozona Centro-Sur, Sof\u00eda Valenzuela.<\/p>\n<p>\u201cLa educaci\u00f3n t\u00e9cnico profesional, al igual que todas las educaciones, son tremendamente importantes para el desarrollo del pa\u00eds, por lo que estamos muy contentos que el ministro visite nuestra regi\u00f3n en el contexto del D\u00eda de la Educaci\u00f3n T\u00e9cnica Profesional, y m\u00e1s a\u00fan, que lo haga visitando un liceo que ha trabajado fuertemente en la investigaci\u00f3n en el \u00e1rea de las Cs. Sociales a trav\u00e9s del instrumento Investigaci\u00f3n e Innovaci\u00f3n Escolar del Programa Explora\u201d, se\u00f1al\u00f3 el director de PAR Explora O\u00b4Higgins y director del Instituto de Ciencias de la Ingenier\u00eda de la UOH, Rodrigo Verschae.<\/p>\n<p>&nbsp;<\/p>\n<p><strong>LICEO INDUSTRIAL DE SAN FERNANDO<\/strong><\/p>\n<p>El Liceo Industrial de San Fernando (ex Escuela de Artesanos) cuenta con una historia de 81 a\u00f1os, en que han pasado innumerables especialidades, entre ellas Mec\u00e1nica de Torner\u00eda, Mec\u00e1nica para la Agricultura, Muebler\u00eda, Herrer\u00eda, Fundici\u00f3n, Electricidad, entre otras. El a\u00f1o 2007 el Liceo Industrial vive un hito en su historia, por primera vez pasaba a ser mixto.<\/p>\n<p>\u201cPara nosotros es un orgullo y, a su vez, un reconocimiento al trabajo que se hace permanentemente en el colegio, particularmente con el cuerpo docente. No es habitual que un liceo industrial est\u00e9 trabajando con ciencias, particularmente el tema social, y que venga un ministro a San Fernando a nuestro liceo, es un orgullo a nuestro quehacer\u201d, asegur\u00f3 el director del Liceo Industrial de San Fernando, Carlos Moreno.<\/p>\n<p>\u201cHa sido una instancia muy simb\u00f3lica, porque hist\u00f3ricamente los liceos industriales han sido dejados por los gobiernos, por lo que ha sido muy pertinente que en el gobierno actual haya llegado un ministro de Ciencias, que hace menci\u00f3n que un colegio como nosotros hace investigaci\u00f3n en ciencias sociales. Para nosotros como comunidad ha sido estimulante y nos da el apoyo para seguir adelante\u201d, finaliz\u00f3 el profesor de historia del Liceo Industrial, V\u00edctor Le\u00f3n.<\/p>\n","protected":false},"excerpt":{"rendered":"<p>El establecimiento t\u00e9cnico profesional, adem\u00e1s de su misi\u00f3n t\u00e9cnica, realiza investigaci\u00f3n cient\u00edfica en Ciencias Sociales, por lo que su labor fue reconocida por el ministro Salazar.<\/p>\n","protected":false},"author":23,"featured_media":39229,"comment_status":"open","ping_status":"open","sticky":false,"template":"","format":"standard","meta":{"_acf_changed":false,"_exactmetrics_skip_tracking":false,"_exactmetrics_sitenote_active":false,"_exactmetrics_sitenote_note":"","_exactmetrics_sitenote_category":0,"footnotes":"","_links_to":"","_links_to_target":""},"categories":[4],"tags":[],"class_list":["post-39228","post","type-post","status-publish","format-standard","has-post-thumbnail","hentry","category-noticias"],"acf":[],"yoast_head":"<!-- This site is optimized with the Yoast SEO plugin v26.7 - https:\/\/yoast.com\/wordpress\/plugins\/seo\/ -->\n<title>Ministro de Ciencia visit\u00f3 Liceo Industrial de San Fernando por D\u00eda de la Educaci\u00f3n T\u00e9cnico Profesional - O&#039;Higgins<\/title>\n<meta name=\"robots\" content=\"index, follow, max-snippet:-1, max-image-preview:large, max-video-preview:-1\" \/>\n<link rel=\"canonical\" href=\"https:\/\/dev.explora.cl\/ohiggins\/ministro-de-ciencia-visito-liceo-industrial-de-san-fernando-por-dia-de-la-educacion-tecnico-profesional\/\" class=\"yoast-seo-meta-tag\" \/>\n<meta property=\"og:locale\" content=\"es_ES\" class=\"yoast-seo-meta-tag\" \/>\n<meta property=\"og:type\" content=\"article\" class=\"yoast-seo-meta-tag\" \/>\n<meta property=\"og:title\" content=\"Ministro de Ciencia visit\u00f3 Liceo Industrial de San Fernando por D\u00eda de la Educaci\u00f3n T\u00e9cnico Profesional - O&#039;Higgins\" class=\"yoast-seo-meta-tag\" \/>\n<meta property=\"og:description\" content=\"El establecimiento t\u00e9cnico profesional, adem\u00e1s de su misi\u00f3n t\u00e9cnica, realiza investigaci\u00f3n cient\u00edfica en Ciencias Sociales, por lo que su labor fue reconocida por el ministro Salazar.\" class=\"yoast-seo-meta-tag\" \/>\n<meta property=\"og:url\" content=\"https:\/\/dev.explora.cl\/ohiggins\/ministro-de-ciencia-visito-liceo-industrial-de-san-fernando-por-dia-de-la-educacion-tecnico-profesional\/\" class=\"yoast-seo-meta-tag\" \/>\n<meta property=\"og:site_name\" content=\"O&#039;Higgins\" class=\"yoast-seo-meta-tag\" \/>\n<meta property=\"article:published_time\" content=\"2022-08-26T22:50:07+00:00\" class=\"yoast-seo-meta-tag\" \/>\n<meta property=\"article:modified_time\" content=\"2022-09-13T16:36:00+00:00\" class=\"yoast-seo-meta-tag\" \/>\n<meta property=\"og:image\" content=\"https:\/\/dev.explora.cl\/ohiggins\/wp-content\/uploads\/sites\/8\/2022\/08\/IMG_9515-1024x683.jpg\" class=\"yoast-seo-meta-tag\" \/>\n\t<meta property=\"og:image:width\" content=\"1024\" class=\"yoast-seo-meta-tag\" \/>\n\t<meta property=\"og:image:height\" content=\"683\" class=\"yoast-seo-meta-tag\" \/>\n\t<meta property=\"og:image:type\" content=\"image\/jpeg\" class=\"yoast-seo-meta-tag\" \/>\n<meta name=\"author\" content=\"nsalazar\" class=\"yoast-seo-meta-tag\" \/>\n<meta name=\"twitter:card\" content=\"summary_large_image\" class=\"yoast-seo-meta-tag\" \/>\n<meta name=\"twitter:label1\" content=\"Escrito por\" class=\"yoast-seo-meta-tag\" \/>\n\t<meta name=\"twitter:data1\" content=\"nsalazar\" class=\"yoast-seo-meta-tag\" \/>\n\t<meta name=\"twitter:label2\" content=\"Tiempo estimado de lectura\" class=\"yoast-seo-meta-tag\" \/>\n\t<meta name=\"twitter:data2\" content=\"5 minutos\" class=\"yoast-seo-meta-tag\" \/>\n<script type=\"application\/ld+json\" class=\"yoast-schema-graph\">{\"@context\":\"https:\/\/schema.org\",\"@graph\":[{\"@type\":\"Article\",\"@id\":\"https:\/\/dev.explora.cl\/ohiggins\/ministro-de-ciencia-visito-liceo-industrial-de-san-fernando-por-dia-de-la-educacion-tecnico-profesional\/#article\",\"isPartOf\":{\"@id\":\"https:\/\/dev.explora.cl\/ohiggins\/ministro-de-ciencia-visito-liceo-industrial-de-san-fernando-por-dia-de-la-educacion-tecnico-profesional\/\"},\"author\":{\"name\":\"nsalazar\",\"@id\":\"https:\/\/dev.explora.cl\/ohiggins\/#\/schema\/person\/3240d62ad2624da9148a475abbc509b0\"},\"headline\":\"Ministro de Ciencia visit\u00f3 Liceo Industrial de San Fernando por D\u00eda de la Educaci\u00f3n T\u00e9cnico Profesional\",\"datePublished\":\"2022-08-26T22:50:07+00:00\",\"dateModified\":\"2022-09-13T16:36:00+00:00\",\"mainEntityOfPage\":{\"@id\":\"https:\/\/dev.explora.cl\/ohiggins\/ministro-de-ciencia-visito-liceo-industrial-de-san-fernando-por-dia-de-la-educacion-tecnico-profesional\/\"},\"wordCount\":964,\"commentCount\":0,\"image\":{\"@id\":\"https:\/\/dev.explora.cl\/ohiggins\/ministro-de-ciencia-visito-liceo-industrial-de-san-fernando-por-dia-de-la-educacion-tecnico-profesional\/#primaryimage\"},\"thumbnailUrl\":\"https:\/\/dev.explora.cl\/ohiggins\/wp-content\/uploads\/sites\/8\/2022\/08\/IMG_9515.jpg\",\"articleSection\":[\"Noticias\"],\"inLanguage\":\"es-CL\",\"potentialAction\":[{\"@type\":\"CommentAction\",\"name\":\"Comment\",\"target\":[\"https:\/\/dev.explora.cl\/ohiggins\/ministro-de-ciencia-visito-liceo-industrial-de-san-fernando-por-dia-de-la-educacion-tecnico-profesional\/#respond\"]}]},{\"@type\":\"WebPage\",\"@id\":\"https:\/\/dev.explora.cl\/ohiggins\/ministro-de-ciencia-visito-liceo-industrial-de-san-fernando-por-dia-de-la-educacion-tecnico-profesional\/\",\"url\":\"https:\/\/dev.explora.cl\/ohiggins\/ministro-de-ciencia-visito-liceo-industrial-de-san-fernando-por-dia-de-la-educacion-tecnico-profesional\/\",\"name\":\"Ministro de Ciencia visit\u00f3 Liceo Industrial de San Fernando por D\u00eda de la Educaci\u00f3n T\u00e9cnico Profesional - O&#039;Higgins\",\"isPartOf\":{\"@id\":\"https:\/\/dev.explora.cl\/ohiggins\/#website\"},\"primaryImageOfPage\":{\"@id\":\"https:\/\/dev.explora.cl\/ohiggins\/ministro-de-ciencia-visito-liceo-industrial-de-san-fernando-por-dia-de-la-educacion-tecnico-profesional\/#primaryimage\"},\"image\":{\"@id\":\"https:\/\/dev.explora.cl\/ohiggins\/ministro-de-ciencia-visito-liceo-industrial-de-san-fernando-por-dia-de-la-educacion-tecnico-profesional\/#primaryimage\"},\"thumbnailUrl\":\"https:\/\/dev.explora.cl\/ohiggins\/wp-content\/uploads\/sites\/8\/2022\/08\/IMG_9515.jpg\",\"datePublished\":\"2022-08-26T22:50:07+00:00\",\"dateModified\":\"2022-09-13T16:36:00+00:00\",\"author\":{\"@id\":\"https:\/\/dev.explora.cl\/ohiggins\/#\/schema\/person\/3240d62ad2624da9148a475abbc509b0\"},\"breadcrumb\":{\"@id\":\"https:\/\/dev.explora.cl\/ohiggins\/ministro-de-ciencia-visito-liceo-industrial-de-san-fernando-por-dia-de-la-educacion-tecnico-profesional\/#breadcrumb\"},\"inLanguage\":\"es-CL\",\"potentialAction\":[{\"@type\":\"ReadAction\",\"target\":[\"https:\/\/dev.explora.cl\/ohiggins\/ministro-de-ciencia-visito-liceo-industrial-de-san-fernando-por-dia-de-la-educacion-tecnico-profesional\/\"]}]},{\"@type\":\"ImageObject\",\"inLanguage\":\"es-CL\",\"@id\":\"https:\/\/dev.explora.cl\/ohiggins\/ministro-de-ciencia-visito-liceo-industrial-de-san-fernando-por-dia-de-la-educacion-tecnico-profesional\/#primaryimage\",\"url\":\"https:\/\/dev.explora.cl\/ohiggins\/wp-content\/uploads\/sites\/8\/2022\/08\/IMG_9515.jpg\",\"contentUrl\":\"https:\/\/dev.explora.cl\/ohiggins\/wp-content\/uploads\/sites\/8\/2022\/08\/IMG_9515.jpg\",\"width\":3984,\"height\":2656},{\"@type\":\"BreadcrumbList\",\"@id\":\"https:\/\/dev.explora.cl\/ohiggins\/ministro-de-ciencia-visito-liceo-industrial-de-san-fernando-por-dia-de-la-educacion-tecnico-profesional\/#breadcrumb\",\"itemListElement\":[{\"@type\":\"ListItem\",\"position\":1,\"name\":\"Portada\",\"item\":\"https:\/\/dev.explora.cl\/ohiggins\/\"},{\"@type\":\"ListItem\",\"position\":2,\"name\":\"Ministro de Ciencia visit\u00f3 Liceo Industrial de San Fernando por D\u00eda de la Educaci\u00f3n T\u00e9cnico Profesional\"}]},{\"@type\":\"WebSite\",\"@id\":\"https:\/\/dev.explora.cl\/ohiggins\/#website\",\"url\":\"https:\/\/dev.explora.cl\/ohiggins\/\",\"name\":\"O&#039;Higgins\",\"description\":\"Otro sitio m\u00e1s de dev.explora.cl\",\"potentialAction\":[{\"@type\":\"SearchAction\",\"target\":{\"@type\":\"EntryPoint\",\"urlTemplate\":\"https:\/\/dev.explora.cl\/ohiggins\/?s={search_term_string}\"},\"query-input\":{\"@type\":\"PropertyValueSpecification\",\"valueRequired\":true,\"valueName\":\"search_term_string\"}}],\"inLanguage\":\"es-CL\"},{\"@type\":\"Person\",\"@id\":\"https:\/\/dev.explora.cl\/ohiggins\/#\/schema\/person\/3240d62ad2624da9148a475abbc509b0\",\"name\":\"nsalazar\",\"image\":{\"@type\":\"ImageObject\",\"inLanguage\":\"es-CL\",\"@id\":\"https:\/\/dev.explora.cl\/ohiggins\/#\/schema\/person\/image\/\",\"url\":\"https:\/\/secure.gravatar.com\/avatar\/b8cf276f31998a0865a3b90e4d663d91b97848887282c9f9a56cad57ff01cc7e?s=96&d=mm&r=g\",\"contentUrl\":\"https:\/\/secure.gravatar.com\/avatar\/b8cf276f31998a0865a3b90e4d663d91b97848887282c9f9a56cad57ff01cc7e?s=96&d=mm&r=g\",\"caption\":\"nsalazar\"},\"url\":\"https:\/\/dev.explora.cl\/ohiggins\/author\/nsalazar\/\"}]}<\/script>\n<!-- \/ Yoast SEO plugin. -->","yoast_head_json":{"title":"Ministro de Ciencia visit\u00f3 Liceo Industrial de San Fernando por D\u00eda de la Educaci\u00f3n T\u00e9cnico Profesional - O&#039;Higgins","robots":{"index":"index","follow":"follow","max-snippet":"max-snippet:-1","max-image-preview":"max-image-preview:large","max-video-preview":"max-video-preview:-1"},"canonical":"https:\/\/dev.explora.cl\/ohiggins\/ministro-de-ciencia-visito-liceo-industrial-de-san-fernando-por-dia-de-la-educacion-tecnico-profesional\/","og_locale":"es_ES","og_type":"article","og_title":"Ministro de Ciencia visit\u00f3 Liceo Industrial de San Fernando por D\u00eda de la Educaci\u00f3n T\u00e9cnico Profesional - O&#039;Higgins","og_description":"El establecimiento t\u00e9cnico profesional, adem\u00e1s de su misi\u00f3n t\u00e9cnica, realiza investigaci\u00f3n cient\u00edfica en Ciencias Sociales, por lo que su labor fue reconocida por el ministro Salazar.","og_url":"https:\/\/dev.explora.cl\/ohiggins\/ministro-de-ciencia-visito-liceo-industrial-de-san-fernando-por-dia-de-la-educacion-tecnico-profesional\/","og_site_name":"O&#039;Higgins","article_published_time":"2022-08-26T22:50:07+00:00","article_modified_time":"2022-09-13T16:36:00+00:00","og_image":[{"width":1024,"height":683,"url":"https:\/\/dev.explora.cl\/ohiggins\/wp-content\/uploads\/sites\/8\/2022\/08\/IMG_9515-1024x683.jpg","type":"image\/jpeg"}],"author":"nsalazar","twitter_card":"summary_large_image","twitter_misc":{"Escrito por":"nsalazar","Tiempo estimado de lectura":"5 minutos"},"schema":{"@context":"https:\/\/schema.org","@graph":[{"@type":"Article","@id":"https:\/\/dev.explora.cl\/ohiggins\/ministro-de-ciencia-visito-liceo-industrial-de-san-fernando-por-dia-de-la-educacion-tecnico-profesional\/#article","isPartOf":{"@id":"https:\/\/dev.explora.cl\/ohiggins\/ministro-de-ciencia-visito-liceo-industrial-de-san-fernando-por-dia-de-la-educacion-tecnico-profesional\/"},"author":{"name":"nsalazar","@id":"https:\/\/dev.explora.cl\/ohiggins\/#\/schema\/person\/3240d62ad2624da9148a475abbc509b0"},"headline":"Ministro de Ciencia visit\u00f3 Liceo Industrial de San Fernando por D\u00eda de la Educaci\u00f3n T\u00e9cnico Profesional","datePublished":"2022-08-26T22:50:07+00:00","dateModified":"2022-09-13T16:36:00+00:00","mainEntityOfPage":{"@id":"https:\/\/dev.explora.cl\/ohiggins\/ministro-de-ciencia-visito-liceo-industrial-de-san-fernando-por-dia-de-la-educacion-tecnico-profesional\/"},"wordCount":964,"commentCount":0,"image":{"@id":"https:\/\/dev.explora.cl\/ohiggins\/ministro-de-ciencia-visito-liceo-industrial-de-san-fernando-por-dia-de-la-educacion-tecnico-profesional\/#primaryimage"},"thumbnailUrl":"https:\/\/dev.explora.cl\/ohiggins\/wp-content\/uploads\/sites\/8\/2022\/08\/IMG_9515.jpg","articleSection":["Noticias"],"inLanguage":"es-CL","potentialAction":[{"@type":"CommentAction","name":"Comment","target":["https:\/\/dev.explora.cl\/ohiggins\/ministro-de-ciencia-visito-liceo-industrial-de-san-fernando-por-dia-de-la-educacion-tecnico-profesional\/#respond"]}]},{"@type":"WebPage","@id":"https:\/\/dev.explora.cl\/ohiggins\/ministro-de-ciencia-visito-liceo-industrial-de-san-fernando-por-dia-de-la-educacion-tecnico-profesional\/","url":"https:\/\/dev.explora.cl\/ohiggins\/ministro-de-ciencia-visito-liceo-industrial-de-san-fernando-por-dia-de-la-educacion-tecnico-profesional\/","name":"Ministro de Ciencia visit\u00f3 Liceo Industrial de San Fernando por D\u00eda de la Educaci\u00f3n T\u00e9cnico Profesional - O&#039;Higgins","isPartOf":{"@id":"https:\/\/dev.explora.cl\/ohiggins\/#website"},"primaryImageOfPage":{"@id":"https:\/\/dev.explora.cl\/ohiggins\/ministro-de-ciencia-visito-liceo-industrial-de-san-fernando-por-dia-de-la-educacion-tecnico-profesional\/#primaryimage"},"image":{"@id":"https:\/\/dev.explora.cl\/ohiggins\/ministro-de-ciencia-visito-liceo-industrial-de-san-fernando-por-dia-de-la-educacion-tecnico-profesional\/#primaryimage"},"thumbnailUrl":"https:\/\/dev.explora.cl\/ohiggins\/wp-content\/uploads\/sites\/8\/2022\/08\/IMG_9515.jpg","datePublished":"2022-08-26T22:50:07+00:00","dateModified":"2022-09-13T16:36:00+00:00","author":{"@id":"https:\/\/dev.explora.cl\/ohiggins\/#\/schema\/person\/3240d62ad2624da9148a475abbc509b0"},"breadcrumb":{"@id":"https:\/\/dev.explora.cl\/ohiggins\/ministro-de-ciencia-visito-liceo-industrial-de-san-fernando-por-dia-de-la-educacion-tecnico-profesional\/#breadcrumb"},"inLanguage":"es-CL","potentialAction":[{"@type":"ReadAction","target":["https:\/\/dev.explora.cl\/ohiggins\/ministro-de-ciencia-visito-liceo-industrial-de-san-fernando-por-dia-de-la-educacion-tecnico-profesional\/"]}]},{"@type":"ImageObject","inLanguage":"es-CL","@id":"https:\/\/dev.explora.cl\/ohiggins\/ministro-de-ciencia-visito-liceo-industrial-de-san-fernando-por-dia-de-la-educacion-tecnico-profesional\/#primaryimage","url":"https:\/\/dev.explora.cl\/ohiggins\/wp-content\/uploads\/sites\/8\/2022\/08\/IMG_9515.jpg","contentUrl":"https:\/\/dev.explora.cl\/ohiggins\/wp-content\/uploads\/sites\/8\/2022\/08\/IMG_9515.jpg","width":3984,"height":2656},{"@type":"BreadcrumbList","@id":"https:\/\/dev.explora.cl\/ohiggins\/ministro-de-ciencia-visito-liceo-industrial-de-san-fernando-por-dia-de-la-educacion-tecnico-profesional\/#breadcrumb","itemListElement":[{"@type":"ListItem","position":1,"name":"Portada","item":"https:\/\/dev.explora.cl\/ohiggins\/"},{"@type":"ListItem","position":2,"name":"Ministro de Ciencia visit\u00f3 Liceo Industrial de San Fernando por D\u00eda de la Educaci\u00f3n T\u00e9cnico Profesional"}]},{"@type":"WebSite","@id":"https:\/\/dev.explora.cl\/ohiggins\/#website","url":"https:\/\/dev.explora.cl\/ohiggins\/","name":"O&#039;Higgins","description":"Otro sitio m\u00e1s de dev.explora.cl","potentialAction":[{"@type":"SearchAction","target":{"@type":"EntryPoint","urlTemplate":"https:\/\/dev.explora.cl\/ohiggins\/?s={search_term_string}"},"query-input":{"@type":"PropertyValueSpecification","valueRequired":true,"valueName":"search_term_string"}}],"inLanguage":"es-CL"},{"@type":"Person","@id":"https:\/\/dev.explora.cl\/ohiggins\/#\/schema\/person\/3240d62ad2624da9148a475abbc509b0","name":"nsalazar","image":{"@type":"ImageObject","inLanguage":"es-CL","@id":"https:\/\/dev.explora.cl\/ohiggins\/#\/schema\/person\/image\/","url":"https:\/\/secure.gravatar.com\/avatar\/b8cf276f31998a0865a3b90e4d663d91b97848887282c9f9a56cad57ff01cc7e?s=96&d=mm&r=g","contentUrl":"https:\/\/secure.gravatar.com\/avatar\/b8cf276f31998a0865a3b90e4d663d91b97848887282c9f9a56cad57ff01cc7e?s=96&d=mm&r=g","caption":"nsalazar"},"url":"https:\/\/dev.explora.cl\/ohiggins\/author\/nsalazar\/"}]}},"_links":{"self":[{"href":"https:\/\/dev.explora.cl\/ohiggins\/wp-json\/wp\/v2\/posts\/39228","targetHints":{"allow":["GET"]}}],"collection":[{"href":"https:\/\/dev.explora.cl\/ohiggins\/wp-json\/wp\/v2\/posts"}],"about":[{"href":"https:\/\/dev.explora.cl\/ohiggins\/wp-json\/wp\/v2\/types\/post"}],"author":[{"embeddable":true,"href":"https:\/\/dev.explora.cl\/ohiggins\/wp-json\/wp\/v2\/users\/23"}],"replies":[{"embeddable":true,"href":"https:\/\/dev.explora.cl\/ohiggins\/wp-json\/wp\/v2\/comments?post=39228"}],"version-history":[{"count":1,"href":"https:\/\/dev.explora.cl\/ohiggins\/wp-json\/wp\/v2\/posts\/39228\/revisions"}],"predecessor-version":[{"id":39230,"href":"https:\/\/dev.explora.cl\/ohiggins\/wp-json\/wp\/v2\/posts\/39228\/revisions\/39230"}],"wp:featuredmedia":[{"embeddable":true,"href":"https:\/\/dev.explora.cl\/ohiggins\/wp-json\/wp\/v2\/media\/39229"}],"wp:attachment":[{"href":"https:\/\/dev.explora.cl\/ohiggins\/wp-json\/wp\/v2\/media?parent=39228"}],"wp:term":[{"taxonomy":"category","embeddable":true,"href":"https:\/\/dev.explora.cl\/ohiggins\/wp-json\/wp\/v2\/categories?post=39228"},{"taxonomy":"post_tag","embeddable":true,"href":"https:\/\/dev.explora.cl\/ohiggins\/wp-json\/wp\/v2\/tags?post=39228"}],"curies":[{"name":"wp","href":"https:\/\/api.w.org\/{rel}","templated":true}]}}