{"id":39224,"date":"2022-08-23T14:13:44","date_gmt":"2022-08-23T18:13:44","guid":{"rendered":"https:\/\/dev.explora.cl\/ohiggins\/?p=39224"},"modified":"2022-09-23T16:11:09","modified_gmt":"2022-09-23T19:11:09","slug":"muestra-astronomica-itinerante-llega-a-san-fernando","status":"publish","type":"post","link":"https:\/\/dev.explora.cl\/ohiggins\/muestra-astronomica-itinerante-llega-a-san-fernando\/","title":{"rendered":"Muestra astron\u00f3mica itinerante llega a San Fernando"},"content":{"rendered":"<p>La muestra astron\u00f3mica \u201cUn viaje desde Chile al Universo\u201d contin\u00faa su recorrido por la Regi\u00f3n de O\u00b4Higgins -que realiza la UOH, PAR Explora y la Fundaci\u00f3n Chilena de Astronom\u00eda (Fuchas)-, durante las primeras semanas de septiembre la exposici\u00f3n gratuita se trasladar\u00e1 hasta la ciudad de San Fernando.<\/p>\n<p>\u201cInstalaremos durante la \u00faltima semana de agosto la muestra astron\u00f3mica itinerante en el Liceo Neandro Schilling de San Fernando, y la abriremos al p\u00fablico masivo el d\u00eda 6 de septiembre, debido a la contingencia del plebiscito. Invitamos al p\u00fablico a conocer esta exposici\u00f3n que nos ense\u00f1a maravillas del Universo descubiertas desde Chile. Est\u00e1n todas y todos invitados\u201d, indic\u00f3 el director de PAR Explora O\u00b4Higgins, Rodrigo Verschae.<\/p>\n<p>\u201cUn viaje desde Chile al Universo\u201d estar\u00e1 abierta a todo p\u00fablico desde el 6 al 14 de septiembre, con horarios de 8:30 a 14:00 horas y de 15:00 a 17:30 horas (lunes a viernes) y s\u00e1bados de 10:00 a 14:00 horas, y en ella podr\u00e1n conocer m\u00e1s sobre seis eventos astron\u00f3micos descubiertos desde Chile, todo a trav\u00e9s de gigantograf\u00edas y realidad aumentada.<\/p>\n<p>Adem\u00e1s, el viernes 9 y s\u00e1bado 10 de septiembre, la agrupaci\u00f3n de telescoperos Astronom\u00eda San Fernando realizar\u00e1 dos talleres de cohetes, como actividad complementaria. Los horarios ser\u00e1n de 17:00 a 21:00 horas el d\u00eda viernes y de 10:00 a 14:00 horas el d\u00eda s\u00e1bado, y se realizar\u00e1n al interior del liceo.<\/p>\n<p>\u201cEn esta muestra los y las estudiantes, como la comunidad en general, podr\u00e1n observar y aprender acerca de los seis hallazgos m\u00e1s relevantes que se han realizado en territorio chileno, utilizando telescopios profesionales emplazados en el norte de nuestro pa\u00eds. Aqu\u00ed podr\u00e1n conocer sobre supernovas, agujeros negros, exoplanetas, formaci\u00f3n de planetas, mol\u00e9cula primordial para la vida y finalmente, sobre Trit\u00f3n, una de las lunas de Neptuno. Es una actividad novedosa e interesante, donde las personas podr\u00e1n acercarse m\u00e1s a la astronom\u00eda y conocer el trabajo e investigaciones que realizan los astr\u00f3nomos y astr\u00f3nomas en nuestro pa\u00eds. Las y los invitamos a conocer la muestra\u201d, se\u00f1al\u00f3 la asesora cient\u00edfica de PAR Explora O\u00b4Higgins, la astr\u00f3noma Romina Ahumada.<\/p>\n<p>La muestra astron\u00f3mica itinerante tendr\u00e1 su inauguraci\u00f3n oficial el d\u00eda martes 6 de septiembre, a las 11 horas, con la presencia del astr\u00f3nomo de la Universidad de Chile y colaborador de Fuchas, Emilio Hueichap\u00e1n, que ofrecer\u00e1 la charla &#8220;Universo explosivo, Supernovas y otras explosiones&#8221; en que se detalla qu\u00e9 son las supernovas y las explosiones estelares.<\/p>\n<p>Los grupos de estudiantes o aquellos que cuentan con m\u00e1s de 6 personas deben inscribirse en el siguiente link: <a href=\"https:\/\/cienciaohiggins.cl\/universo-virtual\/?fbclid=IwAR05f7FgxU1gSdRXM5tKf-FMjBJ2N0OQ0OIn0rm4P3oZw1XDzZS1Vd3ZuI4\">https:\/\/cienciaohiggins.cl\/universo-virtual\/<\/a>. Usuarios individuales pueden asistir libremente en los horarios se\u00f1alados.<\/p>\n","protected":false},"excerpt":{"rendered":"<p>Desde el 6 al 14 de septiembre, la capital colchag\u00fcina contar\u00e1 con la exposici\u00f3n que nos ense\u00f1a seis hitos de la astronom\u00eda internacional, descubiertos desde Chile.<\/p>\n","protected":false},"author":23,"featured_media":39225,"comment_status":"open","ping_status":"open","sticky":false,"template":"","format":"standard","meta":{"_acf_changed":false,"_exactmetrics_skip_tracking":false,"_exactmetrics_sitenote_active":false,"_exactmetrics_sitenote_note":"","_exactmetrics_sitenote_category":0,"footnotes":"","_links_to":"","_links_to_target":""},"categories":[4],"tags":[],"class_list":["post-39224","post","type-post","status-publish","format-standard","has-post-thumbnail","hentry","category-noticias"],"acf":[],"yoast_head":"<!-- This site is optimized with the Yoast SEO plugin v26.7 - https:\/\/yoast.com\/wordpress\/plugins\/seo\/ -->\n<title>Muestra astron\u00f3mica itinerante llega a San Fernando - O&#039;Higgins<\/title>\n<meta name=\"robots\" content=\"index, follow, max-snippet:-1, max-image-preview:large, max-video-preview:-1\" \/>\n<link rel=\"canonical\" href=\"https:\/\/dev.explora.cl\/ohiggins\/muestra-astronomica-itinerante-llega-a-san-fernando\/\" class=\"yoast-seo-meta-tag\" \/>\n<meta property=\"og:locale\" content=\"es_ES\" class=\"yoast-seo-meta-tag\" \/>\n<meta property=\"og:type\" content=\"article\" class=\"yoast-seo-meta-tag\" \/>\n<meta property=\"og:title\" content=\"Muestra astron\u00f3mica itinerante llega a San Fernando - O&#039;Higgins\" class=\"yoast-seo-meta-tag\" \/>\n<meta property=\"og:description\" content=\"Desde el 6 al 14 de septiembre, la capital colchag\u00fcina contar\u00e1 con la exposici\u00f3n que nos ense\u00f1a seis hitos de la astronom\u00eda internacional, descubiertos desde Chile.\" class=\"yoast-seo-meta-tag\" \/>\n<meta property=\"og:url\" content=\"https:\/\/dev.explora.cl\/ohiggins\/muestra-astronomica-itinerante-llega-a-san-fernando\/\" class=\"yoast-seo-meta-tag\" \/>\n<meta property=\"og:site_name\" content=\"O&#039;Higgins\" class=\"yoast-seo-meta-tag\" \/>\n<meta property=\"article:published_time\" content=\"2022-08-23T18:13:44+00:00\" class=\"yoast-seo-meta-tag\" \/>\n<meta property=\"article:modified_time\" content=\"2022-09-23T19:11:09+00:00\" class=\"yoast-seo-meta-tag\" \/>\n<meta property=\"og:image\" content=\"https:\/\/dev.explora.cl\/ohiggins\/wp-content\/uploads\/sites\/8\/2022\/08\/muestra-San-Fernando-web.jpeg\" class=\"yoast-seo-meta-tag\" \/>\n\t<meta property=\"og:image:width\" content=\"1080\" class=\"yoast-seo-meta-tag\" \/>\n\t<meta property=\"og:image:height\" content=\"792\" class=\"yoast-seo-meta-tag\" \/>\n\t<meta property=\"og:image:type\" content=\"image\/jpeg\" class=\"yoast-seo-meta-tag\" \/>\n<meta name=\"author\" content=\"nsalazar\" class=\"yoast-seo-meta-tag\" \/>\n<meta name=\"twitter:card\" content=\"summary_large_image\" class=\"yoast-seo-meta-tag\" \/>\n<meta name=\"twitter:label1\" content=\"Escrito por\" class=\"yoast-seo-meta-tag\" \/>\n\t<meta name=\"twitter:data1\" content=\"nsalazar\" class=\"yoast-seo-meta-tag\" \/>\n\t<meta name=\"twitter:label2\" content=\"Tiempo estimado de lectura\" class=\"yoast-seo-meta-tag\" \/>\n\t<meta name=\"twitter:data2\" content=\"2 minutos\" class=\"yoast-seo-meta-tag\" \/>\n<script type=\"application\/ld+json\" class=\"yoast-schema-graph\">{\"@context\":\"https:\/\/schema.org\",\"@graph\":[{\"@type\":\"Article\",\"@id\":\"https:\/\/dev.explora.cl\/ohiggins\/muestra-astronomica-itinerante-llega-a-san-fernando\/#article\",\"isPartOf\":{\"@id\":\"https:\/\/dev.explora.cl\/ohiggins\/muestra-astronomica-itinerante-llega-a-san-fernando\/\"},\"author\":{\"name\":\"nsalazar\",\"@id\":\"https:\/\/dev.explora.cl\/ohiggins\/#\/schema\/person\/3240d62ad2624da9148a475abbc509b0\"},\"headline\":\"Muestra astron\u00f3mica itinerante llega a San Fernando\",\"datePublished\":\"2022-08-23T18:13:44+00:00\",\"dateModified\":\"2022-09-23T19:11:09+00:00\",\"mainEntityOfPage\":{\"@id\":\"https:\/\/dev.explora.cl\/ohiggins\/muestra-astronomica-itinerante-llega-a-san-fernando\/\"},\"wordCount\":476,\"commentCount\":0,\"image\":{\"@id\":\"https:\/\/dev.explora.cl\/ohiggins\/muestra-astronomica-itinerante-llega-a-san-fernando\/#primaryimage\"},\"thumbnailUrl\":\"https:\/\/dev.explora.cl\/ohiggins\/wp-content\/uploads\/sites\/8\/2022\/08\/muestra-San-Fernando-web.jpeg\",\"articleSection\":[\"Noticias\"],\"inLanguage\":\"es-CL\",\"potentialAction\":[{\"@type\":\"CommentAction\",\"name\":\"Comment\",\"target\":[\"https:\/\/dev.explora.cl\/ohiggins\/muestra-astronomica-itinerante-llega-a-san-fernando\/#respond\"]}]},{\"@type\":\"WebPage\",\"@id\":\"https:\/\/dev.explora.cl\/ohiggins\/muestra-astronomica-itinerante-llega-a-san-fernando\/\",\"url\":\"https:\/\/dev.explora.cl\/ohiggins\/muestra-astronomica-itinerante-llega-a-san-fernando\/\",\"name\":\"Muestra astron\u00f3mica itinerante llega a San Fernando - O&#039;Higgins\",\"isPartOf\":{\"@id\":\"https:\/\/dev.explora.cl\/ohiggins\/#website\"},\"primaryImageOfPage\":{\"@id\":\"https:\/\/dev.explora.cl\/ohiggins\/muestra-astronomica-itinerante-llega-a-san-fernando\/#primaryimage\"},\"image\":{\"@id\":\"https:\/\/dev.explora.cl\/ohiggins\/muestra-astronomica-itinerante-llega-a-san-fernando\/#primaryimage\"},\"thumbnailUrl\":\"https:\/\/dev.explora.cl\/ohiggins\/wp-content\/uploads\/sites\/8\/2022\/08\/muestra-San-Fernando-web.jpeg\",\"datePublished\":\"2022-08-23T18:13:44+00:00\",\"dateModified\":\"2022-09-23T19:11:09+00:00\",\"author\":{\"@id\":\"https:\/\/dev.explora.cl\/ohiggins\/#\/schema\/person\/3240d62ad2624da9148a475abbc509b0\"},\"breadcrumb\":{\"@id\":\"https:\/\/dev.explora.cl\/ohiggins\/muestra-astronomica-itinerante-llega-a-san-fernando\/#breadcrumb\"},\"inLanguage\":\"es-CL\",\"potentialAction\":[{\"@type\":\"ReadAction\",\"target\":[\"https:\/\/dev.explora.cl\/ohiggins\/muestra-astronomica-itinerante-llega-a-san-fernando\/\"]}]},{\"@type\":\"ImageObject\",\"inLanguage\":\"es-CL\",\"@id\":\"https:\/\/dev.explora.cl\/ohiggins\/muestra-astronomica-itinerante-llega-a-san-fernando\/#primaryimage\",\"url\":\"https:\/\/dev.explora.cl\/ohiggins\/wp-content\/uploads\/sites\/8\/2022\/08\/muestra-San-Fernando-web.jpeg\",\"contentUrl\":\"https:\/\/dev.explora.cl\/ohiggins\/wp-content\/uploads\/sites\/8\/2022\/08\/muestra-San-Fernando-web.jpeg\",\"width\":1080,\"height\":792},{\"@type\":\"BreadcrumbList\",\"@id\":\"https:\/\/dev.explora.cl\/ohiggins\/muestra-astronomica-itinerante-llega-a-san-fernando\/#breadcrumb\",\"itemListElement\":[{\"@type\":\"ListItem\",\"position\":1,\"name\":\"Portada\",\"item\":\"https:\/\/dev.explora.cl\/ohiggins\/\"},{\"@type\":\"ListItem\",\"position\":2,\"name\":\"Muestra astron\u00f3mica itinerante llega a San Fernando\"}]},{\"@type\":\"WebSite\",\"@id\":\"https:\/\/dev.explora.cl\/ohiggins\/#website\",\"url\":\"https:\/\/dev.explora.cl\/ohiggins\/\",\"name\":\"O&#039;Higgins\",\"description\":\"Otro sitio m\u00e1s de dev.explora.cl\",\"potentialAction\":[{\"@type\":\"SearchAction\",\"target\":{\"@type\":\"EntryPoint\",\"urlTemplate\":\"https:\/\/dev.explora.cl\/ohiggins\/?s={search_term_string}\"},\"query-input\":{\"@type\":\"PropertyValueSpecification\",\"valueRequired\":true,\"valueName\":\"search_term_string\"}}],\"inLanguage\":\"es-CL\"},{\"@type\":\"Person\",\"@id\":\"https:\/\/dev.explora.cl\/ohiggins\/#\/schema\/person\/3240d62ad2624da9148a475abbc509b0\",\"name\":\"nsalazar\",\"image\":{\"@type\":\"ImageObject\",\"inLanguage\":\"es-CL\",\"@id\":\"https:\/\/dev.explora.cl\/ohiggins\/#\/schema\/person\/image\/\",\"url\":\"https:\/\/secure.gravatar.com\/avatar\/b8cf276f31998a0865a3b90e4d663d91b97848887282c9f9a56cad57ff01cc7e?s=96&d=mm&r=g\",\"contentUrl\":\"https:\/\/secure.gravatar.com\/avatar\/b8cf276f31998a0865a3b90e4d663d91b97848887282c9f9a56cad57ff01cc7e?s=96&d=mm&r=g\",\"caption\":\"nsalazar\"},\"url\":\"https:\/\/dev.explora.cl\/ohiggins\/author\/nsalazar\/\"}]}<\/script>\n<!-- \/ Yoast SEO plugin. -->","yoast_head_json":{"title":"Muestra astron\u00f3mica itinerante llega a San Fernando - O&#039;Higgins","robots":{"index":"index","follow":"follow","max-snippet":"max-snippet:-1","max-image-preview":"max-image-preview:large","max-video-preview":"max-video-preview:-1"},"canonical":"https:\/\/dev.explora.cl\/ohiggins\/muestra-astronomica-itinerante-llega-a-san-fernando\/","og_locale":"es_ES","og_type":"article","og_title":"Muestra astron\u00f3mica itinerante llega a San Fernando - O&#039;Higgins","og_description":"Desde el 6 al 14 de septiembre, la capital colchag\u00fcina contar\u00e1 con la exposici\u00f3n que nos ense\u00f1a seis hitos de la astronom\u00eda internacional, descubiertos desde Chile.","og_url":"https:\/\/dev.explora.cl\/ohiggins\/muestra-astronomica-itinerante-llega-a-san-fernando\/","og_site_name":"O&#039;Higgins","article_published_time":"2022-08-23T18:13:44+00:00","article_modified_time":"2022-09-23T19:11:09+00:00","og_image":[{"width":1080,"height":792,"url":"https:\/\/dev.explora.cl\/ohiggins\/wp-content\/uploads\/sites\/8\/2022\/08\/muestra-San-Fernando-web.jpeg","type":"image\/jpeg"}],"author":"nsalazar","twitter_card":"summary_large_image","twitter_misc":{"Escrito por":"nsalazar","Tiempo estimado de lectura":"2 minutos"},"schema":{"@context":"https:\/\/schema.org","@graph":[{"@type":"Article","@id":"https:\/\/dev.explora.cl\/ohiggins\/muestra-astronomica-itinerante-llega-a-san-fernando\/#article","isPartOf":{"@id":"https:\/\/dev.explora.cl\/ohiggins\/muestra-astronomica-itinerante-llega-a-san-fernando\/"},"author":{"name":"nsalazar","@id":"https:\/\/dev.explora.cl\/ohiggins\/#\/schema\/person\/3240d62ad2624da9148a475abbc509b0"},"headline":"Muestra astron\u00f3mica itinerante llega a San Fernando","datePublished":"2022-08-23T18:13:44+00:00","dateModified":"2022-09-23T19:11:09+00:00","mainEntityOfPage":{"@id":"https:\/\/dev.explora.cl\/ohiggins\/muestra-astronomica-itinerante-llega-a-san-fernando\/"},"wordCount":476,"commentCount":0,"image":{"@id":"https:\/\/dev.explora.cl\/ohiggins\/muestra-astronomica-itinerante-llega-a-san-fernando\/#primaryimage"},"thumbnailUrl":"https:\/\/dev.explora.cl\/ohiggins\/wp-content\/uploads\/sites\/8\/2022\/08\/muestra-San-Fernando-web.jpeg","articleSection":["Noticias"],"inLanguage":"es-CL","potentialAction":[{"@type":"CommentAction","name":"Comment","target":["https:\/\/dev.explora.cl\/ohiggins\/muestra-astronomica-itinerante-llega-a-san-fernando\/#respond"]}]},{"@type":"WebPage","@id":"https:\/\/dev.explora.cl\/ohiggins\/muestra-astronomica-itinerante-llega-a-san-fernando\/","url":"https:\/\/dev.explora.cl\/ohiggins\/muestra-astronomica-itinerante-llega-a-san-fernando\/","name":"Muestra astron\u00f3mica itinerante llega a San Fernando - O&#039;Higgins","isPartOf":{"@id":"https:\/\/dev.explora.cl\/ohiggins\/#website"},"primaryImageOfPage":{"@id":"https:\/\/dev.explora.cl\/ohiggins\/muestra-astronomica-itinerante-llega-a-san-fernando\/#primaryimage"},"image":{"@id":"https:\/\/dev.explora.cl\/ohiggins\/muestra-astronomica-itinerante-llega-a-san-fernando\/#primaryimage"},"thumbnailUrl":"https:\/\/dev.explora.cl\/ohiggins\/wp-content\/uploads\/sites\/8\/2022\/08\/muestra-San-Fernando-web.jpeg","datePublished":"2022-08-23T18:13:44+00:00","dateModified":"2022-09-23T19:11:09+00:00","author":{"@id":"https:\/\/dev.explora.cl\/ohiggins\/#\/schema\/person\/3240d62ad2624da9148a475abbc509b0"},"breadcrumb":{"@id":"https:\/\/dev.explora.cl\/ohiggins\/muestra-astronomica-itinerante-llega-a-san-fernando\/#breadcrumb"},"inLanguage":"es-CL","potentialAction":[{"@type":"ReadAction","target":["https:\/\/dev.explora.cl\/ohiggins\/muestra-astronomica-itinerante-llega-a-san-fernando\/"]}]},{"@type":"ImageObject","inLanguage":"es-CL","@id":"https:\/\/dev.explora.cl\/ohiggins\/muestra-astronomica-itinerante-llega-a-san-fernando\/#primaryimage","url":"https:\/\/dev.explora.cl\/ohiggins\/wp-content\/uploads\/sites\/8\/2022\/08\/muestra-San-Fernando-web.jpeg","contentUrl":"https:\/\/dev.explora.cl\/ohiggins\/wp-content\/uploads\/sites\/8\/2022\/08\/muestra-San-Fernando-web.jpeg","width":1080,"height":792},{"@type":"BreadcrumbList","@id":"https:\/\/dev.explora.cl\/ohiggins\/muestra-astronomica-itinerante-llega-a-san-fernando\/#breadcrumb","itemListElement":[{"@type":"ListItem","position":1,"name":"Portada","item":"https:\/\/dev.explora.cl\/ohiggins\/"},{"@type":"ListItem","position":2,"name":"Muestra astron\u00f3mica itinerante llega a San Fernando"}]},{"@type":"WebSite","@id":"https:\/\/dev.explora.cl\/ohiggins\/#website","url":"https:\/\/dev.explora.cl\/ohiggins\/","name":"O&#039;Higgins","description":"Otro sitio m\u00e1s de dev.explora.cl","potentialAction":[{"@type":"SearchAction","target":{"@type":"EntryPoint","urlTemplate":"https:\/\/dev.explora.cl\/ohiggins\/?s={search_term_string}"},"query-input":{"@type":"PropertyValueSpecification","valueRequired":true,"valueName":"search_term_string"}}],"inLanguage":"es-CL"},{"@type":"Person","@id":"https:\/\/dev.explora.cl\/ohiggins\/#\/schema\/person\/3240d62ad2624da9148a475abbc509b0","name":"nsalazar","image":{"@type":"ImageObject","inLanguage":"es-CL","@id":"https:\/\/dev.explora.cl\/ohiggins\/#\/schema\/person\/image\/","url":"https:\/\/secure.gravatar.com\/avatar\/b8cf276f31998a0865a3b90e4d663d91b97848887282c9f9a56cad57ff01cc7e?s=96&d=mm&r=g","contentUrl":"https:\/\/secure.gravatar.com\/avatar\/b8cf276f31998a0865a3b90e4d663d91b97848887282c9f9a56cad57ff01cc7e?s=96&d=mm&r=g","caption":"nsalazar"},"url":"https:\/\/dev.explora.cl\/ohiggins\/author\/nsalazar\/"}]}},"_links":{"self":[{"href":"https:\/\/dev.explora.cl\/ohiggins\/wp-json\/wp\/v2\/posts\/39224","targetHints":{"allow":["GET"]}}],"collection":[{"href":"https:\/\/dev.explora.cl\/ohiggins\/wp-json\/wp\/v2\/posts"}],"about":[{"href":"https:\/\/dev.explora.cl\/ohiggins\/wp-json\/wp\/v2\/types\/post"}],"author":[{"embeddable":true,"href":"https:\/\/dev.explora.cl\/ohiggins\/wp-json\/wp\/v2\/users\/23"}],"replies":[{"embeddable":true,"href":"https:\/\/dev.explora.cl\/ohiggins\/wp-json\/wp\/v2\/comments?post=39224"}],"version-history":[{"count":6,"href":"https:\/\/dev.explora.cl\/ohiggins\/wp-json\/wp\/v2\/posts\/39224\/revisions"}],"predecessor-version":[{"id":39237,"href":"https:\/\/dev.explora.cl\/ohiggins\/wp-json\/wp\/v2\/posts\/39224\/revisions\/39237"}],"wp:featuredmedia":[{"embeddable":true,"href":"https:\/\/dev.explora.cl\/ohiggins\/wp-json\/wp\/v2\/media\/39225"}],"wp:attachment":[{"href":"https:\/\/dev.explora.cl\/ohiggins\/wp-json\/wp\/v2\/media?parent=39224"}],"wp:term":[{"taxonomy":"category","embeddable":true,"href":"https:\/\/dev.explora.cl\/ohiggins\/wp-json\/wp\/v2\/categories?post=39224"},{"taxonomy":"post_tag","embeddable":true,"href":"https:\/\/dev.explora.cl\/ohiggins\/wp-json\/wp\/v2\/tags?post=39224"}],"curies":[{"name":"wp","href":"https:\/\/api.w.org\/{rel}","templated":true}]}}