{"id":39206,"date":"2022-07-27T13:18:01","date_gmt":"2022-07-27T17:18:01","guid":{"rendered":"https:\/\/dev.explora.cl\/ohiggins\/?p=39206"},"modified":"2022-08-30T18:31:50","modified_gmt":"2022-08-30T22:31:50","slug":"nuevo-taller-de-muevete-sin-plasticos-unira-el-reciclaje-y-la-inteligencia-artificial","status":"publish","type":"post","link":"https:\/\/dev.explora.cl\/ohiggins\/nuevo-taller-de-muevete-sin-plasticos-unira-el-reciclaje-y-la-inteligencia-artificial\/","title":{"rendered":"Nuevo taller de Mu\u00e9vete sin Pl\u00e1sticos unir\u00e1 el reciclaje y la inteligencia artificial"},"content":{"rendered":"<p>Continuando con el trabajo de la iniciativa regional \u201cMu\u00e9vete sin Pl\u00e1sticos\u201d que realiza PAR Explora O\u00b4Higgins, y que tendr\u00e1 como resultado una APP inform\u00e1tica para aportar a resolver el problema del uso desmedido y la contaminaci\u00f3n de pl\u00e1sticos en la Regi\u00f3n de O\u00b4Higgins, durante el martes 2 de agosto se realizar\u00e1 un nuevo curso para los voluntarios que trabajan en esta actividad.<\/p>\n<p>En el \u201cTaller Mu\u00e9vete sin Pl\u00e1sticos\u201d las y los participantes podr\u00e1n aprender de forma detallada la composici\u00f3n de los pl\u00e1sticos con ejemplos cotidianos de reciclaje, conocer el ejemplo de la recicladora Repl\u00e1 que busca evitar la llegada de pl\u00e1sticos a los vertederos a trav\u00e9s de la creaci\u00f3n de nuevos productos, y aprender a trabajar la APP a trav\u00e9s de la inteligencia artificial. Para ello, los relatores ser\u00e1n Ignacio Bugue\u00f1o (asesor tecnol\u00f3gico PAR Explora O\u00b4Higgins) y Ar\u00f3n Barahona (director de Repl\u00e1).<\/p>\n<p>\u201cEsta es la segunda parte de los talleres de Mu\u00e9vete sin Pl\u00e1sticos y esperamos contar, como ha sido la t\u00f3nica en las otras actividades, con una importante participaci\u00f3n de las y los voluntarios. En este taller podremos aprender la comuni\u00f3n del trabajo de reciclaje e inteligencia artificial, adentr\u00e1ndonos en la futura APP de la iniciativa. Tambi\u00e9n conoceremos el ejemplo de la recicladora regional Repl\u00e1. Adem\u00e1s, esta ser\u00e1 la primera vez que se realiza de forma h\u00edbrida, es decir, v\u00eda presencial y virtual\u201d, indic\u00f3 el director de PAR Explora O\u00b4Higgins y director del Instituto de Ciencias de la Ingenier\u00eda de la UOH, Rodrigo Verschae.<\/p>\n<p>Por su parte, el director de la recicladora Repl\u00e1, Ar\u00f3n Barahona, se\u00f1al\u00f3 que \u201ceste es el primer taller en que participamos como Repl\u00e1, y tiene el objetivo de entregar conocimiento de qu\u00e9 es el pl\u00e1stico, de las diferencias que puede haber entre un tipo y otro, y c\u00f3mo podemos reconocerlos y tratarlos. Tambi\u00e9n mostraremos material en diferentes etapas del ciclo de revalorizaci\u00f3n que realizamos. Est\u00e1n todas y todos invitados a participar\u201d.<\/p>\n<p>El Taller de Mu\u00e9vete sin Pl\u00e1sticos es un nuevo curso de este ciclo realizado por la iniciativa de PAR Explora -que cuenta con el apoyo de la Universidad de O\u00b4Higgins, la Seremi de Medio Ambiente y las empresas recicladoras regionales Reclim y Repl\u00e1-, y se efectuar\u00e1 en el Auditorio del Campus Rancagua de la UOH el martes 2 de agosto a las 10 horas; tambi\u00e9n ser\u00e1 transmitido por las redes sociales de PAR Explora O\u00b4Higgins para las y los participantes que no puedan viajar.<\/p>\n<p>No es necesario inscripci\u00f3n. Cualquier consulta la pueden realizar al correo: explora.ohiggins@uoh.cl<\/p>\n","protected":false},"excerpt":{"rendered":"<p>El curso denominado \u201cTaller Mu\u00e9vete sin Pl\u00e1sticos\u201d ser\u00e1 dictado por profesionales del reciclaje y la inteligencia artificial, todo con el objetivo de comenzar a preparar la APP que permitir\u00e1 reconocer los distintos tipos de este material y as\u00ed ayudar al problema de su uso. Adem\u00e1s, se podr\u00e1 conocer el ejemplo de la recicladora regional Repl\u00e1. <\/p>\n","protected":false},"author":23,"featured_media":39210,"comment_status":"open","ping_status":"open","sticky":false,"template":"","format":"standard","meta":{"_acf_changed":false,"_exactmetrics_skip_tracking":false,"_exactmetrics_sitenote_active":false,"_exactmetrics_sitenote_note":"","_exactmetrics_sitenote_category":0,"footnotes":"","_links_to":"","_links_to_target":""},"categories":[4],"tags":[],"class_list":["post-39206","post","type-post","status-publish","format-standard","has-post-thumbnail","hentry","category-noticias"],"acf":[],"yoast_head":"<!-- This site is optimized with the Yoast SEO plugin v26.7 - https:\/\/yoast.com\/wordpress\/plugins\/seo\/ -->\n<title>Nuevo taller de Mu\u00e9vete sin Pl\u00e1sticos unir\u00e1 el reciclaje y la inteligencia artificial - O&#039;Higgins<\/title>\n<meta name=\"robots\" content=\"index, follow, max-snippet:-1, max-image-preview:large, max-video-preview:-1\" \/>\n<link rel=\"canonical\" href=\"https:\/\/dev.explora.cl\/ohiggins\/nuevo-taller-de-muevete-sin-plasticos-unira-el-reciclaje-y-la-inteligencia-artificial\/\" class=\"yoast-seo-meta-tag\" \/>\n<meta property=\"og:locale\" content=\"es_ES\" class=\"yoast-seo-meta-tag\" \/>\n<meta property=\"og:type\" content=\"article\" class=\"yoast-seo-meta-tag\" \/>\n<meta property=\"og:title\" content=\"Nuevo taller de Mu\u00e9vete sin Pl\u00e1sticos unir\u00e1 el reciclaje y la inteligencia artificial - O&#039;Higgins\" class=\"yoast-seo-meta-tag\" \/>\n<meta property=\"og:description\" content=\"El curso denominado \u201cTaller Mu\u00e9vete sin Pl\u00e1sticos\u201d ser\u00e1 dictado por profesionales del reciclaje y la inteligencia artificial, todo con el objetivo de comenzar a preparar la APP que permitir\u00e1 reconocer los distintos tipos de este material y as\u00ed ayudar al problema de su uso. Adem\u00e1s, se podr\u00e1 conocer el ejemplo de la recicladora regional Repl\u00e1.\" class=\"yoast-seo-meta-tag\" \/>\n<meta property=\"og:url\" content=\"https:\/\/dev.explora.cl\/ohiggins\/nuevo-taller-de-muevete-sin-plasticos-unira-el-reciclaje-y-la-inteligencia-artificial\/\" class=\"yoast-seo-meta-tag\" \/>\n<meta property=\"og:site_name\" content=\"O&#039;Higgins\" class=\"yoast-seo-meta-tag\" \/>\n<meta property=\"article:published_time\" content=\"2022-07-27T17:18:01+00:00\" class=\"yoast-seo-meta-tag\" \/>\n<meta property=\"article:modified_time\" content=\"2022-08-30T22:31:50+00:00\" class=\"yoast-seo-meta-tag\" \/>\n<meta property=\"og:image\" content=\"https:\/\/dev.explora.cl\/ohiggins\/wp-content\/uploads\/sites\/8\/2022\/07\/teller-mu\u00e9vete-sin-pl\u00e1sticos-portada.jpg\" class=\"yoast-seo-meta-tag\" \/>\n\t<meta property=\"og:image:width\" content=\"1080\" class=\"yoast-seo-meta-tag\" \/>\n\t<meta property=\"og:image:height\" content=\"810\" class=\"yoast-seo-meta-tag\" \/>\n\t<meta property=\"og:image:type\" content=\"image\/jpeg\" class=\"yoast-seo-meta-tag\" \/>\n<meta name=\"author\" content=\"nsalazar\" class=\"yoast-seo-meta-tag\" \/>\n<meta name=\"twitter:card\" content=\"summary_large_image\" class=\"yoast-seo-meta-tag\" \/>\n<meta name=\"twitter:label1\" content=\"Escrito por\" class=\"yoast-seo-meta-tag\" \/>\n\t<meta name=\"twitter:data1\" content=\"nsalazar\" class=\"yoast-seo-meta-tag\" \/>\n\t<meta name=\"twitter:label2\" content=\"Tiempo estimado de lectura\" class=\"yoast-seo-meta-tag\" \/>\n\t<meta name=\"twitter:data2\" content=\"2 minutos\" class=\"yoast-seo-meta-tag\" \/>\n<script type=\"application\/ld+json\" class=\"yoast-schema-graph\">{\"@context\":\"https:\/\/schema.org\",\"@graph\":[{\"@type\":\"Article\",\"@id\":\"https:\/\/dev.explora.cl\/ohiggins\/nuevo-taller-de-muevete-sin-plasticos-unira-el-reciclaje-y-la-inteligencia-artificial\/#article\",\"isPartOf\":{\"@id\":\"https:\/\/dev.explora.cl\/ohiggins\/nuevo-taller-de-muevete-sin-plasticos-unira-el-reciclaje-y-la-inteligencia-artificial\/\"},\"author\":{\"name\":\"nsalazar\",\"@id\":\"https:\/\/dev.explora.cl\/ohiggins\/#\/schema\/person\/3240d62ad2624da9148a475abbc509b0\"},\"headline\":\"Nuevo taller de Mu\u00e9vete sin Pl\u00e1sticos unir\u00e1 el reciclaje y la inteligencia artificial\",\"datePublished\":\"2022-07-27T17:18:01+00:00\",\"dateModified\":\"2022-08-30T22:31:50+00:00\",\"mainEntityOfPage\":{\"@id\":\"https:\/\/dev.explora.cl\/ohiggins\/nuevo-taller-de-muevete-sin-plasticos-unira-el-reciclaje-y-la-inteligencia-artificial\/\"},\"wordCount\":475,\"commentCount\":0,\"image\":{\"@id\":\"https:\/\/dev.explora.cl\/ohiggins\/nuevo-taller-de-muevete-sin-plasticos-unira-el-reciclaje-y-la-inteligencia-artificial\/#primaryimage\"},\"thumbnailUrl\":\"https:\/\/dev.explora.cl\/ohiggins\/wp-content\/uploads\/sites\/8\/2022\/07\/teller-mu\u00e9vete-sin-pl\u00e1sticos-portada.jpg\",\"articleSection\":[\"Noticias\"],\"inLanguage\":\"es-CL\",\"potentialAction\":[{\"@type\":\"CommentAction\",\"name\":\"Comment\",\"target\":[\"https:\/\/dev.explora.cl\/ohiggins\/nuevo-taller-de-muevete-sin-plasticos-unira-el-reciclaje-y-la-inteligencia-artificial\/#respond\"]}]},{\"@type\":\"WebPage\",\"@id\":\"https:\/\/dev.explora.cl\/ohiggins\/nuevo-taller-de-muevete-sin-plasticos-unira-el-reciclaje-y-la-inteligencia-artificial\/\",\"url\":\"https:\/\/dev.explora.cl\/ohiggins\/nuevo-taller-de-muevete-sin-plasticos-unira-el-reciclaje-y-la-inteligencia-artificial\/\",\"name\":\"Nuevo taller de Mu\u00e9vete sin Pl\u00e1sticos unir\u00e1 el reciclaje y la inteligencia artificial - O&#039;Higgins\",\"isPartOf\":{\"@id\":\"https:\/\/dev.explora.cl\/ohiggins\/#website\"},\"primaryImageOfPage\":{\"@id\":\"https:\/\/dev.explora.cl\/ohiggins\/nuevo-taller-de-muevete-sin-plasticos-unira-el-reciclaje-y-la-inteligencia-artificial\/#primaryimage\"},\"image\":{\"@id\":\"https:\/\/dev.explora.cl\/ohiggins\/nuevo-taller-de-muevete-sin-plasticos-unira-el-reciclaje-y-la-inteligencia-artificial\/#primaryimage\"},\"thumbnailUrl\":\"https:\/\/dev.explora.cl\/ohiggins\/wp-content\/uploads\/sites\/8\/2022\/07\/teller-mu\u00e9vete-sin-pl\u00e1sticos-portada.jpg\",\"datePublished\":\"2022-07-27T17:18:01+00:00\",\"dateModified\":\"2022-08-30T22:31:50+00:00\",\"author\":{\"@id\":\"https:\/\/dev.explora.cl\/ohiggins\/#\/schema\/person\/3240d62ad2624da9148a475abbc509b0\"},\"breadcrumb\":{\"@id\":\"https:\/\/dev.explora.cl\/ohiggins\/nuevo-taller-de-muevete-sin-plasticos-unira-el-reciclaje-y-la-inteligencia-artificial\/#breadcrumb\"},\"inLanguage\":\"es-CL\",\"potentialAction\":[{\"@type\":\"ReadAction\",\"target\":[\"https:\/\/dev.explora.cl\/ohiggins\/nuevo-taller-de-muevete-sin-plasticos-unira-el-reciclaje-y-la-inteligencia-artificial\/\"]}]},{\"@type\":\"ImageObject\",\"inLanguage\":\"es-CL\",\"@id\":\"https:\/\/dev.explora.cl\/ohiggins\/nuevo-taller-de-muevete-sin-plasticos-unira-el-reciclaje-y-la-inteligencia-artificial\/#primaryimage\",\"url\":\"https:\/\/dev.explora.cl\/ohiggins\/wp-content\/uploads\/sites\/8\/2022\/07\/teller-mu\u00e9vete-sin-pl\u00e1sticos-portada.jpg\",\"contentUrl\":\"https:\/\/dev.explora.cl\/ohiggins\/wp-content\/uploads\/sites\/8\/2022\/07\/teller-mu\u00e9vete-sin-pl\u00e1sticos-portada.jpg\",\"width\":1080,\"height\":810},{\"@type\":\"BreadcrumbList\",\"@id\":\"https:\/\/dev.explora.cl\/ohiggins\/nuevo-taller-de-muevete-sin-plasticos-unira-el-reciclaje-y-la-inteligencia-artificial\/#breadcrumb\",\"itemListElement\":[{\"@type\":\"ListItem\",\"position\":1,\"name\":\"Portada\",\"item\":\"https:\/\/dev.explora.cl\/ohiggins\/\"},{\"@type\":\"ListItem\",\"position\":2,\"name\":\"Nuevo taller de Mu\u00e9vete sin Pl\u00e1sticos unir\u00e1 el reciclaje y la inteligencia artificial\"}]},{\"@type\":\"WebSite\",\"@id\":\"https:\/\/dev.explora.cl\/ohiggins\/#website\",\"url\":\"https:\/\/dev.explora.cl\/ohiggins\/\",\"name\":\"O&#039;Higgins\",\"description\":\"Otro sitio m\u00e1s de dev.explora.cl\",\"potentialAction\":[{\"@type\":\"SearchAction\",\"target\":{\"@type\":\"EntryPoint\",\"urlTemplate\":\"https:\/\/dev.explora.cl\/ohiggins\/?s={search_term_string}\"},\"query-input\":{\"@type\":\"PropertyValueSpecification\",\"valueRequired\":true,\"valueName\":\"search_term_string\"}}],\"inLanguage\":\"es-CL\"},{\"@type\":\"Person\",\"@id\":\"https:\/\/dev.explora.cl\/ohiggins\/#\/schema\/person\/3240d62ad2624da9148a475abbc509b0\",\"name\":\"nsalazar\",\"image\":{\"@type\":\"ImageObject\",\"inLanguage\":\"es-CL\",\"@id\":\"https:\/\/dev.explora.cl\/ohiggins\/#\/schema\/person\/image\/\",\"url\":\"https:\/\/secure.gravatar.com\/avatar\/b8cf276f31998a0865a3b90e4d663d91b97848887282c9f9a56cad57ff01cc7e?s=96&d=mm&r=g\",\"contentUrl\":\"https:\/\/secure.gravatar.com\/avatar\/b8cf276f31998a0865a3b90e4d663d91b97848887282c9f9a56cad57ff01cc7e?s=96&d=mm&r=g\",\"caption\":\"nsalazar\"},\"url\":\"https:\/\/dev.explora.cl\/ohiggins\/author\/nsalazar\/\"}]}<\/script>\n<!-- \/ Yoast SEO plugin. -->","yoast_head_json":{"title":"Nuevo taller de Mu\u00e9vete sin Pl\u00e1sticos unir\u00e1 el reciclaje y la inteligencia artificial - O&#039;Higgins","robots":{"index":"index","follow":"follow","max-snippet":"max-snippet:-1","max-image-preview":"max-image-preview:large","max-video-preview":"max-video-preview:-1"},"canonical":"https:\/\/dev.explora.cl\/ohiggins\/nuevo-taller-de-muevete-sin-plasticos-unira-el-reciclaje-y-la-inteligencia-artificial\/","og_locale":"es_ES","og_type":"article","og_title":"Nuevo taller de Mu\u00e9vete sin Pl\u00e1sticos unir\u00e1 el reciclaje y la inteligencia artificial - O&#039;Higgins","og_description":"El curso denominado \u201cTaller Mu\u00e9vete sin Pl\u00e1sticos\u201d ser\u00e1 dictado por profesionales del reciclaje y la inteligencia artificial, todo con el objetivo de comenzar a preparar la APP que permitir\u00e1 reconocer los distintos tipos de este material y as\u00ed ayudar al problema de su uso. Adem\u00e1s, se podr\u00e1 conocer el ejemplo de la recicladora regional Repl\u00e1.","og_url":"https:\/\/dev.explora.cl\/ohiggins\/nuevo-taller-de-muevete-sin-plasticos-unira-el-reciclaje-y-la-inteligencia-artificial\/","og_site_name":"O&#039;Higgins","article_published_time":"2022-07-27T17:18:01+00:00","article_modified_time":"2022-08-30T22:31:50+00:00","og_image":[{"width":1080,"height":810,"url":"https:\/\/dev.explora.cl\/ohiggins\/wp-content\/uploads\/sites\/8\/2022\/07\/teller-mu\u00e9vete-sin-pl\u00e1sticos-portada.jpg","type":"image\/jpeg"}],"author":"nsalazar","twitter_card":"summary_large_image","twitter_misc":{"Escrito por":"nsalazar","Tiempo estimado de lectura":"2 minutos"},"schema":{"@context":"https:\/\/schema.org","@graph":[{"@type":"Article","@id":"https:\/\/dev.explora.cl\/ohiggins\/nuevo-taller-de-muevete-sin-plasticos-unira-el-reciclaje-y-la-inteligencia-artificial\/#article","isPartOf":{"@id":"https:\/\/dev.explora.cl\/ohiggins\/nuevo-taller-de-muevete-sin-plasticos-unira-el-reciclaje-y-la-inteligencia-artificial\/"},"author":{"name":"nsalazar","@id":"https:\/\/dev.explora.cl\/ohiggins\/#\/schema\/person\/3240d62ad2624da9148a475abbc509b0"},"headline":"Nuevo taller de Mu\u00e9vete sin Pl\u00e1sticos unir\u00e1 el reciclaje y la inteligencia artificial","datePublished":"2022-07-27T17:18:01+00:00","dateModified":"2022-08-30T22:31:50+00:00","mainEntityOfPage":{"@id":"https:\/\/dev.explora.cl\/ohiggins\/nuevo-taller-de-muevete-sin-plasticos-unira-el-reciclaje-y-la-inteligencia-artificial\/"},"wordCount":475,"commentCount":0,"image":{"@id":"https:\/\/dev.explora.cl\/ohiggins\/nuevo-taller-de-muevete-sin-plasticos-unira-el-reciclaje-y-la-inteligencia-artificial\/#primaryimage"},"thumbnailUrl":"https:\/\/dev.explora.cl\/ohiggins\/wp-content\/uploads\/sites\/8\/2022\/07\/teller-mu\u00e9vete-sin-pl\u00e1sticos-portada.jpg","articleSection":["Noticias"],"inLanguage":"es-CL","potentialAction":[{"@type":"CommentAction","name":"Comment","target":["https:\/\/dev.explora.cl\/ohiggins\/nuevo-taller-de-muevete-sin-plasticos-unira-el-reciclaje-y-la-inteligencia-artificial\/#respond"]}]},{"@type":"WebPage","@id":"https:\/\/dev.explora.cl\/ohiggins\/nuevo-taller-de-muevete-sin-plasticos-unira-el-reciclaje-y-la-inteligencia-artificial\/","url":"https:\/\/dev.explora.cl\/ohiggins\/nuevo-taller-de-muevete-sin-plasticos-unira-el-reciclaje-y-la-inteligencia-artificial\/","name":"Nuevo taller de Mu\u00e9vete sin Pl\u00e1sticos unir\u00e1 el reciclaje y la inteligencia artificial - O&#039;Higgins","isPartOf":{"@id":"https:\/\/dev.explora.cl\/ohiggins\/#website"},"primaryImageOfPage":{"@id":"https:\/\/dev.explora.cl\/ohiggins\/nuevo-taller-de-muevete-sin-plasticos-unira-el-reciclaje-y-la-inteligencia-artificial\/#primaryimage"},"image":{"@id":"https:\/\/dev.explora.cl\/ohiggins\/nuevo-taller-de-muevete-sin-plasticos-unira-el-reciclaje-y-la-inteligencia-artificial\/#primaryimage"},"thumbnailUrl":"https:\/\/dev.explora.cl\/ohiggins\/wp-content\/uploads\/sites\/8\/2022\/07\/teller-mu\u00e9vete-sin-pl\u00e1sticos-portada.jpg","datePublished":"2022-07-27T17:18:01+00:00","dateModified":"2022-08-30T22:31:50+00:00","author":{"@id":"https:\/\/dev.explora.cl\/ohiggins\/#\/schema\/person\/3240d62ad2624da9148a475abbc509b0"},"breadcrumb":{"@id":"https:\/\/dev.explora.cl\/ohiggins\/nuevo-taller-de-muevete-sin-plasticos-unira-el-reciclaje-y-la-inteligencia-artificial\/#breadcrumb"},"inLanguage":"es-CL","potentialAction":[{"@type":"ReadAction","target":["https:\/\/dev.explora.cl\/ohiggins\/nuevo-taller-de-muevete-sin-plasticos-unira-el-reciclaje-y-la-inteligencia-artificial\/"]}]},{"@type":"ImageObject","inLanguage":"es-CL","@id":"https:\/\/dev.explora.cl\/ohiggins\/nuevo-taller-de-muevete-sin-plasticos-unira-el-reciclaje-y-la-inteligencia-artificial\/#primaryimage","url":"https:\/\/dev.explora.cl\/ohiggins\/wp-content\/uploads\/sites\/8\/2022\/07\/teller-mu\u00e9vete-sin-pl\u00e1sticos-portada.jpg","contentUrl":"https:\/\/dev.explora.cl\/ohiggins\/wp-content\/uploads\/sites\/8\/2022\/07\/teller-mu\u00e9vete-sin-pl\u00e1sticos-portada.jpg","width":1080,"height":810},{"@type":"BreadcrumbList","@id":"https:\/\/dev.explora.cl\/ohiggins\/nuevo-taller-de-muevete-sin-plasticos-unira-el-reciclaje-y-la-inteligencia-artificial\/#breadcrumb","itemListElement":[{"@type":"ListItem","position":1,"name":"Portada","item":"https:\/\/dev.explora.cl\/ohiggins\/"},{"@type":"ListItem","position":2,"name":"Nuevo taller de Mu\u00e9vete sin Pl\u00e1sticos unir\u00e1 el reciclaje y la inteligencia artificial"}]},{"@type":"WebSite","@id":"https:\/\/dev.explora.cl\/ohiggins\/#website","url":"https:\/\/dev.explora.cl\/ohiggins\/","name":"O&#039;Higgins","description":"Otro sitio m\u00e1s de dev.explora.cl","potentialAction":[{"@type":"SearchAction","target":{"@type":"EntryPoint","urlTemplate":"https:\/\/dev.explora.cl\/ohiggins\/?s={search_term_string}"},"query-input":{"@type":"PropertyValueSpecification","valueRequired":true,"valueName":"search_term_string"}}],"inLanguage":"es-CL"},{"@type":"Person","@id":"https:\/\/dev.explora.cl\/ohiggins\/#\/schema\/person\/3240d62ad2624da9148a475abbc509b0","name":"nsalazar","image":{"@type":"ImageObject","inLanguage":"es-CL","@id":"https:\/\/dev.explora.cl\/ohiggins\/#\/schema\/person\/image\/","url":"https:\/\/secure.gravatar.com\/avatar\/b8cf276f31998a0865a3b90e4d663d91b97848887282c9f9a56cad57ff01cc7e?s=96&d=mm&r=g","contentUrl":"https:\/\/secure.gravatar.com\/avatar\/b8cf276f31998a0865a3b90e4d663d91b97848887282c9f9a56cad57ff01cc7e?s=96&d=mm&r=g","caption":"nsalazar"},"url":"https:\/\/dev.explora.cl\/ohiggins\/author\/nsalazar\/"}]}},"_links":{"self":[{"href":"https:\/\/dev.explora.cl\/ohiggins\/wp-json\/wp\/v2\/posts\/39206","targetHints":{"allow":["GET"]}}],"collection":[{"href":"https:\/\/dev.explora.cl\/ohiggins\/wp-json\/wp\/v2\/posts"}],"about":[{"href":"https:\/\/dev.explora.cl\/ohiggins\/wp-json\/wp\/v2\/types\/post"}],"author":[{"embeddable":true,"href":"https:\/\/dev.explora.cl\/ohiggins\/wp-json\/wp\/v2\/users\/23"}],"replies":[{"embeddable":true,"href":"https:\/\/dev.explora.cl\/ohiggins\/wp-json\/wp\/v2\/comments?post=39206"}],"version-history":[{"count":1,"href":"https:\/\/dev.explora.cl\/ohiggins\/wp-json\/wp\/v2\/posts\/39206\/revisions"}],"predecessor-version":[{"id":39208,"href":"https:\/\/dev.explora.cl\/ohiggins\/wp-json\/wp\/v2\/posts\/39206\/revisions\/39208"}],"wp:featuredmedia":[{"embeddable":true,"href":"https:\/\/dev.explora.cl\/ohiggins\/wp-json\/wp\/v2\/media\/39210"}],"wp:attachment":[{"href":"https:\/\/dev.explora.cl\/ohiggins\/wp-json\/wp\/v2\/media?parent=39206"}],"wp:term":[{"taxonomy":"category","embeddable":true,"href":"https:\/\/dev.explora.cl\/ohiggins\/wp-json\/wp\/v2\/categories?post=39206"},{"taxonomy":"post_tag","embeddable":true,"href":"https:\/\/dev.explora.cl\/ohiggins\/wp-json\/wp\/v2\/tags?post=39206"}],"curies":[{"name":"wp","href":"https:\/\/api.w.org\/{rel}","templated":true}]}}