{"id":39196,"date":"2022-07-12T13:18:32","date_gmt":"2022-07-12T17:18:32","guid":{"rendered":"https:\/\/dev.explora.cl\/ohiggins\/?p=39196"},"modified":"2022-08-23T14:11:52","modified_gmt":"2022-08-23T18:11:52","slug":"vacaciones-de-invierno-taller-de-plasticos-para-toda-la-familia-en-la-uoh","status":"publish","type":"post","link":"https:\/\/dev.explora.cl\/ohiggins\/vacaciones-de-invierno-taller-de-plasticos-para-toda-la-familia-en-la-uoh\/","title":{"rendered":"Vacaciones de invierno: Taller de Pl\u00e1sticos para toda la familia en la UOH (REAGENDADA PARA EL MI\u00c9RCOLES 20 DE JULIO)"},"content":{"rendered":"<p>Aprovechando las Vacaciones de Invierno 2022, la iniciativa Mu\u00e9vete sin Pl\u00e1sticos de PAR Explora O\u00b4Higgins, en una nueva alianza con la Direcci\u00f3n Regional del Servicio Nacional de la Mujer y la Equidad de G\u00e9nero (Sernameg), a trav\u00e9s de su programa 4\/7 y Jefas de Hogar, est\u00e1n organizando una cuarta versi\u00f3n del Taller de Pl\u00e1sticos en al Auditorio del Campus Rancagua de la Universidad de O\u00b4Higgins.<\/p>\n<p>La cita es para este jueves 14 de julio, de 10:00 a 12:00 horas, en el Auditorio del Campus Rancagua de la Universidad de O\u00b4Higgins. Par participar, pueden inscribirse en el siguiente link: <a href=\"https:\/\/airtable.com\/shrJOxgk2RdZlKnZz\">https:\/\/airtable.com\/shrJOxgk2RdZlKnZz<\/a>.<\/p>\n<p>El Taller de Pl\u00e1sticos tiene como objetivo entregar las herramientas a la comunidad para aportar a la reducci\u00f3n, reutilizaci\u00f3n y reciclaje de este material altamente contaminante. Este curso de la iniciativa Mu\u00e9vete sin Pl\u00e1sticos de Par Explora O\u00b4Higgins ya se ha realizado en Cachapoal (Rancagua), Colchagua (San Fernando) y Cardenal Caro (Pichilemu); los que se suman al Taller de Inteligencia Artificial que ha tenido dos clases de forma virtual.<\/p>\n<p>\u201cEl Taller de Pl\u00e1sticos busca abordar una problem\u00e1tica regional, nacional y mundial, que es el reciclaje de pl\u00e1stico relacionado con la econom\u00eda circular. Estamos entregando herramientas a la comunidad para identificar los tipos de pl\u00e1sticos y as\u00ed ayudar a su reutilizaci\u00f3n, reducci\u00f3n y reciclaje para darle un mejor uso. Por esto, y aprovechando las Vacaciones de Invierno, invitamos a toda la familia a participar de esta actividad, entretenida y muy enriquecedora para aportar a un futuro mejor\u201d, indic\u00f3 el director de PAR Explora O\u00b4Higgins y director del Instituto de Ciencias de la Ingenier\u00eda (ICI) de la UOH, Rodrigo Verschae.<\/p>\n<p>Los y las participantes podr\u00e1n participar en todas las acciones de Mu\u00e9vete sin Pl\u00e1sticos, siguiendo con el taller de implementaci\u00f3n de la App, el pr\u00f3ximo 2 de agosto, donde se pondr\u00e1n en pr\u00e1ctica los conocimientos adquiridos en los talleres de pl\u00e1stico e inteligencia artificial, para as\u00ed crear la aplicaci\u00f3n tecnol\u00f3gica (Mu\u00e9vete sin Pl\u00e1sticos) que aportar\u00e1 a la reducci\u00f3n, reutilizaci\u00f3n y reciclaje de este material. Posterior a ello, todos\/as los\/as inscritos\/as ser\u00e1n invitados a actividades en terreno, lanzamiento de la App y finalmente una limpieza masiva en territorios identificados como contaminados por pl\u00e1sticos.<\/p>\n<p>Las acciones son realizadas en conjunto con la recicladora Reclim, el ICI de la UOH, la \u00a0Seremi de Medio Ambiente O\u2019Higgins y la Municipalidad de Pichilemu, y el Departamento de Educaci\u00f3n Do\u00f1ihue.<\/p>\n","protected":false},"excerpt":{"rendered":"<p>Gracias a la masiva participaci\u00f3n que han tenido los talleres efectuados en las tres provincias, este jueves 14 de julio se realizar\u00e1 un nuevo curso dirigido a toda la familia.<\/p>\n","protected":false},"author":23,"featured_media":39197,"comment_status":"open","ping_status":"open","sticky":false,"template":"","format":"standard","meta":{"_acf_changed":false,"_exactmetrics_skip_tracking":false,"_exactmetrics_sitenote_active":false,"_exactmetrics_sitenote_note":"","_exactmetrics_sitenote_category":0,"footnotes":"","_links_to":"","_links_to_target":""},"categories":[4],"tags":[],"class_list":["post-39196","post","type-post","status-publish","format-standard","has-post-thumbnail","hentry","category-noticias"],"acf":[],"yoast_head":"<!-- This site is optimized with the Yoast SEO plugin v26.7 - https:\/\/yoast.com\/wordpress\/plugins\/seo\/ -->\n<title>Vacaciones de invierno: Taller de Pl\u00e1sticos para toda la familia en la UOH (REAGENDADA PARA EL MI\u00c9RCOLES 20 DE JULIO) - O&#039;Higgins<\/title>\n<meta name=\"robots\" content=\"index, follow, max-snippet:-1, max-image-preview:large, max-video-preview:-1\" \/>\n<link rel=\"canonical\" href=\"https:\/\/dev.explora.cl\/ohiggins\/vacaciones-de-invierno-taller-de-plasticos-para-toda-la-familia-en-la-uoh\/\" class=\"yoast-seo-meta-tag\" \/>\n<meta property=\"og:locale\" content=\"es_ES\" class=\"yoast-seo-meta-tag\" \/>\n<meta property=\"og:type\" content=\"article\" class=\"yoast-seo-meta-tag\" \/>\n<meta property=\"og:title\" content=\"Vacaciones de invierno: Taller de Pl\u00e1sticos para toda la familia en la UOH (REAGENDADA PARA EL MI\u00c9RCOLES 20 DE JULIO) - O&#039;Higgins\" class=\"yoast-seo-meta-tag\" \/>\n<meta property=\"og:description\" content=\"Gracias a la masiva participaci\u00f3n que han tenido los talleres efectuados en las tres provincias, este jueves 14 de julio se realizar\u00e1 un nuevo curso dirigido a toda la familia.\" class=\"yoast-seo-meta-tag\" \/>\n<meta property=\"og:url\" content=\"https:\/\/dev.explora.cl\/ohiggins\/vacaciones-de-invierno-taller-de-plasticos-para-toda-la-familia-en-la-uoh\/\" class=\"yoast-seo-meta-tag\" \/>\n<meta property=\"og:site_name\" content=\"O&#039;Higgins\" class=\"yoast-seo-meta-tag\" \/>\n<meta property=\"article:published_time\" content=\"2022-07-12T17:18:32+00:00\" class=\"yoast-seo-meta-tag\" \/>\n<meta property=\"article:modified_time\" content=\"2022-08-23T18:11:52+00:00\" class=\"yoast-seo-meta-tag\" \/>\n<meta property=\"og:image\" content=\"https:\/\/dev.explora.cl\/ohiggins\/wp-content\/uploads\/sites\/8\/2022\/07\/WhatsApp-Image-2022-05-20-at-10.30.16-AM.jpeg\" class=\"yoast-seo-meta-tag\" \/>\n\t<meta property=\"og:image:width\" content=\"1600\" class=\"yoast-seo-meta-tag\" \/>\n\t<meta property=\"og:image:height\" content=\"1066\" class=\"yoast-seo-meta-tag\" \/>\n\t<meta property=\"og:image:type\" content=\"image\/jpeg\" class=\"yoast-seo-meta-tag\" \/>\n<meta name=\"author\" content=\"nsalazar\" class=\"yoast-seo-meta-tag\" \/>\n<meta name=\"twitter:card\" content=\"summary_large_image\" class=\"yoast-seo-meta-tag\" \/>\n<meta name=\"twitter:label1\" content=\"Escrito por\" class=\"yoast-seo-meta-tag\" \/>\n\t<meta name=\"twitter:data1\" content=\"nsalazar\" class=\"yoast-seo-meta-tag\" \/>\n\t<meta name=\"twitter:label2\" content=\"Tiempo estimado de lectura\" class=\"yoast-seo-meta-tag\" \/>\n\t<meta name=\"twitter:data2\" content=\"2 minutos\" class=\"yoast-seo-meta-tag\" \/>\n<script type=\"application\/ld+json\" class=\"yoast-schema-graph\">{\"@context\":\"https:\/\/schema.org\",\"@graph\":[{\"@type\":\"Article\",\"@id\":\"https:\/\/dev.explora.cl\/ohiggins\/vacaciones-de-invierno-taller-de-plasticos-para-toda-la-familia-en-la-uoh\/#article\",\"isPartOf\":{\"@id\":\"https:\/\/dev.explora.cl\/ohiggins\/vacaciones-de-invierno-taller-de-plasticos-para-toda-la-familia-en-la-uoh\/\"},\"author\":{\"name\":\"nsalazar\",\"@id\":\"https:\/\/dev.explora.cl\/ohiggins\/#\/schema\/person\/3240d62ad2624da9148a475abbc509b0\"},\"headline\":\"Vacaciones de invierno: Taller de Pl\u00e1sticos para toda la familia en la UOH (REAGENDADA PARA EL MI\u00c9RCOLES 20 DE JULIO)\",\"datePublished\":\"2022-07-12T17:18:32+00:00\",\"dateModified\":\"2022-08-23T18:11:52+00:00\",\"mainEntityOfPage\":{\"@id\":\"https:\/\/dev.explora.cl\/ohiggins\/vacaciones-de-invierno-taller-de-plasticos-para-toda-la-familia-en-la-uoh\/\"},\"wordCount\":458,\"commentCount\":0,\"image\":{\"@id\":\"https:\/\/dev.explora.cl\/ohiggins\/vacaciones-de-invierno-taller-de-plasticos-para-toda-la-familia-en-la-uoh\/#primaryimage\"},\"thumbnailUrl\":\"https:\/\/dev.explora.cl\/ohiggins\/wp-content\/uploads\/sites\/8\/2022\/07\/WhatsApp-Image-2022-05-20-at-10.30.16-AM.jpeg\",\"articleSection\":[\"Noticias\"],\"inLanguage\":\"es-CL\",\"potentialAction\":[{\"@type\":\"CommentAction\",\"name\":\"Comment\",\"target\":[\"https:\/\/dev.explora.cl\/ohiggins\/vacaciones-de-invierno-taller-de-plasticos-para-toda-la-familia-en-la-uoh\/#respond\"]}]},{\"@type\":\"WebPage\",\"@id\":\"https:\/\/dev.explora.cl\/ohiggins\/vacaciones-de-invierno-taller-de-plasticos-para-toda-la-familia-en-la-uoh\/\",\"url\":\"https:\/\/dev.explora.cl\/ohiggins\/vacaciones-de-invierno-taller-de-plasticos-para-toda-la-familia-en-la-uoh\/\",\"name\":\"Vacaciones de invierno: Taller de Pl\u00e1sticos para toda la familia en la UOH (REAGENDADA PARA EL MI\u00c9RCOLES 20 DE JULIO) - O&#039;Higgins\",\"isPartOf\":{\"@id\":\"https:\/\/dev.explora.cl\/ohiggins\/#website\"},\"primaryImageOfPage\":{\"@id\":\"https:\/\/dev.explora.cl\/ohiggins\/vacaciones-de-invierno-taller-de-plasticos-para-toda-la-familia-en-la-uoh\/#primaryimage\"},\"image\":{\"@id\":\"https:\/\/dev.explora.cl\/ohiggins\/vacaciones-de-invierno-taller-de-plasticos-para-toda-la-familia-en-la-uoh\/#primaryimage\"},\"thumbnailUrl\":\"https:\/\/dev.explora.cl\/ohiggins\/wp-content\/uploads\/sites\/8\/2022\/07\/WhatsApp-Image-2022-05-20-at-10.30.16-AM.jpeg\",\"datePublished\":\"2022-07-12T17:18:32+00:00\",\"dateModified\":\"2022-08-23T18:11:52+00:00\",\"author\":{\"@id\":\"https:\/\/dev.explora.cl\/ohiggins\/#\/schema\/person\/3240d62ad2624da9148a475abbc509b0\"},\"breadcrumb\":{\"@id\":\"https:\/\/dev.explora.cl\/ohiggins\/vacaciones-de-invierno-taller-de-plasticos-para-toda-la-familia-en-la-uoh\/#breadcrumb\"},\"inLanguage\":\"es-CL\",\"potentialAction\":[{\"@type\":\"ReadAction\",\"target\":[\"https:\/\/dev.explora.cl\/ohiggins\/vacaciones-de-invierno-taller-de-plasticos-para-toda-la-familia-en-la-uoh\/\"]}]},{\"@type\":\"ImageObject\",\"inLanguage\":\"es-CL\",\"@id\":\"https:\/\/dev.explora.cl\/ohiggins\/vacaciones-de-invierno-taller-de-plasticos-para-toda-la-familia-en-la-uoh\/#primaryimage\",\"url\":\"https:\/\/dev.explora.cl\/ohiggins\/wp-content\/uploads\/sites\/8\/2022\/07\/WhatsApp-Image-2022-05-20-at-10.30.16-AM.jpeg\",\"contentUrl\":\"https:\/\/dev.explora.cl\/ohiggins\/wp-content\/uploads\/sites\/8\/2022\/07\/WhatsApp-Image-2022-05-20-at-10.30.16-AM.jpeg\",\"width\":1600,\"height\":1066},{\"@type\":\"BreadcrumbList\",\"@id\":\"https:\/\/dev.explora.cl\/ohiggins\/vacaciones-de-invierno-taller-de-plasticos-para-toda-la-familia-en-la-uoh\/#breadcrumb\",\"itemListElement\":[{\"@type\":\"ListItem\",\"position\":1,\"name\":\"Portada\",\"item\":\"https:\/\/dev.explora.cl\/ohiggins\/\"},{\"@type\":\"ListItem\",\"position\":2,\"name\":\"Vacaciones de invierno: Taller de Pl\u00e1sticos para toda la familia en la UOH (REAGENDADA PARA EL MI\u00c9RCOLES 20 DE JULIO)\"}]},{\"@type\":\"WebSite\",\"@id\":\"https:\/\/dev.explora.cl\/ohiggins\/#website\",\"url\":\"https:\/\/dev.explora.cl\/ohiggins\/\",\"name\":\"O&#039;Higgins\",\"description\":\"Otro sitio m\u00e1s de dev.explora.cl\",\"potentialAction\":[{\"@type\":\"SearchAction\",\"target\":{\"@type\":\"EntryPoint\",\"urlTemplate\":\"https:\/\/dev.explora.cl\/ohiggins\/?s={search_term_string}\"},\"query-input\":{\"@type\":\"PropertyValueSpecification\",\"valueRequired\":true,\"valueName\":\"search_term_string\"}}],\"inLanguage\":\"es-CL\"},{\"@type\":\"Person\",\"@id\":\"https:\/\/dev.explora.cl\/ohiggins\/#\/schema\/person\/3240d62ad2624da9148a475abbc509b0\",\"name\":\"nsalazar\",\"image\":{\"@type\":\"ImageObject\",\"inLanguage\":\"es-CL\",\"@id\":\"https:\/\/dev.explora.cl\/ohiggins\/#\/schema\/person\/image\/\",\"url\":\"https:\/\/secure.gravatar.com\/avatar\/b8cf276f31998a0865a3b90e4d663d91b97848887282c9f9a56cad57ff01cc7e?s=96&d=mm&r=g\",\"contentUrl\":\"https:\/\/secure.gravatar.com\/avatar\/b8cf276f31998a0865a3b90e4d663d91b97848887282c9f9a56cad57ff01cc7e?s=96&d=mm&r=g\",\"caption\":\"nsalazar\"},\"url\":\"https:\/\/dev.explora.cl\/ohiggins\/author\/nsalazar\/\"}]}<\/script>\n<!-- \/ Yoast SEO plugin. -->","yoast_head_json":{"title":"Vacaciones de invierno: Taller de Pl\u00e1sticos para toda la familia en la UOH (REAGENDADA PARA EL MI\u00c9RCOLES 20 DE JULIO) - O&#039;Higgins","robots":{"index":"index","follow":"follow","max-snippet":"max-snippet:-1","max-image-preview":"max-image-preview:large","max-video-preview":"max-video-preview:-1"},"canonical":"https:\/\/dev.explora.cl\/ohiggins\/vacaciones-de-invierno-taller-de-plasticos-para-toda-la-familia-en-la-uoh\/","og_locale":"es_ES","og_type":"article","og_title":"Vacaciones de invierno: Taller de Pl\u00e1sticos para toda la familia en la UOH (REAGENDADA PARA EL MI\u00c9RCOLES 20 DE JULIO) - O&#039;Higgins","og_description":"Gracias a la masiva participaci\u00f3n que han tenido los talleres efectuados en las tres provincias, este jueves 14 de julio se realizar\u00e1 un nuevo curso dirigido a toda la familia.","og_url":"https:\/\/dev.explora.cl\/ohiggins\/vacaciones-de-invierno-taller-de-plasticos-para-toda-la-familia-en-la-uoh\/","og_site_name":"O&#039;Higgins","article_published_time":"2022-07-12T17:18:32+00:00","article_modified_time":"2022-08-23T18:11:52+00:00","og_image":[{"width":1600,"height":1066,"url":"https:\/\/dev.explora.cl\/ohiggins\/wp-content\/uploads\/sites\/8\/2022\/07\/WhatsApp-Image-2022-05-20-at-10.30.16-AM.jpeg","type":"image\/jpeg"}],"author":"nsalazar","twitter_card":"summary_large_image","twitter_misc":{"Escrito por":"nsalazar","Tiempo estimado de lectura":"2 minutos"},"schema":{"@context":"https:\/\/schema.org","@graph":[{"@type":"Article","@id":"https:\/\/dev.explora.cl\/ohiggins\/vacaciones-de-invierno-taller-de-plasticos-para-toda-la-familia-en-la-uoh\/#article","isPartOf":{"@id":"https:\/\/dev.explora.cl\/ohiggins\/vacaciones-de-invierno-taller-de-plasticos-para-toda-la-familia-en-la-uoh\/"},"author":{"name":"nsalazar","@id":"https:\/\/dev.explora.cl\/ohiggins\/#\/schema\/person\/3240d62ad2624da9148a475abbc509b0"},"headline":"Vacaciones de invierno: Taller de Pl\u00e1sticos para toda la familia en la UOH (REAGENDADA PARA EL MI\u00c9RCOLES 20 DE JULIO)","datePublished":"2022-07-12T17:18:32+00:00","dateModified":"2022-08-23T18:11:52+00:00","mainEntityOfPage":{"@id":"https:\/\/dev.explora.cl\/ohiggins\/vacaciones-de-invierno-taller-de-plasticos-para-toda-la-familia-en-la-uoh\/"},"wordCount":458,"commentCount":0,"image":{"@id":"https:\/\/dev.explora.cl\/ohiggins\/vacaciones-de-invierno-taller-de-plasticos-para-toda-la-familia-en-la-uoh\/#primaryimage"},"thumbnailUrl":"https:\/\/dev.explora.cl\/ohiggins\/wp-content\/uploads\/sites\/8\/2022\/07\/WhatsApp-Image-2022-05-20-at-10.30.16-AM.jpeg","articleSection":["Noticias"],"inLanguage":"es-CL","potentialAction":[{"@type":"CommentAction","name":"Comment","target":["https:\/\/dev.explora.cl\/ohiggins\/vacaciones-de-invierno-taller-de-plasticos-para-toda-la-familia-en-la-uoh\/#respond"]}]},{"@type":"WebPage","@id":"https:\/\/dev.explora.cl\/ohiggins\/vacaciones-de-invierno-taller-de-plasticos-para-toda-la-familia-en-la-uoh\/","url":"https:\/\/dev.explora.cl\/ohiggins\/vacaciones-de-invierno-taller-de-plasticos-para-toda-la-familia-en-la-uoh\/","name":"Vacaciones de invierno: Taller de Pl\u00e1sticos para toda la familia en la UOH (REAGENDADA PARA EL MI\u00c9RCOLES 20 DE JULIO) - O&#039;Higgins","isPartOf":{"@id":"https:\/\/dev.explora.cl\/ohiggins\/#website"},"primaryImageOfPage":{"@id":"https:\/\/dev.explora.cl\/ohiggins\/vacaciones-de-invierno-taller-de-plasticos-para-toda-la-familia-en-la-uoh\/#primaryimage"},"image":{"@id":"https:\/\/dev.explora.cl\/ohiggins\/vacaciones-de-invierno-taller-de-plasticos-para-toda-la-familia-en-la-uoh\/#primaryimage"},"thumbnailUrl":"https:\/\/dev.explora.cl\/ohiggins\/wp-content\/uploads\/sites\/8\/2022\/07\/WhatsApp-Image-2022-05-20-at-10.30.16-AM.jpeg","datePublished":"2022-07-12T17:18:32+00:00","dateModified":"2022-08-23T18:11:52+00:00","author":{"@id":"https:\/\/dev.explora.cl\/ohiggins\/#\/schema\/person\/3240d62ad2624da9148a475abbc509b0"},"breadcrumb":{"@id":"https:\/\/dev.explora.cl\/ohiggins\/vacaciones-de-invierno-taller-de-plasticos-para-toda-la-familia-en-la-uoh\/#breadcrumb"},"inLanguage":"es-CL","potentialAction":[{"@type":"ReadAction","target":["https:\/\/dev.explora.cl\/ohiggins\/vacaciones-de-invierno-taller-de-plasticos-para-toda-la-familia-en-la-uoh\/"]}]},{"@type":"ImageObject","inLanguage":"es-CL","@id":"https:\/\/dev.explora.cl\/ohiggins\/vacaciones-de-invierno-taller-de-plasticos-para-toda-la-familia-en-la-uoh\/#primaryimage","url":"https:\/\/dev.explora.cl\/ohiggins\/wp-content\/uploads\/sites\/8\/2022\/07\/WhatsApp-Image-2022-05-20-at-10.30.16-AM.jpeg","contentUrl":"https:\/\/dev.explora.cl\/ohiggins\/wp-content\/uploads\/sites\/8\/2022\/07\/WhatsApp-Image-2022-05-20-at-10.30.16-AM.jpeg","width":1600,"height":1066},{"@type":"BreadcrumbList","@id":"https:\/\/dev.explora.cl\/ohiggins\/vacaciones-de-invierno-taller-de-plasticos-para-toda-la-familia-en-la-uoh\/#breadcrumb","itemListElement":[{"@type":"ListItem","position":1,"name":"Portada","item":"https:\/\/dev.explora.cl\/ohiggins\/"},{"@type":"ListItem","position":2,"name":"Vacaciones de invierno: Taller de Pl\u00e1sticos para toda la familia en la UOH (REAGENDADA PARA EL MI\u00c9RCOLES 20 DE JULIO)"}]},{"@type":"WebSite","@id":"https:\/\/dev.explora.cl\/ohiggins\/#website","url":"https:\/\/dev.explora.cl\/ohiggins\/","name":"O&#039;Higgins","description":"Otro sitio m\u00e1s de dev.explora.cl","potentialAction":[{"@type":"SearchAction","target":{"@type":"EntryPoint","urlTemplate":"https:\/\/dev.explora.cl\/ohiggins\/?s={search_term_string}"},"query-input":{"@type":"PropertyValueSpecification","valueRequired":true,"valueName":"search_term_string"}}],"inLanguage":"es-CL"},{"@type":"Person","@id":"https:\/\/dev.explora.cl\/ohiggins\/#\/schema\/person\/3240d62ad2624da9148a475abbc509b0","name":"nsalazar","image":{"@type":"ImageObject","inLanguage":"es-CL","@id":"https:\/\/dev.explora.cl\/ohiggins\/#\/schema\/person\/image\/","url":"https:\/\/secure.gravatar.com\/avatar\/b8cf276f31998a0865a3b90e4d663d91b97848887282c9f9a56cad57ff01cc7e?s=96&d=mm&r=g","contentUrl":"https:\/\/secure.gravatar.com\/avatar\/b8cf276f31998a0865a3b90e4d663d91b97848887282c9f9a56cad57ff01cc7e?s=96&d=mm&r=g","caption":"nsalazar"},"url":"https:\/\/dev.explora.cl\/ohiggins\/author\/nsalazar\/"}]}},"_links":{"self":[{"href":"https:\/\/dev.explora.cl\/ohiggins\/wp-json\/wp\/v2\/posts\/39196","targetHints":{"allow":["GET"]}}],"collection":[{"href":"https:\/\/dev.explora.cl\/ohiggins\/wp-json\/wp\/v2\/posts"}],"about":[{"href":"https:\/\/dev.explora.cl\/ohiggins\/wp-json\/wp\/v2\/types\/post"}],"author":[{"embeddable":true,"href":"https:\/\/dev.explora.cl\/ohiggins\/wp-json\/wp\/v2\/users\/23"}],"replies":[{"embeddable":true,"href":"https:\/\/dev.explora.cl\/ohiggins\/wp-json\/wp\/v2\/comments?post=39196"}],"version-history":[{"count":2,"href":"https:\/\/dev.explora.cl\/ohiggins\/wp-json\/wp\/v2\/posts\/39196\/revisions"}],"predecessor-version":[{"id":39200,"href":"https:\/\/dev.explora.cl\/ohiggins\/wp-json\/wp\/v2\/posts\/39196\/revisions\/39200"}],"wp:featuredmedia":[{"embeddable":true,"href":"https:\/\/dev.explora.cl\/ohiggins\/wp-json\/wp\/v2\/media\/39197"}],"wp:attachment":[{"href":"https:\/\/dev.explora.cl\/ohiggins\/wp-json\/wp\/v2\/media?parent=39196"}],"wp:term":[{"taxonomy":"category","embeddable":true,"href":"https:\/\/dev.explora.cl\/ohiggins\/wp-json\/wp\/v2\/categories?post=39196"},{"taxonomy":"post_tag","embeddable":true,"href":"https:\/\/dev.explora.cl\/ohiggins\/wp-json\/wp\/v2\/tags?post=39196"}],"curies":[{"name":"wp","href":"https:\/\/api.w.org\/{rel}","templated":true}]}}