{"id":39189,"date":"2022-07-06T12:25:56","date_gmt":"2022-07-06T16:25:56","guid":{"rendered":"https:\/\/dev.explora.cl\/ohiggins\/?p=39189"},"modified":"2022-08-09T14:59:55","modified_gmt":"2022-08-09T18:59:55","slug":"vacaciones-de-invierno-taller-de-robotica-presencial-en-la-uoh","status":"publish","type":"post","link":"https:\/\/dev.explora.cl\/ohiggins\/vacaciones-de-invierno-taller-de-robotica-presencial-en-la-uoh\/","title":{"rendered":"Vacaciones de Invierno: Taller de Rob\u00f3tica presencial en la UOH"},"content":{"rendered":"<p>Aprender a programar un robot a trav\u00e9s del sistema arduino, combinando diversas disciplinas como la mec\u00e1nica, la electr\u00f3nica, la inform\u00e1tica y las matem\u00e1ticas, es el objetivo del Taller de Rob\u00f3tica Educativa que organiza el Instituto de Ciencias de la Ingenier\u00eda de la Universidad de O\u00b4Higgins, en conjunto junto con la Fundaci\u00f3n Mustakis y PAR Explora O\u00b4Higgins.<\/p>\n<p>\u201cEstamos muy contentos de que la Fundaci\u00f3n Mustakis haya sumado a Rancagua, a trav\u00e9s de la UOH, como sede del Programa de Ciencia y Tecnolog\u00eda. Este Taller de Rob\u00f3tica est\u00e1 pensado en estudiantes de 7\u00b0 b\u00e1sico a 3\u00b0 medio, y en \u00e9l podr\u00e1n aprender a programar un robot aplicando diversas disciplinas. Invitamos a todos los ni\u00f1os, ni\u00f1as y j\u00f3venes a participar de esta actividad presencia, aprovechando las Vacaciones de Invierno\u201d, se\u00f1al\u00f3 el director del Instituto de Ciencias de la Ingenier\u00eda de la UOH y director de PAR Explora O\u00b4Higgins, Rodrigo Verschae.<\/p>\n<p>Por su parte, el coordinador de Rob\u00f3tica del Programa de Ciencia y Tecnolog\u00eda de la Fundaci\u00f3n Mustakis, Carlos Douglas, indic\u00f3 que \u201cesperamos que las ni\u00f1as, ni\u00f1os y j\u00f3venes que participen de este campamento de invierno 2022 descubran la importancia de la rob\u00f3tica como una ciencia que combina diversas disciplinas tales como la mec\u00e1nica, electr\u00f3nica, inform\u00e1tica y matem\u00e1tica, pero de manera aplicada mediante el uso de un robot en cada una de las sesiones, donde cada uno de los equipos de trabajo tendr\u00e1 que resolver diferentes desaf\u00edos de programaci\u00f3n\u201d.<\/p>\n<p>Adem\u00e1s, el coordinador de Rob\u00f3tica agreg\u00f3 que toda esta ense\u00f1anza estar\u00e1 acompa\u00f1ada \u201cdel sello del Programa de Ciencia y Tecnolog\u00eda de Fundaci\u00f3n Mustakis, donde buscamos que cada uno de los participantes descubra su enorme potencial e incorpore expl\u00edcitamente competencias del siglo XXI, como la empat\u00eda, comunicaci\u00f3n, colaboraci\u00f3n, pensamiento cr\u00edtico y resoluci\u00f3n creativa de problemas\u201d.<\/p>\n<p>El Taller de Rob\u00f3tica Educativa se realizar\u00e1 de forma presencial en la Universidad de O\u00b4Higgins los d\u00edas lunes 11, mi\u00e9rcoles 13, jueves 14 y viernes 15 en dos bloques, de 10:00 a 13:00 horas y de 14:00 a 17:00 horas (el d\u00eda jueves 14 solo en la ma\u00f1ana). El plazo de postulaci\u00f3n finaliza el viernes 8 de julio y pueden realizarlo en el siguiente enlace: <a href=\"http:\/\/postulaciones.fgmm.cl\/robotica\">http:\/\/postulaciones.fgmm.cl\/robotica<\/a>.<\/p>\n","protected":false},"excerpt":{"rendered":"<p>El curso gratuito (del lunes 11 al viernes 15 de julio) consta de siete sesiones, en las que las ni\u00f1as, ni\u00f1os y j\u00f3venes conocer\u00e1n m\u00e1s de mec\u00e1nica, electr\u00f3nica, inform\u00e1tica y matem\u00e1tica, de manera aplicada. El plazo de inscripci\u00f3n vence el viernes 8 de julio.<\/p>\n","protected":false},"author":23,"featured_media":39190,"comment_status":"open","ping_status":"open","sticky":false,"template":"","format":"standard","meta":{"_acf_changed":false,"_exactmetrics_skip_tracking":false,"_exactmetrics_sitenote_active":false,"_exactmetrics_sitenote_note":"","_exactmetrics_sitenote_category":0,"footnotes":"","_links_to":"","_links_to_target":""},"categories":[4],"tags":[],"class_list":["post-39189","post","type-post","status-publish","format-standard","has-post-thumbnail","hentry","category-noticias"],"acf":[],"yoast_head":"<!-- This site is optimized with the Yoast SEO plugin v26.7 - https:\/\/yoast.com\/wordpress\/plugins\/seo\/ -->\n<title>Vacaciones de Invierno: Taller de Rob\u00f3tica presencial en la UOH - O&#039;Higgins<\/title>\n<meta name=\"robots\" content=\"index, follow, max-snippet:-1, max-image-preview:large, max-video-preview:-1\" \/>\n<link rel=\"canonical\" href=\"https:\/\/dev.explora.cl\/ohiggins\/vacaciones-de-invierno-taller-de-robotica-presencial-en-la-uoh\/\" class=\"yoast-seo-meta-tag\" \/>\n<meta property=\"og:locale\" content=\"es_ES\" class=\"yoast-seo-meta-tag\" \/>\n<meta property=\"og:type\" content=\"article\" class=\"yoast-seo-meta-tag\" \/>\n<meta property=\"og:title\" content=\"Vacaciones de Invierno: Taller de Rob\u00f3tica presencial en la UOH - O&#039;Higgins\" class=\"yoast-seo-meta-tag\" \/>\n<meta property=\"og:description\" content=\"El curso gratuito (del lunes 11 al viernes 15 de julio) consta de siete sesiones, en las que las ni\u00f1as, ni\u00f1os y j\u00f3venes conocer\u00e1n m\u00e1s de mec\u00e1nica, electr\u00f3nica, inform\u00e1tica y matem\u00e1tica, de manera aplicada. El plazo de inscripci\u00f3n vence el viernes 8 de julio.\" class=\"yoast-seo-meta-tag\" \/>\n<meta property=\"og:url\" content=\"https:\/\/dev.explora.cl\/ohiggins\/vacaciones-de-invierno-taller-de-robotica-presencial-en-la-uoh\/\" class=\"yoast-seo-meta-tag\" \/>\n<meta property=\"og:site_name\" content=\"O&#039;Higgins\" class=\"yoast-seo-meta-tag\" \/>\n<meta property=\"article:published_time\" content=\"2022-07-06T16:25:56+00:00\" class=\"yoast-seo-meta-tag\" \/>\n<meta property=\"article:modified_time\" content=\"2022-08-09T18:59:55+00:00\" class=\"yoast-seo-meta-tag\" \/>\n<meta property=\"og:image\" content=\"https:\/\/dev.explora.cl\/ohiggins\/wp-content\/uploads\/sites\/8\/2022\/07\/0122_RoboticaEducativaBasico_CP__Majo-200-de-259-1024x683.jpg\" class=\"yoast-seo-meta-tag\" \/>\n\t<meta property=\"og:image:width\" content=\"1024\" class=\"yoast-seo-meta-tag\" \/>\n\t<meta property=\"og:image:height\" content=\"683\" class=\"yoast-seo-meta-tag\" \/>\n\t<meta property=\"og:image:type\" content=\"image\/jpeg\" class=\"yoast-seo-meta-tag\" \/>\n<meta name=\"author\" content=\"nsalazar\" class=\"yoast-seo-meta-tag\" \/>\n<meta name=\"twitter:card\" content=\"summary_large_image\" class=\"yoast-seo-meta-tag\" \/>\n<meta name=\"twitter:label1\" content=\"Escrito por\" class=\"yoast-seo-meta-tag\" \/>\n\t<meta name=\"twitter:data1\" content=\"nsalazar\" class=\"yoast-seo-meta-tag\" \/>\n\t<meta name=\"twitter:label2\" content=\"Tiempo estimado de lectura\" class=\"yoast-seo-meta-tag\" \/>\n\t<meta name=\"twitter:data2\" content=\"2 minutos\" class=\"yoast-seo-meta-tag\" \/>\n<script type=\"application\/ld+json\" class=\"yoast-schema-graph\">{\"@context\":\"https:\/\/schema.org\",\"@graph\":[{\"@type\":\"Article\",\"@id\":\"https:\/\/dev.explora.cl\/ohiggins\/vacaciones-de-invierno-taller-de-robotica-presencial-en-la-uoh\/#article\",\"isPartOf\":{\"@id\":\"https:\/\/dev.explora.cl\/ohiggins\/vacaciones-de-invierno-taller-de-robotica-presencial-en-la-uoh\/\"},\"author\":{\"name\":\"nsalazar\",\"@id\":\"https:\/\/dev.explora.cl\/ohiggins\/#\/schema\/person\/3240d62ad2624da9148a475abbc509b0\"},\"headline\":\"Vacaciones de Invierno: Taller de Rob\u00f3tica presencial en la UOH\",\"datePublished\":\"2022-07-06T16:25:56+00:00\",\"dateModified\":\"2022-08-09T18:59:55+00:00\",\"mainEntityOfPage\":{\"@id\":\"https:\/\/dev.explora.cl\/ohiggins\/vacaciones-de-invierno-taller-de-robotica-presencial-en-la-uoh\/\"},\"wordCount\":411,\"commentCount\":0,\"image\":{\"@id\":\"https:\/\/dev.explora.cl\/ohiggins\/vacaciones-de-invierno-taller-de-robotica-presencial-en-la-uoh\/#primaryimage\"},\"thumbnailUrl\":\"https:\/\/dev.explora.cl\/ohiggins\/wp-content\/uploads\/sites\/8\/2022\/07\/0122_RoboticaEducativaBasico_CP__Majo-200-de-259.jpg\",\"articleSection\":[\"Noticias\"],\"inLanguage\":\"es-CL\",\"potentialAction\":[{\"@type\":\"CommentAction\",\"name\":\"Comment\",\"target\":[\"https:\/\/dev.explora.cl\/ohiggins\/vacaciones-de-invierno-taller-de-robotica-presencial-en-la-uoh\/#respond\"]}]},{\"@type\":\"WebPage\",\"@id\":\"https:\/\/dev.explora.cl\/ohiggins\/vacaciones-de-invierno-taller-de-robotica-presencial-en-la-uoh\/\",\"url\":\"https:\/\/dev.explora.cl\/ohiggins\/vacaciones-de-invierno-taller-de-robotica-presencial-en-la-uoh\/\",\"name\":\"Vacaciones de Invierno: Taller de Rob\u00f3tica presencial en la UOH - O&#039;Higgins\",\"isPartOf\":{\"@id\":\"https:\/\/dev.explora.cl\/ohiggins\/#website\"},\"primaryImageOfPage\":{\"@id\":\"https:\/\/dev.explora.cl\/ohiggins\/vacaciones-de-invierno-taller-de-robotica-presencial-en-la-uoh\/#primaryimage\"},\"image\":{\"@id\":\"https:\/\/dev.explora.cl\/ohiggins\/vacaciones-de-invierno-taller-de-robotica-presencial-en-la-uoh\/#primaryimage\"},\"thumbnailUrl\":\"https:\/\/dev.explora.cl\/ohiggins\/wp-content\/uploads\/sites\/8\/2022\/07\/0122_RoboticaEducativaBasico_CP__Majo-200-de-259.jpg\",\"datePublished\":\"2022-07-06T16:25:56+00:00\",\"dateModified\":\"2022-08-09T18:59:55+00:00\",\"author\":{\"@id\":\"https:\/\/dev.explora.cl\/ohiggins\/#\/schema\/person\/3240d62ad2624da9148a475abbc509b0\"},\"breadcrumb\":{\"@id\":\"https:\/\/dev.explora.cl\/ohiggins\/vacaciones-de-invierno-taller-de-robotica-presencial-en-la-uoh\/#breadcrumb\"},\"inLanguage\":\"es-CL\",\"potentialAction\":[{\"@type\":\"ReadAction\",\"target\":[\"https:\/\/dev.explora.cl\/ohiggins\/vacaciones-de-invierno-taller-de-robotica-presencial-en-la-uoh\/\"]}]},{\"@type\":\"ImageObject\",\"inLanguage\":\"es-CL\",\"@id\":\"https:\/\/dev.explora.cl\/ohiggins\/vacaciones-de-invierno-taller-de-robotica-presencial-en-la-uoh\/#primaryimage\",\"url\":\"https:\/\/dev.explora.cl\/ohiggins\/wp-content\/uploads\/sites\/8\/2022\/07\/0122_RoboticaEducativaBasico_CP__Majo-200-de-259.jpg\",\"contentUrl\":\"https:\/\/dev.explora.cl\/ohiggins\/wp-content\/uploads\/sites\/8\/2022\/07\/0122_RoboticaEducativaBasico_CP__Majo-200-de-259.jpg\",\"width\":5040,\"height\":3360},{\"@type\":\"BreadcrumbList\",\"@id\":\"https:\/\/dev.explora.cl\/ohiggins\/vacaciones-de-invierno-taller-de-robotica-presencial-en-la-uoh\/#breadcrumb\",\"itemListElement\":[{\"@type\":\"ListItem\",\"position\":1,\"name\":\"Portada\",\"item\":\"https:\/\/dev.explora.cl\/ohiggins\/\"},{\"@type\":\"ListItem\",\"position\":2,\"name\":\"Vacaciones de Invierno: Taller de Rob\u00f3tica presencial en la UOH\"}]},{\"@type\":\"WebSite\",\"@id\":\"https:\/\/dev.explora.cl\/ohiggins\/#website\",\"url\":\"https:\/\/dev.explora.cl\/ohiggins\/\",\"name\":\"O&#039;Higgins\",\"description\":\"Otro sitio m\u00e1s de dev.explora.cl\",\"potentialAction\":[{\"@type\":\"SearchAction\",\"target\":{\"@type\":\"EntryPoint\",\"urlTemplate\":\"https:\/\/dev.explora.cl\/ohiggins\/?s={search_term_string}\"},\"query-input\":{\"@type\":\"PropertyValueSpecification\",\"valueRequired\":true,\"valueName\":\"search_term_string\"}}],\"inLanguage\":\"es-CL\"},{\"@type\":\"Person\",\"@id\":\"https:\/\/dev.explora.cl\/ohiggins\/#\/schema\/person\/3240d62ad2624da9148a475abbc509b0\",\"name\":\"nsalazar\",\"image\":{\"@type\":\"ImageObject\",\"inLanguage\":\"es-CL\",\"@id\":\"https:\/\/dev.explora.cl\/ohiggins\/#\/schema\/person\/image\/\",\"url\":\"https:\/\/secure.gravatar.com\/avatar\/b8cf276f31998a0865a3b90e4d663d91b97848887282c9f9a56cad57ff01cc7e?s=96&d=mm&r=g\",\"contentUrl\":\"https:\/\/secure.gravatar.com\/avatar\/b8cf276f31998a0865a3b90e4d663d91b97848887282c9f9a56cad57ff01cc7e?s=96&d=mm&r=g\",\"caption\":\"nsalazar\"},\"url\":\"https:\/\/dev.explora.cl\/ohiggins\/author\/nsalazar\/\"}]}<\/script>\n<!-- \/ Yoast SEO plugin. -->","yoast_head_json":{"title":"Vacaciones de Invierno: Taller de Rob\u00f3tica presencial en la UOH - O&#039;Higgins","robots":{"index":"index","follow":"follow","max-snippet":"max-snippet:-1","max-image-preview":"max-image-preview:large","max-video-preview":"max-video-preview:-1"},"canonical":"https:\/\/dev.explora.cl\/ohiggins\/vacaciones-de-invierno-taller-de-robotica-presencial-en-la-uoh\/","og_locale":"es_ES","og_type":"article","og_title":"Vacaciones de Invierno: Taller de Rob\u00f3tica presencial en la UOH - O&#039;Higgins","og_description":"El curso gratuito (del lunes 11 al viernes 15 de julio) consta de siete sesiones, en las que las ni\u00f1as, ni\u00f1os y j\u00f3venes conocer\u00e1n m\u00e1s de mec\u00e1nica, electr\u00f3nica, inform\u00e1tica y matem\u00e1tica, de manera aplicada. El plazo de inscripci\u00f3n vence el viernes 8 de julio.","og_url":"https:\/\/dev.explora.cl\/ohiggins\/vacaciones-de-invierno-taller-de-robotica-presencial-en-la-uoh\/","og_site_name":"O&#039;Higgins","article_published_time":"2022-07-06T16:25:56+00:00","article_modified_time":"2022-08-09T18:59:55+00:00","og_image":[{"width":1024,"height":683,"url":"https:\/\/dev.explora.cl\/ohiggins\/wp-content\/uploads\/sites\/8\/2022\/07\/0122_RoboticaEducativaBasico_CP__Majo-200-de-259-1024x683.jpg","type":"image\/jpeg"}],"author":"nsalazar","twitter_card":"summary_large_image","twitter_misc":{"Escrito por":"nsalazar","Tiempo estimado de lectura":"2 minutos"},"schema":{"@context":"https:\/\/schema.org","@graph":[{"@type":"Article","@id":"https:\/\/dev.explora.cl\/ohiggins\/vacaciones-de-invierno-taller-de-robotica-presencial-en-la-uoh\/#article","isPartOf":{"@id":"https:\/\/dev.explora.cl\/ohiggins\/vacaciones-de-invierno-taller-de-robotica-presencial-en-la-uoh\/"},"author":{"name":"nsalazar","@id":"https:\/\/dev.explora.cl\/ohiggins\/#\/schema\/person\/3240d62ad2624da9148a475abbc509b0"},"headline":"Vacaciones de Invierno: Taller de Rob\u00f3tica presencial en la UOH","datePublished":"2022-07-06T16:25:56+00:00","dateModified":"2022-08-09T18:59:55+00:00","mainEntityOfPage":{"@id":"https:\/\/dev.explora.cl\/ohiggins\/vacaciones-de-invierno-taller-de-robotica-presencial-en-la-uoh\/"},"wordCount":411,"commentCount":0,"image":{"@id":"https:\/\/dev.explora.cl\/ohiggins\/vacaciones-de-invierno-taller-de-robotica-presencial-en-la-uoh\/#primaryimage"},"thumbnailUrl":"https:\/\/dev.explora.cl\/ohiggins\/wp-content\/uploads\/sites\/8\/2022\/07\/0122_RoboticaEducativaBasico_CP__Majo-200-de-259.jpg","articleSection":["Noticias"],"inLanguage":"es-CL","potentialAction":[{"@type":"CommentAction","name":"Comment","target":["https:\/\/dev.explora.cl\/ohiggins\/vacaciones-de-invierno-taller-de-robotica-presencial-en-la-uoh\/#respond"]}]},{"@type":"WebPage","@id":"https:\/\/dev.explora.cl\/ohiggins\/vacaciones-de-invierno-taller-de-robotica-presencial-en-la-uoh\/","url":"https:\/\/dev.explora.cl\/ohiggins\/vacaciones-de-invierno-taller-de-robotica-presencial-en-la-uoh\/","name":"Vacaciones de Invierno: Taller de Rob\u00f3tica presencial en la UOH - O&#039;Higgins","isPartOf":{"@id":"https:\/\/dev.explora.cl\/ohiggins\/#website"},"primaryImageOfPage":{"@id":"https:\/\/dev.explora.cl\/ohiggins\/vacaciones-de-invierno-taller-de-robotica-presencial-en-la-uoh\/#primaryimage"},"image":{"@id":"https:\/\/dev.explora.cl\/ohiggins\/vacaciones-de-invierno-taller-de-robotica-presencial-en-la-uoh\/#primaryimage"},"thumbnailUrl":"https:\/\/dev.explora.cl\/ohiggins\/wp-content\/uploads\/sites\/8\/2022\/07\/0122_RoboticaEducativaBasico_CP__Majo-200-de-259.jpg","datePublished":"2022-07-06T16:25:56+00:00","dateModified":"2022-08-09T18:59:55+00:00","author":{"@id":"https:\/\/dev.explora.cl\/ohiggins\/#\/schema\/person\/3240d62ad2624da9148a475abbc509b0"},"breadcrumb":{"@id":"https:\/\/dev.explora.cl\/ohiggins\/vacaciones-de-invierno-taller-de-robotica-presencial-en-la-uoh\/#breadcrumb"},"inLanguage":"es-CL","potentialAction":[{"@type":"ReadAction","target":["https:\/\/dev.explora.cl\/ohiggins\/vacaciones-de-invierno-taller-de-robotica-presencial-en-la-uoh\/"]}]},{"@type":"ImageObject","inLanguage":"es-CL","@id":"https:\/\/dev.explora.cl\/ohiggins\/vacaciones-de-invierno-taller-de-robotica-presencial-en-la-uoh\/#primaryimage","url":"https:\/\/dev.explora.cl\/ohiggins\/wp-content\/uploads\/sites\/8\/2022\/07\/0122_RoboticaEducativaBasico_CP__Majo-200-de-259.jpg","contentUrl":"https:\/\/dev.explora.cl\/ohiggins\/wp-content\/uploads\/sites\/8\/2022\/07\/0122_RoboticaEducativaBasico_CP__Majo-200-de-259.jpg","width":5040,"height":3360},{"@type":"BreadcrumbList","@id":"https:\/\/dev.explora.cl\/ohiggins\/vacaciones-de-invierno-taller-de-robotica-presencial-en-la-uoh\/#breadcrumb","itemListElement":[{"@type":"ListItem","position":1,"name":"Portada","item":"https:\/\/dev.explora.cl\/ohiggins\/"},{"@type":"ListItem","position":2,"name":"Vacaciones de Invierno: Taller de Rob\u00f3tica presencial en la UOH"}]},{"@type":"WebSite","@id":"https:\/\/dev.explora.cl\/ohiggins\/#website","url":"https:\/\/dev.explora.cl\/ohiggins\/","name":"O&#039;Higgins","description":"Otro sitio m\u00e1s de dev.explora.cl","potentialAction":[{"@type":"SearchAction","target":{"@type":"EntryPoint","urlTemplate":"https:\/\/dev.explora.cl\/ohiggins\/?s={search_term_string}"},"query-input":{"@type":"PropertyValueSpecification","valueRequired":true,"valueName":"search_term_string"}}],"inLanguage":"es-CL"},{"@type":"Person","@id":"https:\/\/dev.explora.cl\/ohiggins\/#\/schema\/person\/3240d62ad2624da9148a475abbc509b0","name":"nsalazar","image":{"@type":"ImageObject","inLanguage":"es-CL","@id":"https:\/\/dev.explora.cl\/ohiggins\/#\/schema\/person\/image\/","url":"https:\/\/secure.gravatar.com\/avatar\/b8cf276f31998a0865a3b90e4d663d91b97848887282c9f9a56cad57ff01cc7e?s=96&d=mm&r=g","contentUrl":"https:\/\/secure.gravatar.com\/avatar\/b8cf276f31998a0865a3b90e4d663d91b97848887282c9f9a56cad57ff01cc7e?s=96&d=mm&r=g","caption":"nsalazar"},"url":"https:\/\/dev.explora.cl\/ohiggins\/author\/nsalazar\/"}]}},"_links":{"self":[{"href":"https:\/\/dev.explora.cl\/ohiggins\/wp-json\/wp\/v2\/posts\/39189","targetHints":{"allow":["GET"]}}],"collection":[{"href":"https:\/\/dev.explora.cl\/ohiggins\/wp-json\/wp\/v2\/posts"}],"about":[{"href":"https:\/\/dev.explora.cl\/ohiggins\/wp-json\/wp\/v2\/types\/post"}],"author":[{"embeddable":true,"href":"https:\/\/dev.explora.cl\/ohiggins\/wp-json\/wp\/v2\/users\/23"}],"replies":[{"embeddable":true,"href":"https:\/\/dev.explora.cl\/ohiggins\/wp-json\/wp\/v2\/comments?post=39189"}],"version-history":[{"count":1,"href":"https:\/\/dev.explora.cl\/ohiggins\/wp-json\/wp\/v2\/posts\/39189\/revisions"}],"predecessor-version":[{"id":39191,"href":"https:\/\/dev.explora.cl\/ohiggins\/wp-json\/wp\/v2\/posts\/39189\/revisions\/39191"}],"wp:featuredmedia":[{"embeddable":true,"href":"https:\/\/dev.explora.cl\/ohiggins\/wp-json\/wp\/v2\/media\/39190"}],"wp:attachment":[{"href":"https:\/\/dev.explora.cl\/ohiggins\/wp-json\/wp\/v2\/media?parent=39189"}],"wp:term":[{"taxonomy":"category","embeddable":true,"href":"https:\/\/dev.explora.cl\/ohiggins\/wp-json\/wp\/v2\/categories?post=39189"},{"taxonomy":"post_tag","embeddable":true,"href":"https:\/\/dev.explora.cl\/ohiggins\/wp-json\/wp\/v2\/tags?post=39189"}],"curies":[{"name":"wp","href":"https:\/\/api.w.org\/{rel}","templated":true}]}}